{"id":29875,"date":"2024-01-03T23:08:07","date_gmt":"2024-01-03T23:08:07","guid":{"rendered":"https:\/\/www.public.sn\/?p=29875"},"modified":"2024-01-03T23:08:07","modified_gmt":"2024-01-03T23:08:07","slug":"conseil-des-ministres-les-nominations-du-mercredi-3-janvier-2024","status":"publish","type":"post","link":"https:\/\/www.public.sn\/index.php\/2024\/01\/03\/conseil-des-ministres-les-nominations-du-mercredi-3-janvier-2024\/","title":{"rendered":"Conseil des ministres: Les nominations  du mercredi 3 janvier 2024"},"content":{"rendered":"<p class=\"p1\"><span class=\"s1\">Le Pr\u00e9sident de la R\u00e9publique a pris les d\u00e9cisions suivantes :<\/span><\/p><div class=\"publi-paragraphe1\" style=\"margin-top: 10px;margin-bottom: 10px;margin-left: auto;margin-right: auto;text-align: center;\" id=\"publi-2634694091\"><div class=\"publi-adlabel\">Publicit\u00e9<\/div><script async src=\"\/\/pagead2.googlesyndication.com\/pagead\/js\/adsbygoogle.js?client=ca-pub-4089586018074219\" crossorigin=\"anonymous\"><\/script><ins class=\"adsbygoogle\" style=\"display:block;\" data-ad-client=\"ca-pub-4089586018074219\" \ndata-ad-slot=\"2087940154\" \ndata-ad-format=\"auto\"><\/ins>\n<script> \n(adsbygoogle = window.adsbygoogle || []).push({}); \n<\/script>\n<\/div>\n<p class=\"p1\"><span class=\"s1\">Monsieur Cheikh Tacko DIOP, Administrateur des services de sant\u00e9, pr\u00e9c\u00e9demment Directeur du Centre hospitalier national de Fann, est nomm\u00e9 Directeur de l\u2019H\u00f4pital g\u00e9n\u00e9ral Idrissa POUYE de<\/span><\/p>\n<p class=\"p1\"><span class=\"s1\">Grand Yoff, en remplacement de Monsieur Saliou TALL, admis \u00e0 faire valoir ses droits \u00e0 la retraite.<\/span><\/p>\n<p class=\"p1\"><span class=\"s1\">Madame Khadidiatou SARR KEBE, Administrateur des services de sant\u00e9, pr\u00e9c\u00e9demment Directeur du Centre hospitalier r\u00e9gional El Hadji Ibrahima NIASS de Kaolack, est nomm\u00e9e Directeur du Centre hospitalier national de FANN, en remplacement du Monsieur Cheikh Tacko DIOP, appel\u00e9 \u00e0 d\u2019autres fonctions.<\/span><\/p>\n<p class=\"p1\"><span class=\"s1\">Monsieur Ousmane GUEYE, Administrateur des services de sant\u00e9, pr\u00e9c\u00e9demment Directeur de l\u2019Etablissement public de Sant\u00e9 de niveau 2 de Ourossogui, est nomm\u00e9 Directeur du Centre hospitalier r\u00e9gional El hadji Ibrahima NIASS de Kaolack, en remplacement de Madame Khadidiatou SARR KEBE, appel\u00e9e \u00e0 d\u2019autres fonctions.<\/span><\/p>\n<p class=\"p1\"><span class=\"s1\">Monsieur Abdou CISSE, cadre de gestion, pr\u00e9c\u00e9demment Chef du Service administratif et financier du Centre hospitalier national Matlaboul Fawze\u00efni de Touba, est nomm\u00e9 Directeur de l\u2019Etablissement public de Sant\u00e9 de niveau 2 de Ourossogui, en remplacement de Docteur Ousmane GUEYE, appel\u00e9 \u00e0 d\u2019autres fonctions.<\/span><\/p>\n<p class=\"p1\"><span class=\"s1\">Monsieur Abdoulaye KANE, administrateur des services de sant\u00e9, pr\u00e9c\u00e9demment Chef du Service de la P\u00e9diatrie de l\u2019h\u00f4pital de Richard TOLL, est nomm\u00e9 Directeur de l\u2019Institut d\u2019Hygi\u00e8ne sociale (IHS), en remplacement de Monsieur Mamadou Lamine NDIAYE, appel\u00e9 \u00e0 d\u2019autres\u00a0fonctions.<\/span><\/p>\n<div class=\"publi-apres-le-contenu\" style=\"margin-top: 10px;margin-bottom: 10px;margin-left: auto;margin-right: auto;text-align: center;\" id=\"publi-2348057048\"><div class=\"publi-adlabel\">Publicit\u00e9<\/div><script async src=\"\/\/pagead2.googlesyndication.com\/pagead\/js\/adsbygoogle.js?client=ca-pub-4089586018074219\" crossorigin=\"anonymous\"><\/script><ins class=\"adsbygoogle\" style=\"display:block;\" data-ad-client=\"ca-pub-4089586018074219\" \ndata-ad-slot=\"2087940154\" \ndata-ad-format=\"auto\"><\/ins>\n<script> \n(adsbygoogle = window.adsbygoogle || []).push({}); \n<\/script>\n<\/div>","protected":false},"excerpt":{"rendered":"<p>Le Pr\u00e9sident de la R\u00e9publique a pris les d\u00e9cisions suivantes : Monsieur Cheikh Tacko DIOP, Administrateur des services de sant\u00e9, pr\u00e9c\u00e9demment Directeur du Centre hospitalier national de Fann, est nomm\u00e9 Directeur de l\u2019H\u00f4pital g\u00e9n\u00e9ral Idrissa POUYE de Grand Yoff, en remplacement de Monsieur Saliou TALL, admis \u00e0 faire valoir ses droits \u00e0 la retraite. Madame Khadidiatou SARR KEBE, Administrateur des services de sant\u00e9, pr\u00e9c\u00e9demment Directeur du Centre hospitalier r\u00e9gional El Hadji Ibrahima NIASS de Kaolack, est nomm\u00e9e Directeur du Centre hospitalier national de FANN, en remplacement du Monsieur Cheikh Tacko DIOP, appel\u00e9 \u00e0 d\u2019autres fonctions. Monsieur Ousmane GUEYE, Administrateur des services de sant\u00e9, pr\u00e9c\u00e9demment Directeur de l\u2019Etablissement public de Sant\u00e9 de niveau 2 de Ourossogui, est nomm\u00e9 Directeur du Centre hospitalier r\u00e9gional El hadji Ibrahima NIASS de Kaolack, en remplacement de Madame Khadidiatou SARR KEBE, appel\u00e9e \u00e0 d\u2019autres fonctions. Monsieur Abdou CISSE, cadre de gestion, pr\u00e9c\u00e9demment Chef du Service administratif et financier du Centre hospitalier national Matlaboul Fawze\u00efni de Touba, est nomm\u00e9 Directeur de l\u2019Etablissement public de Sant\u00e9 de niveau 2 de Ourossogui, en remplacement de Docteur Ousmane GUEYE, appel\u00e9 \u00e0 d\u2019autres fonctions. Monsieur Abdoulaye KANE, administrateur des services de sant\u00e9, pr\u00e9c\u00e9demment Chef du Service de la P\u00e9diatrie de l\u2019h\u00f4pital de Richard TOLL, est nomm\u00e9 Directeur de l\u2019Institut d\u2019Hygi\u00e8ne sociale (IHS), en remplacement de Monsieur Mamadou Lamine NDIAYE, appel\u00e9 \u00e0 d\u2019autres\u00a0fonctions.<\/p>\n","protected":false},"author":11,"featured_media":17472,"comment_status":"open","ping_status":"open","sticky":false,"template":"","format":"standard","meta":{"_jetpack_memberships_contains_paid_content":false,"footnotes":""},"categories":[375,3,1,372],"tags":[1063,1158],"class_list":["post-29875","post","type-post","status-publish","format-standard","has-post-thumbnail","hentry","category-actualites","category-politique","category-non-classe","category-vedette","tag-conseil-des-ministres","tag-politique","entry","has-media","owp-thumbs-layout-horizontal","owp-btn-normal","owp-tabs-layout-horizontal","has-no-thumbnails","has-product-nav"],"yoast_head":"<!-- This site is optimized with the Yoast SEO plugin v25.5 - https:\/\/yoast.com\/wordpress\/plugins\/seo\/ -->\n<title>Conseil des ministres: Les nominations du mercredi 3 janvier 2024 - LE PUBLIC<\/title>\n<meta name=\"robots\" content=\"index, follow, max-snippet:-1, max-image-preview:large, max-video-preview:-1\" \/>\n<link rel=\"canonical\" href=\"https:\/\/www.public.sn\/index.php\/2024\/01\/03\/conseil-des-ministres-les-nominations-du-mercredi-3-janvier-2024\/\" \/>\n<meta property=\"og:locale\" content=\"fr_FR\" \/>\n<meta property=\"og:type\" content=\"article\" \/>\n<meta property=\"og:title\" content=\"Conseil des ministres: Les nominations du mercredi 3 janvier 2024 - LE PUBLIC\" \/>\n<meta property=\"og:description\" content=\"Le Pr\u00e9sident de la R\u00e9publique a pris les d\u00e9cisions suivantes : Monsieur Cheikh Tacko DIOP, Administrateur des services de sant\u00e9, pr\u00e9c\u00e9demment Directeur du Centre hospitalier national de Fann, est nomm\u00e9 Directeur de l\u2019H\u00f4pital g\u00e9n\u00e9ral Idrissa POUYE de Grand Yoff, en remplacement de Monsieur Saliou TALL, admis \u00e0 faire valoir ses droits \u00e0 la retraite. Madame Khadidiatou SARR KEBE, Administrateur des services de sant\u00e9, pr\u00e9c\u00e9demment Directeur du Centre hospitalier r\u00e9gional El Hadji Ibrahima NIASS de Kaolack, est nomm\u00e9e Directeur du Centre hospitalier national de FANN, en remplacement du Monsieur Cheikh Tacko DIOP, appel\u00e9 \u00e0 d\u2019autres fonctions. Monsieur Ousmane GUEYE, Administrateur des services de sant\u00e9, pr\u00e9c\u00e9demment Directeur de l\u2019Etablissement public de Sant\u00e9 de niveau 2 de Ourossogui, est nomm\u00e9 Directeur du Centre hospitalier r\u00e9gional El hadji Ibrahima NIASS de Kaolack, en remplacement de Madame Khadidiatou SARR KEBE, appel\u00e9e \u00e0 d\u2019autres fonctions. Monsieur Abdou CISSE, cadre de gestion, pr\u00e9c\u00e9demment Chef du Service administratif et financier du Centre hospitalier national Matlaboul Fawze\u00efni de Touba, est nomm\u00e9 Directeur de l\u2019Etablissement public de Sant\u00e9 de niveau 2 de Ourossogui, en remplacement de Docteur Ousmane GUEYE, appel\u00e9 \u00e0 d\u2019autres fonctions. Monsieur Abdoulaye KANE, administrateur des services de sant\u00e9, pr\u00e9c\u00e9demment Chef du Service de la P\u00e9diatrie de l\u2019h\u00f4pital de Richard TOLL, est nomm\u00e9 Directeur de l\u2019Institut d\u2019Hygi\u00e8ne sociale (IHS), en remplacement de Monsieur Mamadou Lamine NDIAYE, appel\u00e9 \u00e0 d\u2019autres\u00a0fonctions.\" \/>\n<meta property=\"og:url\" content=\"https:\/\/www.public.sn\/index.php\/2024\/01\/03\/conseil-des-ministres-les-nominations-du-mercredi-3-janvier-2024\/\" \/>\n<meta property=\"og:site_name\" content=\"LE PUBLIC\" \/>\n<meta property=\"article:published_time\" content=\"2024-01-03T23:08:07+00:00\" \/>\n<meta property=\"og:image\" content=\"https:\/\/www.public.sn\/wp-content\/uploads\/2023\/03\/macky-sall-1.jpg\" \/>\n\t<meta property=\"og:image:width\" content=\"600\" \/>\n\t<meta property=\"og:image:height\" content=\"344\" \/>\n\t<meta property=\"og:image:type\" content=\"image\/jpeg\" \/>\n<meta name=\"author\" content=\"La r\u00e9daction\" \/>\n<meta name=\"twitter:card\" content=\"summary_large_image\" \/>\n<meta name=\"twitter:label1\" content=\"\u00c9crit par\" \/>\n\t<meta name=\"twitter:data1\" content=\"La r\u00e9daction\" \/>\n\t<meta name=\"twitter:label2\" content=\"Dur\u00e9e de lecture estim\u00e9e\" \/>\n\t<meta name=\"twitter:data2\" content=\"2 minutes\" \/>\n<script type=\"application\/ld+json\" class=\"yoast-schema-graph\">{\"@context\":\"https:\/\/schema.org\",\"@graph\":[{\"@type\":\"Article\",\"@id\":\"https:\/\/www.public.sn\/index.php\/2024\/01\/03\/conseil-des-ministres-les-nominations-du-mercredi-3-janvier-2024\/#article\",\"isPartOf\":{\"@id\":\"https:\/\/www.public.sn\/index.php\/2024\/01\/03\/conseil-des-ministres-les-nominations-du-mercredi-3-janvier-2024\/\"},\"author\":{\"name\":\"La r\u00e9daction\",\"@id\":\"https:\/\/www.public.sn\/#\/schema\/person\/5086727f06c51ee778d9e7e989dacb7b\"},\"headline\":\"Conseil des ministres: Les nominations du mercredi 3 janvier 2024\",\"datePublished\":\"2024-01-03T23:08:07+00:00\",\"mainEntityOfPage\":{\"@id\":\"https:\/\/www.public.sn\/index.php\/2024\/01\/03\/conseil-des-ministres-les-nominations-du-mercredi-3-janvier-2024\/\"},\"wordCount\":255,\"commentCount\":0,\"publisher\":{\"@id\":\"https:\/\/www.public.sn\/#organization\"},\"image\":{\"@id\":\"https:\/\/www.public.sn\/index.php\/2024\/01\/03\/conseil-des-ministres-les-nominations-du-mercredi-3-janvier-2024\/#primaryimage\"},\"thumbnailUrl\":\"https:\/\/www.public.sn\/wp-content\/uploads\/2023\/03\/macky-sall-1.jpg\",\"keywords\":[\"conseil des ministres\",\"politique\"],\"articleSection\":[\"ACTUALIT\u00c9S\",\"POLITIQUE\",\"S\u00c9N\u00c9GAL\",\"VEDETTE\"],\"inLanguage\":\"fr-FR\",\"potentialAction\":[{\"@type\":\"CommentAction\",\"name\":\"Comment\",\"target\":[\"https:\/\/www.public.sn\/index.php\/2024\/01\/03\/conseil-des-ministres-les-nominations-du-mercredi-3-janvier-2024\/#respond\"]}]},{\"@type\":\"WebPage\",\"@id\":\"https:\/\/www.public.sn\/index.php\/2024\/01\/03\/conseil-des-ministres-les-nominations-du-mercredi-3-janvier-2024\/\",\"url\":\"https:\/\/www.public.sn\/index.php\/2024\/01\/03\/conseil-des-ministres-les-nominations-du-mercredi-3-janvier-2024\/\",\"name\":\"Conseil des ministres: Les nominations du mercredi 3 janvier 2024 - LE PUBLIC\",\"isPartOf\":{\"@id\":\"https:\/\/www.public.sn\/#website\"},\"primaryImageOfPage\":{\"@id\":\"https:\/\/www.public.sn\/index.php\/2024\/01\/03\/conseil-des-ministres-les-nominations-du-mercredi-3-janvier-2024\/#primaryimage\"},\"image\":{\"@id\":\"https:\/\/www.public.sn\/index.php\/2024\/01\/03\/conseil-des-ministres-les-nominations-du-mercredi-3-janvier-2024\/#primaryimage\"},\"thumbnailUrl\":\"https:\/\/www.public.sn\/wp-content\/uploads\/2023\/03\/macky-sall-1.jpg\",\"datePublished\":\"2024-01-03T23:08:07+00:00\",\"breadcrumb\":{\"@id\":\"https:\/\/www.public.sn\/index.php\/2024\/01\/03\/conseil-des-ministres-les-nominations-du-mercredi-3-janvier-2024\/#breadcrumb\"},\"inLanguage\":\"fr-FR\",\"potentialAction\":[{\"@type\":\"ReadAction\",\"target\":[\"https:\/\/www.public.sn\/index.php\/2024\/01\/03\/conseil-des-ministres-les-nominations-du-mercredi-3-janvier-2024\/\"]}]},{\"@type\":\"ImageObject\",\"inLanguage\":\"fr-FR\",\"@id\":\"https:\/\/www.public.sn\/index.php\/2024\/01\/03\/conseil-des-ministres-les-nominations-du-mercredi-3-janvier-2024\/#primaryimage\",\"url\":\"https:\/\/www.public.sn\/wp-content\/uploads\/2023\/03\/macky-sall-1.jpg\",\"contentUrl\":\"https:\/\/www.public.sn\/wp-content\/uploads\/2023\/03\/macky-sall-1.jpg\",\"width\":600,\"height\":344},{\"@type\":\"BreadcrumbList\",\"@id\":\"https:\/\/www.public.sn\/index.php\/2024\/01\/03\/conseil-des-ministres-les-nominations-du-mercredi-3-janvier-2024\/#breadcrumb\",\"itemListElement\":[{\"@type\":\"ListItem\",\"position\":1,\"name\":\"Accueil\",\"item\":\"https:\/\/www.public.sn\/\"},{\"@type\":\"ListItem\",\"position\":2,\"name\":\"Conseil des ministres: Les nominations du mercredi 3 janvier 2024\"}]},{\"@type\":\"WebSite\",\"@id\":\"https:\/\/www.public.sn\/#website\",\"url\":\"https:\/\/www.public.sn\/\",\"name\":\"LE PUBLIC\",\"description\":\"\",\"publisher\":{\"@id\":\"https:\/\/www.public.sn\/#organization\"},\"potentialAction\":[{\"@type\":\"SearchAction\",\"target\":{\"@type\":\"EntryPoint\",\"urlTemplate\":\"https:\/\/www.public.sn\/?s={search_term_string}\"},\"query-input\":{\"@type\":\"PropertyValueSpecification\",\"valueRequired\":true,\"valueName\":\"search_term_string\"}}],\"inLanguage\":\"fr-FR\"},{\"@type\":\"Organization\",\"@id\":\"https:\/\/www.public.sn\/#organization\",\"name\":\"LE PUBLIC\",\"url\":\"https:\/\/www.public.sn\/\",\"logo\":{\"@type\":\"ImageObject\",\"inLanguage\":\"fr-FR\",\"@id\":\"https:\/\/www.public.sn\/#\/schema\/logo\/image\/\",\"url\":\"https:\/\/www.public.sn\/wp-content\/uploads\/2024\/05\/cropped-LOGO-PUBLIC.SN_.png\",\"contentUrl\":\"https:\/\/www.public.sn\/wp-content\/uploads\/2024\/05\/cropped-LOGO-PUBLIC.SN_.png\",\"width\":682,\"height\":192,\"caption\":\"LE PUBLIC\"},\"image\":{\"@id\":\"https:\/\/www.public.sn\/#\/schema\/logo\/image\/\"}},{\"@type\":\"Person\",\"@id\":\"https:\/\/www.public.sn\/#\/schema\/person\/5086727f06c51ee778d9e7e989dacb7b\",\"name\":\"La r\u00e9daction\",\"image\":{\"@type\":\"ImageObject\",\"inLanguage\":\"fr-FR\",\"@id\":\"https:\/\/www.public.sn\/#\/schema\/person\/image\/\",\"url\":\"https:\/\/secure.gravatar.com\/avatar\/bb7c7d168f37a1cd4f026b2a862f31e02dd8083f30f9becd26477826b6004b92?s=96&d=mm&r=g\",\"contentUrl\":\"https:\/\/secure.gravatar.com\/avatar\/bb7c7d168f37a1cd4f026b2a862f31e02dd8083f30f9becd26477826b6004b92?s=96&d=mm&r=g\",\"caption\":\"La r\u00e9daction\"},\"url\":\"https:\/\/www.public.sn\/index.php\/author\/falilpubg\/\"}]}<\/script>\n<!-- \/ Yoast SEO plugin. -->","yoast_head_json":{"title":"Conseil des ministres: Les nominations du mercredi 3 janvier 2024 - LE PUBLIC","robots":{"index":"index","follow":"follow","max-snippet":"max-snippet:-1","max-image-preview":"max-image-preview:large","max-video-preview":"max-video-preview:-1"},"canonical":"https:\/\/www.public.sn\/index.php\/2024\/01\/03\/conseil-des-ministres-les-nominations-du-mercredi-3-janvier-2024\/","og_locale":"fr_FR","og_type":"article","og_title":"Conseil des ministres: Les nominations du mercredi 3 janvier 2024 - LE PUBLIC","og_description":"Le Pr\u00e9sident de la R\u00e9publique a pris les d\u00e9cisions suivantes : Monsieur Cheikh Tacko DIOP, Administrateur des services de sant\u00e9, pr\u00e9c\u00e9demment Directeur du Centre hospitalier national de Fann, est nomm\u00e9 Directeur de l\u2019H\u00f4pital g\u00e9n\u00e9ral Idrissa POUYE de Grand Yoff, en remplacement de Monsieur Saliou TALL, admis \u00e0 faire valoir ses droits \u00e0 la retraite. Madame Khadidiatou SARR KEBE, Administrateur des services de sant\u00e9, pr\u00e9c\u00e9demment Directeur du Centre hospitalier r\u00e9gional El Hadji Ibrahima NIASS de Kaolack, est nomm\u00e9e Directeur du Centre hospitalier national de FANN, en remplacement du Monsieur Cheikh Tacko DIOP, appel\u00e9 \u00e0 d\u2019autres fonctions. Monsieur Ousmane GUEYE, Administrateur des services de sant\u00e9, pr\u00e9c\u00e9demment Directeur de l\u2019Etablissement public de Sant\u00e9 de niveau 2 de Ourossogui, est nomm\u00e9 Directeur du Centre hospitalier r\u00e9gional El hadji Ibrahima NIASS de Kaolack, en remplacement de Madame Khadidiatou SARR KEBE, appel\u00e9e \u00e0 d\u2019autres fonctions. Monsieur Abdou CISSE, cadre de gestion, pr\u00e9c\u00e9demment Chef du Service administratif et financier du Centre hospitalier national Matlaboul Fawze\u00efni de Touba, est nomm\u00e9 Directeur de l\u2019Etablissement public de Sant\u00e9 de niveau 2 de Ourossogui, en remplacement de Docteur Ousmane GUEYE, appel\u00e9 \u00e0 d\u2019autres fonctions. Monsieur Abdoulaye KANE, administrateur des services de sant\u00e9, pr\u00e9c\u00e9demment Chef du Service de la P\u00e9diatrie de l\u2019h\u00f4pital de Richard TOLL, est nomm\u00e9 Directeur de l\u2019Institut d\u2019Hygi\u00e8ne sociale (IHS), en remplacement de Monsieur Mamadou Lamine NDIAYE, appel\u00e9 \u00e0 d\u2019autres\u00a0fonctions.","og_url":"https:\/\/www.public.sn\/index.php\/2024\/01\/03\/conseil-des-ministres-les-nominations-du-mercredi-3-janvier-2024\/","og_site_name":"LE PUBLIC","article_published_time":"2024-01-03T23:08:07+00:00","og_image":[{"width":600,"height":344,"url":"https:\/\/www.public.sn\/wp-content\/uploads\/2023\/03\/macky-sall-1.jpg","type":"image\/jpeg"}],"author":"La r\u00e9daction","twitter_card":"summary_large_image","twitter_misc":{"\u00c9crit par":"La r\u00e9daction","Dur\u00e9e de lecture estim\u00e9e":"2 minutes"},"schema":{"@context":"https:\/\/schema.org","@graph":[{"@type":"Article","@id":"https:\/\/www.public.sn\/index.php\/2024\/01\/03\/conseil-des-ministres-les-nominations-du-mercredi-3-janvier-2024\/#article","isPartOf":{"@id":"https:\/\/www.public.sn\/index.php\/2024\/01\/03\/conseil-des-ministres-les-nominations-du-mercredi-3-janvier-2024\/"},"author":{"name":"La r\u00e9daction","@id":"https:\/\/www.public.sn\/#\/schema\/person\/5086727f06c51ee778d9e7e989dacb7b"},"headline":"Conseil des ministres: Les nominations du mercredi 3 janvier 2024","datePublished":"2024-01-03T23:08:07+00:00","mainEntityOfPage":{"@id":"https:\/\/www.public.sn\/index.php\/2024\/01\/03\/conseil-des-ministres-les-nominations-du-mercredi-3-janvier-2024\/"},"wordCount":255,"commentCount":0,"publisher":{"@id":"https:\/\/www.public.sn\/#organization"},"image":{"@id":"https:\/\/www.public.sn\/index.php\/2024\/01\/03\/conseil-des-ministres-les-nominations-du-mercredi-3-janvier-2024\/#primaryimage"},"thumbnailUrl":"https:\/\/www.public.sn\/wp-content\/uploads\/2023\/03\/macky-sall-1.jpg","keywords":["conseil des ministres","politique"],"articleSection":["ACTUALIT\u00c9S","POLITIQUE","S\u00c9N\u00c9GAL","VEDETTE"],"inLanguage":"fr-FR","potentialAction":[{"@type":"CommentAction","name":"Comment","target":["https:\/\/www.public.sn\/index.php\/2024\/01\/03\/conseil-des-ministres-les-nominations-du-mercredi-3-janvier-2024\/#respond"]}]},{"@type":"WebPage","@id":"https:\/\/www.public.sn\/index.php\/2024\/01\/03\/conseil-des-ministres-les-nominations-du-mercredi-3-janvier-2024\/","url":"https:\/\/www.public.sn\/index.php\/2024\/01\/03\/conseil-des-ministres-les-nominations-du-mercredi-3-janvier-2024\/","name":"Conseil des ministres: Les nominations du mercredi 3 janvier 2024 - LE PUBLIC","isPartOf":{"@id":"https:\/\/www.public.sn\/#website"},"primaryImageOfPage":{"@id":"https:\/\/www.public.sn\/index.php\/2024\/01\/03\/conseil-des-ministres-les-nominations-du-mercredi-3-janvier-2024\/#primaryimage"},"image":{"@id":"https:\/\/www.public.sn\/index.php\/2024\/01\/03\/conseil-des-ministres-les-nominations-du-mercredi-3-janvier-2024\/#primaryimage"},"thumbnailUrl":"https:\/\/www.public.sn\/wp-content\/uploads\/2023\/03\/macky-sall-1.jpg","datePublished":"2024-01-03T23:08:07+00:00","breadcrumb":{"@id":"https:\/\/www.public.sn\/index.php\/2024\/01\/03\/conseil-des-ministres-les-nominations-du-mercredi-3-janvier-2024\/#breadcrumb"},"inLanguage":"fr-FR","potentialAction":[{"@type":"ReadAction","target":["https:\/\/www.public.sn\/index.php\/2024\/01\/03\/conseil-des-ministres-les-nominations-du-mercredi-3-janvier-2024\/"]}]},{"@type":"ImageObject","inLanguage":"fr-FR","@id":"https:\/\/www.public.sn\/index.php\/2024\/01\/03\/conseil-des-ministres-les-nominations-du-mercredi-3-janvier-2024\/#primaryimage","url":"https:\/\/www.public.sn\/wp-content\/uploads\/2023\/03\/macky-sall-1.jpg","contentUrl":"https:\/\/www.public.sn\/wp-content\/uploads\/2023\/03\/macky-sall-1.jpg","width":600,"height":344},{"@type":"BreadcrumbList","@id":"https:\/\/www.public.sn\/index.php\/2024\/01\/03\/conseil-des-ministres-les-nominations-du-mercredi-3-janvier-2024\/#breadcrumb","itemListElement":[{"@type":"ListItem","position":1,"name":"Accueil","item":"https:\/\/www.public.sn\/"},{"@type":"ListItem","position":2,"name":"Conseil des ministres: Les nominations du mercredi 3 janvier 2024"}]},{"@type":"WebSite","@id":"https:\/\/www.public.sn\/#website","url":"https:\/\/www.public.sn\/","name":"LE PUBLIC","description":"","publisher":{"@id":"https:\/\/www.public.sn\/#organization"},"potentialAction":[{"@type":"SearchAction","target":{"@type":"EntryPoint","urlTemplate":"https:\/\/www.public.sn\/?s={search_term_string}"},"query-input":{"@type":"PropertyValueSpecification","valueRequired":true,"valueName":"search_term_string"}}],"inLanguage":"fr-FR"},{"@type":"Organization","@id":"https:\/\/www.public.sn\/#organization","name":"LE PUBLIC","url":"https:\/\/www.public.sn\/","logo":{"@type":"ImageObject","inLanguage":"fr-FR","@id":"https:\/\/www.public.sn\/#\/schema\/logo\/image\/","url":"https:\/\/www.public.sn\/wp-content\/uploads\/2024\/05\/cropped-LOGO-PUBLIC.SN_.png","contentUrl":"https:\/\/www.public.sn\/wp-content\/uploads\/2024\/05\/cropped-LOGO-PUBLIC.SN_.png","width":682,"height":192,"caption":"LE PUBLIC"},"image":{"@id":"https:\/\/www.public.sn\/#\/schema\/logo\/image\/"}},{"@type":"Person","@id":"https:\/\/www.public.sn\/#\/schema\/person\/5086727f06c51ee778d9e7e989dacb7b","name":"La r\u00e9daction","image":{"@type":"ImageObject","inLanguage":"fr-FR","@id":"https:\/\/www.public.sn\/#\/schema\/person\/image\/","url":"https:\/\/secure.gravatar.com\/avatar\/bb7c7d168f37a1cd4f026b2a862f31e02dd8083f30f9becd26477826b6004b92?s=96&d=mm&r=g","contentUrl":"https:\/\/secure.gravatar.com\/avatar\/bb7c7d168f37a1cd4f026b2a862f31e02dd8083f30f9becd26477826b6004b92?s=96&d=mm&r=g","caption":"La r\u00e9daction"},"url":"https:\/\/www.public.sn\/index.php\/author\/falilpubg\/"}]}},"jetpack_featured_media_url":"https:\/\/www.public.sn\/wp-content\/uploads\/2023\/03\/macky-sall-1.jpg","jetpack_sharing_enabled":true,"_links":{"self":[{"href":"https:\/\/www.public.sn\/index.php\/wp-json\/wp\/v2\/posts\/29875","targetHints":{"allow":["GET"]}}],"collection":[{"href":"https:\/\/www.public.sn\/index.php\/wp-json\/wp\/v2\/posts"}],"about":[{"href":"https:\/\/www.public.sn\/index.php\/wp-json\/wp\/v2\/types\/post"}],"author":[{"embeddable":true,"href":"https:\/\/www.public.sn\/index.php\/wp-json\/wp\/v2\/users\/11"}],"replies":[{"embeddable":true,"href":"https:\/\/www.public.sn\/index.php\/wp-json\/wp\/v2\/comments?post=29875"}],"version-history":[{"count":1,"href":"https:\/\/www.public.sn\/index.php\/wp-json\/wp\/v2\/posts\/29875\/revisions"}],"predecessor-version":[{"id":29876,"href":"https:\/\/www.public.sn\/index.php\/wp-json\/wp\/v2\/posts\/29875\/revisions\/29876"}],"wp:featuredmedia":[{"embeddable":true,"href":"https:\/\/www.public.sn\/index.php\/wp-json\/wp\/v2\/media\/17472"}],"wp:attachment":[{"href":"https:\/\/www.public.sn\/index.php\/wp-json\/wp\/v2\/media?parent=29875"}],"wp:term":[{"taxonomy":"category","embeddable":true,"href":"https:\/\/www.public.sn\/index.php\/wp-json\/wp\/v2\/categories?post=29875"},{"taxonomy":"post_tag","embeddable":true,"href":"https:\/\/www.public.sn\/index.php\/wp-json\/wp\/v2\/tags?post=29875"}],"curies":[{"name":"wp","href":"https:\/\/api.w.org\/{rel}","templated":true}]}}