{"id":29905,"date":"2024-01-04T18:06:57","date_gmt":"2024-01-04T18:06:57","guid":{"rendered":"https:\/\/www.public.sn\/?p=29905"},"modified":"2024-01-04T18:36:13","modified_gmt":"2024-01-04T18:36:13","slug":"politique-mamoudou-ibra-kane-quitte-f24-et-rejoint-amadou-ba","status":"publish","type":"post","link":"https:\/\/www.public.sn\/index.php\/2024\/01\/04\/politique-mamoudou-ibra-kane-quitte-f24-et-rejoint-amadou-ba\/","title":{"rendered":"Politique: Mamoudou Ibra Kane quitte F24 et rejoint Amadou Ba"},"content":{"rendered":"<p class=\"p1\"><span class=\"s1\">Le pr\u00e9sident du Mouvement citoyen Demain C\u2019est Maintenant Mamoudou Ibra Kane quitte la plateforme F24 de l\u2019opposition et rejoint Amadou Ba. Le journaliste a fait l\u2019annonce dans un communiqu\u00e9.<\/span><\/p><div class=\"publi-paragraphe1\" style=\"margin-top: 10px;margin-bottom: 10px;margin-left: auto;margin-right: auto;text-align: center;\" id=\"publi-1802518733\"><div class=\"publi-adlabel\">Publicit\u00e9<\/div><script async src=\"\/\/pagead2.googlesyndication.com\/pagead\/js\/adsbygoogle.js?client=ca-pub-4089586018074219\" crossorigin=\"anonymous\"><\/script><ins class=\"adsbygoogle\" style=\"display:block;\" data-ad-client=\"ca-pub-4089586018074219\" \ndata-ad-slot=\"2087940154\" \ndata-ad-format=\"auto\"><\/ins>\n<script> \n(adsbygoogle = window.adsbygoogle || []).push({}); \n<\/script>\n<\/div>\n<p class=\"p1\"><span class=\"s1\">\u00ab\u00a0Le Mouvement Demain C\u2019est Maintenant dont je suis le leader vient de prendre la d\u00e9cision de soutenir la candidature de Monsieur Amadou Ba dans le cadre d&rsquo;une alliance en vue de l&rsquo;\u00e9lection pr\u00e9sidentielle du 25 f\u00e9vrier 2024\u00a0\u00bb, lit-on dans un communiqu\u00e9. <\/span><\/p>\n<p class=\"p1\">\u00a0Ajoutant, il prend ses distances avec le F24:\u00ab Notre adh\u00e9sion au F24 nous a donn\u00e9 l&rsquo;heureuse occasion d&rsquo;\u00e9changer avec des hommes et des femmes p\u00e9tris de qualit\u00e9s et tr\u00e8s patriotes. D\u00e8s cet instant, avec votre permission, je me vois oblig\u00e9 de me retirer des diff\u00e9rents groupes WhatsApp \u00bb.<\/p>\n<div class=\"publi-apres-le-contenu\" style=\"margin-top: 10px;margin-bottom: 10px;margin-left: auto;margin-right: auto;text-align: center;\" id=\"publi-3959266387\"><div class=\"publi-adlabel\">Publicit\u00e9<\/div><script async src=\"\/\/pagead2.googlesyndication.com\/pagead\/js\/adsbygoogle.js?client=ca-pub-4089586018074219\" crossorigin=\"anonymous\"><\/script><ins class=\"adsbygoogle\" style=\"display:block;\" data-ad-client=\"ca-pub-4089586018074219\" \ndata-ad-slot=\"2087940154\" \ndata-ad-format=\"auto\"><\/ins>\n<script> \n(adsbygoogle = window.adsbygoogle || []).push({}); \n<\/script>\n<\/div>","protected":false},"excerpt":{"rendered":"<p>Le pr\u00e9sident du Mouvement citoyen Demain C\u2019est Maintenant Mamoudou Ibra Kane quitte la plateforme F24 de l\u2019opposition et rejoint Amadou Ba. Le journaliste a fait l\u2019annonce dans un communiqu\u00e9. \u00ab\u00a0Le Mouvement Demain C\u2019est Maintenant dont je suis le leader vient de prendre la d\u00e9cision de soutenir la candidature de Monsieur Amadou Ba dans le cadre d&rsquo;une alliance en vue de l&rsquo;\u00e9lection pr\u00e9sidentielle du 25 f\u00e9vrier 2024\u00a0\u00bb, lit-on dans un communiqu\u00e9. \u00a0Ajoutant, il prend ses distances avec le F24:\u00ab Notre adh\u00e9sion au F24 nous a donn\u00e9 l&rsquo;heureuse occasion d&rsquo;\u00e9changer avec des hommes et des femmes p\u00e9tris de qualit\u00e9s et tr\u00e8s patriotes. D\u00e8s cet instant, avec votre permission, je me vois oblig\u00e9 de me retirer des diff\u00e9rents groupes WhatsApp \u00bb.<\/p>\n","protected":false},"author":11,"featured_media":24400,"comment_status":"open","ping_status":"open","sticky":false,"template":"","format":"standard","meta":{"_jetpack_memberships_contains_paid_content":false,"footnotes":""},"categories":[375,3,1],"tags":[1158],"class_list":["post-29905","post","type-post","status-publish","format-standard","has-post-thumbnail","hentry","category-actualites","category-politique","category-non-classe","tag-politique","entry","has-media","owp-thumbs-layout-horizontal","owp-btn-normal","owp-tabs-layout-horizontal","has-no-thumbnails","has-product-nav"],"yoast_head":"<!-- This site is optimized with the Yoast SEO plugin v25.5 - https:\/\/yoast.com\/wordpress\/plugins\/seo\/ -->\n<title>Politique: Mamoudou Ibra Kane quitte F24 et rejoint Amadou Ba - LE PUBLIC<\/title>\n<meta name=\"robots\" content=\"index, follow, max-snippet:-1, max-image-preview:large, max-video-preview:-1\" \/>\n<link rel=\"canonical\" href=\"https:\/\/www.public.sn\/index.php\/2024\/01\/04\/politique-mamoudou-ibra-kane-quitte-f24-et-rejoint-amadou-ba\/\" \/>\n<meta property=\"og:locale\" content=\"fr_FR\" \/>\n<meta property=\"og:type\" content=\"article\" \/>\n<meta property=\"og:title\" content=\"Politique: Mamoudou Ibra Kane quitte F24 et rejoint Amadou Ba - LE PUBLIC\" \/>\n<meta property=\"og:description\" content=\"Le pr\u00e9sident du Mouvement citoyen Demain C\u2019est Maintenant Mamoudou Ibra Kane quitte la plateforme F24 de l\u2019opposition et rejoint Amadou Ba. Le journaliste a fait l\u2019annonce dans un communiqu\u00e9. \u00ab\u00a0Le Mouvement Demain C\u2019est Maintenant dont je suis le leader vient de prendre la d\u00e9cision de soutenir la candidature de Monsieur Amadou Ba dans le cadre d&rsquo;une alliance en vue de l&rsquo;\u00e9lection pr\u00e9sidentielle du 25 f\u00e9vrier 2024\u00a0\u00bb, lit-on dans un communiqu\u00e9. \u00a0Ajoutant, il prend ses distances avec le F24:\u00ab Notre adh\u00e9sion au F24 nous a donn\u00e9 l&rsquo;heureuse occasion d&rsquo;\u00e9changer avec des hommes et des femmes p\u00e9tris de qualit\u00e9s et tr\u00e8s patriotes. D\u00e8s cet instant, avec votre permission, je me vois oblig\u00e9 de me retirer des diff\u00e9rents groupes WhatsApp \u00bb.\" \/>\n<meta property=\"og:url\" content=\"https:\/\/www.public.sn\/index.php\/2024\/01\/04\/politique-mamoudou-ibra-kane-quitte-f24-et-rejoint-amadou-ba\/\" \/>\n<meta property=\"og:site_name\" content=\"LE PUBLIC\" \/>\n<meta property=\"article:published_time\" content=\"2024-01-04T18:06:57+00:00\" \/>\n<meta property=\"article:modified_time\" content=\"2024-01-04T18:36:13+00:00\" \/>\n<meta property=\"og:image\" content=\"https:\/\/www.public.sn\/wp-content\/uploads\/2023\/07\/mamoudou_1350.png\" \/>\n\t<meta property=\"og:image:width\" content=\"1446\" \/>\n\t<meta property=\"og:image:height\" content=\"828\" \/>\n\t<meta property=\"og:image:type\" content=\"image\/png\" \/>\n<meta name=\"author\" content=\"La r\u00e9daction\" \/>\n<meta name=\"twitter:card\" content=\"summary_large_image\" \/>\n<meta name=\"twitter:label1\" content=\"\u00c9crit par\" \/>\n\t<meta name=\"twitter:data1\" content=\"La r\u00e9daction\" \/>\n\t<meta name=\"twitter:label2\" content=\"Dur\u00e9e de lecture estim\u00e9e\" \/>\n\t<meta name=\"twitter:data2\" content=\"1 minute\" \/>\n<script type=\"application\/ld+json\" class=\"yoast-schema-graph\">{\"@context\":\"https:\/\/schema.org\",\"@graph\":[{\"@type\":\"Article\",\"@id\":\"https:\/\/www.public.sn\/index.php\/2024\/01\/04\/politique-mamoudou-ibra-kane-quitte-f24-et-rejoint-amadou-ba\/#article\",\"isPartOf\":{\"@id\":\"https:\/\/www.public.sn\/index.php\/2024\/01\/04\/politique-mamoudou-ibra-kane-quitte-f24-et-rejoint-amadou-ba\/\"},\"author\":{\"name\":\"La r\u00e9daction\",\"@id\":\"https:\/\/www.public.sn\/#\/schema\/person\/5086727f06c51ee778d9e7e989dacb7b\"},\"headline\":\"Politique: Mamoudou Ibra Kane quitte F24 et rejoint Amadou Ba\",\"datePublished\":\"2024-01-04T18:06:57+00:00\",\"dateModified\":\"2024-01-04T18:36:13+00:00\",\"mainEntityOfPage\":{\"@id\":\"https:\/\/www.public.sn\/index.php\/2024\/01\/04\/politique-mamoudou-ibra-kane-quitte-f24-et-rejoint-amadou-ba\/\"},\"wordCount\":141,\"commentCount\":0,\"publisher\":{\"@id\":\"https:\/\/www.public.sn\/#organization\"},\"image\":{\"@id\":\"https:\/\/www.public.sn\/index.php\/2024\/01\/04\/politique-mamoudou-ibra-kane-quitte-f24-et-rejoint-amadou-ba\/#primaryimage\"},\"thumbnailUrl\":\"https:\/\/www.public.sn\/wp-content\/uploads\/2023\/07\/mamoudou_1350.png\",\"keywords\":[\"politique\"],\"articleSection\":[\"ACTUALIT\u00c9S\",\"POLITIQUE\",\"S\u00c9N\u00c9GAL\"],\"inLanguage\":\"fr-FR\",\"potentialAction\":[{\"@type\":\"CommentAction\",\"name\":\"Comment\",\"target\":[\"https:\/\/www.public.sn\/index.php\/2024\/01\/04\/politique-mamoudou-ibra-kane-quitte-f24-et-rejoint-amadou-ba\/#respond\"]}]},{\"@type\":\"WebPage\",\"@id\":\"https:\/\/www.public.sn\/index.php\/2024\/01\/04\/politique-mamoudou-ibra-kane-quitte-f24-et-rejoint-amadou-ba\/\",\"url\":\"https:\/\/www.public.sn\/index.php\/2024\/01\/04\/politique-mamoudou-ibra-kane-quitte-f24-et-rejoint-amadou-ba\/\",\"name\":\"Politique: Mamoudou Ibra Kane quitte F24 et rejoint Amadou Ba - LE PUBLIC\",\"isPartOf\":{\"@id\":\"https:\/\/www.public.sn\/#website\"},\"primaryImageOfPage\":{\"@id\":\"https:\/\/www.public.sn\/index.php\/2024\/01\/04\/politique-mamoudou-ibra-kane-quitte-f24-et-rejoint-amadou-ba\/#primaryimage\"},\"image\":{\"@id\":\"https:\/\/www.public.sn\/index.php\/2024\/01\/04\/politique-mamoudou-ibra-kane-quitte-f24-et-rejoint-amadou-ba\/#primaryimage\"},\"thumbnailUrl\":\"https:\/\/www.public.sn\/wp-content\/uploads\/2023\/07\/mamoudou_1350.png\",\"datePublished\":\"2024-01-04T18:06:57+00:00\",\"dateModified\":\"2024-01-04T18:36:13+00:00\",\"breadcrumb\":{\"@id\":\"https:\/\/www.public.sn\/index.php\/2024\/01\/04\/politique-mamoudou-ibra-kane-quitte-f24-et-rejoint-amadou-ba\/#breadcrumb\"},\"inLanguage\":\"fr-FR\",\"potentialAction\":[{\"@type\":\"ReadAction\",\"target\":[\"https:\/\/www.public.sn\/index.php\/2024\/01\/04\/politique-mamoudou-ibra-kane-quitte-f24-et-rejoint-amadou-ba\/\"]}]},{\"@type\":\"ImageObject\",\"inLanguage\":\"fr-FR\",\"@id\":\"https:\/\/www.public.sn\/index.php\/2024\/01\/04\/politique-mamoudou-ibra-kane-quitte-f24-et-rejoint-amadou-ba\/#primaryimage\",\"url\":\"https:\/\/www.public.sn\/wp-content\/uploads\/2023\/07\/mamoudou_1350.png\",\"contentUrl\":\"https:\/\/www.public.sn\/wp-content\/uploads\/2023\/07\/mamoudou_1350.png\",\"width\":1446,\"height\":828},{\"@type\":\"BreadcrumbList\",\"@id\":\"https:\/\/www.public.sn\/index.php\/2024\/01\/04\/politique-mamoudou-ibra-kane-quitte-f24-et-rejoint-amadou-ba\/#breadcrumb\",\"itemListElement\":[{\"@type\":\"ListItem\",\"position\":1,\"name\":\"Accueil\",\"item\":\"https:\/\/www.public.sn\/\"},{\"@type\":\"ListItem\",\"position\":2,\"name\":\"Politique: Mamoudou Ibra Kane quitte F24 et rejoint Amadou Ba\"}]},{\"@type\":\"WebSite\",\"@id\":\"https:\/\/www.public.sn\/#website\",\"url\":\"https:\/\/www.public.sn\/\",\"name\":\"LE PUBLIC\",\"description\":\"\",\"publisher\":{\"@id\":\"https:\/\/www.public.sn\/#organization\"},\"potentialAction\":[{\"@type\":\"SearchAction\",\"target\":{\"@type\":\"EntryPoint\",\"urlTemplate\":\"https:\/\/www.public.sn\/?s={search_term_string}\"},\"query-input\":{\"@type\":\"PropertyValueSpecification\",\"valueRequired\":true,\"valueName\":\"search_term_string\"}}],\"inLanguage\":\"fr-FR\"},{\"@type\":\"Organization\",\"@id\":\"https:\/\/www.public.sn\/#organization\",\"name\":\"LE PUBLIC\",\"url\":\"https:\/\/www.public.sn\/\",\"logo\":{\"@type\":\"ImageObject\",\"inLanguage\":\"fr-FR\",\"@id\":\"https:\/\/www.public.sn\/#\/schema\/logo\/image\/\",\"url\":\"https:\/\/www.public.sn\/wp-content\/uploads\/2024\/05\/cropped-LOGO-PUBLIC.SN_.png\",\"contentUrl\":\"https:\/\/www.public.sn\/wp-content\/uploads\/2024\/05\/cropped-LOGO-PUBLIC.SN_.png\",\"width\":682,\"height\":192,\"caption\":\"LE PUBLIC\"},\"image\":{\"@id\":\"https:\/\/www.public.sn\/#\/schema\/logo\/image\/\"}},{\"@type\":\"Person\",\"@id\":\"https:\/\/www.public.sn\/#\/schema\/person\/5086727f06c51ee778d9e7e989dacb7b\",\"name\":\"La r\u00e9daction\",\"image\":{\"@type\":\"ImageObject\",\"inLanguage\":\"fr-FR\",\"@id\":\"https:\/\/www.public.sn\/#\/schema\/person\/image\/\",\"url\":\"https:\/\/secure.gravatar.com\/avatar\/bb7c7d168f37a1cd4f026b2a862f31e02dd8083f30f9becd26477826b6004b92?s=96&d=mm&r=g\",\"contentUrl\":\"https:\/\/secure.gravatar.com\/avatar\/bb7c7d168f37a1cd4f026b2a862f31e02dd8083f30f9becd26477826b6004b92?s=96&d=mm&r=g\",\"caption\":\"La r\u00e9daction\"},\"url\":\"https:\/\/www.public.sn\/index.php\/author\/falilpubg\/\"}]}<\/script>\n<!-- \/ Yoast SEO plugin. -->","yoast_head_json":{"title":"Politique: Mamoudou Ibra Kane quitte F24 et rejoint Amadou Ba - LE PUBLIC","robots":{"index":"index","follow":"follow","max-snippet":"max-snippet:-1","max-image-preview":"max-image-preview:large","max-video-preview":"max-video-preview:-1"},"canonical":"https:\/\/www.public.sn\/index.php\/2024\/01\/04\/politique-mamoudou-ibra-kane-quitte-f24-et-rejoint-amadou-ba\/","og_locale":"fr_FR","og_type":"article","og_title":"Politique: Mamoudou Ibra Kane quitte F24 et rejoint Amadou Ba - LE PUBLIC","og_description":"Le pr\u00e9sident du Mouvement citoyen Demain C\u2019est Maintenant Mamoudou Ibra Kane quitte la plateforme F24 de l\u2019opposition et rejoint Amadou Ba. Le journaliste a fait l\u2019annonce dans un communiqu\u00e9. \u00ab\u00a0Le Mouvement Demain C\u2019est Maintenant dont je suis le leader vient de prendre la d\u00e9cision de soutenir la candidature de Monsieur Amadou Ba dans le cadre d&rsquo;une alliance en vue de l&rsquo;\u00e9lection pr\u00e9sidentielle du 25 f\u00e9vrier 2024\u00a0\u00bb, lit-on dans un communiqu\u00e9. \u00a0Ajoutant, il prend ses distances avec le F24:\u00ab Notre adh\u00e9sion au F24 nous a donn\u00e9 l&rsquo;heureuse occasion d&rsquo;\u00e9changer avec des hommes et des femmes p\u00e9tris de qualit\u00e9s et tr\u00e8s patriotes. D\u00e8s cet instant, avec votre permission, je me vois oblig\u00e9 de me retirer des diff\u00e9rents groupes WhatsApp \u00bb.","og_url":"https:\/\/www.public.sn\/index.php\/2024\/01\/04\/politique-mamoudou-ibra-kane-quitte-f24-et-rejoint-amadou-ba\/","og_site_name":"LE PUBLIC","article_published_time":"2024-01-04T18:06:57+00:00","article_modified_time":"2024-01-04T18:36:13+00:00","og_image":[{"width":1446,"height":828,"url":"https:\/\/www.public.sn\/wp-content\/uploads\/2023\/07\/mamoudou_1350.png","type":"image\/png"}],"author":"La r\u00e9daction","twitter_card":"summary_large_image","twitter_misc":{"\u00c9crit par":"La r\u00e9daction","Dur\u00e9e de lecture estim\u00e9e":"1 minute"},"schema":{"@context":"https:\/\/schema.org","@graph":[{"@type":"Article","@id":"https:\/\/www.public.sn\/index.php\/2024\/01\/04\/politique-mamoudou-ibra-kane-quitte-f24-et-rejoint-amadou-ba\/#article","isPartOf":{"@id":"https:\/\/www.public.sn\/index.php\/2024\/01\/04\/politique-mamoudou-ibra-kane-quitte-f24-et-rejoint-amadou-ba\/"},"author":{"name":"La r\u00e9daction","@id":"https:\/\/www.public.sn\/#\/schema\/person\/5086727f06c51ee778d9e7e989dacb7b"},"headline":"Politique: Mamoudou Ibra Kane quitte F24 et rejoint Amadou Ba","datePublished":"2024-01-04T18:06:57+00:00","dateModified":"2024-01-04T18:36:13+00:00","mainEntityOfPage":{"@id":"https:\/\/www.public.sn\/index.php\/2024\/01\/04\/politique-mamoudou-ibra-kane-quitte-f24-et-rejoint-amadou-ba\/"},"wordCount":141,"commentCount":0,"publisher":{"@id":"https:\/\/www.public.sn\/#organization"},"image":{"@id":"https:\/\/www.public.sn\/index.php\/2024\/01\/04\/politique-mamoudou-ibra-kane-quitte-f24-et-rejoint-amadou-ba\/#primaryimage"},"thumbnailUrl":"https:\/\/www.public.sn\/wp-content\/uploads\/2023\/07\/mamoudou_1350.png","keywords":["politique"],"articleSection":["ACTUALIT\u00c9S","POLITIQUE","S\u00c9N\u00c9GAL"],"inLanguage":"fr-FR","potentialAction":[{"@type":"CommentAction","name":"Comment","target":["https:\/\/www.public.sn\/index.php\/2024\/01\/04\/politique-mamoudou-ibra-kane-quitte-f24-et-rejoint-amadou-ba\/#respond"]}]},{"@type":"WebPage","@id":"https:\/\/www.public.sn\/index.php\/2024\/01\/04\/politique-mamoudou-ibra-kane-quitte-f24-et-rejoint-amadou-ba\/","url":"https:\/\/www.public.sn\/index.php\/2024\/01\/04\/politique-mamoudou-ibra-kane-quitte-f24-et-rejoint-amadou-ba\/","name":"Politique: Mamoudou Ibra Kane quitte F24 et rejoint Amadou Ba - LE PUBLIC","isPartOf":{"@id":"https:\/\/www.public.sn\/#website"},"primaryImageOfPage":{"@id":"https:\/\/www.public.sn\/index.php\/2024\/01\/04\/politique-mamoudou-ibra-kane-quitte-f24-et-rejoint-amadou-ba\/#primaryimage"},"image":{"@id":"https:\/\/www.public.sn\/index.php\/2024\/01\/04\/politique-mamoudou-ibra-kane-quitte-f24-et-rejoint-amadou-ba\/#primaryimage"},"thumbnailUrl":"https:\/\/www.public.sn\/wp-content\/uploads\/2023\/07\/mamoudou_1350.png","datePublished":"2024-01-04T18:06:57+00:00","dateModified":"2024-01-04T18:36:13+00:00","breadcrumb":{"@id":"https:\/\/www.public.sn\/index.php\/2024\/01\/04\/politique-mamoudou-ibra-kane-quitte-f24-et-rejoint-amadou-ba\/#breadcrumb"},"inLanguage":"fr-FR","potentialAction":[{"@type":"ReadAction","target":["https:\/\/www.public.sn\/index.php\/2024\/01\/04\/politique-mamoudou-ibra-kane-quitte-f24-et-rejoint-amadou-ba\/"]}]},{"@type":"ImageObject","inLanguage":"fr-FR","@id":"https:\/\/www.public.sn\/index.php\/2024\/01\/04\/politique-mamoudou-ibra-kane-quitte-f24-et-rejoint-amadou-ba\/#primaryimage","url":"https:\/\/www.public.sn\/wp-content\/uploads\/2023\/07\/mamoudou_1350.png","contentUrl":"https:\/\/www.public.sn\/wp-content\/uploads\/2023\/07\/mamoudou_1350.png","width":1446,"height":828},{"@type":"BreadcrumbList","@id":"https:\/\/www.public.sn\/index.php\/2024\/01\/04\/politique-mamoudou-ibra-kane-quitte-f24-et-rejoint-amadou-ba\/#breadcrumb","itemListElement":[{"@type":"ListItem","position":1,"name":"Accueil","item":"https:\/\/www.public.sn\/"},{"@type":"ListItem","position":2,"name":"Politique: Mamoudou Ibra Kane quitte F24 et rejoint Amadou Ba"}]},{"@type":"WebSite","@id":"https:\/\/www.public.sn\/#website","url":"https:\/\/www.public.sn\/","name":"LE PUBLIC","description":"","publisher":{"@id":"https:\/\/www.public.sn\/#organization"},"potentialAction":[{"@type":"SearchAction","target":{"@type":"EntryPoint","urlTemplate":"https:\/\/www.public.sn\/?s={search_term_string}"},"query-input":{"@type":"PropertyValueSpecification","valueRequired":true,"valueName":"search_term_string"}}],"inLanguage":"fr-FR"},{"@type":"Organization","@id":"https:\/\/www.public.sn\/#organization","name":"LE PUBLIC","url":"https:\/\/www.public.sn\/","logo":{"@type":"ImageObject","inLanguage":"fr-FR","@id":"https:\/\/www.public.sn\/#\/schema\/logo\/image\/","url":"https:\/\/www.public.sn\/wp-content\/uploads\/2024\/05\/cropped-LOGO-PUBLIC.SN_.png","contentUrl":"https:\/\/www.public.sn\/wp-content\/uploads\/2024\/05\/cropped-LOGO-PUBLIC.SN_.png","width":682,"height":192,"caption":"LE PUBLIC"},"image":{"@id":"https:\/\/www.public.sn\/#\/schema\/logo\/image\/"}},{"@type":"Person","@id":"https:\/\/www.public.sn\/#\/schema\/person\/5086727f06c51ee778d9e7e989dacb7b","name":"La r\u00e9daction","image":{"@type":"ImageObject","inLanguage":"fr-FR","@id":"https:\/\/www.public.sn\/#\/schema\/person\/image\/","url":"https:\/\/secure.gravatar.com\/avatar\/bb7c7d168f37a1cd4f026b2a862f31e02dd8083f30f9becd26477826b6004b92?s=96&d=mm&r=g","contentUrl":"https:\/\/secure.gravatar.com\/avatar\/bb7c7d168f37a1cd4f026b2a862f31e02dd8083f30f9becd26477826b6004b92?s=96&d=mm&r=g","caption":"La r\u00e9daction"},"url":"https:\/\/www.public.sn\/index.php\/author\/falilpubg\/"}]}},"jetpack_featured_media_url":"https:\/\/www.public.sn\/wp-content\/uploads\/2023\/07\/mamoudou_1350.png","jetpack_sharing_enabled":true,"_links":{"self":[{"href":"https:\/\/www.public.sn\/index.php\/wp-json\/wp\/v2\/posts\/29905","targetHints":{"allow":["GET"]}}],"collection":[{"href":"https:\/\/www.public.sn\/index.php\/wp-json\/wp\/v2\/posts"}],"about":[{"href":"https:\/\/www.public.sn\/index.php\/wp-json\/wp\/v2\/types\/post"}],"author":[{"embeddable":true,"href":"https:\/\/www.public.sn\/index.php\/wp-json\/wp\/v2\/users\/11"}],"replies":[{"embeddable":true,"href":"https:\/\/www.public.sn\/index.php\/wp-json\/wp\/v2\/comments?post=29905"}],"version-history":[{"count":1,"href":"https:\/\/www.public.sn\/index.php\/wp-json\/wp\/v2\/posts\/29905\/revisions"}],"predecessor-version":[{"id":29906,"href":"https:\/\/www.public.sn\/index.php\/wp-json\/wp\/v2\/posts\/29905\/revisions\/29906"}],"wp:featuredmedia":[{"embeddable":true,"href":"https:\/\/www.public.sn\/index.php\/wp-json\/wp\/v2\/media\/24400"}],"wp:attachment":[{"href":"https:\/\/www.public.sn\/index.php\/wp-json\/wp\/v2\/media?parent=29905"}],"wp:term":[{"taxonomy":"category","embeddable":true,"href":"https:\/\/www.public.sn\/index.php\/wp-json\/wp\/v2\/categories?post=29905"},{"taxonomy":"post_tag","embeddable":true,"href":"https:\/\/www.public.sn\/index.php\/wp-json\/wp\/v2\/tags?post=29905"}],"curies":[{"name":"wp","href":"https:\/\/api.w.org\/{rel}","templated":true}]}}