{"id":29950,"date":"2024-01-05T19:45:06","date_gmt":"2024-01-05T19:45:06","guid":{"rendered":"https:\/\/www.public.sn\/?p=29950"},"modified":"2024-01-05T19:45:06","modified_gmt":"2024-01-05T19:45:06","slug":"immigration-clandestine-plus-de-4-100-migrants-senegalais-ont-debarque-a-dakhla-en-2023","status":"publish","type":"post","link":"https:\/\/www.public.sn\/index.php\/2024\/01\/05\/immigration-clandestine-plus-de-4-100-migrants-senegalais-ont-debarque-a-dakhla-en-2023\/","title":{"rendered":"Immigration Clandestine Plus de 4.100 migrants s\u00e9n\u00e9galais ont d\u00e9barqu\u00e9 \u00e0 Dakhla en 2023"},"content":{"rendered":"<p class=\"p1\"><span class=\"s1\">Le nombre de migrants s\u00e9n\u00e9galais ayant d\u00e9barqu\u00e9 en 2023 \u00e0 Dakhla, une localit\u00e9 du sud marocain, a \u00e9t\u00e9 quasiment multipli\u00e9 par dix comparativement \u00e0 l\u2019ann\u00e9e pr\u00e9c\u00e9dente, passant notamment de 404 \u00e0 plus de 4.100, a r\u00e9v\u00e9l\u00e9 \u00e0 l\u2019APS, Babou S\u00e8ne, le Consul g\u00e9n\u00e9ral du S\u00e9n\u00e9gal \u00e0 Dakhla.<\/span><\/p><div class=\"publi-paragraphe1\" style=\"margin-top: 10px;margin-bottom: 10px;margin-left: auto;margin-right: auto;text-align: center;\" id=\"publi-2402211171\"><div class=\"publi-adlabel\">Publicit\u00e9<\/div><script async src=\"\/\/pagead2.googlesyndication.com\/pagead\/js\/adsbygoogle.js?client=ca-pub-4089586018074219\" crossorigin=\"anonymous\"><\/script><ins class=\"adsbygoogle\" style=\"display:block;\" data-ad-client=\"ca-pub-4089586018074219\" \ndata-ad-slot=\"2087940154\" \ndata-ad-format=\"auto\"><\/ins>\n<script> \n(adsbygoogle = window.adsbygoogle || []).push({}); \n<\/script>\n<\/div>\n<p class=\"p1\"><span class=\"s1\">\u2018\u2019Ce que nous avons constat\u00e9, c\u2019est que comparativement \u00e0 2022, le nombre de compatriotes qui ont d\u00e9barqu\u00e9 \u00e0 Dakhla a quasiment \u00e9t\u00e9 multipli\u00e9 par dix. En 2022, nous avons eu \u00e0 d\u00e9nombrer 404 candidats \u00e0 l\u2019\u00e9migration,\u00a0 mais ce nombre a d\u00e9pass\u00e9 le chiffre de 4.100 en 2023\u2019\u2019, a-t-il d\u00e9clar\u00e9 lors d\u2019un entretien t\u00e9l\u00e9phonique avec l\u2019APS.<\/span><\/p>\n<p class=\"p1\"><span class=\"s1\">Le Consul g\u00e9n\u00e9ral a insist\u00e9 sur le fait que la tr\u00e8s grande majorit\u00e9 de ces compatriotes sont arriv\u00e9s \u00e0 Dakhla apr\u00e8s l\u2019\u00e9chec de leurs tentatives pour rallier l\u2019Espagne \u00e0 l\u2019aide d\u2019embarcations parties des c\u00f4tes s\u00e9n\u00e9galaises.<\/span><\/p>\n<p class=\"p1\"><span class=\"s1\">Il a rappel\u00e9 que les candidats \u00e0 l\u2019\u00e9migration \u00e9chou\u00e9s \u00e0 Dakhla ont \u00e9t\u00e9 secourus en mer apr\u00e8s que leurs embarcations ont chavir\u00e9 ou ont \u00e9t\u00e9 arraisonn\u00e9es par la marine royale marocaine.\u00a0Babou S\u00e8ne fait \u00e9tat de 38 embarcations secourues ou arraisonn\u00e9es.<\/span><\/p>\n<p class=\"p1\"><span class=\"s1\">\u2018\u2019La recrudescence du ph\u00e9nom\u00e8ne en 2023 a surpris au S\u00e9n\u00e9gal, mais nous avions vu venir. Nous avions m\u00eame \u00e0 l\u2019\u00e9poque attir\u00e9 l\u2019attention des autorit\u00e9s s\u00e9n\u00e9galaises sur la possibilit\u00e9 de voir le ph\u00e9nom\u00e8ne s\u2019accentuer\u2019\u2019, a comment\u00e9 Babou S\u00e8ne.<\/span><\/p>\n<p class=\"p1\"><span class=\"s1\">Il n\u2019a pas manqu\u00e9 d\u2019insister sur le fait que les tentatives de rallier l\u2019Espagne par la mer risquent encore de gagner en ampleur en 2024 si des mesures concr\u00e8tes n\u2019\u00e9taient pas prises pour emp\u00eacher les d\u00e9parts.<\/span><\/p>\n<p class=\"p1\"><span class=\"s1\">\u2018\u2019Il ne faut pas donner \u00e0 la partie marocaine l\u2019impression que le S\u00e9n\u00e9gal ne fait pas assez d\u2019efforts dans la gestion du ph\u00e9nom\u00e8ne\u2019\u2019, a indiqu\u00e9 M. S\u00e8ne non sans pointer du doigt un manque de moyens au plus fort de la crise migratoire.<\/span><\/p>\n<p class=\"p1\"><span class=\"s1\">APS<\/span><\/p>\n<div class=\"publi-apres-le-contenu\" style=\"margin-top: 10px;margin-bottom: 10px;margin-left: auto;margin-right: auto;text-align: center;\" id=\"publi-2567238877\"><div class=\"publi-adlabel\">Publicit\u00e9<\/div><script async src=\"\/\/pagead2.googlesyndication.com\/pagead\/js\/adsbygoogle.js?client=ca-pub-4089586018074219\" crossorigin=\"anonymous\"><\/script><ins class=\"adsbygoogle\" style=\"display:block;\" data-ad-client=\"ca-pub-4089586018074219\" \ndata-ad-slot=\"2087940154\" \ndata-ad-format=\"auto\"><\/ins>\n<script> \n(adsbygoogle = window.adsbygoogle || []).push({}); \n<\/script>\n<\/div>","protected":false},"excerpt":{"rendered":"<p>Le nombre de migrants s\u00e9n\u00e9galais ayant d\u00e9barqu\u00e9 en 2023 \u00e0 Dakhla, une localit\u00e9 du sud marocain, a \u00e9t\u00e9 quasiment multipli\u00e9 par dix comparativement \u00e0 l\u2019ann\u00e9e pr\u00e9c\u00e9dente, passant notamment de 404 \u00e0 plus de 4.100, a r\u00e9v\u00e9l\u00e9 \u00e0 l\u2019APS, Babou S\u00e8ne, le Consul g\u00e9n\u00e9ral du S\u00e9n\u00e9gal \u00e0 Dakhla. \u2018\u2019Ce que nous avons constat\u00e9, c\u2019est que comparativement \u00e0 2022, le nombre de compatriotes qui ont d\u00e9barqu\u00e9 \u00e0 Dakhla a quasiment \u00e9t\u00e9 multipli\u00e9 par dix. En 2022, nous avons eu \u00e0 d\u00e9nombrer 404 candidats \u00e0 l\u2019\u00e9migration,\u00a0 mais ce nombre a d\u00e9pass\u00e9 le chiffre de 4.100 en 2023\u2019\u2019, a-t-il d\u00e9clar\u00e9 lors d\u2019un entretien t\u00e9l\u00e9phonique avec l\u2019APS. Le Consul g\u00e9n\u00e9ral a insist\u00e9 sur le fait que la tr\u00e8s grande majorit\u00e9 de ces compatriotes sont arriv\u00e9s \u00e0 Dakhla apr\u00e8s l\u2019\u00e9chec de leurs tentatives pour rallier l\u2019Espagne \u00e0 l\u2019aide d\u2019embarcations parties des c\u00f4tes s\u00e9n\u00e9galaises. Il a rappel\u00e9 que les candidats \u00e0 l\u2019\u00e9migration \u00e9chou\u00e9s \u00e0 Dakhla ont \u00e9t\u00e9 secourus en mer apr\u00e8s que leurs embarcations ont chavir\u00e9 ou ont \u00e9t\u00e9 arraisonn\u00e9es par la marine royale marocaine.\u00a0Babou S\u00e8ne fait \u00e9tat de 38 embarcations secourues ou arraisonn\u00e9es. \u2018\u2019La recrudescence du ph\u00e9nom\u00e8ne en 2023 a surpris au S\u00e9n\u00e9gal, mais nous avions vu venir. Nous avions m\u00eame \u00e0 l\u2019\u00e9poque attir\u00e9 l\u2019attention des autorit\u00e9s s\u00e9n\u00e9galaises sur la possibilit\u00e9 de voir le ph\u00e9nom\u00e8ne s\u2019accentuer\u2019\u2019, a comment\u00e9 Babou S\u00e8ne. Il n\u2019a pas manqu\u00e9 d\u2019insister sur le fait que les tentatives de rallier l\u2019Espagne par la mer risquent encore de gagner en ampleur en 2024 si des mesures concr\u00e8tes n\u2019\u00e9taient pas prises pour emp\u00eacher les d\u00e9parts. \u2018\u2019Il ne faut pas donner \u00e0 la partie marocaine l\u2019impression que le S\u00e9n\u00e9gal ne fait pas assez d\u2019efforts dans la gestion du ph\u00e9nom\u00e8ne\u2019\u2019, a indiqu\u00e9 M. S\u00e8ne non sans pointer du doigt un manque de moyens au plus fort de la crise migratoire. APS<\/p>\n","protected":false},"author":11,"featured_media":29951,"comment_status":"open","ping_status":"open","sticky":false,"template":"","format":"standard","meta":{"_jetpack_memberships_contains_paid_content":false,"footnotes":""},"categories":[375,1,4],"tags":[945],"class_list":["post-29950","post","type-post","status-publish","format-standard","has-post-thumbnail","hentry","category-actualites","category-non-classe","category-societe","tag-immigration-irreguliere","entry","has-media","owp-thumbs-layout-horizontal","owp-btn-normal","owp-tabs-layout-horizontal","has-no-thumbnails","has-product-nav"],"yoast_head":"<!-- This site is optimized with the Yoast SEO plugin v25.5 - https:\/\/yoast.com\/wordpress\/plugins\/seo\/ -->\n<title>Immigration Clandestine Plus de 4.100 migrants s\u00e9n\u00e9galais ont d\u00e9barqu\u00e9 \u00e0 Dakhla en 2023 - LE PUBLIC<\/title>\n<meta name=\"robots\" content=\"index, follow, max-snippet:-1, max-image-preview:large, max-video-preview:-1\" \/>\n<link rel=\"canonical\" href=\"https:\/\/www.public.sn\/index.php\/2024\/01\/05\/immigration-clandestine-plus-de-4-100-migrants-senegalais-ont-debarque-a-dakhla-en-2023\/\" \/>\n<meta property=\"og:locale\" content=\"fr_FR\" \/>\n<meta property=\"og:type\" content=\"article\" \/>\n<meta property=\"og:title\" content=\"Immigration Clandestine Plus de 4.100 migrants s\u00e9n\u00e9galais ont d\u00e9barqu\u00e9 \u00e0 Dakhla en 2023 - LE PUBLIC\" \/>\n<meta property=\"og:description\" content=\"Le nombre de migrants s\u00e9n\u00e9galais ayant d\u00e9barqu\u00e9 en 2023 \u00e0 Dakhla, une localit\u00e9 du sud marocain, a \u00e9t\u00e9 quasiment multipli\u00e9 par dix comparativement \u00e0 l\u2019ann\u00e9e pr\u00e9c\u00e9dente, passant notamment de 404 \u00e0 plus de 4.100, a r\u00e9v\u00e9l\u00e9 \u00e0 l\u2019APS, Babou S\u00e8ne, le Consul g\u00e9n\u00e9ral du S\u00e9n\u00e9gal \u00e0 Dakhla. \u2018\u2019Ce que nous avons constat\u00e9, c\u2019est que comparativement \u00e0 2022, le nombre de compatriotes qui ont d\u00e9barqu\u00e9 \u00e0 Dakhla a quasiment \u00e9t\u00e9 multipli\u00e9 par dix. En 2022, nous avons eu \u00e0 d\u00e9nombrer 404 candidats \u00e0 l\u2019\u00e9migration,\u00a0 mais ce nombre a d\u00e9pass\u00e9 le chiffre de 4.100 en 2023\u2019\u2019, a-t-il d\u00e9clar\u00e9 lors d\u2019un entretien t\u00e9l\u00e9phonique avec l\u2019APS. Le Consul g\u00e9n\u00e9ral a insist\u00e9 sur le fait que la tr\u00e8s grande majorit\u00e9 de ces compatriotes sont arriv\u00e9s \u00e0 Dakhla apr\u00e8s l\u2019\u00e9chec de leurs tentatives pour rallier l\u2019Espagne \u00e0 l\u2019aide d\u2019embarcations parties des c\u00f4tes s\u00e9n\u00e9galaises. Il a rappel\u00e9 que les candidats \u00e0 l\u2019\u00e9migration \u00e9chou\u00e9s \u00e0 Dakhla ont \u00e9t\u00e9 secourus en mer apr\u00e8s que leurs embarcations ont chavir\u00e9 ou ont \u00e9t\u00e9 arraisonn\u00e9es par la marine royale marocaine.\u00a0Babou S\u00e8ne fait \u00e9tat de 38 embarcations secourues ou arraisonn\u00e9es. \u2018\u2019La recrudescence du ph\u00e9nom\u00e8ne en 2023 a surpris au S\u00e9n\u00e9gal, mais nous avions vu venir. Nous avions m\u00eame \u00e0 l\u2019\u00e9poque attir\u00e9 l\u2019attention des autorit\u00e9s s\u00e9n\u00e9galaises sur la possibilit\u00e9 de voir le ph\u00e9nom\u00e8ne s\u2019accentuer\u2019\u2019, a comment\u00e9 Babou S\u00e8ne. Il n\u2019a pas manqu\u00e9 d\u2019insister sur le fait que les tentatives de rallier l\u2019Espagne par la mer risquent encore de gagner en ampleur en 2024 si des mesures concr\u00e8tes n\u2019\u00e9taient pas prises pour emp\u00eacher les d\u00e9parts. \u2018\u2019Il ne faut pas donner \u00e0 la partie marocaine l\u2019impression que le S\u00e9n\u00e9gal ne fait pas assez d\u2019efforts dans la gestion du ph\u00e9nom\u00e8ne\u2019\u2019, a indiqu\u00e9 M. S\u00e8ne non sans pointer du doigt un manque de moyens au plus fort de la crise migratoire. APS\" \/>\n<meta property=\"og:url\" content=\"https:\/\/www.public.sn\/index.php\/2024\/01\/05\/immigration-clandestine-plus-de-4-100-migrants-senegalais-ont-debarque-a-dakhla-en-2023\/\" \/>\n<meta property=\"og:site_name\" content=\"LE PUBLIC\" \/>\n<meta property=\"article:published_time\" content=\"2024-01-05T19:45:06+00:00\" \/>\n<meta property=\"og:image\" content=\"https:\/\/www.public.sn\/wp-content\/uploads\/2024\/01\/IMG_1959.jpeg\" \/>\n\t<meta property=\"og:image:width\" content=\"299\" \/>\n\t<meta property=\"og:image:height\" content=\"168\" \/>\n\t<meta property=\"og:image:type\" content=\"image\/jpeg\" \/>\n<meta name=\"author\" content=\"La r\u00e9daction\" \/>\n<meta name=\"twitter:card\" content=\"summary_large_image\" \/>\n<meta name=\"twitter:label1\" content=\"\u00c9crit par\" \/>\n\t<meta name=\"twitter:data1\" content=\"La r\u00e9daction\" \/>\n\t<meta name=\"twitter:label2\" content=\"Dur\u00e9e de lecture estim\u00e9e\" \/>\n\t<meta name=\"twitter:data2\" content=\"2 minutes\" \/>\n<script type=\"application\/ld+json\" class=\"yoast-schema-graph\">{\"@context\":\"https:\/\/schema.org\",\"@graph\":[{\"@type\":\"Article\",\"@id\":\"https:\/\/www.public.sn\/index.php\/2024\/01\/05\/immigration-clandestine-plus-de-4-100-migrants-senegalais-ont-debarque-a-dakhla-en-2023\/#article\",\"isPartOf\":{\"@id\":\"https:\/\/www.public.sn\/index.php\/2024\/01\/05\/immigration-clandestine-plus-de-4-100-migrants-senegalais-ont-debarque-a-dakhla-en-2023\/\"},\"author\":{\"name\":\"La r\u00e9daction\",\"@id\":\"https:\/\/www.public.sn\/#\/schema\/person\/5086727f06c51ee778d9e7e989dacb7b\"},\"headline\":\"Immigration Clandestine Plus de 4.100 migrants s\u00e9n\u00e9galais ont d\u00e9barqu\u00e9 \u00e0 Dakhla en 2023\",\"datePublished\":\"2024-01-05T19:45:06+00:00\",\"mainEntityOfPage\":{\"@id\":\"https:\/\/www.public.sn\/index.php\/2024\/01\/05\/immigration-clandestine-plus-de-4-100-migrants-senegalais-ont-debarque-a-dakhla-en-2023\/\"},\"wordCount\":353,\"commentCount\":0,\"publisher\":{\"@id\":\"https:\/\/www.public.sn\/#organization\"},\"image\":{\"@id\":\"https:\/\/www.public.sn\/index.php\/2024\/01\/05\/immigration-clandestine-plus-de-4-100-migrants-senegalais-ont-debarque-a-dakhla-en-2023\/#primaryimage\"},\"thumbnailUrl\":\"https:\/\/www.public.sn\/wp-content\/uploads\/2024\/01\/IMG_1959.jpeg\",\"keywords\":[\"Immigration Irr\u00e9guli\u00e8re\"],\"articleSection\":[\"ACTUALIT\u00c9S\",\"S\u00c9N\u00c9GAL\",\"SOCIETE\"],\"inLanguage\":\"fr-FR\",\"potentialAction\":[{\"@type\":\"CommentAction\",\"name\":\"Comment\",\"target\":[\"https:\/\/www.public.sn\/index.php\/2024\/01\/05\/immigration-clandestine-plus-de-4-100-migrants-senegalais-ont-debarque-a-dakhla-en-2023\/#respond\"]}]},{\"@type\":\"WebPage\",\"@id\":\"https:\/\/www.public.sn\/index.php\/2024\/01\/05\/immigration-clandestine-plus-de-4-100-migrants-senegalais-ont-debarque-a-dakhla-en-2023\/\",\"url\":\"https:\/\/www.public.sn\/index.php\/2024\/01\/05\/immigration-clandestine-plus-de-4-100-migrants-senegalais-ont-debarque-a-dakhla-en-2023\/\",\"name\":\"Immigration Clandestine Plus de 4.100 migrants s\u00e9n\u00e9galais ont d\u00e9barqu\u00e9 \u00e0 Dakhla en 2023 - LE PUBLIC\",\"isPartOf\":{\"@id\":\"https:\/\/www.public.sn\/#website\"},\"primaryImageOfPage\":{\"@id\":\"https:\/\/www.public.sn\/index.php\/2024\/01\/05\/immigration-clandestine-plus-de-4-100-migrants-senegalais-ont-debarque-a-dakhla-en-2023\/#primaryimage\"},\"image\":{\"@id\":\"https:\/\/www.public.sn\/index.php\/2024\/01\/05\/immigration-clandestine-plus-de-4-100-migrants-senegalais-ont-debarque-a-dakhla-en-2023\/#primaryimage\"},\"thumbnailUrl\":\"https:\/\/www.public.sn\/wp-content\/uploads\/2024\/01\/IMG_1959.jpeg\",\"datePublished\":\"2024-01-05T19:45:06+00:00\",\"breadcrumb\":{\"@id\":\"https:\/\/www.public.sn\/index.php\/2024\/01\/05\/immigration-clandestine-plus-de-4-100-migrants-senegalais-ont-debarque-a-dakhla-en-2023\/#breadcrumb\"},\"inLanguage\":\"fr-FR\",\"potentialAction\":[{\"@type\":\"ReadAction\",\"target\":[\"https:\/\/www.public.sn\/index.php\/2024\/01\/05\/immigration-clandestine-plus-de-4-100-migrants-senegalais-ont-debarque-a-dakhla-en-2023\/\"]}]},{\"@type\":\"ImageObject\",\"inLanguage\":\"fr-FR\",\"@id\":\"https:\/\/www.public.sn\/index.php\/2024\/01\/05\/immigration-clandestine-plus-de-4-100-migrants-senegalais-ont-debarque-a-dakhla-en-2023\/#primaryimage\",\"url\":\"https:\/\/www.public.sn\/wp-content\/uploads\/2024\/01\/IMG_1959.jpeg\",\"contentUrl\":\"https:\/\/www.public.sn\/wp-content\/uploads\/2024\/01\/IMG_1959.jpeg\",\"width\":299,\"height\":168},{\"@type\":\"BreadcrumbList\",\"@id\":\"https:\/\/www.public.sn\/index.php\/2024\/01\/05\/immigration-clandestine-plus-de-4-100-migrants-senegalais-ont-debarque-a-dakhla-en-2023\/#breadcrumb\",\"itemListElement\":[{\"@type\":\"ListItem\",\"position\":1,\"name\":\"Accueil\",\"item\":\"https:\/\/www.public.sn\/\"},{\"@type\":\"ListItem\",\"position\":2,\"name\":\"Immigration Clandestine Plus de 4.100 migrants s\u00e9n\u00e9galais ont d\u00e9barqu\u00e9 \u00e0 Dakhla en 2023\"}]},{\"@type\":\"WebSite\",\"@id\":\"https:\/\/www.public.sn\/#website\",\"url\":\"https:\/\/www.public.sn\/\",\"name\":\"LE PUBLIC\",\"description\":\"\",\"publisher\":{\"@id\":\"https:\/\/www.public.sn\/#organization\"},\"potentialAction\":[{\"@type\":\"SearchAction\",\"target\":{\"@type\":\"EntryPoint\",\"urlTemplate\":\"https:\/\/www.public.sn\/?s={search_term_string}\"},\"query-input\":{\"@type\":\"PropertyValueSpecification\",\"valueRequired\":true,\"valueName\":\"search_term_string\"}}],\"inLanguage\":\"fr-FR\"},{\"@type\":\"Organization\",\"@id\":\"https:\/\/www.public.sn\/#organization\",\"name\":\"LE PUBLIC\",\"url\":\"https:\/\/www.public.sn\/\",\"logo\":{\"@type\":\"ImageObject\",\"inLanguage\":\"fr-FR\",\"@id\":\"https:\/\/www.public.sn\/#\/schema\/logo\/image\/\",\"url\":\"https:\/\/www.public.sn\/wp-content\/uploads\/2024\/05\/cropped-LOGO-PUBLIC.SN_.png\",\"contentUrl\":\"https:\/\/www.public.sn\/wp-content\/uploads\/2024\/05\/cropped-LOGO-PUBLIC.SN_.png\",\"width\":682,\"height\":192,\"caption\":\"LE PUBLIC\"},\"image\":{\"@id\":\"https:\/\/www.public.sn\/#\/schema\/logo\/image\/\"}},{\"@type\":\"Person\",\"@id\":\"https:\/\/www.public.sn\/#\/schema\/person\/5086727f06c51ee778d9e7e989dacb7b\",\"name\":\"La r\u00e9daction\",\"image\":{\"@type\":\"ImageObject\",\"inLanguage\":\"fr-FR\",\"@id\":\"https:\/\/www.public.sn\/#\/schema\/person\/image\/\",\"url\":\"https:\/\/secure.gravatar.com\/avatar\/bb7c7d168f37a1cd4f026b2a862f31e02dd8083f30f9becd26477826b6004b92?s=96&d=mm&r=g\",\"contentUrl\":\"https:\/\/secure.gravatar.com\/avatar\/bb7c7d168f37a1cd4f026b2a862f31e02dd8083f30f9becd26477826b6004b92?s=96&d=mm&r=g\",\"caption\":\"La r\u00e9daction\"},\"url\":\"https:\/\/www.public.sn\/index.php\/author\/falilpubg\/\"}]}<\/script>\n<!-- \/ Yoast SEO plugin. -->","yoast_head_json":{"title":"Immigration Clandestine Plus de 4.100 migrants s\u00e9n\u00e9galais ont d\u00e9barqu\u00e9 \u00e0 Dakhla en 2023 - LE PUBLIC","robots":{"index":"index","follow":"follow","max-snippet":"max-snippet:-1","max-image-preview":"max-image-preview:large","max-video-preview":"max-video-preview:-1"},"canonical":"https:\/\/www.public.sn\/index.php\/2024\/01\/05\/immigration-clandestine-plus-de-4-100-migrants-senegalais-ont-debarque-a-dakhla-en-2023\/","og_locale":"fr_FR","og_type":"article","og_title":"Immigration Clandestine Plus de 4.100 migrants s\u00e9n\u00e9galais ont d\u00e9barqu\u00e9 \u00e0 Dakhla en 2023 - LE PUBLIC","og_description":"Le nombre de migrants s\u00e9n\u00e9galais ayant d\u00e9barqu\u00e9 en 2023 \u00e0 Dakhla, une localit\u00e9 du sud marocain, a \u00e9t\u00e9 quasiment multipli\u00e9 par dix comparativement \u00e0 l\u2019ann\u00e9e pr\u00e9c\u00e9dente, passant notamment de 404 \u00e0 plus de 4.100, a r\u00e9v\u00e9l\u00e9 \u00e0 l\u2019APS, Babou S\u00e8ne, le Consul g\u00e9n\u00e9ral du S\u00e9n\u00e9gal \u00e0 Dakhla. \u2018\u2019Ce que nous avons constat\u00e9, c\u2019est que comparativement \u00e0 2022, le nombre de compatriotes qui ont d\u00e9barqu\u00e9 \u00e0 Dakhla a quasiment \u00e9t\u00e9 multipli\u00e9 par dix. En 2022, nous avons eu \u00e0 d\u00e9nombrer 404 candidats \u00e0 l\u2019\u00e9migration,\u00a0 mais ce nombre a d\u00e9pass\u00e9 le chiffre de 4.100 en 2023\u2019\u2019, a-t-il d\u00e9clar\u00e9 lors d\u2019un entretien t\u00e9l\u00e9phonique avec l\u2019APS. Le Consul g\u00e9n\u00e9ral a insist\u00e9 sur le fait que la tr\u00e8s grande majorit\u00e9 de ces compatriotes sont arriv\u00e9s \u00e0 Dakhla apr\u00e8s l\u2019\u00e9chec de leurs tentatives pour rallier l\u2019Espagne \u00e0 l\u2019aide d\u2019embarcations parties des c\u00f4tes s\u00e9n\u00e9galaises. Il a rappel\u00e9 que les candidats \u00e0 l\u2019\u00e9migration \u00e9chou\u00e9s \u00e0 Dakhla ont \u00e9t\u00e9 secourus en mer apr\u00e8s que leurs embarcations ont chavir\u00e9 ou ont \u00e9t\u00e9 arraisonn\u00e9es par la marine royale marocaine.\u00a0Babou S\u00e8ne fait \u00e9tat de 38 embarcations secourues ou arraisonn\u00e9es. \u2018\u2019La recrudescence du ph\u00e9nom\u00e8ne en 2023 a surpris au S\u00e9n\u00e9gal, mais nous avions vu venir. Nous avions m\u00eame \u00e0 l\u2019\u00e9poque attir\u00e9 l\u2019attention des autorit\u00e9s s\u00e9n\u00e9galaises sur la possibilit\u00e9 de voir le ph\u00e9nom\u00e8ne s\u2019accentuer\u2019\u2019, a comment\u00e9 Babou S\u00e8ne. Il n\u2019a pas manqu\u00e9 d\u2019insister sur le fait que les tentatives de rallier l\u2019Espagne par la mer risquent encore de gagner en ampleur en 2024 si des mesures concr\u00e8tes n\u2019\u00e9taient pas prises pour emp\u00eacher les d\u00e9parts. \u2018\u2019Il ne faut pas donner \u00e0 la partie marocaine l\u2019impression que le S\u00e9n\u00e9gal ne fait pas assez d\u2019efforts dans la gestion du ph\u00e9nom\u00e8ne\u2019\u2019, a indiqu\u00e9 M. S\u00e8ne non sans pointer du doigt un manque de moyens au plus fort de la crise migratoire. APS","og_url":"https:\/\/www.public.sn\/index.php\/2024\/01\/05\/immigration-clandestine-plus-de-4-100-migrants-senegalais-ont-debarque-a-dakhla-en-2023\/","og_site_name":"LE PUBLIC","article_published_time":"2024-01-05T19:45:06+00:00","og_image":[{"width":299,"height":168,"url":"https:\/\/www.public.sn\/wp-content\/uploads\/2024\/01\/IMG_1959.jpeg","type":"image\/jpeg"}],"author":"La r\u00e9daction","twitter_card":"summary_large_image","twitter_misc":{"\u00c9crit par":"La r\u00e9daction","Dur\u00e9e de lecture estim\u00e9e":"2 minutes"},"schema":{"@context":"https:\/\/schema.org","@graph":[{"@type":"Article","@id":"https:\/\/www.public.sn\/index.php\/2024\/01\/05\/immigration-clandestine-plus-de-4-100-migrants-senegalais-ont-debarque-a-dakhla-en-2023\/#article","isPartOf":{"@id":"https:\/\/www.public.sn\/index.php\/2024\/01\/05\/immigration-clandestine-plus-de-4-100-migrants-senegalais-ont-debarque-a-dakhla-en-2023\/"},"author":{"name":"La r\u00e9daction","@id":"https:\/\/www.public.sn\/#\/schema\/person\/5086727f06c51ee778d9e7e989dacb7b"},"headline":"Immigration Clandestine Plus de 4.100 migrants s\u00e9n\u00e9galais ont d\u00e9barqu\u00e9 \u00e0 Dakhla en 2023","datePublished":"2024-01-05T19:45:06+00:00","mainEntityOfPage":{"@id":"https:\/\/www.public.sn\/index.php\/2024\/01\/05\/immigration-clandestine-plus-de-4-100-migrants-senegalais-ont-debarque-a-dakhla-en-2023\/"},"wordCount":353,"commentCount":0,"publisher":{"@id":"https:\/\/www.public.sn\/#organization"},"image":{"@id":"https:\/\/www.public.sn\/index.php\/2024\/01\/05\/immigration-clandestine-plus-de-4-100-migrants-senegalais-ont-debarque-a-dakhla-en-2023\/#primaryimage"},"thumbnailUrl":"https:\/\/www.public.sn\/wp-content\/uploads\/2024\/01\/IMG_1959.jpeg","keywords":["Immigration Irr\u00e9guli\u00e8re"],"articleSection":["ACTUALIT\u00c9S","S\u00c9N\u00c9GAL","SOCIETE"],"inLanguage":"fr-FR","potentialAction":[{"@type":"CommentAction","name":"Comment","target":["https:\/\/www.public.sn\/index.php\/2024\/01\/05\/immigration-clandestine-plus-de-4-100-migrants-senegalais-ont-debarque-a-dakhla-en-2023\/#respond"]}]},{"@type":"WebPage","@id":"https:\/\/www.public.sn\/index.php\/2024\/01\/05\/immigration-clandestine-plus-de-4-100-migrants-senegalais-ont-debarque-a-dakhla-en-2023\/","url":"https:\/\/www.public.sn\/index.php\/2024\/01\/05\/immigration-clandestine-plus-de-4-100-migrants-senegalais-ont-debarque-a-dakhla-en-2023\/","name":"Immigration Clandestine Plus de 4.100 migrants s\u00e9n\u00e9galais ont d\u00e9barqu\u00e9 \u00e0 Dakhla en 2023 - LE PUBLIC","isPartOf":{"@id":"https:\/\/www.public.sn\/#website"},"primaryImageOfPage":{"@id":"https:\/\/www.public.sn\/index.php\/2024\/01\/05\/immigration-clandestine-plus-de-4-100-migrants-senegalais-ont-debarque-a-dakhla-en-2023\/#primaryimage"},"image":{"@id":"https:\/\/www.public.sn\/index.php\/2024\/01\/05\/immigration-clandestine-plus-de-4-100-migrants-senegalais-ont-debarque-a-dakhla-en-2023\/#primaryimage"},"thumbnailUrl":"https:\/\/www.public.sn\/wp-content\/uploads\/2024\/01\/IMG_1959.jpeg","datePublished":"2024-01-05T19:45:06+00:00","breadcrumb":{"@id":"https:\/\/www.public.sn\/index.php\/2024\/01\/05\/immigration-clandestine-plus-de-4-100-migrants-senegalais-ont-debarque-a-dakhla-en-2023\/#breadcrumb"},"inLanguage":"fr-FR","potentialAction":[{"@type":"ReadAction","target":["https:\/\/www.public.sn\/index.php\/2024\/01\/05\/immigration-clandestine-plus-de-4-100-migrants-senegalais-ont-debarque-a-dakhla-en-2023\/"]}]},{"@type":"ImageObject","inLanguage":"fr-FR","@id":"https:\/\/www.public.sn\/index.php\/2024\/01\/05\/immigration-clandestine-plus-de-4-100-migrants-senegalais-ont-debarque-a-dakhla-en-2023\/#primaryimage","url":"https:\/\/www.public.sn\/wp-content\/uploads\/2024\/01\/IMG_1959.jpeg","contentUrl":"https:\/\/www.public.sn\/wp-content\/uploads\/2024\/01\/IMG_1959.jpeg","width":299,"height":168},{"@type":"BreadcrumbList","@id":"https:\/\/www.public.sn\/index.php\/2024\/01\/05\/immigration-clandestine-plus-de-4-100-migrants-senegalais-ont-debarque-a-dakhla-en-2023\/#breadcrumb","itemListElement":[{"@type":"ListItem","position":1,"name":"Accueil","item":"https:\/\/www.public.sn\/"},{"@type":"ListItem","position":2,"name":"Immigration Clandestine Plus de 4.100 migrants s\u00e9n\u00e9galais ont d\u00e9barqu\u00e9 \u00e0 Dakhla en 2023"}]},{"@type":"WebSite","@id":"https:\/\/www.public.sn\/#website","url":"https:\/\/www.public.sn\/","name":"LE PUBLIC","description":"","publisher":{"@id":"https:\/\/www.public.sn\/#organization"},"potentialAction":[{"@type":"SearchAction","target":{"@type":"EntryPoint","urlTemplate":"https:\/\/www.public.sn\/?s={search_term_string}"},"query-input":{"@type":"PropertyValueSpecification","valueRequired":true,"valueName":"search_term_string"}}],"inLanguage":"fr-FR"},{"@type":"Organization","@id":"https:\/\/www.public.sn\/#organization","name":"LE PUBLIC","url":"https:\/\/www.public.sn\/","logo":{"@type":"ImageObject","inLanguage":"fr-FR","@id":"https:\/\/www.public.sn\/#\/schema\/logo\/image\/","url":"https:\/\/www.public.sn\/wp-content\/uploads\/2024\/05\/cropped-LOGO-PUBLIC.SN_.png","contentUrl":"https:\/\/www.public.sn\/wp-content\/uploads\/2024\/05\/cropped-LOGO-PUBLIC.SN_.png","width":682,"height":192,"caption":"LE PUBLIC"},"image":{"@id":"https:\/\/www.public.sn\/#\/schema\/logo\/image\/"}},{"@type":"Person","@id":"https:\/\/www.public.sn\/#\/schema\/person\/5086727f06c51ee778d9e7e989dacb7b","name":"La r\u00e9daction","image":{"@type":"ImageObject","inLanguage":"fr-FR","@id":"https:\/\/www.public.sn\/#\/schema\/person\/image\/","url":"https:\/\/secure.gravatar.com\/avatar\/bb7c7d168f37a1cd4f026b2a862f31e02dd8083f30f9becd26477826b6004b92?s=96&d=mm&r=g","contentUrl":"https:\/\/secure.gravatar.com\/avatar\/bb7c7d168f37a1cd4f026b2a862f31e02dd8083f30f9becd26477826b6004b92?s=96&d=mm&r=g","caption":"La r\u00e9daction"},"url":"https:\/\/www.public.sn\/index.php\/author\/falilpubg\/"}]}},"jetpack_featured_media_url":"https:\/\/www.public.sn\/wp-content\/uploads\/2024\/01\/IMG_1959.jpeg","jetpack_sharing_enabled":true,"_links":{"self":[{"href":"https:\/\/www.public.sn\/index.php\/wp-json\/wp\/v2\/posts\/29950","targetHints":{"allow":["GET"]}}],"collection":[{"href":"https:\/\/www.public.sn\/index.php\/wp-json\/wp\/v2\/posts"}],"about":[{"href":"https:\/\/www.public.sn\/index.php\/wp-json\/wp\/v2\/types\/post"}],"author":[{"embeddable":true,"href":"https:\/\/www.public.sn\/index.php\/wp-json\/wp\/v2\/users\/11"}],"replies":[{"embeddable":true,"href":"https:\/\/www.public.sn\/index.php\/wp-json\/wp\/v2\/comments?post=29950"}],"version-history":[{"count":1,"href":"https:\/\/www.public.sn\/index.php\/wp-json\/wp\/v2\/posts\/29950\/revisions"}],"predecessor-version":[{"id":29952,"href":"https:\/\/www.public.sn\/index.php\/wp-json\/wp\/v2\/posts\/29950\/revisions\/29952"}],"wp:featuredmedia":[{"embeddable":true,"href":"https:\/\/www.public.sn\/index.php\/wp-json\/wp\/v2\/media\/29951"}],"wp:attachment":[{"href":"https:\/\/www.public.sn\/index.php\/wp-json\/wp\/v2\/media?parent=29950"}],"wp:term":[{"taxonomy":"category","embeddable":true,"href":"https:\/\/www.public.sn\/index.php\/wp-json\/wp\/v2\/categories?post=29950"},{"taxonomy":"post_tag","embeddable":true,"href":"https:\/\/www.public.sn\/index.php\/wp-json\/wp\/v2\/tags?post=29950"}],"curies":[{"name":"wp","href":"https:\/\/api.w.org\/{rel}","templated":true}]}}