{"id":29967,"date":"2024-01-06T15:17:12","date_gmt":"2024-01-06T15:17:12","guid":{"rendered":"https:\/\/www.public.sn\/?p=29967"},"modified":"2024-01-06T15:17:12","modified_gmt":"2024-01-06T15:17:12","slug":"conseil-constitutionnel-son-dossier-rejete-le-candidat-ibrahima-datt-va-ester-en-justice","status":"publish","type":"post","link":"https:\/\/www.public.sn\/index.php\/2024\/01\/06\/conseil-constitutionnel-son-dossier-rejete-le-candidat-ibrahima-datt-va-ester-en-justice\/","title":{"rendered":"Conseil constitutionnel: Son dossier rejet\u00e9, le candidat Ibrahima Datt va ester en justice"},"content":{"rendered":"<p>La Commission de contr\u00f4le des parrainages a rejet\u00e9 le dossier du candidat Ibrahima Datt pour d\u00e9faut de casier judiciaire.<\/p><div class=\"publi-paragraphe1\" style=\"margin-top: 10px;margin-bottom: 10px;margin-left: auto;margin-right: auto;text-align: center;\" id=\"publi-3042350270\"><div class=\"publi-adlabel\">Publicit\u00e9<\/div><script async src=\"\/\/pagead2.googlesyndication.com\/pagead\/js\/adsbygoogle.js?client=ca-pub-4089586018074219\" crossorigin=\"anonymous\"><\/script><ins class=\"adsbygoogle\" style=\"display:block;\" data-ad-client=\"ca-pub-4089586018074219\" \ndata-ad-slot=\"2087940154\" \ndata-ad-format=\"auto\"><\/ins>\n<script> \n(adsbygoogle = window.adsbygoogle || []).push({}); \n<\/script>\n<\/div>\n<p>Le concern\u00e9 conteste cette d\u00e9cision prise le 02 janvier 2024, par le Conseil constitutionnel en ces termes:\u00a0\u00ab<em> Mon dossier est au complet. Je\u00a0vous annonce ici qu&rsquo;il n&rsquo;en est rien <\/em>\u00bb, a t-il r\u00e9agi dans un communiqu\u00e9.<\/p>\n<p>Et de pr\u00e9ciser: \u00ab S<em>i ce n&rsquo;\u00e9tait pas le cas, je n&rsquo;enverrait jamais mon mandataire au Conseil constitutionnel. A ce jour le Conseil Constitutionnel dispose de: Certificat de nationalit\u00e9, extraits de naissance, casier judiciaire, certificats de bonne vie et m\u0153urs, carte d&rsquo;identit\u00e9 biom\u00e9trique CEDEAO, attestation d&rsquo;investiture, d\u00e9claration sur l&rsquo;honneur que ma candidature est conforme \u00e0 la Constitution, d\u00e9claration sur l&rsquo;honneur que je suis en r\u00e8gle avec la l\u00e9gislation fiscale du S\u00e9n\u00e9gal, quittance confirm\u00e9e par l&rsquo;attestation du Directeur g\u00e9n\u00e9ral de la Caisse des D\u00e9p\u00f4ts et Consignations<\/em> \u00bb.<\/p>\n<p>Le pr\u00e9sident du Mouvement \u00abNouvelle Voie \u00bb, r\u00e9v\u00e8le toujours dans son communiqu\u00e9, que \u00ab <em>lors<\/em>\u00a0<em>du passage de son mandataire devant la commission de contr\u00f4le de parrainage, (passage qui a dur\u00e9 1minute durant laquelle )\u00ab ni sa cl\u00e9 USB ni ses fiches n&rsquo;ont \u00e9t\u00e9 exploit\u00e9es \u00bb.<\/em><\/p>\n<p>Selon le candidat, il lui a juste \u00e9t\u00e9 dit le <em>\u00ab dossier du candidat DATT est incomplet\u00bb, <\/em>avant d&rsquo;ajouter<em>:\u00a0\u00ab A ce jour je n&rsquo;ai re\u00e7u aucune notification de rejet ou d&rsquo;invalidation \u00bb. <\/em><\/p>\n<p>Par cons\u00e9quent, le. candidat recal\u00e9 se \u00ab <em>r\u00e9serve le droit de porter l&rsquo;affaire devant les juridictions comp\u00e9tentes pour que justice (<\/em>lui<em>) me soit rendue \u00bb.<\/em><\/p>\n<div class=\"publi-apres-le-contenu\" style=\"margin-top: 10px;margin-bottom: 10px;margin-left: auto;margin-right: auto;text-align: center;\" id=\"publi-4075755905\"><div class=\"publi-adlabel\">Publicit\u00e9<\/div><script async src=\"\/\/pagead2.googlesyndication.com\/pagead\/js\/adsbygoogle.js?client=ca-pub-4089586018074219\" crossorigin=\"anonymous\"><\/script><ins class=\"adsbygoogle\" style=\"display:block;\" data-ad-client=\"ca-pub-4089586018074219\" \ndata-ad-slot=\"2087940154\" \ndata-ad-format=\"auto\"><\/ins>\n<script> \n(adsbygoogle = window.adsbygoogle || []).push({}); \n<\/script>\n<\/div>","protected":false},"excerpt":{"rendered":"<p>La Commission de contr\u00f4le des parrainages a rejet\u00e9 le dossier du candidat Ibrahima Datt pour d\u00e9faut de casier judiciaire. Le concern\u00e9 conteste cette d\u00e9cision prise le 02 janvier 2024, par le Conseil constitutionnel en ces termes:\u00a0\u00ab Mon dossier est au complet. Je\u00a0vous annonce ici qu&rsquo;il n&rsquo;en est rien \u00bb, a t-il r\u00e9agi dans un communiqu\u00e9. Et de pr\u00e9ciser: \u00ab Si ce n&rsquo;\u00e9tait pas le cas, je n&rsquo;enverrait jamais mon mandataire au Conseil constitutionnel. A ce jour le Conseil Constitutionnel dispose de: Certificat de nationalit\u00e9, extraits de naissance, casier judiciaire, certificats de bonne vie et m\u0153urs, carte d&rsquo;identit\u00e9 biom\u00e9trique CEDEAO, attestation d&rsquo;investiture, d\u00e9claration sur l&rsquo;honneur que ma candidature est conforme \u00e0 la Constitution, d\u00e9claration sur l&rsquo;honneur que je suis en r\u00e8gle avec la l\u00e9gislation fiscale du S\u00e9n\u00e9gal, quittance confirm\u00e9e par l&rsquo;attestation du Directeur g\u00e9n\u00e9ral de la Caisse des D\u00e9p\u00f4ts et Consignations \u00bb. Le pr\u00e9sident du Mouvement \u00abNouvelle Voie \u00bb, r\u00e9v\u00e8le toujours dans son communiqu\u00e9, que \u00ab lors\u00a0du passage de son mandataire devant la commission de contr\u00f4le de parrainage, (passage qui a dur\u00e9 1minute durant laquelle )\u00ab ni sa cl\u00e9 USB ni ses fiches n&rsquo;ont \u00e9t\u00e9 exploit\u00e9es \u00bb. Selon le candidat, il lui a juste \u00e9t\u00e9 dit le \u00ab dossier du candidat DATT est incomplet\u00bb, avant d&rsquo;ajouter:\u00a0\u00ab A ce jour je n&rsquo;ai re\u00e7u aucune notification de rejet ou d&rsquo;invalidation \u00bb. Par cons\u00e9quent, le. candidat recal\u00e9 se \u00ab r\u00e9serve le droit de porter l&rsquo;affaire devant les juridictions comp\u00e9tentes pour que justice (lui) me soit rendue \u00bb.<\/p>\n","protected":false},"author":7,"featured_media":29969,"comment_status":"open","ping_status":"open","sticky":false,"template":"","format":"standard","meta":{"_jetpack_memberships_contains_paid_content":false,"footnotes":""},"categories":[375,3,372],"tags":[455,5379,5378],"class_list":["post-29967","post","type-post","status-publish","format-standard","has-post-thumbnail","hentry","category-actualites","category-politique","category-vedette","tag-conseil-constitutionnel","tag-ester-en-justice","tag-ibrahima-datt","entry","has-media","owp-thumbs-layout-horizontal","owp-btn-normal","owp-tabs-layout-horizontal","has-no-thumbnails","has-product-nav"],"yoast_head":"<!-- This site is optimized with the Yoast SEO plugin v25.5 - https:\/\/yoast.com\/wordpress\/plugins\/seo\/ -->\n<title>Conseil constitutionnel: Son dossier rejet\u00e9, le candidat Ibrahima Datt va ester en justice - LE PUBLIC<\/title>\n<meta name=\"robots\" content=\"index, follow, max-snippet:-1, max-image-preview:large, max-video-preview:-1\" \/>\n<link rel=\"canonical\" href=\"https:\/\/www.public.sn\/index.php\/2024\/01\/06\/conseil-constitutionnel-son-dossier-rejete-le-candidat-ibrahima-datt-va-ester-en-justice\/\" \/>\n<meta property=\"og:locale\" content=\"fr_FR\" \/>\n<meta property=\"og:type\" content=\"article\" \/>\n<meta property=\"og:title\" content=\"Conseil constitutionnel: Son dossier rejet\u00e9, le candidat Ibrahima Datt va ester en justice - LE PUBLIC\" \/>\n<meta property=\"og:description\" content=\"La Commission de contr\u00f4le des parrainages a rejet\u00e9 le dossier du candidat Ibrahima Datt pour d\u00e9faut de casier judiciaire. Le concern\u00e9 conteste cette d\u00e9cision prise le 02 janvier 2024, par le Conseil constitutionnel en ces termes:\u00a0\u00ab Mon dossier est au complet. Je\u00a0vous annonce ici qu&rsquo;il n&rsquo;en est rien \u00bb, a t-il r\u00e9agi dans un communiqu\u00e9. Et de pr\u00e9ciser: \u00ab Si ce n&rsquo;\u00e9tait pas le cas, je n&rsquo;enverrait jamais mon mandataire au Conseil constitutionnel. A ce jour le Conseil Constitutionnel dispose de: Certificat de nationalit\u00e9, extraits de naissance, casier judiciaire, certificats de bonne vie et m\u0153urs, carte d&rsquo;identit\u00e9 biom\u00e9trique CEDEAO, attestation d&rsquo;investiture, d\u00e9claration sur l&rsquo;honneur que ma candidature est conforme \u00e0 la Constitution, d\u00e9claration sur l&rsquo;honneur que je suis en r\u00e8gle avec la l\u00e9gislation fiscale du S\u00e9n\u00e9gal, quittance confirm\u00e9e par l&rsquo;attestation du Directeur g\u00e9n\u00e9ral de la Caisse des D\u00e9p\u00f4ts et Consignations \u00bb. Le pr\u00e9sident du Mouvement \u00abNouvelle Voie \u00bb, r\u00e9v\u00e8le toujours dans son communiqu\u00e9, que \u00ab lors\u00a0du passage de son mandataire devant la commission de contr\u00f4le de parrainage, (passage qui a dur\u00e9 1minute durant laquelle )\u00ab ni sa cl\u00e9 USB ni ses fiches n&rsquo;ont \u00e9t\u00e9 exploit\u00e9es \u00bb. Selon le candidat, il lui a juste \u00e9t\u00e9 dit le \u00ab dossier du candidat DATT est incomplet\u00bb, avant d&rsquo;ajouter:\u00a0\u00ab A ce jour je n&rsquo;ai re\u00e7u aucune notification de rejet ou d&rsquo;invalidation \u00bb. Par cons\u00e9quent, le. candidat recal\u00e9 se \u00ab r\u00e9serve le droit de porter l&rsquo;affaire devant les juridictions comp\u00e9tentes pour que justice (lui) me soit rendue \u00bb.\" \/>\n<meta property=\"og:url\" content=\"https:\/\/www.public.sn\/index.php\/2024\/01\/06\/conseil-constitutionnel-son-dossier-rejete-le-candidat-ibrahima-datt-va-ester-en-justice\/\" \/>\n<meta property=\"og:site_name\" content=\"LE PUBLIC\" \/>\n<meta property=\"article:published_time\" content=\"2024-01-06T15:17:12+00:00\" \/>\n<meta property=\"og:image\" content=\"https:\/\/www.public.sn\/wp-content\/uploads\/2024\/01\/77653728-56414343.jpg\" \/>\n\t<meta property=\"og:image:width\" content=\"563\" \/>\n\t<meta property=\"og:image:height\" content=\"563\" \/>\n\t<meta property=\"og:image:type\" content=\"image\/jpeg\" \/>\n<meta name=\"author\" content=\"LA REDACTION\" \/>\n<meta name=\"twitter:card\" content=\"summary_large_image\" \/>\n<meta name=\"twitter:label1\" content=\"\u00c9crit par\" \/>\n\t<meta name=\"twitter:data1\" content=\"LA REDACTION\" \/>\n\t<meta name=\"twitter:label2\" content=\"Dur\u00e9e de lecture estim\u00e9e\" \/>\n\t<meta name=\"twitter:data2\" content=\"2 minutes\" \/>\n<script type=\"application\/ld+json\" class=\"yoast-schema-graph\">{\"@context\":\"https:\/\/schema.org\",\"@graph\":[{\"@type\":\"Article\",\"@id\":\"https:\/\/www.public.sn\/index.php\/2024\/01\/06\/conseil-constitutionnel-son-dossier-rejete-le-candidat-ibrahima-datt-va-ester-en-justice\/#article\",\"isPartOf\":{\"@id\":\"https:\/\/www.public.sn\/index.php\/2024\/01\/06\/conseil-constitutionnel-son-dossier-rejete-le-candidat-ibrahima-datt-va-ester-en-justice\/\"},\"author\":{\"name\":\"LA REDACTION\",\"@id\":\"https:\/\/www.public.sn\/#\/schema\/person\/cb76c8e1b8becc6be61fb5e92d6d0224\"},\"headline\":\"Conseil constitutionnel: Son dossier rejet\u00e9, le candidat Ibrahima Datt va ester en justice\",\"datePublished\":\"2024-01-06T15:17:12+00:00\",\"mainEntityOfPage\":{\"@id\":\"https:\/\/www.public.sn\/index.php\/2024\/01\/06\/conseil-constitutionnel-son-dossier-rejete-le-candidat-ibrahima-datt-va-ester-en-justice\/\"},\"wordCount\":272,\"commentCount\":0,\"publisher\":{\"@id\":\"https:\/\/www.public.sn\/#organization\"},\"image\":{\"@id\":\"https:\/\/www.public.sn\/index.php\/2024\/01\/06\/conseil-constitutionnel-son-dossier-rejete-le-candidat-ibrahima-datt-va-ester-en-justice\/#primaryimage\"},\"thumbnailUrl\":\"https:\/\/www.public.sn\/wp-content\/uploads\/2024\/01\/77653728-56414343.jpg\",\"keywords\":[\"Conseil Constitutionnel\",\"ester en justice\",\"Ibrahima Datt\"],\"articleSection\":[\"ACTUALIT\u00c9S\",\"POLITIQUE\",\"VEDETTE\"],\"inLanguage\":\"fr-FR\",\"potentialAction\":[{\"@type\":\"CommentAction\",\"name\":\"Comment\",\"target\":[\"https:\/\/www.public.sn\/index.php\/2024\/01\/06\/conseil-constitutionnel-son-dossier-rejete-le-candidat-ibrahima-datt-va-ester-en-justice\/#respond\"]}]},{\"@type\":\"WebPage\",\"@id\":\"https:\/\/www.public.sn\/index.php\/2024\/01\/06\/conseil-constitutionnel-son-dossier-rejete-le-candidat-ibrahima-datt-va-ester-en-justice\/\",\"url\":\"https:\/\/www.public.sn\/index.php\/2024\/01\/06\/conseil-constitutionnel-son-dossier-rejete-le-candidat-ibrahima-datt-va-ester-en-justice\/\",\"name\":\"Conseil constitutionnel: Son dossier rejet\u00e9, le candidat Ibrahima Datt va ester en justice - LE PUBLIC\",\"isPartOf\":{\"@id\":\"https:\/\/www.public.sn\/#website\"},\"primaryImageOfPage\":{\"@id\":\"https:\/\/www.public.sn\/index.php\/2024\/01\/06\/conseil-constitutionnel-son-dossier-rejete-le-candidat-ibrahima-datt-va-ester-en-justice\/#primaryimage\"},\"image\":{\"@id\":\"https:\/\/www.public.sn\/index.php\/2024\/01\/06\/conseil-constitutionnel-son-dossier-rejete-le-candidat-ibrahima-datt-va-ester-en-justice\/#primaryimage\"},\"thumbnailUrl\":\"https:\/\/www.public.sn\/wp-content\/uploads\/2024\/01\/77653728-56414343.jpg\",\"datePublished\":\"2024-01-06T15:17:12+00:00\",\"breadcrumb\":{\"@id\":\"https:\/\/www.public.sn\/index.php\/2024\/01\/06\/conseil-constitutionnel-son-dossier-rejete-le-candidat-ibrahima-datt-va-ester-en-justice\/#breadcrumb\"},\"inLanguage\":\"fr-FR\",\"potentialAction\":[{\"@type\":\"ReadAction\",\"target\":[\"https:\/\/www.public.sn\/index.php\/2024\/01\/06\/conseil-constitutionnel-son-dossier-rejete-le-candidat-ibrahima-datt-va-ester-en-justice\/\"]}]},{\"@type\":\"ImageObject\",\"inLanguage\":\"fr-FR\",\"@id\":\"https:\/\/www.public.sn\/index.php\/2024\/01\/06\/conseil-constitutionnel-son-dossier-rejete-le-candidat-ibrahima-datt-va-ester-en-justice\/#primaryimage\",\"url\":\"https:\/\/www.public.sn\/wp-content\/uploads\/2024\/01\/77653728-56414343.jpg\",\"contentUrl\":\"https:\/\/www.public.sn\/wp-content\/uploads\/2024\/01\/77653728-56414343.jpg\",\"width\":563,\"height\":563},{\"@type\":\"BreadcrumbList\",\"@id\":\"https:\/\/www.public.sn\/index.php\/2024\/01\/06\/conseil-constitutionnel-son-dossier-rejete-le-candidat-ibrahima-datt-va-ester-en-justice\/#breadcrumb\",\"itemListElement\":[{\"@type\":\"ListItem\",\"position\":1,\"name\":\"Accueil\",\"item\":\"https:\/\/www.public.sn\/\"},{\"@type\":\"ListItem\",\"position\":2,\"name\":\"Conseil constitutionnel: Son dossier rejet\u00e9, le candidat Ibrahima Datt va ester en justice\"}]},{\"@type\":\"WebSite\",\"@id\":\"https:\/\/www.public.sn\/#website\",\"url\":\"https:\/\/www.public.sn\/\",\"name\":\"LE PUBLIC\",\"description\":\"\",\"publisher\":{\"@id\":\"https:\/\/www.public.sn\/#organization\"},\"potentialAction\":[{\"@type\":\"SearchAction\",\"target\":{\"@type\":\"EntryPoint\",\"urlTemplate\":\"https:\/\/www.public.sn\/?s={search_term_string}\"},\"query-input\":{\"@type\":\"PropertyValueSpecification\",\"valueRequired\":true,\"valueName\":\"search_term_string\"}}],\"inLanguage\":\"fr-FR\"},{\"@type\":\"Organization\",\"@id\":\"https:\/\/www.public.sn\/#organization\",\"name\":\"LE PUBLIC\",\"url\":\"https:\/\/www.public.sn\/\",\"logo\":{\"@type\":\"ImageObject\",\"inLanguage\":\"fr-FR\",\"@id\":\"https:\/\/www.public.sn\/#\/schema\/logo\/image\/\",\"url\":\"https:\/\/www.public.sn\/wp-content\/uploads\/2024\/05\/cropped-LOGO-PUBLIC.SN_.png\",\"contentUrl\":\"https:\/\/www.public.sn\/wp-content\/uploads\/2024\/05\/cropped-LOGO-PUBLIC.SN_.png\",\"width\":682,\"height\":192,\"caption\":\"LE PUBLIC\"},\"image\":{\"@id\":\"https:\/\/www.public.sn\/#\/schema\/logo\/image\/\"}},{\"@type\":\"Person\",\"@id\":\"https:\/\/www.public.sn\/#\/schema\/person\/cb76c8e1b8becc6be61fb5e92d6d0224\",\"name\":\"LA REDACTION\",\"image\":{\"@type\":\"ImageObject\",\"inLanguage\":\"fr-FR\",\"@id\":\"https:\/\/www.public.sn\/#\/schema\/person\/image\/\",\"url\":\"https:\/\/secure.gravatar.com\/avatar\/2dce5ddd34b8fef0180efe03aa2a9bee7d953856048f9a16b298190a3178407c?s=96&d=mm&r=g\",\"contentUrl\":\"https:\/\/secure.gravatar.com\/avatar\/2dce5ddd34b8fef0180efe03aa2a9bee7d953856048f9a16b298190a3178407c?s=96&d=mm&r=g\",\"caption\":\"LA REDACTION\"},\"url\":\"https:\/\/www.public.sn\/index.php\/author\/editeurpsn\/\"}]}<\/script>\n<!-- \/ Yoast SEO plugin. -->","yoast_head_json":{"title":"Conseil constitutionnel: Son dossier rejet\u00e9, le candidat Ibrahima Datt va ester en justice - LE PUBLIC","robots":{"index":"index","follow":"follow","max-snippet":"max-snippet:-1","max-image-preview":"max-image-preview:large","max-video-preview":"max-video-preview:-1"},"canonical":"https:\/\/www.public.sn\/index.php\/2024\/01\/06\/conseil-constitutionnel-son-dossier-rejete-le-candidat-ibrahima-datt-va-ester-en-justice\/","og_locale":"fr_FR","og_type":"article","og_title":"Conseil constitutionnel: Son dossier rejet\u00e9, le candidat Ibrahima Datt va ester en justice - LE PUBLIC","og_description":"La Commission de contr\u00f4le des parrainages a rejet\u00e9 le dossier du candidat Ibrahima Datt pour d\u00e9faut de casier judiciaire. Le concern\u00e9 conteste cette d\u00e9cision prise le 02 janvier 2024, par le Conseil constitutionnel en ces termes:\u00a0\u00ab Mon dossier est au complet. Je\u00a0vous annonce ici qu&rsquo;il n&rsquo;en est rien \u00bb, a t-il r\u00e9agi dans un communiqu\u00e9. Et de pr\u00e9ciser: \u00ab Si ce n&rsquo;\u00e9tait pas le cas, je n&rsquo;enverrait jamais mon mandataire au Conseil constitutionnel. A ce jour le Conseil Constitutionnel dispose de: Certificat de nationalit\u00e9, extraits de naissance, casier judiciaire, certificats de bonne vie et m\u0153urs, carte d&rsquo;identit\u00e9 biom\u00e9trique CEDEAO, attestation d&rsquo;investiture, d\u00e9claration sur l&rsquo;honneur que ma candidature est conforme \u00e0 la Constitution, d\u00e9claration sur l&rsquo;honneur que je suis en r\u00e8gle avec la l\u00e9gislation fiscale du S\u00e9n\u00e9gal, quittance confirm\u00e9e par l&rsquo;attestation du Directeur g\u00e9n\u00e9ral de la Caisse des D\u00e9p\u00f4ts et Consignations \u00bb. Le pr\u00e9sident du Mouvement \u00abNouvelle Voie \u00bb, r\u00e9v\u00e8le toujours dans son communiqu\u00e9, que \u00ab lors\u00a0du passage de son mandataire devant la commission de contr\u00f4le de parrainage, (passage qui a dur\u00e9 1minute durant laquelle )\u00ab ni sa cl\u00e9 USB ni ses fiches n&rsquo;ont \u00e9t\u00e9 exploit\u00e9es \u00bb. Selon le candidat, il lui a juste \u00e9t\u00e9 dit le \u00ab dossier du candidat DATT est incomplet\u00bb, avant d&rsquo;ajouter:\u00a0\u00ab A ce jour je n&rsquo;ai re\u00e7u aucune notification de rejet ou d&rsquo;invalidation \u00bb. Par cons\u00e9quent, le. candidat recal\u00e9 se \u00ab r\u00e9serve le droit de porter l&rsquo;affaire devant les juridictions comp\u00e9tentes pour que justice (lui) me soit rendue \u00bb.","og_url":"https:\/\/www.public.sn\/index.php\/2024\/01\/06\/conseil-constitutionnel-son-dossier-rejete-le-candidat-ibrahima-datt-va-ester-en-justice\/","og_site_name":"LE PUBLIC","article_published_time":"2024-01-06T15:17:12+00:00","og_image":[{"width":563,"height":563,"url":"https:\/\/www.public.sn\/wp-content\/uploads\/2024\/01\/77653728-56414343.jpg","type":"image\/jpeg"}],"author":"LA REDACTION","twitter_card":"summary_large_image","twitter_misc":{"\u00c9crit par":"LA REDACTION","Dur\u00e9e de lecture estim\u00e9e":"2 minutes"},"schema":{"@context":"https:\/\/schema.org","@graph":[{"@type":"Article","@id":"https:\/\/www.public.sn\/index.php\/2024\/01\/06\/conseil-constitutionnel-son-dossier-rejete-le-candidat-ibrahima-datt-va-ester-en-justice\/#article","isPartOf":{"@id":"https:\/\/www.public.sn\/index.php\/2024\/01\/06\/conseil-constitutionnel-son-dossier-rejete-le-candidat-ibrahima-datt-va-ester-en-justice\/"},"author":{"name":"LA REDACTION","@id":"https:\/\/www.public.sn\/#\/schema\/person\/cb76c8e1b8becc6be61fb5e92d6d0224"},"headline":"Conseil constitutionnel: Son dossier rejet\u00e9, le candidat Ibrahima Datt va ester en justice","datePublished":"2024-01-06T15:17:12+00:00","mainEntityOfPage":{"@id":"https:\/\/www.public.sn\/index.php\/2024\/01\/06\/conseil-constitutionnel-son-dossier-rejete-le-candidat-ibrahima-datt-va-ester-en-justice\/"},"wordCount":272,"commentCount":0,"publisher":{"@id":"https:\/\/www.public.sn\/#organization"},"image":{"@id":"https:\/\/www.public.sn\/index.php\/2024\/01\/06\/conseil-constitutionnel-son-dossier-rejete-le-candidat-ibrahima-datt-va-ester-en-justice\/#primaryimage"},"thumbnailUrl":"https:\/\/www.public.sn\/wp-content\/uploads\/2024\/01\/77653728-56414343.jpg","keywords":["Conseil Constitutionnel","ester en justice","Ibrahima Datt"],"articleSection":["ACTUALIT\u00c9S","POLITIQUE","VEDETTE"],"inLanguage":"fr-FR","potentialAction":[{"@type":"CommentAction","name":"Comment","target":["https:\/\/www.public.sn\/index.php\/2024\/01\/06\/conseil-constitutionnel-son-dossier-rejete-le-candidat-ibrahima-datt-va-ester-en-justice\/#respond"]}]},{"@type":"WebPage","@id":"https:\/\/www.public.sn\/index.php\/2024\/01\/06\/conseil-constitutionnel-son-dossier-rejete-le-candidat-ibrahima-datt-va-ester-en-justice\/","url":"https:\/\/www.public.sn\/index.php\/2024\/01\/06\/conseil-constitutionnel-son-dossier-rejete-le-candidat-ibrahima-datt-va-ester-en-justice\/","name":"Conseil constitutionnel: Son dossier rejet\u00e9, le candidat Ibrahima Datt va ester en justice - LE PUBLIC","isPartOf":{"@id":"https:\/\/www.public.sn\/#website"},"primaryImageOfPage":{"@id":"https:\/\/www.public.sn\/index.php\/2024\/01\/06\/conseil-constitutionnel-son-dossier-rejete-le-candidat-ibrahima-datt-va-ester-en-justice\/#primaryimage"},"image":{"@id":"https:\/\/www.public.sn\/index.php\/2024\/01\/06\/conseil-constitutionnel-son-dossier-rejete-le-candidat-ibrahima-datt-va-ester-en-justice\/#primaryimage"},"thumbnailUrl":"https:\/\/www.public.sn\/wp-content\/uploads\/2024\/01\/77653728-56414343.jpg","datePublished":"2024-01-06T15:17:12+00:00","breadcrumb":{"@id":"https:\/\/www.public.sn\/index.php\/2024\/01\/06\/conseil-constitutionnel-son-dossier-rejete-le-candidat-ibrahima-datt-va-ester-en-justice\/#breadcrumb"},"inLanguage":"fr-FR","potentialAction":[{"@type":"ReadAction","target":["https:\/\/www.public.sn\/index.php\/2024\/01\/06\/conseil-constitutionnel-son-dossier-rejete-le-candidat-ibrahima-datt-va-ester-en-justice\/"]}]},{"@type":"ImageObject","inLanguage":"fr-FR","@id":"https:\/\/www.public.sn\/index.php\/2024\/01\/06\/conseil-constitutionnel-son-dossier-rejete-le-candidat-ibrahima-datt-va-ester-en-justice\/#primaryimage","url":"https:\/\/www.public.sn\/wp-content\/uploads\/2024\/01\/77653728-56414343.jpg","contentUrl":"https:\/\/www.public.sn\/wp-content\/uploads\/2024\/01\/77653728-56414343.jpg","width":563,"height":563},{"@type":"BreadcrumbList","@id":"https:\/\/www.public.sn\/index.php\/2024\/01\/06\/conseil-constitutionnel-son-dossier-rejete-le-candidat-ibrahima-datt-va-ester-en-justice\/#breadcrumb","itemListElement":[{"@type":"ListItem","position":1,"name":"Accueil","item":"https:\/\/www.public.sn\/"},{"@type":"ListItem","position":2,"name":"Conseil constitutionnel: Son dossier rejet\u00e9, le candidat Ibrahima Datt va ester en justice"}]},{"@type":"WebSite","@id":"https:\/\/www.public.sn\/#website","url":"https:\/\/www.public.sn\/","name":"LE PUBLIC","description":"","publisher":{"@id":"https:\/\/www.public.sn\/#organization"},"potentialAction":[{"@type":"SearchAction","target":{"@type":"EntryPoint","urlTemplate":"https:\/\/www.public.sn\/?s={search_term_string}"},"query-input":{"@type":"PropertyValueSpecification","valueRequired":true,"valueName":"search_term_string"}}],"inLanguage":"fr-FR"},{"@type":"Organization","@id":"https:\/\/www.public.sn\/#organization","name":"LE PUBLIC","url":"https:\/\/www.public.sn\/","logo":{"@type":"ImageObject","inLanguage":"fr-FR","@id":"https:\/\/www.public.sn\/#\/schema\/logo\/image\/","url":"https:\/\/www.public.sn\/wp-content\/uploads\/2024\/05\/cropped-LOGO-PUBLIC.SN_.png","contentUrl":"https:\/\/www.public.sn\/wp-content\/uploads\/2024\/05\/cropped-LOGO-PUBLIC.SN_.png","width":682,"height":192,"caption":"LE PUBLIC"},"image":{"@id":"https:\/\/www.public.sn\/#\/schema\/logo\/image\/"}},{"@type":"Person","@id":"https:\/\/www.public.sn\/#\/schema\/person\/cb76c8e1b8becc6be61fb5e92d6d0224","name":"LA REDACTION","image":{"@type":"ImageObject","inLanguage":"fr-FR","@id":"https:\/\/www.public.sn\/#\/schema\/person\/image\/","url":"https:\/\/secure.gravatar.com\/avatar\/2dce5ddd34b8fef0180efe03aa2a9bee7d953856048f9a16b298190a3178407c?s=96&d=mm&r=g","contentUrl":"https:\/\/secure.gravatar.com\/avatar\/2dce5ddd34b8fef0180efe03aa2a9bee7d953856048f9a16b298190a3178407c?s=96&d=mm&r=g","caption":"LA REDACTION"},"url":"https:\/\/www.public.sn\/index.php\/author\/editeurpsn\/"}]}},"jetpack_featured_media_url":"https:\/\/www.public.sn\/wp-content\/uploads\/2024\/01\/77653728-56414343.jpg","jetpack_sharing_enabled":true,"_links":{"self":[{"href":"https:\/\/www.public.sn\/index.php\/wp-json\/wp\/v2\/posts\/29967","targetHints":{"allow":["GET"]}}],"collection":[{"href":"https:\/\/www.public.sn\/index.php\/wp-json\/wp\/v2\/posts"}],"about":[{"href":"https:\/\/www.public.sn\/index.php\/wp-json\/wp\/v2\/types\/post"}],"author":[{"embeddable":true,"href":"https:\/\/www.public.sn\/index.php\/wp-json\/wp\/v2\/users\/7"}],"replies":[{"embeddable":true,"href":"https:\/\/www.public.sn\/index.php\/wp-json\/wp\/v2\/comments?post=29967"}],"version-history":[{"count":1,"href":"https:\/\/www.public.sn\/index.php\/wp-json\/wp\/v2\/posts\/29967\/revisions"}],"predecessor-version":[{"id":29970,"href":"https:\/\/www.public.sn\/index.php\/wp-json\/wp\/v2\/posts\/29967\/revisions\/29970"}],"wp:featuredmedia":[{"embeddable":true,"href":"https:\/\/www.public.sn\/index.php\/wp-json\/wp\/v2\/media\/29969"}],"wp:attachment":[{"href":"https:\/\/www.public.sn\/index.php\/wp-json\/wp\/v2\/media?parent=29967"}],"wp:term":[{"taxonomy":"category","embeddable":true,"href":"https:\/\/www.public.sn\/index.php\/wp-json\/wp\/v2\/categories?post=29967"},{"taxonomy":"post_tag","embeddable":true,"href":"https:\/\/www.public.sn\/index.php\/wp-json\/wp\/v2\/tags?post=29967"}],"curies":[{"name":"wp","href":"https:\/\/api.w.org\/{rel}","templated":true}]}}