{"id":2998,"date":"2022-09-26T21:41:58","date_gmt":"2022-09-26T21:41:58","guid":{"rendered":"https:\/\/www.public.sn\/?p=2998"},"modified":"2022-09-26T21:41:59","modified_gmt":"2022-09-26T21:41:59","slug":"installation-de-la-14e-legislature-sonko-nous-assumons-pleinement-lattitude-des-deputes-de-yaw-publicsn-tv","status":"publish","type":"post","link":"https:\/\/www.public.sn\/index.php\/2022\/09\/26\/installation-de-la-14e-legislature-sonko-nous-assumons-pleinement-lattitude-des-deputes-de-yaw-publicsn-tv\/","title":{"rendered":"Installation de la 14e L\u00e9gislature \/ Sonko : \u00ab Nous assumons pleinement l&rsquo;attitude des d\u00e9put\u00e9s de YAW \u00bb (PublicSN TV)"},"content":{"rendered":"<p><b>Beaucoup de S\u00e9n\u00e9galais ont d\u00e9cri\u00e9 le comportement de certains d\u00e9put\u00e9s de l&rsquo;opposition lors de l&rsquo;installation de la 14e L\u00e9gislature. Mais, il semble bien qu&rsquo;ils ont eu l&rsquo;avale de leurs sup\u00e9rieurs. Du moins c&rsquo;est ce qu&rsquo;on peut retenir de la sortie de Ousmane Sonko. Face \u00e0 la presse ce lundi 26 septembre, avec les leaders de Yewwi Askan Wi, le pr\u00e9sident du Parti Pastef| Les Patriotes a dit clairement qu&rsquo;ils assument pleinement l&rsquo;attitude des d\u00e9put\u00e9s de Yaw.<\/b><\/p><div class=\"publi-paragraphe1\" style=\"margin-top: 10px;margin-bottom: 10px;margin-left: auto;margin-right: auto;text-align: center;\" id=\"publi-139833408\"><div class=\"publi-adlabel\">Publicit\u00e9<\/div><script async src=\"\/\/pagead2.googlesyndication.com\/pagead\/js\/adsbygoogle.js?client=ca-pub-4089586018074219\" crossorigin=\"anonymous\"><\/script><ins class=\"adsbygoogle\" style=\"display:block;\" data-ad-client=\"ca-pub-4089586018074219\" \ndata-ad-slot=\"2087940154\" \ndata-ad-format=\"auto\"><\/ins>\n<script> \n(adsbygoogle = window.adsbygoogle || []).push({}); \n<\/script>\n<\/div>\n<p><strong>Regardez !<\/strong><\/p>\n<p><iframe title=\"Installation de la 14 L\u00e9gislature Sonko\" src=\"https:\/\/www.youtube.com\/embed\/xXT2_21sHbA\" width=\"727\" height=\"409\" frameborder=\"0\" allowfullscreen=\"allowfullscreen\"><\/iframe><\/p>\n<div class=\"publi-apres-le-contenu\" style=\"margin-top: 10px;margin-bottom: 10px;margin-left: auto;margin-right: auto;text-align: center;\" id=\"publi-2380226712\"><div class=\"publi-adlabel\">Publicit\u00e9<\/div><script async src=\"\/\/pagead2.googlesyndication.com\/pagead\/js\/adsbygoogle.js?client=ca-pub-4089586018074219\" crossorigin=\"anonymous\"><\/script><ins class=\"adsbygoogle\" style=\"display:block;\" data-ad-client=\"ca-pub-4089586018074219\" \ndata-ad-slot=\"2087940154\" \ndata-ad-format=\"auto\"><\/ins>\n<script> \n(adsbygoogle = window.adsbygoogle || []).push({}); \n<\/script>\n<\/div>","protected":false},"excerpt":{"rendered":"<p>Beaucoup de S\u00e9n\u00e9galais ont d\u00e9cri\u00e9 le comportement de certains d\u00e9put\u00e9s de l&rsquo;opposition lors de l&rsquo;installation de la 14e L\u00e9gislature. Mais, il semble bien qu&rsquo;ils ont eu l&rsquo;avale de leurs sup\u00e9rieurs. Du moins c&rsquo;est ce qu&rsquo;on peut retenir de la sortie de Ousmane Sonko. Face \u00e0 la presse ce lundi 26 septembre, avec les leaders de Yewwi Askan Wi, le pr\u00e9sident du Parti Pastef| Les Patriotes a dit clairement qu&rsquo;ils assument pleinement l&rsquo;attitude des d\u00e9put\u00e9s de Yaw. Regardez !<\/p>\n","protected":false},"author":1,"featured_media":418,"comment_status":"open","ping_status":"open","sticky":false,"template":"","format":"standard","meta":{"_jetpack_memberships_contains_paid_content":false,"footnotes":""},"categories":[375,3,8,1,6],"tags":[12,112,16],"class_list":["post-2998","post","type-post","status-publish","format-standard","has-post-thumbnail","hentry","category-actualites","category-politique","category-public-tv","category-non-classe","category-videos","tag-assemblee-nationale","tag-guy-marius-sagna","tag-ousmane-sonko","entry","has-media","owp-thumbs-layout-horizontal","owp-btn-normal","owp-tabs-layout-horizontal","has-no-thumbnails","has-product-nav"],"yoast_head":"<!-- This site is optimized with the Yoast SEO plugin v25.5 - https:\/\/yoast.com\/wordpress\/plugins\/seo\/ -->\n<title>Installation de la 14e L\u00e9gislature \/ Sonko : \u00ab Nous assumons pleinement l&#039;attitude des d\u00e9put\u00e9s de YAW \u00bb (PublicSN TV) - LE PUBLIC<\/title>\n<meta name=\"robots\" content=\"index, follow, max-snippet:-1, max-image-preview:large, max-video-preview:-1\" \/>\n<link rel=\"canonical\" href=\"https:\/\/www.public.sn\/index.php\/2022\/09\/26\/installation-de-la-14e-legislature-sonko-nous-assumons-pleinement-lattitude-des-deputes-de-yaw-publicsn-tv\/\" \/>\n<meta property=\"og:locale\" content=\"fr_FR\" \/>\n<meta property=\"og:type\" content=\"article\" \/>\n<meta property=\"og:title\" content=\"Installation de la 14e L\u00e9gislature \/ Sonko : \u00ab Nous assumons pleinement l&#039;attitude des d\u00e9put\u00e9s de YAW \u00bb (PublicSN TV) - LE PUBLIC\" \/>\n<meta property=\"og:description\" content=\"Beaucoup de S\u00e9n\u00e9galais ont d\u00e9cri\u00e9 le comportement de certains d\u00e9put\u00e9s de l&rsquo;opposition lors de l&rsquo;installation de la 14e L\u00e9gislature. Mais, il semble bien qu&rsquo;ils ont eu l&rsquo;avale de leurs sup\u00e9rieurs. Du moins c&rsquo;est ce qu&rsquo;on peut retenir de la sortie de Ousmane Sonko. Face \u00e0 la presse ce lundi 26 septembre, avec les leaders de Yewwi Askan Wi, le pr\u00e9sident du Parti Pastef| Les Patriotes a dit clairement qu&rsquo;ils assument pleinement l&rsquo;attitude des d\u00e9put\u00e9s de Yaw. Regardez !\" \/>\n<meta property=\"og:url\" content=\"https:\/\/www.public.sn\/index.php\/2022\/09\/26\/installation-de-la-14e-legislature-sonko-nous-assumons-pleinement-lattitude-des-deputes-de-yaw-publicsn-tv\/\" \/>\n<meta property=\"og:site_name\" content=\"LE PUBLIC\" \/>\n<meta property=\"article:published_time\" content=\"2022-09-26T21:41:58+00:00\" \/>\n<meta property=\"article:modified_time\" content=\"2022-09-26T21:41:59+00:00\" \/>\n<meta property=\"og:image\" content=\"https:\/\/www.public.sn\/wp-content\/uploads\/2022\/08\/sonko-itv2.jpeg\" \/>\n\t<meta property=\"og:image:width\" content=\"800\" \/>\n\t<meta property=\"og:image:height\" content=\"478\" \/>\n\t<meta property=\"og:image:type\" content=\"image\/jpeg\" \/>\n<meta name=\"author\" content=\"LA REDACTION\" \/>\n<meta name=\"twitter:card\" content=\"summary_large_image\" \/>\n<meta name=\"twitter:label1\" content=\"\u00c9crit par\" \/>\n\t<meta name=\"twitter:data1\" content=\"LA REDACTION\" \/>\n\t<meta name=\"twitter:label2\" content=\"Dur\u00e9e de lecture estim\u00e9e\" \/>\n\t<meta name=\"twitter:data2\" content=\"1 minute\" \/>\n<script type=\"application\/ld+json\" class=\"yoast-schema-graph\">{\"@context\":\"https:\/\/schema.org\",\"@graph\":[{\"@type\":\"Article\",\"@id\":\"https:\/\/www.public.sn\/index.php\/2022\/09\/26\/installation-de-la-14e-legislature-sonko-nous-assumons-pleinement-lattitude-des-deputes-de-yaw-publicsn-tv\/#article\",\"isPartOf\":{\"@id\":\"https:\/\/www.public.sn\/index.php\/2022\/09\/26\/installation-de-la-14e-legislature-sonko-nous-assumons-pleinement-lattitude-des-deputes-de-yaw-publicsn-tv\/\"},\"author\":{\"name\":\"LA REDACTION\",\"@id\":\"https:\/\/www.public.sn\/#\/schema\/person\/e3f4a11b037d4203902db148f9bc8d5a\"},\"headline\":\"Installation de la 14e L\u00e9gislature \/ Sonko : \u00ab Nous assumons pleinement l&rsquo;attitude des d\u00e9put\u00e9s de YAW \u00bb (PublicSN TV)\",\"datePublished\":\"2022-09-26T21:41:58+00:00\",\"dateModified\":\"2022-09-26T21:41:59+00:00\",\"mainEntityOfPage\":{\"@id\":\"https:\/\/www.public.sn\/index.php\/2022\/09\/26\/installation-de-la-14e-legislature-sonko-nous-assumons-pleinement-lattitude-des-deputes-de-yaw-publicsn-tv\/\"},\"wordCount\":104,\"commentCount\":0,\"publisher\":{\"@id\":\"https:\/\/www.public.sn\/#organization\"},\"image\":{\"@id\":\"https:\/\/www.public.sn\/index.php\/2022\/09\/26\/installation-de-la-14e-legislature-sonko-nous-assumons-pleinement-lattitude-des-deputes-de-yaw-publicsn-tv\/#primaryimage\"},\"thumbnailUrl\":\"https:\/\/www.public.sn\/wp-content\/uploads\/2022\/08\/sonko-itv2.jpeg\",\"keywords\":[\"Assembl\u00e9e Nationale\",\"Guy Marius Sagna\",\"Ousmane Sonko\"],\"articleSection\":[\"ACTUALIT\u00c9S\",\"POLITIQUE\",\"PUBLIC TV\",\"S\u00c9N\u00c9GAL\",\"VIDEOS\"],\"inLanguage\":\"fr-FR\",\"potentialAction\":[{\"@type\":\"CommentAction\",\"name\":\"Comment\",\"target\":[\"https:\/\/www.public.sn\/index.php\/2022\/09\/26\/installation-de-la-14e-legislature-sonko-nous-assumons-pleinement-lattitude-des-deputes-de-yaw-publicsn-tv\/#respond\"]}]},{\"@type\":\"WebPage\",\"@id\":\"https:\/\/www.public.sn\/index.php\/2022\/09\/26\/installation-de-la-14e-legislature-sonko-nous-assumons-pleinement-lattitude-des-deputes-de-yaw-publicsn-tv\/\",\"url\":\"https:\/\/www.public.sn\/index.php\/2022\/09\/26\/installation-de-la-14e-legislature-sonko-nous-assumons-pleinement-lattitude-des-deputes-de-yaw-publicsn-tv\/\",\"name\":\"Installation de la 14e L\u00e9gislature \/ Sonko : \u00ab Nous assumons pleinement l'attitude des d\u00e9put\u00e9s de YAW \u00bb (PublicSN TV) - LE PUBLIC\",\"isPartOf\":{\"@id\":\"https:\/\/www.public.sn\/#website\"},\"primaryImageOfPage\":{\"@id\":\"https:\/\/www.public.sn\/index.php\/2022\/09\/26\/installation-de-la-14e-legislature-sonko-nous-assumons-pleinement-lattitude-des-deputes-de-yaw-publicsn-tv\/#primaryimage\"},\"image\":{\"@id\":\"https:\/\/www.public.sn\/index.php\/2022\/09\/26\/installation-de-la-14e-legislature-sonko-nous-assumons-pleinement-lattitude-des-deputes-de-yaw-publicsn-tv\/#primaryimage\"},\"thumbnailUrl\":\"https:\/\/www.public.sn\/wp-content\/uploads\/2022\/08\/sonko-itv2.jpeg\",\"datePublished\":\"2022-09-26T21:41:58+00:00\",\"dateModified\":\"2022-09-26T21:41:59+00:00\",\"breadcrumb\":{\"@id\":\"https:\/\/www.public.sn\/index.php\/2022\/09\/26\/installation-de-la-14e-legislature-sonko-nous-assumons-pleinement-lattitude-des-deputes-de-yaw-publicsn-tv\/#breadcrumb\"},\"inLanguage\":\"fr-FR\",\"potentialAction\":[{\"@type\":\"ReadAction\",\"target\":[\"https:\/\/www.public.sn\/index.php\/2022\/09\/26\/installation-de-la-14e-legislature-sonko-nous-assumons-pleinement-lattitude-des-deputes-de-yaw-publicsn-tv\/\"]}]},{\"@type\":\"ImageObject\",\"inLanguage\":\"fr-FR\",\"@id\":\"https:\/\/www.public.sn\/index.php\/2022\/09\/26\/installation-de-la-14e-legislature-sonko-nous-assumons-pleinement-lattitude-des-deputes-de-yaw-publicsn-tv\/#primaryimage\",\"url\":\"https:\/\/www.public.sn\/wp-content\/uploads\/2022\/08\/sonko-itv2.jpeg\",\"contentUrl\":\"https:\/\/www.public.sn\/wp-content\/uploads\/2022\/08\/sonko-itv2.jpeg\",\"width\":800,\"height\":478},{\"@type\":\"BreadcrumbList\",\"@id\":\"https:\/\/www.public.sn\/index.php\/2022\/09\/26\/installation-de-la-14e-legislature-sonko-nous-assumons-pleinement-lattitude-des-deputes-de-yaw-publicsn-tv\/#breadcrumb\",\"itemListElement\":[{\"@type\":\"ListItem\",\"position\":1,\"name\":\"Accueil\",\"item\":\"https:\/\/www.public.sn\/\"},{\"@type\":\"ListItem\",\"position\":2,\"name\":\"Installation de la 14e L\u00e9gislature \/ Sonko : \u00ab Nous assumons pleinement l&rsquo;attitude des d\u00e9put\u00e9s de YAW \u00bb (PublicSN TV)\"}]},{\"@type\":\"WebSite\",\"@id\":\"https:\/\/www.public.sn\/#website\",\"url\":\"https:\/\/www.public.sn\/\",\"name\":\"LE PUBLIC\",\"description\":\"\",\"publisher\":{\"@id\":\"https:\/\/www.public.sn\/#organization\"},\"potentialAction\":[{\"@type\":\"SearchAction\",\"target\":{\"@type\":\"EntryPoint\",\"urlTemplate\":\"https:\/\/www.public.sn\/?s={search_term_string}\"},\"query-input\":{\"@type\":\"PropertyValueSpecification\",\"valueRequired\":true,\"valueName\":\"search_term_string\"}}],\"inLanguage\":\"fr-FR\"},{\"@type\":\"Organization\",\"@id\":\"https:\/\/www.public.sn\/#organization\",\"name\":\"LE PUBLIC\",\"url\":\"https:\/\/www.public.sn\/\",\"logo\":{\"@type\":\"ImageObject\",\"inLanguage\":\"fr-FR\",\"@id\":\"https:\/\/www.public.sn\/#\/schema\/logo\/image\/\",\"url\":\"https:\/\/www.public.sn\/wp-content\/uploads\/2024\/05\/cropped-LOGO-PUBLIC.SN_.png\",\"contentUrl\":\"https:\/\/www.public.sn\/wp-content\/uploads\/2024\/05\/cropped-LOGO-PUBLIC.SN_.png\",\"width\":682,\"height\":192,\"caption\":\"LE PUBLIC\"},\"image\":{\"@id\":\"https:\/\/www.public.sn\/#\/schema\/logo\/image\/\"}},{\"@type\":\"Person\",\"@id\":\"https:\/\/www.public.sn\/#\/schema\/person\/e3f4a11b037d4203902db148f9bc8d5a\",\"name\":\"LA REDACTION\",\"image\":{\"@type\":\"ImageObject\",\"inLanguage\":\"fr-FR\",\"@id\":\"https:\/\/www.public.sn\/#\/schema\/person\/image\/\",\"url\":\"https:\/\/secure.gravatar.com\/avatar\/d6c030db45db2883c075085c5d6c6258654a801a93766b49af0b82d4f454e2a5?s=96&d=mm&r=g\",\"contentUrl\":\"https:\/\/secure.gravatar.com\/avatar\/d6c030db45db2883c075085c5d6c6258654a801a93766b49af0b82d4f454e2a5?s=96&d=mm&r=g\",\"caption\":\"LA REDACTION\"},\"sameAs\":[\"http:\/\/www.public.sn\"],\"url\":\"https:\/\/www.public.sn\/index.php\/author\/admin7324\/\"}]}<\/script>\n<!-- \/ Yoast SEO plugin. -->","yoast_head_json":{"title":"Installation de la 14e L\u00e9gislature \/ Sonko : \u00ab Nous assumons pleinement l'attitude des d\u00e9put\u00e9s de YAW \u00bb (PublicSN TV) - LE PUBLIC","robots":{"index":"index","follow":"follow","max-snippet":"max-snippet:-1","max-image-preview":"max-image-preview:large","max-video-preview":"max-video-preview:-1"},"canonical":"https:\/\/www.public.sn\/index.php\/2022\/09\/26\/installation-de-la-14e-legislature-sonko-nous-assumons-pleinement-lattitude-des-deputes-de-yaw-publicsn-tv\/","og_locale":"fr_FR","og_type":"article","og_title":"Installation de la 14e L\u00e9gislature \/ Sonko : \u00ab Nous assumons pleinement l'attitude des d\u00e9put\u00e9s de YAW \u00bb (PublicSN TV) - LE PUBLIC","og_description":"Beaucoup de S\u00e9n\u00e9galais ont d\u00e9cri\u00e9 le comportement de certains d\u00e9put\u00e9s de l&rsquo;opposition lors de l&rsquo;installation de la 14e L\u00e9gislature. Mais, il semble bien qu&rsquo;ils ont eu l&rsquo;avale de leurs sup\u00e9rieurs. Du moins c&rsquo;est ce qu&rsquo;on peut retenir de la sortie de Ousmane Sonko. Face \u00e0 la presse ce lundi 26 septembre, avec les leaders de Yewwi Askan Wi, le pr\u00e9sident du Parti Pastef| Les Patriotes a dit clairement qu&rsquo;ils assument pleinement l&rsquo;attitude des d\u00e9put\u00e9s de Yaw. Regardez !","og_url":"https:\/\/www.public.sn\/index.php\/2022\/09\/26\/installation-de-la-14e-legislature-sonko-nous-assumons-pleinement-lattitude-des-deputes-de-yaw-publicsn-tv\/","og_site_name":"LE PUBLIC","article_published_time":"2022-09-26T21:41:58+00:00","article_modified_time":"2022-09-26T21:41:59+00:00","og_image":[{"width":800,"height":478,"url":"https:\/\/www.public.sn\/wp-content\/uploads\/2022\/08\/sonko-itv2.jpeg","type":"image\/jpeg"}],"author":"LA REDACTION","twitter_card":"summary_large_image","twitter_misc":{"\u00c9crit par":"LA REDACTION","Dur\u00e9e de lecture estim\u00e9e":"1 minute"},"schema":{"@context":"https:\/\/schema.org","@graph":[{"@type":"Article","@id":"https:\/\/www.public.sn\/index.php\/2022\/09\/26\/installation-de-la-14e-legislature-sonko-nous-assumons-pleinement-lattitude-des-deputes-de-yaw-publicsn-tv\/#article","isPartOf":{"@id":"https:\/\/www.public.sn\/index.php\/2022\/09\/26\/installation-de-la-14e-legislature-sonko-nous-assumons-pleinement-lattitude-des-deputes-de-yaw-publicsn-tv\/"},"author":{"name":"LA REDACTION","@id":"https:\/\/www.public.sn\/#\/schema\/person\/e3f4a11b037d4203902db148f9bc8d5a"},"headline":"Installation de la 14e L\u00e9gislature \/ Sonko : \u00ab Nous assumons pleinement l&rsquo;attitude des d\u00e9put\u00e9s de YAW \u00bb (PublicSN TV)","datePublished":"2022-09-26T21:41:58+00:00","dateModified":"2022-09-26T21:41:59+00:00","mainEntityOfPage":{"@id":"https:\/\/www.public.sn\/index.php\/2022\/09\/26\/installation-de-la-14e-legislature-sonko-nous-assumons-pleinement-lattitude-des-deputes-de-yaw-publicsn-tv\/"},"wordCount":104,"commentCount":0,"publisher":{"@id":"https:\/\/www.public.sn\/#organization"},"image":{"@id":"https:\/\/www.public.sn\/index.php\/2022\/09\/26\/installation-de-la-14e-legislature-sonko-nous-assumons-pleinement-lattitude-des-deputes-de-yaw-publicsn-tv\/#primaryimage"},"thumbnailUrl":"https:\/\/www.public.sn\/wp-content\/uploads\/2022\/08\/sonko-itv2.jpeg","keywords":["Assembl\u00e9e Nationale","Guy Marius Sagna","Ousmane Sonko"],"articleSection":["ACTUALIT\u00c9S","POLITIQUE","PUBLIC TV","S\u00c9N\u00c9GAL","VIDEOS"],"inLanguage":"fr-FR","potentialAction":[{"@type":"CommentAction","name":"Comment","target":["https:\/\/www.public.sn\/index.php\/2022\/09\/26\/installation-de-la-14e-legislature-sonko-nous-assumons-pleinement-lattitude-des-deputes-de-yaw-publicsn-tv\/#respond"]}]},{"@type":"WebPage","@id":"https:\/\/www.public.sn\/index.php\/2022\/09\/26\/installation-de-la-14e-legislature-sonko-nous-assumons-pleinement-lattitude-des-deputes-de-yaw-publicsn-tv\/","url":"https:\/\/www.public.sn\/index.php\/2022\/09\/26\/installation-de-la-14e-legislature-sonko-nous-assumons-pleinement-lattitude-des-deputes-de-yaw-publicsn-tv\/","name":"Installation de la 14e L\u00e9gislature \/ Sonko : \u00ab Nous assumons pleinement l'attitude des d\u00e9put\u00e9s de YAW \u00bb (PublicSN TV) - LE PUBLIC","isPartOf":{"@id":"https:\/\/www.public.sn\/#website"},"primaryImageOfPage":{"@id":"https:\/\/www.public.sn\/index.php\/2022\/09\/26\/installation-de-la-14e-legislature-sonko-nous-assumons-pleinement-lattitude-des-deputes-de-yaw-publicsn-tv\/#primaryimage"},"image":{"@id":"https:\/\/www.public.sn\/index.php\/2022\/09\/26\/installation-de-la-14e-legislature-sonko-nous-assumons-pleinement-lattitude-des-deputes-de-yaw-publicsn-tv\/#primaryimage"},"thumbnailUrl":"https:\/\/www.public.sn\/wp-content\/uploads\/2022\/08\/sonko-itv2.jpeg","datePublished":"2022-09-26T21:41:58+00:00","dateModified":"2022-09-26T21:41:59+00:00","breadcrumb":{"@id":"https:\/\/www.public.sn\/index.php\/2022\/09\/26\/installation-de-la-14e-legislature-sonko-nous-assumons-pleinement-lattitude-des-deputes-de-yaw-publicsn-tv\/#breadcrumb"},"inLanguage":"fr-FR","potentialAction":[{"@type":"ReadAction","target":["https:\/\/www.public.sn\/index.php\/2022\/09\/26\/installation-de-la-14e-legislature-sonko-nous-assumons-pleinement-lattitude-des-deputes-de-yaw-publicsn-tv\/"]}]},{"@type":"ImageObject","inLanguage":"fr-FR","@id":"https:\/\/www.public.sn\/index.php\/2022\/09\/26\/installation-de-la-14e-legislature-sonko-nous-assumons-pleinement-lattitude-des-deputes-de-yaw-publicsn-tv\/#primaryimage","url":"https:\/\/www.public.sn\/wp-content\/uploads\/2022\/08\/sonko-itv2.jpeg","contentUrl":"https:\/\/www.public.sn\/wp-content\/uploads\/2022\/08\/sonko-itv2.jpeg","width":800,"height":478},{"@type":"BreadcrumbList","@id":"https:\/\/www.public.sn\/index.php\/2022\/09\/26\/installation-de-la-14e-legislature-sonko-nous-assumons-pleinement-lattitude-des-deputes-de-yaw-publicsn-tv\/#breadcrumb","itemListElement":[{"@type":"ListItem","position":1,"name":"Accueil","item":"https:\/\/www.public.sn\/"},{"@type":"ListItem","position":2,"name":"Installation de la 14e L\u00e9gislature \/ Sonko : \u00ab Nous assumons pleinement l&rsquo;attitude des d\u00e9put\u00e9s de YAW \u00bb (PublicSN TV)"}]},{"@type":"WebSite","@id":"https:\/\/www.public.sn\/#website","url":"https:\/\/www.public.sn\/","name":"LE PUBLIC","description":"","publisher":{"@id":"https:\/\/www.public.sn\/#organization"},"potentialAction":[{"@type":"SearchAction","target":{"@type":"EntryPoint","urlTemplate":"https:\/\/www.public.sn\/?s={search_term_string}"},"query-input":{"@type":"PropertyValueSpecification","valueRequired":true,"valueName":"search_term_string"}}],"inLanguage":"fr-FR"},{"@type":"Organization","@id":"https:\/\/www.public.sn\/#organization","name":"LE PUBLIC","url":"https:\/\/www.public.sn\/","logo":{"@type":"ImageObject","inLanguage":"fr-FR","@id":"https:\/\/www.public.sn\/#\/schema\/logo\/image\/","url":"https:\/\/www.public.sn\/wp-content\/uploads\/2024\/05\/cropped-LOGO-PUBLIC.SN_.png","contentUrl":"https:\/\/www.public.sn\/wp-content\/uploads\/2024\/05\/cropped-LOGO-PUBLIC.SN_.png","width":682,"height":192,"caption":"LE PUBLIC"},"image":{"@id":"https:\/\/www.public.sn\/#\/schema\/logo\/image\/"}},{"@type":"Person","@id":"https:\/\/www.public.sn\/#\/schema\/person\/e3f4a11b037d4203902db148f9bc8d5a","name":"LA REDACTION","image":{"@type":"ImageObject","inLanguage":"fr-FR","@id":"https:\/\/www.public.sn\/#\/schema\/person\/image\/","url":"https:\/\/secure.gravatar.com\/avatar\/d6c030db45db2883c075085c5d6c6258654a801a93766b49af0b82d4f454e2a5?s=96&d=mm&r=g","contentUrl":"https:\/\/secure.gravatar.com\/avatar\/d6c030db45db2883c075085c5d6c6258654a801a93766b49af0b82d4f454e2a5?s=96&d=mm&r=g","caption":"LA REDACTION"},"sameAs":["http:\/\/www.public.sn"],"url":"https:\/\/www.public.sn\/index.php\/author\/admin7324\/"}]}},"jetpack_featured_media_url":"https:\/\/www.public.sn\/wp-content\/uploads\/2022\/08\/sonko-itv2.jpeg","jetpack_sharing_enabled":true,"_links":{"self":[{"href":"https:\/\/www.public.sn\/index.php\/wp-json\/wp\/v2\/posts\/2998","targetHints":{"allow":["GET"]}}],"collection":[{"href":"https:\/\/www.public.sn\/index.php\/wp-json\/wp\/v2\/posts"}],"about":[{"href":"https:\/\/www.public.sn\/index.php\/wp-json\/wp\/v2\/types\/post"}],"author":[{"embeddable":true,"href":"https:\/\/www.public.sn\/index.php\/wp-json\/wp\/v2\/users\/1"}],"replies":[{"embeddable":true,"href":"https:\/\/www.public.sn\/index.php\/wp-json\/wp\/v2\/comments?post=2998"}],"version-history":[{"count":1,"href":"https:\/\/www.public.sn\/index.php\/wp-json\/wp\/v2\/posts\/2998\/revisions"}],"predecessor-version":[{"id":2999,"href":"https:\/\/www.public.sn\/index.php\/wp-json\/wp\/v2\/posts\/2998\/revisions\/2999"}],"wp:featuredmedia":[{"embeddable":true,"href":"https:\/\/www.public.sn\/index.php\/wp-json\/wp\/v2\/media\/418"}],"wp:attachment":[{"href":"https:\/\/www.public.sn\/index.php\/wp-json\/wp\/v2\/media?parent=2998"}],"wp:term":[{"taxonomy":"category","embeddable":true,"href":"https:\/\/www.public.sn\/index.php\/wp-json\/wp\/v2\/categories?post=2998"},{"taxonomy":"post_tag","embeddable":true,"href":"https:\/\/www.public.sn\/index.php\/wp-json\/wp\/v2\/tags?post=2998"}],"curies":[{"name":"wp","href":"https:\/\/api.w.org\/{rel}","templated":true}]}}