{"id":3025,"date":"2022-09-28T12:05:01","date_gmt":"2022-09-28T12:05:01","guid":{"rendered":"https:\/\/www.public.sn\/?p=3025"},"modified":"2022-09-28T12:23:01","modified_gmt":"2022-09-28T12:23:01","slug":"sortie-de-ousmane-sonko-contre-la-presse-la-replique-des-journalistes","status":"publish","type":"post","link":"https:\/\/www.public.sn\/index.php\/2022\/09\/28\/sortie-de-ousmane-sonko-contre-la-presse-la-replique-des-journalistes\/","title":{"rendered":"Assane MBAYE :  \u00ab Ousmane Sonko est simplement un ingrat&#8230;\u00bb"},"content":{"rendered":"\n<p><strong> Assane MBAYE.:  Ousmane Sonko est simplement un ingrat<br><\/strong><br><strong>Le journaliste Assane MBAYE n\u2019a pas \u00e9t\u00e9 du tout tendre avec le leader du Pastef. Pour lui Ousmane Sonko est simplement un ingrat puisqu&rsquo;il oublie qu&rsquo;il s&rsquo;est fait un nom \u00e0 travers la presse. Son combat contre les m\u00e9dias est vou\u00e9 \u00e0 l\u2019\u00e9chec.<br><\/strong><br>La derni\u00e8re sortie du leader du Pastef contre la presse est rest\u00e9e au travers de la gorge du journaliste Assane MBAYE . Ce dernier,  n\u2019y vas pas du dos de la cuill\u00e8re et avance que le discours de Ousmane Sonko est irresponsable. Ses prises de position contre la presse d\u00e9note en v\u00e9rit\u00e9 d\u2019une ingratitude. <\/p><div class=\"publi-paragraphe1\" style=\"margin-top: 10px;margin-bottom: 10px;margin-left: auto;margin-right: auto;text-align: center;\" id=\"publi-3498954675\"><div class=\"publi-adlabel\">Publicit\u00e9<\/div><script async src=\"\/\/pagead2.googlesyndication.com\/pagead\/js\/adsbygoogle.js?client=ca-pub-4089586018074219\" crossorigin=\"anonymous\"><\/script><ins class=\"adsbygoogle\" style=\"display:block;\" data-ad-client=\"ca-pub-4089586018074219\" \ndata-ad-slot=\"2087940154\" \ndata-ad-format=\"auto\"><\/ins>\n<script> \n(adsbygoogle = window.adsbygoogle || []).push({}); \n<\/script>\n<\/div>\n\n\n\n<p>Le r\u00e9dacteur en chef du quotidien L!INFO rappelle au leader du Pastef qu\u2019il s\u2019est fait gr\u00e2ce \u00e0 la presse. Il souligne en son endroit qu\u2019aucun acteur politique n\u2019a gagn\u00e9 le combat contre la presse et que ce dernier gagnerait \u00e0 changer son discours autant r\u00e9gionaliste que contre la presse.<br><br><strong>Ben Mactar Diop : Je le comprends<br><\/strong><br>Ousmane Sonko est en train de dicter la conduite \u00e0 tenir aux journalistes. Il adopte de nouvelles strat\u00e9gies de Communication afin de ne plus de laisser l\u2019initiative aux m\u00e9dias. Il est selon Ben Mactar le politicien le plus attaqu\u00e9 et le plus discr\u00e9dit\u00e9<br><br>Le leader de Pastef a \u00e9t\u00e9 pendant un an la cible de toute les attaques possibles. Le journaliste Ben  Diop est d\u2019avis que celui-ci a \u00e9t\u00e9 la cible de toutes les m\u00e9chancet\u00e9s possibles.  Il est arriv\u00e9 \u00e0 une \u00e9tape d\u2019attaque et de r\u00e9plique au point de ne plus permettre aux journalistes de lui poser des questions. Il avance que la r\u00e9alit\u00e9 est les hommes de m\u00e9dias sont en train de se cat\u00e9goriser entre pro et anti Ousmane Sonko.<\/p>\n\n\n\n<p><iframe width=\"640\" height=\"360\" src=\"https:\/\/www.youtube.com\/embed\/ZQ3I8my0RuQ\" title=\"Attaque de Sonko contre la presse les journalistes ripostent\" frameborder=\"0\" allow=\"accelerometer; autoplay; clipboard-write; encrypted-media; gyroscope; picture-in-picture\" allowfullscreen=\"\"> <\/p>\n<div class=\"publi-apres-le-contenu\" style=\"margin-top: 10px;margin-bottom: 10px;margin-left: auto;margin-right: auto;text-align: center;\" id=\"publi-985009888\"><div class=\"publi-adlabel\">Publicit\u00e9<\/div><script async src=\"\/\/pagead2.googlesyndication.com\/pagead\/js\/adsbygoogle.js?client=ca-pub-4089586018074219\" crossorigin=\"anonymous\"><\/script><ins class=\"adsbygoogle\" style=\"display:block;\" data-ad-client=\"ca-pub-4089586018074219\" \ndata-ad-slot=\"2087940154\" \ndata-ad-format=\"auto\"><\/ins>\n<script> \n(adsbygoogle = window.adsbygoogle || []).push({}); \n<\/script>\n<\/div>","protected":false},"excerpt":{"rendered":"<p>Assane MBAYE.: Ousmane Sonko est simplement un ingratLe journaliste Assane MBAYE n\u2019a pas \u00e9t\u00e9 du tout tendre avec le leader du Pastef. Pour lui Ousmane Sonko est simplement un ingrat puisqu&rsquo;il oublie qu&rsquo;il s&rsquo;est fait un nom \u00e0 travers la presse. Son combat contre les m\u00e9dias est vou\u00e9 \u00e0 l\u2019\u00e9chec.La derni\u00e8re sortie du leader du Pastef contre la presse est rest\u00e9e au travers de la gorge du journaliste Assane MBAYE . Ce dernier, n\u2019y vas pas du dos de la cuill\u00e8re et avance que le discours de Ousmane Sonko est irresponsable. Ses prises de position contre la presse d\u00e9note en v\u00e9rit\u00e9 d\u2019une ingratitude. Le r\u00e9dacteur en chef du quotidien L!INFO rappelle au leader du Pastef qu\u2019il s\u2019est fait gr\u00e2ce \u00e0 la presse. Il souligne en son endroit qu\u2019aucun acteur politique n\u2019a gagn\u00e9 le combat contre la presse et que ce dernier gagnerait \u00e0 changer son discours autant r\u00e9gionaliste que contre la presse. Ben Mactar Diop : Je le comprendsOusmane Sonko est en train de dicter la conduite \u00e0 tenir aux journalistes. Il adopte de nouvelles strat\u00e9gies de Communication afin de ne plus de laisser l\u2019initiative aux m\u00e9dias. Il est selon Ben Mactar le politicien le plus attaqu\u00e9 et le plus discr\u00e9dit\u00e9 Le leader de Pastef a \u00e9t\u00e9 pendant un an la cible de toute les attaques possibles. Le journaliste Ben Diop est d\u2019avis que celui-ci a \u00e9t\u00e9 la cible de toutes les m\u00e9chancet\u00e9s possibles. Il est arriv\u00e9 \u00e0 une \u00e9tape d\u2019attaque et de r\u00e9plique au point de ne plus permettre aux journalistes de lui poser des questions. Il avance que la r\u00e9alit\u00e9 est les hommes de m\u00e9dias sont en train de se cat\u00e9goriser entre pro et anti Ousmane Sonko.<\/p>\n","protected":false},"author":1,"featured_media":3078,"comment_status":"open","ping_status":"open","sticky":false,"template":"","format":"standard","meta":{"_jetpack_memberships_contains_paid_content":false,"footnotes":""},"categories":[375,961,8,1,372],"tags":[],"class_list":["post-3025","post","type-post","status-publish","format-standard","has-post-thumbnail","hentry","category-actualites","category-medias","category-public-tv","category-non-classe","category-vedette","entry","has-media","owp-thumbs-layout-horizontal","owp-btn-normal","owp-tabs-layout-horizontal","has-no-thumbnails","has-product-nav"],"yoast_head":"<!-- This site is optimized with the Yoast SEO plugin v25.5 - https:\/\/yoast.com\/wordpress\/plugins\/seo\/ -->\n<title>Assane MBAYE : \u00ab Ousmane Sonko est simplement un ingrat...\u00bb - LE PUBLIC<\/title>\n<meta name=\"robots\" content=\"index, follow, max-snippet:-1, max-image-preview:large, max-video-preview:-1\" \/>\n<link rel=\"canonical\" href=\"https:\/\/www.public.sn\/index.php\/2022\/09\/28\/sortie-de-ousmane-sonko-contre-la-presse-la-replique-des-journalistes\/\" \/>\n<meta property=\"og:locale\" content=\"fr_FR\" \/>\n<meta property=\"og:type\" content=\"article\" \/>\n<meta property=\"og:title\" content=\"Assane MBAYE : \u00ab Ousmane Sonko est simplement un ingrat...\u00bb - LE PUBLIC\" \/>\n<meta property=\"og:description\" content=\"Assane MBAYE.: Ousmane Sonko est simplement un ingratLe journaliste Assane MBAYE n\u2019a pas \u00e9t\u00e9 du tout tendre avec le leader du Pastef. Pour lui Ousmane Sonko est simplement un ingrat puisqu&rsquo;il oublie qu&rsquo;il s&rsquo;est fait un nom \u00e0 travers la presse. Son combat contre les m\u00e9dias est vou\u00e9 \u00e0 l\u2019\u00e9chec.La derni\u00e8re sortie du leader du Pastef contre la presse est rest\u00e9e au travers de la gorge du journaliste Assane MBAYE . Ce dernier, n\u2019y vas pas du dos de la cuill\u00e8re et avance que le discours de Ousmane Sonko est irresponsable. Ses prises de position contre la presse d\u00e9note en v\u00e9rit\u00e9 d\u2019une ingratitude. Le r\u00e9dacteur en chef du quotidien L!INFO rappelle au leader du Pastef qu\u2019il s\u2019est fait gr\u00e2ce \u00e0 la presse. Il souligne en son endroit qu\u2019aucun acteur politique n\u2019a gagn\u00e9 le combat contre la presse et que ce dernier gagnerait \u00e0 changer son discours autant r\u00e9gionaliste que contre la presse. Ben Mactar Diop : Je le comprendsOusmane Sonko est en train de dicter la conduite \u00e0 tenir aux journalistes. Il adopte de nouvelles strat\u00e9gies de Communication afin de ne plus de laisser l\u2019initiative aux m\u00e9dias. Il est selon Ben Mactar le politicien le plus attaqu\u00e9 et le plus discr\u00e9dit\u00e9 Le leader de Pastef a \u00e9t\u00e9 pendant un an la cible de toute les attaques possibles. Le journaliste Ben Diop est d\u2019avis que celui-ci a \u00e9t\u00e9 la cible de toutes les m\u00e9chancet\u00e9s possibles. Il est arriv\u00e9 \u00e0 une \u00e9tape d\u2019attaque et de r\u00e9plique au point de ne plus permettre aux journalistes de lui poser des questions. Il avance que la r\u00e9alit\u00e9 est les hommes de m\u00e9dias sont en train de se cat\u00e9goriser entre pro et anti Ousmane Sonko.\" \/>\n<meta property=\"og:url\" content=\"https:\/\/www.public.sn\/index.php\/2022\/09\/28\/sortie-de-ousmane-sonko-contre-la-presse-la-replique-des-journalistes\/\" \/>\n<meta property=\"og:site_name\" content=\"LE PUBLIC\" \/>\n<meta property=\"article:published_time\" content=\"2022-09-28T12:05:01+00:00\" \/>\n<meta property=\"article:modified_time\" content=\"2022-09-28T12:23:01+00:00\" \/>\n<meta property=\"og:image\" content=\"https:\/\/www.public.sn\/wp-content\/uploads\/2022\/09\/WhatsApp-Image-2022-09-28-at-11.45.00.jpeg\" \/>\n\t<meta property=\"og:image:width\" content=\"1080\" \/>\n\t<meta property=\"og:image:height\" content=\"607\" \/>\n\t<meta property=\"og:image:type\" content=\"image\/jpeg\" \/>\n<meta name=\"author\" content=\"LA REDACTION\" \/>\n<meta name=\"twitter:card\" content=\"summary_large_image\" \/>\n<meta name=\"twitter:label1\" content=\"\u00c9crit par\" \/>\n\t<meta name=\"twitter:data1\" content=\"LA REDACTION\" \/>\n\t<meta name=\"twitter:label2\" content=\"Dur\u00e9e de lecture estim\u00e9e\" \/>\n\t<meta name=\"twitter:data2\" content=\"2 minutes\" \/>\n<script type=\"application\/ld+json\" class=\"yoast-schema-graph\">{\"@context\":\"https:\/\/schema.org\",\"@graph\":[{\"@type\":\"Article\",\"@id\":\"https:\/\/www.public.sn\/index.php\/2022\/09\/28\/sortie-de-ousmane-sonko-contre-la-presse-la-replique-des-journalistes\/#article\",\"isPartOf\":{\"@id\":\"https:\/\/www.public.sn\/index.php\/2022\/09\/28\/sortie-de-ousmane-sonko-contre-la-presse-la-replique-des-journalistes\/\"},\"author\":{\"name\":\"LA REDACTION\",\"@id\":\"https:\/\/www.public.sn\/#\/schema\/person\/e3f4a11b037d4203902db148f9bc8d5a\"},\"headline\":\"Assane MBAYE : \u00ab Ousmane Sonko est simplement un ingrat&#8230;\u00bb\",\"datePublished\":\"2022-09-28T12:05:01+00:00\",\"dateModified\":\"2022-09-28T12:23:01+00:00\",\"mainEntityOfPage\":{\"@id\":\"https:\/\/www.public.sn\/index.php\/2022\/09\/28\/sortie-de-ousmane-sonko-contre-la-presse-la-replique-des-journalistes\/\"},\"wordCount\":312,\"commentCount\":0,\"publisher\":{\"@id\":\"https:\/\/www.public.sn\/#organization\"},\"image\":{\"@id\":\"https:\/\/www.public.sn\/index.php\/2022\/09\/28\/sortie-de-ousmane-sonko-contre-la-presse-la-replique-des-journalistes\/#primaryimage\"},\"thumbnailUrl\":\"https:\/\/www.public.sn\/wp-content\/uploads\/2022\/09\/WhatsApp-Image-2022-09-28-at-11.45.00.jpeg\",\"articleSection\":[\"ACTUALIT\u00c9S\",\"M\u00c9DIAS\",\"PUBLIC TV\",\"S\u00c9N\u00c9GAL\",\"VEDETTE\"],\"inLanguage\":\"fr-FR\",\"potentialAction\":[{\"@type\":\"CommentAction\",\"name\":\"Comment\",\"target\":[\"https:\/\/www.public.sn\/index.php\/2022\/09\/28\/sortie-de-ousmane-sonko-contre-la-presse-la-replique-des-journalistes\/#respond\"]}]},{\"@type\":\"WebPage\",\"@id\":\"https:\/\/www.public.sn\/index.php\/2022\/09\/28\/sortie-de-ousmane-sonko-contre-la-presse-la-replique-des-journalistes\/\",\"url\":\"https:\/\/www.public.sn\/index.php\/2022\/09\/28\/sortie-de-ousmane-sonko-contre-la-presse-la-replique-des-journalistes\/\",\"name\":\"Assane MBAYE : \u00ab Ousmane Sonko est simplement un ingrat...\u00bb - LE PUBLIC\",\"isPartOf\":{\"@id\":\"https:\/\/www.public.sn\/#website\"},\"primaryImageOfPage\":{\"@id\":\"https:\/\/www.public.sn\/index.php\/2022\/09\/28\/sortie-de-ousmane-sonko-contre-la-presse-la-replique-des-journalistes\/#primaryimage\"},\"image\":{\"@id\":\"https:\/\/www.public.sn\/index.php\/2022\/09\/28\/sortie-de-ousmane-sonko-contre-la-presse-la-replique-des-journalistes\/#primaryimage\"},\"thumbnailUrl\":\"https:\/\/www.public.sn\/wp-content\/uploads\/2022\/09\/WhatsApp-Image-2022-09-28-at-11.45.00.jpeg\",\"datePublished\":\"2022-09-28T12:05:01+00:00\",\"dateModified\":\"2022-09-28T12:23:01+00:00\",\"breadcrumb\":{\"@id\":\"https:\/\/www.public.sn\/index.php\/2022\/09\/28\/sortie-de-ousmane-sonko-contre-la-presse-la-replique-des-journalistes\/#breadcrumb\"},\"inLanguage\":\"fr-FR\",\"potentialAction\":[{\"@type\":\"ReadAction\",\"target\":[\"https:\/\/www.public.sn\/index.php\/2022\/09\/28\/sortie-de-ousmane-sonko-contre-la-presse-la-replique-des-journalistes\/\"]}]},{\"@type\":\"ImageObject\",\"inLanguage\":\"fr-FR\",\"@id\":\"https:\/\/www.public.sn\/index.php\/2022\/09\/28\/sortie-de-ousmane-sonko-contre-la-presse-la-replique-des-journalistes\/#primaryimage\",\"url\":\"https:\/\/www.public.sn\/wp-content\/uploads\/2022\/09\/WhatsApp-Image-2022-09-28-at-11.45.00.jpeg\",\"contentUrl\":\"https:\/\/www.public.sn\/wp-content\/uploads\/2022\/09\/WhatsApp-Image-2022-09-28-at-11.45.00.jpeg\",\"width\":1080,\"height\":607},{\"@type\":\"BreadcrumbList\",\"@id\":\"https:\/\/www.public.sn\/index.php\/2022\/09\/28\/sortie-de-ousmane-sonko-contre-la-presse-la-replique-des-journalistes\/#breadcrumb\",\"itemListElement\":[{\"@type\":\"ListItem\",\"position\":1,\"name\":\"Accueil\",\"item\":\"https:\/\/www.public.sn\/\"},{\"@type\":\"ListItem\",\"position\":2,\"name\":\"Assane MBAYE : \u00ab Ousmane Sonko est simplement un ingrat&#8230;\u00bb\"}]},{\"@type\":\"WebSite\",\"@id\":\"https:\/\/www.public.sn\/#website\",\"url\":\"https:\/\/www.public.sn\/\",\"name\":\"LE PUBLIC\",\"description\":\"\",\"publisher\":{\"@id\":\"https:\/\/www.public.sn\/#organization\"},\"potentialAction\":[{\"@type\":\"SearchAction\",\"target\":{\"@type\":\"EntryPoint\",\"urlTemplate\":\"https:\/\/www.public.sn\/?s={search_term_string}\"},\"query-input\":{\"@type\":\"PropertyValueSpecification\",\"valueRequired\":true,\"valueName\":\"search_term_string\"}}],\"inLanguage\":\"fr-FR\"},{\"@type\":\"Organization\",\"@id\":\"https:\/\/www.public.sn\/#organization\",\"name\":\"LE PUBLIC\",\"url\":\"https:\/\/www.public.sn\/\",\"logo\":{\"@type\":\"ImageObject\",\"inLanguage\":\"fr-FR\",\"@id\":\"https:\/\/www.public.sn\/#\/schema\/logo\/image\/\",\"url\":\"https:\/\/www.public.sn\/wp-content\/uploads\/2024\/05\/cropped-LOGO-PUBLIC.SN_.png\",\"contentUrl\":\"https:\/\/www.public.sn\/wp-content\/uploads\/2024\/05\/cropped-LOGO-PUBLIC.SN_.png\",\"width\":682,\"height\":192,\"caption\":\"LE PUBLIC\"},\"image\":{\"@id\":\"https:\/\/www.public.sn\/#\/schema\/logo\/image\/\"}},{\"@type\":\"Person\",\"@id\":\"https:\/\/www.public.sn\/#\/schema\/person\/e3f4a11b037d4203902db148f9bc8d5a\",\"name\":\"LA REDACTION\",\"image\":{\"@type\":\"ImageObject\",\"inLanguage\":\"fr-FR\",\"@id\":\"https:\/\/www.public.sn\/#\/schema\/person\/image\/\",\"url\":\"https:\/\/secure.gravatar.com\/avatar\/d6c030db45db2883c075085c5d6c6258654a801a93766b49af0b82d4f454e2a5?s=96&d=mm&r=g\",\"contentUrl\":\"https:\/\/secure.gravatar.com\/avatar\/d6c030db45db2883c075085c5d6c6258654a801a93766b49af0b82d4f454e2a5?s=96&d=mm&r=g\",\"caption\":\"LA REDACTION\"},\"sameAs\":[\"http:\/\/www.public.sn\"],\"url\":\"https:\/\/www.public.sn\/index.php\/author\/admin7324\/\"}]}<\/script>\n<!-- \/ Yoast SEO plugin. -->","yoast_head_json":{"title":"Assane MBAYE : \u00ab Ousmane Sonko est simplement un ingrat...\u00bb - LE PUBLIC","robots":{"index":"index","follow":"follow","max-snippet":"max-snippet:-1","max-image-preview":"max-image-preview:large","max-video-preview":"max-video-preview:-1"},"canonical":"https:\/\/www.public.sn\/index.php\/2022\/09\/28\/sortie-de-ousmane-sonko-contre-la-presse-la-replique-des-journalistes\/","og_locale":"fr_FR","og_type":"article","og_title":"Assane MBAYE : \u00ab Ousmane Sonko est simplement un ingrat...\u00bb - LE PUBLIC","og_description":"Assane MBAYE.: Ousmane Sonko est simplement un ingratLe journaliste Assane MBAYE n\u2019a pas \u00e9t\u00e9 du tout tendre avec le leader du Pastef. Pour lui Ousmane Sonko est simplement un ingrat puisqu&rsquo;il oublie qu&rsquo;il s&rsquo;est fait un nom \u00e0 travers la presse. Son combat contre les m\u00e9dias est vou\u00e9 \u00e0 l\u2019\u00e9chec.La derni\u00e8re sortie du leader du Pastef contre la presse est rest\u00e9e au travers de la gorge du journaliste Assane MBAYE . Ce dernier, n\u2019y vas pas du dos de la cuill\u00e8re et avance que le discours de Ousmane Sonko est irresponsable. Ses prises de position contre la presse d\u00e9note en v\u00e9rit\u00e9 d\u2019une ingratitude. Le r\u00e9dacteur en chef du quotidien L!INFO rappelle au leader du Pastef qu\u2019il s\u2019est fait gr\u00e2ce \u00e0 la presse. Il souligne en son endroit qu\u2019aucun acteur politique n\u2019a gagn\u00e9 le combat contre la presse et que ce dernier gagnerait \u00e0 changer son discours autant r\u00e9gionaliste que contre la presse. Ben Mactar Diop : Je le comprendsOusmane Sonko est en train de dicter la conduite \u00e0 tenir aux journalistes. Il adopte de nouvelles strat\u00e9gies de Communication afin de ne plus de laisser l\u2019initiative aux m\u00e9dias. Il est selon Ben Mactar le politicien le plus attaqu\u00e9 et le plus discr\u00e9dit\u00e9 Le leader de Pastef a \u00e9t\u00e9 pendant un an la cible de toute les attaques possibles. Le journaliste Ben Diop est d\u2019avis que celui-ci a \u00e9t\u00e9 la cible de toutes les m\u00e9chancet\u00e9s possibles. Il est arriv\u00e9 \u00e0 une \u00e9tape d\u2019attaque et de r\u00e9plique au point de ne plus permettre aux journalistes de lui poser des questions. Il avance que la r\u00e9alit\u00e9 est les hommes de m\u00e9dias sont en train de se cat\u00e9goriser entre pro et anti Ousmane Sonko.","og_url":"https:\/\/www.public.sn\/index.php\/2022\/09\/28\/sortie-de-ousmane-sonko-contre-la-presse-la-replique-des-journalistes\/","og_site_name":"LE PUBLIC","article_published_time":"2022-09-28T12:05:01+00:00","article_modified_time":"2022-09-28T12:23:01+00:00","og_image":[{"width":1080,"height":607,"url":"https:\/\/www.public.sn\/wp-content\/uploads\/2022\/09\/WhatsApp-Image-2022-09-28-at-11.45.00.jpeg","type":"image\/jpeg"}],"author":"LA REDACTION","twitter_card":"summary_large_image","twitter_misc":{"\u00c9crit par":"LA REDACTION","Dur\u00e9e de lecture estim\u00e9e":"2 minutes"},"schema":{"@context":"https:\/\/schema.org","@graph":[{"@type":"Article","@id":"https:\/\/www.public.sn\/index.php\/2022\/09\/28\/sortie-de-ousmane-sonko-contre-la-presse-la-replique-des-journalistes\/#article","isPartOf":{"@id":"https:\/\/www.public.sn\/index.php\/2022\/09\/28\/sortie-de-ousmane-sonko-contre-la-presse-la-replique-des-journalistes\/"},"author":{"name":"LA REDACTION","@id":"https:\/\/www.public.sn\/#\/schema\/person\/e3f4a11b037d4203902db148f9bc8d5a"},"headline":"Assane MBAYE : \u00ab Ousmane Sonko est simplement un ingrat&#8230;\u00bb","datePublished":"2022-09-28T12:05:01+00:00","dateModified":"2022-09-28T12:23:01+00:00","mainEntityOfPage":{"@id":"https:\/\/www.public.sn\/index.php\/2022\/09\/28\/sortie-de-ousmane-sonko-contre-la-presse-la-replique-des-journalistes\/"},"wordCount":312,"commentCount":0,"publisher":{"@id":"https:\/\/www.public.sn\/#organization"},"image":{"@id":"https:\/\/www.public.sn\/index.php\/2022\/09\/28\/sortie-de-ousmane-sonko-contre-la-presse-la-replique-des-journalistes\/#primaryimage"},"thumbnailUrl":"https:\/\/www.public.sn\/wp-content\/uploads\/2022\/09\/WhatsApp-Image-2022-09-28-at-11.45.00.jpeg","articleSection":["ACTUALIT\u00c9S","M\u00c9DIAS","PUBLIC TV","S\u00c9N\u00c9GAL","VEDETTE"],"inLanguage":"fr-FR","potentialAction":[{"@type":"CommentAction","name":"Comment","target":["https:\/\/www.public.sn\/index.php\/2022\/09\/28\/sortie-de-ousmane-sonko-contre-la-presse-la-replique-des-journalistes\/#respond"]}]},{"@type":"WebPage","@id":"https:\/\/www.public.sn\/index.php\/2022\/09\/28\/sortie-de-ousmane-sonko-contre-la-presse-la-replique-des-journalistes\/","url":"https:\/\/www.public.sn\/index.php\/2022\/09\/28\/sortie-de-ousmane-sonko-contre-la-presse-la-replique-des-journalistes\/","name":"Assane MBAYE : \u00ab Ousmane Sonko est simplement un ingrat...\u00bb - LE PUBLIC","isPartOf":{"@id":"https:\/\/www.public.sn\/#website"},"primaryImageOfPage":{"@id":"https:\/\/www.public.sn\/index.php\/2022\/09\/28\/sortie-de-ousmane-sonko-contre-la-presse-la-replique-des-journalistes\/#primaryimage"},"image":{"@id":"https:\/\/www.public.sn\/index.php\/2022\/09\/28\/sortie-de-ousmane-sonko-contre-la-presse-la-replique-des-journalistes\/#primaryimage"},"thumbnailUrl":"https:\/\/www.public.sn\/wp-content\/uploads\/2022\/09\/WhatsApp-Image-2022-09-28-at-11.45.00.jpeg","datePublished":"2022-09-28T12:05:01+00:00","dateModified":"2022-09-28T12:23:01+00:00","breadcrumb":{"@id":"https:\/\/www.public.sn\/index.php\/2022\/09\/28\/sortie-de-ousmane-sonko-contre-la-presse-la-replique-des-journalistes\/#breadcrumb"},"inLanguage":"fr-FR","potentialAction":[{"@type":"ReadAction","target":["https:\/\/www.public.sn\/index.php\/2022\/09\/28\/sortie-de-ousmane-sonko-contre-la-presse-la-replique-des-journalistes\/"]}]},{"@type":"ImageObject","inLanguage":"fr-FR","@id":"https:\/\/www.public.sn\/index.php\/2022\/09\/28\/sortie-de-ousmane-sonko-contre-la-presse-la-replique-des-journalistes\/#primaryimage","url":"https:\/\/www.public.sn\/wp-content\/uploads\/2022\/09\/WhatsApp-Image-2022-09-28-at-11.45.00.jpeg","contentUrl":"https:\/\/www.public.sn\/wp-content\/uploads\/2022\/09\/WhatsApp-Image-2022-09-28-at-11.45.00.jpeg","width":1080,"height":607},{"@type":"BreadcrumbList","@id":"https:\/\/www.public.sn\/index.php\/2022\/09\/28\/sortie-de-ousmane-sonko-contre-la-presse-la-replique-des-journalistes\/#breadcrumb","itemListElement":[{"@type":"ListItem","position":1,"name":"Accueil","item":"https:\/\/www.public.sn\/"},{"@type":"ListItem","position":2,"name":"Assane MBAYE : \u00ab Ousmane Sonko est simplement un ingrat&#8230;\u00bb"}]},{"@type":"WebSite","@id":"https:\/\/www.public.sn\/#website","url":"https:\/\/www.public.sn\/","name":"LE PUBLIC","description":"","publisher":{"@id":"https:\/\/www.public.sn\/#organization"},"potentialAction":[{"@type":"SearchAction","target":{"@type":"EntryPoint","urlTemplate":"https:\/\/www.public.sn\/?s={search_term_string}"},"query-input":{"@type":"PropertyValueSpecification","valueRequired":true,"valueName":"search_term_string"}}],"inLanguage":"fr-FR"},{"@type":"Organization","@id":"https:\/\/www.public.sn\/#organization","name":"LE PUBLIC","url":"https:\/\/www.public.sn\/","logo":{"@type":"ImageObject","inLanguage":"fr-FR","@id":"https:\/\/www.public.sn\/#\/schema\/logo\/image\/","url":"https:\/\/www.public.sn\/wp-content\/uploads\/2024\/05\/cropped-LOGO-PUBLIC.SN_.png","contentUrl":"https:\/\/www.public.sn\/wp-content\/uploads\/2024\/05\/cropped-LOGO-PUBLIC.SN_.png","width":682,"height":192,"caption":"LE PUBLIC"},"image":{"@id":"https:\/\/www.public.sn\/#\/schema\/logo\/image\/"}},{"@type":"Person","@id":"https:\/\/www.public.sn\/#\/schema\/person\/e3f4a11b037d4203902db148f9bc8d5a","name":"LA REDACTION","image":{"@type":"ImageObject","inLanguage":"fr-FR","@id":"https:\/\/www.public.sn\/#\/schema\/person\/image\/","url":"https:\/\/secure.gravatar.com\/avatar\/d6c030db45db2883c075085c5d6c6258654a801a93766b49af0b82d4f454e2a5?s=96&d=mm&r=g","contentUrl":"https:\/\/secure.gravatar.com\/avatar\/d6c030db45db2883c075085c5d6c6258654a801a93766b49af0b82d4f454e2a5?s=96&d=mm&r=g","caption":"LA REDACTION"},"sameAs":["http:\/\/www.public.sn"],"url":"https:\/\/www.public.sn\/index.php\/author\/admin7324\/"}]}},"jetpack_featured_media_url":"https:\/\/www.public.sn\/wp-content\/uploads\/2022\/09\/WhatsApp-Image-2022-09-28-at-11.45.00.jpeg","jetpack_sharing_enabled":true,"_links":{"self":[{"href":"https:\/\/www.public.sn\/index.php\/wp-json\/wp\/v2\/posts\/3025","targetHints":{"allow":["GET"]}}],"collection":[{"href":"https:\/\/www.public.sn\/index.php\/wp-json\/wp\/v2\/posts"}],"about":[{"href":"https:\/\/www.public.sn\/index.php\/wp-json\/wp\/v2\/types\/post"}],"author":[{"embeddable":true,"href":"https:\/\/www.public.sn\/index.php\/wp-json\/wp\/v2\/users\/1"}],"replies":[{"embeddable":true,"href":"https:\/\/www.public.sn\/index.php\/wp-json\/wp\/v2\/comments?post=3025"}],"version-history":[{"count":4,"href":"https:\/\/www.public.sn\/index.php\/wp-json\/wp\/v2\/posts\/3025\/revisions"}],"predecessor-version":[{"id":3081,"href":"https:\/\/www.public.sn\/index.php\/wp-json\/wp\/v2\/posts\/3025\/revisions\/3081"}],"wp:featuredmedia":[{"embeddable":true,"href":"https:\/\/www.public.sn\/index.php\/wp-json\/wp\/v2\/media\/3078"}],"wp:attachment":[{"href":"https:\/\/www.public.sn\/index.php\/wp-json\/wp\/v2\/media?parent=3025"}],"wp:term":[{"taxonomy":"category","embeddable":true,"href":"https:\/\/www.public.sn\/index.php\/wp-json\/wp\/v2\/categories?post=3025"},{"taxonomy":"post_tag","embeddable":true,"href":"https:\/\/www.public.sn\/index.php\/wp-json\/wp\/v2\/tags?post=3025"}],"curies":[{"name":"wp","href":"https:\/\/api.w.org\/{rel}","templated":true}]}}