{"id":30774,"date":"2024-02-10T11:20:34","date_gmt":"2024-02-10T11:20:34","guid":{"rendered":"https:\/\/www.public.sn\/?p=30774"},"modified":"2024-02-10T11:20:34","modified_gmt":"2024-02-10T11:20:34","slug":"macky-sall-sort-du-silence-je-ne-veux-pas-laisser-un-pays-dans-linstabilite","status":"publish","type":"post","link":"https:\/\/www.public.sn\/index.php\/2024\/02\/10\/macky-sall-sort-du-silence-je-ne-veux-pas-laisser-un-pays-dans-linstabilite\/","title":{"rendered":"Macky Sall sort du silence: \u00ab\u00a0Je ne veux pas laisser un pays dans l&rsquo;instabilit\u00e9\u00a0\u00bb"},"content":{"rendered":"<div class=\"post_header\"><\/div>\n<div class=\"single_post_content_wrapper\">\n<div id=\"advertising_inread\"><\/div>\n<p><strong><span style=\"font-size: x-large;\">\u00a0<\/span><span style=\"font-size: x-large;\">Dans un entretien accord\u00e9 \u00e0 AP, vendredi, le\u00a0 pr\u00e9sident Macky Sall a enfin bris\u00e9 le silence , et s&rsquo;est expliqu\u00e9 sur sa d\u00e9cision de reporter l\u2019\u00e9lection pr\u00e9sidentielle. Dans un contexte de manifestations qui ont \u00e9clat\u00e9 \u00e0 travers le pays hier vendredi, et occasionn\u00e9 un mort \u00e0 Saint-Louis, un autre \u00e0 Dakar.<\/span><\/strong><\/p><div class=\"publi-paragraphe1\" style=\"margin-top: 10px;margin-bottom: 10px;margin-left: auto;margin-right: auto;text-align: center;\" id=\"publi-4102423020\"><div class=\"publi-adlabel\">Publicit\u00e9<\/div><script async src=\"\/\/pagead2.googlesyndication.com\/pagead\/js\/adsbygoogle.js?client=ca-pub-4089586018074219\" crossorigin=\"anonymous\"><\/script><ins class=\"adsbygoogle\" style=\"display:block;\" data-ad-client=\"ca-pub-4089586018074219\" \ndata-ad-slot=\"2087940154\" \ndata-ad-format=\"auto\"><\/ins>\n<script> \n(adsbygoogle = window.adsbygoogle || []).push({}); \n<\/script>\n<\/div>\n<p><span style=\"font-size: x-large;\">C&rsquo;est sa premi\u00e8re interview depuis l&rsquo;annonce du report, et M. Sall a\u00a0 choisi le media am\u00e9ricain Associated Press (AP), pour r\u00e9futer les dires de ceux qui qualifient la d\u00e9cision d&rsquo; anticonstitutionnelle.\u00a0 <\/span><\/p>\n<p><span style=\"font-size: x-large;\">Il y a eu plut\u00f4t une crise constitutionnelle, qui a fait que le pays avait besoin de plus de temps, pour trouver des solutions aux protestations de certains candidats exclus, sans parler du conflit entre les pouvoirs judiciaire et l\u00e9gislatif.<\/span><\/p>\n<p><span style=\"font-size: x-large;\">\u00a0\u00ab<em>Je ne cherche absolument rien sauf \u00e0 laisser un pays en paix et en stabilit\u00e9\u00bb<\/em>, a-t-il d\u00e9clar\u00e9. \u00ab<em>Je suis compl\u00e8tement pr\u00eat \u00e0 passer le relais. J&rsquo;ai toujours \u00e9t\u00e9 programm\u00e9 pour cela\u00bb ,<\/em>\u00a0s&rsquo;est d\u00e9fendu le pr\u00e9sident Sall qui a ni\u00e9 vouloir rester de force au pouvoir.<\/span><\/p>\n<p><span style=\"font-size: x-large;\"><em>\u00abJe ne veux pas laisser derri\u00e8re moi un pays qui plongera imm\u00e9diatement dans de grandes difficult\u00e9s\u00bb<\/em>, s&rsquo;est inqui\u00e9t\u00e9 le Pr\u00e9sident, qui promet: \u00ab<em>Je dis maintenant que je vais travailler pour l&rsquo;apaisement, pour des conditions qui permettront au pays d&rsquo;\u00eatre paisible&#8230; Tenons tous des discussions inclusives avant d&rsquo;aller aux \u00e9lections\u00bb<\/em>.<\/span><\/p>\n<p><span style=\"font-size: x-large;\">Pour rappel, le parlement s\u00e9n\u00e9galais a vot\u00e9 lundi, dans une terrible confusion,\u00a0 une loi pour repousser l&rsquo;\u00e9lection pr\u00e9sidentielle initialement pr\u00e9vue ce 25 f\u00e9vrier, au 15 d\u00e9cembre.<\/span><\/p>\n<p><span style=\"font-size: x-large;\">D&rsquo;ici une semaine, le Conseil Constitutionnel devra statuer pour savoir s&rsquo;il est d&rsquo;accord avec la conclusion du parlement. Cependant, Macky Sall n&rsquo;a pas voulu se prononcer sur sa posture par rapport \u00e0 la d\u00e9cision de la cour si jamais elle rejetait le report.<\/span><\/p>\n<p><span style=\"font-size: x-large;\"><em>\u00abIl est trop t\u00f4t pour moi de consid\u00e9rer cette perspective&#8230; Quand la d\u00e9cision sera prise, je pourrai dire ce que je ferai\u00bb<\/em>, a-t-il dit.<\/span><\/p>\n<p><span style=\"font-size: x-large;\">Macky\u00a0 Sall a, enfin, appel\u00e9 la communaut\u00e9 internationale \u00e0 faire preuve de retenue et de compr\u00e9hension dans ces moments de trouble,\u00a0 le S\u00e9n\u00e9gal qui traverse une p\u00e9riode difficile.\u00a0<\/span><\/p>\n<p><span style=\"font-size: x-large;\"><em>\u00abPendant les p\u00e9riodes de fragilit\u00e9, nous devons \u00eatre prudents&#8230; Le pays doit naviguer cette \u00e9tape de transition \u00e9lectorale avec une lucidit\u00e9 et tranquillit\u00e9 compl\u00e8tes, afin que le pays continue d&rsquo;avancer\u00bb<\/em>, a-t-il recommand\u00e9.<\/span><\/p>\n<\/div>\n<div class=\"publi-apres-le-contenu\" style=\"margin-top: 10px;margin-bottom: 10px;margin-left: auto;margin-right: auto;text-align: center;\" id=\"publi-1166923562\"><div class=\"publi-adlabel\">Publicit\u00e9<\/div><script async src=\"\/\/pagead2.googlesyndication.com\/pagead\/js\/adsbygoogle.js?client=ca-pub-4089586018074219\" crossorigin=\"anonymous\"><\/script><ins class=\"adsbygoogle\" style=\"display:block;\" data-ad-client=\"ca-pub-4089586018074219\" \ndata-ad-slot=\"2087940154\" \ndata-ad-format=\"auto\"><\/ins>\n<script> \n(adsbygoogle = window.adsbygoogle || []).push({}); \n<\/script>\n<\/div>","protected":false},"excerpt":{"rendered":"<p>\u00a0Dans un entretien accord\u00e9 \u00e0 AP, vendredi, le\u00a0 pr\u00e9sident Macky Sall a enfin bris\u00e9 le silence , et s&rsquo;est expliqu\u00e9 sur sa d\u00e9cision de reporter l\u2019\u00e9lection pr\u00e9sidentielle. Dans un contexte de manifestations qui ont \u00e9clat\u00e9 \u00e0 travers le pays hier vendredi, et occasionn\u00e9 un mort \u00e0 Saint-Louis, un autre \u00e0 Dakar. C&rsquo;est sa premi\u00e8re interview depuis l&rsquo;annonce du report, et M. Sall a\u00a0 choisi le media am\u00e9ricain Associated Press (AP), pour r\u00e9futer les dires de ceux qui qualifient la d\u00e9cision d&rsquo; anticonstitutionnelle.\u00a0 Il y a eu plut\u00f4t une crise constitutionnelle, qui a fait que le pays avait besoin de plus de temps, pour trouver des solutions aux protestations de certains candidats exclus, sans parler du conflit entre les pouvoirs judiciaire et l\u00e9gislatif. \u00a0\u00abJe ne cherche absolument rien sauf \u00e0 laisser un pays en paix et en stabilit\u00e9\u00bb, a-t-il d\u00e9clar\u00e9. \u00abJe suis compl\u00e8tement pr\u00eat \u00e0 passer le relais. J&rsquo;ai toujours \u00e9t\u00e9 programm\u00e9 pour cela\u00bb ,\u00a0s&rsquo;est d\u00e9fendu le pr\u00e9sident Sall qui a ni\u00e9 vouloir rester de force au pouvoir. \u00abJe ne veux pas laisser derri\u00e8re moi un pays qui plongera imm\u00e9diatement dans de grandes difficult\u00e9s\u00bb, s&rsquo;est inqui\u00e9t\u00e9 le Pr\u00e9sident, qui promet: \u00abJe dis maintenant que je vais travailler pour l&rsquo;apaisement, pour des conditions qui permettront au pays d&rsquo;\u00eatre paisible&#8230; Tenons tous des discussions inclusives avant d&rsquo;aller aux \u00e9lections\u00bb. Pour rappel, le parlement s\u00e9n\u00e9galais a vot\u00e9 lundi, dans une terrible confusion,\u00a0 une loi pour repousser l&rsquo;\u00e9lection pr\u00e9sidentielle initialement pr\u00e9vue ce 25 f\u00e9vrier, au 15 d\u00e9cembre. D&rsquo;ici une semaine, le Conseil Constitutionnel devra statuer pour savoir s&rsquo;il est d&rsquo;accord avec la conclusion du parlement. Cependant, Macky Sall n&rsquo;a pas voulu se prononcer sur sa posture par rapport \u00e0 la d\u00e9cision de la cour si jamais elle rejetait le report. \u00abIl est trop t\u00f4t pour moi de consid\u00e9rer cette perspective&#8230; Quand la d\u00e9cision sera prise, je pourrai dire ce que je ferai\u00bb, a-t-il dit. Macky\u00a0 Sall a, enfin, appel\u00e9 la communaut\u00e9 internationale \u00e0 faire preuve de retenue et de compr\u00e9hension dans ces moments de trouble,\u00a0 le S\u00e9n\u00e9gal qui traverse une p\u00e9riode difficile.\u00a0 \u00abPendant les p\u00e9riodes de fragilit\u00e9, nous devons \u00eatre prudents&#8230; Le pays doit naviguer cette \u00e9tape de transition \u00e9lectorale avec une lucidit\u00e9 et tranquillit\u00e9 compl\u00e8tes, afin que le pays continue d&rsquo;avancer\u00bb, a-t-il recommand\u00e9.<\/p>\n","protected":false},"author":7,"featured_media":21690,"comment_status":"open","ping_status":"open","sticky":false,"template":"","format":"standard","meta":{"_jetpack_memberships_contains_paid_content":false,"footnotes":""},"categories":[375,3,1,372],"tags":[5408,11,5409,5410],"class_list":["post-30774","post","type-post","status-publish","format-standard","has-post-thumbnail","hentry","category-actualites","category-politique","category-non-classe","category-vedette","tag-ap","tag-macky-sall","tag-media-americain","tag-pays-instable","entry","has-media","owp-thumbs-layout-horizontal","owp-btn-normal","owp-tabs-layout-horizontal","has-no-thumbnails","has-product-nav"],"yoast_head":"<!-- This site is optimized with the Yoast SEO plugin v25.5 - https:\/\/yoast.com\/wordpress\/plugins\/seo\/ -->\n<title>Macky Sall sort du silence: &quot;Je ne veux pas laisser un pays dans l&#039;instabilit\u00e9&quot; - LE PUBLIC<\/title>\n<meta name=\"robots\" content=\"index, follow, max-snippet:-1, max-image-preview:large, max-video-preview:-1\" \/>\n<link rel=\"canonical\" href=\"https:\/\/www.public.sn\/index.php\/2024\/02\/10\/macky-sall-sort-du-silence-je-ne-veux-pas-laisser-un-pays-dans-linstabilite\/\" \/>\n<meta property=\"og:locale\" content=\"fr_FR\" \/>\n<meta property=\"og:type\" content=\"article\" \/>\n<meta property=\"og:title\" content=\"Macky Sall sort du silence: &quot;Je ne veux pas laisser un pays dans l&#039;instabilit\u00e9&quot; - LE PUBLIC\" \/>\n<meta property=\"og:description\" content=\"\u00a0Dans un entretien accord\u00e9 \u00e0 AP, vendredi, le\u00a0 pr\u00e9sident Macky Sall a enfin bris\u00e9 le silence , et s&rsquo;est expliqu\u00e9 sur sa d\u00e9cision de reporter l\u2019\u00e9lection pr\u00e9sidentielle. Dans un contexte de manifestations qui ont \u00e9clat\u00e9 \u00e0 travers le pays hier vendredi, et occasionn\u00e9 un mort \u00e0 Saint-Louis, un autre \u00e0 Dakar. C&rsquo;est sa premi\u00e8re interview depuis l&rsquo;annonce du report, et M. Sall a\u00a0 choisi le media am\u00e9ricain Associated Press (AP), pour r\u00e9futer les dires de ceux qui qualifient la d\u00e9cision d&rsquo; anticonstitutionnelle.\u00a0 Il y a eu plut\u00f4t une crise constitutionnelle, qui a fait que le pays avait besoin de plus de temps, pour trouver des solutions aux protestations de certains candidats exclus, sans parler du conflit entre les pouvoirs judiciaire et l\u00e9gislatif. \u00a0\u00abJe ne cherche absolument rien sauf \u00e0 laisser un pays en paix et en stabilit\u00e9\u00bb, a-t-il d\u00e9clar\u00e9. \u00abJe suis compl\u00e8tement pr\u00eat \u00e0 passer le relais. J&rsquo;ai toujours \u00e9t\u00e9 programm\u00e9 pour cela\u00bb ,\u00a0s&rsquo;est d\u00e9fendu le pr\u00e9sident Sall qui a ni\u00e9 vouloir rester de force au pouvoir. \u00abJe ne veux pas laisser derri\u00e8re moi un pays qui plongera imm\u00e9diatement dans de grandes difficult\u00e9s\u00bb, s&rsquo;est inqui\u00e9t\u00e9 le Pr\u00e9sident, qui promet: \u00abJe dis maintenant que je vais travailler pour l&rsquo;apaisement, pour des conditions qui permettront au pays d&rsquo;\u00eatre paisible&#8230; Tenons tous des discussions inclusives avant d&rsquo;aller aux \u00e9lections\u00bb. Pour rappel, le parlement s\u00e9n\u00e9galais a vot\u00e9 lundi, dans une terrible confusion,\u00a0 une loi pour repousser l&rsquo;\u00e9lection pr\u00e9sidentielle initialement pr\u00e9vue ce 25 f\u00e9vrier, au 15 d\u00e9cembre. D&rsquo;ici une semaine, le Conseil Constitutionnel devra statuer pour savoir s&rsquo;il est d&rsquo;accord avec la conclusion du parlement. Cependant, Macky Sall n&rsquo;a pas voulu se prononcer sur sa posture par rapport \u00e0 la d\u00e9cision de la cour si jamais elle rejetait le report. \u00abIl est trop t\u00f4t pour moi de consid\u00e9rer cette perspective&#8230; Quand la d\u00e9cision sera prise, je pourrai dire ce que je ferai\u00bb, a-t-il dit. Macky\u00a0 Sall a, enfin, appel\u00e9 la communaut\u00e9 internationale \u00e0 faire preuve de retenue et de compr\u00e9hension dans ces moments de trouble,\u00a0 le S\u00e9n\u00e9gal qui traverse une p\u00e9riode difficile.\u00a0 \u00abPendant les p\u00e9riodes de fragilit\u00e9, nous devons \u00eatre prudents&#8230; Le pays doit naviguer cette \u00e9tape de transition \u00e9lectorale avec une lucidit\u00e9 et tranquillit\u00e9 compl\u00e8tes, afin que le pays continue d&rsquo;avancer\u00bb, a-t-il recommand\u00e9.\" \/>\n<meta property=\"og:url\" content=\"https:\/\/www.public.sn\/index.php\/2024\/02\/10\/macky-sall-sort-du-silence-je-ne-veux-pas-laisser-un-pays-dans-linstabilite\/\" \/>\n<meta property=\"og:site_name\" content=\"LE PUBLIC\" \/>\n<meta property=\"article:published_time\" content=\"2024-02-10T11:20:34+00:00\" \/>\n<meta property=\"og:image\" content=\"https:\/\/www.public.sn\/wp-content\/uploads\/2023\/05\/macky-sall-2.jpg\" \/>\n\t<meta property=\"og:image:width\" content=\"1000\" \/>\n\t<meta property=\"og:image:height\" content=\"700\" \/>\n\t<meta property=\"og:image:type\" content=\"image\/jpeg\" \/>\n<meta name=\"author\" content=\"LA REDACTION\" \/>\n<meta name=\"twitter:card\" content=\"summary_large_image\" \/>\n<meta name=\"twitter:label1\" content=\"\u00c9crit par\" \/>\n\t<meta name=\"twitter:data1\" content=\"LA REDACTION\" \/>\n\t<meta name=\"twitter:label2\" content=\"Dur\u00e9e de lecture estim\u00e9e\" \/>\n\t<meta name=\"twitter:data2\" content=\"3 minutes\" \/>\n<script type=\"application\/ld+json\" class=\"yoast-schema-graph\">{\"@context\":\"https:\/\/schema.org\",\"@graph\":[{\"@type\":\"Article\",\"@id\":\"https:\/\/www.public.sn\/index.php\/2024\/02\/10\/macky-sall-sort-du-silence-je-ne-veux-pas-laisser-un-pays-dans-linstabilite\/#article\",\"isPartOf\":{\"@id\":\"https:\/\/www.public.sn\/index.php\/2024\/02\/10\/macky-sall-sort-du-silence-je-ne-veux-pas-laisser-un-pays-dans-linstabilite\/\"},\"author\":{\"name\":\"LA REDACTION\",\"@id\":\"https:\/\/www.public.sn\/#\/schema\/person\/cb76c8e1b8becc6be61fb5e92d6d0224\"},\"headline\":\"Macky Sall sort du silence: \u00ab\u00a0Je ne veux pas laisser un pays dans l&rsquo;instabilit\u00e9\u00a0\u00bb\",\"datePublished\":\"2024-02-10T11:20:34+00:00\",\"mainEntityOfPage\":{\"@id\":\"https:\/\/www.public.sn\/index.php\/2024\/02\/10\/macky-sall-sort-du-silence-je-ne-veux-pas-laisser-un-pays-dans-linstabilite\/\"},\"wordCount\":410,\"commentCount\":0,\"publisher\":{\"@id\":\"https:\/\/www.public.sn\/#organization\"},\"image\":{\"@id\":\"https:\/\/www.public.sn\/index.php\/2024\/02\/10\/macky-sall-sort-du-silence-je-ne-veux-pas-laisser-un-pays-dans-linstabilite\/#primaryimage\"},\"thumbnailUrl\":\"https:\/\/www.public.sn\/wp-content\/uploads\/2023\/05\/macky-sall-2.jpg\",\"keywords\":[\"AP\",\"Macky Sall\",\"media americain\",\"pays instable\"],\"articleSection\":[\"ACTUALIT\u00c9S\",\"POLITIQUE\",\"S\u00c9N\u00c9GAL\",\"VEDETTE\"],\"inLanguage\":\"fr-FR\",\"potentialAction\":[{\"@type\":\"CommentAction\",\"name\":\"Comment\",\"target\":[\"https:\/\/www.public.sn\/index.php\/2024\/02\/10\/macky-sall-sort-du-silence-je-ne-veux-pas-laisser-un-pays-dans-linstabilite\/#respond\"]}]},{\"@type\":\"WebPage\",\"@id\":\"https:\/\/www.public.sn\/index.php\/2024\/02\/10\/macky-sall-sort-du-silence-je-ne-veux-pas-laisser-un-pays-dans-linstabilite\/\",\"url\":\"https:\/\/www.public.sn\/index.php\/2024\/02\/10\/macky-sall-sort-du-silence-je-ne-veux-pas-laisser-un-pays-dans-linstabilite\/\",\"name\":\"Macky Sall sort du silence: \\\"Je ne veux pas laisser un pays dans l'instabilit\u00e9\\\" - LE PUBLIC\",\"isPartOf\":{\"@id\":\"https:\/\/www.public.sn\/#website\"},\"primaryImageOfPage\":{\"@id\":\"https:\/\/www.public.sn\/index.php\/2024\/02\/10\/macky-sall-sort-du-silence-je-ne-veux-pas-laisser-un-pays-dans-linstabilite\/#primaryimage\"},\"image\":{\"@id\":\"https:\/\/www.public.sn\/index.php\/2024\/02\/10\/macky-sall-sort-du-silence-je-ne-veux-pas-laisser-un-pays-dans-linstabilite\/#primaryimage\"},\"thumbnailUrl\":\"https:\/\/www.public.sn\/wp-content\/uploads\/2023\/05\/macky-sall-2.jpg\",\"datePublished\":\"2024-02-10T11:20:34+00:00\",\"breadcrumb\":{\"@id\":\"https:\/\/www.public.sn\/index.php\/2024\/02\/10\/macky-sall-sort-du-silence-je-ne-veux-pas-laisser-un-pays-dans-linstabilite\/#breadcrumb\"},\"inLanguage\":\"fr-FR\",\"potentialAction\":[{\"@type\":\"ReadAction\",\"target\":[\"https:\/\/www.public.sn\/index.php\/2024\/02\/10\/macky-sall-sort-du-silence-je-ne-veux-pas-laisser-un-pays-dans-linstabilite\/\"]}]},{\"@type\":\"ImageObject\",\"inLanguage\":\"fr-FR\",\"@id\":\"https:\/\/www.public.sn\/index.php\/2024\/02\/10\/macky-sall-sort-du-silence-je-ne-veux-pas-laisser-un-pays-dans-linstabilite\/#primaryimage\",\"url\":\"https:\/\/www.public.sn\/wp-content\/uploads\/2023\/05\/macky-sall-2.jpg\",\"contentUrl\":\"https:\/\/www.public.sn\/wp-content\/uploads\/2023\/05\/macky-sall-2.jpg\",\"width\":1000,\"height\":700},{\"@type\":\"BreadcrumbList\",\"@id\":\"https:\/\/www.public.sn\/index.php\/2024\/02\/10\/macky-sall-sort-du-silence-je-ne-veux-pas-laisser-un-pays-dans-linstabilite\/#breadcrumb\",\"itemListElement\":[{\"@type\":\"ListItem\",\"position\":1,\"name\":\"Accueil\",\"item\":\"https:\/\/www.public.sn\/\"},{\"@type\":\"ListItem\",\"position\":2,\"name\":\"Macky Sall sort du silence: \u00ab\u00a0Je ne veux pas laisser un pays dans l&rsquo;instabilit\u00e9\u00a0\u00bb\"}]},{\"@type\":\"WebSite\",\"@id\":\"https:\/\/www.public.sn\/#website\",\"url\":\"https:\/\/www.public.sn\/\",\"name\":\"LE PUBLIC\",\"description\":\"\",\"publisher\":{\"@id\":\"https:\/\/www.public.sn\/#organization\"},\"potentialAction\":[{\"@type\":\"SearchAction\",\"target\":{\"@type\":\"EntryPoint\",\"urlTemplate\":\"https:\/\/www.public.sn\/?s={search_term_string}\"},\"query-input\":{\"@type\":\"PropertyValueSpecification\",\"valueRequired\":true,\"valueName\":\"search_term_string\"}}],\"inLanguage\":\"fr-FR\"},{\"@type\":\"Organization\",\"@id\":\"https:\/\/www.public.sn\/#organization\",\"name\":\"LE PUBLIC\",\"url\":\"https:\/\/www.public.sn\/\",\"logo\":{\"@type\":\"ImageObject\",\"inLanguage\":\"fr-FR\",\"@id\":\"https:\/\/www.public.sn\/#\/schema\/logo\/image\/\",\"url\":\"https:\/\/www.public.sn\/wp-content\/uploads\/2024\/05\/cropped-LOGO-PUBLIC.SN_.png\",\"contentUrl\":\"https:\/\/www.public.sn\/wp-content\/uploads\/2024\/05\/cropped-LOGO-PUBLIC.SN_.png\",\"width\":682,\"height\":192,\"caption\":\"LE PUBLIC\"},\"image\":{\"@id\":\"https:\/\/www.public.sn\/#\/schema\/logo\/image\/\"}},{\"@type\":\"Person\",\"@id\":\"https:\/\/www.public.sn\/#\/schema\/person\/cb76c8e1b8becc6be61fb5e92d6d0224\",\"name\":\"LA REDACTION\",\"image\":{\"@type\":\"ImageObject\",\"inLanguage\":\"fr-FR\",\"@id\":\"https:\/\/www.public.sn\/#\/schema\/person\/image\/\",\"url\":\"https:\/\/secure.gravatar.com\/avatar\/2dce5ddd34b8fef0180efe03aa2a9bee7d953856048f9a16b298190a3178407c?s=96&d=mm&r=g\",\"contentUrl\":\"https:\/\/secure.gravatar.com\/avatar\/2dce5ddd34b8fef0180efe03aa2a9bee7d953856048f9a16b298190a3178407c?s=96&d=mm&r=g\",\"caption\":\"LA REDACTION\"},\"url\":\"https:\/\/www.public.sn\/index.php\/author\/editeurpsn\/\"}]}<\/script>\n<!-- \/ Yoast SEO plugin. -->","yoast_head_json":{"title":"Macky Sall sort du silence: \"Je ne veux pas laisser un pays dans l'instabilit\u00e9\" - LE PUBLIC","robots":{"index":"index","follow":"follow","max-snippet":"max-snippet:-1","max-image-preview":"max-image-preview:large","max-video-preview":"max-video-preview:-1"},"canonical":"https:\/\/www.public.sn\/index.php\/2024\/02\/10\/macky-sall-sort-du-silence-je-ne-veux-pas-laisser-un-pays-dans-linstabilite\/","og_locale":"fr_FR","og_type":"article","og_title":"Macky Sall sort du silence: \"Je ne veux pas laisser un pays dans l'instabilit\u00e9\" - LE PUBLIC","og_description":"\u00a0Dans un entretien accord\u00e9 \u00e0 AP, vendredi, le\u00a0 pr\u00e9sident Macky Sall a enfin bris\u00e9 le silence , et s&rsquo;est expliqu\u00e9 sur sa d\u00e9cision de reporter l\u2019\u00e9lection pr\u00e9sidentielle. Dans un contexte de manifestations qui ont \u00e9clat\u00e9 \u00e0 travers le pays hier vendredi, et occasionn\u00e9 un mort \u00e0 Saint-Louis, un autre \u00e0 Dakar. C&rsquo;est sa premi\u00e8re interview depuis l&rsquo;annonce du report, et M. Sall a\u00a0 choisi le media am\u00e9ricain Associated Press (AP), pour r\u00e9futer les dires de ceux qui qualifient la d\u00e9cision d&rsquo; anticonstitutionnelle.\u00a0 Il y a eu plut\u00f4t une crise constitutionnelle, qui a fait que le pays avait besoin de plus de temps, pour trouver des solutions aux protestations de certains candidats exclus, sans parler du conflit entre les pouvoirs judiciaire et l\u00e9gislatif. \u00a0\u00abJe ne cherche absolument rien sauf \u00e0 laisser un pays en paix et en stabilit\u00e9\u00bb, a-t-il d\u00e9clar\u00e9. \u00abJe suis compl\u00e8tement pr\u00eat \u00e0 passer le relais. J&rsquo;ai toujours \u00e9t\u00e9 programm\u00e9 pour cela\u00bb ,\u00a0s&rsquo;est d\u00e9fendu le pr\u00e9sident Sall qui a ni\u00e9 vouloir rester de force au pouvoir. \u00abJe ne veux pas laisser derri\u00e8re moi un pays qui plongera imm\u00e9diatement dans de grandes difficult\u00e9s\u00bb, s&rsquo;est inqui\u00e9t\u00e9 le Pr\u00e9sident, qui promet: \u00abJe dis maintenant que je vais travailler pour l&rsquo;apaisement, pour des conditions qui permettront au pays d&rsquo;\u00eatre paisible&#8230; Tenons tous des discussions inclusives avant d&rsquo;aller aux \u00e9lections\u00bb. Pour rappel, le parlement s\u00e9n\u00e9galais a vot\u00e9 lundi, dans une terrible confusion,\u00a0 une loi pour repousser l&rsquo;\u00e9lection pr\u00e9sidentielle initialement pr\u00e9vue ce 25 f\u00e9vrier, au 15 d\u00e9cembre. D&rsquo;ici une semaine, le Conseil Constitutionnel devra statuer pour savoir s&rsquo;il est d&rsquo;accord avec la conclusion du parlement. Cependant, Macky Sall n&rsquo;a pas voulu se prononcer sur sa posture par rapport \u00e0 la d\u00e9cision de la cour si jamais elle rejetait le report. \u00abIl est trop t\u00f4t pour moi de consid\u00e9rer cette perspective&#8230; Quand la d\u00e9cision sera prise, je pourrai dire ce que je ferai\u00bb, a-t-il dit. Macky\u00a0 Sall a, enfin, appel\u00e9 la communaut\u00e9 internationale \u00e0 faire preuve de retenue et de compr\u00e9hension dans ces moments de trouble,\u00a0 le S\u00e9n\u00e9gal qui traverse une p\u00e9riode difficile.\u00a0 \u00abPendant les p\u00e9riodes de fragilit\u00e9, nous devons \u00eatre prudents&#8230; Le pays doit naviguer cette \u00e9tape de transition \u00e9lectorale avec une lucidit\u00e9 et tranquillit\u00e9 compl\u00e8tes, afin que le pays continue d&rsquo;avancer\u00bb, a-t-il recommand\u00e9.","og_url":"https:\/\/www.public.sn\/index.php\/2024\/02\/10\/macky-sall-sort-du-silence-je-ne-veux-pas-laisser-un-pays-dans-linstabilite\/","og_site_name":"LE PUBLIC","article_published_time":"2024-02-10T11:20:34+00:00","og_image":[{"width":1000,"height":700,"url":"https:\/\/www.public.sn\/wp-content\/uploads\/2023\/05\/macky-sall-2.jpg","type":"image\/jpeg"}],"author":"LA REDACTION","twitter_card":"summary_large_image","twitter_misc":{"\u00c9crit par":"LA REDACTION","Dur\u00e9e de lecture estim\u00e9e":"3 minutes"},"schema":{"@context":"https:\/\/schema.org","@graph":[{"@type":"Article","@id":"https:\/\/www.public.sn\/index.php\/2024\/02\/10\/macky-sall-sort-du-silence-je-ne-veux-pas-laisser-un-pays-dans-linstabilite\/#article","isPartOf":{"@id":"https:\/\/www.public.sn\/index.php\/2024\/02\/10\/macky-sall-sort-du-silence-je-ne-veux-pas-laisser-un-pays-dans-linstabilite\/"},"author":{"name":"LA REDACTION","@id":"https:\/\/www.public.sn\/#\/schema\/person\/cb76c8e1b8becc6be61fb5e92d6d0224"},"headline":"Macky Sall sort du silence: \u00ab\u00a0Je ne veux pas laisser un pays dans l&rsquo;instabilit\u00e9\u00a0\u00bb","datePublished":"2024-02-10T11:20:34+00:00","mainEntityOfPage":{"@id":"https:\/\/www.public.sn\/index.php\/2024\/02\/10\/macky-sall-sort-du-silence-je-ne-veux-pas-laisser-un-pays-dans-linstabilite\/"},"wordCount":410,"commentCount":0,"publisher":{"@id":"https:\/\/www.public.sn\/#organization"},"image":{"@id":"https:\/\/www.public.sn\/index.php\/2024\/02\/10\/macky-sall-sort-du-silence-je-ne-veux-pas-laisser-un-pays-dans-linstabilite\/#primaryimage"},"thumbnailUrl":"https:\/\/www.public.sn\/wp-content\/uploads\/2023\/05\/macky-sall-2.jpg","keywords":["AP","Macky Sall","media americain","pays instable"],"articleSection":["ACTUALIT\u00c9S","POLITIQUE","S\u00c9N\u00c9GAL","VEDETTE"],"inLanguage":"fr-FR","potentialAction":[{"@type":"CommentAction","name":"Comment","target":["https:\/\/www.public.sn\/index.php\/2024\/02\/10\/macky-sall-sort-du-silence-je-ne-veux-pas-laisser-un-pays-dans-linstabilite\/#respond"]}]},{"@type":"WebPage","@id":"https:\/\/www.public.sn\/index.php\/2024\/02\/10\/macky-sall-sort-du-silence-je-ne-veux-pas-laisser-un-pays-dans-linstabilite\/","url":"https:\/\/www.public.sn\/index.php\/2024\/02\/10\/macky-sall-sort-du-silence-je-ne-veux-pas-laisser-un-pays-dans-linstabilite\/","name":"Macky Sall sort du silence: \"Je ne veux pas laisser un pays dans l'instabilit\u00e9\" - LE PUBLIC","isPartOf":{"@id":"https:\/\/www.public.sn\/#website"},"primaryImageOfPage":{"@id":"https:\/\/www.public.sn\/index.php\/2024\/02\/10\/macky-sall-sort-du-silence-je-ne-veux-pas-laisser-un-pays-dans-linstabilite\/#primaryimage"},"image":{"@id":"https:\/\/www.public.sn\/index.php\/2024\/02\/10\/macky-sall-sort-du-silence-je-ne-veux-pas-laisser-un-pays-dans-linstabilite\/#primaryimage"},"thumbnailUrl":"https:\/\/www.public.sn\/wp-content\/uploads\/2023\/05\/macky-sall-2.jpg","datePublished":"2024-02-10T11:20:34+00:00","breadcrumb":{"@id":"https:\/\/www.public.sn\/index.php\/2024\/02\/10\/macky-sall-sort-du-silence-je-ne-veux-pas-laisser-un-pays-dans-linstabilite\/#breadcrumb"},"inLanguage":"fr-FR","potentialAction":[{"@type":"ReadAction","target":["https:\/\/www.public.sn\/index.php\/2024\/02\/10\/macky-sall-sort-du-silence-je-ne-veux-pas-laisser-un-pays-dans-linstabilite\/"]}]},{"@type":"ImageObject","inLanguage":"fr-FR","@id":"https:\/\/www.public.sn\/index.php\/2024\/02\/10\/macky-sall-sort-du-silence-je-ne-veux-pas-laisser-un-pays-dans-linstabilite\/#primaryimage","url":"https:\/\/www.public.sn\/wp-content\/uploads\/2023\/05\/macky-sall-2.jpg","contentUrl":"https:\/\/www.public.sn\/wp-content\/uploads\/2023\/05\/macky-sall-2.jpg","width":1000,"height":700},{"@type":"BreadcrumbList","@id":"https:\/\/www.public.sn\/index.php\/2024\/02\/10\/macky-sall-sort-du-silence-je-ne-veux-pas-laisser-un-pays-dans-linstabilite\/#breadcrumb","itemListElement":[{"@type":"ListItem","position":1,"name":"Accueil","item":"https:\/\/www.public.sn\/"},{"@type":"ListItem","position":2,"name":"Macky Sall sort du silence: \u00ab\u00a0Je ne veux pas laisser un pays dans l&rsquo;instabilit\u00e9\u00a0\u00bb"}]},{"@type":"WebSite","@id":"https:\/\/www.public.sn\/#website","url":"https:\/\/www.public.sn\/","name":"LE PUBLIC","description":"","publisher":{"@id":"https:\/\/www.public.sn\/#organization"},"potentialAction":[{"@type":"SearchAction","target":{"@type":"EntryPoint","urlTemplate":"https:\/\/www.public.sn\/?s={search_term_string}"},"query-input":{"@type":"PropertyValueSpecification","valueRequired":true,"valueName":"search_term_string"}}],"inLanguage":"fr-FR"},{"@type":"Organization","@id":"https:\/\/www.public.sn\/#organization","name":"LE PUBLIC","url":"https:\/\/www.public.sn\/","logo":{"@type":"ImageObject","inLanguage":"fr-FR","@id":"https:\/\/www.public.sn\/#\/schema\/logo\/image\/","url":"https:\/\/www.public.sn\/wp-content\/uploads\/2024\/05\/cropped-LOGO-PUBLIC.SN_.png","contentUrl":"https:\/\/www.public.sn\/wp-content\/uploads\/2024\/05\/cropped-LOGO-PUBLIC.SN_.png","width":682,"height":192,"caption":"LE PUBLIC"},"image":{"@id":"https:\/\/www.public.sn\/#\/schema\/logo\/image\/"}},{"@type":"Person","@id":"https:\/\/www.public.sn\/#\/schema\/person\/cb76c8e1b8becc6be61fb5e92d6d0224","name":"LA REDACTION","image":{"@type":"ImageObject","inLanguage":"fr-FR","@id":"https:\/\/www.public.sn\/#\/schema\/person\/image\/","url":"https:\/\/secure.gravatar.com\/avatar\/2dce5ddd34b8fef0180efe03aa2a9bee7d953856048f9a16b298190a3178407c?s=96&d=mm&r=g","contentUrl":"https:\/\/secure.gravatar.com\/avatar\/2dce5ddd34b8fef0180efe03aa2a9bee7d953856048f9a16b298190a3178407c?s=96&d=mm&r=g","caption":"LA REDACTION"},"url":"https:\/\/www.public.sn\/index.php\/author\/editeurpsn\/"}]}},"jetpack_featured_media_url":"https:\/\/www.public.sn\/wp-content\/uploads\/2023\/05\/macky-sall-2.jpg","jetpack_sharing_enabled":true,"_links":{"self":[{"href":"https:\/\/www.public.sn\/index.php\/wp-json\/wp\/v2\/posts\/30774","targetHints":{"allow":["GET"]}}],"collection":[{"href":"https:\/\/www.public.sn\/index.php\/wp-json\/wp\/v2\/posts"}],"about":[{"href":"https:\/\/www.public.sn\/index.php\/wp-json\/wp\/v2\/types\/post"}],"author":[{"embeddable":true,"href":"https:\/\/www.public.sn\/index.php\/wp-json\/wp\/v2\/users\/7"}],"replies":[{"embeddable":true,"href":"https:\/\/www.public.sn\/index.php\/wp-json\/wp\/v2\/comments?post=30774"}],"version-history":[{"count":2,"href":"https:\/\/www.public.sn\/index.php\/wp-json\/wp\/v2\/posts\/30774\/revisions"}],"predecessor-version":[{"id":30777,"href":"https:\/\/www.public.sn\/index.php\/wp-json\/wp\/v2\/posts\/30774\/revisions\/30777"}],"wp:featuredmedia":[{"embeddable":true,"href":"https:\/\/www.public.sn\/index.php\/wp-json\/wp\/v2\/media\/21690"}],"wp:attachment":[{"href":"https:\/\/www.public.sn\/index.php\/wp-json\/wp\/v2\/media?parent=30774"}],"wp:term":[{"taxonomy":"category","embeddable":true,"href":"https:\/\/www.public.sn\/index.php\/wp-json\/wp\/v2\/categories?post=30774"},{"taxonomy":"post_tag","embeddable":true,"href":"https:\/\/www.public.sn\/index.php\/wp-json\/wp\/v2\/tags?post=30774"}],"curies":[{"name":"wp","href":"https:\/\/api.w.org\/{rel}","templated":true}]}}