{"id":30790,"date":"2024-02-10T12:57:27","date_gmt":"2024-02-10T12:57:27","guid":{"rendered":"https:\/\/www.public.sn\/?p=30790"},"modified":"2024-02-10T12:57:27","modified_gmt":"2024-02-10T12:57:27","slug":"retrait-de-la-licence-de-walf-fadjri-la-presse-en-ordre-de-bataille-pour-exiger-sa-restitution","status":"publish","type":"post","link":"https:\/\/www.public.sn\/index.php\/2024\/02\/10\/retrait-de-la-licence-de-walf-fadjri-la-presse-en-ordre-de-bataille-pour-exiger-sa-restitution\/","title":{"rendered":"Retrait de la licence de Walf fadjri: La presse en ordre de bataille pour exiger sa restitution"},"content":{"rendered":"<div class=\"titre\"><\/div>\n<div class=\"chapeau\">\n<h3 class=\"access\">\u00ab\u00a0La presse existe au S\u00e9n\u00e9gal depuis 1856. Et c\u2019est honteux qu\u2019en 2024 on en arrive \u00e0 fermer un m\u00e9dia \u00ab\u00a0. Ces mots traduisent l&rsquo;indignation de\u00a0Oustaz Assane Diouf qui, parlant au nom du groupe Walf Fadjri, pr\u00e9vient: \u00a0\u00bb ceux qui ont ferm\u00e9 Walf, je ne les traduirais pas devant les Tribunaux. Mais je les conduirais au CESTI pour qu\u2019ils sachent l\u2019importance d\u2019une presse dans un pays\u00a0\u00bb.<\/h3>\n<\/div>\n<p>C&rsquo;\u00e9tait devant l&rsquo;assembl\u00e9e de la Coordination des associations de Presse, qui ont tenu ce vendredi le Conseil des m\u00e9dias pour dire non au retrait d\u00e9finitif de la licence de Walftv. Une rencontre qui a vu la participation des professionnels de l&rsquo;information et d&rsquo;organisations de la soci\u00e9t\u00e9 civile, qui ont uni leurs voix pour\u00a0 r\u00e9clamer la t\u00eate de ma\u00eetre Moussa Bocar Thiam, ministre de tutelle qui a retir\u00e9 au groupe de presse, sa licence t\u00e9l\u00e9.<\/p><div class=\"publi-paragraphe1\" style=\"margin-top: 10px;margin-bottom: 10px;margin-left: auto;margin-right: auto;text-align: center;\" id=\"publi-1738954310\"><div class=\"publi-adlabel\">Publicit\u00e9<\/div><script async src=\"\/\/pagead2.googlesyndication.com\/pagead\/js\/adsbygoogle.js?client=ca-pub-4089586018074219\" crossorigin=\"anonymous\"><\/script><ins class=\"adsbygoogle\" style=\"display:block;\" data-ad-client=\"ca-pub-4089586018074219\" \ndata-ad-slot=\"2087940154\" \ndata-ad-format=\"auto\"><\/ins>\n<script> \n(adsbygoogle = window.adsbygoogle || []).push({}); \n<\/script>\n<\/div>\n<p>Ibrahima Lissa Faye qui s&rsquo;est exprim\u00e9 au non de la Cap, a annonc\u00e9 une marche nationale si la licence n&rsquo;est pas restaur\u00e9e. Mieux, l\u00e0 Coordination r\u00e9clame \u00ab\u00a0<em>la d\u00e9mission du ministre de la Communication Moussa Bocar Thiam\u00a0\u00bb<\/em>. Seynabou Mbodj, \u00a0la premi\u00e8re journaliste femme de Walf fadjri qui refuse le \u00ab\u00a0<em>b\u00e2illonnement de la presse\u00a0\u00bb<\/em>, Oumy Ndour qui dit oui\u00a0 \u00ab\u00a0<em>\u00e0 la pr\u00e9servation de notre patrimoine\u00a0 qu&rsquo;est le groupe Walf fadjr\u00a0\u00bb <\/em>\u00e9taient en phase.<\/p>\n<p>Tout autant que Pape Al\u00e9 Niang, journaliste-activiste qui s&rsquo;est attaqu\u00e9 au r\u00e9gime de Macky Sall\u00a0 qu&rsquo;il qualifie de \u00a0\u00bb <em>banditisme d&rsquo;Etat.<\/em>\u00a0\u00bb et qui ass\u00e8ne ses quatre v\u00e9rit\u00e9s: \u00a0\u00bb <em>Un ministre ne peut se lever un beau jour retirer d\u00e9finitivement la licence d&rsquo;une t\u00e9l\u00e9 sans l&rsquo;appui de son sup\u00e9rieur. Ce combat n&rsquo;est pas celui de Walf Fadjri,\u00a0 mais de tous, et sans compromis.\u00a0\u00bb<\/em><\/p>\n<p>Le d\u00e9put\u00e9 Pape Djibril\u00a0 journaliste de profession, rappelle au r\u00e9gime de Macky Sall que \u00ab\u00a0<em>l&rsquo;information est vitale\u00a0\u00bb<\/em> ,\u00a0 aux journalistes qu&rsquo;ils sont de \u00ab\u00a0<em>grands messieurs dames qui ne doivent pas accepter d&rsquo;\u00eatre Infantilis\u00e9s\u00a0\u00bb, <\/em>et \u00e0<em> \u00ab\u00a0celui qui a pris cette d\u00e9cision inique, que son patron est le pr\u00e9curseur des m\u00e9dias non \u00e9thiques.\u00a0\u00bb<\/em><\/p>\n<p>Seydi Gassama pour sa part, s&rsquo;est exprim\u00e9 au nom des organisations des droits humains, et Reporters sans Fronti\u00e8res, repr\u00e9sent\u00e9 par Jeanne Lagarde a rappel\u00e9 aux autorit\u00e9s. \u00ab\u00a0<em>Les textes de lois garantissent la libert\u00e9\u00a0de la presse. Et pourtant en moins de deux ans une quinzaine de journalistes sont arr\u00eat\u00e9s. En trois ans Walf Fadjri a fait l&rsquo;objet de 3 restrictions. C&rsquo;est un ciblage abusif\u00a0\u00bb.<\/em><\/p>\n<div class=\"publi-apres-le-contenu\" style=\"margin-top: 10px;margin-bottom: 10px;margin-left: auto;margin-right: auto;text-align: center;\" id=\"publi-1093748484\"><div class=\"publi-adlabel\">Publicit\u00e9<\/div><script async src=\"\/\/pagead2.googlesyndication.com\/pagead\/js\/adsbygoogle.js?client=ca-pub-4089586018074219\" crossorigin=\"anonymous\"><\/script><ins class=\"adsbygoogle\" style=\"display:block;\" data-ad-client=\"ca-pub-4089586018074219\" \ndata-ad-slot=\"2087940154\" \ndata-ad-format=\"auto\"><\/ins>\n<script> \n(adsbygoogle = window.adsbygoogle || []).push({}); \n<\/script>\n<\/div>","protected":false},"excerpt":{"rendered":"<p>\u00ab\u00a0La presse existe au S\u00e9n\u00e9gal depuis 1856. Et c\u2019est honteux qu\u2019en 2024 on en arrive \u00e0 fermer un m\u00e9dia \u00ab\u00a0. Ces mots traduisent l&rsquo;indignation de\u00a0Oustaz Assane Diouf qui, parlant au nom du groupe Walf Fadjri, pr\u00e9vient: \u00a0\u00bb ceux qui ont ferm\u00e9 Walf, je ne les traduirais pas devant les Tribunaux. Mais je les conduirais au CESTI pour qu\u2019ils sachent l\u2019importance d\u2019une presse dans un pays\u00a0\u00bb. C&rsquo;\u00e9tait devant l&rsquo;assembl\u00e9e de la Coordination des associations de Presse, qui ont tenu ce vendredi le Conseil des m\u00e9dias pour dire non au retrait d\u00e9finitif de la licence de Walftv. Une rencontre qui a vu la participation des professionnels de l&rsquo;information et d&rsquo;organisations de la soci\u00e9t\u00e9 civile, qui ont uni leurs voix pour\u00a0 r\u00e9clamer la t\u00eate de ma\u00eetre Moussa Bocar Thiam, ministre de tutelle qui a retir\u00e9 au groupe de presse, sa licence t\u00e9l\u00e9. Ibrahima Lissa Faye qui s&rsquo;est exprim\u00e9 au non de la Cap, a annonc\u00e9 une marche nationale si la licence n&rsquo;est pas restaur\u00e9e. Mieux, l\u00e0 Coordination r\u00e9clame \u00ab\u00a0la d\u00e9mission du ministre de la Communication Moussa Bocar Thiam\u00a0\u00bb. Seynabou Mbodj, \u00a0la premi\u00e8re journaliste femme de Walf fadjri qui refuse le \u00ab\u00a0b\u00e2illonnement de la presse\u00a0\u00bb, Oumy Ndour qui dit oui\u00a0 \u00ab\u00a0\u00e0 la pr\u00e9servation de notre patrimoine\u00a0 qu&rsquo;est le groupe Walf fadjr\u00a0\u00bb \u00e9taient en phase. Tout autant que Pape Al\u00e9 Niang, journaliste-activiste qui s&rsquo;est attaqu\u00e9 au r\u00e9gime de Macky Sall\u00a0 qu&rsquo;il qualifie de \u00a0\u00bb banditisme d&rsquo;Etat.\u00a0\u00bb et qui ass\u00e8ne ses quatre v\u00e9rit\u00e9s: \u00a0\u00bb Un ministre ne peut se lever un beau jour retirer d\u00e9finitivement la licence d&rsquo;une t\u00e9l\u00e9 sans l&rsquo;appui de son sup\u00e9rieur. Ce combat n&rsquo;est pas celui de Walf Fadjri,\u00a0 mais de tous, et sans compromis.\u00a0\u00bb Le d\u00e9put\u00e9 Pape Djibril\u00a0 journaliste de profession, rappelle au r\u00e9gime de Macky Sall que \u00ab\u00a0l&rsquo;information est vitale\u00a0\u00bb ,\u00a0 aux journalistes qu&rsquo;ils sont de \u00ab\u00a0grands messieurs dames qui ne doivent pas accepter d&rsquo;\u00eatre Infantilis\u00e9s\u00a0\u00bb, et \u00e0 \u00ab\u00a0celui qui a pris cette d\u00e9cision inique, que son patron est le pr\u00e9curseur des m\u00e9dias non \u00e9thiques.\u00a0\u00bb Seydi Gassama pour sa part, s&rsquo;est exprim\u00e9 au nom des organisations des droits humains, et Reporters sans Fronti\u00e8res, repr\u00e9sent\u00e9 par Jeanne Lagarde a rappel\u00e9 aux autorit\u00e9s. \u00ab\u00a0Les textes de lois garantissent la libert\u00e9\u00a0de la presse. Et pourtant en moins de deux ans une quinzaine de journalistes sont arr\u00eat\u00e9s. En trois ans Walf Fadjri a fait l&rsquo;objet de 3 restrictions. C&rsquo;est un ciblage abusif\u00a0\u00bb.<\/p>\n","protected":false},"author":7,"featured_media":30791,"comment_status":"open","ping_status":"open","sticky":false,"template":"","format":"standard","meta":{"_jetpack_memberships_contains_paid_content":false,"footnotes":""},"categories":[375,1,4],"tags":[1281,5413,5414,4622],"class_list":["post-30790","post","type-post","status-publish","format-standard","has-post-thumbnail","hentry","category-actualites","category-non-classe","category-societe","tag-cap","tag-oustaz-assane-douf","tag-retrait-licence","tag-walf","entry","has-media","owp-thumbs-layout-horizontal","owp-btn-normal","owp-tabs-layout-horizontal","has-no-thumbnails","has-product-nav"],"yoast_head":"<!-- This site is optimized with the Yoast SEO plugin v25.5 - https:\/\/yoast.com\/wordpress\/plugins\/seo\/ -->\n<title>Retrait de la licence de Walf fadjri: La presse en ordre de bataille pour exiger sa restitution - LE PUBLIC<\/title>\n<meta name=\"robots\" content=\"index, follow, max-snippet:-1, max-image-preview:large, max-video-preview:-1\" \/>\n<link rel=\"canonical\" href=\"https:\/\/www.public.sn\/index.php\/2024\/02\/10\/retrait-de-la-licence-de-walf-fadjri-la-presse-en-ordre-de-bataille-pour-exiger-sa-restitution\/\" \/>\n<meta property=\"og:locale\" content=\"fr_FR\" \/>\n<meta property=\"og:type\" content=\"article\" \/>\n<meta property=\"og:title\" content=\"Retrait de la licence de Walf fadjri: La presse en ordre de bataille pour exiger sa restitution - LE PUBLIC\" \/>\n<meta property=\"og:description\" content=\"\u00ab\u00a0La presse existe au S\u00e9n\u00e9gal depuis 1856. Et c\u2019est honteux qu\u2019en 2024 on en arrive \u00e0 fermer un m\u00e9dia \u00ab\u00a0. Ces mots traduisent l&rsquo;indignation de\u00a0Oustaz Assane Diouf qui, parlant au nom du groupe Walf Fadjri, pr\u00e9vient: \u00a0\u00bb ceux qui ont ferm\u00e9 Walf, je ne les traduirais pas devant les Tribunaux. Mais je les conduirais au CESTI pour qu\u2019ils sachent l\u2019importance d\u2019une presse dans un pays\u00a0\u00bb. C&rsquo;\u00e9tait devant l&rsquo;assembl\u00e9e de la Coordination des associations de Presse, qui ont tenu ce vendredi le Conseil des m\u00e9dias pour dire non au retrait d\u00e9finitif de la licence de Walftv. Une rencontre qui a vu la participation des professionnels de l&rsquo;information et d&rsquo;organisations de la soci\u00e9t\u00e9 civile, qui ont uni leurs voix pour\u00a0 r\u00e9clamer la t\u00eate de ma\u00eetre Moussa Bocar Thiam, ministre de tutelle qui a retir\u00e9 au groupe de presse, sa licence t\u00e9l\u00e9. Ibrahima Lissa Faye qui s&rsquo;est exprim\u00e9 au non de la Cap, a annonc\u00e9 une marche nationale si la licence n&rsquo;est pas restaur\u00e9e. Mieux, l\u00e0 Coordination r\u00e9clame \u00ab\u00a0la d\u00e9mission du ministre de la Communication Moussa Bocar Thiam\u00a0\u00bb. Seynabou Mbodj, \u00a0la premi\u00e8re journaliste femme de Walf fadjri qui refuse le \u00ab\u00a0b\u00e2illonnement de la presse\u00a0\u00bb, Oumy Ndour qui dit oui\u00a0 \u00ab\u00a0\u00e0 la pr\u00e9servation de notre patrimoine\u00a0 qu&rsquo;est le groupe Walf fadjr\u00a0\u00bb \u00e9taient en phase. Tout autant que Pape Al\u00e9 Niang, journaliste-activiste qui s&rsquo;est attaqu\u00e9 au r\u00e9gime de Macky Sall\u00a0 qu&rsquo;il qualifie de \u00a0\u00bb banditisme d&rsquo;Etat.\u00a0\u00bb et qui ass\u00e8ne ses quatre v\u00e9rit\u00e9s: \u00a0\u00bb Un ministre ne peut se lever un beau jour retirer d\u00e9finitivement la licence d&rsquo;une t\u00e9l\u00e9 sans l&rsquo;appui de son sup\u00e9rieur. Ce combat n&rsquo;est pas celui de Walf Fadjri,\u00a0 mais de tous, et sans compromis.\u00a0\u00bb Le d\u00e9put\u00e9 Pape Djibril\u00a0 journaliste de profession, rappelle au r\u00e9gime de Macky Sall que \u00ab\u00a0l&rsquo;information est vitale\u00a0\u00bb ,\u00a0 aux journalistes qu&rsquo;ils sont de \u00ab\u00a0grands messieurs dames qui ne doivent pas accepter d&rsquo;\u00eatre Infantilis\u00e9s\u00a0\u00bb, et \u00e0 \u00ab\u00a0celui qui a pris cette d\u00e9cision inique, que son patron est le pr\u00e9curseur des m\u00e9dias non \u00e9thiques.\u00a0\u00bb Seydi Gassama pour sa part, s&rsquo;est exprim\u00e9 au nom des organisations des droits humains, et Reporters sans Fronti\u00e8res, repr\u00e9sent\u00e9 par Jeanne Lagarde a rappel\u00e9 aux autorit\u00e9s. \u00ab\u00a0Les textes de lois garantissent la libert\u00e9\u00a0de la presse. Et pourtant en moins de deux ans une quinzaine de journalistes sont arr\u00eat\u00e9s. En trois ans Walf Fadjri a fait l&rsquo;objet de 3 restrictions. C&rsquo;est un ciblage abusif\u00a0\u00bb.\" \/>\n<meta property=\"og:url\" content=\"https:\/\/www.public.sn\/index.php\/2024\/02\/10\/retrait-de-la-licence-de-walf-fadjri-la-presse-en-ordre-de-bataille-pour-exiger-sa-restitution\/\" \/>\n<meta property=\"og:site_name\" content=\"LE PUBLIC\" \/>\n<meta property=\"article:published_time\" content=\"2024-02-10T12:57:27+00:00\" \/>\n<meta property=\"og:image\" content=\"https:\/\/www.public.sn\/wp-content\/uploads\/2024\/02\/oustaze_assanediouf.jpeg\" \/>\n\t<meta property=\"og:image:width\" content=\"400\" \/>\n\t<meta property=\"og:image:height\" content=\"270\" \/>\n\t<meta property=\"og:image:type\" content=\"image\/jpeg\" \/>\n<meta name=\"author\" content=\"LA REDACTION\" \/>\n<meta name=\"twitter:card\" content=\"summary_large_image\" \/>\n<meta name=\"twitter:label1\" content=\"\u00c9crit par\" \/>\n\t<meta name=\"twitter:data1\" content=\"LA REDACTION\" \/>\n\t<meta name=\"twitter:label2\" content=\"Dur\u00e9e de lecture estim\u00e9e\" \/>\n\t<meta name=\"twitter:data2\" content=\"3 minutes\" \/>\n<script type=\"application\/ld+json\" class=\"yoast-schema-graph\">{\"@context\":\"https:\/\/schema.org\",\"@graph\":[{\"@type\":\"Article\",\"@id\":\"https:\/\/www.public.sn\/index.php\/2024\/02\/10\/retrait-de-la-licence-de-walf-fadjri-la-presse-en-ordre-de-bataille-pour-exiger-sa-restitution\/#article\",\"isPartOf\":{\"@id\":\"https:\/\/www.public.sn\/index.php\/2024\/02\/10\/retrait-de-la-licence-de-walf-fadjri-la-presse-en-ordre-de-bataille-pour-exiger-sa-restitution\/\"},\"author\":{\"name\":\"LA REDACTION\",\"@id\":\"https:\/\/www.public.sn\/#\/schema\/person\/cb76c8e1b8becc6be61fb5e92d6d0224\"},\"headline\":\"Retrait de la licence de Walf fadjri: La presse en ordre de bataille pour exiger sa restitution\",\"datePublished\":\"2024-02-10T12:57:27+00:00\",\"mainEntityOfPage\":{\"@id\":\"https:\/\/www.public.sn\/index.php\/2024\/02\/10\/retrait-de-la-licence-de-walf-fadjri-la-presse-en-ordre-de-bataille-pour-exiger-sa-restitution\/\"},\"wordCount\":438,\"commentCount\":0,\"publisher\":{\"@id\":\"https:\/\/www.public.sn\/#organization\"},\"image\":{\"@id\":\"https:\/\/www.public.sn\/index.php\/2024\/02\/10\/retrait-de-la-licence-de-walf-fadjri-la-presse-en-ordre-de-bataille-pour-exiger-sa-restitution\/#primaryimage\"},\"thumbnailUrl\":\"https:\/\/www.public.sn\/wp-content\/uploads\/2024\/02\/oustaze_assanediouf.jpeg\",\"keywords\":[\"cap\",\"oustaz Assane Douf\",\"retrait licence\",\"Walf\"],\"articleSection\":[\"ACTUALIT\u00c9S\",\"S\u00c9N\u00c9GAL\",\"SOCIETE\"],\"inLanguage\":\"fr-FR\",\"potentialAction\":[{\"@type\":\"CommentAction\",\"name\":\"Comment\",\"target\":[\"https:\/\/www.public.sn\/index.php\/2024\/02\/10\/retrait-de-la-licence-de-walf-fadjri-la-presse-en-ordre-de-bataille-pour-exiger-sa-restitution\/#respond\"]}]},{\"@type\":\"WebPage\",\"@id\":\"https:\/\/www.public.sn\/index.php\/2024\/02\/10\/retrait-de-la-licence-de-walf-fadjri-la-presse-en-ordre-de-bataille-pour-exiger-sa-restitution\/\",\"url\":\"https:\/\/www.public.sn\/index.php\/2024\/02\/10\/retrait-de-la-licence-de-walf-fadjri-la-presse-en-ordre-de-bataille-pour-exiger-sa-restitution\/\",\"name\":\"Retrait de la licence de Walf fadjri: La presse en ordre de bataille pour exiger sa restitution - LE PUBLIC\",\"isPartOf\":{\"@id\":\"https:\/\/www.public.sn\/#website\"},\"primaryImageOfPage\":{\"@id\":\"https:\/\/www.public.sn\/index.php\/2024\/02\/10\/retrait-de-la-licence-de-walf-fadjri-la-presse-en-ordre-de-bataille-pour-exiger-sa-restitution\/#primaryimage\"},\"image\":{\"@id\":\"https:\/\/www.public.sn\/index.php\/2024\/02\/10\/retrait-de-la-licence-de-walf-fadjri-la-presse-en-ordre-de-bataille-pour-exiger-sa-restitution\/#primaryimage\"},\"thumbnailUrl\":\"https:\/\/www.public.sn\/wp-content\/uploads\/2024\/02\/oustaze_assanediouf.jpeg\",\"datePublished\":\"2024-02-10T12:57:27+00:00\",\"breadcrumb\":{\"@id\":\"https:\/\/www.public.sn\/index.php\/2024\/02\/10\/retrait-de-la-licence-de-walf-fadjri-la-presse-en-ordre-de-bataille-pour-exiger-sa-restitution\/#breadcrumb\"},\"inLanguage\":\"fr-FR\",\"potentialAction\":[{\"@type\":\"ReadAction\",\"target\":[\"https:\/\/www.public.sn\/index.php\/2024\/02\/10\/retrait-de-la-licence-de-walf-fadjri-la-presse-en-ordre-de-bataille-pour-exiger-sa-restitution\/\"]}]},{\"@type\":\"ImageObject\",\"inLanguage\":\"fr-FR\",\"@id\":\"https:\/\/www.public.sn\/index.php\/2024\/02\/10\/retrait-de-la-licence-de-walf-fadjri-la-presse-en-ordre-de-bataille-pour-exiger-sa-restitution\/#primaryimage\",\"url\":\"https:\/\/www.public.sn\/wp-content\/uploads\/2024\/02\/oustaze_assanediouf.jpeg\",\"contentUrl\":\"https:\/\/www.public.sn\/wp-content\/uploads\/2024\/02\/oustaze_assanediouf.jpeg\",\"width\":400,\"height\":270},{\"@type\":\"BreadcrumbList\",\"@id\":\"https:\/\/www.public.sn\/index.php\/2024\/02\/10\/retrait-de-la-licence-de-walf-fadjri-la-presse-en-ordre-de-bataille-pour-exiger-sa-restitution\/#breadcrumb\",\"itemListElement\":[{\"@type\":\"ListItem\",\"position\":1,\"name\":\"Accueil\",\"item\":\"https:\/\/www.public.sn\/\"},{\"@type\":\"ListItem\",\"position\":2,\"name\":\"Retrait de la licence de Walf fadjri: La presse en ordre de bataille pour exiger sa restitution\"}]},{\"@type\":\"WebSite\",\"@id\":\"https:\/\/www.public.sn\/#website\",\"url\":\"https:\/\/www.public.sn\/\",\"name\":\"LE PUBLIC\",\"description\":\"\",\"publisher\":{\"@id\":\"https:\/\/www.public.sn\/#organization\"},\"potentialAction\":[{\"@type\":\"SearchAction\",\"target\":{\"@type\":\"EntryPoint\",\"urlTemplate\":\"https:\/\/www.public.sn\/?s={search_term_string}\"},\"query-input\":{\"@type\":\"PropertyValueSpecification\",\"valueRequired\":true,\"valueName\":\"search_term_string\"}}],\"inLanguage\":\"fr-FR\"},{\"@type\":\"Organization\",\"@id\":\"https:\/\/www.public.sn\/#organization\",\"name\":\"LE PUBLIC\",\"url\":\"https:\/\/www.public.sn\/\",\"logo\":{\"@type\":\"ImageObject\",\"inLanguage\":\"fr-FR\",\"@id\":\"https:\/\/www.public.sn\/#\/schema\/logo\/image\/\",\"url\":\"https:\/\/www.public.sn\/wp-content\/uploads\/2024\/05\/cropped-LOGO-PUBLIC.SN_.png\",\"contentUrl\":\"https:\/\/www.public.sn\/wp-content\/uploads\/2024\/05\/cropped-LOGO-PUBLIC.SN_.png\",\"width\":682,\"height\":192,\"caption\":\"LE PUBLIC\"},\"image\":{\"@id\":\"https:\/\/www.public.sn\/#\/schema\/logo\/image\/\"}},{\"@type\":\"Person\",\"@id\":\"https:\/\/www.public.sn\/#\/schema\/person\/cb76c8e1b8becc6be61fb5e92d6d0224\",\"name\":\"LA REDACTION\",\"image\":{\"@type\":\"ImageObject\",\"inLanguage\":\"fr-FR\",\"@id\":\"https:\/\/www.public.sn\/#\/schema\/person\/image\/\",\"url\":\"https:\/\/secure.gravatar.com\/avatar\/2dce5ddd34b8fef0180efe03aa2a9bee7d953856048f9a16b298190a3178407c?s=96&d=mm&r=g\",\"contentUrl\":\"https:\/\/secure.gravatar.com\/avatar\/2dce5ddd34b8fef0180efe03aa2a9bee7d953856048f9a16b298190a3178407c?s=96&d=mm&r=g\",\"caption\":\"LA REDACTION\"},\"url\":\"https:\/\/www.public.sn\/index.php\/author\/editeurpsn\/\"}]}<\/script>\n<!-- \/ Yoast SEO plugin. -->","yoast_head_json":{"title":"Retrait de la licence de Walf fadjri: La presse en ordre de bataille pour exiger sa restitution - LE PUBLIC","robots":{"index":"index","follow":"follow","max-snippet":"max-snippet:-1","max-image-preview":"max-image-preview:large","max-video-preview":"max-video-preview:-1"},"canonical":"https:\/\/www.public.sn\/index.php\/2024\/02\/10\/retrait-de-la-licence-de-walf-fadjri-la-presse-en-ordre-de-bataille-pour-exiger-sa-restitution\/","og_locale":"fr_FR","og_type":"article","og_title":"Retrait de la licence de Walf fadjri: La presse en ordre de bataille pour exiger sa restitution - LE PUBLIC","og_description":"\u00ab\u00a0La presse existe au S\u00e9n\u00e9gal depuis 1856. Et c\u2019est honteux qu\u2019en 2024 on en arrive \u00e0 fermer un m\u00e9dia \u00ab\u00a0. Ces mots traduisent l&rsquo;indignation de\u00a0Oustaz Assane Diouf qui, parlant au nom du groupe Walf Fadjri, pr\u00e9vient: \u00a0\u00bb ceux qui ont ferm\u00e9 Walf, je ne les traduirais pas devant les Tribunaux. Mais je les conduirais au CESTI pour qu\u2019ils sachent l\u2019importance d\u2019une presse dans un pays\u00a0\u00bb. C&rsquo;\u00e9tait devant l&rsquo;assembl\u00e9e de la Coordination des associations de Presse, qui ont tenu ce vendredi le Conseil des m\u00e9dias pour dire non au retrait d\u00e9finitif de la licence de Walftv. Une rencontre qui a vu la participation des professionnels de l&rsquo;information et d&rsquo;organisations de la soci\u00e9t\u00e9 civile, qui ont uni leurs voix pour\u00a0 r\u00e9clamer la t\u00eate de ma\u00eetre Moussa Bocar Thiam, ministre de tutelle qui a retir\u00e9 au groupe de presse, sa licence t\u00e9l\u00e9. Ibrahima Lissa Faye qui s&rsquo;est exprim\u00e9 au non de la Cap, a annonc\u00e9 une marche nationale si la licence n&rsquo;est pas restaur\u00e9e. Mieux, l\u00e0 Coordination r\u00e9clame \u00ab\u00a0la d\u00e9mission du ministre de la Communication Moussa Bocar Thiam\u00a0\u00bb. Seynabou Mbodj, \u00a0la premi\u00e8re journaliste femme de Walf fadjri qui refuse le \u00ab\u00a0b\u00e2illonnement de la presse\u00a0\u00bb, Oumy Ndour qui dit oui\u00a0 \u00ab\u00a0\u00e0 la pr\u00e9servation de notre patrimoine\u00a0 qu&rsquo;est le groupe Walf fadjr\u00a0\u00bb \u00e9taient en phase. Tout autant que Pape Al\u00e9 Niang, journaliste-activiste qui s&rsquo;est attaqu\u00e9 au r\u00e9gime de Macky Sall\u00a0 qu&rsquo;il qualifie de \u00a0\u00bb banditisme d&rsquo;Etat.\u00a0\u00bb et qui ass\u00e8ne ses quatre v\u00e9rit\u00e9s: \u00a0\u00bb Un ministre ne peut se lever un beau jour retirer d\u00e9finitivement la licence d&rsquo;une t\u00e9l\u00e9 sans l&rsquo;appui de son sup\u00e9rieur. Ce combat n&rsquo;est pas celui de Walf Fadjri,\u00a0 mais de tous, et sans compromis.\u00a0\u00bb Le d\u00e9put\u00e9 Pape Djibril\u00a0 journaliste de profession, rappelle au r\u00e9gime de Macky Sall que \u00ab\u00a0l&rsquo;information est vitale\u00a0\u00bb ,\u00a0 aux journalistes qu&rsquo;ils sont de \u00ab\u00a0grands messieurs dames qui ne doivent pas accepter d&rsquo;\u00eatre Infantilis\u00e9s\u00a0\u00bb, et \u00e0 \u00ab\u00a0celui qui a pris cette d\u00e9cision inique, que son patron est le pr\u00e9curseur des m\u00e9dias non \u00e9thiques.\u00a0\u00bb Seydi Gassama pour sa part, s&rsquo;est exprim\u00e9 au nom des organisations des droits humains, et Reporters sans Fronti\u00e8res, repr\u00e9sent\u00e9 par Jeanne Lagarde a rappel\u00e9 aux autorit\u00e9s. \u00ab\u00a0Les textes de lois garantissent la libert\u00e9\u00a0de la presse. Et pourtant en moins de deux ans une quinzaine de journalistes sont arr\u00eat\u00e9s. En trois ans Walf Fadjri a fait l&rsquo;objet de 3 restrictions. C&rsquo;est un ciblage abusif\u00a0\u00bb.","og_url":"https:\/\/www.public.sn\/index.php\/2024\/02\/10\/retrait-de-la-licence-de-walf-fadjri-la-presse-en-ordre-de-bataille-pour-exiger-sa-restitution\/","og_site_name":"LE PUBLIC","article_published_time":"2024-02-10T12:57:27+00:00","og_image":[{"width":400,"height":270,"url":"https:\/\/www.public.sn\/wp-content\/uploads\/2024\/02\/oustaze_assanediouf.jpeg","type":"image\/jpeg"}],"author":"LA REDACTION","twitter_card":"summary_large_image","twitter_misc":{"\u00c9crit par":"LA REDACTION","Dur\u00e9e de lecture estim\u00e9e":"3 minutes"},"schema":{"@context":"https:\/\/schema.org","@graph":[{"@type":"Article","@id":"https:\/\/www.public.sn\/index.php\/2024\/02\/10\/retrait-de-la-licence-de-walf-fadjri-la-presse-en-ordre-de-bataille-pour-exiger-sa-restitution\/#article","isPartOf":{"@id":"https:\/\/www.public.sn\/index.php\/2024\/02\/10\/retrait-de-la-licence-de-walf-fadjri-la-presse-en-ordre-de-bataille-pour-exiger-sa-restitution\/"},"author":{"name":"LA REDACTION","@id":"https:\/\/www.public.sn\/#\/schema\/person\/cb76c8e1b8becc6be61fb5e92d6d0224"},"headline":"Retrait de la licence de Walf fadjri: La presse en ordre de bataille pour exiger sa restitution","datePublished":"2024-02-10T12:57:27+00:00","mainEntityOfPage":{"@id":"https:\/\/www.public.sn\/index.php\/2024\/02\/10\/retrait-de-la-licence-de-walf-fadjri-la-presse-en-ordre-de-bataille-pour-exiger-sa-restitution\/"},"wordCount":438,"commentCount":0,"publisher":{"@id":"https:\/\/www.public.sn\/#organization"},"image":{"@id":"https:\/\/www.public.sn\/index.php\/2024\/02\/10\/retrait-de-la-licence-de-walf-fadjri-la-presse-en-ordre-de-bataille-pour-exiger-sa-restitution\/#primaryimage"},"thumbnailUrl":"https:\/\/www.public.sn\/wp-content\/uploads\/2024\/02\/oustaze_assanediouf.jpeg","keywords":["cap","oustaz Assane Douf","retrait licence","Walf"],"articleSection":["ACTUALIT\u00c9S","S\u00c9N\u00c9GAL","SOCIETE"],"inLanguage":"fr-FR","potentialAction":[{"@type":"CommentAction","name":"Comment","target":["https:\/\/www.public.sn\/index.php\/2024\/02\/10\/retrait-de-la-licence-de-walf-fadjri-la-presse-en-ordre-de-bataille-pour-exiger-sa-restitution\/#respond"]}]},{"@type":"WebPage","@id":"https:\/\/www.public.sn\/index.php\/2024\/02\/10\/retrait-de-la-licence-de-walf-fadjri-la-presse-en-ordre-de-bataille-pour-exiger-sa-restitution\/","url":"https:\/\/www.public.sn\/index.php\/2024\/02\/10\/retrait-de-la-licence-de-walf-fadjri-la-presse-en-ordre-de-bataille-pour-exiger-sa-restitution\/","name":"Retrait de la licence de Walf fadjri: La presse en ordre de bataille pour exiger sa restitution - LE PUBLIC","isPartOf":{"@id":"https:\/\/www.public.sn\/#website"},"primaryImageOfPage":{"@id":"https:\/\/www.public.sn\/index.php\/2024\/02\/10\/retrait-de-la-licence-de-walf-fadjri-la-presse-en-ordre-de-bataille-pour-exiger-sa-restitution\/#primaryimage"},"image":{"@id":"https:\/\/www.public.sn\/index.php\/2024\/02\/10\/retrait-de-la-licence-de-walf-fadjri-la-presse-en-ordre-de-bataille-pour-exiger-sa-restitution\/#primaryimage"},"thumbnailUrl":"https:\/\/www.public.sn\/wp-content\/uploads\/2024\/02\/oustaze_assanediouf.jpeg","datePublished":"2024-02-10T12:57:27+00:00","breadcrumb":{"@id":"https:\/\/www.public.sn\/index.php\/2024\/02\/10\/retrait-de-la-licence-de-walf-fadjri-la-presse-en-ordre-de-bataille-pour-exiger-sa-restitution\/#breadcrumb"},"inLanguage":"fr-FR","potentialAction":[{"@type":"ReadAction","target":["https:\/\/www.public.sn\/index.php\/2024\/02\/10\/retrait-de-la-licence-de-walf-fadjri-la-presse-en-ordre-de-bataille-pour-exiger-sa-restitution\/"]}]},{"@type":"ImageObject","inLanguage":"fr-FR","@id":"https:\/\/www.public.sn\/index.php\/2024\/02\/10\/retrait-de-la-licence-de-walf-fadjri-la-presse-en-ordre-de-bataille-pour-exiger-sa-restitution\/#primaryimage","url":"https:\/\/www.public.sn\/wp-content\/uploads\/2024\/02\/oustaze_assanediouf.jpeg","contentUrl":"https:\/\/www.public.sn\/wp-content\/uploads\/2024\/02\/oustaze_assanediouf.jpeg","width":400,"height":270},{"@type":"BreadcrumbList","@id":"https:\/\/www.public.sn\/index.php\/2024\/02\/10\/retrait-de-la-licence-de-walf-fadjri-la-presse-en-ordre-de-bataille-pour-exiger-sa-restitution\/#breadcrumb","itemListElement":[{"@type":"ListItem","position":1,"name":"Accueil","item":"https:\/\/www.public.sn\/"},{"@type":"ListItem","position":2,"name":"Retrait de la licence de Walf fadjri: La presse en ordre de bataille pour exiger sa restitution"}]},{"@type":"WebSite","@id":"https:\/\/www.public.sn\/#website","url":"https:\/\/www.public.sn\/","name":"LE PUBLIC","description":"","publisher":{"@id":"https:\/\/www.public.sn\/#organization"},"potentialAction":[{"@type":"SearchAction","target":{"@type":"EntryPoint","urlTemplate":"https:\/\/www.public.sn\/?s={search_term_string}"},"query-input":{"@type":"PropertyValueSpecification","valueRequired":true,"valueName":"search_term_string"}}],"inLanguage":"fr-FR"},{"@type":"Organization","@id":"https:\/\/www.public.sn\/#organization","name":"LE PUBLIC","url":"https:\/\/www.public.sn\/","logo":{"@type":"ImageObject","inLanguage":"fr-FR","@id":"https:\/\/www.public.sn\/#\/schema\/logo\/image\/","url":"https:\/\/www.public.sn\/wp-content\/uploads\/2024\/05\/cropped-LOGO-PUBLIC.SN_.png","contentUrl":"https:\/\/www.public.sn\/wp-content\/uploads\/2024\/05\/cropped-LOGO-PUBLIC.SN_.png","width":682,"height":192,"caption":"LE PUBLIC"},"image":{"@id":"https:\/\/www.public.sn\/#\/schema\/logo\/image\/"}},{"@type":"Person","@id":"https:\/\/www.public.sn\/#\/schema\/person\/cb76c8e1b8becc6be61fb5e92d6d0224","name":"LA REDACTION","image":{"@type":"ImageObject","inLanguage":"fr-FR","@id":"https:\/\/www.public.sn\/#\/schema\/person\/image\/","url":"https:\/\/secure.gravatar.com\/avatar\/2dce5ddd34b8fef0180efe03aa2a9bee7d953856048f9a16b298190a3178407c?s=96&d=mm&r=g","contentUrl":"https:\/\/secure.gravatar.com\/avatar\/2dce5ddd34b8fef0180efe03aa2a9bee7d953856048f9a16b298190a3178407c?s=96&d=mm&r=g","caption":"LA REDACTION"},"url":"https:\/\/www.public.sn\/index.php\/author\/editeurpsn\/"}]}},"jetpack_featured_media_url":"https:\/\/www.public.sn\/wp-content\/uploads\/2024\/02\/oustaze_assanediouf.jpeg","jetpack_sharing_enabled":true,"_links":{"self":[{"href":"https:\/\/www.public.sn\/index.php\/wp-json\/wp\/v2\/posts\/30790","targetHints":{"allow":["GET"]}}],"collection":[{"href":"https:\/\/www.public.sn\/index.php\/wp-json\/wp\/v2\/posts"}],"about":[{"href":"https:\/\/www.public.sn\/index.php\/wp-json\/wp\/v2\/types\/post"}],"author":[{"embeddable":true,"href":"https:\/\/www.public.sn\/index.php\/wp-json\/wp\/v2\/users\/7"}],"replies":[{"embeddable":true,"href":"https:\/\/www.public.sn\/index.php\/wp-json\/wp\/v2\/comments?post=30790"}],"version-history":[{"count":1,"href":"https:\/\/www.public.sn\/index.php\/wp-json\/wp\/v2\/posts\/30790\/revisions"}],"predecessor-version":[{"id":30792,"href":"https:\/\/www.public.sn\/index.php\/wp-json\/wp\/v2\/posts\/30790\/revisions\/30792"}],"wp:featuredmedia":[{"embeddable":true,"href":"https:\/\/www.public.sn\/index.php\/wp-json\/wp\/v2\/media\/30791"}],"wp:attachment":[{"href":"https:\/\/www.public.sn\/index.php\/wp-json\/wp\/v2\/media?parent=30790"}],"wp:term":[{"taxonomy":"category","embeddable":true,"href":"https:\/\/www.public.sn\/index.php\/wp-json\/wp\/v2\/categories?post=30790"},{"taxonomy":"post_tag","embeddable":true,"href":"https:\/\/www.public.sn\/index.php\/wp-json\/wp\/v2\/tags?post=30790"}],"curies":[{"name":"wp","href":"https:\/\/api.w.org\/{rel}","templated":true}]}}