{"id":30837,"date":"2024-02-12T18:33:09","date_gmt":"2024-02-12T18:33:09","guid":{"rendered":"https:\/\/www.public.sn\/?p=30837"},"modified":"2024-02-12T18:33:09","modified_gmt":"2024-02-12T18:33:09","slug":"lettre-conjointe-de-diouf-et-wade-les-deux-ex-presidents-du-senegal-prechent-pour-le-dialogue","status":"publish","type":"post","link":"https:\/\/www.public.sn\/index.php\/2024\/02\/12\/lettre-conjointe-de-diouf-et-wade-les-deux-ex-presidents-du-senegal-prechent-pour-le-dialogue\/","title":{"rendered":"Lettre conjointe de Diouf et Wade: Les deux ex pr\u00e9sidents du S\u00e9n\u00e9gal pr\u00eachent pour le dialogue"},"content":{"rendered":"<div class=\"titre\"><\/div>\n<div class=\"chapeau\">\n<h3>Une fois n&rsquo;est pas coutume, messieurs Abdou Diouf et Abdoulaye Wade, deux anciens pr\u00e9sidents du S\u00e9n\u00e9gal, ont publi\u00e9 une lettre conjointe, non seulement pour revenir sur la situation du pays, mais surtout pour encourager toute la classe politique et la soci\u00e9t\u00e9 civile \u00e0 dire oui au dialogue, pour des \u00e9lections transparentes et apais\u00e9es. Voici la lettre.<\/h3>\n<h3 class=\"access\"><\/h3>\n<p><img fetchpriority=\"high\" decoding=\"async\" class=\"alignnone size-full wp-image-30838\" src=\"https:\/\/www.public.sn\/wp-content\/uploads\/2024\/02\/lettre-de-DIOUF.jpeg\" alt=\"\" width=\"771\" height=\"958\" srcset=\"https:\/\/www.public.sn\/wp-content\/uploads\/2024\/02\/lettre-de-DIOUF.jpeg 771w, https:\/\/www.public.sn\/wp-content\/uploads\/2024\/02\/lettre-de-DIOUF-600x746.jpeg 600w, https:\/\/www.public.sn\/wp-content\/uploads\/2024\/02\/lettre-de-DIOUF-241x300.jpeg 241w, https:\/\/www.public.sn\/wp-content\/uploads\/2024\/02\/lettre-de-DIOUF-768x954.jpeg 768w\" sizes=\"(max-width: 771px) 100vw, 771px\" \/><\/p>\n<\/div>\n<div class=\"publi-apres-le-contenu\" style=\"margin-top: 10px;margin-bottom: 10px;margin-left: auto;margin-right: auto;text-align: center;\" id=\"publi-2674698235\"><div class=\"publi-adlabel\">Publicit\u00e9<\/div><script async src=\"\/\/pagead2.googlesyndication.com\/pagead\/js\/adsbygoogle.js?client=ca-pub-4089586018074219\" crossorigin=\"anonymous\"><\/script><ins class=\"adsbygoogle\" style=\"display:block;\" data-ad-client=\"ca-pub-4089586018074219\" \ndata-ad-slot=\"2087940154\" \ndata-ad-format=\"auto\"><\/ins>\n<script> \n(adsbygoogle = window.adsbygoogle || []).push({}); \n<\/script>\n<\/div>","protected":false},"excerpt":{"rendered":"<p>Une fois n&rsquo;est pas coutume, messieurs Abdou Diouf et Abdoulaye Wade, deux anciens pr\u00e9sidents du S\u00e9n\u00e9gal, ont publi\u00e9 une lettre conjointe, non seulement pour revenir sur la situation du pays, mais surtout pour encourager toute la classe politique et la soci\u00e9t\u00e9 civile \u00e0 dire oui au dialogue, pour des \u00e9lections transparentes et apais\u00e9es. Voici la lettre.<\/p>\n","protected":false},"author":7,"featured_media":30839,"comment_status":"open","ping_status":"open","sticky":false,"template":"","format":"standard","meta":{"_jetpack_memberships_contains_paid_content":false,"footnotes":""},"categories":[375,3,1,372],"tags":[538,5419,5418],"class_list":["post-30837","post","type-post","status-publish","format-standard","has-post-thumbnail","hentry","category-actualites","category-politique","category-non-classe","category-vedette","tag-dialogue","tag-diouf-et-wade","tag-lettre-conjointe","entry","has-media","owp-thumbs-layout-horizontal","owp-btn-normal","owp-tabs-layout-horizontal","has-no-thumbnails","has-product-nav"],"yoast_head":"<!-- This site is optimized with the Yoast SEO plugin v25.5 - https:\/\/yoast.com\/wordpress\/plugins\/seo\/ -->\n<title>Lettre conjointe de Diouf et Wade: Les deux ex pr\u00e9sidents du S\u00e9n\u00e9gal pr\u00eachent pour le dialogue - LE PUBLIC<\/title>\n<meta name=\"robots\" content=\"index, follow, max-snippet:-1, max-image-preview:large, max-video-preview:-1\" \/>\n<link rel=\"canonical\" href=\"https:\/\/www.public.sn\/index.php\/2024\/02\/12\/lettre-conjointe-de-diouf-et-wade-les-deux-ex-presidents-du-senegal-prechent-pour-le-dialogue\/\" \/>\n<meta property=\"og:locale\" content=\"fr_FR\" \/>\n<meta property=\"og:type\" content=\"article\" \/>\n<meta property=\"og:title\" content=\"Lettre conjointe de Diouf et Wade: Les deux ex pr\u00e9sidents du S\u00e9n\u00e9gal pr\u00eachent pour le dialogue - LE PUBLIC\" \/>\n<meta property=\"og:description\" content=\"Une fois n&rsquo;est pas coutume, messieurs Abdou Diouf et Abdoulaye Wade, deux anciens pr\u00e9sidents du S\u00e9n\u00e9gal, ont publi\u00e9 une lettre conjointe, non seulement pour revenir sur la situation du pays, mais surtout pour encourager toute la classe politique et la soci\u00e9t\u00e9 civile \u00e0 dire oui au dialogue, pour des \u00e9lections transparentes et apais\u00e9es. Voici la lettre.\" \/>\n<meta property=\"og:url\" content=\"https:\/\/www.public.sn\/index.php\/2024\/02\/12\/lettre-conjointe-de-diouf-et-wade-les-deux-ex-presidents-du-senegal-prechent-pour-le-dialogue\/\" \/>\n<meta property=\"og:site_name\" content=\"LE PUBLIC\" \/>\n<meta property=\"article:published_time\" content=\"2024-02-12T18:33:09+00:00\" \/>\n<meta property=\"og:image\" content=\"https:\/\/www.public.sn\/wp-content\/uploads\/2024\/02\/diouf-wade.jpeg\" \/>\n\t<meta property=\"og:image:width\" content=\"612\" \/>\n\t<meta property=\"og:image:height\" content=\"554\" \/>\n\t<meta property=\"og:image:type\" content=\"image\/jpeg\" \/>\n<meta name=\"author\" content=\"LA REDACTION\" \/>\n<meta name=\"twitter:card\" content=\"summary_large_image\" \/>\n<meta name=\"twitter:label1\" content=\"\u00c9crit par\" \/>\n\t<meta name=\"twitter:data1\" content=\"LA REDACTION\" \/>\n\t<meta name=\"twitter:label2\" content=\"Dur\u00e9e de lecture estim\u00e9e\" \/>\n\t<meta name=\"twitter:data2\" content=\"1 minute\" \/>\n<script type=\"application\/ld+json\" class=\"yoast-schema-graph\">{\"@context\":\"https:\/\/schema.org\",\"@graph\":[{\"@type\":\"Article\",\"@id\":\"https:\/\/www.public.sn\/index.php\/2024\/02\/12\/lettre-conjointe-de-diouf-et-wade-les-deux-ex-presidents-du-senegal-prechent-pour-le-dialogue\/#article\",\"isPartOf\":{\"@id\":\"https:\/\/www.public.sn\/index.php\/2024\/02\/12\/lettre-conjointe-de-diouf-et-wade-les-deux-ex-presidents-du-senegal-prechent-pour-le-dialogue\/\"},\"author\":{\"name\":\"LA REDACTION\",\"@id\":\"https:\/\/www.public.sn\/#\/schema\/person\/cb76c8e1b8becc6be61fb5e92d6d0224\"},\"headline\":\"Lettre conjointe de Diouf et Wade: Les deux ex pr\u00e9sidents du S\u00e9n\u00e9gal pr\u00eachent pour le dialogue\",\"datePublished\":\"2024-02-12T18:33:09+00:00\",\"mainEntityOfPage\":{\"@id\":\"https:\/\/www.public.sn\/index.php\/2024\/02\/12\/lettre-conjointe-de-diouf-et-wade-les-deux-ex-presidents-du-senegal-prechent-pour-le-dialogue\/\"},\"wordCount\":80,\"commentCount\":0,\"publisher\":{\"@id\":\"https:\/\/www.public.sn\/#organization\"},\"image\":{\"@id\":\"https:\/\/www.public.sn\/index.php\/2024\/02\/12\/lettre-conjointe-de-diouf-et-wade-les-deux-ex-presidents-du-senegal-prechent-pour-le-dialogue\/#primaryimage\"},\"thumbnailUrl\":\"https:\/\/www.public.sn\/wp-content\/uploads\/2024\/02\/diouf-wade.jpeg\",\"keywords\":[\"Dialogue\",\"diouf et wade\",\"lettre conjointe\"],\"articleSection\":[\"ACTUALIT\u00c9S\",\"POLITIQUE\",\"S\u00c9N\u00c9GAL\",\"VEDETTE\"],\"inLanguage\":\"fr-FR\",\"potentialAction\":[{\"@type\":\"CommentAction\",\"name\":\"Comment\",\"target\":[\"https:\/\/www.public.sn\/index.php\/2024\/02\/12\/lettre-conjointe-de-diouf-et-wade-les-deux-ex-presidents-du-senegal-prechent-pour-le-dialogue\/#respond\"]}]},{\"@type\":\"WebPage\",\"@id\":\"https:\/\/www.public.sn\/index.php\/2024\/02\/12\/lettre-conjointe-de-diouf-et-wade-les-deux-ex-presidents-du-senegal-prechent-pour-le-dialogue\/\",\"url\":\"https:\/\/www.public.sn\/index.php\/2024\/02\/12\/lettre-conjointe-de-diouf-et-wade-les-deux-ex-presidents-du-senegal-prechent-pour-le-dialogue\/\",\"name\":\"Lettre conjointe de Diouf et Wade: Les deux ex pr\u00e9sidents du S\u00e9n\u00e9gal pr\u00eachent pour le dialogue - LE PUBLIC\",\"isPartOf\":{\"@id\":\"https:\/\/www.public.sn\/#website\"},\"primaryImageOfPage\":{\"@id\":\"https:\/\/www.public.sn\/index.php\/2024\/02\/12\/lettre-conjointe-de-diouf-et-wade-les-deux-ex-presidents-du-senegal-prechent-pour-le-dialogue\/#primaryimage\"},\"image\":{\"@id\":\"https:\/\/www.public.sn\/index.php\/2024\/02\/12\/lettre-conjointe-de-diouf-et-wade-les-deux-ex-presidents-du-senegal-prechent-pour-le-dialogue\/#primaryimage\"},\"thumbnailUrl\":\"https:\/\/www.public.sn\/wp-content\/uploads\/2024\/02\/diouf-wade.jpeg\",\"datePublished\":\"2024-02-12T18:33:09+00:00\",\"breadcrumb\":{\"@id\":\"https:\/\/www.public.sn\/index.php\/2024\/02\/12\/lettre-conjointe-de-diouf-et-wade-les-deux-ex-presidents-du-senegal-prechent-pour-le-dialogue\/#breadcrumb\"},\"inLanguage\":\"fr-FR\",\"potentialAction\":[{\"@type\":\"ReadAction\",\"target\":[\"https:\/\/www.public.sn\/index.php\/2024\/02\/12\/lettre-conjointe-de-diouf-et-wade-les-deux-ex-presidents-du-senegal-prechent-pour-le-dialogue\/\"]}]},{\"@type\":\"ImageObject\",\"inLanguage\":\"fr-FR\",\"@id\":\"https:\/\/www.public.sn\/index.php\/2024\/02\/12\/lettre-conjointe-de-diouf-et-wade-les-deux-ex-presidents-du-senegal-prechent-pour-le-dialogue\/#primaryimage\",\"url\":\"https:\/\/www.public.sn\/wp-content\/uploads\/2024\/02\/diouf-wade.jpeg\",\"contentUrl\":\"https:\/\/www.public.sn\/wp-content\/uploads\/2024\/02\/diouf-wade.jpeg\",\"width\":612,\"height\":554},{\"@type\":\"BreadcrumbList\",\"@id\":\"https:\/\/www.public.sn\/index.php\/2024\/02\/12\/lettre-conjointe-de-diouf-et-wade-les-deux-ex-presidents-du-senegal-prechent-pour-le-dialogue\/#breadcrumb\",\"itemListElement\":[{\"@type\":\"ListItem\",\"position\":1,\"name\":\"Accueil\",\"item\":\"https:\/\/www.public.sn\/\"},{\"@type\":\"ListItem\",\"position\":2,\"name\":\"Lettre conjointe de Diouf et Wade: Les deux ex pr\u00e9sidents du S\u00e9n\u00e9gal pr\u00eachent pour le dialogue\"}]},{\"@type\":\"WebSite\",\"@id\":\"https:\/\/www.public.sn\/#website\",\"url\":\"https:\/\/www.public.sn\/\",\"name\":\"LE PUBLIC\",\"description\":\"\",\"publisher\":{\"@id\":\"https:\/\/www.public.sn\/#organization\"},\"potentialAction\":[{\"@type\":\"SearchAction\",\"target\":{\"@type\":\"EntryPoint\",\"urlTemplate\":\"https:\/\/www.public.sn\/?s={search_term_string}\"},\"query-input\":{\"@type\":\"PropertyValueSpecification\",\"valueRequired\":true,\"valueName\":\"search_term_string\"}}],\"inLanguage\":\"fr-FR\"},{\"@type\":\"Organization\",\"@id\":\"https:\/\/www.public.sn\/#organization\",\"name\":\"LE PUBLIC\",\"url\":\"https:\/\/www.public.sn\/\",\"logo\":{\"@type\":\"ImageObject\",\"inLanguage\":\"fr-FR\",\"@id\":\"https:\/\/www.public.sn\/#\/schema\/logo\/image\/\",\"url\":\"https:\/\/www.public.sn\/wp-content\/uploads\/2024\/05\/cropped-LOGO-PUBLIC.SN_.png\",\"contentUrl\":\"https:\/\/www.public.sn\/wp-content\/uploads\/2024\/05\/cropped-LOGO-PUBLIC.SN_.png\",\"width\":682,\"height\":192,\"caption\":\"LE PUBLIC\"},\"image\":{\"@id\":\"https:\/\/www.public.sn\/#\/schema\/logo\/image\/\"}},{\"@type\":\"Person\",\"@id\":\"https:\/\/www.public.sn\/#\/schema\/person\/cb76c8e1b8becc6be61fb5e92d6d0224\",\"name\":\"LA REDACTION\",\"image\":{\"@type\":\"ImageObject\",\"inLanguage\":\"fr-FR\",\"@id\":\"https:\/\/www.public.sn\/#\/schema\/person\/image\/\",\"url\":\"https:\/\/secure.gravatar.com\/avatar\/2dce5ddd34b8fef0180efe03aa2a9bee7d953856048f9a16b298190a3178407c?s=96&d=mm&r=g\",\"contentUrl\":\"https:\/\/secure.gravatar.com\/avatar\/2dce5ddd34b8fef0180efe03aa2a9bee7d953856048f9a16b298190a3178407c?s=96&d=mm&r=g\",\"caption\":\"LA REDACTION\"},\"url\":\"https:\/\/www.public.sn\/index.php\/author\/editeurpsn\/\"}]}<\/script>\n<!-- \/ Yoast SEO plugin. -->","yoast_head_json":{"title":"Lettre conjointe de Diouf et Wade: Les deux ex pr\u00e9sidents du S\u00e9n\u00e9gal pr\u00eachent pour le dialogue - LE PUBLIC","robots":{"index":"index","follow":"follow","max-snippet":"max-snippet:-1","max-image-preview":"max-image-preview:large","max-video-preview":"max-video-preview:-1"},"canonical":"https:\/\/www.public.sn\/index.php\/2024\/02\/12\/lettre-conjointe-de-diouf-et-wade-les-deux-ex-presidents-du-senegal-prechent-pour-le-dialogue\/","og_locale":"fr_FR","og_type":"article","og_title":"Lettre conjointe de Diouf et Wade: Les deux ex pr\u00e9sidents du S\u00e9n\u00e9gal pr\u00eachent pour le dialogue - LE PUBLIC","og_description":"Une fois n&rsquo;est pas coutume, messieurs Abdou Diouf et Abdoulaye Wade, deux anciens pr\u00e9sidents du S\u00e9n\u00e9gal, ont publi\u00e9 une lettre conjointe, non seulement pour revenir sur la situation du pays, mais surtout pour encourager toute la classe politique et la soci\u00e9t\u00e9 civile \u00e0 dire oui au dialogue, pour des \u00e9lections transparentes et apais\u00e9es. Voici la lettre.","og_url":"https:\/\/www.public.sn\/index.php\/2024\/02\/12\/lettre-conjointe-de-diouf-et-wade-les-deux-ex-presidents-du-senegal-prechent-pour-le-dialogue\/","og_site_name":"LE PUBLIC","article_published_time":"2024-02-12T18:33:09+00:00","og_image":[{"width":612,"height":554,"url":"https:\/\/www.public.sn\/wp-content\/uploads\/2024\/02\/diouf-wade.jpeg","type":"image\/jpeg"}],"author":"LA REDACTION","twitter_card":"summary_large_image","twitter_misc":{"\u00c9crit par":"LA REDACTION","Dur\u00e9e de lecture estim\u00e9e":"1 minute"},"schema":{"@context":"https:\/\/schema.org","@graph":[{"@type":"Article","@id":"https:\/\/www.public.sn\/index.php\/2024\/02\/12\/lettre-conjointe-de-diouf-et-wade-les-deux-ex-presidents-du-senegal-prechent-pour-le-dialogue\/#article","isPartOf":{"@id":"https:\/\/www.public.sn\/index.php\/2024\/02\/12\/lettre-conjointe-de-diouf-et-wade-les-deux-ex-presidents-du-senegal-prechent-pour-le-dialogue\/"},"author":{"name":"LA REDACTION","@id":"https:\/\/www.public.sn\/#\/schema\/person\/cb76c8e1b8becc6be61fb5e92d6d0224"},"headline":"Lettre conjointe de Diouf et Wade: Les deux ex pr\u00e9sidents du S\u00e9n\u00e9gal pr\u00eachent pour le dialogue","datePublished":"2024-02-12T18:33:09+00:00","mainEntityOfPage":{"@id":"https:\/\/www.public.sn\/index.php\/2024\/02\/12\/lettre-conjointe-de-diouf-et-wade-les-deux-ex-presidents-du-senegal-prechent-pour-le-dialogue\/"},"wordCount":80,"commentCount":0,"publisher":{"@id":"https:\/\/www.public.sn\/#organization"},"image":{"@id":"https:\/\/www.public.sn\/index.php\/2024\/02\/12\/lettre-conjointe-de-diouf-et-wade-les-deux-ex-presidents-du-senegal-prechent-pour-le-dialogue\/#primaryimage"},"thumbnailUrl":"https:\/\/www.public.sn\/wp-content\/uploads\/2024\/02\/diouf-wade.jpeg","keywords":["Dialogue","diouf et wade","lettre conjointe"],"articleSection":["ACTUALIT\u00c9S","POLITIQUE","S\u00c9N\u00c9GAL","VEDETTE"],"inLanguage":"fr-FR","potentialAction":[{"@type":"CommentAction","name":"Comment","target":["https:\/\/www.public.sn\/index.php\/2024\/02\/12\/lettre-conjointe-de-diouf-et-wade-les-deux-ex-presidents-du-senegal-prechent-pour-le-dialogue\/#respond"]}]},{"@type":"WebPage","@id":"https:\/\/www.public.sn\/index.php\/2024\/02\/12\/lettre-conjointe-de-diouf-et-wade-les-deux-ex-presidents-du-senegal-prechent-pour-le-dialogue\/","url":"https:\/\/www.public.sn\/index.php\/2024\/02\/12\/lettre-conjointe-de-diouf-et-wade-les-deux-ex-presidents-du-senegal-prechent-pour-le-dialogue\/","name":"Lettre conjointe de Diouf et Wade: Les deux ex pr\u00e9sidents du S\u00e9n\u00e9gal pr\u00eachent pour le dialogue - LE PUBLIC","isPartOf":{"@id":"https:\/\/www.public.sn\/#website"},"primaryImageOfPage":{"@id":"https:\/\/www.public.sn\/index.php\/2024\/02\/12\/lettre-conjointe-de-diouf-et-wade-les-deux-ex-presidents-du-senegal-prechent-pour-le-dialogue\/#primaryimage"},"image":{"@id":"https:\/\/www.public.sn\/index.php\/2024\/02\/12\/lettre-conjointe-de-diouf-et-wade-les-deux-ex-presidents-du-senegal-prechent-pour-le-dialogue\/#primaryimage"},"thumbnailUrl":"https:\/\/www.public.sn\/wp-content\/uploads\/2024\/02\/diouf-wade.jpeg","datePublished":"2024-02-12T18:33:09+00:00","breadcrumb":{"@id":"https:\/\/www.public.sn\/index.php\/2024\/02\/12\/lettre-conjointe-de-diouf-et-wade-les-deux-ex-presidents-du-senegal-prechent-pour-le-dialogue\/#breadcrumb"},"inLanguage":"fr-FR","potentialAction":[{"@type":"ReadAction","target":["https:\/\/www.public.sn\/index.php\/2024\/02\/12\/lettre-conjointe-de-diouf-et-wade-les-deux-ex-presidents-du-senegal-prechent-pour-le-dialogue\/"]}]},{"@type":"ImageObject","inLanguage":"fr-FR","@id":"https:\/\/www.public.sn\/index.php\/2024\/02\/12\/lettre-conjointe-de-diouf-et-wade-les-deux-ex-presidents-du-senegal-prechent-pour-le-dialogue\/#primaryimage","url":"https:\/\/www.public.sn\/wp-content\/uploads\/2024\/02\/diouf-wade.jpeg","contentUrl":"https:\/\/www.public.sn\/wp-content\/uploads\/2024\/02\/diouf-wade.jpeg","width":612,"height":554},{"@type":"BreadcrumbList","@id":"https:\/\/www.public.sn\/index.php\/2024\/02\/12\/lettre-conjointe-de-diouf-et-wade-les-deux-ex-presidents-du-senegal-prechent-pour-le-dialogue\/#breadcrumb","itemListElement":[{"@type":"ListItem","position":1,"name":"Accueil","item":"https:\/\/www.public.sn\/"},{"@type":"ListItem","position":2,"name":"Lettre conjointe de Diouf et Wade: Les deux ex pr\u00e9sidents du S\u00e9n\u00e9gal pr\u00eachent pour le dialogue"}]},{"@type":"WebSite","@id":"https:\/\/www.public.sn\/#website","url":"https:\/\/www.public.sn\/","name":"LE PUBLIC","description":"","publisher":{"@id":"https:\/\/www.public.sn\/#organization"},"potentialAction":[{"@type":"SearchAction","target":{"@type":"EntryPoint","urlTemplate":"https:\/\/www.public.sn\/?s={search_term_string}"},"query-input":{"@type":"PropertyValueSpecification","valueRequired":true,"valueName":"search_term_string"}}],"inLanguage":"fr-FR"},{"@type":"Organization","@id":"https:\/\/www.public.sn\/#organization","name":"LE PUBLIC","url":"https:\/\/www.public.sn\/","logo":{"@type":"ImageObject","inLanguage":"fr-FR","@id":"https:\/\/www.public.sn\/#\/schema\/logo\/image\/","url":"https:\/\/www.public.sn\/wp-content\/uploads\/2024\/05\/cropped-LOGO-PUBLIC.SN_.png","contentUrl":"https:\/\/www.public.sn\/wp-content\/uploads\/2024\/05\/cropped-LOGO-PUBLIC.SN_.png","width":682,"height":192,"caption":"LE PUBLIC"},"image":{"@id":"https:\/\/www.public.sn\/#\/schema\/logo\/image\/"}},{"@type":"Person","@id":"https:\/\/www.public.sn\/#\/schema\/person\/cb76c8e1b8becc6be61fb5e92d6d0224","name":"LA REDACTION","image":{"@type":"ImageObject","inLanguage":"fr-FR","@id":"https:\/\/www.public.sn\/#\/schema\/person\/image\/","url":"https:\/\/secure.gravatar.com\/avatar\/2dce5ddd34b8fef0180efe03aa2a9bee7d953856048f9a16b298190a3178407c?s=96&d=mm&r=g","contentUrl":"https:\/\/secure.gravatar.com\/avatar\/2dce5ddd34b8fef0180efe03aa2a9bee7d953856048f9a16b298190a3178407c?s=96&d=mm&r=g","caption":"LA REDACTION"},"url":"https:\/\/www.public.sn\/index.php\/author\/editeurpsn\/"}]}},"jetpack_featured_media_url":"https:\/\/www.public.sn\/wp-content\/uploads\/2024\/02\/diouf-wade.jpeg","jetpack_sharing_enabled":true,"_links":{"self":[{"href":"https:\/\/www.public.sn\/index.php\/wp-json\/wp\/v2\/posts\/30837","targetHints":{"allow":["GET"]}}],"collection":[{"href":"https:\/\/www.public.sn\/index.php\/wp-json\/wp\/v2\/posts"}],"about":[{"href":"https:\/\/www.public.sn\/index.php\/wp-json\/wp\/v2\/types\/post"}],"author":[{"embeddable":true,"href":"https:\/\/www.public.sn\/index.php\/wp-json\/wp\/v2\/users\/7"}],"replies":[{"embeddable":true,"href":"https:\/\/www.public.sn\/index.php\/wp-json\/wp\/v2\/comments?post=30837"}],"version-history":[{"count":1,"href":"https:\/\/www.public.sn\/index.php\/wp-json\/wp\/v2\/posts\/30837\/revisions"}],"predecessor-version":[{"id":30840,"href":"https:\/\/www.public.sn\/index.php\/wp-json\/wp\/v2\/posts\/30837\/revisions\/30840"}],"wp:featuredmedia":[{"embeddable":true,"href":"https:\/\/www.public.sn\/index.php\/wp-json\/wp\/v2\/media\/30839"}],"wp:attachment":[{"href":"https:\/\/www.public.sn\/index.php\/wp-json\/wp\/v2\/media?parent=30837"}],"wp:term":[{"taxonomy":"category","embeddable":true,"href":"https:\/\/www.public.sn\/index.php\/wp-json\/wp\/v2\/categories?post=30837"},{"taxonomy":"post_tag","embeddable":true,"href":"https:\/\/www.public.sn\/index.php\/wp-json\/wp\/v2\/tags?post=30837"}],"curies":[{"name":"wp","href":"https:\/\/api.w.org\/{rel}","templated":true}]}}