{"id":3090,"date":"2022-09-28T21:20:10","date_gmt":"2022-09-28T21:20:10","guid":{"rendered":"https:\/\/www.public.sn\/?p=3090"},"modified":"2022-09-28T21:20:11","modified_gmt":"2022-09-28T21:20:11","slug":"amnistie-de-karim-wade-et-khalifa-sall-macky-sall-ouvre-la-voie","status":"publish","type":"post","link":"https:\/\/www.public.sn\/index.php\/2022\/09\/28\/amnistie-de-karim-wade-et-khalifa-sall-macky-sall-ouvre-la-voie\/","title":{"rendered":"Amnistie de Karim Wade et Khalifa Sall : Macky Sall ouvre la voie\u2026"},"content":{"rendered":"\n<p>Khalifa Sall et Karim Wade vont-ils enfin entrevoir le bout du tunnel ? Lors du Conseil des ministres de ce mercredi, qui \u00e9tait le bapt\u00eame du feu du nouveau gouvernement, le Pr\u00e9sident Macky Sall a donn\u00e9  instruction au ministre de la Justice, Ismaila Madior Fall, de trouver des solutions pour que des responsables politiques puissent b\u00e9n\u00e9ficier d\u2019une amnistie ou toute autre solution juridique qui.pourraient leur permettre de retrouver l&rsquo;\u00e9ligibilit\u00e9.  Cela ouvre la porte \u00e0 une amnistie et donc une possibilit\u00e9 de candidature pour Khalifa Sall et Karim Wade lors de la prochaine pr\u00e9sidentielle de 2024. <br>Pour rappel, Khalifa Sall a \u00e9t\u00e9 condamn\u00e9, en 2018, \u00e0 cinq ans de prison ferme, assortie d\u2019une amende de 5 millions de francs CFA. Karim Wade, pour sa part, a \u00e9t\u00e9 condamn\u00e9 en 2015 \u00e0 une peine de six ans de prison ferme, et d\u2019une amende de 138 milliards de francs CFA.<br>\u00c0 cause de ces condamnations, les deux hommes n&rsquo;avaient pu se pr\u00e9senter lors de la pr\u00e9sidentielle de 2019.<br>Avec cette d\u00e9cision pr\u00e9sidentielle, leur avenir politique est relanc\u00e9.<\/p><div class=\"publi-paragraphe1\" style=\"margin-top: 10px;margin-bottom: 10px;margin-left: auto;margin-right: auto;text-align: center;\" id=\"publi-2226749287\"><div class=\"publi-adlabel\">Publicit\u00e9<\/div><script async src=\"\/\/pagead2.googlesyndication.com\/pagead\/js\/adsbygoogle.js?client=ca-pub-4089586018074219\" crossorigin=\"anonymous\"><\/script><ins class=\"adsbygoogle\" style=\"display:block;\" data-ad-client=\"ca-pub-4089586018074219\" \ndata-ad-slot=\"2087940154\" \ndata-ad-format=\"auto\"><\/ins>\n<script> \n(adsbygoogle = window.adsbygoogle || []).push({}); \n<\/script>\n<\/div>\n<div class=\"publi-apres-le-contenu\" style=\"margin-top: 10px;margin-bottom: 10px;margin-left: auto;margin-right: auto;text-align: center;\" id=\"publi-705570078\"><div class=\"publi-adlabel\">Publicit\u00e9<\/div><script async src=\"\/\/pagead2.googlesyndication.com\/pagead\/js\/adsbygoogle.js?client=ca-pub-4089586018074219\" crossorigin=\"anonymous\"><\/script><ins class=\"adsbygoogle\" style=\"display:block;\" data-ad-client=\"ca-pub-4089586018074219\" \ndata-ad-slot=\"2087940154\" \ndata-ad-format=\"auto\"><\/ins>\n<script> \n(adsbygoogle = window.adsbygoogle || []).push({}); \n<\/script>\n<\/div>","protected":false},"excerpt":{"rendered":"<p>Khalifa Sall et Karim Wade vont-ils enfin entrevoir le bout du tunnel ? Lors du Conseil des ministres de ce mercredi, qui \u00e9tait le bapt\u00eame du feu du nouveau gouvernement, le Pr\u00e9sident Macky Sall a donn\u00e9 instruction au ministre de la Justice, Ismaila Madior Fall, de trouver des solutions pour que des responsables politiques puissent b\u00e9n\u00e9ficier d\u2019une amnistie ou toute autre solution juridique qui.pourraient leur permettre de retrouver l&rsquo;\u00e9ligibilit\u00e9. Cela ouvre la porte \u00e0 une amnistie et donc une possibilit\u00e9 de candidature pour Khalifa Sall et Karim Wade lors de la prochaine pr\u00e9sidentielle de 2024. Pour rappel, Khalifa Sall a \u00e9t\u00e9 condamn\u00e9, en 2018, \u00e0 cinq ans de prison ferme, assortie d\u2019une amende de 5 millions de francs CFA. Karim Wade, pour sa part, a \u00e9t\u00e9 condamn\u00e9 en 2015 \u00e0 une peine de six ans de prison ferme, et d\u2019une amende de 138 milliards de francs CFA.\u00c0 cause de ces condamnations, les deux hommes n&rsquo;avaient pu se pr\u00e9senter lors de la pr\u00e9sidentielle de 2019.Avec cette d\u00e9cision pr\u00e9sidentielle, leur avenir politique est relanc\u00e9.<\/p>\n","protected":false},"author":1,"featured_media":3116,"comment_status":"open","ping_status":"open","sticky":false,"template":"","format":"standard","meta":{"_jetpack_memberships_contains_paid_content":false,"footnotes":""},"categories":[375,3,1],"tags":[117,638,30],"class_list":["post-3090","post","type-post","status-publish","format-standard","has-post-thumbnail","hentry","category-actualites","category-politique","category-non-classe","tag-amnistie","tag-karim","tag-khalifa-sall","entry","has-media","owp-thumbs-layout-horizontal","owp-btn-normal","owp-tabs-layout-horizontal","has-no-thumbnails","has-product-nav"],"yoast_head":"<!-- This site is optimized with the Yoast SEO plugin v25.5 - https:\/\/yoast.com\/wordpress\/plugins\/seo\/ -->\n<title>Amnistie de Karim Wade et Khalifa Sall : Macky Sall ouvre la voie\u2026 - LE PUBLIC<\/title>\n<meta name=\"robots\" content=\"index, follow, max-snippet:-1, max-image-preview:large, max-video-preview:-1\" \/>\n<link rel=\"canonical\" href=\"https:\/\/www.public.sn\/index.php\/2022\/09\/28\/amnistie-de-karim-wade-et-khalifa-sall-macky-sall-ouvre-la-voie\/\" \/>\n<meta property=\"og:locale\" content=\"fr_FR\" \/>\n<meta property=\"og:type\" content=\"article\" \/>\n<meta property=\"og:title\" content=\"Amnistie de Karim Wade et Khalifa Sall : Macky Sall ouvre la voie\u2026 - LE PUBLIC\" \/>\n<meta property=\"og:description\" content=\"Khalifa Sall et Karim Wade vont-ils enfin entrevoir le bout du tunnel ? Lors du Conseil des ministres de ce mercredi, qui \u00e9tait le bapt\u00eame du feu du nouveau gouvernement, le Pr\u00e9sident Macky Sall a donn\u00e9 instruction au ministre de la Justice, Ismaila Madior Fall, de trouver des solutions pour que des responsables politiques puissent b\u00e9n\u00e9ficier d\u2019une amnistie ou toute autre solution juridique qui.pourraient leur permettre de retrouver l&rsquo;\u00e9ligibilit\u00e9. Cela ouvre la porte \u00e0 une amnistie et donc une possibilit\u00e9 de candidature pour Khalifa Sall et Karim Wade lors de la prochaine pr\u00e9sidentielle de 2024. Pour rappel, Khalifa Sall a \u00e9t\u00e9 condamn\u00e9, en 2018, \u00e0 cinq ans de prison ferme, assortie d\u2019une amende de 5 millions de francs CFA. Karim Wade, pour sa part, a \u00e9t\u00e9 condamn\u00e9 en 2015 \u00e0 une peine de six ans de prison ferme, et d\u2019une amende de 138 milliards de francs CFA.\u00c0 cause de ces condamnations, les deux hommes n&rsquo;avaient pu se pr\u00e9senter lors de la pr\u00e9sidentielle de 2019.Avec cette d\u00e9cision pr\u00e9sidentielle, leur avenir politique est relanc\u00e9.\" \/>\n<meta property=\"og:url\" content=\"https:\/\/www.public.sn\/index.php\/2022\/09\/28\/amnistie-de-karim-wade-et-khalifa-sall-macky-sall-ouvre-la-voie\/\" \/>\n<meta property=\"og:site_name\" content=\"LE PUBLIC\" \/>\n<meta property=\"article:published_time\" content=\"2022-09-28T21:20:10+00:00\" \/>\n<meta property=\"article:modified_time\" content=\"2022-09-28T21:20:11+00:00\" \/>\n<meta property=\"og:image\" content=\"https:\/\/www.public.sn\/wp-content\/uploads\/2022\/09\/sall-wade.jpeg\" \/>\n\t<meta property=\"og:image:width\" content=\"591\" \/>\n\t<meta property=\"og:image:height\" content=\"292\" \/>\n\t<meta property=\"og:image:type\" content=\"image\/jpeg\" \/>\n<meta name=\"author\" content=\"LA REDACTION\" \/>\n<meta name=\"twitter:card\" content=\"summary_large_image\" \/>\n<meta name=\"twitter:label1\" content=\"\u00c9crit par\" \/>\n\t<meta name=\"twitter:data1\" content=\"LA REDACTION\" \/>\n\t<meta name=\"twitter:label2\" content=\"Dur\u00e9e de lecture estim\u00e9e\" \/>\n\t<meta name=\"twitter:data2\" content=\"1 minute\" \/>\n<script type=\"application\/ld+json\" class=\"yoast-schema-graph\">{\"@context\":\"https:\/\/schema.org\",\"@graph\":[{\"@type\":\"Article\",\"@id\":\"https:\/\/www.public.sn\/index.php\/2022\/09\/28\/amnistie-de-karim-wade-et-khalifa-sall-macky-sall-ouvre-la-voie\/#article\",\"isPartOf\":{\"@id\":\"https:\/\/www.public.sn\/index.php\/2022\/09\/28\/amnistie-de-karim-wade-et-khalifa-sall-macky-sall-ouvre-la-voie\/\"},\"author\":{\"name\":\"LA REDACTION\",\"@id\":\"https:\/\/www.public.sn\/#\/schema\/person\/e3f4a11b037d4203902db148f9bc8d5a\"},\"headline\":\"Amnistie de Karim Wade et Khalifa Sall : Macky Sall ouvre la voie\u2026\",\"datePublished\":\"2022-09-28T21:20:10+00:00\",\"dateModified\":\"2022-09-28T21:20:11+00:00\",\"mainEntityOfPage\":{\"@id\":\"https:\/\/www.public.sn\/index.php\/2022\/09\/28\/amnistie-de-karim-wade-et-khalifa-sall-macky-sall-ouvre-la-voie\/\"},\"wordCount\":189,\"commentCount\":0,\"publisher\":{\"@id\":\"https:\/\/www.public.sn\/#organization\"},\"image\":{\"@id\":\"https:\/\/www.public.sn\/index.php\/2022\/09\/28\/amnistie-de-karim-wade-et-khalifa-sall-macky-sall-ouvre-la-voie\/#primaryimage\"},\"thumbnailUrl\":\"https:\/\/www.public.sn\/wp-content\/uploads\/2022\/09\/sall-wade.jpeg\",\"keywords\":[\"Amnistie\",\"Karim\",\"Khalifa Sall\"],\"articleSection\":[\"ACTUALIT\u00c9S\",\"POLITIQUE\",\"S\u00c9N\u00c9GAL\"],\"inLanguage\":\"fr-FR\",\"potentialAction\":[{\"@type\":\"CommentAction\",\"name\":\"Comment\",\"target\":[\"https:\/\/www.public.sn\/index.php\/2022\/09\/28\/amnistie-de-karim-wade-et-khalifa-sall-macky-sall-ouvre-la-voie\/#respond\"]}]},{\"@type\":\"WebPage\",\"@id\":\"https:\/\/www.public.sn\/index.php\/2022\/09\/28\/amnistie-de-karim-wade-et-khalifa-sall-macky-sall-ouvre-la-voie\/\",\"url\":\"https:\/\/www.public.sn\/index.php\/2022\/09\/28\/amnistie-de-karim-wade-et-khalifa-sall-macky-sall-ouvre-la-voie\/\",\"name\":\"Amnistie de Karim Wade et Khalifa Sall : Macky Sall ouvre la voie\u2026 - LE PUBLIC\",\"isPartOf\":{\"@id\":\"https:\/\/www.public.sn\/#website\"},\"primaryImageOfPage\":{\"@id\":\"https:\/\/www.public.sn\/index.php\/2022\/09\/28\/amnistie-de-karim-wade-et-khalifa-sall-macky-sall-ouvre-la-voie\/#primaryimage\"},\"image\":{\"@id\":\"https:\/\/www.public.sn\/index.php\/2022\/09\/28\/amnistie-de-karim-wade-et-khalifa-sall-macky-sall-ouvre-la-voie\/#primaryimage\"},\"thumbnailUrl\":\"https:\/\/www.public.sn\/wp-content\/uploads\/2022\/09\/sall-wade.jpeg\",\"datePublished\":\"2022-09-28T21:20:10+00:00\",\"dateModified\":\"2022-09-28T21:20:11+00:00\",\"breadcrumb\":{\"@id\":\"https:\/\/www.public.sn\/index.php\/2022\/09\/28\/amnistie-de-karim-wade-et-khalifa-sall-macky-sall-ouvre-la-voie\/#breadcrumb\"},\"inLanguage\":\"fr-FR\",\"potentialAction\":[{\"@type\":\"ReadAction\",\"target\":[\"https:\/\/www.public.sn\/index.php\/2022\/09\/28\/amnistie-de-karim-wade-et-khalifa-sall-macky-sall-ouvre-la-voie\/\"]}]},{\"@type\":\"ImageObject\",\"inLanguage\":\"fr-FR\",\"@id\":\"https:\/\/www.public.sn\/index.php\/2022\/09\/28\/amnistie-de-karim-wade-et-khalifa-sall-macky-sall-ouvre-la-voie\/#primaryimage\",\"url\":\"https:\/\/www.public.sn\/wp-content\/uploads\/2022\/09\/sall-wade.jpeg\",\"contentUrl\":\"https:\/\/www.public.sn\/wp-content\/uploads\/2022\/09\/sall-wade.jpeg\",\"width\":591,\"height\":292},{\"@type\":\"BreadcrumbList\",\"@id\":\"https:\/\/www.public.sn\/index.php\/2022\/09\/28\/amnistie-de-karim-wade-et-khalifa-sall-macky-sall-ouvre-la-voie\/#breadcrumb\",\"itemListElement\":[{\"@type\":\"ListItem\",\"position\":1,\"name\":\"Accueil\",\"item\":\"https:\/\/www.public.sn\/\"},{\"@type\":\"ListItem\",\"position\":2,\"name\":\"Amnistie de Karim Wade et Khalifa Sall : Macky Sall ouvre la voie\u2026\"}]},{\"@type\":\"WebSite\",\"@id\":\"https:\/\/www.public.sn\/#website\",\"url\":\"https:\/\/www.public.sn\/\",\"name\":\"LE PUBLIC\",\"description\":\"\",\"publisher\":{\"@id\":\"https:\/\/www.public.sn\/#organization\"},\"potentialAction\":[{\"@type\":\"SearchAction\",\"target\":{\"@type\":\"EntryPoint\",\"urlTemplate\":\"https:\/\/www.public.sn\/?s={search_term_string}\"},\"query-input\":{\"@type\":\"PropertyValueSpecification\",\"valueRequired\":true,\"valueName\":\"search_term_string\"}}],\"inLanguage\":\"fr-FR\"},{\"@type\":\"Organization\",\"@id\":\"https:\/\/www.public.sn\/#organization\",\"name\":\"LE PUBLIC\",\"url\":\"https:\/\/www.public.sn\/\",\"logo\":{\"@type\":\"ImageObject\",\"inLanguage\":\"fr-FR\",\"@id\":\"https:\/\/www.public.sn\/#\/schema\/logo\/image\/\",\"url\":\"https:\/\/www.public.sn\/wp-content\/uploads\/2024\/05\/cropped-LOGO-PUBLIC.SN_.png\",\"contentUrl\":\"https:\/\/www.public.sn\/wp-content\/uploads\/2024\/05\/cropped-LOGO-PUBLIC.SN_.png\",\"width\":682,\"height\":192,\"caption\":\"LE PUBLIC\"},\"image\":{\"@id\":\"https:\/\/www.public.sn\/#\/schema\/logo\/image\/\"}},{\"@type\":\"Person\",\"@id\":\"https:\/\/www.public.sn\/#\/schema\/person\/e3f4a11b037d4203902db148f9bc8d5a\",\"name\":\"LA REDACTION\",\"image\":{\"@type\":\"ImageObject\",\"inLanguage\":\"fr-FR\",\"@id\":\"https:\/\/www.public.sn\/#\/schema\/person\/image\/\",\"url\":\"https:\/\/secure.gravatar.com\/avatar\/d6c030db45db2883c075085c5d6c6258654a801a93766b49af0b82d4f454e2a5?s=96&d=mm&r=g\",\"contentUrl\":\"https:\/\/secure.gravatar.com\/avatar\/d6c030db45db2883c075085c5d6c6258654a801a93766b49af0b82d4f454e2a5?s=96&d=mm&r=g\",\"caption\":\"LA REDACTION\"},\"sameAs\":[\"http:\/\/www.public.sn\"],\"url\":\"https:\/\/www.public.sn\/index.php\/author\/admin7324\/\"}]}<\/script>\n<!-- \/ Yoast SEO plugin. -->","yoast_head_json":{"title":"Amnistie de Karim Wade et Khalifa Sall : Macky Sall ouvre la voie\u2026 - LE PUBLIC","robots":{"index":"index","follow":"follow","max-snippet":"max-snippet:-1","max-image-preview":"max-image-preview:large","max-video-preview":"max-video-preview:-1"},"canonical":"https:\/\/www.public.sn\/index.php\/2022\/09\/28\/amnistie-de-karim-wade-et-khalifa-sall-macky-sall-ouvre-la-voie\/","og_locale":"fr_FR","og_type":"article","og_title":"Amnistie de Karim Wade et Khalifa Sall : Macky Sall ouvre la voie\u2026 - LE PUBLIC","og_description":"Khalifa Sall et Karim Wade vont-ils enfin entrevoir le bout du tunnel ? Lors du Conseil des ministres de ce mercredi, qui \u00e9tait le bapt\u00eame du feu du nouveau gouvernement, le Pr\u00e9sident Macky Sall a donn\u00e9 instruction au ministre de la Justice, Ismaila Madior Fall, de trouver des solutions pour que des responsables politiques puissent b\u00e9n\u00e9ficier d\u2019une amnistie ou toute autre solution juridique qui.pourraient leur permettre de retrouver l&rsquo;\u00e9ligibilit\u00e9. Cela ouvre la porte \u00e0 une amnistie et donc une possibilit\u00e9 de candidature pour Khalifa Sall et Karim Wade lors de la prochaine pr\u00e9sidentielle de 2024. Pour rappel, Khalifa Sall a \u00e9t\u00e9 condamn\u00e9, en 2018, \u00e0 cinq ans de prison ferme, assortie d\u2019une amende de 5 millions de francs CFA. Karim Wade, pour sa part, a \u00e9t\u00e9 condamn\u00e9 en 2015 \u00e0 une peine de six ans de prison ferme, et d\u2019une amende de 138 milliards de francs CFA.\u00c0 cause de ces condamnations, les deux hommes n&rsquo;avaient pu se pr\u00e9senter lors de la pr\u00e9sidentielle de 2019.Avec cette d\u00e9cision pr\u00e9sidentielle, leur avenir politique est relanc\u00e9.","og_url":"https:\/\/www.public.sn\/index.php\/2022\/09\/28\/amnistie-de-karim-wade-et-khalifa-sall-macky-sall-ouvre-la-voie\/","og_site_name":"LE PUBLIC","article_published_time":"2022-09-28T21:20:10+00:00","article_modified_time":"2022-09-28T21:20:11+00:00","og_image":[{"width":591,"height":292,"url":"https:\/\/www.public.sn\/wp-content\/uploads\/2022\/09\/sall-wade.jpeg","type":"image\/jpeg"}],"author":"LA REDACTION","twitter_card":"summary_large_image","twitter_misc":{"\u00c9crit par":"LA REDACTION","Dur\u00e9e de lecture estim\u00e9e":"1 minute"},"schema":{"@context":"https:\/\/schema.org","@graph":[{"@type":"Article","@id":"https:\/\/www.public.sn\/index.php\/2022\/09\/28\/amnistie-de-karim-wade-et-khalifa-sall-macky-sall-ouvre-la-voie\/#article","isPartOf":{"@id":"https:\/\/www.public.sn\/index.php\/2022\/09\/28\/amnistie-de-karim-wade-et-khalifa-sall-macky-sall-ouvre-la-voie\/"},"author":{"name":"LA REDACTION","@id":"https:\/\/www.public.sn\/#\/schema\/person\/e3f4a11b037d4203902db148f9bc8d5a"},"headline":"Amnistie de Karim Wade et Khalifa Sall : Macky Sall ouvre la voie\u2026","datePublished":"2022-09-28T21:20:10+00:00","dateModified":"2022-09-28T21:20:11+00:00","mainEntityOfPage":{"@id":"https:\/\/www.public.sn\/index.php\/2022\/09\/28\/amnistie-de-karim-wade-et-khalifa-sall-macky-sall-ouvre-la-voie\/"},"wordCount":189,"commentCount":0,"publisher":{"@id":"https:\/\/www.public.sn\/#organization"},"image":{"@id":"https:\/\/www.public.sn\/index.php\/2022\/09\/28\/amnistie-de-karim-wade-et-khalifa-sall-macky-sall-ouvre-la-voie\/#primaryimage"},"thumbnailUrl":"https:\/\/www.public.sn\/wp-content\/uploads\/2022\/09\/sall-wade.jpeg","keywords":["Amnistie","Karim","Khalifa Sall"],"articleSection":["ACTUALIT\u00c9S","POLITIQUE","S\u00c9N\u00c9GAL"],"inLanguage":"fr-FR","potentialAction":[{"@type":"CommentAction","name":"Comment","target":["https:\/\/www.public.sn\/index.php\/2022\/09\/28\/amnistie-de-karim-wade-et-khalifa-sall-macky-sall-ouvre-la-voie\/#respond"]}]},{"@type":"WebPage","@id":"https:\/\/www.public.sn\/index.php\/2022\/09\/28\/amnistie-de-karim-wade-et-khalifa-sall-macky-sall-ouvre-la-voie\/","url":"https:\/\/www.public.sn\/index.php\/2022\/09\/28\/amnistie-de-karim-wade-et-khalifa-sall-macky-sall-ouvre-la-voie\/","name":"Amnistie de Karim Wade et Khalifa Sall : Macky Sall ouvre la voie\u2026 - LE PUBLIC","isPartOf":{"@id":"https:\/\/www.public.sn\/#website"},"primaryImageOfPage":{"@id":"https:\/\/www.public.sn\/index.php\/2022\/09\/28\/amnistie-de-karim-wade-et-khalifa-sall-macky-sall-ouvre-la-voie\/#primaryimage"},"image":{"@id":"https:\/\/www.public.sn\/index.php\/2022\/09\/28\/amnistie-de-karim-wade-et-khalifa-sall-macky-sall-ouvre-la-voie\/#primaryimage"},"thumbnailUrl":"https:\/\/www.public.sn\/wp-content\/uploads\/2022\/09\/sall-wade.jpeg","datePublished":"2022-09-28T21:20:10+00:00","dateModified":"2022-09-28T21:20:11+00:00","breadcrumb":{"@id":"https:\/\/www.public.sn\/index.php\/2022\/09\/28\/amnistie-de-karim-wade-et-khalifa-sall-macky-sall-ouvre-la-voie\/#breadcrumb"},"inLanguage":"fr-FR","potentialAction":[{"@type":"ReadAction","target":["https:\/\/www.public.sn\/index.php\/2022\/09\/28\/amnistie-de-karim-wade-et-khalifa-sall-macky-sall-ouvre-la-voie\/"]}]},{"@type":"ImageObject","inLanguage":"fr-FR","@id":"https:\/\/www.public.sn\/index.php\/2022\/09\/28\/amnistie-de-karim-wade-et-khalifa-sall-macky-sall-ouvre-la-voie\/#primaryimage","url":"https:\/\/www.public.sn\/wp-content\/uploads\/2022\/09\/sall-wade.jpeg","contentUrl":"https:\/\/www.public.sn\/wp-content\/uploads\/2022\/09\/sall-wade.jpeg","width":591,"height":292},{"@type":"BreadcrumbList","@id":"https:\/\/www.public.sn\/index.php\/2022\/09\/28\/amnistie-de-karim-wade-et-khalifa-sall-macky-sall-ouvre-la-voie\/#breadcrumb","itemListElement":[{"@type":"ListItem","position":1,"name":"Accueil","item":"https:\/\/www.public.sn\/"},{"@type":"ListItem","position":2,"name":"Amnistie de Karim Wade et Khalifa Sall : Macky Sall ouvre la voie\u2026"}]},{"@type":"WebSite","@id":"https:\/\/www.public.sn\/#website","url":"https:\/\/www.public.sn\/","name":"LE PUBLIC","description":"","publisher":{"@id":"https:\/\/www.public.sn\/#organization"},"potentialAction":[{"@type":"SearchAction","target":{"@type":"EntryPoint","urlTemplate":"https:\/\/www.public.sn\/?s={search_term_string}"},"query-input":{"@type":"PropertyValueSpecification","valueRequired":true,"valueName":"search_term_string"}}],"inLanguage":"fr-FR"},{"@type":"Organization","@id":"https:\/\/www.public.sn\/#organization","name":"LE PUBLIC","url":"https:\/\/www.public.sn\/","logo":{"@type":"ImageObject","inLanguage":"fr-FR","@id":"https:\/\/www.public.sn\/#\/schema\/logo\/image\/","url":"https:\/\/www.public.sn\/wp-content\/uploads\/2024\/05\/cropped-LOGO-PUBLIC.SN_.png","contentUrl":"https:\/\/www.public.sn\/wp-content\/uploads\/2024\/05\/cropped-LOGO-PUBLIC.SN_.png","width":682,"height":192,"caption":"LE PUBLIC"},"image":{"@id":"https:\/\/www.public.sn\/#\/schema\/logo\/image\/"}},{"@type":"Person","@id":"https:\/\/www.public.sn\/#\/schema\/person\/e3f4a11b037d4203902db148f9bc8d5a","name":"LA REDACTION","image":{"@type":"ImageObject","inLanguage":"fr-FR","@id":"https:\/\/www.public.sn\/#\/schema\/person\/image\/","url":"https:\/\/secure.gravatar.com\/avatar\/d6c030db45db2883c075085c5d6c6258654a801a93766b49af0b82d4f454e2a5?s=96&d=mm&r=g","contentUrl":"https:\/\/secure.gravatar.com\/avatar\/d6c030db45db2883c075085c5d6c6258654a801a93766b49af0b82d4f454e2a5?s=96&d=mm&r=g","caption":"LA REDACTION"},"sameAs":["http:\/\/www.public.sn"],"url":"https:\/\/www.public.sn\/index.php\/author\/admin7324\/"}]}},"jetpack_featured_media_url":"https:\/\/www.public.sn\/wp-content\/uploads\/2022\/09\/sall-wade.jpeg","jetpack_sharing_enabled":true,"_links":{"self":[{"href":"https:\/\/www.public.sn\/index.php\/wp-json\/wp\/v2\/posts\/3090","targetHints":{"allow":["GET"]}}],"collection":[{"href":"https:\/\/www.public.sn\/index.php\/wp-json\/wp\/v2\/posts"}],"about":[{"href":"https:\/\/www.public.sn\/index.php\/wp-json\/wp\/v2\/types\/post"}],"author":[{"embeddable":true,"href":"https:\/\/www.public.sn\/index.php\/wp-json\/wp\/v2\/users\/1"}],"replies":[{"embeddable":true,"href":"https:\/\/www.public.sn\/index.php\/wp-json\/wp\/v2\/comments?post=3090"}],"version-history":[{"count":2,"href":"https:\/\/www.public.sn\/index.php\/wp-json\/wp\/v2\/posts\/3090\/revisions"}],"predecessor-version":[{"id":3117,"href":"https:\/\/www.public.sn\/index.php\/wp-json\/wp\/v2\/posts\/3090\/revisions\/3117"}],"wp:featuredmedia":[{"embeddable":true,"href":"https:\/\/www.public.sn\/index.php\/wp-json\/wp\/v2\/media\/3116"}],"wp:attachment":[{"href":"https:\/\/www.public.sn\/index.php\/wp-json\/wp\/v2\/media?parent=3090"}],"wp:term":[{"taxonomy":"category","embeddable":true,"href":"https:\/\/www.public.sn\/index.php\/wp-json\/wp\/v2\/categories?post=3090"},{"taxonomy":"post_tag","embeddable":true,"href":"https:\/\/www.public.sn\/index.php\/wp-json\/wp\/v2\/tags?post=3090"}],"curies":[{"name":"wp","href":"https:\/\/api.w.org\/{rel}","templated":true}]}}