{"id":31050,"date":"2024-02-20T11:04:17","date_gmt":"2024-02-20T11:04:17","guid":{"rendered":"https:\/\/www.public.sn\/?p=31050"},"modified":"2024-02-20T11:04:17","modified_gmt":"2024-02-20T11:04:17","slug":"les-guineens-barrent-la-route-a-wally-seck-pour-son-concert","status":"publish","type":"post","link":"https:\/\/www.public.sn\/index.php\/2024\/02\/20\/les-guineens-barrent-la-route-a-wally-seck-pour-son-concert\/","title":{"rendered":"Les Guin\u00e9ens barrent la route \u00e0 Wally Seck pour son concert"},"content":{"rendered":"<p>La crise entre le S\u00e9n\u00e9gal et la Guin\u00e9e commence \u00e0 prendre une autre tournure suite aux confrontations verbales sur les r\u00e9seaux sociaux entre S\u00e9n\u00e9galais et Guin\u00e9ens, moqueries et de calomnies.<\/p><div class=\"publi-paragraphe1\" style=\"margin-top: 10px;margin-bottom: 10px;margin-left: auto;margin-right: auto;text-align: center;\" id=\"publi-3470326134\"><div class=\"publi-adlabel\">Publicit\u00e9<\/div><script async src=\"\/\/pagead2.googlesyndication.com\/pagead\/js\/adsbygoogle.js?client=ca-pub-4089586018074219\" crossorigin=\"anonymous\"><\/script><ins class=\"adsbygoogle\" style=\"display:block;\" data-ad-client=\"ca-pub-4089586018074219\" \ndata-ad-slot=\"2087940154\" \ndata-ad-format=\"auto\"><\/ins>\n<script> \n(adsbygoogle = window.adsbygoogle || []).push({}); \n<\/script>\n<\/div>\n<p>&nbsp;<\/p>\n<p>Apr\u00e8s l&rsquo;incident survenu hier \u00e0 l&rsquo;a\u00e9roport international Blaise Diagne entre le couple de chanteurs guin\u00e9ens So\u00fbl Bang&rsquo;s et sa femme Manamba Kant\u00e9 et les forces de l&rsquo;ordre s\u00e9n\u00e9galais, les Guin\u00e9ens ont appel\u00e9 \u00e0 une mobilisation massive pour barrer la route au chanteur s\u00e9n\u00e9galais Wally Ballago Seck. Son concert est pr\u00e9vu pour le 20 avril 2024 \u00e0 Conakry.<\/p>\n<p>&nbsp;<\/p>\n<p>Une mani\u00e8re pour les Guin\u00e9ens de riposter \u00e0 l&rsquo;altercation de Soul Bang&rsquo;s \u00e0 l&rsquo;AIBD, sans oublier le lynchage de Yama S\u00e9ga sur les r\u00e9seaux sociaux apr\u00e8s ses moqueries contre l&rsquo;international footballeur s\u00e9n\u00e9galais Kr\u00e9pin Diatta.<\/p>\n<p>&nbsp;<\/p>\n<p>\u00c0 l&rsquo;heure o\u00f9 nous \u00e9crivons ces lignes, aucune d\u00e9cision n&rsquo;est pas prise pour confirmer la tenue du concert du 20 avril. Dans ce m\u00eame sillage, une p\u00e9tition pour retirer des influenceurs s\u00e9n\u00e9galais sur la grande rencontre qui aura lieu le 24 f\u00e9vrier est lanc\u00e9e par des internautes guin\u00e9ens.<\/p>\n<p>&nbsp;<\/p>\n<p>\u00c0 rappeler que 24 heures apr\u00e8s l&rsquo;incident, So\u00fbl Bang&rsquo;s et Manamba ont fait une d\u00e9claration \u00e0 travers une vid\u00e9o publi\u00e9e sur les r\u00e9seaux sociaux, pour appeler au calme et \u00e0 l&rsquo;apaisement.<\/p>\n<p>Les autorit\u00e9s des deux \u00c9tats sont dans une obligation de prendre les mesures n\u00e9cessaires pour mettre fin \u00e0 cette situation qui gagne du terrain.<\/p>\n<div class=\"publi-apres-le-contenu\" style=\"margin-top: 10px;margin-bottom: 10px;margin-left: auto;margin-right: auto;text-align: center;\" id=\"publi-3244843813\"><div class=\"publi-adlabel\">Publicit\u00e9<\/div><script async src=\"\/\/pagead2.googlesyndication.com\/pagead\/js\/adsbygoogle.js?client=ca-pub-4089586018074219\" crossorigin=\"anonymous\"><\/script><ins class=\"adsbygoogle\" style=\"display:block;\" data-ad-client=\"ca-pub-4089586018074219\" \ndata-ad-slot=\"2087940154\" \ndata-ad-format=\"auto\"><\/ins>\n<script> \n(adsbygoogle = window.adsbygoogle || []).push({}); \n<\/script>\n<\/div>","protected":false},"excerpt":{"rendered":"<p>La crise entre le S\u00e9n\u00e9gal et la Guin\u00e9e commence \u00e0 prendre une autre tournure suite aux confrontations verbales sur les r\u00e9seaux sociaux entre S\u00e9n\u00e9galais et Guin\u00e9ens, moqueries et de calomnies. &nbsp; Apr\u00e8s l&rsquo;incident survenu hier \u00e0 l&rsquo;a\u00e9roport international Blaise Diagne entre le couple de chanteurs guin\u00e9ens So\u00fbl Bang&rsquo;s et sa femme Manamba Kant\u00e9 et les forces de l&rsquo;ordre s\u00e9n\u00e9galais, les Guin\u00e9ens ont appel\u00e9 \u00e0 une mobilisation massive pour barrer la route au chanteur s\u00e9n\u00e9galais Wally Ballago Seck. Son concert est pr\u00e9vu pour le 20 avril 2024 \u00e0 Conakry. &nbsp; Une mani\u00e8re pour les Guin\u00e9ens de riposter \u00e0 l&rsquo;altercation de Soul Bang&rsquo;s \u00e0 l&rsquo;AIBD, sans oublier le lynchage de Yama S\u00e9ga sur les r\u00e9seaux sociaux apr\u00e8s ses moqueries contre l&rsquo;international footballeur s\u00e9n\u00e9galais Kr\u00e9pin Diatta. &nbsp; \u00c0 l&rsquo;heure o\u00f9 nous \u00e9crivons ces lignes, aucune d\u00e9cision n&rsquo;est pas prise pour confirmer la tenue du concert du 20 avril. Dans ce m\u00eame sillage, une p\u00e9tition pour retirer des influenceurs s\u00e9n\u00e9galais sur la grande rencontre qui aura lieu le 24 f\u00e9vrier est lanc\u00e9e par des internautes guin\u00e9ens. &nbsp; \u00c0 rappeler que 24 heures apr\u00e8s l&rsquo;incident, So\u00fbl Bang&rsquo;s et Manamba ont fait une d\u00e9claration \u00e0 travers une vid\u00e9o publi\u00e9e sur les r\u00e9seaux sociaux, pour appeler au calme et \u00e0 l&rsquo;apaisement. Les autorit\u00e9s des deux \u00c9tats sont dans une obligation de prendre les mesures n\u00e9cessaires pour mettre fin \u00e0 cette situation qui gagne du terrain.<\/p>\n","protected":false},"author":12,"featured_media":31053,"comment_status":"open","ping_status":"open","sticky":false,"template":"","format":"standard","meta":{"_jetpack_memberships_contains_paid_content":false,"footnotes":""},"categories":[1023,864,1034,5,8,1],"tags":[5424,5426,516,119,307],"class_list":["post-31050","post","type-post","status-publish","format-standard","has-post-thumbnail","hentry","category-buzz","category-culture","category-musique","category-people","category-public-tv","category-non-classe","tag-buzz","tag-co-vert","tag-guinee","tag-musique","tag-wally-seck","entry","has-media","owp-thumbs-layout-horizontal","owp-btn-normal","owp-tabs-layout-horizontal","has-no-thumbnails","has-product-nav"],"yoast_head":"<!-- This site is optimized with the Yoast SEO plugin v25.5 - https:\/\/yoast.com\/wordpress\/plugins\/seo\/ -->\n<title>Les Guin\u00e9ens barrent la route \u00e0 Wally Seck pour son concert - LE PUBLIC<\/title>\n<meta name=\"robots\" content=\"index, follow, max-snippet:-1, max-image-preview:large, max-video-preview:-1\" \/>\n<link rel=\"canonical\" href=\"https:\/\/www.public.sn\/index.php\/2024\/02\/20\/les-guineens-barrent-la-route-a-wally-seck-pour-son-concert\/\" \/>\n<meta property=\"og:locale\" content=\"fr_FR\" \/>\n<meta property=\"og:type\" content=\"article\" \/>\n<meta property=\"og:title\" content=\"Les Guin\u00e9ens barrent la route \u00e0 Wally Seck pour son concert - LE PUBLIC\" \/>\n<meta property=\"og:description\" content=\"La crise entre le S\u00e9n\u00e9gal et la Guin\u00e9e commence \u00e0 prendre une autre tournure suite aux confrontations verbales sur les r\u00e9seaux sociaux entre S\u00e9n\u00e9galais et Guin\u00e9ens, moqueries et de calomnies. &nbsp; Apr\u00e8s l&rsquo;incident survenu hier \u00e0 l&rsquo;a\u00e9roport international Blaise Diagne entre le couple de chanteurs guin\u00e9ens So\u00fbl Bang&rsquo;s et sa femme Manamba Kant\u00e9 et les forces de l&rsquo;ordre s\u00e9n\u00e9galais, les Guin\u00e9ens ont appel\u00e9 \u00e0 une mobilisation massive pour barrer la route au chanteur s\u00e9n\u00e9galais Wally Ballago Seck. Son concert est pr\u00e9vu pour le 20 avril 2024 \u00e0 Conakry. &nbsp; Une mani\u00e8re pour les Guin\u00e9ens de riposter \u00e0 l&rsquo;altercation de Soul Bang&rsquo;s \u00e0 l&rsquo;AIBD, sans oublier le lynchage de Yama S\u00e9ga sur les r\u00e9seaux sociaux apr\u00e8s ses moqueries contre l&rsquo;international footballeur s\u00e9n\u00e9galais Kr\u00e9pin Diatta. &nbsp; \u00c0 l&rsquo;heure o\u00f9 nous \u00e9crivons ces lignes, aucune d\u00e9cision n&rsquo;est pas prise pour confirmer la tenue du concert du 20 avril. Dans ce m\u00eame sillage, une p\u00e9tition pour retirer des influenceurs s\u00e9n\u00e9galais sur la grande rencontre qui aura lieu le 24 f\u00e9vrier est lanc\u00e9e par des internautes guin\u00e9ens. &nbsp; \u00c0 rappeler que 24 heures apr\u00e8s l&rsquo;incident, So\u00fbl Bang&rsquo;s et Manamba ont fait une d\u00e9claration \u00e0 travers une vid\u00e9o publi\u00e9e sur les r\u00e9seaux sociaux, pour appeler au calme et \u00e0 l&rsquo;apaisement. Les autorit\u00e9s des deux \u00c9tats sont dans une obligation de prendre les mesures n\u00e9cessaires pour mettre fin \u00e0 cette situation qui gagne du terrain.\" \/>\n<meta property=\"og:url\" content=\"https:\/\/www.public.sn\/index.php\/2024\/02\/20\/les-guineens-barrent-la-route-a-wally-seck-pour-son-concert\/\" \/>\n<meta property=\"og:site_name\" content=\"LE PUBLIC\" \/>\n<meta property=\"article:published_time\" content=\"2024-02-20T11:04:17+00:00\" \/>\n<meta property=\"og:image\" content=\"https:\/\/www.public.sn\/wp-content\/uploads\/2024\/02\/Screenshot_20240220-110205_Facebook.jpg\" \/>\n\t<meta property=\"og:image:width\" content=\"718\" \/>\n\t<meta property=\"og:image:height\" content=\"611\" \/>\n\t<meta property=\"og:image:type\" content=\"image\/jpeg\" \/>\n<meta name=\"author\" content=\"Man\u00e9 Ba\" \/>\n<meta name=\"twitter:card\" content=\"summary_large_image\" \/>\n<meta name=\"twitter:label1\" content=\"\u00c9crit par\" \/>\n\t<meta name=\"twitter:data1\" content=\"Man\u00e9 Ba\" \/>\n\t<meta name=\"twitter:label2\" content=\"Dur\u00e9e de lecture estim\u00e9e\" \/>\n\t<meta name=\"twitter:data2\" content=\"2 minutes\" \/>\n<script type=\"application\/ld+json\" class=\"yoast-schema-graph\">{\"@context\":\"https:\/\/schema.org\",\"@graph\":[{\"@type\":\"Article\",\"@id\":\"https:\/\/www.public.sn\/index.php\/2024\/02\/20\/les-guineens-barrent-la-route-a-wally-seck-pour-son-concert\/#article\",\"isPartOf\":{\"@id\":\"https:\/\/www.public.sn\/index.php\/2024\/02\/20\/les-guineens-barrent-la-route-a-wally-seck-pour-son-concert\/\"},\"author\":{\"name\":\"Man\u00e9 Ba\",\"@id\":\"https:\/\/www.public.sn\/#\/schema\/person\/0cb769602dc17ecb89fd54a2197a221a\"},\"headline\":\"Les Guin\u00e9ens barrent la route \u00e0 Wally Seck pour son concert\",\"datePublished\":\"2024-02-20T11:04:17+00:00\",\"mainEntityOfPage\":{\"@id\":\"https:\/\/www.public.sn\/index.php\/2024\/02\/20\/les-guineens-barrent-la-route-a-wally-seck-pour-son-concert\/\"},\"wordCount\":264,\"commentCount\":0,\"publisher\":{\"@id\":\"https:\/\/www.public.sn\/#organization\"},\"image\":{\"@id\":\"https:\/\/www.public.sn\/index.php\/2024\/02\/20\/les-guineens-barrent-la-route-a-wally-seck-pour-son-concert\/#primaryimage\"},\"thumbnailUrl\":\"https:\/\/www.public.sn\/wp-content\/uploads\/2024\/02\/Screenshot_20240220-110205_Facebook.jpg\",\"keywords\":[\"buzz\",\"co vert\",\"Guin\u00e9e\",\"Musique\",\"Wally Seck\"],\"articleSection\":[\"BUZZ\",\"CULTURE\",\"MUSIQUE\",\"PEOPLE\",\"PUBLIC TV\",\"S\u00c9N\u00c9GAL\"],\"inLanguage\":\"fr-FR\",\"potentialAction\":[{\"@type\":\"CommentAction\",\"name\":\"Comment\",\"target\":[\"https:\/\/www.public.sn\/index.php\/2024\/02\/20\/les-guineens-barrent-la-route-a-wally-seck-pour-son-concert\/#respond\"]}]},{\"@type\":\"WebPage\",\"@id\":\"https:\/\/www.public.sn\/index.php\/2024\/02\/20\/les-guineens-barrent-la-route-a-wally-seck-pour-son-concert\/\",\"url\":\"https:\/\/www.public.sn\/index.php\/2024\/02\/20\/les-guineens-barrent-la-route-a-wally-seck-pour-son-concert\/\",\"name\":\"Les Guin\u00e9ens barrent la route \u00e0 Wally Seck pour son concert - LE PUBLIC\",\"isPartOf\":{\"@id\":\"https:\/\/www.public.sn\/#website\"},\"primaryImageOfPage\":{\"@id\":\"https:\/\/www.public.sn\/index.php\/2024\/02\/20\/les-guineens-barrent-la-route-a-wally-seck-pour-son-concert\/#primaryimage\"},\"image\":{\"@id\":\"https:\/\/www.public.sn\/index.php\/2024\/02\/20\/les-guineens-barrent-la-route-a-wally-seck-pour-son-concert\/#primaryimage\"},\"thumbnailUrl\":\"https:\/\/www.public.sn\/wp-content\/uploads\/2024\/02\/Screenshot_20240220-110205_Facebook.jpg\",\"datePublished\":\"2024-02-20T11:04:17+00:00\",\"breadcrumb\":{\"@id\":\"https:\/\/www.public.sn\/index.php\/2024\/02\/20\/les-guineens-barrent-la-route-a-wally-seck-pour-son-concert\/#breadcrumb\"},\"inLanguage\":\"fr-FR\",\"potentialAction\":[{\"@type\":\"ReadAction\",\"target\":[\"https:\/\/www.public.sn\/index.php\/2024\/02\/20\/les-guineens-barrent-la-route-a-wally-seck-pour-son-concert\/\"]}]},{\"@type\":\"ImageObject\",\"inLanguage\":\"fr-FR\",\"@id\":\"https:\/\/www.public.sn\/index.php\/2024\/02\/20\/les-guineens-barrent-la-route-a-wally-seck-pour-son-concert\/#primaryimage\",\"url\":\"https:\/\/www.public.sn\/wp-content\/uploads\/2024\/02\/Screenshot_20240220-110205_Facebook.jpg\",\"contentUrl\":\"https:\/\/www.public.sn\/wp-content\/uploads\/2024\/02\/Screenshot_20240220-110205_Facebook.jpg\",\"width\":718,\"height\":611},{\"@type\":\"BreadcrumbList\",\"@id\":\"https:\/\/www.public.sn\/index.php\/2024\/02\/20\/les-guineens-barrent-la-route-a-wally-seck-pour-son-concert\/#breadcrumb\",\"itemListElement\":[{\"@type\":\"ListItem\",\"position\":1,\"name\":\"Accueil\",\"item\":\"https:\/\/www.public.sn\/\"},{\"@type\":\"ListItem\",\"position\":2,\"name\":\"Les Guin\u00e9ens barrent la route \u00e0 Wally Seck pour son concert\"}]},{\"@type\":\"WebSite\",\"@id\":\"https:\/\/www.public.sn\/#website\",\"url\":\"https:\/\/www.public.sn\/\",\"name\":\"LE PUBLIC\",\"description\":\"\",\"publisher\":{\"@id\":\"https:\/\/www.public.sn\/#organization\"},\"potentialAction\":[{\"@type\":\"SearchAction\",\"target\":{\"@type\":\"EntryPoint\",\"urlTemplate\":\"https:\/\/www.public.sn\/?s={search_term_string}\"},\"query-input\":{\"@type\":\"PropertyValueSpecification\",\"valueRequired\":true,\"valueName\":\"search_term_string\"}}],\"inLanguage\":\"fr-FR\"},{\"@type\":\"Organization\",\"@id\":\"https:\/\/www.public.sn\/#organization\",\"name\":\"LE PUBLIC\",\"url\":\"https:\/\/www.public.sn\/\",\"logo\":{\"@type\":\"ImageObject\",\"inLanguage\":\"fr-FR\",\"@id\":\"https:\/\/www.public.sn\/#\/schema\/logo\/image\/\",\"url\":\"https:\/\/www.public.sn\/wp-content\/uploads\/2024\/05\/cropped-LOGO-PUBLIC.SN_.png\",\"contentUrl\":\"https:\/\/www.public.sn\/wp-content\/uploads\/2024\/05\/cropped-LOGO-PUBLIC.SN_.png\",\"width\":682,\"height\":192,\"caption\":\"LE PUBLIC\"},\"image\":{\"@id\":\"https:\/\/www.public.sn\/#\/schema\/logo\/image\/\"}},{\"@type\":\"Person\",\"@id\":\"https:\/\/www.public.sn\/#\/schema\/person\/0cb769602dc17ecb89fd54a2197a221a\",\"name\":\"Man\u00e9 Ba\",\"image\":{\"@type\":\"ImageObject\",\"inLanguage\":\"fr-FR\",\"@id\":\"https:\/\/www.public.sn\/#\/schema\/person\/image\/\",\"url\":\"https:\/\/secure.gravatar.com\/avatar\/b31a37f6b2529b7e9303b5aacf26777a86815e524f04961246da8183f5e2535a?s=96&d=mm&r=g\",\"contentUrl\":\"https:\/\/secure.gravatar.com\/avatar\/b31a37f6b2529b7e9303b5aacf26777a86815e524f04961246da8183f5e2535a?s=96&d=mm&r=g\",\"caption\":\"Man\u00e9 Ba\"},\"url\":\"https:\/\/www.public.sn\/index.php\/author\/bamanesen\/\"}]}<\/script>\n<!-- \/ Yoast SEO plugin. -->","yoast_head_json":{"title":"Les Guin\u00e9ens barrent la route \u00e0 Wally Seck pour son concert - LE PUBLIC","robots":{"index":"index","follow":"follow","max-snippet":"max-snippet:-1","max-image-preview":"max-image-preview:large","max-video-preview":"max-video-preview:-1"},"canonical":"https:\/\/www.public.sn\/index.php\/2024\/02\/20\/les-guineens-barrent-la-route-a-wally-seck-pour-son-concert\/","og_locale":"fr_FR","og_type":"article","og_title":"Les Guin\u00e9ens barrent la route \u00e0 Wally Seck pour son concert - LE PUBLIC","og_description":"La crise entre le S\u00e9n\u00e9gal et la Guin\u00e9e commence \u00e0 prendre une autre tournure suite aux confrontations verbales sur les r\u00e9seaux sociaux entre S\u00e9n\u00e9galais et Guin\u00e9ens, moqueries et de calomnies. &nbsp; Apr\u00e8s l&rsquo;incident survenu hier \u00e0 l&rsquo;a\u00e9roport international Blaise Diagne entre le couple de chanteurs guin\u00e9ens So\u00fbl Bang&rsquo;s et sa femme Manamba Kant\u00e9 et les forces de l&rsquo;ordre s\u00e9n\u00e9galais, les Guin\u00e9ens ont appel\u00e9 \u00e0 une mobilisation massive pour barrer la route au chanteur s\u00e9n\u00e9galais Wally Ballago Seck. Son concert est pr\u00e9vu pour le 20 avril 2024 \u00e0 Conakry. &nbsp; Une mani\u00e8re pour les Guin\u00e9ens de riposter \u00e0 l&rsquo;altercation de Soul Bang&rsquo;s \u00e0 l&rsquo;AIBD, sans oublier le lynchage de Yama S\u00e9ga sur les r\u00e9seaux sociaux apr\u00e8s ses moqueries contre l&rsquo;international footballeur s\u00e9n\u00e9galais Kr\u00e9pin Diatta. &nbsp; \u00c0 l&rsquo;heure o\u00f9 nous \u00e9crivons ces lignes, aucune d\u00e9cision n&rsquo;est pas prise pour confirmer la tenue du concert du 20 avril. Dans ce m\u00eame sillage, une p\u00e9tition pour retirer des influenceurs s\u00e9n\u00e9galais sur la grande rencontre qui aura lieu le 24 f\u00e9vrier est lanc\u00e9e par des internautes guin\u00e9ens. &nbsp; \u00c0 rappeler que 24 heures apr\u00e8s l&rsquo;incident, So\u00fbl Bang&rsquo;s et Manamba ont fait une d\u00e9claration \u00e0 travers une vid\u00e9o publi\u00e9e sur les r\u00e9seaux sociaux, pour appeler au calme et \u00e0 l&rsquo;apaisement. Les autorit\u00e9s des deux \u00c9tats sont dans une obligation de prendre les mesures n\u00e9cessaires pour mettre fin \u00e0 cette situation qui gagne du terrain.","og_url":"https:\/\/www.public.sn\/index.php\/2024\/02\/20\/les-guineens-barrent-la-route-a-wally-seck-pour-son-concert\/","og_site_name":"LE PUBLIC","article_published_time":"2024-02-20T11:04:17+00:00","og_image":[{"width":718,"height":611,"url":"https:\/\/www.public.sn\/wp-content\/uploads\/2024\/02\/Screenshot_20240220-110205_Facebook.jpg","type":"image\/jpeg"}],"author":"Man\u00e9 Ba","twitter_card":"summary_large_image","twitter_misc":{"\u00c9crit par":"Man\u00e9 Ba","Dur\u00e9e de lecture estim\u00e9e":"2 minutes"},"schema":{"@context":"https:\/\/schema.org","@graph":[{"@type":"Article","@id":"https:\/\/www.public.sn\/index.php\/2024\/02\/20\/les-guineens-barrent-la-route-a-wally-seck-pour-son-concert\/#article","isPartOf":{"@id":"https:\/\/www.public.sn\/index.php\/2024\/02\/20\/les-guineens-barrent-la-route-a-wally-seck-pour-son-concert\/"},"author":{"name":"Man\u00e9 Ba","@id":"https:\/\/www.public.sn\/#\/schema\/person\/0cb769602dc17ecb89fd54a2197a221a"},"headline":"Les Guin\u00e9ens barrent la route \u00e0 Wally Seck pour son concert","datePublished":"2024-02-20T11:04:17+00:00","mainEntityOfPage":{"@id":"https:\/\/www.public.sn\/index.php\/2024\/02\/20\/les-guineens-barrent-la-route-a-wally-seck-pour-son-concert\/"},"wordCount":264,"commentCount":0,"publisher":{"@id":"https:\/\/www.public.sn\/#organization"},"image":{"@id":"https:\/\/www.public.sn\/index.php\/2024\/02\/20\/les-guineens-barrent-la-route-a-wally-seck-pour-son-concert\/#primaryimage"},"thumbnailUrl":"https:\/\/www.public.sn\/wp-content\/uploads\/2024\/02\/Screenshot_20240220-110205_Facebook.jpg","keywords":["buzz","co vert","Guin\u00e9e","Musique","Wally Seck"],"articleSection":["BUZZ","CULTURE","MUSIQUE","PEOPLE","PUBLIC TV","S\u00c9N\u00c9GAL"],"inLanguage":"fr-FR","potentialAction":[{"@type":"CommentAction","name":"Comment","target":["https:\/\/www.public.sn\/index.php\/2024\/02\/20\/les-guineens-barrent-la-route-a-wally-seck-pour-son-concert\/#respond"]}]},{"@type":"WebPage","@id":"https:\/\/www.public.sn\/index.php\/2024\/02\/20\/les-guineens-barrent-la-route-a-wally-seck-pour-son-concert\/","url":"https:\/\/www.public.sn\/index.php\/2024\/02\/20\/les-guineens-barrent-la-route-a-wally-seck-pour-son-concert\/","name":"Les Guin\u00e9ens barrent la route \u00e0 Wally Seck pour son concert - LE PUBLIC","isPartOf":{"@id":"https:\/\/www.public.sn\/#website"},"primaryImageOfPage":{"@id":"https:\/\/www.public.sn\/index.php\/2024\/02\/20\/les-guineens-barrent-la-route-a-wally-seck-pour-son-concert\/#primaryimage"},"image":{"@id":"https:\/\/www.public.sn\/index.php\/2024\/02\/20\/les-guineens-barrent-la-route-a-wally-seck-pour-son-concert\/#primaryimage"},"thumbnailUrl":"https:\/\/www.public.sn\/wp-content\/uploads\/2024\/02\/Screenshot_20240220-110205_Facebook.jpg","datePublished":"2024-02-20T11:04:17+00:00","breadcrumb":{"@id":"https:\/\/www.public.sn\/index.php\/2024\/02\/20\/les-guineens-barrent-la-route-a-wally-seck-pour-son-concert\/#breadcrumb"},"inLanguage":"fr-FR","potentialAction":[{"@type":"ReadAction","target":["https:\/\/www.public.sn\/index.php\/2024\/02\/20\/les-guineens-barrent-la-route-a-wally-seck-pour-son-concert\/"]}]},{"@type":"ImageObject","inLanguage":"fr-FR","@id":"https:\/\/www.public.sn\/index.php\/2024\/02\/20\/les-guineens-barrent-la-route-a-wally-seck-pour-son-concert\/#primaryimage","url":"https:\/\/www.public.sn\/wp-content\/uploads\/2024\/02\/Screenshot_20240220-110205_Facebook.jpg","contentUrl":"https:\/\/www.public.sn\/wp-content\/uploads\/2024\/02\/Screenshot_20240220-110205_Facebook.jpg","width":718,"height":611},{"@type":"BreadcrumbList","@id":"https:\/\/www.public.sn\/index.php\/2024\/02\/20\/les-guineens-barrent-la-route-a-wally-seck-pour-son-concert\/#breadcrumb","itemListElement":[{"@type":"ListItem","position":1,"name":"Accueil","item":"https:\/\/www.public.sn\/"},{"@type":"ListItem","position":2,"name":"Les Guin\u00e9ens barrent la route \u00e0 Wally Seck pour son concert"}]},{"@type":"WebSite","@id":"https:\/\/www.public.sn\/#website","url":"https:\/\/www.public.sn\/","name":"LE PUBLIC","description":"","publisher":{"@id":"https:\/\/www.public.sn\/#organization"},"potentialAction":[{"@type":"SearchAction","target":{"@type":"EntryPoint","urlTemplate":"https:\/\/www.public.sn\/?s={search_term_string}"},"query-input":{"@type":"PropertyValueSpecification","valueRequired":true,"valueName":"search_term_string"}}],"inLanguage":"fr-FR"},{"@type":"Organization","@id":"https:\/\/www.public.sn\/#organization","name":"LE PUBLIC","url":"https:\/\/www.public.sn\/","logo":{"@type":"ImageObject","inLanguage":"fr-FR","@id":"https:\/\/www.public.sn\/#\/schema\/logo\/image\/","url":"https:\/\/www.public.sn\/wp-content\/uploads\/2024\/05\/cropped-LOGO-PUBLIC.SN_.png","contentUrl":"https:\/\/www.public.sn\/wp-content\/uploads\/2024\/05\/cropped-LOGO-PUBLIC.SN_.png","width":682,"height":192,"caption":"LE PUBLIC"},"image":{"@id":"https:\/\/www.public.sn\/#\/schema\/logo\/image\/"}},{"@type":"Person","@id":"https:\/\/www.public.sn\/#\/schema\/person\/0cb769602dc17ecb89fd54a2197a221a","name":"Man\u00e9 Ba","image":{"@type":"ImageObject","inLanguage":"fr-FR","@id":"https:\/\/www.public.sn\/#\/schema\/person\/image\/","url":"https:\/\/secure.gravatar.com\/avatar\/b31a37f6b2529b7e9303b5aacf26777a86815e524f04961246da8183f5e2535a?s=96&d=mm&r=g","contentUrl":"https:\/\/secure.gravatar.com\/avatar\/b31a37f6b2529b7e9303b5aacf26777a86815e524f04961246da8183f5e2535a?s=96&d=mm&r=g","caption":"Man\u00e9 Ba"},"url":"https:\/\/www.public.sn\/index.php\/author\/bamanesen\/"}]}},"jetpack_featured_media_url":"https:\/\/www.public.sn\/wp-content\/uploads\/2024\/02\/Screenshot_20240220-110205_Facebook.jpg","jetpack_sharing_enabled":true,"_links":{"self":[{"href":"https:\/\/www.public.sn\/index.php\/wp-json\/wp\/v2\/posts\/31050","targetHints":{"allow":["GET"]}}],"collection":[{"href":"https:\/\/www.public.sn\/index.php\/wp-json\/wp\/v2\/posts"}],"about":[{"href":"https:\/\/www.public.sn\/index.php\/wp-json\/wp\/v2\/types\/post"}],"author":[{"embeddable":true,"href":"https:\/\/www.public.sn\/index.php\/wp-json\/wp\/v2\/users\/12"}],"replies":[{"embeddable":true,"href":"https:\/\/www.public.sn\/index.php\/wp-json\/wp\/v2\/comments?post=31050"}],"version-history":[{"count":1,"href":"https:\/\/www.public.sn\/index.php\/wp-json\/wp\/v2\/posts\/31050\/revisions"}],"predecessor-version":[{"id":31055,"href":"https:\/\/www.public.sn\/index.php\/wp-json\/wp\/v2\/posts\/31050\/revisions\/31055"}],"wp:featuredmedia":[{"embeddable":true,"href":"https:\/\/www.public.sn\/index.php\/wp-json\/wp\/v2\/media\/31053"}],"wp:attachment":[{"href":"https:\/\/www.public.sn\/index.php\/wp-json\/wp\/v2\/media?parent=31050"}],"wp:term":[{"taxonomy":"category","embeddable":true,"href":"https:\/\/www.public.sn\/index.php\/wp-json\/wp\/v2\/categories?post=31050"},{"taxonomy":"post_tag","embeddable":true,"href":"https:\/\/www.public.sn\/index.php\/wp-json\/wp\/v2\/tags?post=31050"}],"curies":[{"name":"wp","href":"https:\/\/api.w.org\/{rel}","templated":true}]}}