{"id":31080,"date":"2024-02-20T15:05:41","date_gmt":"2024-02-20T15:05:41","guid":{"rendered":"https:\/\/www.public.sn\/?p=31080"},"modified":"2024-02-20T15:05:41","modified_gmt":"2024-02-20T15:05:41","slug":"ahmed-khalifa-niasse-une-election-sans-sonko-nest-pas-une-election","status":"publish","type":"post","link":"https:\/\/www.public.sn\/index.php\/2024\/02\/20\/ahmed-khalifa-niasse-une-election-sans-sonko-nest-pas-une-election\/","title":{"rendered":"Ahmed Khalifa Niasse: \u00ab une \u00e9lection sans Sonko, n\u2019est pas une \u00e9lection \u00bb"},"content":{"rendered":"<p>Ahmed Khalifa Niasse, une figure religieuse, a exprim\u00e9 ses vues sur la situation politique actuelle du pays. Il \u00e9tait l&rsquo;invit\u00e9 de la journaliste A\u00efssation Diop Fall dans son \u00e9mission \u00ab\u00a0Public Confession\u00a0\u00bb \u00e0 laine youtube Public_Sn. L&rsquo;invit\u00e9 a mis un accent particulier sur le report de l\u2019\u00e9lection pr\u00e9sidentielle et l\u2019exclusion d\u2019Ousmane Sonko du processus \u00e9lectoral, en raison de ses d\u00e9m\u00eal\u00e9s avec la justice. Ahmed Khalifa Niasse a plaid\u00e9 pour un dialogue national inclusif, soulignant l\u2019importance de la participation de tous les acteurs politiques, et en particulier celle d\u2019Ousmane Sonko, pour la l\u00e9gitimit\u00e9 de l\u2019\u00e9lection pr\u00e9sidentielle.<\/p><div class=\"publi-paragraphe1\" style=\"margin-top: 10px;margin-bottom: 10px;margin-left: auto;margin-right: auto;text-align: center;\" id=\"publi-3569610921\"><div class=\"publi-adlabel\">Publicit\u00e9<\/div><script async src=\"\/\/pagead2.googlesyndication.com\/pagead\/js\/adsbygoogle.js?client=ca-pub-4089586018074219\" crossorigin=\"anonymous\"><\/script><ins class=\"adsbygoogle\" style=\"display:block;\" data-ad-client=\"ca-pub-4089586018074219\" \ndata-ad-slot=\"2087940154\" \ndata-ad-format=\"auto\"><\/ins>\n<script> \n(adsbygoogle = window.adsbygoogle || []).push({}); \n<\/script>\n<\/div>\n<p>Il exprime que \u201cIl est imp\u00e9ratif que l\u2019ensemble des leaders spirituels, depuis ceux de Kaolack, Touba, Tivaouane, Ndiassane jusqu\u2019\u00e0 M\u00e9dina Gounass, se rassemblent pour convoquer les politiciens de toutes tendances \u00e0 une vaste consultation. Il est crucial de comprendre que si nous nous h\u00e2tons d\u2019organiser une \u00e9lection sans garantir une participation universelle. Je le souligne avec insistance : cela reviendrait \u00e0 organiser une comp\u00e9tition d\u2019athl\u00e9tisme tout en privant le meilleur coureur de sa capacit\u00e9 \u00e0 concourir pleinement, ce qui manquerait fonci\u00e8rement d\u2019\u00e9quit\u00e9.\u201d<\/p>\n<p>Concernant les rumeurs d\u2019un dialogue en cours entre Macky Sall et Ousmane Sonko, Ahmed Khalifa Niasse a exprim\u00e9 son scepticisme. Il a r\u00e9v\u00e9l\u00e9 que, \u00ab Ousmane Sonko m\u2019a personnellement consult\u00e9, affirmant clairement que si des rumeurs de discussions avec Macky Sall sans mon implication circulaient, elles devraient \u00eatre consid\u00e9r\u00e9es comme non fond\u00e9es. Car pour toute n\u00e9gociation avec lui, ma pr\u00e9sence est non seulement essentielle mais aussi gage de sa pleine confiance.\u00bb<\/p>\n<div class=\"publi-apres-le-contenu\" style=\"margin-top: 10px;margin-bottom: 10px;margin-left: auto;margin-right: auto;text-align: center;\" id=\"publi-1096607798\"><div class=\"publi-adlabel\">Publicit\u00e9<\/div><script async src=\"\/\/pagead2.googlesyndication.com\/pagead\/js\/adsbygoogle.js?client=ca-pub-4089586018074219\" crossorigin=\"anonymous\"><\/script><ins class=\"adsbygoogle\" style=\"display:block;\" data-ad-client=\"ca-pub-4089586018074219\" \ndata-ad-slot=\"2087940154\" \ndata-ad-format=\"auto\"><\/ins>\n<script> \n(adsbygoogle = window.adsbygoogle || []).push({}); \n<\/script>\n<\/div>","protected":false},"excerpt":{"rendered":"<p>Ahmed Khalifa Niasse, une figure religieuse, a exprim\u00e9 ses vues sur la situation politique actuelle du pays. Il \u00e9tait l&rsquo;invit\u00e9 de la journaliste A\u00efssation Diop Fall dans son \u00e9mission \u00ab\u00a0Public Confession\u00a0\u00bb \u00e0 laine youtube Public_Sn. L&rsquo;invit\u00e9 a mis un accent particulier sur le report de l\u2019\u00e9lection pr\u00e9sidentielle et l\u2019exclusion d\u2019Ousmane Sonko du processus \u00e9lectoral, en raison de ses d\u00e9m\u00eal\u00e9s avec la justice. Ahmed Khalifa Niasse a plaid\u00e9 pour un dialogue national inclusif, soulignant l\u2019importance de la participation de tous les acteurs politiques, et en particulier celle d\u2019Ousmane Sonko, pour la l\u00e9gitimit\u00e9 de l\u2019\u00e9lection pr\u00e9sidentielle. Il exprime que \u201cIl est imp\u00e9ratif que l\u2019ensemble des leaders spirituels, depuis ceux de Kaolack, Touba, Tivaouane, Ndiassane jusqu\u2019\u00e0 M\u00e9dina Gounass, se rassemblent pour convoquer les politiciens de toutes tendances \u00e0 une vaste consultation. Il est crucial de comprendre que si nous nous h\u00e2tons d\u2019organiser une \u00e9lection sans garantir une participation universelle. Je le souligne avec insistance : cela reviendrait \u00e0 organiser une comp\u00e9tition d\u2019athl\u00e9tisme tout en privant le meilleur coureur de sa capacit\u00e9 \u00e0 concourir pleinement, ce qui manquerait fonci\u00e8rement d\u2019\u00e9quit\u00e9.\u201d Concernant les rumeurs d\u2019un dialogue en cours entre Macky Sall et Ousmane Sonko, Ahmed Khalifa Niasse a exprim\u00e9 son scepticisme. Il a r\u00e9v\u00e9l\u00e9 que, \u00ab Ousmane Sonko m\u2019a personnellement consult\u00e9, affirmant clairement que si des rumeurs de discussions avec Macky Sall sans mon implication circulaient, elles devraient \u00eatre consid\u00e9r\u00e9es comme non fond\u00e9es. Car pour toute n\u00e9gociation avec lui, ma pr\u00e9sence est non seulement essentielle mais aussi gage de sa pleine confiance.\u00bb<\/p>\n","protected":false},"author":12,"featured_media":31081,"comment_status":"open","ping_status":"open","sticky":false,"template":"","format":"standard","meta":{"_jetpack_memberships_contains_paid_content":false,"footnotes":""},"categories":[3724,3,8,1,4],"tags":[5427,538,463,1158,306],"class_list":["post-31080","post","type-post","status-publish","format-standard","has-post-thumbnail","hentry","category-justice","category-politique","category-public-tv","category-non-classe","category-societe","tag-ahmed-khalifa-niasse","tag-dialogue","tag-election","tag-politique","tag-sonko","entry","has-media","owp-thumbs-layout-horizontal","owp-btn-normal","owp-tabs-layout-horizontal","has-no-thumbnails","has-product-nav"],"yoast_head":"<!-- This site is optimized with the Yoast SEO plugin v25.5 - https:\/\/yoast.com\/wordpress\/plugins\/seo\/ -->\n<title>Ahmed Khalifa Niasse: \u00ab une \u00e9lection sans Sonko, n\u2019est pas une \u00e9lection \u00bb - LE PUBLIC<\/title>\n<meta name=\"robots\" content=\"index, follow, max-snippet:-1, max-image-preview:large, max-video-preview:-1\" \/>\n<link rel=\"canonical\" href=\"https:\/\/www.public.sn\/index.php\/2024\/02\/20\/ahmed-khalifa-niasse-une-election-sans-sonko-nest-pas-une-election\/\" \/>\n<meta property=\"og:locale\" content=\"fr_FR\" \/>\n<meta property=\"og:type\" content=\"article\" \/>\n<meta property=\"og:title\" content=\"Ahmed Khalifa Niasse: \u00ab une \u00e9lection sans Sonko, n\u2019est pas une \u00e9lection \u00bb - LE PUBLIC\" \/>\n<meta property=\"og:description\" content=\"Ahmed Khalifa Niasse, une figure religieuse, a exprim\u00e9 ses vues sur la situation politique actuelle du pays. Il \u00e9tait l&rsquo;invit\u00e9 de la journaliste A\u00efssation Diop Fall dans son \u00e9mission \u00ab\u00a0Public Confession\u00a0\u00bb \u00e0 laine youtube Public_Sn. L&rsquo;invit\u00e9 a mis un accent particulier sur le report de l\u2019\u00e9lection pr\u00e9sidentielle et l\u2019exclusion d\u2019Ousmane Sonko du processus \u00e9lectoral, en raison de ses d\u00e9m\u00eal\u00e9s avec la justice. Ahmed Khalifa Niasse a plaid\u00e9 pour un dialogue national inclusif, soulignant l\u2019importance de la participation de tous les acteurs politiques, et en particulier celle d\u2019Ousmane Sonko, pour la l\u00e9gitimit\u00e9 de l\u2019\u00e9lection pr\u00e9sidentielle. Il exprime que \u201cIl est imp\u00e9ratif que l\u2019ensemble des leaders spirituels, depuis ceux de Kaolack, Touba, Tivaouane, Ndiassane jusqu\u2019\u00e0 M\u00e9dina Gounass, se rassemblent pour convoquer les politiciens de toutes tendances \u00e0 une vaste consultation. Il est crucial de comprendre que si nous nous h\u00e2tons d\u2019organiser une \u00e9lection sans garantir une participation universelle. Je le souligne avec insistance : cela reviendrait \u00e0 organiser une comp\u00e9tition d\u2019athl\u00e9tisme tout en privant le meilleur coureur de sa capacit\u00e9 \u00e0 concourir pleinement, ce qui manquerait fonci\u00e8rement d\u2019\u00e9quit\u00e9.\u201d Concernant les rumeurs d\u2019un dialogue en cours entre Macky Sall et Ousmane Sonko, Ahmed Khalifa Niasse a exprim\u00e9 son scepticisme. Il a r\u00e9v\u00e9l\u00e9 que, \u00ab Ousmane Sonko m\u2019a personnellement consult\u00e9, affirmant clairement que si des rumeurs de discussions avec Macky Sall sans mon implication circulaient, elles devraient \u00eatre consid\u00e9r\u00e9es comme non fond\u00e9es. Car pour toute n\u00e9gociation avec lui, ma pr\u00e9sence est non seulement essentielle mais aussi gage de sa pleine confiance.\u00bb\" \/>\n<meta property=\"og:url\" content=\"https:\/\/www.public.sn\/index.php\/2024\/02\/20\/ahmed-khalifa-niasse-une-election-sans-sonko-nest-pas-une-election\/\" \/>\n<meta property=\"og:site_name\" content=\"LE PUBLIC\" \/>\n<meta property=\"article:published_time\" content=\"2024-02-20T15:05:41+00:00\" \/>\n<meta property=\"og:image\" content=\"https:\/\/www.public.sn\/wp-content\/uploads\/2024\/02\/FB_IMG_1708441367890.jpg\" \/>\n\t<meta property=\"og:image:width\" content=\"696\" \/>\n\t<meta property=\"og:image:height\" content=\"400\" \/>\n\t<meta property=\"og:image:type\" content=\"image\/jpeg\" \/>\n<meta name=\"author\" content=\"Man\u00e9 Ba\" \/>\n<meta name=\"twitter:card\" content=\"summary_large_image\" \/>\n<meta name=\"twitter:label1\" content=\"\u00c9crit par\" \/>\n\t<meta name=\"twitter:data1\" content=\"Man\u00e9 Ba\" \/>\n\t<meta name=\"twitter:label2\" content=\"Dur\u00e9e de lecture estim\u00e9e\" \/>\n\t<meta name=\"twitter:data2\" content=\"2 minutes\" \/>\n<script type=\"application\/ld+json\" class=\"yoast-schema-graph\">{\"@context\":\"https:\/\/schema.org\",\"@graph\":[{\"@type\":\"Article\",\"@id\":\"https:\/\/www.public.sn\/index.php\/2024\/02\/20\/ahmed-khalifa-niasse-une-election-sans-sonko-nest-pas-une-election\/#article\",\"isPartOf\":{\"@id\":\"https:\/\/www.public.sn\/index.php\/2024\/02\/20\/ahmed-khalifa-niasse-une-election-sans-sonko-nest-pas-une-election\/\"},\"author\":{\"name\":\"Man\u00e9 Ba\",\"@id\":\"https:\/\/www.public.sn\/#\/schema\/person\/0cb769602dc17ecb89fd54a2197a221a\"},\"headline\":\"Ahmed Khalifa Niasse: \u00ab une \u00e9lection sans Sonko, n\u2019est pas une \u00e9lection \u00bb\",\"datePublished\":\"2024-02-20T15:05:41+00:00\",\"mainEntityOfPage\":{\"@id\":\"https:\/\/www.public.sn\/index.php\/2024\/02\/20\/ahmed-khalifa-niasse-une-election-sans-sonko-nest-pas-une-election\/\"},\"wordCount\":286,\"commentCount\":0,\"publisher\":{\"@id\":\"https:\/\/www.public.sn\/#organization\"},\"image\":{\"@id\":\"https:\/\/www.public.sn\/index.php\/2024\/02\/20\/ahmed-khalifa-niasse-une-election-sans-sonko-nest-pas-une-election\/#primaryimage\"},\"thumbnailUrl\":\"https:\/\/www.public.sn\/wp-content\/uploads\/2024\/02\/FB_IMG_1708441367890.jpg\",\"keywords\":[\"Ahmed khalifa niasse\",\"Dialogue\",\"\u00c9lection\",\"politique\",\"sonko\"],\"articleSection\":[\"justice\",\"POLITIQUE\",\"PUBLIC TV\",\"S\u00c9N\u00c9GAL\",\"SOCIETE\"],\"inLanguage\":\"fr-FR\",\"potentialAction\":[{\"@type\":\"CommentAction\",\"name\":\"Comment\",\"target\":[\"https:\/\/www.public.sn\/index.php\/2024\/02\/20\/ahmed-khalifa-niasse-une-election-sans-sonko-nest-pas-une-election\/#respond\"]}]},{\"@type\":\"WebPage\",\"@id\":\"https:\/\/www.public.sn\/index.php\/2024\/02\/20\/ahmed-khalifa-niasse-une-election-sans-sonko-nest-pas-une-election\/\",\"url\":\"https:\/\/www.public.sn\/index.php\/2024\/02\/20\/ahmed-khalifa-niasse-une-election-sans-sonko-nest-pas-une-election\/\",\"name\":\"Ahmed Khalifa Niasse: \u00ab une \u00e9lection sans Sonko, n\u2019est pas une \u00e9lection \u00bb - LE PUBLIC\",\"isPartOf\":{\"@id\":\"https:\/\/www.public.sn\/#website\"},\"primaryImageOfPage\":{\"@id\":\"https:\/\/www.public.sn\/index.php\/2024\/02\/20\/ahmed-khalifa-niasse-une-election-sans-sonko-nest-pas-une-election\/#primaryimage\"},\"image\":{\"@id\":\"https:\/\/www.public.sn\/index.php\/2024\/02\/20\/ahmed-khalifa-niasse-une-election-sans-sonko-nest-pas-une-election\/#primaryimage\"},\"thumbnailUrl\":\"https:\/\/www.public.sn\/wp-content\/uploads\/2024\/02\/FB_IMG_1708441367890.jpg\",\"datePublished\":\"2024-02-20T15:05:41+00:00\",\"breadcrumb\":{\"@id\":\"https:\/\/www.public.sn\/index.php\/2024\/02\/20\/ahmed-khalifa-niasse-une-election-sans-sonko-nest-pas-une-election\/#breadcrumb\"},\"inLanguage\":\"fr-FR\",\"potentialAction\":[{\"@type\":\"ReadAction\",\"target\":[\"https:\/\/www.public.sn\/index.php\/2024\/02\/20\/ahmed-khalifa-niasse-une-election-sans-sonko-nest-pas-une-election\/\"]}]},{\"@type\":\"ImageObject\",\"inLanguage\":\"fr-FR\",\"@id\":\"https:\/\/www.public.sn\/index.php\/2024\/02\/20\/ahmed-khalifa-niasse-une-election-sans-sonko-nest-pas-une-election\/#primaryimage\",\"url\":\"https:\/\/www.public.sn\/wp-content\/uploads\/2024\/02\/FB_IMG_1708441367890.jpg\",\"contentUrl\":\"https:\/\/www.public.sn\/wp-content\/uploads\/2024\/02\/FB_IMG_1708441367890.jpg\",\"width\":696,\"height\":400},{\"@type\":\"BreadcrumbList\",\"@id\":\"https:\/\/www.public.sn\/index.php\/2024\/02\/20\/ahmed-khalifa-niasse-une-election-sans-sonko-nest-pas-une-election\/#breadcrumb\",\"itemListElement\":[{\"@type\":\"ListItem\",\"position\":1,\"name\":\"Accueil\",\"item\":\"https:\/\/www.public.sn\/\"},{\"@type\":\"ListItem\",\"position\":2,\"name\":\"Ahmed Khalifa Niasse: \u00ab une \u00e9lection sans Sonko, n\u2019est pas une \u00e9lection \u00bb\"}]},{\"@type\":\"WebSite\",\"@id\":\"https:\/\/www.public.sn\/#website\",\"url\":\"https:\/\/www.public.sn\/\",\"name\":\"LE PUBLIC\",\"description\":\"\",\"publisher\":{\"@id\":\"https:\/\/www.public.sn\/#organization\"},\"potentialAction\":[{\"@type\":\"SearchAction\",\"target\":{\"@type\":\"EntryPoint\",\"urlTemplate\":\"https:\/\/www.public.sn\/?s={search_term_string}\"},\"query-input\":{\"@type\":\"PropertyValueSpecification\",\"valueRequired\":true,\"valueName\":\"search_term_string\"}}],\"inLanguage\":\"fr-FR\"},{\"@type\":\"Organization\",\"@id\":\"https:\/\/www.public.sn\/#organization\",\"name\":\"LE PUBLIC\",\"url\":\"https:\/\/www.public.sn\/\",\"logo\":{\"@type\":\"ImageObject\",\"inLanguage\":\"fr-FR\",\"@id\":\"https:\/\/www.public.sn\/#\/schema\/logo\/image\/\",\"url\":\"https:\/\/www.public.sn\/wp-content\/uploads\/2024\/05\/cropped-LOGO-PUBLIC.SN_.png\",\"contentUrl\":\"https:\/\/www.public.sn\/wp-content\/uploads\/2024\/05\/cropped-LOGO-PUBLIC.SN_.png\",\"width\":682,\"height\":192,\"caption\":\"LE PUBLIC\"},\"image\":{\"@id\":\"https:\/\/www.public.sn\/#\/schema\/logo\/image\/\"}},{\"@type\":\"Person\",\"@id\":\"https:\/\/www.public.sn\/#\/schema\/person\/0cb769602dc17ecb89fd54a2197a221a\",\"name\":\"Man\u00e9 Ba\",\"image\":{\"@type\":\"ImageObject\",\"inLanguage\":\"fr-FR\",\"@id\":\"https:\/\/www.public.sn\/#\/schema\/person\/image\/\",\"url\":\"https:\/\/secure.gravatar.com\/avatar\/b31a37f6b2529b7e9303b5aacf26777a86815e524f04961246da8183f5e2535a?s=96&d=mm&r=g\",\"contentUrl\":\"https:\/\/secure.gravatar.com\/avatar\/b31a37f6b2529b7e9303b5aacf26777a86815e524f04961246da8183f5e2535a?s=96&d=mm&r=g\",\"caption\":\"Man\u00e9 Ba\"},\"url\":\"https:\/\/www.public.sn\/index.php\/author\/bamanesen\/\"}]}<\/script>\n<!-- \/ Yoast SEO plugin. -->","yoast_head_json":{"title":"Ahmed Khalifa Niasse: \u00ab une \u00e9lection sans Sonko, n\u2019est pas une \u00e9lection \u00bb - LE PUBLIC","robots":{"index":"index","follow":"follow","max-snippet":"max-snippet:-1","max-image-preview":"max-image-preview:large","max-video-preview":"max-video-preview:-1"},"canonical":"https:\/\/www.public.sn\/index.php\/2024\/02\/20\/ahmed-khalifa-niasse-une-election-sans-sonko-nest-pas-une-election\/","og_locale":"fr_FR","og_type":"article","og_title":"Ahmed Khalifa Niasse: \u00ab une \u00e9lection sans Sonko, n\u2019est pas une \u00e9lection \u00bb - LE PUBLIC","og_description":"Ahmed Khalifa Niasse, une figure religieuse, a exprim\u00e9 ses vues sur la situation politique actuelle du pays. Il \u00e9tait l&rsquo;invit\u00e9 de la journaliste A\u00efssation Diop Fall dans son \u00e9mission \u00ab\u00a0Public Confession\u00a0\u00bb \u00e0 laine youtube Public_Sn. L&rsquo;invit\u00e9 a mis un accent particulier sur le report de l\u2019\u00e9lection pr\u00e9sidentielle et l\u2019exclusion d\u2019Ousmane Sonko du processus \u00e9lectoral, en raison de ses d\u00e9m\u00eal\u00e9s avec la justice. Ahmed Khalifa Niasse a plaid\u00e9 pour un dialogue national inclusif, soulignant l\u2019importance de la participation de tous les acteurs politiques, et en particulier celle d\u2019Ousmane Sonko, pour la l\u00e9gitimit\u00e9 de l\u2019\u00e9lection pr\u00e9sidentielle. Il exprime que \u201cIl est imp\u00e9ratif que l\u2019ensemble des leaders spirituels, depuis ceux de Kaolack, Touba, Tivaouane, Ndiassane jusqu\u2019\u00e0 M\u00e9dina Gounass, se rassemblent pour convoquer les politiciens de toutes tendances \u00e0 une vaste consultation. Il est crucial de comprendre que si nous nous h\u00e2tons d\u2019organiser une \u00e9lection sans garantir une participation universelle. Je le souligne avec insistance : cela reviendrait \u00e0 organiser une comp\u00e9tition d\u2019athl\u00e9tisme tout en privant le meilleur coureur de sa capacit\u00e9 \u00e0 concourir pleinement, ce qui manquerait fonci\u00e8rement d\u2019\u00e9quit\u00e9.\u201d Concernant les rumeurs d\u2019un dialogue en cours entre Macky Sall et Ousmane Sonko, Ahmed Khalifa Niasse a exprim\u00e9 son scepticisme. Il a r\u00e9v\u00e9l\u00e9 que, \u00ab Ousmane Sonko m\u2019a personnellement consult\u00e9, affirmant clairement que si des rumeurs de discussions avec Macky Sall sans mon implication circulaient, elles devraient \u00eatre consid\u00e9r\u00e9es comme non fond\u00e9es. Car pour toute n\u00e9gociation avec lui, ma pr\u00e9sence est non seulement essentielle mais aussi gage de sa pleine confiance.\u00bb","og_url":"https:\/\/www.public.sn\/index.php\/2024\/02\/20\/ahmed-khalifa-niasse-une-election-sans-sonko-nest-pas-une-election\/","og_site_name":"LE PUBLIC","article_published_time":"2024-02-20T15:05:41+00:00","og_image":[{"width":696,"height":400,"url":"https:\/\/www.public.sn\/wp-content\/uploads\/2024\/02\/FB_IMG_1708441367890.jpg","type":"image\/jpeg"}],"author":"Man\u00e9 Ba","twitter_card":"summary_large_image","twitter_misc":{"\u00c9crit par":"Man\u00e9 Ba","Dur\u00e9e de lecture estim\u00e9e":"2 minutes"},"schema":{"@context":"https:\/\/schema.org","@graph":[{"@type":"Article","@id":"https:\/\/www.public.sn\/index.php\/2024\/02\/20\/ahmed-khalifa-niasse-une-election-sans-sonko-nest-pas-une-election\/#article","isPartOf":{"@id":"https:\/\/www.public.sn\/index.php\/2024\/02\/20\/ahmed-khalifa-niasse-une-election-sans-sonko-nest-pas-une-election\/"},"author":{"name":"Man\u00e9 Ba","@id":"https:\/\/www.public.sn\/#\/schema\/person\/0cb769602dc17ecb89fd54a2197a221a"},"headline":"Ahmed Khalifa Niasse: \u00ab une \u00e9lection sans Sonko, n\u2019est pas une \u00e9lection \u00bb","datePublished":"2024-02-20T15:05:41+00:00","mainEntityOfPage":{"@id":"https:\/\/www.public.sn\/index.php\/2024\/02\/20\/ahmed-khalifa-niasse-une-election-sans-sonko-nest-pas-une-election\/"},"wordCount":286,"commentCount":0,"publisher":{"@id":"https:\/\/www.public.sn\/#organization"},"image":{"@id":"https:\/\/www.public.sn\/index.php\/2024\/02\/20\/ahmed-khalifa-niasse-une-election-sans-sonko-nest-pas-une-election\/#primaryimage"},"thumbnailUrl":"https:\/\/www.public.sn\/wp-content\/uploads\/2024\/02\/FB_IMG_1708441367890.jpg","keywords":["Ahmed khalifa niasse","Dialogue","\u00c9lection","politique","sonko"],"articleSection":["justice","POLITIQUE","PUBLIC TV","S\u00c9N\u00c9GAL","SOCIETE"],"inLanguage":"fr-FR","potentialAction":[{"@type":"CommentAction","name":"Comment","target":["https:\/\/www.public.sn\/index.php\/2024\/02\/20\/ahmed-khalifa-niasse-une-election-sans-sonko-nest-pas-une-election\/#respond"]}]},{"@type":"WebPage","@id":"https:\/\/www.public.sn\/index.php\/2024\/02\/20\/ahmed-khalifa-niasse-une-election-sans-sonko-nest-pas-une-election\/","url":"https:\/\/www.public.sn\/index.php\/2024\/02\/20\/ahmed-khalifa-niasse-une-election-sans-sonko-nest-pas-une-election\/","name":"Ahmed Khalifa Niasse: \u00ab une \u00e9lection sans Sonko, n\u2019est pas une \u00e9lection \u00bb - LE PUBLIC","isPartOf":{"@id":"https:\/\/www.public.sn\/#website"},"primaryImageOfPage":{"@id":"https:\/\/www.public.sn\/index.php\/2024\/02\/20\/ahmed-khalifa-niasse-une-election-sans-sonko-nest-pas-une-election\/#primaryimage"},"image":{"@id":"https:\/\/www.public.sn\/index.php\/2024\/02\/20\/ahmed-khalifa-niasse-une-election-sans-sonko-nest-pas-une-election\/#primaryimage"},"thumbnailUrl":"https:\/\/www.public.sn\/wp-content\/uploads\/2024\/02\/FB_IMG_1708441367890.jpg","datePublished":"2024-02-20T15:05:41+00:00","breadcrumb":{"@id":"https:\/\/www.public.sn\/index.php\/2024\/02\/20\/ahmed-khalifa-niasse-une-election-sans-sonko-nest-pas-une-election\/#breadcrumb"},"inLanguage":"fr-FR","potentialAction":[{"@type":"ReadAction","target":["https:\/\/www.public.sn\/index.php\/2024\/02\/20\/ahmed-khalifa-niasse-une-election-sans-sonko-nest-pas-une-election\/"]}]},{"@type":"ImageObject","inLanguage":"fr-FR","@id":"https:\/\/www.public.sn\/index.php\/2024\/02\/20\/ahmed-khalifa-niasse-une-election-sans-sonko-nest-pas-une-election\/#primaryimage","url":"https:\/\/www.public.sn\/wp-content\/uploads\/2024\/02\/FB_IMG_1708441367890.jpg","contentUrl":"https:\/\/www.public.sn\/wp-content\/uploads\/2024\/02\/FB_IMG_1708441367890.jpg","width":696,"height":400},{"@type":"BreadcrumbList","@id":"https:\/\/www.public.sn\/index.php\/2024\/02\/20\/ahmed-khalifa-niasse-une-election-sans-sonko-nest-pas-une-election\/#breadcrumb","itemListElement":[{"@type":"ListItem","position":1,"name":"Accueil","item":"https:\/\/www.public.sn\/"},{"@type":"ListItem","position":2,"name":"Ahmed Khalifa Niasse: \u00ab une \u00e9lection sans Sonko, n\u2019est pas une \u00e9lection \u00bb"}]},{"@type":"WebSite","@id":"https:\/\/www.public.sn\/#website","url":"https:\/\/www.public.sn\/","name":"LE PUBLIC","description":"","publisher":{"@id":"https:\/\/www.public.sn\/#organization"},"potentialAction":[{"@type":"SearchAction","target":{"@type":"EntryPoint","urlTemplate":"https:\/\/www.public.sn\/?s={search_term_string}"},"query-input":{"@type":"PropertyValueSpecification","valueRequired":true,"valueName":"search_term_string"}}],"inLanguage":"fr-FR"},{"@type":"Organization","@id":"https:\/\/www.public.sn\/#organization","name":"LE PUBLIC","url":"https:\/\/www.public.sn\/","logo":{"@type":"ImageObject","inLanguage":"fr-FR","@id":"https:\/\/www.public.sn\/#\/schema\/logo\/image\/","url":"https:\/\/www.public.sn\/wp-content\/uploads\/2024\/05\/cropped-LOGO-PUBLIC.SN_.png","contentUrl":"https:\/\/www.public.sn\/wp-content\/uploads\/2024\/05\/cropped-LOGO-PUBLIC.SN_.png","width":682,"height":192,"caption":"LE PUBLIC"},"image":{"@id":"https:\/\/www.public.sn\/#\/schema\/logo\/image\/"}},{"@type":"Person","@id":"https:\/\/www.public.sn\/#\/schema\/person\/0cb769602dc17ecb89fd54a2197a221a","name":"Man\u00e9 Ba","image":{"@type":"ImageObject","inLanguage":"fr-FR","@id":"https:\/\/www.public.sn\/#\/schema\/person\/image\/","url":"https:\/\/secure.gravatar.com\/avatar\/b31a37f6b2529b7e9303b5aacf26777a86815e524f04961246da8183f5e2535a?s=96&d=mm&r=g","contentUrl":"https:\/\/secure.gravatar.com\/avatar\/b31a37f6b2529b7e9303b5aacf26777a86815e524f04961246da8183f5e2535a?s=96&d=mm&r=g","caption":"Man\u00e9 Ba"},"url":"https:\/\/www.public.sn\/index.php\/author\/bamanesen\/"}]}},"jetpack_featured_media_url":"https:\/\/www.public.sn\/wp-content\/uploads\/2024\/02\/FB_IMG_1708441367890.jpg","jetpack_sharing_enabled":true,"_links":{"self":[{"href":"https:\/\/www.public.sn\/index.php\/wp-json\/wp\/v2\/posts\/31080","targetHints":{"allow":["GET"]}}],"collection":[{"href":"https:\/\/www.public.sn\/index.php\/wp-json\/wp\/v2\/posts"}],"about":[{"href":"https:\/\/www.public.sn\/index.php\/wp-json\/wp\/v2\/types\/post"}],"author":[{"embeddable":true,"href":"https:\/\/www.public.sn\/index.php\/wp-json\/wp\/v2\/users\/12"}],"replies":[{"embeddable":true,"href":"https:\/\/www.public.sn\/index.php\/wp-json\/wp\/v2\/comments?post=31080"}],"version-history":[{"count":1,"href":"https:\/\/www.public.sn\/index.php\/wp-json\/wp\/v2\/posts\/31080\/revisions"}],"predecessor-version":[{"id":31082,"href":"https:\/\/www.public.sn\/index.php\/wp-json\/wp\/v2\/posts\/31080\/revisions\/31082"}],"wp:featuredmedia":[{"embeddable":true,"href":"https:\/\/www.public.sn\/index.php\/wp-json\/wp\/v2\/media\/31081"}],"wp:attachment":[{"href":"https:\/\/www.public.sn\/index.php\/wp-json\/wp\/v2\/media?parent=31080"}],"wp:term":[{"taxonomy":"category","embeddable":true,"href":"https:\/\/www.public.sn\/index.php\/wp-json\/wp\/v2\/categories?post=31080"},{"taxonomy":"post_tag","embeddable":true,"href":"https:\/\/www.public.sn\/index.php\/wp-json\/wp\/v2\/tags?post=31080"}],"curies":[{"name":"wp","href":"https:\/\/api.w.org\/{rel}","templated":true}]}}