{"id":31095,"date":"2024-02-21T10:40:41","date_gmt":"2024-02-21T10:40:41","guid":{"rendered":"https:\/\/www.public.sn\/?p=31095"},"modified":"2024-02-21T10:40:41","modified_gmt":"2024-02-21T10:40:41","slug":"liberation-de-sonko-et-diomaye-aissata-tall-sall-clos-le-debat","status":"publish","type":"post","link":"https:\/\/www.public.sn\/index.php\/2024\/02\/21\/liberation-de-sonko-et-diomaye-aissata-tall-sall-clos-le-debat\/","title":{"rendered":"LIB\u00c9RATION DE SONKO ET DIOMAYE, A\u00cfSSATA TALL SALL CLOS LE D\u00c9BAT"},"content":{"rendered":"<p>Avec la lib\u00e9ration de d\u00e9tenus not\u00e9e ces jours-ci, d&rsquo;aucuns se demandent si Ousmane Sonko et Bassirou Diomaye Faye en feront partie. Lors de la conf\u00e9rence de presse de la ministre de la Justice, A\u00efssata Tall Sall, explique que l&rsquo;examen des dossiers des prisonniers se fait \u00ab\u00a0cas par cas\u00a0\u00bb. Et qu&rsquo;il revient au juge, apr\u00e8s le d\u00e9p\u00f4t d&rsquo;une demande mise en libert\u00e9 provisoire, d&rsquo;appr\u00e9cier ou au procureur qui avait demand\u00e9 un mandat de d\u00e9p\u00f4t de saisir le juge, s&rsquo;il consid\u00e8re que le d\u00e9tenu pr\u00e9sente des gages suffisants pour \u00eatre lib\u00e9r\u00e9.<\/p><div class=\"publi-paragraphe1\" style=\"margin-top: 10px;margin-bottom: 10px;margin-left: auto;margin-right: auto;text-align: center;\" id=\"publi-77191667\"><div class=\"publi-adlabel\">Publicit\u00e9<\/div><script async src=\"\/\/pagead2.googlesyndication.com\/pagead\/js\/adsbygoogle.js?client=ca-pub-4089586018074219\" crossorigin=\"anonymous\"><\/script><ins class=\"adsbygoogle\" style=\"display:block;\" data-ad-client=\"ca-pub-4089586018074219\" \ndata-ad-slot=\"2087940154\" \ndata-ad-format=\"auto\"><\/ins>\n<script> \n(adsbygoogle = window.adsbygoogle || []).push({}); \n<\/script>\n<\/div>\n<div class=\"publi-apres-le-contenu\" style=\"margin-top: 10px;margin-bottom: 10px;margin-left: auto;margin-right: auto;text-align: center;\" id=\"publi-1894732342\"><div class=\"publi-adlabel\">Publicit\u00e9<\/div><script async src=\"\/\/pagead2.googlesyndication.com\/pagead\/js\/adsbygoogle.js?client=ca-pub-4089586018074219\" crossorigin=\"anonymous\"><\/script><ins class=\"adsbygoogle\" style=\"display:block;\" data-ad-client=\"ca-pub-4089586018074219\" \ndata-ad-slot=\"2087940154\" \ndata-ad-format=\"auto\"><\/ins>\n<script> \n(adsbygoogle = window.adsbygoogle || []).push({}); \n<\/script>\n<\/div>","protected":false},"excerpt":{"rendered":"<p>Avec la lib\u00e9ration de d\u00e9tenus not\u00e9e ces jours-ci, d&rsquo;aucuns se demandent si Ousmane Sonko et Bassirou Diomaye Faye en feront partie. Lors de la conf\u00e9rence de presse de la ministre de la Justice, A\u00efssata Tall Sall, explique que l&rsquo;examen des dossiers des prisonniers se fait \u00ab\u00a0cas par cas\u00a0\u00bb. Et qu&rsquo;il revient au juge, apr\u00e8s le d\u00e9p\u00f4t d&rsquo;une demande mise en libert\u00e9 provisoire, d&rsquo;appr\u00e9cier ou au procureur qui avait demand\u00e9 un mandat de d\u00e9p\u00f4t de saisir le juge, s&rsquo;il consid\u00e8re que le d\u00e9tenu pr\u00e9sente des gages suffisants pour \u00eatre lib\u00e9r\u00e9.<\/p>\n","protected":false},"author":12,"featured_media":31097,"comment_status":"open","ping_status":"open","sticky":false,"template":"","format":"standard","meta":{"_jetpack_memberships_contains_paid_content":false,"footnotes":""},"categories":[375,3724,3,8,1],"tags":[936,5430,2067,130,306],"class_list":["post-31095","post","type-post","status-publish","format-standard","has-post-thumbnail","hentry","category-actualites","category-justice","category-politique","category-public-tv","category-non-classe","tag-aissata-tall-sall","tag-diomaye","tag-liberation","tag-prison","tag-sonko","entry","has-media","owp-thumbs-layout-horizontal","owp-btn-normal","owp-tabs-layout-horizontal","has-no-thumbnails","has-product-nav"],"yoast_head":"<!-- This site is optimized with the Yoast SEO plugin v25.5 - https:\/\/yoast.com\/wordpress\/plugins\/seo\/ -->\n<title>LIB\u00c9RATION DE SONKO ET DIOMAYE, A\u00cfSSATA TALL SALL CLOS LE D\u00c9BAT - LE PUBLIC<\/title>\n<meta name=\"robots\" content=\"index, follow, max-snippet:-1, max-image-preview:large, max-video-preview:-1\" \/>\n<link rel=\"canonical\" href=\"https:\/\/www.public.sn\/index.php\/2024\/02\/21\/liberation-de-sonko-et-diomaye-aissata-tall-sall-clos-le-debat\/\" \/>\n<meta property=\"og:locale\" content=\"fr_FR\" \/>\n<meta property=\"og:type\" content=\"article\" \/>\n<meta property=\"og:title\" content=\"LIB\u00c9RATION DE SONKO ET DIOMAYE, A\u00cfSSATA TALL SALL CLOS LE D\u00c9BAT - LE PUBLIC\" \/>\n<meta property=\"og:description\" content=\"Avec la lib\u00e9ration de d\u00e9tenus not\u00e9e ces jours-ci, d&rsquo;aucuns se demandent si Ousmane Sonko et Bassirou Diomaye Faye en feront partie. Lors de la conf\u00e9rence de presse de la ministre de la Justice, A\u00efssata Tall Sall, explique que l&rsquo;examen des dossiers des prisonniers se fait \u00ab\u00a0cas par cas\u00a0\u00bb. Et qu&rsquo;il revient au juge, apr\u00e8s le d\u00e9p\u00f4t d&rsquo;une demande mise en libert\u00e9 provisoire, d&rsquo;appr\u00e9cier ou au procureur qui avait demand\u00e9 un mandat de d\u00e9p\u00f4t de saisir le juge, s&rsquo;il consid\u00e8re que le d\u00e9tenu pr\u00e9sente des gages suffisants pour \u00eatre lib\u00e9r\u00e9.\" \/>\n<meta property=\"og:url\" content=\"https:\/\/www.public.sn\/index.php\/2024\/02\/21\/liberation-de-sonko-et-diomaye-aissata-tall-sall-clos-le-debat\/\" \/>\n<meta property=\"og:site_name\" content=\"LE PUBLIC\" \/>\n<meta property=\"article:published_time\" content=\"2024-02-21T10:40:41+00:00\" \/>\n<meta property=\"og:image\" content=\"https:\/\/www.public.sn\/wp-content\/uploads\/2024\/02\/Screenshot_20240221-103715_YouTube.jpg\" \/>\n\t<meta property=\"og:image:width\" content=\"718\" \/>\n\t<meta property=\"og:image:height\" content=\"397\" \/>\n\t<meta property=\"og:image:type\" content=\"image\/jpeg\" \/>\n<meta name=\"author\" content=\"Man\u00e9 Ba\" \/>\n<meta name=\"twitter:card\" content=\"summary_large_image\" \/>\n<meta name=\"twitter:label1\" content=\"\u00c9crit par\" \/>\n\t<meta name=\"twitter:data1\" content=\"Man\u00e9 Ba\" \/>\n\t<meta name=\"twitter:label2\" content=\"Dur\u00e9e de lecture estim\u00e9e\" \/>\n\t<meta name=\"twitter:data2\" content=\"1 minute\" \/>\n<script type=\"application\/ld+json\" class=\"yoast-schema-graph\">{\"@context\":\"https:\/\/schema.org\",\"@graph\":[{\"@type\":\"Article\",\"@id\":\"https:\/\/www.public.sn\/index.php\/2024\/02\/21\/liberation-de-sonko-et-diomaye-aissata-tall-sall-clos-le-debat\/#article\",\"isPartOf\":{\"@id\":\"https:\/\/www.public.sn\/index.php\/2024\/02\/21\/liberation-de-sonko-et-diomaye-aissata-tall-sall-clos-le-debat\/\"},\"author\":{\"name\":\"Man\u00e9 Ba\",\"@id\":\"https:\/\/www.public.sn\/#\/schema\/person\/0cb769602dc17ecb89fd54a2197a221a\"},\"headline\":\"LIB\u00c9RATION DE SONKO ET DIOMAYE, A\u00cfSSATA TALL SALL CLOS LE D\u00c9BAT\",\"datePublished\":\"2024-02-21T10:40:41+00:00\",\"mainEntityOfPage\":{\"@id\":\"https:\/\/www.public.sn\/index.php\/2024\/02\/21\/liberation-de-sonko-et-diomaye-aissata-tall-sall-clos-le-debat\/\"},\"wordCount\":118,\"commentCount\":0,\"publisher\":{\"@id\":\"https:\/\/www.public.sn\/#organization\"},\"image\":{\"@id\":\"https:\/\/www.public.sn\/index.php\/2024\/02\/21\/liberation-de-sonko-et-diomaye-aissata-tall-sall-clos-le-debat\/#primaryimage\"},\"thumbnailUrl\":\"https:\/\/www.public.sn\/wp-content\/uploads\/2024\/02\/Screenshot_20240221-103715_YouTube.jpg\",\"keywords\":[\"Aissata Tall Sall\",\"Diomaye\",\"liberation\",\"Prison\",\"sonko\"],\"articleSection\":[\"ACTUALIT\u00c9S\",\"justice\",\"POLITIQUE\",\"PUBLIC TV\",\"S\u00c9N\u00c9GAL\"],\"inLanguage\":\"fr-FR\",\"potentialAction\":[{\"@type\":\"CommentAction\",\"name\":\"Comment\",\"target\":[\"https:\/\/www.public.sn\/index.php\/2024\/02\/21\/liberation-de-sonko-et-diomaye-aissata-tall-sall-clos-le-debat\/#respond\"]}]},{\"@type\":\"WebPage\",\"@id\":\"https:\/\/www.public.sn\/index.php\/2024\/02\/21\/liberation-de-sonko-et-diomaye-aissata-tall-sall-clos-le-debat\/\",\"url\":\"https:\/\/www.public.sn\/index.php\/2024\/02\/21\/liberation-de-sonko-et-diomaye-aissata-tall-sall-clos-le-debat\/\",\"name\":\"LIB\u00c9RATION DE SONKO ET DIOMAYE, A\u00cfSSATA TALL SALL CLOS LE D\u00c9BAT - LE PUBLIC\",\"isPartOf\":{\"@id\":\"https:\/\/www.public.sn\/#website\"},\"primaryImageOfPage\":{\"@id\":\"https:\/\/www.public.sn\/index.php\/2024\/02\/21\/liberation-de-sonko-et-diomaye-aissata-tall-sall-clos-le-debat\/#primaryimage\"},\"image\":{\"@id\":\"https:\/\/www.public.sn\/index.php\/2024\/02\/21\/liberation-de-sonko-et-diomaye-aissata-tall-sall-clos-le-debat\/#primaryimage\"},\"thumbnailUrl\":\"https:\/\/www.public.sn\/wp-content\/uploads\/2024\/02\/Screenshot_20240221-103715_YouTube.jpg\",\"datePublished\":\"2024-02-21T10:40:41+00:00\",\"breadcrumb\":{\"@id\":\"https:\/\/www.public.sn\/index.php\/2024\/02\/21\/liberation-de-sonko-et-diomaye-aissata-tall-sall-clos-le-debat\/#breadcrumb\"},\"inLanguage\":\"fr-FR\",\"potentialAction\":[{\"@type\":\"ReadAction\",\"target\":[\"https:\/\/www.public.sn\/index.php\/2024\/02\/21\/liberation-de-sonko-et-diomaye-aissata-tall-sall-clos-le-debat\/\"]}]},{\"@type\":\"ImageObject\",\"inLanguage\":\"fr-FR\",\"@id\":\"https:\/\/www.public.sn\/index.php\/2024\/02\/21\/liberation-de-sonko-et-diomaye-aissata-tall-sall-clos-le-debat\/#primaryimage\",\"url\":\"https:\/\/www.public.sn\/wp-content\/uploads\/2024\/02\/Screenshot_20240221-103715_YouTube.jpg\",\"contentUrl\":\"https:\/\/www.public.sn\/wp-content\/uploads\/2024\/02\/Screenshot_20240221-103715_YouTube.jpg\",\"width\":718,\"height\":397},{\"@type\":\"BreadcrumbList\",\"@id\":\"https:\/\/www.public.sn\/index.php\/2024\/02\/21\/liberation-de-sonko-et-diomaye-aissata-tall-sall-clos-le-debat\/#breadcrumb\",\"itemListElement\":[{\"@type\":\"ListItem\",\"position\":1,\"name\":\"Accueil\",\"item\":\"https:\/\/www.public.sn\/\"},{\"@type\":\"ListItem\",\"position\":2,\"name\":\"LIB\u00c9RATION DE SONKO ET DIOMAYE, A\u00cfSSATA TALL SALL CLOS LE D\u00c9BAT\"}]},{\"@type\":\"WebSite\",\"@id\":\"https:\/\/www.public.sn\/#website\",\"url\":\"https:\/\/www.public.sn\/\",\"name\":\"LE PUBLIC\",\"description\":\"\",\"publisher\":{\"@id\":\"https:\/\/www.public.sn\/#organization\"},\"potentialAction\":[{\"@type\":\"SearchAction\",\"target\":{\"@type\":\"EntryPoint\",\"urlTemplate\":\"https:\/\/www.public.sn\/?s={search_term_string}\"},\"query-input\":{\"@type\":\"PropertyValueSpecification\",\"valueRequired\":true,\"valueName\":\"search_term_string\"}}],\"inLanguage\":\"fr-FR\"},{\"@type\":\"Organization\",\"@id\":\"https:\/\/www.public.sn\/#organization\",\"name\":\"LE PUBLIC\",\"url\":\"https:\/\/www.public.sn\/\",\"logo\":{\"@type\":\"ImageObject\",\"inLanguage\":\"fr-FR\",\"@id\":\"https:\/\/www.public.sn\/#\/schema\/logo\/image\/\",\"url\":\"https:\/\/www.public.sn\/wp-content\/uploads\/2024\/05\/cropped-LOGO-PUBLIC.SN_.png\",\"contentUrl\":\"https:\/\/www.public.sn\/wp-content\/uploads\/2024\/05\/cropped-LOGO-PUBLIC.SN_.png\",\"width\":682,\"height\":192,\"caption\":\"LE PUBLIC\"},\"image\":{\"@id\":\"https:\/\/www.public.sn\/#\/schema\/logo\/image\/\"}},{\"@type\":\"Person\",\"@id\":\"https:\/\/www.public.sn\/#\/schema\/person\/0cb769602dc17ecb89fd54a2197a221a\",\"name\":\"Man\u00e9 Ba\",\"image\":{\"@type\":\"ImageObject\",\"inLanguage\":\"fr-FR\",\"@id\":\"https:\/\/www.public.sn\/#\/schema\/person\/image\/\",\"url\":\"https:\/\/secure.gravatar.com\/avatar\/b31a37f6b2529b7e9303b5aacf26777a86815e524f04961246da8183f5e2535a?s=96&d=mm&r=g\",\"contentUrl\":\"https:\/\/secure.gravatar.com\/avatar\/b31a37f6b2529b7e9303b5aacf26777a86815e524f04961246da8183f5e2535a?s=96&d=mm&r=g\",\"caption\":\"Man\u00e9 Ba\"},\"url\":\"https:\/\/www.public.sn\/index.php\/author\/bamanesen\/\"}]}<\/script>\n<!-- \/ Yoast SEO plugin. -->","yoast_head_json":{"title":"LIB\u00c9RATION DE SONKO ET DIOMAYE, A\u00cfSSATA TALL SALL CLOS LE D\u00c9BAT - LE PUBLIC","robots":{"index":"index","follow":"follow","max-snippet":"max-snippet:-1","max-image-preview":"max-image-preview:large","max-video-preview":"max-video-preview:-1"},"canonical":"https:\/\/www.public.sn\/index.php\/2024\/02\/21\/liberation-de-sonko-et-diomaye-aissata-tall-sall-clos-le-debat\/","og_locale":"fr_FR","og_type":"article","og_title":"LIB\u00c9RATION DE SONKO ET DIOMAYE, A\u00cfSSATA TALL SALL CLOS LE D\u00c9BAT - LE PUBLIC","og_description":"Avec la lib\u00e9ration de d\u00e9tenus not\u00e9e ces jours-ci, d&rsquo;aucuns se demandent si Ousmane Sonko et Bassirou Diomaye Faye en feront partie. Lors de la conf\u00e9rence de presse de la ministre de la Justice, A\u00efssata Tall Sall, explique que l&rsquo;examen des dossiers des prisonniers se fait \u00ab\u00a0cas par cas\u00a0\u00bb. Et qu&rsquo;il revient au juge, apr\u00e8s le d\u00e9p\u00f4t d&rsquo;une demande mise en libert\u00e9 provisoire, d&rsquo;appr\u00e9cier ou au procureur qui avait demand\u00e9 un mandat de d\u00e9p\u00f4t de saisir le juge, s&rsquo;il consid\u00e8re que le d\u00e9tenu pr\u00e9sente des gages suffisants pour \u00eatre lib\u00e9r\u00e9.","og_url":"https:\/\/www.public.sn\/index.php\/2024\/02\/21\/liberation-de-sonko-et-diomaye-aissata-tall-sall-clos-le-debat\/","og_site_name":"LE PUBLIC","article_published_time":"2024-02-21T10:40:41+00:00","og_image":[{"width":718,"height":397,"url":"https:\/\/www.public.sn\/wp-content\/uploads\/2024\/02\/Screenshot_20240221-103715_YouTube.jpg","type":"image\/jpeg"}],"author":"Man\u00e9 Ba","twitter_card":"summary_large_image","twitter_misc":{"\u00c9crit par":"Man\u00e9 Ba","Dur\u00e9e de lecture estim\u00e9e":"1 minute"},"schema":{"@context":"https:\/\/schema.org","@graph":[{"@type":"Article","@id":"https:\/\/www.public.sn\/index.php\/2024\/02\/21\/liberation-de-sonko-et-diomaye-aissata-tall-sall-clos-le-debat\/#article","isPartOf":{"@id":"https:\/\/www.public.sn\/index.php\/2024\/02\/21\/liberation-de-sonko-et-diomaye-aissata-tall-sall-clos-le-debat\/"},"author":{"name":"Man\u00e9 Ba","@id":"https:\/\/www.public.sn\/#\/schema\/person\/0cb769602dc17ecb89fd54a2197a221a"},"headline":"LIB\u00c9RATION DE SONKO ET DIOMAYE, A\u00cfSSATA TALL SALL CLOS LE D\u00c9BAT","datePublished":"2024-02-21T10:40:41+00:00","mainEntityOfPage":{"@id":"https:\/\/www.public.sn\/index.php\/2024\/02\/21\/liberation-de-sonko-et-diomaye-aissata-tall-sall-clos-le-debat\/"},"wordCount":118,"commentCount":0,"publisher":{"@id":"https:\/\/www.public.sn\/#organization"},"image":{"@id":"https:\/\/www.public.sn\/index.php\/2024\/02\/21\/liberation-de-sonko-et-diomaye-aissata-tall-sall-clos-le-debat\/#primaryimage"},"thumbnailUrl":"https:\/\/www.public.sn\/wp-content\/uploads\/2024\/02\/Screenshot_20240221-103715_YouTube.jpg","keywords":["Aissata Tall Sall","Diomaye","liberation","Prison","sonko"],"articleSection":["ACTUALIT\u00c9S","justice","POLITIQUE","PUBLIC TV","S\u00c9N\u00c9GAL"],"inLanguage":"fr-FR","potentialAction":[{"@type":"CommentAction","name":"Comment","target":["https:\/\/www.public.sn\/index.php\/2024\/02\/21\/liberation-de-sonko-et-diomaye-aissata-tall-sall-clos-le-debat\/#respond"]}]},{"@type":"WebPage","@id":"https:\/\/www.public.sn\/index.php\/2024\/02\/21\/liberation-de-sonko-et-diomaye-aissata-tall-sall-clos-le-debat\/","url":"https:\/\/www.public.sn\/index.php\/2024\/02\/21\/liberation-de-sonko-et-diomaye-aissata-tall-sall-clos-le-debat\/","name":"LIB\u00c9RATION DE SONKO ET DIOMAYE, A\u00cfSSATA TALL SALL CLOS LE D\u00c9BAT - LE PUBLIC","isPartOf":{"@id":"https:\/\/www.public.sn\/#website"},"primaryImageOfPage":{"@id":"https:\/\/www.public.sn\/index.php\/2024\/02\/21\/liberation-de-sonko-et-diomaye-aissata-tall-sall-clos-le-debat\/#primaryimage"},"image":{"@id":"https:\/\/www.public.sn\/index.php\/2024\/02\/21\/liberation-de-sonko-et-diomaye-aissata-tall-sall-clos-le-debat\/#primaryimage"},"thumbnailUrl":"https:\/\/www.public.sn\/wp-content\/uploads\/2024\/02\/Screenshot_20240221-103715_YouTube.jpg","datePublished":"2024-02-21T10:40:41+00:00","breadcrumb":{"@id":"https:\/\/www.public.sn\/index.php\/2024\/02\/21\/liberation-de-sonko-et-diomaye-aissata-tall-sall-clos-le-debat\/#breadcrumb"},"inLanguage":"fr-FR","potentialAction":[{"@type":"ReadAction","target":["https:\/\/www.public.sn\/index.php\/2024\/02\/21\/liberation-de-sonko-et-diomaye-aissata-tall-sall-clos-le-debat\/"]}]},{"@type":"ImageObject","inLanguage":"fr-FR","@id":"https:\/\/www.public.sn\/index.php\/2024\/02\/21\/liberation-de-sonko-et-diomaye-aissata-tall-sall-clos-le-debat\/#primaryimage","url":"https:\/\/www.public.sn\/wp-content\/uploads\/2024\/02\/Screenshot_20240221-103715_YouTube.jpg","contentUrl":"https:\/\/www.public.sn\/wp-content\/uploads\/2024\/02\/Screenshot_20240221-103715_YouTube.jpg","width":718,"height":397},{"@type":"BreadcrumbList","@id":"https:\/\/www.public.sn\/index.php\/2024\/02\/21\/liberation-de-sonko-et-diomaye-aissata-tall-sall-clos-le-debat\/#breadcrumb","itemListElement":[{"@type":"ListItem","position":1,"name":"Accueil","item":"https:\/\/www.public.sn\/"},{"@type":"ListItem","position":2,"name":"LIB\u00c9RATION DE SONKO ET DIOMAYE, A\u00cfSSATA TALL SALL CLOS LE D\u00c9BAT"}]},{"@type":"WebSite","@id":"https:\/\/www.public.sn\/#website","url":"https:\/\/www.public.sn\/","name":"LE PUBLIC","description":"","publisher":{"@id":"https:\/\/www.public.sn\/#organization"},"potentialAction":[{"@type":"SearchAction","target":{"@type":"EntryPoint","urlTemplate":"https:\/\/www.public.sn\/?s={search_term_string}"},"query-input":{"@type":"PropertyValueSpecification","valueRequired":true,"valueName":"search_term_string"}}],"inLanguage":"fr-FR"},{"@type":"Organization","@id":"https:\/\/www.public.sn\/#organization","name":"LE PUBLIC","url":"https:\/\/www.public.sn\/","logo":{"@type":"ImageObject","inLanguage":"fr-FR","@id":"https:\/\/www.public.sn\/#\/schema\/logo\/image\/","url":"https:\/\/www.public.sn\/wp-content\/uploads\/2024\/05\/cropped-LOGO-PUBLIC.SN_.png","contentUrl":"https:\/\/www.public.sn\/wp-content\/uploads\/2024\/05\/cropped-LOGO-PUBLIC.SN_.png","width":682,"height":192,"caption":"LE PUBLIC"},"image":{"@id":"https:\/\/www.public.sn\/#\/schema\/logo\/image\/"}},{"@type":"Person","@id":"https:\/\/www.public.sn\/#\/schema\/person\/0cb769602dc17ecb89fd54a2197a221a","name":"Man\u00e9 Ba","image":{"@type":"ImageObject","inLanguage":"fr-FR","@id":"https:\/\/www.public.sn\/#\/schema\/person\/image\/","url":"https:\/\/secure.gravatar.com\/avatar\/b31a37f6b2529b7e9303b5aacf26777a86815e524f04961246da8183f5e2535a?s=96&d=mm&r=g","contentUrl":"https:\/\/secure.gravatar.com\/avatar\/b31a37f6b2529b7e9303b5aacf26777a86815e524f04961246da8183f5e2535a?s=96&d=mm&r=g","caption":"Man\u00e9 Ba"},"url":"https:\/\/www.public.sn\/index.php\/author\/bamanesen\/"}]}},"jetpack_featured_media_url":"https:\/\/www.public.sn\/wp-content\/uploads\/2024\/02\/Screenshot_20240221-103715_YouTube.jpg","jetpack_sharing_enabled":true,"_links":{"self":[{"href":"https:\/\/www.public.sn\/index.php\/wp-json\/wp\/v2\/posts\/31095","targetHints":{"allow":["GET"]}}],"collection":[{"href":"https:\/\/www.public.sn\/index.php\/wp-json\/wp\/v2\/posts"}],"about":[{"href":"https:\/\/www.public.sn\/index.php\/wp-json\/wp\/v2\/types\/post"}],"author":[{"embeddable":true,"href":"https:\/\/www.public.sn\/index.php\/wp-json\/wp\/v2\/users\/12"}],"replies":[{"embeddable":true,"href":"https:\/\/www.public.sn\/index.php\/wp-json\/wp\/v2\/comments?post=31095"}],"version-history":[{"count":2,"href":"https:\/\/www.public.sn\/index.php\/wp-json\/wp\/v2\/posts\/31095\/revisions"}],"predecessor-version":[{"id":31098,"href":"https:\/\/www.public.sn\/index.php\/wp-json\/wp\/v2\/posts\/31095\/revisions\/31098"}],"wp:featuredmedia":[{"embeddable":true,"href":"https:\/\/www.public.sn\/index.php\/wp-json\/wp\/v2\/media\/31097"}],"wp:attachment":[{"href":"https:\/\/www.public.sn\/index.php\/wp-json\/wp\/v2\/media?parent=31095"}],"wp:term":[{"taxonomy":"category","embeddable":true,"href":"https:\/\/www.public.sn\/index.php\/wp-json\/wp\/v2\/categories?post=31095"},{"taxonomy":"post_tag","embeddable":true,"href":"https:\/\/www.public.sn\/index.php\/wp-json\/wp\/v2\/tags?post=31095"}],"curies":[{"name":"wp","href":"https:\/\/api.w.org\/{rel}","templated":true}]}}