{"id":31124,"date":"2024-02-22T13:06:05","date_gmt":"2024-02-22T13:06:05","guid":{"rendered":"https:\/\/www.public.sn\/?p=31124"},"modified":"2024-02-22T13:06:05","modified_gmt":"2024-02-22T13:06:05","slug":"elections-presidentielles-demission-avant-la-fin-de-son-mandat-nathalie-yamb-explique","status":"publish","type":"post","link":"https:\/\/www.public.sn\/index.php\/2024\/02\/22\/elections-presidentielles-demission-avant-la-fin-de-son-mandat-nathalie-yamb-explique\/","title":{"rendered":"Elections Pr\u00e9sidentielles: d\u00e9mission avant la fin de son mandat, Nathalie Yamb explique"},"content":{"rendered":"<p>Dans un post sur son compte X, Nathalie Yamb donne son avis sur la situation politique du S\u00e9n\u00e9gal. Selon l&rsquo;ancienne journaliste: Macky Sall ne va pas organiser d\u2019\u00e9lections avant le 2 avril.<\/p><div class=\"publi-paragraphe1\" style=\"margin-top: 10px;margin-bottom: 10px;margin-left: auto;margin-right: auto;text-align: center;\" id=\"publi-284511236\"><div class=\"publi-adlabel\">Publicit\u00e9<\/div><script async src=\"\/\/pagead2.googlesyndication.com\/pagead\/js\/adsbygoogle.js?client=ca-pub-4089586018074219\" crossorigin=\"anonymous\"><\/script><ins class=\"adsbygoogle\" style=\"display:block;\" data-ad-client=\"ca-pub-4089586018074219\" \ndata-ad-slot=\"2087940154\" \ndata-ad-format=\"auto\"><\/ins>\n<script> \n(adsbygoogle = window.adsbygoogle || []).push({}); \n<\/script>\n<\/div>\n<p>&nbsp;<\/p>\n<p>La militante politique explique: \u00ab\u00a0Apr\u00e8s avoir fait semblant d\u2019accepter la d\u00e9cision du conseil constitutionnel pour faire retomber la pression interne et externe, il va perdre du temps en organisant un \u201cdialogue\u201d que personne ne lui a demand\u00e9, puis il va d\u00e9missionner juste avant la date fatidique de la fin de son mandat.<\/p>\n<p>&nbsp;<\/p>\n<p>Conform\u00e9ment \u00e0 l\u2019article 31 de la constitution, le pr\u00e9sident de l\u2019assembl\u00e9e nationale aura alors jusqu\u2019\u00e0 90 jours pour organiser de nouvelles \u00e9lections; le but n\u2019\u00e9tant pas seulement de gratter 3 mois suppl\u00e9mentaires, mais surtout de reprendre compl\u00e8tement le processus \u00e9lectoral \u00e0 z\u00e9ro, de r\u00e9ouvrir les candidatures et donc de permettre \u00e0 Karim Wade d\u2019\u00eatre candidat.<\/p>\n<p>&nbsp;<\/p>\n<p>Et voil\u00e0, le tour est jou\u00e9! N\u2019oubliez jamais que c\u2019est cela, la mission qui a \u00e9t\u00e9 assign\u00e9e aux laquais fran\u00e7africains du S\u00e9n\u00e9gal.<\/p>\n<p>&nbsp;<\/p>\n<div class=\"publi-apres-le-contenu\" style=\"margin-top: 10px;margin-bottom: 10px;margin-left: auto;margin-right: auto;text-align: center;\" id=\"publi-3738576912\"><div class=\"publi-adlabel\">Publicit\u00e9<\/div><script async src=\"\/\/pagead2.googlesyndication.com\/pagead\/js\/adsbygoogle.js?client=ca-pub-4089586018074219\" crossorigin=\"anonymous\"><\/script><ins class=\"adsbygoogle\" style=\"display:block;\" data-ad-client=\"ca-pub-4089586018074219\" \ndata-ad-slot=\"2087940154\" \ndata-ad-format=\"auto\"><\/ins>\n<script> \n(adsbygoogle = window.adsbygoogle || []).push({}); \n<\/script>\n<\/div>","protected":false},"excerpt":{"rendered":"<p>Dans un post sur son compte X, Nathalie Yamb donne son avis sur la situation politique du S\u00e9n\u00e9gal. Selon l&rsquo;ancienne journaliste: Macky Sall ne va pas organiser d\u2019\u00e9lections avant le 2 avril. &nbsp; La militante politique explique: \u00ab\u00a0Apr\u00e8s avoir fait semblant d\u2019accepter la d\u00e9cision du conseil constitutionnel pour faire retomber la pression interne et externe, il va perdre du temps en organisant un \u201cdialogue\u201d que personne ne lui a demand\u00e9, puis il va d\u00e9missionner juste avant la date fatidique de la fin de son mandat. &nbsp; Conform\u00e9ment \u00e0 l\u2019article 31 de la constitution, le pr\u00e9sident de l\u2019assembl\u00e9e nationale aura alors jusqu\u2019\u00e0 90 jours pour organiser de nouvelles \u00e9lections; le but n\u2019\u00e9tant pas seulement de gratter 3 mois suppl\u00e9mentaires, mais surtout de reprendre compl\u00e8tement le processus \u00e9lectoral \u00e0 z\u00e9ro, de r\u00e9ouvrir les candidatures et donc de permettre \u00e0 Karim Wade d\u2019\u00eatre candidat. &nbsp; Et voil\u00e0, le tour est jou\u00e9! N\u2019oubliez jamais que c\u2019est cela, la mission qui a \u00e9t\u00e9 assign\u00e9e aux laquais fran\u00e7africains du S\u00e9n\u00e9gal. &nbsp;<\/p>\n","protected":false},"author":12,"featured_media":31128,"comment_status":"open","ping_status":"open","sticky":false,"template":"","format":"standard","meta":{"_jetpack_memberships_contains_paid_content":false,"footnotes":""},"categories":[375,3,1],"tags":[1132,5432,11,1563],"class_list":["post-31124","post","type-post","status-publish","format-standard","has-post-thumbnail","hentry","category-actualites","category-politique","category-non-classe","tag-demission","tag-elections","tag-macky-sall","tag-nathalie-yamb","entry","has-media","owp-thumbs-layout-horizontal","owp-btn-normal","owp-tabs-layout-horizontal","has-no-thumbnails","has-product-nav"],"yoast_head":"<!-- This site is optimized with the Yoast SEO plugin v25.5 - https:\/\/yoast.com\/wordpress\/plugins\/seo\/ -->\n<title>Elections Pr\u00e9sidentielles: d\u00e9mission avant la fin de son mandat, Nathalie Yamb explique - LE PUBLIC<\/title>\n<meta name=\"robots\" content=\"index, follow, max-snippet:-1, max-image-preview:large, max-video-preview:-1\" \/>\n<link rel=\"canonical\" href=\"https:\/\/www.public.sn\/index.php\/2024\/02\/22\/elections-presidentielles-demission-avant-la-fin-de-son-mandat-nathalie-yamb-explique\/\" \/>\n<meta property=\"og:locale\" content=\"fr_FR\" \/>\n<meta property=\"og:type\" content=\"article\" \/>\n<meta property=\"og:title\" content=\"Elections Pr\u00e9sidentielles: d\u00e9mission avant la fin de son mandat, Nathalie Yamb explique - LE PUBLIC\" \/>\n<meta property=\"og:description\" content=\"Dans un post sur son compte X, Nathalie Yamb donne son avis sur la situation politique du S\u00e9n\u00e9gal. Selon l&rsquo;ancienne journaliste: Macky Sall ne va pas organiser d\u2019\u00e9lections avant le 2 avril. &nbsp; La militante politique explique: \u00ab\u00a0Apr\u00e8s avoir fait semblant d\u2019accepter la d\u00e9cision du conseil constitutionnel pour faire retomber la pression interne et externe, il va perdre du temps en organisant un \u201cdialogue\u201d que personne ne lui a demand\u00e9, puis il va d\u00e9missionner juste avant la date fatidique de la fin de son mandat. &nbsp; Conform\u00e9ment \u00e0 l\u2019article 31 de la constitution, le pr\u00e9sident de l\u2019assembl\u00e9e nationale aura alors jusqu\u2019\u00e0 90 jours pour organiser de nouvelles \u00e9lections; le but n\u2019\u00e9tant pas seulement de gratter 3 mois suppl\u00e9mentaires, mais surtout de reprendre compl\u00e8tement le processus \u00e9lectoral \u00e0 z\u00e9ro, de r\u00e9ouvrir les candidatures et donc de permettre \u00e0 Karim Wade d\u2019\u00eatre candidat. &nbsp; Et voil\u00e0, le tour est jou\u00e9! N\u2019oubliez jamais que c\u2019est cela, la mission qui a \u00e9t\u00e9 assign\u00e9e aux laquais fran\u00e7africains du S\u00e9n\u00e9gal. &nbsp;\" \/>\n<meta property=\"og:url\" content=\"https:\/\/www.public.sn\/index.php\/2024\/02\/22\/elections-presidentielles-demission-avant-la-fin-de-son-mandat-nathalie-yamb-explique\/\" \/>\n<meta property=\"og:site_name\" content=\"LE PUBLIC\" \/>\n<meta property=\"article:published_time\" content=\"2024-02-22T13:06:05+00:00\" \/>\n<meta property=\"og:image\" content=\"https:\/\/www.public.sn\/wp-content\/uploads\/2024\/02\/8fe8dc_b533de5e5cab43009fbae900460ae96emv2.jpg\" \/>\n\t<meta property=\"og:image:width\" content=\"320\" \/>\n\t<meta property=\"og:image:height\" content=\"240\" \/>\n\t<meta property=\"og:image:type\" content=\"image\/jpeg\" \/>\n<meta name=\"author\" content=\"Man\u00e9 Ba\" \/>\n<meta name=\"twitter:card\" content=\"summary_large_image\" \/>\n<meta name=\"twitter:label1\" content=\"\u00c9crit par\" \/>\n\t<meta name=\"twitter:data1\" content=\"Man\u00e9 Ba\" \/>\n\t<meta name=\"twitter:label2\" content=\"Dur\u00e9e de lecture estim\u00e9e\" \/>\n\t<meta name=\"twitter:data2\" content=\"2 minutes\" \/>\n<script type=\"application\/ld+json\" class=\"yoast-schema-graph\">{\"@context\":\"https:\/\/schema.org\",\"@graph\":[{\"@type\":\"Article\",\"@id\":\"https:\/\/www.public.sn\/index.php\/2024\/02\/22\/elections-presidentielles-demission-avant-la-fin-de-son-mandat-nathalie-yamb-explique\/#article\",\"isPartOf\":{\"@id\":\"https:\/\/www.public.sn\/index.php\/2024\/02\/22\/elections-presidentielles-demission-avant-la-fin-de-son-mandat-nathalie-yamb-explique\/\"},\"author\":{\"name\":\"Man\u00e9 Ba\",\"@id\":\"https:\/\/www.public.sn\/#\/schema\/person\/0cb769602dc17ecb89fd54a2197a221a\"},\"headline\":\"Elections Pr\u00e9sidentielles: d\u00e9mission avant la fin de son mandat, Nathalie Yamb explique\",\"datePublished\":\"2024-02-22T13:06:05+00:00\",\"mainEntityOfPage\":{\"@id\":\"https:\/\/www.public.sn\/index.php\/2024\/02\/22\/elections-presidentielles-demission-avant-la-fin-de-son-mandat-nathalie-yamb-explique\/\"},\"wordCount\":196,\"commentCount\":0,\"publisher\":{\"@id\":\"https:\/\/www.public.sn\/#organization\"},\"image\":{\"@id\":\"https:\/\/www.public.sn\/index.php\/2024\/02\/22\/elections-presidentielles-demission-avant-la-fin-de-son-mandat-nathalie-yamb-explique\/#primaryimage\"},\"thumbnailUrl\":\"https:\/\/www.public.sn\/wp-content\/uploads\/2024\/02\/8fe8dc_b533de5e5cab43009fbae900460ae96emv2.jpg\",\"keywords\":[\"Demission\",\"\u00e9lections\",\"Macky Sall\",\"Nathalie Yamb\"],\"articleSection\":[\"ACTUALIT\u00c9S\",\"POLITIQUE\",\"S\u00c9N\u00c9GAL\"],\"inLanguage\":\"fr-FR\",\"potentialAction\":[{\"@type\":\"CommentAction\",\"name\":\"Comment\",\"target\":[\"https:\/\/www.public.sn\/index.php\/2024\/02\/22\/elections-presidentielles-demission-avant-la-fin-de-son-mandat-nathalie-yamb-explique\/#respond\"]}]},{\"@type\":\"WebPage\",\"@id\":\"https:\/\/www.public.sn\/index.php\/2024\/02\/22\/elections-presidentielles-demission-avant-la-fin-de-son-mandat-nathalie-yamb-explique\/\",\"url\":\"https:\/\/www.public.sn\/index.php\/2024\/02\/22\/elections-presidentielles-demission-avant-la-fin-de-son-mandat-nathalie-yamb-explique\/\",\"name\":\"Elections Pr\u00e9sidentielles: d\u00e9mission avant la fin de son mandat, Nathalie Yamb explique - LE PUBLIC\",\"isPartOf\":{\"@id\":\"https:\/\/www.public.sn\/#website\"},\"primaryImageOfPage\":{\"@id\":\"https:\/\/www.public.sn\/index.php\/2024\/02\/22\/elections-presidentielles-demission-avant-la-fin-de-son-mandat-nathalie-yamb-explique\/#primaryimage\"},\"image\":{\"@id\":\"https:\/\/www.public.sn\/index.php\/2024\/02\/22\/elections-presidentielles-demission-avant-la-fin-de-son-mandat-nathalie-yamb-explique\/#primaryimage\"},\"thumbnailUrl\":\"https:\/\/www.public.sn\/wp-content\/uploads\/2024\/02\/8fe8dc_b533de5e5cab43009fbae900460ae96emv2.jpg\",\"datePublished\":\"2024-02-22T13:06:05+00:00\",\"breadcrumb\":{\"@id\":\"https:\/\/www.public.sn\/index.php\/2024\/02\/22\/elections-presidentielles-demission-avant-la-fin-de-son-mandat-nathalie-yamb-explique\/#breadcrumb\"},\"inLanguage\":\"fr-FR\",\"potentialAction\":[{\"@type\":\"ReadAction\",\"target\":[\"https:\/\/www.public.sn\/index.php\/2024\/02\/22\/elections-presidentielles-demission-avant-la-fin-de-son-mandat-nathalie-yamb-explique\/\"]}]},{\"@type\":\"ImageObject\",\"inLanguage\":\"fr-FR\",\"@id\":\"https:\/\/www.public.sn\/index.php\/2024\/02\/22\/elections-presidentielles-demission-avant-la-fin-de-son-mandat-nathalie-yamb-explique\/#primaryimage\",\"url\":\"https:\/\/www.public.sn\/wp-content\/uploads\/2024\/02\/8fe8dc_b533de5e5cab43009fbae900460ae96emv2.jpg\",\"contentUrl\":\"https:\/\/www.public.sn\/wp-content\/uploads\/2024\/02\/8fe8dc_b533de5e5cab43009fbae900460ae96emv2.jpg\",\"width\":320,\"height\":240},{\"@type\":\"BreadcrumbList\",\"@id\":\"https:\/\/www.public.sn\/index.php\/2024\/02\/22\/elections-presidentielles-demission-avant-la-fin-de-son-mandat-nathalie-yamb-explique\/#breadcrumb\",\"itemListElement\":[{\"@type\":\"ListItem\",\"position\":1,\"name\":\"Accueil\",\"item\":\"https:\/\/www.public.sn\/\"},{\"@type\":\"ListItem\",\"position\":2,\"name\":\"Elections Pr\u00e9sidentielles: d\u00e9mission avant la fin de son mandat, Nathalie Yamb explique\"}]},{\"@type\":\"WebSite\",\"@id\":\"https:\/\/www.public.sn\/#website\",\"url\":\"https:\/\/www.public.sn\/\",\"name\":\"LE PUBLIC\",\"description\":\"\",\"publisher\":{\"@id\":\"https:\/\/www.public.sn\/#organization\"},\"potentialAction\":[{\"@type\":\"SearchAction\",\"target\":{\"@type\":\"EntryPoint\",\"urlTemplate\":\"https:\/\/www.public.sn\/?s={search_term_string}\"},\"query-input\":{\"@type\":\"PropertyValueSpecification\",\"valueRequired\":true,\"valueName\":\"search_term_string\"}}],\"inLanguage\":\"fr-FR\"},{\"@type\":\"Organization\",\"@id\":\"https:\/\/www.public.sn\/#organization\",\"name\":\"LE PUBLIC\",\"url\":\"https:\/\/www.public.sn\/\",\"logo\":{\"@type\":\"ImageObject\",\"inLanguage\":\"fr-FR\",\"@id\":\"https:\/\/www.public.sn\/#\/schema\/logo\/image\/\",\"url\":\"https:\/\/www.public.sn\/wp-content\/uploads\/2024\/05\/cropped-LOGO-PUBLIC.SN_.png\",\"contentUrl\":\"https:\/\/www.public.sn\/wp-content\/uploads\/2024\/05\/cropped-LOGO-PUBLIC.SN_.png\",\"width\":682,\"height\":192,\"caption\":\"LE PUBLIC\"},\"image\":{\"@id\":\"https:\/\/www.public.sn\/#\/schema\/logo\/image\/\"}},{\"@type\":\"Person\",\"@id\":\"https:\/\/www.public.sn\/#\/schema\/person\/0cb769602dc17ecb89fd54a2197a221a\",\"name\":\"Man\u00e9 Ba\",\"image\":{\"@type\":\"ImageObject\",\"inLanguage\":\"fr-FR\",\"@id\":\"https:\/\/www.public.sn\/#\/schema\/person\/image\/\",\"url\":\"https:\/\/secure.gravatar.com\/avatar\/b31a37f6b2529b7e9303b5aacf26777a86815e524f04961246da8183f5e2535a?s=96&d=mm&r=g\",\"contentUrl\":\"https:\/\/secure.gravatar.com\/avatar\/b31a37f6b2529b7e9303b5aacf26777a86815e524f04961246da8183f5e2535a?s=96&d=mm&r=g\",\"caption\":\"Man\u00e9 Ba\"},\"url\":\"https:\/\/www.public.sn\/index.php\/author\/bamanesen\/\"}]}<\/script>\n<!-- \/ Yoast SEO plugin. -->","yoast_head_json":{"title":"Elections Pr\u00e9sidentielles: d\u00e9mission avant la fin de son mandat, Nathalie Yamb explique - LE PUBLIC","robots":{"index":"index","follow":"follow","max-snippet":"max-snippet:-1","max-image-preview":"max-image-preview:large","max-video-preview":"max-video-preview:-1"},"canonical":"https:\/\/www.public.sn\/index.php\/2024\/02\/22\/elections-presidentielles-demission-avant-la-fin-de-son-mandat-nathalie-yamb-explique\/","og_locale":"fr_FR","og_type":"article","og_title":"Elections Pr\u00e9sidentielles: d\u00e9mission avant la fin de son mandat, Nathalie Yamb explique - LE PUBLIC","og_description":"Dans un post sur son compte X, Nathalie Yamb donne son avis sur la situation politique du S\u00e9n\u00e9gal. Selon l&rsquo;ancienne journaliste: Macky Sall ne va pas organiser d\u2019\u00e9lections avant le 2 avril. &nbsp; La militante politique explique: \u00ab\u00a0Apr\u00e8s avoir fait semblant d\u2019accepter la d\u00e9cision du conseil constitutionnel pour faire retomber la pression interne et externe, il va perdre du temps en organisant un \u201cdialogue\u201d que personne ne lui a demand\u00e9, puis il va d\u00e9missionner juste avant la date fatidique de la fin de son mandat. &nbsp; Conform\u00e9ment \u00e0 l\u2019article 31 de la constitution, le pr\u00e9sident de l\u2019assembl\u00e9e nationale aura alors jusqu\u2019\u00e0 90 jours pour organiser de nouvelles \u00e9lections; le but n\u2019\u00e9tant pas seulement de gratter 3 mois suppl\u00e9mentaires, mais surtout de reprendre compl\u00e8tement le processus \u00e9lectoral \u00e0 z\u00e9ro, de r\u00e9ouvrir les candidatures et donc de permettre \u00e0 Karim Wade d\u2019\u00eatre candidat. &nbsp; Et voil\u00e0, le tour est jou\u00e9! N\u2019oubliez jamais que c\u2019est cela, la mission qui a \u00e9t\u00e9 assign\u00e9e aux laquais fran\u00e7africains du S\u00e9n\u00e9gal. &nbsp;","og_url":"https:\/\/www.public.sn\/index.php\/2024\/02\/22\/elections-presidentielles-demission-avant-la-fin-de-son-mandat-nathalie-yamb-explique\/","og_site_name":"LE PUBLIC","article_published_time":"2024-02-22T13:06:05+00:00","og_image":[{"width":320,"height":240,"url":"https:\/\/www.public.sn\/wp-content\/uploads\/2024\/02\/8fe8dc_b533de5e5cab43009fbae900460ae96emv2.jpg","type":"image\/jpeg"}],"author":"Man\u00e9 Ba","twitter_card":"summary_large_image","twitter_misc":{"\u00c9crit par":"Man\u00e9 Ba","Dur\u00e9e de lecture estim\u00e9e":"2 minutes"},"schema":{"@context":"https:\/\/schema.org","@graph":[{"@type":"Article","@id":"https:\/\/www.public.sn\/index.php\/2024\/02\/22\/elections-presidentielles-demission-avant-la-fin-de-son-mandat-nathalie-yamb-explique\/#article","isPartOf":{"@id":"https:\/\/www.public.sn\/index.php\/2024\/02\/22\/elections-presidentielles-demission-avant-la-fin-de-son-mandat-nathalie-yamb-explique\/"},"author":{"name":"Man\u00e9 Ba","@id":"https:\/\/www.public.sn\/#\/schema\/person\/0cb769602dc17ecb89fd54a2197a221a"},"headline":"Elections Pr\u00e9sidentielles: d\u00e9mission avant la fin de son mandat, Nathalie Yamb explique","datePublished":"2024-02-22T13:06:05+00:00","mainEntityOfPage":{"@id":"https:\/\/www.public.sn\/index.php\/2024\/02\/22\/elections-presidentielles-demission-avant-la-fin-de-son-mandat-nathalie-yamb-explique\/"},"wordCount":196,"commentCount":0,"publisher":{"@id":"https:\/\/www.public.sn\/#organization"},"image":{"@id":"https:\/\/www.public.sn\/index.php\/2024\/02\/22\/elections-presidentielles-demission-avant-la-fin-de-son-mandat-nathalie-yamb-explique\/#primaryimage"},"thumbnailUrl":"https:\/\/www.public.sn\/wp-content\/uploads\/2024\/02\/8fe8dc_b533de5e5cab43009fbae900460ae96emv2.jpg","keywords":["Demission","\u00e9lections","Macky Sall","Nathalie Yamb"],"articleSection":["ACTUALIT\u00c9S","POLITIQUE","S\u00c9N\u00c9GAL"],"inLanguage":"fr-FR","potentialAction":[{"@type":"CommentAction","name":"Comment","target":["https:\/\/www.public.sn\/index.php\/2024\/02\/22\/elections-presidentielles-demission-avant-la-fin-de-son-mandat-nathalie-yamb-explique\/#respond"]}]},{"@type":"WebPage","@id":"https:\/\/www.public.sn\/index.php\/2024\/02\/22\/elections-presidentielles-demission-avant-la-fin-de-son-mandat-nathalie-yamb-explique\/","url":"https:\/\/www.public.sn\/index.php\/2024\/02\/22\/elections-presidentielles-demission-avant-la-fin-de-son-mandat-nathalie-yamb-explique\/","name":"Elections Pr\u00e9sidentielles: d\u00e9mission avant la fin de son mandat, Nathalie Yamb explique - LE PUBLIC","isPartOf":{"@id":"https:\/\/www.public.sn\/#website"},"primaryImageOfPage":{"@id":"https:\/\/www.public.sn\/index.php\/2024\/02\/22\/elections-presidentielles-demission-avant-la-fin-de-son-mandat-nathalie-yamb-explique\/#primaryimage"},"image":{"@id":"https:\/\/www.public.sn\/index.php\/2024\/02\/22\/elections-presidentielles-demission-avant-la-fin-de-son-mandat-nathalie-yamb-explique\/#primaryimage"},"thumbnailUrl":"https:\/\/www.public.sn\/wp-content\/uploads\/2024\/02\/8fe8dc_b533de5e5cab43009fbae900460ae96emv2.jpg","datePublished":"2024-02-22T13:06:05+00:00","breadcrumb":{"@id":"https:\/\/www.public.sn\/index.php\/2024\/02\/22\/elections-presidentielles-demission-avant-la-fin-de-son-mandat-nathalie-yamb-explique\/#breadcrumb"},"inLanguage":"fr-FR","potentialAction":[{"@type":"ReadAction","target":["https:\/\/www.public.sn\/index.php\/2024\/02\/22\/elections-presidentielles-demission-avant-la-fin-de-son-mandat-nathalie-yamb-explique\/"]}]},{"@type":"ImageObject","inLanguage":"fr-FR","@id":"https:\/\/www.public.sn\/index.php\/2024\/02\/22\/elections-presidentielles-demission-avant-la-fin-de-son-mandat-nathalie-yamb-explique\/#primaryimage","url":"https:\/\/www.public.sn\/wp-content\/uploads\/2024\/02\/8fe8dc_b533de5e5cab43009fbae900460ae96emv2.jpg","contentUrl":"https:\/\/www.public.sn\/wp-content\/uploads\/2024\/02\/8fe8dc_b533de5e5cab43009fbae900460ae96emv2.jpg","width":320,"height":240},{"@type":"BreadcrumbList","@id":"https:\/\/www.public.sn\/index.php\/2024\/02\/22\/elections-presidentielles-demission-avant-la-fin-de-son-mandat-nathalie-yamb-explique\/#breadcrumb","itemListElement":[{"@type":"ListItem","position":1,"name":"Accueil","item":"https:\/\/www.public.sn\/"},{"@type":"ListItem","position":2,"name":"Elections Pr\u00e9sidentielles: d\u00e9mission avant la fin de son mandat, Nathalie Yamb explique"}]},{"@type":"WebSite","@id":"https:\/\/www.public.sn\/#website","url":"https:\/\/www.public.sn\/","name":"LE PUBLIC","description":"","publisher":{"@id":"https:\/\/www.public.sn\/#organization"},"potentialAction":[{"@type":"SearchAction","target":{"@type":"EntryPoint","urlTemplate":"https:\/\/www.public.sn\/?s={search_term_string}"},"query-input":{"@type":"PropertyValueSpecification","valueRequired":true,"valueName":"search_term_string"}}],"inLanguage":"fr-FR"},{"@type":"Organization","@id":"https:\/\/www.public.sn\/#organization","name":"LE PUBLIC","url":"https:\/\/www.public.sn\/","logo":{"@type":"ImageObject","inLanguage":"fr-FR","@id":"https:\/\/www.public.sn\/#\/schema\/logo\/image\/","url":"https:\/\/www.public.sn\/wp-content\/uploads\/2024\/05\/cropped-LOGO-PUBLIC.SN_.png","contentUrl":"https:\/\/www.public.sn\/wp-content\/uploads\/2024\/05\/cropped-LOGO-PUBLIC.SN_.png","width":682,"height":192,"caption":"LE PUBLIC"},"image":{"@id":"https:\/\/www.public.sn\/#\/schema\/logo\/image\/"}},{"@type":"Person","@id":"https:\/\/www.public.sn\/#\/schema\/person\/0cb769602dc17ecb89fd54a2197a221a","name":"Man\u00e9 Ba","image":{"@type":"ImageObject","inLanguage":"fr-FR","@id":"https:\/\/www.public.sn\/#\/schema\/person\/image\/","url":"https:\/\/secure.gravatar.com\/avatar\/b31a37f6b2529b7e9303b5aacf26777a86815e524f04961246da8183f5e2535a?s=96&d=mm&r=g","contentUrl":"https:\/\/secure.gravatar.com\/avatar\/b31a37f6b2529b7e9303b5aacf26777a86815e524f04961246da8183f5e2535a?s=96&d=mm&r=g","caption":"Man\u00e9 Ba"},"url":"https:\/\/www.public.sn\/index.php\/author\/bamanesen\/"}]}},"jetpack_featured_media_url":"https:\/\/www.public.sn\/wp-content\/uploads\/2024\/02\/8fe8dc_b533de5e5cab43009fbae900460ae96emv2.jpg","jetpack_sharing_enabled":true,"_links":{"self":[{"href":"https:\/\/www.public.sn\/index.php\/wp-json\/wp\/v2\/posts\/31124","targetHints":{"allow":["GET"]}}],"collection":[{"href":"https:\/\/www.public.sn\/index.php\/wp-json\/wp\/v2\/posts"}],"about":[{"href":"https:\/\/www.public.sn\/index.php\/wp-json\/wp\/v2\/types\/post"}],"author":[{"embeddable":true,"href":"https:\/\/www.public.sn\/index.php\/wp-json\/wp\/v2\/users\/12"}],"replies":[{"embeddable":true,"href":"https:\/\/www.public.sn\/index.php\/wp-json\/wp\/v2\/comments?post=31124"}],"version-history":[{"count":2,"href":"https:\/\/www.public.sn\/index.php\/wp-json\/wp\/v2\/posts\/31124\/revisions"}],"predecessor-version":[{"id":31127,"href":"https:\/\/www.public.sn\/index.php\/wp-json\/wp\/v2\/posts\/31124\/revisions\/31127"}],"wp:featuredmedia":[{"embeddable":true,"href":"https:\/\/www.public.sn\/index.php\/wp-json\/wp\/v2\/media\/31128"}],"wp:attachment":[{"href":"https:\/\/www.public.sn\/index.php\/wp-json\/wp\/v2\/media?parent=31124"}],"wp:term":[{"taxonomy":"category","embeddable":true,"href":"https:\/\/www.public.sn\/index.php\/wp-json\/wp\/v2\/categories?post=31124"},{"taxonomy":"post_tag","embeddable":true,"href":"https:\/\/www.public.sn\/index.php\/wp-json\/wp\/v2\/tags?post=31124"}],"curies":[{"name":"wp","href":"https:\/\/api.w.org\/{rel}","templated":true}]}}