{"id":31160,"date":"2024-02-23T14:13:03","date_gmt":"2024-02-23T14:13:03","guid":{"rendered":"https:\/\/www.public.sn\/?p=31160"},"modified":"2024-02-23T14:13:03","modified_gmt":"2024-02-23T14:13:03","slug":"urgent-aminata-toure-boycotte-le-dialogue-national","status":"publish","type":"post","link":"https:\/\/www.public.sn\/index.php\/2024\/02\/23\/urgent-aminata-toure-boycotte-le-dialogue-national\/","title":{"rendered":"Urgent: Aminata Tour\u00e9 boycotte le dialogue national"},"content":{"rendered":"<p class=\"firstp\">Aminata Tour\u00e9 a pris la parole pour r\u00e9pondre \u00e0 la main tendue de Macky Sall. Candidate recal\u00e9e, elle assure qu\u2019elle ne r\u00e9pondra pas au dialogue national. Selon l\u2019ancien Premier ministre, Macky Sall \u00ab\u00a0<em>n\u2019a moralement et juridiquement pas le droit de laisser notre pays dans un imbroglio institutionnel \u00ab\u00a0.<\/em><\/p><div class=\"publi-paragraphe1\" style=\"margin-top: 10px;margin-bottom: 10px;margin-left: auto;margin-right: auto;text-align: center;\" id=\"publi-470742680\"><div class=\"publi-adlabel\">Publicit\u00e9<\/div><script async src=\"\/\/pagead2.googlesyndication.com\/pagead\/js\/adsbygoogle.js?client=ca-pub-4089586018074219\" crossorigin=\"anonymous\"><\/script><ins class=\"adsbygoogle\" style=\"display:block;\" data-ad-client=\"ca-pub-4089586018074219\" \ndata-ad-slot=\"2087940154\" \ndata-ad-format=\"auto\"><\/ins>\n<script> \n(adsbygoogle = window.adsbygoogle || []).push({}); \n<\/script>\n<\/div>\n<p><em>\u00ab\u00a0Comme candidate spoli\u00e9e de mon parrainage injustement invalid\u00e9, je ne participerai \u00e0 aucun dialogue ni concertation, encore moins \u00e0 un entretien ou une causerie avec le Pr\u00e9sident Macky Sall.<\/em><\/p>\n<p><em>A cette \u00e9tape du processus \u00e9lectoral que le pr\u00e9sident de la r\u00e9publique a lui-m\u00eame ill\u00e9galement interrompu \u00e0 10 heures de l\u2019ouverture de la campagne \u00e9lectorale, tout ce que nous lui demandons publiquement, \u00e0 l\u2019instar de l\u2019\u00e9crasante majorit\u00e9 de nos concitoyens qui vivent en ce moment un stress palpable, c\u2019est qu\u2019il se conforme \u00e0 la d\u00e9cision du Conseil constitutionnel en organisant l\u2019\u00e9lection pr\u00e9sidentielle avant son d\u00e9part.\u00a0\u00bb<\/em><\/p>\n<div id=\"responsiveinpost\" class=\"homeAds\"><\/div>\n<div class=\"publi-apres-le-contenu\" style=\"margin-top: 10px;margin-bottom: 10px;margin-left: auto;margin-right: auto;text-align: center;\" id=\"publi-1094795723\"><div class=\"publi-adlabel\">Publicit\u00e9<\/div><script async src=\"\/\/pagead2.googlesyndication.com\/pagead\/js\/adsbygoogle.js?client=ca-pub-4089586018074219\" crossorigin=\"anonymous\"><\/script><ins class=\"adsbygoogle\" style=\"display:block;\" data-ad-client=\"ca-pub-4089586018074219\" \ndata-ad-slot=\"2087940154\" \ndata-ad-format=\"auto\"><\/ins>\n<script> \n(adsbygoogle = window.adsbygoogle || []).push({}); \n<\/script>\n<\/div>","protected":false},"excerpt":{"rendered":"<p>Aminata Tour\u00e9 a pris la parole pour r\u00e9pondre \u00e0 la main tendue de Macky Sall. Candidate recal\u00e9e, elle assure qu\u2019elle ne r\u00e9pondra pas au dialogue national. Selon l\u2019ancien Premier ministre, Macky Sall \u00ab\u00a0n\u2019a moralement et juridiquement pas le droit de laisser notre pays dans un imbroglio institutionnel \u00ab\u00a0. \u00ab\u00a0Comme candidate spoli\u00e9e de mon parrainage injustement invalid\u00e9, je ne participerai \u00e0 aucun dialogue ni concertation, encore moins \u00e0 un entretien ou une causerie avec le Pr\u00e9sident Macky Sall. A cette \u00e9tape du processus \u00e9lectoral que le pr\u00e9sident de la r\u00e9publique a lui-m\u00eame ill\u00e9galement interrompu \u00e0 10 heures de l\u2019ouverture de la campagne \u00e9lectorale, tout ce que nous lui demandons publiquement, \u00e0 l\u2019instar de l\u2019\u00e9crasante majorit\u00e9 de nos concitoyens qui vivent en ce moment un stress palpable, c\u2019est qu\u2019il se conforme \u00e0 la d\u00e9cision du Conseil constitutionnel en organisant l\u2019\u00e9lection pr\u00e9sidentielle avant son d\u00e9part.\u00a0\u00bb<\/p>\n","protected":false},"author":12,"featured_media":1890,"comment_status":"open","ping_status":"open","sticky":false,"template":"","format":"standard","meta":{"_jetpack_memberships_contains_paid_content":false,"footnotes":""},"categories":[375,3],"tags":[5438,538,1950,724,1874],"class_list":["post-31160","post","type-post","status-publish","format-standard","has-post-thumbnail","hentry","category-actualites","category-politique","tag-boycot","tag-dialogue","tag-macky","tag-mimi-toure","tag-refus","entry","has-media","owp-thumbs-layout-horizontal","owp-btn-normal","owp-tabs-layout-horizontal","has-no-thumbnails","has-product-nav"],"yoast_head":"<!-- This site is optimized with the Yoast SEO plugin v25.5 - https:\/\/yoast.com\/wordpress\/plugins\/seo\/ -->\n<title>Urgent: Aminata Tour\u00e9 boycotte le dialogue national - LE PUBLIC<\/title>\n<meta name=\"robots\" content=\"index, follow, max-snippet:-1, max-image-preview:large, max-video-preview:-1\" \/>\n<link rel=\"canonical\" href=\"https:\/\/www.public.sn\/index.php\/2024\/02\/23\/urgent-aminata-toure-boycotte-le-dialogue-national\/\" \/>\n<meta property=\"og:locale\" content=\"fr_FR\" \/>\n<meta property=\"og:type\" content=\"article\" \/>\n<meta property=\"og:title\" content=\"Urgent: Aminata Tour\u00e9 boycotte le dialogue national - LE PUBLIC\" \/>\n<meta property=\"og:description\" content=\"Aminata Tour\u00e9 a pris la parole pour r\u00e9pondre \u00e0 la main tendue de Macky Sall. Candidate recal\u00e9e, elle assure qu\u2019elle ne r\u00e9pondra pas au dialogue national. Selon l\u2019ancien Premier ministre, Macky Sall \u00ab\u00a0n\u2019a moralement et juridiquement pas le droit de laisser notre pays dans un imbroglio institutionnel \u00ab\u00a0. \u00ab\u00a0Comme candidate spoli\u00e9e de mon parrainage injustement invalid\u00e9, je ne participerai \u00e0 aucun dialogue ni concertation, encore moins \u00e0 un entretien ou une causerie avec le Pr\u00e9sident Macky Sall. A cette \u00e9tape du processus \u00e9lectoral que le pr\u00e9sident de la r\u00e9publique a lui-m\u00eame ill\u00e9galement interrompu \u00e0 10 heures de l\u2019ouverture de la campagne \u00e9lectorale, tout ce que nous lui demandons publiquement, \u00e0 l\u2019instar de l\u2019\u00e9crasante majorit\u00e9 de nos concitoyens qui vivent en ce moment un stress palpable, c\u2019est qu\u2019il se conforme \u00e0 la d\u00e9cision du Conseil constitutionnel en organisant l\u2019\u00e9lection pr\u00e9sidentielle avant son d\u00e9part.\u00a0\u00bb\" \/>\n<meta property=\"og:url\" content=\"https:\/\/www.public.sn\/index.php\/2024\/02\/23\/urgent-aminata-toure-boycotte-le-dialogue-national\/\" \/>\n<meta property=\"og:site_name\" content=\"LE PUBLIC\" \/>\n<meta property=\"article:published_time\" content=\"2024-02-23T14:13:03+00:00\" \/>\n<meta property=\"og:image\" content=\"https:\/\/www.public.sn\/wp-content\/uploads\/2022\/09\/mimi-toure-1.jpg\" \/>\n\t<meta property=\"og:image:width\" content=\"700\" \/>\n\t<meta property=\"og:image:height\" content=\"433\" \/>\n\t<meta property=\"og:image:type\" content=\"image\/jpeg\" \/>\n<meta name=\"author\" content=\"Man\u00e9 Ba\" \/>\n<meta name=\"twitter:card\" content=\"summary_large_image\" \/>\n<meta name=\"twitter:label1\" content=\"\u00c9crit par\" \/>\n\t<meta name=\"twitter:data1\" content=\"Man\u00e9 Ba\" \/>\n\t<meta name=\"twitter:label2\" content=\"Dur\u00e9e de lecture estim\u00e9e\" \/>\n\t<meta name=\"twitter:data2\" content=\"1 minute\" \/>\n<script type=\"application\/ld+json\" class=\"yoast-schema-graph\">{\"@context\":\"https:\/\/schema.org\",\"@graph\":[{\"@type\":\"Article\",\"@id\":\"https:\/\/www.public.sn\/index.php\/2024\/02\/23\/urgent-aminata-toure-boycotte-le-dialogue-national\/#article\",\"isPartOf\":{\"@id\":\"https:\/\/www.public.sn\/index.php\/2024\/02\/23\/urgent-aminata-toure-boycotte-le-dialogue-national\/\"},\"author\":{\"name\":\"Man\u00e9 Ba\",\"@id\":\"https:\/\/www.public.sn\/#\/schema\/person\/0cb769602dc17ecb89fd54a2197a221a\"},\"headline\":\"Urgent: Aminata Tour\u00e9 boycotte le dialogue national\",\"datePublished\":\"2024-02-23T14:13:03+00:00\",\"mainEntityOfPage\":{\"@id\":\"https:\/\/www.public.sn\/index.php\/2024\/02\/23\/urgent-aminata-toure-boycotte-le-dialogue-national\/\"},\"wordCount\":162,\"commentCount\":0,\"publisher\":{\"@id\":\"https:\/\/www.public.sn\/#organization\"},\"image\":{\"@id\":\"https:\/\/www.public.sn\/index.php\/2024\/02\/23\/urgent-aminata-toure-boycotte-le-dialogue-national\/#primaryimage\"},\"thumbnailUrl\":\"https:\/\/www.public.sn\/wp-content\/uploads\/2022\/09\/mimi-toure-1.jpg\",\"keywords\":[\"boycot\",\"Dialogue\",\"macky\",\"Mimi Tour\u00e9\",\"refus\"],\"articleSection\":[\"ACTUALIT\u00c9S\",\"POLITIQUE\"],\"inLanguage\":\"fr-FR\",\"potentialAction\":[{\"@type\":\"CommentAction\",\"name\":\"Comment\",\"target\":[\"https:\/\/www.public.sn\/index.php\/2024\/02\/23\/urgent-aminata-toure-boycotte-le-dialogue-national\/#respond\"]}]},{\"@type\":\"WebPage\",\"@id\":\"https:\/\/www.public.sn\/index.php\/2024\/02\/23\/urgent-aminata-toure-boycotte-le-dialogue-national\/\",\"url\":\"https:\/\/www.public.sn\/index.php\/2024\/02\/23\/urgent-aminata-toure-boycotte-le-dialogue-national\/\",\"name\":\"Urgent: Aminata Tour\u00e9 boycotte le dialogue national - LE PUBLIC\",\"isPartOf\":{\"@id\":\"https:\/\/www.public.sn\/#website\"},\"primaryImageOfPage\":{\"@id\":\"https:\/\/www.public.sn\/index.php\/2024\/02\/23\/urgent-aminata-toure-boycotte-le-dialogue-national\/#primaryimage\"},\"image\":{\"@id\":\"https:\/\/www.public.sn\/index.php\/2024\/02\/23\/urgent-aminata-toure-boycotte-le-dialogue-national\/#primaryimage\"},\"thumbnailUrl\":\"https:\/\/www.public.sn\/wp-content\/uploads\/2022\/09\/mimi-toure-1.jpg\",\"datePublished\":\"2024-02-23T14:13:03+00:00\",\"breadcrumb\":{\"@id\":\"https:\/\/www.public.sn\/index.php\/2024\/02\/23\/urgent-aminata-toure-boycotte-le-dialogue-national\/#breadcrumb\"},\"inLanguage\":\"fr-FR\",\"potentialAction\":[{\"@type\":\"ReadAction\",\"target\":[\"https:\/\/www.public.sn\/index.php\/2024\/02\/23\/urgent-aminata-toure-boycotte-le-dialogue-national\/\"]}]},{\"@type\":\"ImageObject\",\"inLanguage\":\"fr-FR\",\"@id\":\"https:\/\/www.public.sn\/index.php\/2024\/02\/23\/urgent-aminata-toure-boycotte-le-dialogue-national\/#primaryimage\",\"url\":\"https:\/\/www.public.sn\/wp-content\/uploads\/2022\/09\/mimi-toure-1.jpg\",\"contentUrl\":\"https:\/\/www.public.sn\/wp-content\/uploads\/2022\/09\/mimi-toure-1.jpg\",\"width\":700,\"height\":433},{\"@type\":\"BreadcrumbList\",\"@id\":\"https:\/\/www.public.sn\/index.php\/2024\/02\/23\/urgent-aminata-toure-boycotte-le-dialogue-national\/#breadcrumb\",\"itemListElement\":[{\"@type\":\"ListItem\",\"position\":1,\"name\":\"Accueil\",\"item\":\"https:\/\/www.public.sn\/\"},{\"@type\":\"ListItem\",\"position\":2,\"name\":\"Urgent: Aminata Tour\u00e9 boycotte le dialogue national\"}]},{\"@type\":\"WebSite\",\"@id\":\"https:\/\/www.public.sn\/#website\",\"url\":\"https:\/\/www.public.sn\/\",\"name\":\"LE PUBLIC\",\"description\":\"\",\"publisher\":{\"@id\":\"https:\/\/www.public.sn\/#organization\"},\"potentialAction\":[{\"@type\":\"SearchAction\",\"target\":{\"@type\":\"EntryPoint\",\"urlTemplate\":\"https:\/\/www.public.sn\/?s={search_term_string}\"},\"query-input\":{\"@type\":\"PropertyValueSpecification\",\"valueRequired\":true,\"valueName\":\"search_term_string\"}}],\"inLanguage\":\"fr-FR\"},{\"@type\":\"Organization\",\"@id\":\"https:\/\/www.public.sn\/#organization\",\"name\":\"LE PUBLIC\",\"url\":\"https:\/\/www.public.sn\/\",\"logo\":{\"@type\":\"ImageObject\",\"inLanguage\":\"fr-FR\",\"@id\":\"https:\/\/www.public.sn\/#\/schema\/logo\/image\/\",\"url\":\"https:\/\/www.public.sn\/wp-content\/uploads\/2024\/05\/cropped-LOGO-PUBLIC.SN_.png\",\"contentUrl\":\"https:\/\/www.public.sn\/wp-content\/uploads\/2024\/05\/cropped-LOGO-PUBLIC.SN_.png\",\"width\":682,\"height\":192,\"caption\":\"LE PUBLIC\"},\"image\":{\"@id\":\"https:\/\/www.public.sn\/#\/schema\/logo\/image\/\"}},{\"@type\":\"Person\",\"@id\":\"https:\/\/www.public.sn\/#\/schema\/person\/0cb769602dc17ecb89fd54a2197a221a\",\"name\":\"Man\u00e9 Ba\",\"image\":{\"@type\":\"ImageObject\",\"inLanguage\":\"fr-FR\",\"@id\":\"https:\/\/www.public.sn\/#\/schema\/person\/image\/\",\"url\":\"https:\/\/secure.gravatar.com\/avatar\/b31a37f6b2529b7e9303b5aacf26777a86815e524f04961246da8183f5e2535a?s=96&d=mm&r=g\",\"contentUrl\":\"https:\/\/secure.gravatar.com\/avatar\/b31a37f6b2529b7e9303b5aacf26777a86815e524f04961246da8183f5e2535a?s=96&d=mm&r=g\",\"caption\":\"Man\u00e9 Ba\"},\"url\":\"https:\/\/www.public.sn\/index.php\/author\/bamanesen\/\"}]}<\/script>\n<!-- \/ Yoast SEO plugin. -->","yoast_head_json":{"title":"Urgent: Aminata Tour\u00e9 boycotte le dialogue national - LE PUBLIC","robots":{"index":"index","follow":"follow","max-snippet":"max-snippet:-1","max-image-preview":"max-image-preview:large","max-video-preview":"max-video-preview:-1"},"canonical":"https:\/\/www.public.sn\/index.php\/2024\/02\/23\/urgent-aminata-toure-boycotte-le-dialogue-national\/","og_locale":"fr_FR","og_type":"article","og_title":"Urgent: Aminata Tour\u00e9 boycotte le dialogue national - LE PUBLIC","og_description":"Aminata Tour\u00e9 a pris la parole pour r\u00e9pondre \u00e0 la main tendue de Macky Sall. Candidate recal\u00e9e, elle assure qu\u2019elle ne r\u00e9pondra pas au dialogue national. Selon l\u2019ancien Premier ministre, Macky Sall \u00ab\u00a0n\u2019a moralement et juridiquement pas le droit de laisser notre pays dans un imbroglio institutionnel \u00ab\u00a0. \u00ab\u00a0Comme candidate spoli\u00e9e de mon parrainage injustement invalid\u00e9, je ne participerai \u00e0 aucun dialogue ni concertation, encore moins \u00e0 un entretien ou une causerie avec le Pr\u00e9sident Macky Sall. A cette \u00e9tape du processus \u00e9lectoral que le pr\u00e9sident de la r\u00e9publique a lui-m\u00eame ill\u00e9galement interrompu \u00e0 10 heures de l\u2019ouverture de la campagne \u00e9lectorale, tout ce que nous lui demandons publiquement, \u00e0 l\u2019instar de l\u2019\u00e9crasante majorit\u00e9 de nos concitoyens qui vivent en ce moment un stress palpable, c\u2019est qu\u2019il se conforme \u00e0 la d\u00e9cision du Conseil constitutionnel en organisant l\u2019\u00e9lection pr\u00e9sidentielle avant son d\u00e9part.\u00a0\u00bb","og_url":"https:\/\/www.public.sn\/index.php\/2024\/02\/23\/urgent-aminata-toure-boycotte-le-dialogue-national\/","og_site_name":"LE PUBLIC","article_published_time":"2024-02-23T14:13:03+00:00","og_image":[{"width":700,"height":433,"url":"https:\/\/www.public.sn\/wp-content\/uploads\/2022\/09\/mimi-toure-1.jpg","type":"image\/jpeg"}],"author":"Man\u00e9 Ba","twitter_card":"summary_large_image","twitter_misc":{"\u00c9crit par":"Man\u00e9 Ba","Dur\u00e9e de lecture estim\u00e9e":"1 minute"},"schema":{"@context":"https:\/\/schema.org","@graph":[{"@type":"Article","@id":"https:\/\/www.public.sn\/index.php\/2024\/02\/23\/urgent-aminata-toure-boycotte-le-dialogue-national\/#article","isPartOf":{"@id":"https:\/\/www.public.sn\/index.php\/2024\/02\/23\/urgent-aminata-toure-boycotte-le-dialogue-national\/"},"author":{"name":"Man\u00e9 Ba","@id":"https:\/\/www.public.sn\/#\/schema\/person\/0cb769602dc17ecb89fd54a2197a221a"},"headline":"Urgent: Aminata Tour\u00e9 boycotte le dialogue national","datePublished":"2024-02-23T14:13:03+00:00","mainEntityOfPage":{"@id":"https:\/\/www.public.sn\/index.php\/2024\/02\/23\/urgent-aminata-toure-boycotte-le-dialogue-national\/"},"wordCount":162,"commentCount":0,"publisher":{"@id":"https:\/\/www.public.sn\/#organization"},"image":{"@id":"https:\/\/www.public.sn\/index.php\/2024\/02\/23\/urgent-aminata-toure-boycotte-le-dialogue-national\/#primaryimage"},"thumbnailUrl":"https:\/\/www.public.sn\/wp-content\/uploads\/2022\/09\/mimi-toure-1.jpg","keywords":["boycot","Dialogue","macky","Mimi Tour\u00e9","refus"],"articleSection":["ACTUALIT\u00c9S","POLITIQUE"],"inLanguage":"fr-FR","potentialAction":[{"@type":"CommentAction","name":"Comment","target":["https:\/\/www.public.sn\/index.php\/2024\/02\/23\/urgent-aminata-toure-boycotte-le-dialogue-national\/#respond"]}]},{"@type":"WebPage","@id":"https:\/\/www.public.sn\/index.php\/2024\/02\/23\/urgent-aminata-toure-boycotte-le-dialogue-national\/","url":"https:\/\/www.public.sn\/index.php\/2024\/02\/23\/urgent-aminata-toure-boycotte-le-dialogue-national\/","name":"Urgent: Aminata Tour\u00e9 boycotte le dialogue national - LE PUBLIC","isPartOf":{"@id":"https:\/\/www.public.sn\/#website"},"primaryImageOfPage":{"@id":"https:\/\/www.public.sn\/index.php\/2024\/02\/23\/urgent-aminata-toure-boycotte-le-dialogue-national\/#primaryimage"},"image":{"@id":"https:\/\/www.public.sn\/index.php\/2024\/02\/23\/urgent-aminata-toure-boycotte-le-dialogue-national\/#primaryimage"},"thumbnailUrl":"https:\/\/www.public.sn\/wp-content\/uploads\/2022\/09\/mimi-toure-1.jpg","datePublished":"2024-02-23T14:13:03+00:00","breadcrumb":{"@id":"https:\/\/www.public.sn\/index.php\/2024\/02\/23\/urgent-aminata-toure-boycotte-le-dialogue-national\/#breadcrumb"},"inLanguage":"fr-FR","potentialAction":[{"@type":"ReadAction","target":["https:\/\/www.public.sn\/index.php\/2024\/02\/23\/urgent-aminata-toure-boycotte-le-dialogue-national\/"]}]},{"@type":"ImageObject","inLanguage":"fr-FR","@id":"https:\/\/www.public.sn\/index.php\/2024\/02\/23\/urgent-aminata-toure-boycotte-le-dialogue-national\/#primaryimage","url":"https:\/\/www.public.sn\/wp-content\/uploads\/2022\/09\/mimi-toure-1.jpg","contentUrl":"https:\/\/www.public.sn\/wp-content\/uploads\/2022\/09\/mimi-toure-1.jpg","width":700,"height":433},{"@type":"BreadcrumbList","@id":"https:\/\/www.public.sn\/index.php\/2024\/02\/23\/urgent-aminata-toure-boycotte-le-dialogue-national\/#breadcrumb","itemListElement":[{"@type":"ListItem","position":1,"name":"Accueil","item":"https:\/\/www.public.sn\/"},{"@type":"ListItem","position":2,"name":"Urgent: Aminata Tour\u00e9 boycotte le dialogue national"}]},{"@type":"WebSite","@id":"https:\/\/www.public.sn\/#website","url":"https:\/\/www.public.sn\/","name":"LE PUBLIC","description":"","publisher":{"@id":"https:\/\/www.public.sn\/#organization"},"potentialAction":[{"@type":"SearchAction","target":{"@type":"EntryPoint","urlTemplate":"https:\/\/www.public.sn\/?s={search_term_string}"},"query-input":{"@type":"PropertyValueSpecification","valueRequired":true,"valueName":"search_term_string"}}],"inLanguage":"fr-FR"},{"@type":"Organization","@id":"https:\/\/www.public.sn\/#organization","name":"LE PUBLIC","url":"https:\/\/www.public.sn\/","logo":{"@type":"ImageObject","inLanguage":"fr-FR","@id":"https:\/\/www.public.sn\/#\/schema\/logo\/image\/","url":"https:\/\/www.public.sn\/wp-content\/uploads\/2024\/05\/cropped-LOGO-PUBLIC.SN_.png","contentUrl":"https:\/\/www.public.sn\/wp-content\/uploads\/2024\/05\/cropped-LOGO-PUBLIC.SN_.png","width":682,"height":192,"caption":"LE PUBLIC"},"image":{"@id":"https:\/\/www.public.sn\/#\/schema\/logo\/image\/"}},{"@type":"Person","@id":"https:\/\/www.public.sn\/#\/schema\/person\/0cb769602dc17ecb89fd54a2197a221a","name":"Man\u00e9 Ba","image":{"@type":"ImageObject","inLanguage":"fr-FR","@id":"https:\/\/www.public.sn\/#\/schema\/person\/image\/","url":"https:\/\/secure.gravatar.com\/avatar\/b31a37f6b2529b7e9303b5aacf26777a86815e524f04961246da8183f5e2535a?s=96&d=mm&r=g","contentUrl":"https:\/\/secure.gravatar.com\/avatar\/b31a37f6b2529b7e9303b5aacf26777a86815e524f04961246da8183f5e2535a?s=96&d=mm&r=g","caption":"Man\u00e9 Ba"},"url":"https:\/\/www.public.sn\/index.php\/author\/bamanesen\/"}]}},"jetpack_featured_media_url":"https:\/\/www.public.sn\/wp-content\/uploads\/2022\/09\/mimi-toure-1.jpg","jetpack_sharing_enabled":true,"_links":{"self":[{"href":"https:\/\/www.public.sn\/index.php\/wp-json\/wp\/v2\/posts\/31160","targetHints":{"allow":["GET"]}}],"collection":[{"href":"https:\/\/www.public.sn\/index.php\/wp-json\/wp\/v2\/posts"}],"about":[{"href":"https:\/\/www.public.sn\/index.php\/wp-json\/wp\/v2\/types\/post"}],"author":[{"embeddable":true,"href":"https:\/\/www.public.sn\/index.php\/wp-json\/wp\/v2\/users\/12"}],"replies":[{"embeddable":true,"href":"https:\/\/www.public.sn\/index.php\/wp-json\/wp\/v2\/comments?post=31160"}],"version-history":[{"count":1,"href":"https:\/\/www.public.sn\/index.php\/wp-json\/wp\/v2\/posts\/31160\/revisions"}],"predecessor-version":[{"id":31161,"href":"https:\/\/www.public.sn\/index.php\/wp-json\/wp\/v2\/posts\/31160\/revisions\/31161"}],"wp:featuredmedia":[{"embeddable":true,"href":"https:\/\/www.public.sn\/index.php\/wp-json\/wp\/v2\/media\/1890"}],"wp:attachment":[{"href":"https:\/\/www.public.sn\/index.php\/wp-json\/wp\/v2\/media?parent=31160"}],"wp:term":[{"taxonomy":"category","embeddable":true,"href":"https:\/\/www.public.sn\/index.php\/wp-json\/wp\/v2\/categories?post=31160"},{"taxonomy":"post_tag","embeddable":true,"href":"https:\/\/www.public.sn\/index.php\/wp-json\/wp\/v2\/tags?post=31160"}],"curies":[{"name":"wp","href":"https:\/\/api.w.org\/{rel}","templated":true}]}}