{"id":3122,"date":"2022-09-28T23:04:48","date_gmt":"2022-09-28T23:04:48","guid":{"rendered":"https:\/\/www.public.sn\/?p=3122"},"modified":"2022-09-28T23:05:52","modified_gmt":"2022-09-28T23:05:52","slug":"nio-lank-au-palais-les-precisions-de-fallou-diagne","status":"publish","type":"post","link":"https:\/\/www.public.sn\/index.php\/2022\/09\/28\/nio-lank-au-palais-les-precisions-de-fallou-diagne\/","title":{"rendered":"Nio Lank au Palais : Les pr\u00e9cisions de Fallou Diagne \u2026"},"content":{"rendered":"\n<p>Dans le cadre du lancement des concertations sur la vie ch\u00e8re, le collectif  Nio Lank a \u00e9t\u00e9 aper\u00e7u lundi dernier \u00e0 la pr\u00e9sidence de la R\u00e9publique. Ce, sur invitation du chef de l&rsquo;\u00c9tat. Le mouvement a profit\u00e9 de l&rsquo;occasion pour parler des probl\u00e8mes sociaux, de l&rsquo;\u00e9levage, de l&rsquo;agriculture entre autres secteurs qui constituent un grand fardeau pour la population. Le collectif  Nio Lank sans langue de bois est revenu sur la \u00ab\u00a0s\u00e9questration\u00a0\u00bb de leurs camarades, qui ont \u00e9t\u00e9 \u00ab injustement \u00bb incarc\u00e9r\u00e9s. Les critiques vont a l&rsquo;endroit du pr\u00e9sident Sall, de l&rsquo;administration, des institutions judiciaires et le corps militaire qui serait manipul\u00e9 selon Fallou Diagne, coordonnateur du dit collectif.  Il trouve normale l&rsquo;attitude des d\u00e9put\u00e9s de YAW lors de l&rsquo;installation de la 14\u00e9me l\u00e9gislature. L&rsquo;activiste exige la lib\u00e9ration de son camarade Karim Xrum Xax. <\/p><div class=\"publi-paragraphe1\" style=\"margin-top: 10px;margin-bottom: 10px;margin-left: auto;margin-right: auto;text-align: center;\" id=\"publi-1028679140\"><div class=\"publi-adlabel\">Publicit\u00e9<\/div><script async src=\"\/\/pagead2.googlesyndication.com\/pagead\/js\/adsbygoogle.js?client=ca-pub-4089586018074219\" crossorigin=\"anonymous\"><\/script><ins class=\"adsbygoogle\" style=\"display:block;\" data-ad-client=\"ca-pub-4089586018074219\" \ndata-ad-slot=\"2087940154\" \ndata-ad-format=\"auto\"><\/ins>\n<script> \n(adsbygoogle = window.adsbygoogle || []).push({}); \n<\/script>\n<\/div>\n\n\n\n<p>Suivez en exclusivit\u00e9 cet entretien de Public TV avec Fallou Diagne qui revient sur beaucoup de points.<\/p>\n\n\n\n<p>. <iframe width=\"727\" height=\"409\" src=\"https:\/\/www.youtube.com\/embed\/jP52u5suiZg\" title=\"Nio Lank au Palais: Fallou Diagne se prononce..\" frameborder=\"0\" allow=\"accelerometer; autoplay; clipboard-write; encrypted-media; gyroscope; picture-in-picture\" allowfullscreen=\"\"><\/p>\n\n\n\n<p><\/p>\n<div class=\"publi-apres-le-contenu\" style=\"margin-top: 10px;margin-bottom: 10px;margin-left: auto;margin-right: auto;text-align: center;\" id=\"publi-724259325\"><div class=\"publi-adlabel\">Publicit\u00e9<\/div><script async src=\"\/\/pagead2.googlesyndication.com\/pagead\/js\/adsbygoogle.js?client=ca-pub-4089586018074219\" crossorigin=\"anonymous\"><\/script><ins class=\"adsbygoogle\" style=\"display:block;\" data-ad-client=\"ca-pub-4089586018074219\" \ndata-ad-slot=\"2087940154\" \ndata-ad-format=\"auto\"><\/ins>\n<script> \n(adsbygoogle = window.adsbygoogle || []).push({}); \n<\/script>\n<\/div>","protected":false},"excerpt":{"rendered":"<p>Dans le cadre du lancement des concertations sur la vie ch\u00e8re, le collectif Nio Lank a \u00e9t\u00e9 aper\u00e7u lundi dernier \u00e0 la pr\u00e9sidence de la R\u00e9publique. Ce, sur invitation du chef de l&rsquo;\u00c9tat. Le mouvement a profit\u00e9 de l&rsquo;occasion pour parler des probl\u00e8mes sociaux, de l&rsquo;\u00e9levage, de l&rsquo;agriculture entre autres secteurs qui constituent un grand fardeau pour la population. Le collectif Nio Lank sans langue de bois est revenu sur la \u00ab\u00a0s\u00e9questration\u00a0\u00bb de leurs camarades, qui ont \u00e9t\u00e9 \u00ab injustement \u00bb incarc\u00e9r\u00e9s. Les critiques vont a l&rsquo;endroit du pr\u00e9sident Sall, de l&rsquo;administration, des institutions judiciaires et le corps militaire qui serait manipul\u00e9 selon Fallou Diagne, coordonnateur du dit collectif. Il trouve normale l&rsquo;attitude des d\u00e9put\u00e9s de YAW lors de l&rsquo;installation de la 14\u00e9me l\u00e9gislature. L&rsquo;activiste exige la lib\u00e9ration de son camarade Karim Xrum Xax. Suivez en exclusivit\u00e9 cet entretien de Public TV avec Fallou Diagne qui revient sur beaucoup de points. .<\/p>\n","protected":false},"author":1,"featured_media":3106,"comment_status":"open","ping_status":"open","sticky":false,"template":"","format":"standard","meta":{"_jetpack_memberships_contains_paid_content":false,"footnotes":""},"categories":[3,8,1,4,6],"tags":[11,1060],"class_list":["post-3122","post","type-post","status-publish","format-standard","has-post-thumbnail","hentry","category-politique","category-public-tv","category-non-classe","category-societe","category-videos","tag-macky-sall","tag-no-lank","entry","has-media","owp-thumbs-layout-horizontal","owp-btn-normal","owp-tabs-layout-horizontal","has-no-thumbnails","has-product-nav"],"yoast_head":"<!-- This site is optimized with the Yoast SEO plugin v25.5 - https:\/\/yoast.com\/wordpress\/plugins\/seo\/ -->\n<title>Nio Lank au Palais : Les pr\u00e9cisions de Fallou Diagne \u2026 - LE PUBLIC<\/title>\n<meta name=\"robots\" content=\"index, follow, max-snippet:-1, max-image-preview:large, max-video-preview:-1\" \/>\n<link rel=\"canonical\" href=\"https:\/\/www.public.sn\/index.php\/2022\/09\/28\/nio-lank-au-palais-les-precisions-de-fallou-diagne\/\" \/>\n<meta property=\"og:locale\" content=\"fr_FR\" \/>\n<meta property=\"og:type\" content=\"article\" \/>\n<meta property=\"og:title\" content=\"Nio Lank au Palais : Les pr\u00e9cisions de Fallou Diagne \u2026 - LE PUBLIC\" \/>\n<meta property=\"og:description\" content=\"Dans le cadre du lancement des concertations sur la vie ch\u00e8re, le collectif Nio Lank a \u00e9t\u00e9 aper\u00e7u lundi dernier \u00e0 la pr\u00e9sidence de la R\u00e9publique. Ce, sur invitation du chef de l&rsquo;\u00c9tat. Le mouvement a profit\u00e9 de l&rsquo;occasion pour parler des probl\u00e8mes sociaux, de l&rsquo;\u00e9levage, de l&rsquo;agriculture entre autres secteurs qui constituent un grand fardeau pour la population. Le collectif Nio Lank sans langue de bois est revenu sur la \u00ab\u00a0s\u00e9questration\u00a0\u00bb de leurs camarades, qui ont \u00e9t\u00e9 \u00ab injustement \u00bb incarc\u00e9r\u00e9s. Les critiques vont a l&rsquo;endroit du pr\u00e9sident Sall, de l&rsquo;administration, des institutions judiciaires et le corps militaire qui serait manipul\u00e9 selon Fallou Diagne, coordonnateur du dit collectif. Il trouve normale l&rsquo;attitude des d\u00e9put\u00e9s de YAW lors de l&rsquo;installation de la 14\u00e9me l\u00e9gislature. L&rsquo;activiste exige la lib\u00e9ration de son camarade Karim Xrum Xax. Suivez en exclusivit\u00e9 cet entretien de Public TV avec Fallou Diagne qui revient sur beaucoup de points. .\" \/>\n<meta property=\"og:url\" content=\"https:\/\/www.public.sn\/index.php\/2022\/09\/28\/nio-lank-au-palais-les-precisions-de-fallou-diagne\/\" \/>\n<meta property=\"og:site_name\" content=\"LE PUBLIC\" \/>\n<meta property=\"article:published_time\" content=\"2022-09-28T23:04:48+00:00\" \/>\n<meta property=\"article:modified_time\" content=\"2022-09-28T23:05:52+00:00\" \/>\n<meta property=\"og:image\" content=\"https:\/\/www.public.sn\/wp-content\/uploads\/2022\/09\/WhatsApp-Image-2022-09-28-at-19.11.11-1.jpeg\" \/>\n\t<meta property=\"og:image:width\" content=\"1080\" \/>\n\t<meta property=\"og:image:height\" content=\"607\" \/>\n\t<meta property=\"og:image:type\" content=\"image\/jpeg\" \/>\n<meta name=\"author\" content=\"LA REDACTION\" \/>\n<meta name=\"twitter:card\" content=\"summary_large_image\" \/>\n<meta name=\"twitter:label1\" content=\"\u00c9crit par\" \/>\n\t<meta name=\"twitter:data1\" content=\"LA REDACTION\" \/>\n\t<meta name=\"twitter:label2\" content=\"Dur\u00e9e de lecture estim\u00e9e\" \/>\n\t<meta name=\"twitter:data2\" content=\"1 minute\" \/>\n<script type=\"application\/ld+json\" class=\"yoast-schema-graph\">{\"@context\":\"https:\/\/schema.org\",\"@graph\":[{\"@type\":\"Article\",\"@id\":\"https:\/\/www.public.sn\/index.php\/2022\/09\/28\/nio-lank-au-palais-les-precisions-de-fallou-diagne\/#article\",\"isPartOf\":{\"@id\":\"https:\/\/www.public.sn\/index.php\/2022\/09\/28\/nio-lank-au-palais-les-precisions-de-fallou-diagne\/\"},\"author\":{\"name\":\"LA REDACTION\",\"@id\":\"https:\/\/www.public.sn\/#\/schema\/person\/e3f4a11b037d4203902db148f9bc8d5a\"},\"headline\":\"Nio Lank au Palais : Les pr\u00e9cisions de Fallou Diagne \u2026\",\"datePublished\":\"2022-09-28T23:04:48+00:00\",\"dateModified\":\"2022-09-28T23:05:52+00:00\",\"mainEntityOfPage\":{\"@id\":\"https:\/\/www.public.sn\/index.php\/2022\/09\/28\/nio-lank-au-palais-les-precisions-de-fallou-diagne\/\"},\"wordCount\":173,\"commentCount\":0,\"publisher\":{\"@id\":\"https:\/\/www.public.sn\/#organization\"},\"image\":{\"@id\":\"https:\/\/www.public.sn\/index.php\/2022\/09\/28\/nio-lank-au-palais-les-precisions-de-fallou-diagne\/#primaryimage\"},\"thumbnailUrl\":\"https:\/\/www.public.sn\/wp-content\/uploads\/2022\/09\/WhatsApp-Image-2022-09-28-at-19.11.11-1.jpeg\",\"keywords\":[\"Macky Sall\",\"No Lank\"],\"articleSection\":[\"POLITIQUE\",\"PUBLIC TV\",\"S\u00c9N\u00c9GAL\",\"SOCIETE\",\"VIDEOS\"],\"inLanguage\":\"fr-FR\",\"potentialAction\":[{\"@type\":\"CommentAction\",\"name\":\"Comment\",\"target\":[\"https:\/\/www.public.sn\/index.php\/2022\/09\/28\/nio-lank-au-palais-les-precisions-de-fallou-diagne\/#respond\"]}]},{\"@type\":\"WebPage\",\"@id\":\"https:\/\/www.public.sn\/index.php\/2022\/09\/28\/nio-lank-au-palais-les-precisions-de-fallou-diagne\/\",\"url\":\"https:\/\/www.public.sn\/index.php\/2022\/09\/28\/nio-lank-au-palais-les-precisions-de-fallou-diagne\/\",\"name\":\"Nio Lank au Palais : Les pr\u00e9cisions de Fallou Diagne \u2026 - LE PUBLIC\",\"isPartOf\":{\"@id\":\"https:\/\/www.public.sn\/#website\"},\"primaryImageOfPage\":{\"@id\":\"https:\/\/www.public.sn\/index.php\/2022\/09\/28\/nio-lank-au-palais-les-precisions-de-fallou-diagne\/#primaryimage\"},\"image\":{\"@id\":\"https:\/\/www.public.sn\/index.php\/2022\/09\/28\/nio-lank-au-palais-les-precisions-de-fallou-diagne\/#primaryimage\"},\"thumbnailUrl\":\"https:\/\/www.public.sn\/wp-content\/uploads\/2022\/09\/WhatsApp-Image-2022-09-28-at-19.11.11-1.jpeg\",\"datePublished\":\"2022-09-28T23:04:48+00:00\",\"dateModified\":\"2022-09-28T23:05:52+00:00\",\"breadcrumb\":{\"@id\":\"https:\/\/www.public.sn\/index.php\/2022\/09\/28\/nio-lank-au-palais-les-precisions-de-fallou-diagne\/#breadcrumb\"},\"inLanguage\":\"fr-FR\",\"potentialAction\":[{\"@type\":\"ReadAction\",\"target\":[\"https:\/\/www.public.sn\/index.php\/2022\/09\/28\/nio-lank-au-palais-les-precisions-de-fallou-diagne\/\"]}]},{\"@type\":\"ImageObject\",\"inLanguage\":\"fr-FR\",\"@id\":\"https:\/\/www.public.sn\/index.php\/2022\/09\/28\/nio-lank-au-palais-les-precisions-de-fallou-diagne\/#primaryimage\",\"url\":\"https:\/\/www.public.sn\/wp-content\/uploads\/2022\/09\/WhatsApp-Image-2022-09-28-at-19.11.11-1.jpeg\",\"contentUrl\":\"https:\/\/www.public.sn\/wp-content\/uploads\/2022\/09\/WhatsApp-Image-2022-09-28-at-19.11.11-1.jpeg\",\"width\":1080,\"height\":607},{\"@type\":\"BreadcrumbList\",\"@id\":\"https:\/\/www.public.sn\/index.php\/2022\/09\/28\/nio-lank-au-palais-les-precisions-de-fallou-diagne\/#breadcrumb\",\"itemListElement\":[{\"@type\":\"ListItem\",\"position\":1,\"name\":\"Accueil\",\"item\":\"https:\/\/www.public.sn\/\"},{\"@type\":\"ListItem\",\"position\":2,\"name\":\"Nio Lank au Palais : Les pr\u00e9cisions de Fallou Diagne \u2026\"}]},{\"@type\":\"WebSite\",\"@id\":\"https:\/\/www.public.sn\/#website\",\"url\":\"https:\/\/www.public.sn\/\",\"name\":\"LE PUBLIC\",\"description\":\"\",\"publisher\":{\"@id\":\"https:\/\/www.public.sn\/#organization\"},\"potentialAction\":[{\"@type\":\"SearchAction\",\"target\":{\"@type\":\"EntryPoint\",\"urlTemplate\":\"https:\/\/www.public.sn\/?s={search_term_string}\"},\"query-input\":{\"@type\":\"PropertyValueSpecification\",\"valueRequired\":true,\"valueName\":\"search_term_string\"}}],\"inLanguage\":\"fr-FR\"},{\"@type\":\"Organization\",\"@id\":\"https:\/\/www.public.sn\/#organization\",\"name\":\"LE PUBLIC\",\"url\":\"https:\/\/www.public.sn\/\",\"logo\":{\"@type\":\"ImageObject\",\"inLanguage\":\"fr-FR\",\"@id\":\"https:\/\/www.public.sn\/#\/schema\/logo\/image\/\",\"url\":\"https:\/\/www.public.sn\/wp-content\/uploads\/2024\/05\/cropped-LOGO-PUBLIC.SN_.png\",\"contentUrl\":\"https:\/\/www.public.sn\/wp-content\/uploads\/2024\/05\/cropped-LOGO-PUBLIC.SN_.png\",\"width\":682,\"height\":192,\"caption\":\"LE PUBLIC\"},\"image\":{\"@id\":\"https:\/\/www.public.sn\/#\/schema\/logo\/image\/\"}},{\"@type\":\"Person\",\"@id\":\"https:\/\/www.public.sn\/#\/schema\/person\/e3f4a11b037d4203902db148f9bc8d5a\",\"name\":\"LA REDACTION\",\"image\":{\"@type\":\"ImageObject\",\"inLanguage\":\"fr-FR\",\"@id\":\"https:\/\/www.public.sn\/#\/schema\/person\/image\/\",\"url\":\"https:\/\/secure.gravatar.com\/avatar\/d6c030db45db2883c075085c5d6c6258654a801a93766b49af0b82d4f454e2a5?s=96&d=mm&r=g\",\"contentUrl\":\"https:\/\/secure.gravatar.com\/avatar\/d6c030db45db2883c075085c5d6c6258654a801a93766b49af0b82d4f454e2a5?s=96&d=mm&r=g\",\"caption\":\"LA REDACTION\"},\"sameAs\":[\"http:\/\/www.public.sn\"],\"url\":\"https:\/\/www.public.sn\/index.php\/author\/admin7324\/\"}]}<\/script>\n<!-- \/ Yoast SEO plugin. -->","yoast_head_json":{"title":"Nio Lank au Palais : Les pr\u00e9cisions de Fallou Diagne \u2026 - LE PUBLIC","robots":{"index":"index","follow":"follow","max-snippet":"max-snippet:-1","max-image-preview":"max-image-preview:large","max-video-preview":"max-video-preview:-1"},"canonical":"https:\/\/www.public.sn\/index.php\/2022\/09\/28\/nio-lank-au-palais-les-precisions-de-fallou-diagne\/","og_locale":"fr_FR","og_type":"article","og_title":"Nio Lank au Palais : Les pr\u00e9cisions de Fallou Diagne \u2026 - LE PUBLIC","og_description":"Dans le cadre du lancement des concertations sur la vie ch\u00e8re, le collectif Nio Lank a \u00e9t\u00e9 aper\u00e7u lundi dernier \u00e0 la pr\u00e9sidence de la R\u00e9publique. Ce, sur invitation du chef de l&rsquo;\u00c9tat. Le mouvement a profit\u00e9 de l&rsquo;occasion pour parler des probl\u00e8mes sociaux, de l&rsquo;\u00e9levage, de l&rsquo;agriculture entre autres secteurs qui constituent un grand fardeau pour la population. Le collectif Nio Lank sans langue de bois est revenu sur la \u00ab\u00a0s\u00e9questration\u00a0\u00bb de leurs camarades, qui ont \u00e9t\u00e9 \u00ab injustement \u00bb incarc\u00e9r\u00e9s. Les critiques vont a l&rsquo;endroit du pr\u00e9sident Sall, de l&rsquo;administration, des institutions judiciaires et le corps militaire qui serait manipul\u00e9 selon Fallou Diagne, coordonnateur du dit collectif. Il trouve normale l&rsquo;attitude des d\u00e9put\u00e9s de YAW lors de l&rsquo;installation de la 14\u00e9me l\u00e9gislature. L&rsquo;activiste exige la lib\u00e9ration de son camarade Karim Xrum Xax. Suivez en exclusivit\u00e9 cet entretien de Public TV avec Fallou Diagne qui revient sur beaucoup de points. .","og_url":"https:\/\/www.public.sn\/index.php\/2022\/09\/28\/nio-lank-au-palais-les-precisions-de-fallou-diagne\/","og_site_name":"LE PUBLIC","article_published_time":"2022-09-28T23:04:48+00:00","article_modified_time":"2022-09-28T23:05:52+00:00","og_image":[{"width":1080,"height":607,"url":"https:\/\/www.public.sn\/wp-content\/uploads\/2022\/09\/WhatsApp-Image-2022-09-28-at-19.11.11-1.jpeg","type":"image\/jpeg"}],"author":"LA REDACTION","twitter_card":"summary_large_image","twitter_misc":{"\u00c9crit par":"LA REDACTION","Dur\u00e9e de lecture estim\u00e9e":"1 minute"},"schema":{"@context":"https:\/\/schema.org","@graph":[{"@type":"Article","@id":"https:\/\/www.public.sn\/index.php\/2022\/09\/28\/nio-lank-au-palais-les-precisions-de-fallou-diagne\/#article","isPartOf":{"@id":"https:\/\/www.public.sn\/index.php\/2022\/09\/28\/nio-lank-au-palais-les-precisions-de-fallou-diagne\/"},"author":{"name":"LA REDACTION","@id":"https:\/\/www.public.sn\/#\/schema\/person\/e3f4a11b037d4203902db148f9bc8d5a"},"headline":"Nio Lank au Palais : Les pr\u00e9cisions de Fallou Diagne \u2026","datePublished":"2022-09-28T23:04:48+00:00","dateModified":"2022-09-28T23:05:52+00:00","mainEntityOfPage":{"@id":"https:\/\/www.public.sn\/index.php\/2022\/09\/28\/nio-lank-au-palais-les-precisions-de-fallou-diagne\/"},"wordCount":173,"commentCount":0,"publisher":{"@id":"https:\/\/www.public.sn\/#organization"},"image":{"@id":"https:\/\/www.public.sn\/index.php\/2022\/09\/28\/nio-lank-au-palais-les-precisions-de-fallou-diagne\/#primaryimage"},"thumbnailUrl":"https:\/\/www.public.sn\/wp-content\/uploads\/2022\/09\/WhatsApp-Image-2022-09-28-at-19.11.11-1.jpeg","keywords":["Macky Sall","No Lank"],"articleSection":["POLITIQUE","PUBLIC TV","S\u00c9N\u00c9GAL","SOCIETE","VIDEOS"],"inLanguage":"fr-FR","potentialAction":[{"@type":"CommentAction","name":"Comment","target":["https:\/\/www.public.sn\/index.php\/2022\/09\/28\/nio-lank-au-palais-les-precisions-de-fallou-diagne\/#respond"]}]},{"@type":"WebPage","@id":"https:\/\/www.public.sn\/index.php\/2022\/09\/28\/nio-lank-au-palais-les-precisions-de-fallou-diagne\/","url":"https:\/\/www.public.sn\/index.php\/2022\/09\/28\/nio-lank-au-palais-les-precisions-de-fallou-diagne\/","name":"Nio Lank au Palais : Les pr\u00e9cisions de Fallou Diagne \u2026 - LE PUBLIC","isPartOf":{"@id":"https:\/\/www.public.sn\/#website"},"primaryImageOfPage":{"@id":"https:\/\/www.public.sn\/index.php\/2022\/09\/28\/nio-lank-au-palais-les-precisions-de-fallou-diagne\/#primaryimage"},"image":{"@id":"https:\/\/www.public.sn\/index.php\/2022\/09\/28\/nio-lank-au-palais-les-precisions-de-fallou-diagne\/#primaryimage"},"thumbnailUrl":"https:\/\/www.public.sn\/wp-content\/uploads\/2022\/09\/WhatsApp-Image-2022-09-28-at-19.11.11-1.jpeg","datePublished":"2022-09-28T23:04:48+00:00","dateModified":"2022-09-28T23:05:52+00:00","breadcrumb":{"@id":"https:\/\/www.public.sn\/index.php\/2022\/09\/28\/nio-lank-au-palais-les-precisions-de-fallou-diagne\/#breadcrumb"},"inLanguage":"fr-FR","potentialAction":[{"@type":"ReadAction","target":["https:\/\/www.public.sn\/index.php\/2022\/09\/28\/nio-lank-au-palais-les-precisions-de-fallou-diagne\/"]}]},{"@type":"ImageObject","inLanguage":"fr-FR","@id":"https:\/\/www.public.sn\/index.php\/2022\/09\/28\/nio-lank-au-palais-les-precisions-de-fallou-diagne\/#primaryimage","url":"https:\/\/www.public.sn\/wp-content\/uploads\/2022\/09\/WhatsApp-Image-2022-09-28-at-19.11.11-1.jpeg","contentUrl":"https:\/\/www.public.sn\/wp-content\/uploads\/2022\/09\/WhatsApp-Image-2022-09-28-at-19.11.11-1.jpeg","width":1080,"height":607},{"@type":"BreadcrumbList","@id":"https:\/\/www.public.sn\/index.php\/2022\/09\/28\/nio-lank-au-palais-les-precisions-de-fallou-diagne\/#breadcrumb","itemListElement":[{"@type":"ListItem","position":1,"name":"Accueil","item":"https:\/\/www.public.sn\/"},{"@type":"ListItem","position":2,"name":"Nio Lank au Palais : Les pr\u00e9cisions de Fallou Diagne \u2026"}]},{"@type":"WebSite","@id":"https:\/\/www.public.sn\/#website","url":"https:\/\/www.public.sn\/","name":"LE PUBLIC","description":"","publisher":{"@id":"https:\/\/www.public.sn\/#organization"},"potentialAction":[{"@type":"SearchAction","target":{"@type":"EntryPoint","urlTemplate":"https:\/\/www.public.sn\/?s={search_term_string}"},"query-input":{"@type":"PropertyValueSpecification","valueRequired":true,"valueName":"search_term_string"}}],"inLanguage":"fr-FR"},{"@type":"Organization","@id":"https:\/\/www.public.sn\/#organization","name":"LE PUBLIC","url":"https:\/\/www.public.sn\/","logo":{"@type":"ImageObject","inLanguage":"fr-FR","@id":"https:\/\/www.public.sn\/#\/schema\/logo\/image\/","url":"https:\/\/www.public.sn\/wp-content\/uploads\/2024\/05\/cropped-LOGO-PUBLIC.SN_.png","contentUrl":"https:\/\/www.public.sn\/wp-content\/uploads\/2024\/05\/cropped-LOGO-PUBLIC.SN_.png","width":682,"height":192,"caption":"LE PUBLIC"},"image":{"@id":"https:\/\/www.public.sn\/#\/schema\/logo\/image\/"}},{"@type":"Person","@id":"https:\/\/www.public.sn\/#\/schema\/person\/e3f4a11b037d4203902db148f9bc8d5a","name":"LA REDACTION","image":{"@type":"ImageObject","inLanguage":"fr-FR","@id":"https:\/\/www.public.sn\/#\/schema\/person\/image\/","url":"https:\/\/secure.gravatar.com\/avatar\/d6c030db45db2883c075085c5d6c6258654a801a93766b49af0b82d4f454e2a5?s=96&d=mm&r=g","contentUrl":"https:\/\/secure.gravatar.com\/avatar\/d6c030db45db2883c075085c5d6c6258654a801a93766b49af0b82d4f454e2a5?s=96&d=mm&r=g","caption":"LA REDACTION"},"sameAs":["http:\/\/www.public.sn"],"url":"https:\/\/www.public.sn\/index.php\/author\/admin7324\/"}]}},"jetpack_featured_media_url":"https:\/\/www.public.sn\/wp-content\/uploads\/2022\/09\/WhatsApp-Image-2022-09-28-at-19.11.11-1.jpeg","jetpack_sharing_enabled":true,"_links":{"self":[{"href":"https:\/\/www.public.sn\/index.php\/wp-json\/wp\/v2\/posts\/3122","targetHints":{"allow":["GET"]}}],"collection":[{"href":"https:\/\/www.public.sn\/index.php\/wp-json\/wp\/v2\/posts"}],"about":[{"href":"https:\/\/www.public.sn\/index.php\/wp-json\/wp\/v2\/types\/post"}],"author":[{"embeddable":true,"href":"https:\/\/www.public.sn\/index.php\/wp-json\/wp\/v2\/users\/1"}],"replies":[{"embeddable":true,"href":"https:\/\/www.public.sn\/index.php\/wp-json\/wp\/v2\/comments?post=3122"}],"version-history":[{"count":3,"href":"https:\/\/www.public.sn\/index.php\/wp-json\/wp\/v2\/posts\/3122\/revisions"}],"predecessor-version":[{"id":3128,"href":"https:\/\/www.public.sn\/index.php\/wp-json\/wp\/v2\/posts\/3122\/revisions\/3128"}],"wp:featuredmedia":[{"embeddable":true,"href":"https:\/\/www.public.sn\/index.php\/wp-json\/wp\/v2\/media\/3106"}],"wp:attachment":[{"href":"https:\/\/www.public.sn\/index.php\/wp-json\/wp\/v2\/media?parent=3122"}],"wp:term":[{"taxonomy":"category","embeddable":true,"href":"https:\/\/www.public.sn\/index.php\/wp-json\/wp\/v2\/categories?post=3122"},{"taxonomy":"post_tag","embeddable":true,"href":"https:\/\/www.public.sn\/index.php\/wp-json\/wp\/v2\/tags?post=3122"}],"curies":[{"name":"wp","href":"https:\/\/api.w.org\/{rel}","templated":true}]}}