{"id":31280,"date":"2024-03-05T13:48:35","date_gmt":"2024-03-05T13:48:35","guid":{"rendered":"https:\/\/www.public.sn\/?p=31280"},"modified":"2024-03-05T13:48:35","modified_gmt":"2024-03-05T13:48:35","slug":"loi-damnestie-thierno-alassane-sall-dit-non-a-ce-projet","status":"publish","type":"post","link":"https:\/\/www.public.sn\/index.php\/2024\/03\/05\/loi-damnestie-thierno-alassane-sall-dit-non-a-ce-projet\/","title":{"rendered":"Loi d&rsquo;amnestie: Thierno Alassane Sall  dit \u00ab\u00a0NON\u00a0\u00bb \u00e0 ce projet"},"content":{"rendered":"<p>Balles r\u00e9elles, femmes br\u00fbl\u00e9es vives \u00e0 bord de bus, jeunes handicap\u00e9s \u00e0 vie, avenirs calcin\u00e9s, universit\u00e9 saccag\u00e9e, biens publics et priv\u00e9s d\u00e9truits, des forces pr\u00e9sent\u00e9es comme occultes par des repr\u00e9sentants de l&rsquo;Etat, contredits ensuite par les m\u00e9dias.<\/p><div class=\"publi-paragraphe1\" style=\"margin-top: 10px;margin-bottom: 10px;margin-left: auto;margin-right: auto;text-align: center;\" id=\"publi-3801571958\"><div class=\"publi-adlabel\">Publicit\u00e9<\/div><script async src=\"\/\/pagead2.googlesyndication.com\/pagead\/js\/adsbygoogle.js?client=ca-pub-4089586018074219\" crossorigin=\"anonymous\"><\/script><ins class=\"adsbygoogle\" style=\"display:block;\" data-ad-client=\"ca-pub-4089586018074219\" \ndata-ad-slot=\"2087940154\" \ndata-ad-format=\"auto\"><\/ins>\n<script> \n(adsbygoogle = window.adsbygoogle || []).push({}); \n<\/script>\n<\/div>\n<p>Beaucoup de nos compatriotes porteront, \u00e0 vie, les stigmates de ces \u00e9v\u00e9nements. Nous avons tous \u00e9t\u00e9 directement ou indirectement meurtris.<\/p>\n<p>En ces jours de mars o\u00f9 le Pays devrait \u00eatre tenu en haleine par le second tour de la pr\u00e9sidentielle, nous voil\u00e0 face \u00e0 une tentative d&rsquo;occulter la v\u00e9rit\u00e9 pour le b\u00e9n\u00e9fice de quelques-uns. Qui est derri\u00e8re cette loi ? \u00c0 qui profite-t-elle vraiment ? De telles questions se posent .<\/p>\n<p>Les victimes, les familles, le S\u00e9n\u00e9gal m\u00e9ritent que la lumi\u00e8re soit faite. La v\u00e9rit\u00e9 doit pr\u00e9c\u00e9der le pardon. C&rsquo;est une seconde mort, un second crime que d&rsquo;octroyer la libert\u00e9, sans la v\u00e9rit\u00e9 et la r\u00e9ponse aux questions qui obs\u00e8dent les victimes, leurs proches et tout S\u00e9n\u00e9galais normal : pourquoi ? Par qui ?<\/p>\n<p>En tant que d\u00e9put\u00e9, Pr\u00e9sident du parti RV et candidat \u00e0 l&rsquo;\u00e9lection pr\u00e9sidentielle, Thierno Alassane Sall ne compte pas soutenir ce projet de loi d&rsquo;amnistie qui porte une atteinte grave \u00e0 la m\u00e9moire des victimes des manifestations et aux familles en qu\u00eate de la v\u00e9rit\u00e9.<\/p>\n<div class=\"publi-apres-le-contenu\" style=\"margin-top: 10px;margin-bottom: 10px;margin-left: auto;margin-right: auto;text-align: center;\" id=\"publi-2940554404\"><div class=\"publi-adlabel\">Publicit\u00e9<\/div><script async src=\"\/\/pagead2.googlesyndication.com\/pagead\/js\/adsbygoogle.js?client=ca-pub-4089586018074219\" crossorigin=\"anonymous\"><\/script><ins class=\"adsbygoogle\" style=\"display:block;\" data-ad-client=\"ca-pub-4089586018074219\" \ndata-ad-slot=\"2087940154\" \ndata-ad-format=\"auto\"><\/ins>\n<script> \n(adsbygoogle = window.adsbygoogle || []).push({}); \n<\/script>\n<\/div>","protected":false},"excerpt":{"rendered":"<p>Balles r\u00e9elles, femmes br\u00fbl\u00e9es vives \u00e0 bord de bus, jeunes handicap\u00e9s \u00e0 vie, avenirs calcin\u00e9s, universit\u00e9 saccag\u00e9e, biens publics et priv\u00e9s d\u00e9truits, des forces pr\u00e9sent\u00e9es comme occultes par des repr\u00e9sentants de l&rsquo;Etat, contredits ensuite par les m\u00e9dias. Beaucoup de nos compatriotes porteront, \u00e0 vie, les stigmates de ces \u00e9v\u00e9nements. Nous avons tous \u00e9t\u00e9 directement ou indirectement meurtris. En ces jours de mars o\u00f9 le Pays devrait \u00eatre tenu en haleine par le second tour de la pr\u00e9sidentielle, nous voil\u00e0 face \u00e0 une tentative d&rsquo;occulter la v\u00e9rit\u00e9 pour le b\u00e9n\u00e9fice de quelques-uns. Qui est derri\u00e8re cette loi ? \u00c0 qui profite-t-elle vraiment ? De telles questions se posent . Les victimes, les familles, le S\u00e9n\u00e9gal m\u00e9ritent que la lumi\u00e8re soit faite. La v\u00e9rit\u00e9 doit pr\u00e9c\u00e9der le pardon. C&rsquo;est une seconde mort, un second crime que d&rsquo;octroyer la libert\u00e9, sans la v\u00e9rit\u00e9 et la r\u00e9ponse aux questions qui obs\u00e8dent les victimes, leurs proches et tout S\u00e9n\u00e9galais normal : pourquoi ? Par qui ? En tant que d\u00e9put\u00e9, Pr\u00e9sident du parti RV et candidat \u00e0 l&rsquo;\u00e9lection pr\u00e9sidentielle, Thierno Alassane Sall ne compte pas soutenir ce projet de loi d&rsquo;amnistie qui porte une atteinte grave \u00e0 la m\u00e9moire des victimes des manifestations et aux familles en qu\u00eate de la v\u00e9rit\u00e9.<\/p>\n","protected":false},"author":12,"featured_media":24910,"comment_status":"open","ping_status":"open","sticky":false,"template":"","format":"standard","meta":{"_jetpack_memberships_contains_paid_content":false,"footnotes":""},"categories":[375,3724,3,8],"tags":[5445,1150],"class_list":["post-31280","post","type-post","status-publish","format-standard","has-post-thumbnail","hentry","category-actualites","category-justice","category-politique","category-public-tv","tag-amestie","tag-thierno-alassane-sall","entry","has-media","owp-thumbs-layout-horizontal","owp-btn-normal","owp-tabs-layout-horizontal","has-no-thumbnails","has-product-nav"],"yoast_head":"<!-- This site is optimized with the Yoast SEO plugin v25.5 - https:\/\/yoast.com\/wordpress\/plugins\/seo\/ -->\n<title>Loi d&#039;amnestie: Thierno Alassane Sall dit &quot;NON&quot; \u00e0 ce projet - LE PUBLIC<\/title>\n<meta name=\"robots\" content=\"index, follow, max-snippet:-1, max-image-preview:large, max-video-preview:-1\" \/>\n<link rel=\"canonical\" href=\"https:\/\/www.public.sn\/index.php\/2024\/03\/05\/loi-damnestie-thierno-alassane-sall-dit-non-a-ce-projet\/\" \/>\n<meta property=\"og:locale\" content=\"fr_FR\" \/>\n<meta property=\"og:type\" content=\"article\" \/>\n<meta property=\"og:title\" content=\"Loi d&#039;amnestie: Thierno Alassane Sall dit &quot;NON&quot; \u00e0 ce projet - LE PUBLIC\" \/>\n<meta property=\"og:description\" content=\"Balles r\u00e9elles, femmes br\u00fbl\u00e9es vives \u00e0 bord de bus, jeunes handicap\u00e9s \u00e0 vie, avenirs calcin\u00e9s, universit\u00e9 saccag\u00e9e, biens publics et priv\u00e9s d\u00e9truits, des forces pr\u00e9sent\u00e9es comme occultes par des repr\u00e9sentants de l&rsquo;Etat, contredits ensuite par les m\u00e9dias. Beaucoup de nos compatriotes porteront, \u00e0 vie, les stigmates de ces \u00e9v\u00e9nements. Nous avons tous \u00e9t\u00e9 directement ou indirectement meurtris. En ces jours de mars o\u00f9 le Pays devrait \u00eatre tenu en haleine par le second tour de la pr\u00e9sidentielle, nous voil\u00e0 face \u00e0 une tentative d&rsquo;occulter la v\u00e9rit\u00e9 pour le b\u00e9n\u00e9fice de quelques-uns. Qui est derri\u00e8re cette loi ? \u00c0 qui profite-t-elle vraiment ? De telles questions se posent . Les victimes, les familles, le S\u00e9n\u00e9gal m\u00e9ritent que la lumi\u00e8re soit faite. La v\u00e9rit\u00e9 doit pr\u00e9c\u00e9der le pardon. C&rsquo;est une seconde mort, un second crime que d&rsquo;octroyer la libert\u00e9, sans la v\u00e9rit\u00e9 et la r\u00e9ponse aux questions qui obs\u00e8dent les victimes, leurs proches et tout S\u00e9n\u00e9galais normal : pourquoi ? Par qui ? En tant que d\u00e9put\u00e9, Pr\u00e9sident du parti RV et candidat \u00e0 l&rsquo;\u00e9lection pr\u00e9sidentielle, Thierno Alassane Sall ne compte pas soutenir ce projet de loi d&rsquo;amnistie qui porte une atteinte grave \u00e0 la m\u00e9moire des victimes des manifestations et aux familles en qu\u00eate de la v\u00e9rit\u00e9.\" \/>\n<meta property=\"og:url\" content=\"https:\/\/www.public.sn\/index.php\/2024\/03\/05\/loi-damnestie-thierno-alassane-sall-dit-non-a-ce-projet\/\" \/>\n<meta property=\"og:site_name\" content=\"LE PUBLIC\" \/>\n<meta property=\"article:published_time\" content=\"2024-03-05T13:48:35+00:00\" \/>\n<meta property=\"og:image\" content=\"https:\/\/www.public.sn\/wp-content\/uploads\/2023\/07\/TAS.jpeg\" \/>\n\t<meta property=\"og:image:width\" content=\"600\" \/>\n\t<meta property=\"og:image:height\" content=\"508\" \/>\n\t<meta property=\"og:image:type\" content=\"image\/jpeg\" \/>\n<meta name=\"author\" content=\"Man\u00e9 Ba\" \/>\n<meta name=\"twitter:card\" content=\"summary_large_image\" \/>\n<meta name=\"twitter:label1\" content=\"\u00c9crit par\" \/>\n\t<meta name=\"twitter:data1\" content=\"Man\u00e9 Ba\" \/>\n\t<meta name=\"twitter:label2\" content=\"Dur\u00e9e de lecture estim\u00e9e\" \/>\n\t<meta name=\"twitter:data2\" content=\"2 minutes\" \/>\n<script type=\"application\/ld+json\" class=\"yoast-schema-graph\">{\"@context\":\"https:\/\/schema.org\",\"@graph\":[{\"@type\":\"Article\",\"@id\":\"https:\/\/www.public.sn\/index.php\/2024\/03\/05\/loi-damnestie-thierno-alassane-sall-dit-non-a-ce-projet\/#article\",\"isPartOf\":{\"@id\":\"https:\/\/www.public.sn\/index.php\/2024\/03\/05\/loi-damnestie-thierno-alassane-sall-dit-non-a-ce-projet\/\"},\"author\":{\"name\":\"Man\u00e9 Ba\",\"@id\":\"https:\/\/www.public.sn\/#\/schema\/person\/0cb769602dc17ecb89fd54a2197a221a\"},\"headline\":\"Loi d&rsquo;amnestie: Thierno Alassane Sall dit \u00ab\u00a0NON\u00a0\u00bb \u00e0 ce projet\",\"datePublished\":\"2024-03-05T13:48:35+00:00\",\"mainEntityOfPage\":{\"@id\":\"https:\/\/www.public.sn\/index.php\/2024\/03\/05\/loi-damnestie-thierno-alassane-sall-dit-non-a-ce-projet\/\"},\"wordCount\":239,\"commentCount\":0,\"publisher\":{\"@id\":\"https:\/\/www.public.sn\/#organization\"},\"image\":{\"@id\":\"https:\/\/www.public.sn\/index.php\/2024\/03\/05\/loi-damnestie-thierno-alassane-sall-dit-non-a-ce-projet\/#primaryimage\"},\"thumbnailUrl\":\"https:\/\/www.public.sn\/wp-content\/uploads\/2023\/07\/TAS.jpeg\",\"keywords\":[\"amestie\",\"thierno alassane sall\"],\"articleSection\":[\"ACTUALIT\u00c9S\",\"justice\",\"POLITIQUE\",\"PUBLIC TV\"],\"inLanguage\":\"fr-FR\",\"potentialAction\":[{\"@type\":\"CommentAction\",\"name\":\"Comment\",\"target\":[\"https:\/\/www.public.sn\/index.php\/2024\/03\/05\/loi-damnestie-thierno-alassane-sall-dit-non-a-ce-projet\/#respond\"]}]},{\"@type\":\"WebPage\",\"@id\":\"https:\/\/www.public.sn\/index.php\/2024\/03\/05\/loi-damnestie-thierno-alassane-sall-dit-non-a-ce-projet\/\",\"url\":\"https:\/\/www.public.sn\/index.php\/2024\/03\/05\/loi-damnestie-thierno-alassane-sall-dit-non-a-ce-projet\/\",\"name\":\"Loi d'amnestie: Thierno Alassane Sall dit \\\"NON\\\" \u00e0 ce projet - LE PUBLIC\",\"isPartOf\":{\"@id\":\"https:\/\/www.public.sn\/#website\"},\"primaryImageOfPage\":{\"@id\":\"https:\/\/www.public.sn\/index.php\/2024\/03\/05\/loi-damnestie-thierno-alassane-sall-dit-non-a-ce-projet\/#primaryimage\"},\"image\":{\"@id\":\"https:\/\/www.public.sn\/index.php\/2024\/03\/05\/loi-damnestie-thierno-alassane-sall-dit-non-a-ce-projet\/#primaryimage\"},\"thumbnailUrl\":\"https:\/\/www.public.sn\/wp-content\/uploads\/2023\/07\/TAS.jpeg\",\"datePublished\":\"2024-03-05T13:48:35+00:00\",\"breadcrumb\":{\"@id\":\"https:\/\/www.public.sn\/index.php\/2024\/03\/05\/loi-damnestie-thierno-alassane-sall-dit-non-a-ce-projet\/#breadcrumb\"},\"inLanguage\":\"fr-FR\",\"potentialAction\":[{\"@type\":\"ReadAction\",\"target\":[\"https:\/\/www.public.sn\/index.php\/2024\/03\/05\/loi-damnestie-thierno-alassane-sall-dit-non-a-ce-projet\/\"]}]},{\"@type\":\"ImageObject\",\"inLanguage\":\"fr-FR\",\"@id\":\"https:\/\/www.public.sn\/index.php\/2024\/03\/05\/loi-damnestie-thierno-alassane-sall-dit-non-a-ce-projet\/#primaryimage\",\"url\":\"https:\/\/www.public.sn\/wp-content\/uploads\/2023\/07\/TAS.jpeg\",\"contentUrl\":\"https:\/\/www.public.sn\/wp-content\/uploads\/2023\/07\/TAS.jpeg\",\"width\":600,\"height\":508},{\"@type\":\"BreadcrumbList\",\"@id\":\"https:\/\/www.public.sn\/index.php\/2024\/03\/05\/loi-damnestie-thierno-alassane-sall-dit-non-a-ce-projet\/#breadcrumb\",\"itemListElement\":[{\"@type\":\"ListItem\",\"position\":1,\"name\":\"Accueil\",\"item\":\"https:\/\/www.public.sn\/\"},{\"@type\":\"ListItem\",\"position\":2,\"name\":\"Loi d&rsquo;amnestie: Thierno Alassane Sall dit \u00ab\u00a0NON\u00a0\u00bb \u00e0 ce projet\"}]},{\"@type\":\"WebSite\",\"@id\":\"https:\/\/www.public.sn\/#website\",\"url\":\"https:\/\/www.public.sn\/\",\"name\":\"LE PUBLIC\",\"description\":\"\",\"publisher\":{\"@id\":\"https:\/\/www.public.sn\/#organization\"},\"potentialAction\":[{\"@type\":\"SearchAction\",\"target\":{\"@type\":\"EntryPoint\",\"urlTemplate\":\"https:\/\/www.public.sn\/?s={search_term_string}\"},\"query-input\":{\"@type\":\"PropertyValueSpecification\",\"valueRequired\":true,\"valueName\":\"search_term_string\"}}],\"inLanguage\":\"fr-FR\"},{\"@type\":\"Organization\",\"@id\":\"https:\/\/www.public.sn\/#organization\",\"name\":\"LE PUBLIC\",\"url\":\"https:\/\/www.public.sn\/\",\"logo\":{\"@type\":\"ImageObject\",\"inLanguage\":\"fr-FR\",\"@id\":\"https:\/\/www.public.sn\/#\/schema\/logo\/image\/\",\"url\":\"https:\/\/www.public.sn\/wp-content\/uploads\/2024\/05\/cropped-LOGO-PUBLIC.SN_.png\",\"contentUrl\":\"https:\/\/www.public.sn\/wp-content\/uploads\/2024\/05\/cropped-LOGO-PUBLIC.SN_.png\",\"width\":682,\"height\":192,\"caption\":\"LE PUBLIC\"},\"image\":{\"@id\":\"https:\/\/www.public.sn\/#\/schema\/logo\/image\/\"}},{\"@type\":\"Person\",\"@id\":\"https:\/\/www.public.sn\/#\/schema\/person\/0cb769602dc17ecb89fd54a2197a221a\",\"name\":\"Man\u00e9 Ba\",\"image\":{\"@type\":\"ImageObject\",\"inLanguage\":\"fr-FR\",\"@id\":\"https:\/\/www.public.sn\/#\/schema\/person\/image\/\",\"url\":\"https:\/\/secure.gravatar.com\/avatar\/b31a37f6b2529b7e9303b5aacf26777a86815e524f04961246da8183f5e2535a?s=96&d=mm&r=g\",\"contentUrl\":\"https:\/\/secure.gravatar.com\/avatar\/b31a37f6b2529b7e9303b5aacf26777a86815e524f04961246da8183f5e2535a?s=96&d=mm&r=g\",\"caption\":\"Man\u00e9 Ba\"},\"url\":\"https:\/\/www.public.sn\/index.php\/author\/bamanesen\/\"}]}<\/script>\n<!-- \/ Yoast SEO plugin. -->","yoast_head_json":{"title":"Loi d'amnestie: Thierno Alassane Sall dit \"NON\" \u00e0 ce projet - LE PUBLIC","robots":{"index":"index","follow":"follow","max-snippet":"max-snippet:-1","max-image-preview":"max-image-preview:large","max-video-preview":"max-video-preview:-1"},"canonical":"https:\/\/www.public.sn\/index.php\/2024\/03\/05\/loi-damnestie-thierno-alassane-sall-dit-non-a-ce-projet\/","og_locale":"fr_FR","og_type":"article","og_title":"Loi d'amnestie: Thierno Alassane Sall dit \"NON\" \u00e0 ce projet - LE PUBLIC","og_description":"Balles r\u00e9elles, femmes br\u00fbl\u00e9es vives \u00e0 bord de bus, jeunes handicap\u00e9s \u00e0 vie, avenirs calcin\u00e9s, universit\u00e9 saccag\u00e9e, biens publics et priv\u00e9s d\u00e9truits, des forces pr\u00e9sent\u00e9es comme occultes par des repr\u00e9sentants de l&rsquo;Etat, contredits ensuite par les m\u00e9dias. Beaucoup de nos compatriotes porteront, \u00e0 vie, les stigmates de ces \u00e9v\u00e9nements. Nous avons tous \u00e9t\u00e9 directement ou indirectement meurtris. En ces jours de mars o\u00f9 le Pays devrait \u00eatre tenu en haleine par le second tour de la pr\u00e9sidentielle, nous voil\u00e0 face \u00e0 une tentative d&rsquo;occulter la v\u00e9rit\u00e9 pour le b\u00e9n\u00e9fice de quelques-uns. Qui est derri\u00e8re cette loi ? \u00c0 qui profite-t-elle vraiment ? De telles questions se posent . Les victimes, les familles, le S\u00e9n\u00e9gal m\u00e9ritent que la lumi\u00e8re soit faite. La v\u00e9rit\u00e9 doit pr\u00e9c\u00e9der le pardon. C&rsquo;est une seconde mort, un second crime que d&rsquo;octroyer la libert\u00e9, sans la v\u00e9rit\u00e9 et la r\u00e9ponse aux questions qui obs\u00e8dent les victimes, leurs proches et tout S\u00e9n\u00e9galais normal : pourquoi ? Par qui ? En tant que d\u00e9put\u00e9, Pr\u00e9sident du parti RV et candidat \u00e0 l&rsquo;\u00e9lection pr\u00e9sidentielle, Thierno Alassane Sall ne compte pas soutenir ce projet de loi d&rsquo;amnistie qui porte une atteinte grave \u00e0 la m\u00e9moire des victimes des manifestations et aux familles en qu\u00eate de la v\u00e9rit\u00e9.","og_url":"https:\/\/www.public.sn\/index.php\/2024\/03\/05\/loi-damnestie-thierno-alassane-sall-dit-non-a-ce-projet\/","og_site_name":"LE PUBLIC","article_published_time":"2024-03-05T13:48:35+00:00","og_image":[{"width":600,"height":508,"url":"https:\/\/www.public.sn\/wp-content\/uploads\/2023\/07\/TAS.jpeg","type":"image\/jpeg"}],"author":"Man\u00e9 Ba","twitter_card":"summary_large_image","twitter_misc":{"\u00c9crit par":"Man\u00e9 Ba","Dur\u00e9e de lecture estim\u00e9e":"2 minutes"},"schema":{"@context":"https:\/\/schema.org","@graph":[{"@type":"Article","@id":"https:\/\/www.public.sn\/index.php\/2024\/03\/05\/loi-damnestie-thierno-alassane-sall-dit-non-a-ce-projet\/#article","isPartOf":{"@id":"https:\/\/www.public.sn\/index.php\/2024\/03\/05\/loi-damnestie-thierno-alassane-sall-dit-non-a-ce-projet\/"},"author":{"name":"Man\u00e9 Ba","@id":"https:\/\/www.public.sn\/#\/schema\/person\/0cb769602dc17ecb89fd54a2197a221a"},"headline":"Loi d&rsquo;amnestie: Thierno Alassane Sall dit \u00ab\u00a0NON\u00a0\u00bb \u00e0 ce projet","datePublished":"2024-03-05T13:48:35+00:00","mainEntityOfPage":{"@id":"https:\/\/www.public.sn\/index.php\/2024\/03\/05\/loi-damnestie-thierno-alassane-sall-dit-non-a-ce-projet\/"},"wordCount":239,"commentCount":0,"publisher":{"@id":"https:\/\/www.public.sn\/#organization"},"image":{"@id":"https:\/\/www.public.sn\/index.php\/2024\/03\/05\/loi-damnestie-thierno-alassane-sall-dit-non-a-ce-projet\/#primaryimage"},"thumbnailUrl":"https:\/\/www.public.sn\/wp-content\/uploads\/2023\/07\/TAS.jpeg","keywords":["amestie","thierno alassane sall"],"articleSection":["ACTUALIT\u00c9S","justice","POLITIQUE","PUBLIC TV"],"inLanguage":"fr-FR","potentialAction":[{"@type":"CommentAction","name":"Comment","target":["https:\/\/www.public.sn\/index.php\/2024\/03\/05\/loi-damnestie-thierno-alassane-sall-dit-non-a-ce-projet\/#respond"]}]},{"@type":"WebPage","@id":"https:\/\/www.public.sn\/index.php\/2024\/03\/05\/loi-damnestie-thierno-alassane-sall-dit-non-a-ce-projet\/","url":"https:\/\/www.public.sn\/index.php\/2024\/03\/05\/loi-damnestie-thierno-alassane-sall-dit-non-a-ce-projet\/","name":"Loi d'amnestie: Thierno Alassane Sall dit \"NON\" \u00e0 ce projet - LE PUBLIC","isPartOf":{"@id":"https:\/\/www.public.sn\/#website"},"primaryImageOfPage":{"@id":"https:\/\/www.public.sn\/index.php\/2024\/03\/05\/loi-damnestie-thierno-alassane-sall-dit-non-a-ce-projet\/#primaryimage"},"image":{"@id":"https:\/\/www.public.sn\/index.php\/2024\/03\/05\/loi-damnestie-thierno-alassane-sall-dit-non-a-ce-projet\/#primaryimage"},"thumbnailUrl":"https:\/\/www.public.sn\/wp-content\/uploads\/2023\/07\/TAS.jpeg","datePublished":"2024-03-05T13:48:35+00:00","breadcrumb":{"@id":"https:\/\/www.public.sn\/index.php\/2024\/03\/05\/loi-damnestie-thierno-alassane-sall-dit-non-a-ce-projet\/#breadcrumb"},"inLanguage":"fr-FR","potentialAction":[{"@type":"ReadAction","target":["https:\/\/www.public.sn\/index.php\/2024\/03\/05\/loi-damnestie-thierno-alassane-sall-dit-non-a-ce-projet\/"]}]},{"@type":"ImageObject","inLanguage":"fr-FR","@id":"https:\/\/www.public.sn\/index.php\/2024\/03\/05\/loi-damnestie-thierno-alassane-sall-dit-non-a-ce-projet\/#primaryimage","url":"https:\/\/www.public.sn\/wp-content\/uploads\/2023\/07\/TAS.jpeg","contentUrl":"https:\/\/www.public.sn\/wp-content\/uploads\/2023\/07\/TAS.jpeg","width":600,"height":508},{"@type":"BreadcrumbList","@id":"https:\/\/www.public.sn\/index.php\/2024\/03\/05\/loi-damnestie-thierno-alassane-sall-dit-non-a-ce-projet\/#breadcrumb","itemListElement":[{"@type":"ListItem","position":1,"name":"Accueil","item":"https:\/\/www.public.sn\/"},{"@type":"ListItem","position":2,"name":"Loi d&rsquo;amnestie: Thierno Alassane Sall dit \u00ab\u00a0NON\u00a0\u00bb \u00e0 ce projet"}]},{"@type":"WebSite","@id":"https:\/\/www.public.sn\/#website","url":"https:\/\/www.public.sn\/","name":"LE PUBLIC","description":"","publisher":{"@id":"https:\/\/www.public.sn\/#organization"},"potentialAction":[{"@type":"SearchAction","target":{"@type":"EntryPoint","urlTemplate":"https:\/\/www.public.sn\/?s={search_term_string}"},"query-input":{"@type":"PropertyValueSpecification","valueRequired":true,"valueName":"search_term_string"}}],"inLanguage":"fr-FR"},{"@type":"Organization","@id":"https:\/\/www.public.sn\/#organization","name":"LE PUBLIC","url":"https:\/\/www.public.sn\/","logo":{"@type":"ImageObject","inLanguage":"fr-FR","@id":"https:\/\/www.public.sn\/#\/schema\/logo\/image\/","url":"https:\/\/www.public.sn\/wp-content\/uploads\/2024\/05\/cropped-LOGO-PUBLIC.SN_.png","contentUrl":"https:\/\/www.public.sn\/wp-content\/uploads\/2024\/05\/cropped-LOGO-PUBLIC.SN_.png","width":682,"height":192,"caption":"LE PUBLIC"},"image":{"@id":"https:\/\/www.public.sn\/#\/schema\/logo\/image\/"}},{"@type":"Person","@id":"https:\/\/www.public.sn\/#\/schema\/person\/0cb769602dc17ecb89fd54a2197a221a","name":"Man\u00e9 Ba","image":{"@type":"ImageObject","inLanguage":"fr-FR","@id":"https:\/\/www.public.sn\/#\/schema\/person\/image\/","url":"https:\/\/secure.gravatar.com\/avatar\/b31a37f6b2529b7e9303b5aacf26777a86815e524f04961246da8183f5e2535a?s=96&d=mm&r=g","contentUrl":"https:\/\/secure.gravatar.com\/avatar\/b31a37f6b2529b7e9303b5aacf26777a86815e524f04961246da8183f5e2535a?s=96&d=mm&r=g","caption":"Man\u00e9 Ba"},"url":"https:\/\/www.public.sn\/index.php\/author\/bamanesen\/"}]}},"jetpack_featured_media_url":"https:\/\/www.public.sn\/wp-content\/uploads\/2023\/07\/TAS.jpeg","jetpack_sharing_enabled":true,"_links":{"self":[{"href":"https:\/\/www.public.sn\/index.php\/wp-json\/wp\/v2\/posts\/31280","targetHints":{"allow":["GET"]}}],"collection":[{"href":"https:\/\/www.public.sn\/index.php\/wp-json\/wp\/v2\/posts"}],"about":[{"href":"https:\/\/www.public.sn\/index.php\/wp-json\/wp\/v2\/types\/post"}],"author":[{"embeddable":true,"href":"https:\/\/www.public.sn\/index.php\/wp-json\/wp\/v2\/users\/12"}],"replies":[{"embeddable":true,"href":"https:\/\/www.public.sn\/index.php\/wp-json\/wp\/v2\/comments?post=31280"}],"version-history":[{"count":1,"href":"https:\/\/www.public.sn\/index.php\/wp-json\/wp\/v2\/posts\/31280\/revisions"}],"predecessor-version":[{"id":31281,"href":"https:\/\/www.public.sn\/index.php\/wp-json\/wp\/v2\/posts\/31280\/revisions\/31281"}],"wp:featuredmedia":[{"embeddable":true,"href":"https:\/\/www.public.sn\/index.php\/wp-json\/wp\/v2\/media\/24910"}],"wp:attachment":[{"href":"https:\/\/www.public.sn\/index.php\/wp-json\/wp\/v2\/media?parent=31280"}],"wp:term":[{"taxonomy":"category","embeddable":true,"href":"https:\/\/www.public.sn\/index.php\/wp-json\/wp\/v2\/categories?post=31280"},{"taxonomy":"post_tag","embeddable":true,"href":"https:\/\/www.public.sn\/index.php\/wp-json\/wp\/v2\/tags?post=31280"}],"curies":[{"name":"wp","href":"https:\/\/api.w.org\/{rel}","templated":true}]}}