{"id":31315,"date":"2024-03-07T15:16:54","date_gmt":"2024-03-07T15:16:54","guid":{"rendered":"https:\/\/www.public.sn\/?p=31315"},"modified":"2024-03-07T15:16:54","modified_gmt":"2024-03-07T15:16:54","slug":"election-presidentielle-la-date-du-24-mars-confirme-par-le-conseil-constitutionnel","status":"publish","type":"post","link":"https:\/\/www.public.sn\/index.php\/2024\/03\/07\/election-presidentielle-la-date-du-24-mars-confirme-par-le-conseil-constitutionnel\/","title":{"rendered":"Election Pr\u00e9sidentielle: La date du 24 mars confirm\u00e9 par le conseil constitutionnel"},"content":{"rendered":"<p>Le conseil constitutionnel a confirm\u00e9 la date du 24 mars\u00a0 pour la tenue de l\u2019\u00e9lection pr\u00e9sidentielle, a-t-on appris \u00e0 Iradio.<\/p><div class=\"publi-paragraphe1\" style=\"margin-top: 10px;margin-bottom: 10px;margin-left: auto;margin-right: auto;text-align: center;\" id=\"publi-136158344\"><div class=\"publi-adlabel\">Publicit\u00e9<\/div><script async src=\"\/\/pagead2.googlesyndication.com\/pagead\/js\/adsbygoogle.js?client=ca-pub-4089586018074219\" crossorigin=\"anonymous\"><\/script><ins class=\"adsbygoogle\" style=\"display:block;\" data-ad-client=\"ca-pub-4089586018074219\" \ndata-ad-slot=\"2087940154\" \ndata-ad-format=\"auto\"><\/ins>\n<script> \n(adsbygoogle = window.adsbygoogle || []).push({}); \n<\/script>\n<\/div>\n<p>Officiellement, Le scrutin aura lieu, comme annonc\u00e9 la veille, par le chef de l\u2019Etat Macky Sall, le 24 mars 2024. Tout est all\u00e9 tr\u00e8s vite le mercredi soir. Deux dates ont \u00e9t\u00e9 annonc\u00e9es par la tenue de l\u2019\u00e9lection pr\u00e9sidentielle. Une par le Conseil constitutionnel proposant le 31 mars et une autre annonc\u00e9e par Macky Sall en Conseil des ministres pour le 24 mars. Ces nouvelles sont tomb\u00e9es pendant que les d\u00e9put\u00e9s s\u2019appr\u00eataient \u00e0 voter le projet de loi portant amnistie des faits rapportant aux manifestations politiques allant du 1er f\u00e9vrier 2021 au 25 f\u00e9vrier 2024. Texte qui a finalement \u00e9t\u00e9 adopt\u00e9 par l\u2019assembl\u00e9 nationale \u00e0 la majorit\u00e9. 94 d\u00e9put\u00e9s ont vot\u00e9 pour, 48 contre et 3 abstention.<\/p>\n<p>&nbsp;<\/p>\n<div class=\"publi-apres-le-contenu\" style=\"margin-top: 10px;margin-bottom: 10px;margin-left: auto;margin-right: auto;text-align: center;\" id=\"publi-2675774256\"><div class=\"publi-adlabel\">Publicit\u00e9<\/div><script async src=\"\/\/pagead2.googlesyndication.com\/pagead\/js\/adsbygoogle.js?client=ca-pub-4089586018074219\" crossorigin=\"anonymous\"><\/script><ins class=\"adsbygoogle\" style=\"display:block;\" data-ad-client=\"ca-pub-4089586018074219\" \ndata-ad-slot=\"2087940154\" \ndata-ad-format=\"auto\"><\/ins>\n<script> \n(adsbygoogle = window.adsbygoogle || []).push({}); \n<\/script>\n<\/div>","protected":false},"excerpt":{"rendered":"<p>Le conseil constitutionnel a confirm\u00e9 la date du 24 mars\u00a0 pour la tenue de l\u2019\u00e9lection pr\u00e9sidentielle, a-t-on appris \u00e0 Iradio. Officiellement, Le scrutin aura lieu, comme annonc\u00e9 la veille, par le chef de l\u2019Etat Macky Sall, le 24 mars 2024. Tout est all\u00e9 tr\u00e8s vite le mercredi soir. Deux dates ont \u00e9t\u00e9 annonc\u00e9es par la tenue de l\u2019\u00e9lection pr\u00e9sidentielle. Une par le Conseil constitutionnel proposant le 31 mars et une autre annonc\u00e9e par Macky Sall en Conseil des ministres pour le 24 mars. Ces nouvelles sont tomb\u00e9es pendant que les d\u00e9put\u00e9s s\u2019appr\u00eataient \u00e0 voter le projet de loi portant amnistie des faits rapportant aux manifestations politiques allant du 1er f\u00e9vrier 2021 au 25 f\u00e9vrier 2024. Texte qui a finalement \u00e9t\u00e9 adopt\u00e9 par l\u2019assembl\u00e9 nationale \u00e0 la majorit\u00e9. 94 d\u00e9put\u00e9s ont vot\u00e9 pour, 48 contre et 3 abstention. &nbsp;<\/p>\n","protected":false},"author":12,"featured_media":25577,"comment_status":"open","ping_status":"open","sticky":false,"template":"","format":"standard","meta":{"_jetpack_memberships_contains_paid_content":false,"footnotes":""},"categories":[375,3,1],"tags":[455,5448,463],"class_list":["post-31315","post","type-post","status-publish","format-standard","has-post-thumbnail","hentry","category-actualites","category-politique","category-non-classe","tag-conseil-constitutionnel","tag-date","tag-election","entry","has-media","owp-thumbs-layout-horizontal","owp-btn-normal","owp-tabs-layout-horizontal","has-no-thumbnails","has-product-nav"],"yoast_head":"<!-- This site is optimized with the Yoast SEO plugin v25.5 - https:\/\/yoast.com\/wordpress\/plugins\/seo\/ -->\n<title>Election Pr\u00e9sidentielle: La date du 24 mars confirm\u00e9 par le conseil constitutionnel - LE PUBLIC<\/title>\n<meta name=\"robots\" content=\"index, follow, max-snippet:-1, max-image-preview:large, max-video-preview:-1\" \/>\n<link rel=\"canonical\" href=\"https:\/\/www.public.sn\/index.php\/2024\/03\/07\/election-presidentielle-la-date-du-24-mars-confirme-par-le-conseil-constitutionnel\/\" \/>\n<meta property=\"og:locale\" content=\"fr_FR\" \/>\n<meta property=\"og:type\" content=\"article\" \/>\n<meta property=\"og:title\" content=\"Election Pr\u00e9sidentielle: La date du 24 mars confirm\u00e9 par le conseil constitutionnel - LE PUBLIC\" \/>\n<meta property=\"og:description\" content=\"Le conseil constitutionnel a confirm\u00e9 la date du 24 mars\u00a0 pour la tenue de l\u2019\u00e9lection pr\u00e9sidentielle, a-t-on appris \u00e0 Iradio. Officiellement, Le scrutin aura lieu, comme annonc\u00e9 la veille, par le chef de l\u2019Etat Macky Sall, le 24 mars 2024. Tout est all\u00e9 tr\u00e8s vite le mercredi soir. Deux dates ont \u00e9t\u00e9 annonc\u00e9es par la tenue de l\u2019\u00e9lection pr\u00e9sidentielle. Une par le Conseil constitutionnel proposant le 31 mars et une autre annonc\u00e9e par Macky Sall en Conseil des ministres pour le 24 mars. Ces nouvelles sont tomb\u00e9es pendant que les d\u00e9put\u00e9s s\u2019appr\u00eataient \u00e0 voter le projet de loi portant amnistie des faits rapportant aux manifestations politiques allant du 1er f\u00e9vrier 2021 au 25 f\u00e9vrier 2024. Texte qui a finalement \u00e9t\u00e9 adopt\u00e9 par l\u2019assembl\u00e9 nationale \u00e0 la majorit\u00e9. 94 d\u00e9put\u00e9s ont vot\u00e9 pour, 48 contre et 3 abstention. &nbsp;\" \/>\n<meta property=\"og:url\" content=\"https:\/\/www.public.sn\/index.php\/2024\/03\/07\/election-presidentielle-la-date-du-24-mars-confirme-par-le-conseil-constitutionnel\/\" \/>\n<meta property=\"og:site_name\" content=\"LE PUBLIC\" \/>\n<meta property=\"article:published_time\" content=\"2024-03-07T15:16:54+00:00\" \/>\n<meta property=\"og:image\" content=\"https:\/\/www.public.sn\/wp-content\/uploads\/2023\/07\/Conseil-constitutionnel.jpg\" \/>\n\t<meta property=\"og:image:width\" content=\"690\" \/>\n\t<meta property=\"og:image:height\" content=\"400\" \/>\n\t<meta property=\"og:image:type\" content=\"image\/jpeg\" \/>\n<meta name=\"author\" content=\"Man\u00e9 Ba\" \/>\n<meta name=\"twitter:card\" content=\"summary_large_image\" \/>\n<meta name=\"twitter:label1\" content=\"\u00c9crit par\" \/>\n\t<meta name=\"twitter:data1\" content=\"Man\u00e9 Ba\" \/>\n\t<meta name=\"twitter:label2\" content=\"Dur\u00e9e de lecture estim\u00e9e\" \/>\n\t<meta name=\"twitter:data2\" content=\"1 minute\" \/>\n<script type=\"application\/ld+json\" class=\"yoast-schema-graph\">{\"@context\":\"https:\/\/schema.org\",\"@graph\":[{\"@type\":\"Article\",\"@id\":\"https:\/\/www.public.sn\/index.php\/2024\/03\/07\/election-presidentielle-la-date-du-24-mars-confirme-par-le-conseil-constitutionnel\/#article\",\"isPartOf\":{\"@id\":\"https:\/\/www.public.sn\/index.php\/2024\/03\/07\/election-presidentielle-la-date-du-24-mars-confirme-par-le-conseil-constitutionnel\/\"},\"author\":{\"name\":\"Man\u00e9 Ba\",\"@id\":\"https:\/\/www.public.sn\/#\/schema\/person\/0cb769602dc17ecb89fd54a2197a221a\"},\"headline\":\"Election Pr\u00e9sidentielle: La date du 24 mars confirm\u00e9 par le conseil constitutionnel\",\"datePublished\":\"2024-03-07T15:16:54+00:00\",\"mainEntityOfPage\":{\"@id\":\"https:\/\/www.public.sn\/index.php\/2024\/03\/07\/election-presidentielle-la-date-du-24-mars-confirme-par-le-conseil-constitutionnel\/\"},\"wordCount\":154,\"commentCount\":0,\"publisher\":{\"@id\":\"https:\/\/www.public.sn\/#organization\"},\"image\":{\"@id\":\"https:\/\/www.public.sn\/index.php\/2024\/03\/07\/election-presidentielle-la-date-du-24-mars-confirme-par-le-conseil-constitutionnel\/#primaryimage\"},\"thumbnailUrl\":\"https:\/\/www.public.sn\/wp-content\/uploads\/2023\/07\/Conseil-constitutionnel.jpg\",\"keywords\":[\"Conseil Constitutionnel\",\"date\",\"\u00c9lection\"],\"articleSection\":[\"ACTUALIT\u00c9S\",\"POLITIQUE\",\"S\u00c9N\u00c9GAL\"],\"inLanguage\":\"fr-FR\",\"potentialAction\":[{\"@type\":\"CommentAction\",\"name\":\"Comment\",\"target\":[\"https:\/\/www.public.sn\/index.php\/2024\/03\/07\/election-presidentielle-la-date-du-24-mars-confirme-par-le-conseil-constitutionnel\/#respond\"]}]},{\"@type\":\"WebPage\",\"@id\":\"https:\/\/www.public.sn\/index.php\/2024\/03\/07\/election-presidentielle-la-date-du-24-mars-confirme-par-le-conseil-constitutionnel\/\",\"url\":\"https:\/\/www.public.sn\/index.php\/2024\/03\/07\/election-presidentielle-la-date-du-24-mars-confirme-par-le-conseil-constitutionnel\/\",\"name\":\"Election Pr\u00e9sidentielle: La date du 24 mars confirm\u00e9 par le conseil constitutionnel - LE PUBLIC\",\"isPartOf\":{\"@id\":\"https:\/\/www.public.sn\/#website\"},\"primaryImageOfPage\":{\"@id\":\"https:\/\/www.public.sn\/index.php\/2024\/03\/07\/election-presidentielle-la-date-du-24-mars-confirme-par-le-conseil-constitutionnel\/#primaryimage\"},\"image\":{\"@id\":\"https:\/\/www.public.sn\/index.php\/2024\/03\/07\/election-presidentielle-la-date-du-24-mars-confirme-par-le-conseil-constitutionnel\/#primaryimage\"},\"thumbnailUrl\":\"https:\/\/www.public.sn\/wp-content\/uploads\/2023\/07\/Conseil-constitutionnel.jpg\",\"datePublished\":\"2024-03-07T15:16:54+00:00\",\"breadcrumb\":{\"@id\":\"https:\/\/www.public.sn\/index.php\/2024\/03\/07\/election-presidentielle-la-date-du-24-mars-confirme-par-le-conseil-constitutionnel\/#breadcrumb\"},\"inLanguage\":\"fr-FR\",\"potentialAction\":[{\"@type\":\"ReadAction\",\"target\":[\"https:\/\/www.public.sn\/index.php\/2024\/03\/07\/election-presidentielle-la-date-du-24-mars-confirme-par-le-conseil-constitutionnel\/\"]}]},{\"@type\":\"ImageObject\",\"inLanguage\":\"fr-FR\",\"@id\":\"https:\/\/www.public.sn\/index.php\/2024\/03\/07\/election-presidentielle-la-date-du-24-mars-confirme-par-le-conseil-constitutionnel\/#primaryimage\",\"url\":\"https:\/\/www.public.sn\/wp-content\/uploads\/2023\/07\/Conseil-constitutionnel.jpg\",\"contentUrl\":\"https:\/\/www.public.sn\/wp-content\/uploads\/2023\/07\/Conseil-constitutionnel.jpg\",\"width\":690,\"height\":400},{\"@type\":\"BreadcrumbList\",\"@id\":\"https:\/\/www.public.sn\/index.php\/2024\/03\/07\/election-presidentielle-la-date-du-24-mars-confirme-par-le-conseil-constitutionnel\/#breadcrumb\",\"itemListElement\":[{\"@type\":\"ListItem\",\"position\":1,\"name\":\"Accueil\",\"item\":\"https:\/\/www.public.sn\/\"},{\"@type\":\"ListItem\",\"position\":2,\"name\":\"Election Pr\u00e9sidentielle: La date du 24 mars confirm\u00e9 par le conseil constitutionnel\"}]},{\"@type\":\"WebSite\",\"@id\":\"https:\/\/www.public.sn\/#website\",\"url\":\"https:\/\/www.public.sn\/\",\"name\":\"LE PUBLIC\",\"description\":\"\",\"publisher\":{\"@id\":\"https:\/\/www.public.sn\/#organization\"},\"potentialAction\":[{\"@type\":\"SearchAction\",\"target\":{\"@type\":\"EntryPoint\",\"urlTemplate\":\"https:\/\/www.public.sn\/?s={search_term_string}\"},\"query-input\":{\"@type\":\"PropertyValueSpecification\",\"valueRequired\":true,\"valueName\":\"search_term_string\"}}],\"inLanguage\":\"fr-FR\"},{\"@type\":\"Organization\",\"@id\":\"https:\/\/www.public.sn\/#organization\",\"name\":\"LE PUBLIC\",\"url\":\"https:\/\/www.public.sn\/\",\"logo\":{\"@type\":\"ImageObject\",\"inLanguage\":\"fr-FR\",\"@id\":\"https:\/\/www.public.sn\/#\/schema\/logo\/image\/\",\"url\":\"https:\/\/www.public.sn\/wp-content\/uploads\/2024\/05\/cropped-LOGO-PUBLIC.SN_.png\",\"contentUrl\":\"https:\/\/www.public.sn\/wp-content\/uploads\/2024\/05\/cropped-LOGO-PUBLIC.SN_.png\",\"width\":682,\"height\":192,\"caption\":\"LE PUBLIC\"},\"image\":{\"@id\":\"https:\/\/www.public.sn\/#\/schema\/logo\/image\/\"}},{\"@type\":\"Person\",\"@id\":\"https:\/\/www.public.sn\/#\/schema\/person\/0cb769602dc17ecb89fd54a2197a221a\",\"name\":\"Man\u00e9 Ba\",\"image\":{\"@type\":\"ImageObject\",\"inLanguage\":\"fr-FR\",\"@id\":\"https:\/\/www.public.sn\/#\/schema\/person\/image\/\",\"url\":\"https:\/\/secure.gravatar.com\/avatar\/b31a37f6b2529b7e9303b5aacf26777a86815e524f04961246da8183f5e2535a?s=96&d=mm&r=g\",\"contentUrl\":\"https:\/\/secure.gravatar.com\/avatar\/b31a37f6b2529b7e9303b5aacf26777a86815e524f04961246da8183f5e2535a?s=96&d=mm&r=g\",\"caption\":\"Man\u00e9 Ba\"},\"url\":\"https:\/\/www.public.sn\/index.php\/author\/bamanesen\/\"}]}<\/script>\n<!-- \/ Yoast SEO plugin. -->","yoast_head_json":{"title":"Election Pr\u00e9sidentielle: La date du 24 mars confirm\u00e9 par le conseil constitutionnel - LE PUBLIC","robots":{"index":"index","follow":"follow","max-snippet":"max-snippet:-1","max-image-preview":"max-image-preview:large","max-video-preview":"max-video-preview:-1"},"canonical":"https:\/\/www.public.sn\/index.php\/2024\/03\/07\/election-presidentielle-la-date-du-24-mars-confirme-par-le-conseil-constitutionnel\/","og_locale":"fr_FR","og_type":"article","og_title":"Election Pr\u00e9sidentielle: La date du 24 mars confirm\u00e9 par le conseil constitutionnel - LE PUBLIC","og_description":"Le conseil constitutionnel a confirm\u00e9 la date du 24 mars\u00a0 pour la tenue de l\u2019\u00e9lection pr\u00e9sidentielle, a-t-on appris \u00e0 Iradio. Officiellement, Le scrutin aura lieu, comme annonc\u00e9 la veille, par le chef de l\u2019Etat Macky Sall, le 24 mars 2024. Tout est all\u00e9 tr\u00e8s vite le mercredi soir. Deux dates ont \u00e9t\u00e9 annonc\u00e9es par la tenue de l\u2019\u00e9lection pr\u00e9sidentielle. Une par le Conseil constitutionnel proposant le 31 mars et une autre annonc\u00e9e par Macky Sall en Conseil des ministres pour le 24 mars. Ces nouvelles sont tomb\u00e9es pendant que les d\u00e9put\u00e9s s\u2019appr\u00eataient \u00e0 voter le projet de loi portant amnistie des faits rapportant aux manifestations politiques allant du 1er f\u00e9vrier 2021 au 25 f\u00e9vrier 2024. Texte qui a finalement \u00e9t\u00e9 adopt\u00e9 par l\u2019assembl\u00e9 nationale \u00e0 la majorit\u00e9. 94 d\u00e9put\u00e9s ont vot\u00e9 pour, 48 contre et 3 abstention. &nbsp;","og_url":"https:\/\/www.public.sn\/index.php\/2024\/03\/07\/election-presidentielle-la-date-du-24-mars-confirme-par-le-conseil-constitutionnel\/","og_site_name":"LE PUBLIC","article_published_time":"2024-03-07T15:16:54+00:00","og_image":[{"width":690,"height":400,"url":"https:\/\/www.public.sn\/wp-content\/uploads\/2023\/07\/Conseil-constitutionnel.jpg","type":"image\/jpeg"}],"author":"Man\u00e9 Ba","twitter_card":"summary_large_image","twitter_misc":{"\u00c9crit par":"Man\u00e9 Ba","Dur\u00e9e de lecture estim\u00e9e":"1 minute"},"schema":{"@context":"https:\/\/schema.org","@graph":[{"@type":"Article","@id":"https:\/\/www.public.sn\/index.php\/2024\/03\/07\/election-presidentielle-la-date-du-24-mars-confirme-par-le-conseil-constitutionnel\/#article","isPartOf":{"@id":"https:\/\/www.public.sn\/index.php\/2024\/03\/07\/election-presidentielle-la-date-du-24-mars-confirme-par-le-conseil-constitutionnel\/"},"author":{"name":"Man\u00e9 Ba","@id":"https:\/\/www.public.sn\/#\/schema\/person\/0cb769602dc17ecb89fd54a2197a221a"},"headline":"Election Pr\u00e9sidentielle: La date du 24 mars confirm\u00e9 par le conseil constitutionnel","datePublished":"2024-03-07T15:16:54+00:00","mainEntityOfPage":{"@id":"https:\/\/www.public.sn\/index.php\/2024\/03\/07\/election-presidentielle-la-date-du-24-mars-confirme-par-le-conseil-constitutionnel\/"},"wordCount":154,"commentCount":0,"publisher":{"@id":"https:\/\/www.public.sn\/#organization"},"image":{"@id":"https:\/\/www.public.sn\/index.php\/2024\/03\/07\/election-presidentielle-la-date-du-24-mars-confirme-par-le-conseil-constitutionnel\/#primaryimage"},"thumbnailUrl":"https:\/\/www.public.sn\/wp-content\/uploads\/2023\/07\/Conseil-constitutionnel.jpg","keywords":["Conseil Constitutionnel","date","\u00c9lection"],"articleSection":["ACTUALIT\u00c9S","POLITIQUE","S\u00c9N\u00c9GAL"],"inLanguage":"fr-FR","potentialAction":[{"@type":"CommentAction","name":"Comment","target":["https:\/\/www.public.sn\/index.php\/2024\/03\/07\/election-presidentielle-la-date-du-24-mars-confirme-par-le-conseil-constitutionnel\/#respond"]}]},{"@type":"WebPage","@id":"https:\/\/www.public.sn\/index.php\/2024\/03\/07\/election-presidentielle-la-date-du-24-mars-confirme-par-le-conseil-constitutionnel\/","url":"https:\/\/www.public.sn\/index.php\/2024\/03\/07\/election-presidentielle-la-date-du-24-mars-confirme-par-le-conseil-constitutionnel\/","name":"Election Pr\u00e9sidentielle: La date du 24 mars confirm\u00e9 par le conseil constitutionnel - LE PUBLIC","isPartOf":{"@id":"https:\/\/www.public.sn\/#website"},"primaryImageOfPage":{"@id":"https:\/\/www.public.sn\/index.php\/2024\/03\/07\/election-presidentielle-la-date-du-24-mars-confirme-par-le-conseil-constitutionnel\/#primaryimage"},"image":{"@id":"https:\/\/www.public.sn\/index.php\/2024\/03\/07\/election-presidentielle-la-date-du-24-mars-confirme-par-le-conseil-constitutionnel\/#primaryimage"},"thumbnailUrl":"https:\/\/www.public.sn\/wp-content\/uploads\/2023\/07\/Conseil-constitutionnel.jpg","datePublished":"2024-03-07T15:16:54+00:00","breadcrumb":{"@id":"https:\/\/www.public.sn\/index.php\/2024\/03\/07\/election-presidentielle-la-date-du-24-mars-confirme-par-le-conseil-constitutionnel\/#breadcrumb"},"inLanguage":"fr-FR","potentialAction":[{"@type":"ReadAction","target":["https:\/\/www.public.sn\/index.php\/2024\/03\/07\/election-presidentielle-la-date-du-24-mars-confirme-par-le-conseil-constitutionnel\/"]}]},{"@type":"ImageObject","inLanguage":"fr-FR","@id":"https:\/\/www.public.sn\/index.php\/2024\/03\/07\/election-presidentielle-la-date-du-24-mars-confirme-par-le-conseil-constitutionnel\/#primaryimage","url":"https:\/\/www.public.sn\/wp-content\/uploads\/2023\/07\/Conseil-constitutionnel.jpg","contentUrl":"https:\/\/www.public.sn\/wp-content\/uploads\/2023\/07\/Conseil-constitutionnel.jpg","width":690,"height":400},{"@type":"BreadcrumbList","@id":"https:\/\/www.public.sn\/index.php\/2024\/03\/07\/election-presidentielle-la-date-du-24-mars-confirme-par-le-conseil-constitutionnel\/#breadcrumb","itemListElement":[{"@type":"ListItem","position":1,"name":"Accueil","item":"https:\/\/www.public.sn\/"},{"@type":"ListItem","position":2,"name":"Election Pr\u00e9sidentielle: La date du 24 mars confirm\u00e9 par le conseil constitutionnel"}]},{"@type":"WebSite","@id":"https:\/\/www.public.sn\/#website","url":"https:\/\/www.public.sn\/","name":"LE PUBLIC","description":"","publisher":{"@id":"https:\/\/www.public.sn\/#organization"},"potentialAction":[{"@type":"SearchAction","target":{"@type":"EntryPoint","urlTemplate":"https:\/\/www.public.sn\/?s={search_term_string}"},"query-input":{"@type":"PropertyValueSpecification","valueRequired":true,"valueName":"search_term_string"}}],"inLanguage":"fr-FR"},{"@type":"Organization","@id":"https:\/\/www.public.sn\/#organization","name":"LE PUBLIC","url":"https:\/\/www.public.sn\/","logo":{"@type":"ImageObject","inLanguage":"fr-FR","@id":"https:\/\/www.public.sn\/#\/schema\/logo\/image\/","url":"https:\/\/www.public.sn\/wp-content\/uploads\/2024\/05\/cropped-LOGO-PUBLIC.SN_.png","contentUrl":"https:\/\/www.public.sn\/wp-content\/uploads\/2024\/05\/cropped-LOGO-PUBLIC.SN_.png","width":682,"height":192,"caption":"LE PUBLIC"},"image":{"@id":"https:\/\/www.public.sn\/#\/schema\/logo\/image\/"}},{"@type":"Person","@id":"https:\/\/www.public.sn\/#\/schema\/person\/0cb769602dc17ecb89fd54a2197a221a","name":"Man\u00e9 Ba","image":{"@type":"ImageObject","inLanguage":"fr-FR","@id":"https:\/\/www.public.sn\/#\/schema\/person\/image\/","url":"https:\/\/secure.gravatar.com\/avatar\/b31a37f6b2529b7e9303b5aacf26777a86815e524f04961246da8183f5e2535a?s=96&d=mm&r=g","contentUrl":"https:\/\/secure.gravatar.com\/avatar\/b31a37f6b2529b7e9303b5aacf26777a86815e524f04961246da8183f5e2535a?s=96&d=mm&r=g","caption":"Man\u00e9 Ba"},"url":"https:\/\/www.public.sn\/index.php\/author\/bamanesen\/"}]}},"jetpack_featured_media_url":"https:\/\/www.public.sn\/wp-content\/uploads\/2023\/07\/Conseil-constitutionnel.jpg","jetpack_sharing_enabled":true,"_links":{"self":[{"href":"https:\/\/www.public.sn\/index.php\/wp-json\/wp\/v2\/posts\/31315","targetHints":{"allow":["GET"]}}],"collection":[{"href":"https:\/\/www.public.sn\/index.php\/wp-json\/wp\/v2\/posts"}],"about":[{"href":"https:\/\/www.public.sn\/index.php\/wp-json\/wp\/v2\/types\/post"}],"author":[{"embeddable":true,"href":"https:\/\/www.public.sn\/index.php\/wp-json\/wp\/v2\/users\/12"}],"replies":[{"embeddable":true,"href":"https:\/\/www.public.sn\/index.php\/wp-json\/wp\/v2\/comments?post=31315"}],"version-history":[{"count":1,"href":"https:\/\/www.public.sn\/index.php\/wp-json\/wp\/v2\/posts\/31315\/revisions"}],"predecessor-version":[{"id":31316,"href":"https:\/\/www.public.sn\/index.php\/wp-json\/wp\/v2\/posts\/31315\/revisions\/31316"}],"wp:featuredmedia":[{"embeddable":true,"href":"https:\/\/www.public.sn\/index.php\/wp-json\/wp\/v2\/media\/25577"}],"wp:attachment":[{"href":"https:\/\/www.public.sn\/index.php\/wp-json\/wp\/v2\/media?parent=31315"}],"wp:term":[{"taxonomy":"category","embeddable":true,"href":"https:\/\/www.public.sn\/index.php\/wp-json\/wp\/v2\/categories?post=31315"},{"taxonomy":"post_tag","embeddable":true,"href":"https:\/\/www.public.sn\/index.php\/wp-json\/wp\/v2\/tags?post=31315"}],"curies":[{"name":"wp","href":"https:\/\/api.w.org\/{rel}","templated":true}]}}