{"id":31338,"date":"2024-03-09T11:42:12","date_gmt":"2024-03-09T11:42:12","guid":{"rendered":"https:\/\/www.public.sn\/?p=31338"},"modified":"2024-03-09T11:42:12","modified_gmt":"2024-03-09T11:42:12","slug":"dissolution-du-conseil-constitutionnel-moustapha-diakhate-dit-oui","status":"publish","type":"post","link":"https:\/\/www.public.sn\/index.php\/2024\/03\/09\/dissolution-du-conseil-constitutionnel-moustapha-diakhate-dit-oui\/","title":{"rendered":"Dissolution du Conseil Constitutionnel: Moustapha Diakhat\u00e9 dit \u00ab\u00a0OUI\u00a0\u00bb"},"content":{"rendered":"<p>Moustapha Diakhat\u00e9, dans une tribune intitul\u00e9e, \u00ab Convocation du corps \u00e9lectoral par le Conseil constitutionnel: les 7 sages profanent la R\u00e9publique \u00bb, ne d\u00e9col\u00e8re point contre cette voie de fait. Moustapha Diakhat\u00e9 exprime sa col\u00e8re face \u00e0 la d\u00e9cision du Conseil constitutionnel fixant la date de l\u2019\u00e9lection pr\u00e9sidentielle et convoquant le corps \u00e9lectoral au 31 mars 2024.<\/p><div class=\"publi-paragraphe1\" style=\"margin-top: 10px;margin-bottom: 10px;margin-left: auto;margin-right: auto;text-align: center;\" id=\"publi-407973873\"><div class=\"publi-adlabel\">Publicit\u00e9<\/div><script async src=\"\/\/pagead2.googlesyndication.com\/pagead\/js\/adsbygoogle.js?client=ca-pub-4089586018074219\" crossorigin=\"anonymous\"><\/script><ins class=\"adsbygoogle\" style=\"display:block;\" data-ad-client=\"ca-pub-4089586018074219\" \ndata-ad-slot=\"2087940154\" \ndata-ad-format=\"auto\"><\/ins>\n<script> \n(adsbygoogle = window.adsbygoogle || []).push({}); \n<\/script>\n<\/div>\n<p>Il accuse le Pr\u00e9sident de la R\u00e9publique et le Pds d\u2019avoir donn\u00e9 l\u2019occasion au Conseil constitutionnel d\u2019attenter gravement au principe de la s\u00e9paration des pouvoirs, inaugurant ainsi la \u00ab R\u00e9publique des Juges \u00bb.<\/p>\n<p>M. Diakhat\u00e9\u00a0 appelle \u00e0 la dissolution de l\u2019actuel Conseil Constitutionnel, transf\u00e9rant ses comp\u00e9tences \u00e0 la Cour supr\u00eame.<\/p>\n<div class=\"publi-apres-le-contenu\" style=\"margin-top: 10px;margin-bottom: 10px;margin-left: auto;margin-right: auto;text-align: center;\" id=\"publi-1324595562\"><div class=\"publi-adlabel\">Publicit\u00e9<\/div><script async src=\"\/\/pagead2.googlesyndication.com\/pagead\/js\/adsbygoogle.js?client=ca-pub-4089586018074219\" crossorigin=\"anonymous\"><\/script><ins class=\"adsbygoogle\" style=\"display:block;\" data-ad-client=\"ca-pub-4089586018074219\" \ndata-ad-slot=\"2087940154\" \ndata-ad-format=\"auto\"><\/ins>\n<script> \n(adsbygoogle = window.adsbygoogle || []).push({}); \n<\/script>\n<\/div>","protected":false},"excerpt":{"rendered":"<p>Moustapha Diakhat\u00e9, dans une tribune intitul\u00e9e, \u00ab Convocation du corps \u00e9lectoral par le Conseil constitutionnel: les 7 sages profanent la R\u00e9publique \u00bb, ne d\u00e9col\u00e8re point contre cette voie de fait. Moustapha Diakhat\u00e9 exprime sa col\u00e8re face \u00e0 la d\u00e9cision du Conseil constitutionnel fixant la date de l\u2019\u00e9lection pr\u00e9sidentielle et convoquant le corps \u00e9lectoral au 31 mars 2024. Il accuse le Pr\u00e9sident de la R\u00e9publique et le Pds d\u2019avoir donn\u00e9 l\u2019occasion au Conseil constitutionnel d\u2019attenter gravement au principe de la s\u00e9paration des pouvoirs, inaugurant ainsi la \u00ab R\u00e9publique des Juges \u00bb. M. Diakhat\u00e9\u00a0 appelle \u00e0 la dissolution de l\u2019actuel Conseil Constitutionnel, transf\u00e9rant ses comp\u00e9tences \u00e0 la Cour supr\u00eame.<\/p>\n","protected":false},"author":12,"featured_media":13886,"comment_status":"open","ping_status":"open","sticky":false,"template":"","format":"standard","meta":{"_jetpack_memberships_contains_paid_content":false,"footnotes":""},"categories":[375,3,8],"tags":[455,4914,2606],"class_list":["post-31338","post","type-post","status-publish","format-standard","has-post-thumbnail","hentry","category-actualites","category-politique","category-public-tv","tag-conseil-constitutionnel","tag-dissolution","tag-moustapha-diakhate","entry","has-media","owp-thumbs-layout-horizontal","owp-btn-normal","owp-tabs-layout-horizontal","has-no-thumbnails","has-product-nav"],"yoast_head":"<!-- This site is optimized with the Yoast SEO plugin v25.5 - https:\/\/yoast.com\/wordpress\/plugins\/seo\/ -->\n<title>Dissolution du Conseil Constitutionnel: Moustapha Diakhat\u00e9 dit &quot;OUI&quot; - LE PUBLIC<\/title>\n<meta name=\"robots\" content=\"index, follow, max-snippet:-1, max-image-preview:large, max-video-preview:-1\" \/>\n<link rel=\"canonical\" href=\"https:\/\/www.public.sn\/index.php\/2024\/03\/09\/dissolution-du-conseil-constitutionnel-moustapha-diakhate-dit-oui\/\" \/>\n<meta property=\"og:locale\" content=\"fr_FR\" \/>\n<meta property=\"og:type\" content=\"article\" \/>\n<meta property=\"og:title\" content=\"Dissolution du Conseil Constitutionnel: Moustapha Diakhat\u00e9 dit &quot;OUI&quot; - LE PUBLIC\" \/>\n<meta property=\"og:description\" content=\"Moustapha Diakhat\u00e9, dans une tribune intitul\u00e9e, \u00ab Convocation du corps \u00e9lectoral par le Conseil constitutionnel: les 7 sages profanent la R\u00e9publique \u00bb, ne d\u00e9col\u00e8re point contre cette voie de fait. Moustapha Diakhat\u00e9 exprime sa col\u00e8re face \u00e0 la d\u00e9cision du Conseil constitutionnel fixant la date de l\u2019\u00e9lection pr\u00e9sidentielle et convoquant le corps \u00e9lectoral au 31 mars 2024. Il accuse le Pr\u00e9sident de la R\u00e9publique et le Pds d\u2019avoir donn\u00e9 l\u2019occasion au Conseil constitutionnel d\u2019attenter gravement au principe de la s\u00e9paration des pouvoirs, inaugurant ainsi la \u00ab R\u00e9publique des Juges \u00bb. M. Diakhat\u00e9\u00a0 appelle \u00e0 la dissolution de l\u2019actuel Conseil Constitutionnel, transf\u00e9rant ses comp\u00e9tences \u00e0 la Cour supr\u00eame.\" \/>\n<meta property=\"og:url\" content=\"https:\/\/www.public.sn\/index.php\/2024\/03\/09\/dissolution-du-conseil-constitutionnel-moustapha-diakhate-dit-oui\/\" \/>\n<meta property=\"og:site_name\" content=\"LE PUBLIC\" \/>\n<meta property=\"article:published_time\" content=\"2024-03-09T11:42:12+00:00\" \/>\n<meta property=\"og:image\" content=\"https:\/\/www.public.sn\/wp-content\/uploads\/2023\/01\/Moustapha-Diakhate.png\" \/>\n\t<meta property=\"og:image:width\" content=\"1153\" \/>\n\t<meta property=\"og:image:height\" content=\"648\" \/>\n\t<meta property=\"og:image:type\" content=\"image\/png\" \/>\n<meta name=\"author\" content=\"Man\u00e9 Ba\" \/>\n<meta name=\"twitter:card\" content=\"summary_large_image\" \/>\n<meta name=\"twitter:label1\" content=\"\u00c9crit par\" \/>\n\t<meta name=\"twitter:data1\" content=\"Man\u00e9 Ba\" \/>\n\t<meta name=\"twitter:label2\" content=\"Dur\u00e9e de lecture estim\u00e9e\" \/>\n\t<meta name=\"twitter:data2\" content=\"1 minute\" \/>\n<script type=\"application\/ld+json\" class=\"yoast-schema-graph\">{\"@context\":\"https:\/\/schema.org\",\"@graph\":[{\"@type\":\"Article\",\"@id\":\"https:\/\/www.public.sn\/index.php\/2024\/03\/09\/dissolution-du-conseil-constitutionnel-moustapha-diakhate-dit-oui\/#article\",\"isPartOf\":{\"@id\":\"https:\/\/www.public.sn\/index.php\/2024\/03\/09\/dissolution-du-conseil-constitutionnel-moustapha-diakhate-dit-oui\/\"},\"author\":{\"name\":\"Man\u00e9 Ba\",\"@id\":\"https:\/\/www.public.sn\/#\/schema\/person\/0cb769602dc17ecb89fd54a2197a221a\"},\"headline\":\"Dissolution du Conseil Constitutionnel: Moustapha Diakhat\u00e9 dit \u00ab\u00a0OUI\u00a0\u00bb\",\"datePublished\":\"2024-03-09T11:42:12+00:00\",\"mainEntityOfPage\":{\"@id\":\"https:\/\/www.public.sn\/index.php\/2024\/03\/09\/dissolution-du-conseil-constitutionnel-moustapha-diakhate-dit-oui\/\"},\"wordCount\":124,\"commentCount\":0,\"publisher\":{\"@id\":\"https:\/\/www.public.sn\/#organization\"},\"image\":{\"@id\":\"https:\/\/www.public.sn\/index.php\/2024\/03\/09\/dissolution-du-conseil-constitutionnel-moustapha-diakhate-dit-oui\/#primaryimage\"},\"thumbnailUrl\":\"https:\/\/www.public.sn\/wp-content\/uploads\/2023\/01\/Moustapha-Diakhate.png\",\"keywords\":[\"Conseil Constitutionnel\",\"dissolution\",\"moustapha diakhate\"],\"articleSection\":[\"ACTUALIT\u00c9S\",\"POLITIQUE\",\"PUBLIC TV\"],\"inLanguage\":\"fr-FR\",\"potentialAction\":[{\"@type\":\"CommentAction\",\"name\":\"Comment\",\"target\":[\"https:\/\/www.public.sn\/index.php\/2024\/03\/09\/dissolution-du-conseil-constitutionnel-moustapha-diakhate-dit-oui\/#respond\"]}]},{\"@type\":\"WebPage\",\"@id\":\"https:\/\/www.public.sn\/index.php\/2024\/03\/09\/dissolution-du-conseil-constitutionnel-moustapha-diakhate-dit-oui\/\",\"url\":\"https:\/\/www.public.sn\/index.php\/2024\/03\/09\/dissolution-du-conseil-constitutionnel-moustapha-diakhate-dit-oui\/\",\"name\":\"Dissolution du Conseil Constitutionnel: Moustapha Diakhat\u00e9 dit \\\"OUI\\\" - LE PUBLIC\",\"isPartOf\":{\"@id\":\"https:\/\/www.public.sn\/#website\"},\"primaryImageOfPage\":{\"@id\":\"https:\/\/www.public.sn\/index.php\/2024\/03\/09\/dissolution-du-conseil-constitutionnel-moustapha-diakhate-dit-oui\/#primaryimage\"},\"image\":{\"@id\":\"https:\/\/www.public.sn\/index.php\/2024\/03\/09\/dissolution-du-conseil-constitutionnel-moustapha-diakhate-dit-oui\/#primaryimage\"},\"thumbnailUrl\":\"https:\/\/www.public.sn\/wp-content\/uploads\/2023\/01\/Moustapha-Diakhate.png\",\"datePublished\":\"2024-03-09T11:42:12+00:00\",\"breadcrumb\":{\"@id\":\"https:\/\/www.public.sn\/index.php\/2024\/03\/09\/dissolution-du-conseil-constitutionnel-moustapha-diakhate-dit-oui\/#breadcrumb\"},\"inLanguage\":\"fr-FR\",\"potentialAction\":[{\"@type\":\"ReadAction\",\"target\":[\"https:\/\/www.public.sn\/index.php\/2024\/03\/09\/dissolution-du-conseil-constitutionnel-moustapha-diakhate-dit-oui\/\"]}]},{\"@type\":\"ImageObject\",\"inLanguage\":\"fr-FR\",\"@id\":\"https:\/\/www.public.sn\/index.php\/2024\/03\/09\/dissolution-du-conseil-constitutionnel-moustapha-diakhate-dit-oui\/#primaryimage\",\"url\":\"https:\/\/www.public.sn\/wp-content\/uploads\/2023\/01\/Moustapha-Diakhate.png\",\"contentUrl\":\"https:\/\/www.public.sn\/wp-content\/uploads\/2023\/01\/Moustapha-Diakhate.png\",\"width\":1153,\"height\":648},{\"@type\":\"BreadcrumbList\",\"@id\":\"https:\/\/www.public.sn\/index.php\/2024\/03\/09\/dissolution-du-conseil-constitutionnel-moustapha-diakhate-dit-oui\/#breadcrumb\",\"itemListElement\":[{\"@type\":\"ListItem\",\"position\":1,\"name\":\"Accueil\",\"item\":\"https:\/\/www.public.sn\/\"},{\"@type\":\"ListItem\",\"position\":2,\"name\":\"Dissolution du Conseil Constitutionnel: Moustapha Diakhat\u00e9 dit \u00ab\u00a0OUI\u00a0\u00bb\"}]},{\"@type\":\"WebSite\",\"@id\":\"https:\/\/www.public.sn\/#website\",\"url\":\"https:\/\/www.public.sn\/\",\"name\":\"LE PUBLIC\",\"description\":\"\",\"publisher\":{\"@id\":\"https:\/\/www.public.sn\/#organization\"},\"potentialAction\":[{\"@type\":\"SearchAction\",\"target\":{\"@type\":\"EntryPoint\",\"urlTemplate\":\"https:\/\/www.public.sn\/?s={search_term_string}\"},\"query-input\":{\"@type\":\"PropertyValueSpecification\",\"valueRequired\":true,\"valueName\":\"search_term_string\"}}],\"inLanguage\":\"fr-FR\"},{\"@type\":\"Organization\",\"@id\":\"https:\/\/www.public.sn\/#organization\",\"name\":\"LE PUBLIC\",\"url\":\"https:\/\/www.public.sn\/\",\"logo\":{\"@type\":\"ImageObject\",\"inLanguage\":\"fr-FR\",\"@id\":\"https:\/\/www.public.sn\/#\/schema\/logo\/image\/\",\"url\":\"https:\/\/www.public.sn\/wp-content\/uploads\/2024\/05\/cropped-LOGO-PUBLIC.SN_.png\",\"contentUrl\":\"https:\/\/www.public.sn\/wp-content\/uploads\/2024\/05\/cropped-LOGO-PUBLIC.SN_.png\",\"width\":682,\"height\":192,\"caption\":\"LE PUBLIC\"},\"image\":{\"@id\":\"https:\/\/www.public.sn\/#\/schema\/logo\/image\/\"}},{\"@type\":\"Person\",\"@id\":\"https:\/\/www.public.sn\/#\/schema\/person\/0cb769602dc17ecb89fd54a2197a221a\",\"name\":\"Man\u00e9 Ba\",\"image\":{\"@type\":\"ImageObject\",\"inLanguage\":\"fr-FR\",\"@id\":\"https:\/\/www.public.sn\/#\/schema\/person\/image\/\",\"url\":\"https:\/\/secure.gravatar.com\/avatar\/b31a37f6b2529b7e9303b5aacf26777a86815e524f04961246da8183f5e2535a?s=96&d=mm&r=g\",\"contentUrl\":\"https:\/\/secure.gravatar.com\/avatar\/b31a37f6b2529b7e9303b5aacf26777a86815e524f04961246da8183f5e2535a?s=96&d=mm&r=g\",\"caption\":\"Man\u00e9 Ba\"},\"url\":\"https:\/\/www.public.sn\/index.php\/author\/bamanesen\/\"}]}<\/script>\n<!-- \/ Yoast SEO plugin. -->","yoast_head_json":{"title":"Dissolution du Conseil Constitutionnel: Moustapha Diakhat\u00e9 dit \"OUI\" - LE PUBLIC","robots":{"index":"index","follow":"follow","max-snippet":"max-snippet:-1","max-image-preview":"max-image-preview:large","max-video-preview":"max-video-preview:-1"},"canonical":"https:\/\/www.public.sn\/index.php\/2024\/03\/09\/dissolution-du-conseil-constitutionnel-moustapha-diakhate-dit-oui\/","og_locale":"fr_FR","og_type":"article","og_title":"Dissolution du Conseil Constitutionnel: Moustapha Diakhat\u00e9 dit \"OUI\" - LE PUBLIC","og_description":"Moustapha Diakhat\u00e9, dans une tribune intitul\u00e9e, \u00ab Convocation du corps \u00e9lectoral par le Conseil constitutionnel: les 7 sages profanent la R\u00e9publique \u00bb, ne d\u00e9col\u00e8re point contre cette voie de fait. Moustapha Diakhat\u00e9 exprime sa col\u00e8re face \u00e0 la d\u00e9cision du Conseil constitutionnel fixant la date de l\u2019\u00e9lection pr\u00e9sidentielle et convoquant le corps \u00e9lectoral au 31 mars 2024. Il accuse le Pr\u00e9sident de la R\u00e9publique et le Pds d\u2019avoir donn\u00e9 l\u2019occasion au Conseil constitutionnel d\u2019attenter gravement au principe de la s\u00e9paration des pouvoirs, inaugurant ainsi la \u00ab R\u00e9publique des Juges \u00bb. M. Diakhat\u00e9\u00a0 appelle \u00e0 la dissolution de l\u2019actuel Conseil Constitutionnel, transf\u00e9rant ses comp\u00e9tences \u00e0 la Cour supr\u00eame.","og_url":"https:\/\/www.public.sn\/index.php\/2024\/03\/09\/dissolution-du-conseil-constitutionnel-moustapha-diakhate-dit-oui\/","og_site_name":"LE PUBLIC","article_published_time":"2024-03-09T11:42:12+00:00","og_image":[{"width":1153,"height":648,"url":"https:\/\/www.public.sn\/wp-content\/uploads\/2023\/01\/Moustapha-Diakhate.png","type":"image\/png"}],"author":"Man\u00e9 Ba","twitter_card":"summary_large_image","twitter_misc":{"\u00c9crit par":"Man\u00e9 Ba","Dur\u00e9e de lecture estim\u00e9e":"1 minute"},"schema":{"@context":"https:\/\/schema.org","@graph":[{"@type":"Article","@id":"https:\/\/www.public.sn\/index.php\/2024\/03\/09\/dissolution-du-conseil-constitutionnel-moustapha-diakhate-dit-oui\/#article","isPartOf":{"@id":"https:\/\/www.public.sn\/index.php\/2024\/03\/09\/dissolution-du-conseil-constitutionnel-moustapha-diakhate-dit-oui\/"},"author":{"name":"Man\u00e9 Ba","@id":"https:\/\/www.public.sn\/#\/schema\/person\/0cb769602dc17ecb89fd54a2197a221a"},"headline":"Dissolution du Conseil Constitutionnel: Moustapha Diakhat\u00e9 dit \u00ab\u00a0OUI\u00a0\u00bb","datePublished":"2024-03-09T11:42:12+00:00","mainEntityOfPage":{"@id":"https:\/\/www.public.sn\/index.php\/2024\/03\/09\/dissolution-du-conseil-constitutionnel-moustapha-diakhate-dit-oui\/"},"wordCount":124,"commentCount":0,"publisher":{"@id":"https:\/\/www.public.sn\/#organization"},"image":{"@id":"https:\/\/www.public.sn\/index.php\/2024\/03\/09\/dissolution-du-conseil-constitutionnel-moustapha-diakhate-dit-oui\/#primaryimage"},"thumbnailUrl":"https:\/\/www.public.sn\/wp-content\/uploads\/2023\/01\/Moustapha-Diakhate.png","keywords":["Conseil Constitutionnel","dissolution","moustapha diakhate"],"articleSection":["ACTUALIT\u00c9S","POLITIQUE","PUBLIC TV"],"inLanguage":"fr-FR","potentialAction":[{"@type":"CommentAction","name":"Comment","target":["https:\/\/www.public.sn\/index.php\/2024\/03\/09\/dissolution-du-conseil-constitutionnel-moustapha-diakhate-dit-oui\/#respond"]}]},{"@type":"WebPage","@id":"https:\/\/www.public.sn\/index.php\/2024\/03\/09\/dissolution-du-conseil-constitutionnel-moustapha-diakhate-dit-oui\/","url":"https:\/\/www.public.sn\/index.php\/2024\/03\/09\/dissolution-du-conseil-constitutionnel-moustapha-diakhate-dit-oui\/","name":"Dissolution du Conseil Constitutionnel: Moustapha Diakhat\u00e9 dit \"OUI\" - LE PUBLIC","isPartOf":{"@id":"https:\/\/www.public.sn\/#website"},"primaryImageOfPage":{"@id":"https:\/\/www.public.sn\/index.php\/2024\/03\/09\/dissolution-du-conseil-constitutionnel-moustapha-diakhate-dit-oui\/#primaryimage"},"image":{"@id":"https:\/\/www.public.sn\/index.php\/2024\/03\/09\/dissolution-du-conseil-constitutionnel-moustapha-diakhate-dit-oui\/#primaryimage"},"thumbnailUrl":"https:\/\/www.public.sn\/wp-content\/uploads\/2023\/01\/Moustapha-Diakhate.png","datePublished":"2024-03-09T11:42:12+00:00","breadcrumb":{"@id":"https:\/\/www.public.sn\/index.php\/2024\/03\/09\/dissolution-du-conseil-constitutionnel-moustapha-diakhate-dit-oui\/#breadcrumb"},"inLanguage":"fr-FR","potentialAction":[{"@type":"ReadAction","target":["https:\/\/www.public.sn\/index.php\/2024\/03\/09\/dissolution-du-conseil-constitutionnel-moustapha-diakhate-dit-oui\/"]}]},{"@type":"ImageObject","inLanguage":"fr-FR","@id":"https:\/\/www.public.sn\/index.php\/2024\/03\/09\/dissolution-du-conseil-constitutionnel-moustapha-diakhate-dit-oui\/#primaryimage","url":"https:\/\/www.public.sn\/wp-content\/uploads\/2023\/01\/Moustapha-Diakhate.png","contentUrl":"https:\/\/www.public.sn\/wp-content\/uploads\/2023\/01\/Moustapha-Diakhate.png","width":1153,"height":648},{"@type":"BreadcrumbList","@id":"https:\/\/www.public.sn\/index.php\/2024\/03\/09\/dissolution-du-conseil-constitutionnel-moustapha-diakhate-dit-oui\/#breadcrumb","itemListElement":[{"@type":"ListItem","position":1,"name":"Accueil","item":"https:\/\/www.public.sn\/"},{"@type":"ListItem","position":2,"name":"Dissolution du Conseil Constitutionnel: Moustapha Diakhat\u00e9 dit \u00ab\u00a0OUI\u00a0\u00bb"}]},{"@type":"WebSite","@id":"https:\/\/www.public.sn\/#website","url":"https:\/\/www.public.sn\/","name":"LE PUBLIC","description":"","publisher":{"@id":"https:\/\/www.public.sn\/#organization"},"potentialAction":[{"@type":"SearchAction","target":{"@type":"EntryPoint","urlTemplate":"https:\/\/www.public.sn\/?s={search_term_string}"},"query-input":{"@type":"PropertyValueSpecification","valueRequired":true,"valueName":"search_term_string"}}],"inLanguage":"fr-FR"},{"@type":"Organization","@id":"https:\/\/www.public.sn\/#organization","name":"LE PUBLIC","url":"https:\/\/www.public.sn\/","logo":{"@type":"ImageObject","inLanguage":"fr-FR","@id":"https:\/\/www.public.sn\/#\/schema\/logo\/image\/","url":"https:\/\/www.public.sn\/wp-content\/uploads\/2024\/05\/cropped-LOGO-PUBLIC.SN_.png","contentUrl":"https:\/\/www.public.sn\/wp-content\/uploads\/2024\/05\/cropped-LOGO-PUBLIC.SN_.png","width":682,"height":192,"caption":"LE PUBLIC"},"image":{"@id":"https:\/\/www.public.sn\/#\/schema\/logo\/image\/"}},{"@type":"Person","@id":"https:\/\/www.public.sn\/#\/schema\/person\/0cb769602dc17ecb89fd54a2197a221a","name":"Man\u00e9 Ba","image":{"@type":"ImageObject","inLanguage":"fr-FR","@id":"https:\/\/www.public.sn\/#\/schema\/person\/image\/","url":"https:\/\/secure.gravatar.com\/avatar\/b31a37f6b2529b7e9303b5aacf26777a86815e524f04961246da8183f5e2535a?s=96&d=mm&r=g","contentUrl":"https:\/\/secure.gravatar.com\/avatar\/b31a37f6b2529b7e9303b5aacf26777a86815e524f04961246da8183f5e2535a?s=96&d=mm&r=g","caption":"Man\u00e9 Ba"},"url":"https:\/\/www.public.sn\/index.php\/author\/bamanesen\/"}]}},"jetpack_featured_media_url":"https:\/\/www.public.sn\/wp-content\/uploads\/2023\/01\/Moustapha-Diakhate.png","jetpack_sharing_enabled":true,"_links":{"self":[{"href":"https:\/\/www.public.sn\/index.php\/wp-json\/wp\/v2\/posts\/31338","targetHints":{"allow":["GET"]}}],"collection":[{"href":"https:\/\/www.public.sn\/index.php\/wp-json\/wp\/v2\/posts"}],"about":[{"href":"https:\/\/www.public.sn\/index.php\/wp-json\/wp\/v2\/types\/post"}],"author":[{"embeddable":true,"href":"https:\/\/www.public.sn\/index.php\/wp-json\/wp\/v2\/users\/12"}],"replies":[{"embeddable":true,"href":"https:\/\/www.public.sn\/index.php\/wp-json\/wp\/v2\/comments?post=31338"}],"version-history":[{"count":1,"href":"https:\/\/www.public.sn\/index.php\/wp-json\/wp\/v2\/posts\/31338\/revisions"}],"predecessor-version":[{"id":31339,"href":"https:\/\/www.public.sn\/index.php\/wp-json\/wp\/v2\/posts\/31338\/revisions\/31339"}],"wp:featuredmedia":[{"embeddable":true,"href":"https:\/\/www.public.sn\/index.php\/wp-json\/wp\/v2\/media\/13886"}],"wp:attachment":[{"href":"https:\/\/www.public.sn\/index.php\/wp-json\/wp\/v2\/media?parent=31338"}],"wp:term":[{"taxonomy":"category","embeddable":true,"href":"https:\/\/www.public.sn\/index.php\/wp-json\/wp\/v2\/categories?post=31338"},{"taxonomy":"post_tag","embeddable":true,"href":"https:\/\/www.public.sn\/index.php\/wp-json\/wp\/v2\/tags?post=31338"}],"curies":[{"name":"wp","href":"https:\/\/api.w.org\/{rel}","templated":true}]}}