{"id":31350,"date":"2024-03-09T15:52:55","date_gmt":"2024-03-09T15:52:55","guid":{"rendered":"https:\/\/www.public.sn\/?p=31350"},"modified":"2024-03-09T19:39:25","modified_gmt":"2024-03-09T19:39:25","slug":"urgent_-bougane-gueye-dany-sexprime-sur-le-processus-electoral","status":"publish","type":"post","link":"https:\/\/www.public.sn\/index.php\/2024\/03\/09\/urgent_-bougane-gueye-dany-sexprime-sur-le-processus-electoral\/","title":{"rendered":"Urgent_ Bougane Gueye Dany s&rsquo;exprime sur le processus \u00e9lectoral"},"content":{"rendered":"<p style=\"text-align: left\">Bougane Gueye Dany candidat spoli\u00e9, se prononce en toute honn\u00eate sur le blocage du processus \u00e9lectoral.<\/p><div class=\"publi-paragraphe1\" style=\"margin-top: 10px;margin-bottom: 10px;margin-left: auto;margin-right: auto;text-align: center;\" id=\"publi-974460682\"><div class=\"publi-adlabel\">Publicit\u00e9<\/div><script async src=\"\/\/pagead2.googlesyndication.com\/pagead\/js\/adsbygoogle.js?client=ca-pub-4089586018074219\" crossorigin=\"anonymous\"><\/script><ins class=\"adsbygoogle\" style=\"display:block;\" data-ad-client=\"ca-pub-4089586018074219\" \ndata-ad-slot=\"2087940154\" \ndata-ad-format=\"auto\"><\/ins>\n<script> \n(adsbygoogle = window.adsbygoogle || []).push({}); \n<\/script>\n<\/div>\n<p>\u00ab\u00a0En tant que candidat spoli\u00e9, je m\u2019inscris en faux contre toute initiative tendant \u00e0 saisir la Cour Supr\u00eame pour le blocage du processus \u00e9lectoral.<\/p>\n<p>&nbsp;<\/p>\n<p>Le S\u00e9n\u00e9gal est dans un tournant majeur sans pr\u00e9c\u00e9dent. Ce qui vaille est le d\u00e9part de ce r\u00e9gime de Benno et de ses sbires. Nos \u00e9gos et nos int\u00e9r\u00eats personnels doivent fondre devant la volont\u00e9 populaire d\u2019aller \u00e0 la Pr\u00e9sidentielle.<\/p>\n<p>&nbsp;<\/p>\n<p>Sur ce fait, je reste dans ma logique que l\u2019\u00e9lection doit se tenir avant le 02 Avril et les 19 candidats maintenus. Pour la patrie j\u2019ai renonc\u00e9 \u00e0 tout recours pour permettre au peuple de voter. La patrie m\u00e9rite tous les sacrifices et chacun de nous doit assumer son r\u00f4le devant l\u2019histoire de ce pays qui je le crois, doit nous \u00eatre plus cher que tout.\u00a0\u00bb<\/p>\n<p>&nbsp;<\/p>\n<p>&nbsp;<\/p>\n<div class=\"publi-apres-le-contenu\" style=\"margin-top: 10px;margin-bottom: 10px;margin-left: auto;margin-right: auto;text-align: center;\" id=\"publi-1151312106\"><div class=\"publi-adlabel\">Publicit\u00e9<\/div><script async src=\"\/\/pagead2.googlesyndication.com\/pagead\/js\/adsbygoogle.js?client=ca-pub-4089586018074219\" crossorigin=\"anonymous\"><\/script><ins class=\"adsbygoogle\" style=\"display:block;\" data-ad-client=\"ca-pub-4089586018074219\" \ndata-ad-slot=\"2087940154\" \ndata-ad-format=\"auto\"><\/ins>\n<script> \n(adsbygoogle = window.adsbygoogle || []).push({}); \n<\/script>\n<\/div>","protected":false},"excerpt":{"rendered":"<p>Bougane Gueye Dany candidat spoli\u00e9, se prononce en toute honn\u00eate sur le blocage du processus \u00e9lectoral. \u00ab\u00a0En tant que candidat spoli\u00e9, je m\u2019inscris en faux contre toute initiative tendant \u00e0 saisir la Cour Supr\u00eame pour le blocage du processus \u00e9lectoral. &nbsp; Le S\u00e9n\u00e9gal est dans un tournant majeur sans pr\u00e9c\u00e9dent. Ce qui vaille est le d\u00e9part de ce r\u00e9gime de Benno et de ses sbires. Nos \u00e9gos et nos int\u00e9r\u00eats personnels doivent fondre devant la volont\u00e9 populaire d\u2019aller \u00e0 la Pr\u00e9sidentielle. &nbsp; Sur ce fait, je reste dans ma logique que l\u2019\u00e9lection doit se tenir avant le 02 Avril et les 19 candidats maintenus. Pour la patrie j\u2019ai renonc\u00e9 \u00e0 tout recours pour permettre au peuple de voter. La patrie m\u00e9rite tous les sacrifices et chacun de nous doit assumer son r\u00f4le devant l\u2019histoire de ce pays qui je le crois, doit nous \u00eatre plus cher que tout.\u00a0\u00bb &nbsp; &nbsp;<\/p>\n","protected":false},"author":12,"featured_media":0,"comment_status":"open","ping_status":"open","sticky":false,"template":"","format":"standard","meta":{"_jetpack_memberships_contains_paid_content":false,"footnotes":""},"categories":[375,3,1],"tags":[308,463,1602],"class_list":["post-31350","post","type-post","status-publish","format-standard","hentry","category-actualites","category-politique","category-non-classe","tag-bougane","tag-election","tag-presidentielle","entry","owp-thumbs-layout-horizontal","owp-btn-normal","owp-tabs-layout-horizontal","has-no-thumbnails","has-product-nav"],"yoast_head":"<!-- This site is optimized with the Yoast SEO plugin v25.5 - https:\/\/yoast.com\/wordpress\/plugins\/seo\/ -->\n<title>Urgent_ Bougane Gueye Dany s&#039;exprime sur le processus \u00e9lectoral - LE PUBLIC<\/title>\n<meta name=\"robots\" content=\"index, follow, max-snippet:-1, max-image-preview:large, max-video-preview:-1\" \/>\n<link rel=\"canonical\" href=\"https:\/\/www.public.sn\/index.php\/2024\/03\/09\/urgent_-bougane-gueye-dany-sexprime-sur-le-processus-electoral\/\" \/>\n<meta property=\"og:locale\" content=\"fr_FR\" \/>\n<meta property=\"og:type\" content=\"article\" \/>\n<meta property=\"og:title\" content=\"Urgent_ Bougane Gueye Dany s&#039;exprime sur le processus \u00e9lectoral - LE PUBLIC\" \/>\n<meta property=\"og:description\" content=\"Bougane Gueye Dany candidat spoli\u00e9, se prononce en toute honn\u00eate sur le blocage du processus \u00e9lectoral. \u00ab\u00a0En tant que candidat spoli\u00e9, je m\u2019inscris en faux contre toute initiative tendant \u00e0 saisir la Cour Supr\u00eame pour le blocage du processus \u00e9lectoral. &nbsp; Le S\u00e9n\u00e9gal est dans un tournant majeur sans pr\u00e9c\u00e9dent. Ce qui vaille est le d\u00e9part de ce r\u00e9gime de Benno et de ses sbires. Nos \u00e9gos et nos int\u00e9r\u00eats personnels doivent fondre devant la volont\u00e9 populaire d\u2019aller \u00e0 la Pr\u00e9sidentielle. &nbsp; Sur ce fait, je reste dans ma logique que l\u2019\u00e9lection doit se tenir avant le 02 Avril et les 19 candidats maintenus. Pour la patrie j\u2019ai renonc\u00e9 \u00e0 tout recours pour permettre au peuple de voter. La patrie m\u00e9rite tous les sacrifices et chacun de nous doit assumer son r\u00f4le devant l\u2019histoire de ce pays qui je le crois, doit nous \u00eatre plus cher que tout.\u00a0\u00bb &nbsp; &nbsp;\" \/>\n<meta property=\"og:url\" content=\"https:\/\/www.public.sn\/index.php\/2024\/03\/09\/urgent_-bougane-gueye-dany-sexprime-sur-le-processus-electoral\/\" \/>\n<meta property=\"og:site_name\" content=\"LE PUBLIC\" \/>\n<meta property=\"article:published_time\" content=\"2024-03-09T15:52:55+00:00\" \/>\n<meta property=\"article:modified_time\" content=\"2024-03-09T19:39:25+00:00\" \/>\n<meta name=\"author\" content=\"Man\u00e9 Ba\" \/>\n<meta name=\"twitter:card\" content=\"summary_large_image\" \/>\n<meta name=\"twitter:label1\" content=\"\u00c9crit par\" \/>\n\t<meta name=\"twitter:data1\" content=\"Man\u00e9 Ba\" \/>\n\t<meta name=\"twitter:label2\" content=\"Dur\u00e9e de lecture estim\u00e9e\" \/>\n\t<meta name=\"twitter:data2\" content=\"1 minute\" \/>\n<script type=\"application\/ld+json\" class=\"yoast-schema-graph\">{\"@context\":\"https:\/\/schema.org\",\"@graph\":[{\"@type\":\"Article\",\"@id\":\"https:\/\/www.public.sn\/index.php\/2024\/03\/09\/urgent_-bougane-gueye-dany-sexprime-sur-le-processus-electoral\/#article\",\"isPartOf\":{\"@id\":\"https:\/\/www.public.sn\/index.php\/2024\/03\/09\/urgent_-bougane-gueye-dany-sexprime-sur-le-processus-electoral\/\"},\"author\":{\"name\":\"Man\u00e9 Ba\",\"@id\":\"https:\/\/www.public.sn\/#\/schema\/person\/0cb769602dc17ecb89fd54a2197a221a\"},\"headline\":\"Urgent_ Bougane Gueye Dany s&rsquo;exprime sur le processus \u00e9lectoral\",\"datePublished\":\"2024-03-09T15:52:55+00:00\",\"dateModified\":\"2024-03-09T19:39:25+00:00\",\"mainEntityOfPage\":{\"@id\":\"https:\/\/www.public.sn\/index.php\/2024\/03\/09\/urgent_-bougane-gueye-dany-sexprime-sur-le-processus-electoral\/\"},\"wordCount\":172,\"commentCount\":0,\"publisher\":{\"@id\":\"https:\/\/www.public.sn\/#organization\"},\"keywords\":[\"bougane\",\"\u00c9lection\",\"presidentielle\"],\"articleSection\":[\"ACTUALIT\u00c9S\",\"POLITIQUE\",\"S\u00c9N\u00c9GAL\"],\"inLanguage\":\"fr-FR\",\"potentialAction\":[{\"@type\":\"CommentAction\",\"name\":\"Comment\",\"target\":[\"https:\/\/www.public.sn\/index.php\/2024\/03\/09\/urgent_-bougane-gueye-dany-sexprime-sur-le-processus-electoral\/#respond\"]}]},{\"@type\":\"WebPage\",\"@id\":\"https:\/\/www.public.sn\/index.php\/2024\/03\/09\/urgent_-bougane-gueye-dany-sexprime-sur-le-processus-electoral\/\",\"url\":\"https:\/\/www.public.sn\/index.php\/2024\/03\/09\/urgent_-bougane-gueye-dany-sexprime-sur-le-processus-electoral\/\",\"name\":\"Urgent_ Bougane Gueye Dany s'exprime sur le processus \u00e9lectoral - LE PUBLIC\",\"isPartOf\":{\"@id\":\"https:\/\/www.public.sn\/#website\"},\"datePublished\":\"2024-03-09T15:52:55+00:00\",\"dateModified\":\"2024-03-09T19:39:25+00:00\",\"breadcrumb\":{\"@id\":\"https:\/\/www.public.sn\/index.php\/2024\/03\/09\/urgent_-bougane-gueye-dany-sexprime-sur-le-processus-electoral\/#breadcrumb\"},\"inLanguage\":\"fr-FR\",\"potentialAction\":[{\"@type\":\"ReadAction\",\"target\":[\"https:\/\/www.public.sn\/index.php\/2024\/03\/09\/urgent_-bougane-gueye-dany-sexprime-sur-le-processus-electoral\/\"]}]},{\"@type\":\"BreadcrumbList\",\"@id\":\"https:\/\/www.public.sn\/index.php\/2024\/03\/09\/urgent_-bougane-gueye-dany-sexprime-sur-le-processus-electoral\/#breadcrumb\",\"itemListElement\":[{\"@type\":\"ListItem\",\"position\":1,\"name\":\"Accueil\",\"item\":\"https:\/\/www.public.sn\/\"},{\"@type\":\"ListItem\",\"position\":2,\"name\":\"Urgent_ Bougane Gueye Dany s&rsquo;exprime sur le processus \u00e9lectoral\"}]},{\"@type\":\"WebSite\",\"@id\":\"https:\/\/www.public.sn\/#website\",\"url\":\"https:\/\/www.public.sn\/\",\"name\":\"LE PUBLIC\",\"description\":\"\",\"publisher\":{\"@id\":\"https:\/\/www.public.sn\/#organization\"},\"potentialAction\":[{\"@type\":\"SearchAction\",\"target\":{\"@type\":\"EntryPoint\",\"urlTemplate\":\"https:\/\/www.public.sn\/?s={search_term_string}\"},\"query-input\":{\"@type\":\"PropertyValueSpecification\",\"valueRequired\":true,\"valueName\":\"search_term_string\"}}],\"inLanguage\":\"fr-FR\"},{\"@type\":\"Organization\",\"@id\":\"https:\/\/www.public.sn\/#organization\",\"name\":\"LE PUBLIC\",\"url\":\"https:\/\/www.public.sn\/\",\"logo\":{\"@type\":\"ImageObject\",\"inLanguage\":\"fr-FR\",\"@id\":\"https:\/\/www.public.sn\/#\/schema\/logo\/image\/\",\"url\":\"https:\/\/www.public.sn\/wp-content\/uploads\/2024\/05\/cropped-LOGO-PUBLIC.SN_.png\",\"contentUrl\":\"https:\/\/www.public.sn\/wp-content\/uploads\/2024\/05\/cropped-LOGO-PUBLIC.SN_.png\",\"width\":682,\"height\":192,\"caption\":\"LE PUBLIC\"},\"image\":{\"@id\":\"https:\/\/www.public.sn\/#\/schema\/logo\/image\/\"}},{\"@type\":\"Person\",\"@id\":\"https:\/\/www.public.sn\/#\/schema\/person\/0cb769602dc17ecb89fd54a2197a221a\",\"name\":\"Man\u00e9 Ba\",\"image\":{\"@type\":\"ImageObject\",\"inLanguage\":\"fr-FR\",\"@id\":\"https:\/\/www.public.sn\/#\/schema\/person\/image\/\",\"url\":\"https:\/\/secure.gravatar.com\/avatar\/b31a37f6b2529b7e9303b5aacf26777a86815e524f04961246da8183f5e2535a?s=96&d=mm&r=g\",\"contentUrl\":\"https:\/\/secure.gravatar.com\/avatar\/b31a37f6b2529b7e9303b5aacf26777a86815e524f04961246da8183f5e2535a?s=96&d=mm&r=g\",\"caption\":\"Man\u00e9 Ba\"},\"url\":\"https:\/\/www.public.sn\/index.php\/author\/bamanesen\/\"}]}<\/script>\n<!-- \/ Yoast SEO plugin. -->","yoast_head_json":{"title":"Urgent_ Bougane Gueye Dany s'exprime sur le processus \u00e9lectoral - LE PUBLIC","robots":{"index":"index","follow":"follow","max-snippet":"max-snippet:-1","max-image-preview":"max-image-preview:large","max-video-preview":"max-video-preview:-1"},"canonical":"https:\/\/www.public.sn\/index.php\/2024\/03\/09\/urgent_-bougane-gueye-dany-sexprime-sur-le-processus-electoral\/","og_locale":"fr_FR","og_type":"article","og_title":"Urgent_ Bougane Gueye Dany s'exprime sur le processus \u00e9lectoral - LE PUBLIC","og_description":"Bougane Gueye Dany candidat spoli\u00e9, se prononce en toute honn\u00eate sur le blocage du processus \u00e9lectoral. \u00ab\u00a0En tant que candidat spoli\u00e9, je m\u2019inscris en faux contre toute initiative tendant \u00e0 saisir la Cour Supr\u00eame pour le blocage du processus \u00e9lectoral. &nbsp; Le S\u00e9n\u00e9gal est dans un tournant majeur sans pr\u00e9c\u00e9dent. Ce qui vaille est le d\u00e9part de ce r\u00e9gime de Benno et de ses sbires. Nos \u00e9gos et nos int\u00e9r\u00eats personnels doivent fondre devant la volont\u00e9 populaire d\u2019aller \u00e0 la Pr\u00e9sidentielle. &nbsp; Sur ce fait, je reste dans ma logique que l\u2019\u00e9lection doit se tenir avant le 02 Avril et les 19 candidats maintenus. Pour la patrie j\u2019ai renonc\u00e9 \u00e0 tout recours pour permettre au peuple de voter. La patrie m\u00e9rite tous les sacrifices et chacun de nous doit assumer son r\u00f4le devant l\u2019histoire de ce pays qui je le crois, doit nous \u00eatre plus cher que tout.\u00a0\u00bb &nbsp; &nbsp;","og_url":"https:\/\/www.public.sn\/index.php\/2024\/03\/09\/urgent_-bougane-gueye-dany-sexprime-sur-le-processus-electoral\/","og_site_name":"LE PUBLIC","article_published_time":"2024-03-09T15:52:55+00:00","article_modified_time":"2024-03-09T19:39:25+00:00","author":"Man\u00e9 Ba","twitter_card":"summary_large_image","twitter_misc":{"\u00c9crit par":"Man\u00e9 Ba","Dur\u00e9e de lecture estim\u00e9e":"1 minute"},"schema":{"@context":"https:\/\/schema.org","@graph":[{"@type":"Article","@id":"https:\/\/www.public.sn\/index.php\/2024\/03\/09\/urgent_-bougane-gueye-dany-sexprime-sur-le-processus-electoral\/#article","isPartOf":{"@id":"https:\/\/www.public.sn\/index.php\/2024\/03\/09\/urgent_-bougane-gueye-dany-sexprime-sur-le-processus-electoral\/"},"author":{"name":"Man\u00e9 Ba","@id":"https:\/\/www.public.sn\/#\/schema\/person\/0cb769602dc17ecb89fd54a2197a221a"},"headline":"Urgent_ Bougane Gueye Dany s&rsquo;exprime sur le processus \u00e9lectoral","datePublished":"2024-03-09T15:52:55+00:00","dateModified":"2024-03-09T19:39:25+00:00","mainEntityOfPage":{"@id":"https:\/\/www.public.sn\/index.php\/2024\/03\/09\/urgent_-bougane-gueye-dany-sexprime-sur-le-processus-electoral\/"},"wordCount":172,"commentCount":0,"publisher":{"@id":"https:\/\/www.public.sn\/#organization"},"keywords":["bougane","\u00c9lection","presidentielle"],"articleSection":["ACTUALIT\u00c9S","POLITIQUE","S\u00c9N\u00c9GAL"],"inLanguage":"fr-FR","potentialAction":[{"@type":"CommentAction","name":"Comment","target":["https:\/\/www.public.sn\/index.php\/2024\/03\/09\/urgent_-bougane-gueye-dany-sexprime-sur-le-processus-electoral\/#respond"]}]},{"@type":"WebPage","@id":"https:\/\/www.public.sn\/index.php\/2024\/03\/09\/urgent_-bougane-gueye-dany-sexprime-sur-le-processus-electoral\/","url":"https:\/\/www.public.sn\/index.php\/2024\/03\/09\/urgent_-bougane-gueye-dany-sexprime-sur-le-processus-electoral\/","name":"Urgent_ Bougane Gueye Dany s'exprime sur le processus \u00e9lectoral - LE PUBLIC","isPartOf":{"@id":"https:\/\/www.public.sn\/#website"},"datePublished":"2024-03-09T15:52:55+00:00","dateModified":"2024-03-09T19:39:25+00:00","breadcrumb":{"@id":"https:\/\/www.public.sn\/index.php\/2024\/03\/09\/urgent_-bougane-gueye-dany-sexprime-sur-le-processus-electoral\/#breadcrumb"},"inLanguage":"fr-FR","potentialAction":[{"@type":"ReadAction","target":["https:\/\/www.public.sn\/index.php\/2024\/03\/09\/urgent_-bougane-gueye-dany-sexprime-sur-le-processus-electoral\/"]}]},{"@type":"BreadcrumbList","@id":"https:\/\/www.public.sn\/index.php\/2024\/03\/09\/urgent_-bougane-gueye-dany-sexprime-sur-le-processus-electoral\/#breadcrumb","itemListElement":[{"@type":"ListItem","position":1,"name":"Accueil","item":"https:\/\/www.public.sn\/"},{"@type":"ListItem","position":2,"name":"Urgent_ Bougane Gueye Dany s&rsquo;exprime sur le processus \u00e9lectoral"}]},{"@type":"WebSite","@id":"https:\/\/www.public.sn\/#website","url":"https:\/\/www.public.sn\/","name":"LE PUBLIC","description":"","publisher":{"@id":"https:\/\/www.public.sn\/#organization"},"potentialAction":[{"@type":"SearchAction","target":{"@type":"EntryPoint","urlTemplate":"https:\/\/www.public.sn\/?s={search_term_string}"},"query-input":{"@type":"PropertyValueSpecification","valueRequired":true,"valueName":"search_term_string"}}],"inLanguage":"fr-FR"},{"@type":"Organization","@id":"https:\/\/www.public.sn\/#organization","name":"LE PUBLIC","url":"https:\/\/www.public.sn\/","logo":{"@type":"ImageObject","inLanguage":"fr-FR","@id":"https:\/\/www.public.sn\/#\/schema\/logo\/image\/","url":"https:\/\/www.public.sn\/wp-content\/uploads\/2024\/05\/cropped-LOGO-PUBLIC.SN_.png","contentUrl":"https:\/\/www.public.sn\/wp-content\/uploads\/2024\/05\/cropped-LOGO-PUBLIC.SN_.png","width":682,"height":192,"caption":"LE PUBLIC"},"image":{"@id":"https:\/\/www.public.sn\/#\/schema\/logo\/image\/"}},{"@type":"Person","@id":"https:\/\/www.public.sn\/#\/schema\/person\/0cb769602dc17ecb89fd54a2197a221a","name":"Man\u00e9 Ba","image":{"@type":"ImageObject","inLanguage":"fr-FR","@id":"https:\/\/www.public.sn\/#\/schema\/person\/image\/","url":"https:\/\/secure.gravatar.com\/avatar\/b31a37f6b2529b7e9303b5aacf26777a86815e524f04961246da8183f5e2535a?s=96&d=mm&r=g","contentUrl":"https:\/\/secure.gravatar.com\/avatar\/b31a37f6b2529b7e9303b5aacf26777a86815e524f04961246da8183f5e2535a?s=96&d=mm&r=g","caption":"Man\u00e9 Ba"},"url":"https:\/\/www.public.sn\/index.php\/author\/bamanesen\/"}]}},"jetpack_featured_media_url":"","jetpack_sharing_enabled":true,"_links":{"self":[{"href":"https:\/\/www.public.sn\/index.php\/wp-json\/wp\/v2\/posts\/31350","targetHints":{"allow":["GET"]}}],"collection":[{"href":"https:\/\/www.public.sn\/index.php\/wp-json\/wp\/v2\/posts"}],"about":[{"href":"https:\/\/www.public.sn\/index.php\/wp-json\/wp\/v2\/types\/post"}],"author":[{"embeddable":true,"href":"https:\/\/www.public.sn\/index.php\/wp-json\/wp\/v2\/users\/12"}],"replies":[{"embeddable":true,"href":"https:\/\/www.public.sn\/index.php\/wp-json\/wp\/v2\/comments?post=31350"}],"version-history":[{"count":2,"href":"https:\/\/www.public.sn\/index.php\/wp-json\/wp\/v2\/posts\/31350\/revisions"}],"predecessor-version":[{"id":31361,"href":"https:\/\/www.public.sn\/index.php\/wp-json\/wp\/v2\/posts\/31350\/revisions\/31361"}],"wp:attachment":[{"href":"https:\/\/www.public.sn\/index.php\/wp-json\/wp\/v2\/media?parent=31350"}],"wp:term":[{"taxonomy":"category","embeddable":true,"href":"https:\/\/www.public.sn\/index.php\/wp-json\/wp\/v2\/categories?post=31350"},{"taxonomy":"post_tag","embeddable":true,"href":"https:\/\/www.public.sn\/index.php\/wp-json\/wp\/v2\/tags?post=31350"}],"curies":[{"name":"wp","href":"https:\/\/api.w.org\/{rel}","templated":true}]}}