{"id":31358,"date":"2024-03-09T19:38:09","date_gmt":"2024-03-09T19:38:09","guid":{"rendered":"https:\/\/www.public.sn\/?p=31358"},"modified":"2024-03-09T19:38:09","modified_gmt":"2024-03-09T19:38:09","slug":"election-presidentielle-tous-derriere-bassirou-diomaye-faye","status":"publish","type":"post","link":"https:\/\/www.public.sn\/index.php\/2024\/03\/09\/election-presidentielle-tous-derriere-bassirou-diomaye-faye\/","title":{"rendered":"Election Pr\u00e9sidentielle: Tous derri\u00e8re Bassirou Diomaye Faye"},"content":{"rendered":"<p>A quelques heures du d\u00e9but de la campagne \u00e9lectorale, la coalition Bassirou Diomaye Faye s\u2019appr\u00eate \u00e0 pr\u00e9senter leur programme en vue de la pr\u00e9sidentielle du 24 mars 2024.<\/p><div class=\"publi-paragraphe1\" style=\"margin-top: 10px;margin-bottom: 10px;margin-left: auto;margin-right: auto;text-align: center;\" id=\"publi-1230156094\"><div class=\"publi-adlabel\">Publicit\u00e9<\/div><script async src=\"\/\/pagead2.googlesyndication.com\/pagead\/js\/adsbygoogle.js?client=ca-pub-4089586018074219\" crossorigin=\"anonymous\"><\/script><ins class=\"adsbygoogle\" style=\"display:block;\" data-ad-client=\"ca-pub-4089586018074219\" \ndata-ad-slot=\"2087940154\" \ndata-ad-format=\"auto\"><\/ins>\n<script> \n(adsbygoogle = window.adsbygoogle || []).push({}); \n<\/script>\n<\/div>\n<p>Ses membres d\u00e9cide de d\u00e9marrer leur campagne ce samedi. En attendant, beaucoup de personnalit\u00e9s politiques se rangent derri\u00e8re le choix de Ousmane Sonko. On peut citer Mimi Tour\u00e9, Dr Abdourahmane Diouf, Me Moussa Diop, Mary Teuw Niane entre autres\u2026<\/p>\n<p>&nbsp;<\/p>\n<p>Aujourd\u2019hui, c\u2019est une grande coalition qui se dessine pour faire face \u00e0 la coalition BBY. Des personnalit\u00e9s politiques qui comptent apporter leur pierre \u00e0 l\u2019\u00e9difice pour \u00e9lire Bassirou Diomaye Faye comme 05 eme pr\u00e9sident du S\u00e9n\u00e9gal.<\/p>\n<div class=\"publi-apres-le-contenu\" style=\"margin-top: 10px;margin-bottom: 10px;margin-left: auto;margin-right: auto;text-align: center;\" id=\"publi-3744600617\"><div class=\"publi-adlabel\">Publicit\u00e9<\/div><script async src=\"\/\/pagead2.googlesyndication.com\/pagead\/js\/adsbygoogle.js?client=ca-pub-4089586018074219\" crossorigin=\"anonymous\"><\/script><ins class=\"adsbygoogle\" style=\"display:block;\" data-ad-client=\"ca-pub-4089586018074219\" \ndata-ad-slot=\"2087940154\" \ndata-ad-format=\"auto\"><\/ins>\n<script> \n(adsbygoogle = window.adsbygoogle || []).push({}); \n<\/script>\n<\/div>","protected":false},"excerpt":{"rendered":"<p>A quelques heures du d\u00e9but de la campagne \u00e9lectorale, la coalition Bassirou Diomaye Faye s\u2019appr\u00eate \u00e0 pr\u00e9senter leur programme en vue de la pr\u00e9sidentielle du 24 mars 2024. Ses membres d\u00e9cide de d\u00e9marrer leur campagne ce samedi. En attendant, beaucoup de personnalit\u00e9s politiques se rangent derri\u00e8re le choix de Ousmane Sonko. On peut citer Mimi Tour\u00e9, Dr Abdourahmane Diouf, Me Moussa Diop, Mary Teuw Niane entre autres\u2026 &nbsp; Aujourd\u2019hui, c\u2019est une grande coalition qui se dessine pour faire face \u00e0 la coalition BBY. Des personnalit\u00e9s politiques qui comptent apporter leur pierre \u00e0 l\u2019\u00e9difice pour \u00e9lire Bassirou Diomaye Faye comme 05 eme pr\u00e9sident du S\u00e9n\u00e9gal.<\/p>\n","protected":false},"author":12,"featured_media":31359,"comment_status":"open","ping_status":"open","sticky":false,"template":"","format":"standard","meta":{"_jetpack_memberships_contains_paid_content":false,"footnotes":""},"categories":[375,3,8,1,4],"tags":[5430,463,17],"class_list":["post-31358","post","type-post","status-publish","format-standard","has-post-thumbnail","hentry","category-actualites","category-politique","category-public-tv","category-non-classe","category-societe","tag-diomaye","tag-election","tag-opposition","entry","has-media","owp-thumbs-layout-horizontal","owp-btn-normal","owp-tabs-layout-horizontal","has-no-thumbnails","has-product-nav"],"yoast_head":"<!-- This site is optimized with the Yoast SEO plugin v25.5 - https:\/\/yoast.com\/wordpress\/plugins\/seo\/ -->\n<title>Election Pr\u00e9sidentielle: Tous derri\u00e8re Bassirou Diomaye Faye - LE PUBLIC<\/title>\n<meta name=\"robots\" content=\"index, follow, max-snippet:-1, max-image-preview:large, max-video-preview:-1\" \/>\n<link rel=\"canonical\" href=\"https:\/\/www.public.sn\/index.php\/2024\/03\/09\/election-presidentielle-tous-derriere-bassirou-diomaye-faye\/\" \/>\n<meta property=\"og:locale\" content=\"fr_FR\" \/>\n<meta property=\"og:type\" content=\"article\" \/>\n<meta property=\"og:title\" content=\"Election Pr\u00e9sidentielle: Tous derri\u00e8re Bassirou Diomaye Faye - LE PUBLIC\" \/>\n<meta property=\"og:description\" content=\"A quelques heures du d\u00e9but de la campagne \u00e9lectorale, la coalition Bassirou Diomaye Faye s\u2019appr\u00eate \u00e0 pr\u00e9senter leur programme en vue de la pr\u00e9sidentielle du 24 mars 2024. Ses membres d\u00e9cide de d\u00e9marrer leur campagne ce samedi. En attendant, beaucoup de personnalit\u00e9s politiques se rangent derri\u00e8re le choix de Ousmane Sonko. On peut citer Mimi Tour\u00e9, Dr Abdourahmane Diouf, Me Moussa Diop, Mary Teuw Niane entre autres\u2026 &nbsp; Aujourd\u2019hui, c\u2019est une grande coalition qui se dessine pour faire face \u00e0 la coalition BBY. Des personnalit\u00e9s politiques qui comptent apporter leur pierre \u00e0 l\u2019\u00e9difice pour \u00e9lire Bassirou Diomaye Faye comme 05 eme pr\u00e9sident du S\u00e9n\u00e9gal.\" \/>\n<meta property=\"og:url\" content=\"https:\/\/www.public.sn\/index.php\/2024\/03\/09\/election-presidentielle-tous-derriere-bassirou-diomaye-faye\/\" \/>\n<meta property=\"og:site_name\" content=\"LE PUBLIC\" \/>\n<meta property=\"article:published_time\" content=\"2024-03-09T19:38:09+00:00\" \/>\n<meta property=\"og:image\" content=\"https:\/\/www.public.sn\/wp-content\/uploads\/2024\/03\/WhatsApp-Image-2024-03-09-at-17.49.01-750x430-1.jpeg\" \/>\n\t<meta property=\"og:image:width\" content=\"750\" \/>\n\t<meta property=\"og:image:height\" content=\"430\" \/>\n\t<meta property=\"og:image:type\" content=\"image\/jpeg\" \/>\n<meta name=\"author\" content=\"Man\u00e9 Ba\" \/>\n<meta name=\"twitter:card\" content=\"summary_large_image\" \/>\n<meta name=\"twitter:label1\" content=\"\u00c9crit par\" \/>\n\t<meta name=\"twitter:data1\" content=\"Man\u00e9 Ba\" \/>\n\t<meta name=\"twitter:label2\" content=\"Dur\u00e9e de lecture estim\u00e9e\" \/>\n\t<meta name=\"twitter:data2\" content=\"1 minute\" \/>\n<script type=\"application\/ld+json\" class=\"yoast-schema-graph\">{\"@context\":\"https:\/\/schema.org\",\"@graph\":[{\"@type\":\"Article\",\"@id\":\"https:\/\/www.public.sn\/index.php\/2024\/03\/09\/election-presidentielle-tous-derriere-bassirou-diomaye-faye\/#article\",\"isPartOf\":{\"@id\":\"https:\/\/www.public.sn\/index.php\/2024\/03\/09\/election-presidentielle-tous-derriere-bassirou-diomaye-faye\/\"},\"author\":{\"name\":\"Man\u00e9 Ba\",\"@id\":\"https:\/\/www.public.sn\/#\/schema\/person\/0cb769602dc17ecb89fd54a2197a221a\"},\"headline\":\"Election Pr\u00e9sidentielle: Tous derri\u00e8re Bassirou Diomaye Faye\",\"datePublished\":\"2024-03-09T19:38:09+00:00\",\"mainEntityOfPage\":{\"@id\":\"https:\/\/www.public.sn\/index.php\/2024\/03\/09\/election-presidentielle-tous-derriere-bassirou-diomaye-faye\/\"},\"wordCount\":123,\"commentCount\":0,\"publisher\":{\"@id\":\"https:\/\/www.public.sn\/#organization\"},\"image\":{\"@id\":\"https:\/\/www.public.sn\/index.php\/2024\/03\/09\/election-presidentielle-tous-derriere-bassirou-diomaye-faye\/#primaryimage\"},\"thumbnailUrl\":\"https:\/\/www.public.sn\/wp-content\/uploads\/2024\/03\/WhatsApp-Image-2024-03-09-at-17.49.01-750x430-1.jpeg\",\"keywords\":[\"Diomaye\",\"\u00c9lection\",\"Opposition\"],\"articleSection\":[\"ACTUALIT\u00c9S\",\"POLITIQUE\",\"PUBLIC TV\",\"S\u00c9N\u00c9GAL\",\"SOCIETE\"],\"inLanguage\":\"fr-FR\",\"potentialAction\":[{\"@type\":\"CommentAction\",\"name\":\"Comment\",\"target\":[\"https:\/\/www.public.sn\/index.php\/2024\/03\/09\/election-presidentielle-tous-derriere-bassirou-diomaye-faye\/#respond\"]}]},{\"@type\":\"WebPage\",\"@id\":\"https:\/\/www.public.sn\/index.php\/2024\/03\/09\/election-presidentielle-tous-derriere-bassirou-diomaye-faye\/\",\"url\":\"https:\/\/www.public.sn\/index.php\/2024\/03\/09\/election-presidentielle-tous-derriere-bassirou-diomaye-faye\/\",\"name\":\"Election Pr\u00e9sidentielle: Tous derri\u00e8re Bassirou Diomaye Faye - LE PUBLIC\",\"isPartOf\":{\"@id\":\"https:\/\/www.public.sn\/#website\"},\"primaryImageOfPage\":{\"@id\":\"https:\/\/www.public.sn\/index.php\/2024\/03\/09\/election-presidentielle-tous-derriere-bassirou-diomaye-faye\/#primaryimage\"},\"image\":{\"@id\":\"https:\/\/www.public.sn\/index.php\/2024\/03\/09\/election-presidentielle-tous-derriere-bassirou-diomaye-faye\/#primaryimage\"},\"thumbnailUrl\":\"https:\/\/www.public.sn\/wp-content\/uploads\/2024\/03\/WhatsApp-Image-2024-03-09-at-17.49.01-750x430-1.jpeg\",\"datePublished\":\"2024-03-09T19:38:09+00:00\",\"breadcrumb\":{\"@id\":\"https:\/\/www.public.sn\/index.php\/2024\/03\/09\/election-presidentielle-tous-derriere-bassirou-diomaye-faye\/#breadcrumb\"},\"inLanguage\":\"fr-FR\",\"potentialAction\":[{\"@type\":\"ReadAction\",\"target\":[\"https:\/\/www.public.sn\/index.php\/2024\/03\/09\/election-presidentielle-tous-derriere-bassirou-diomaye-faye\/\"]}]},{\"@type\":\"ImageObject\",\"inLanguage\":\"fr-FR\",\"@id\":\"https:\/\/www.public.sn\/index.php\/2024\/03\/09\/election-presidentielle-tous-derriere-bassirou-diomaye-faye\/#primaryimage\",\"url\":\"https:\/\/www.public.sn\/wp-content\/uploads\/2024\/03\/WhatsApp-Image-2024-03-09-at-17.49.01-750x430-1.jpeg\",\"contentUrl\":\"https:\/\/www.public.sn\/wp-content\/uploads\/2024\/03\/WhatsApp-Image-2024-03-09-at-17.49.01-750x430-1.jpeg\",\"width\":750,\"height\":430},{\"@type\":\"BreadcrumbList\",\"@id\":\"https:\/\/www.public.sn\/index.php\/2024\/03\/09\/election-presidentielle-tous-derriere-bassirou-diomaye-faye\/#breadcrumb\",\"itemListElement\":[{\"@type\":\"ListItem\",\"position\":1,\"name\":\"Accueil\",\"item\":\"https:\/\/www.public.sn\/\"},{\"@type\":\"ListItem\",\"position\":2,\"name\":\"Election Pr\u00e9sidentielle: Tous derri\u00e8re Bassirou Diomaye Faye\"}]},{\"@type\":\"WebSite\",\"@id\":\"https:\/\/www.public.sn\/#website\",\"url\":\"https:\/\/www.public.sn\/\",\"name\":\"LE PUBLIC\",\"description\":\"\",\"publisher\":{\"@id\":\"https:\/\/www.public.sn\/#organization\"},\"potentialAction\":[{\"@type\":\"SearchAction\",\"target\":{\"@type\":\"EntryPoint\",\"urlTemplate\":\"https:\/\/www.public.sn\/?s={search_term_string}\"},\"query-input\":{\"@type\":\"PropertyValueSpecification\",\"valueRequired\":true,\"valueName\":\"search_term_string\"}}],\"inLanguage\":\"fr-FR\"},{\"@type\":\"Organization\",\"@id\":\"https:\/\/www.public.sn\/#organization\",\"name\":\"LE PUBLIC\",\"url\":\"https:\/\/www.public.sn\/\",\"logo\":{\"@type\":\"ImageObject\",\"inLanguage\":\"fr-FR\",\"@id\":\"https:\/\/www.public.sn\/#\/schema\/logo\/image\/\",\"url\":\"https:\/\/www.public.sn\/wp-content\/uploads\/2024\/05\/cropped-LOGO-PUBLIC.SN_.png\",\"contentUrl\":\"https:\/\/www.public.sn\/wp-content\/uploads\/2024\/05\/cropped-LOGO-PUBLIC.SN_.png\",\"width\":682,\"height\":192,\"caption\":\"LE PUBLIC\"},\"image\":{\"@id\":\"https:\/\/www.public.sn\/#\/schema\/logo\/image\/\"}},{\"@type\":\"Person\",\"@id\":\"https:\/\/www.public.sn\/#\/schema\/person\/0cb769602dc17ecb89fd54a2197a221a\",\"name\":\"Man\u00e9 Ba\",\"image\":{\"@type\":\"ImageObject\",\"inLanguage\":\"fr-FR\",\"@id\":\"https:\/\/www.public.sn\/#\/schema\/person\/image\/\",\"url\":\"https:\/\/secure.gravatar.com\/avatar\/b31a37f6b2529b7e9303b5aacf26777a86815e524f04961246da8183f5e2535a?s=96&d=mm&r=g\",\"contentUrl\":\"https:\/\/secure.gravatar.com\/avatar\/b31a37f6b2529b7e9303b5aacf26777a86815e524f04961246da8183f5e2535a?s=96&d=mm&r=g\",\"caption\":\"Man\u00e9 Ba\"},\"url\":\"https:\/\/www.public.sn\/index.php\/author\/bamanesen\/\"}]}<\/script>\n<!-- \/ Yoast SEO plugin. -->","yoast_head_json":{"title":"Election Pr\u00e9sidentielle: Tous derri\u00e8re Bassirou Diomaye Faye - LE PUBLIC","robots":{"index":"index","follow":"follow","max-snippet":"max-snippet:-1","max-image-preview":"max-image-preview:large","max-video-preview":"max-video-preview:-1"},"canonical":"https:\/\/www.public.sn\/index.php\/2024\/03\/09\/election-presidentielle-tous-derriere-bassirou-diomaye-faye\/","og_locale":"fr_FR","og_type":"article","og_title":"Election Pr\u00e9sidentielle: Tous derri\u00e8re Bassirou Diomaye Faye - LE PUBLIC","og_description":"A quelques heures du d\u00e9but de la campagne \u00e9lectorale, la coalition Bassirou Diomaye Faye s\u2019appr\u00eate \u00e0 pr\u00e9senter leur programme en vue de la pr\u00e9sidentielle du 24 mars 2024. Ses membres d\u00e9cide de d\u00e9marrer leur campagne ce samedi. En attendant, beaucoup de personnalit\u00e9s politiques se rangent derri\u00e8re le choix de Ousmane Sonko. On peut citer Mimi Tour\u00e9, Dr Abdourahmane Diouf, Me Moussa Diop, Mary Teuw Niane entre autres\u2026 &nbsp; Aujourd\u2019hui, c\u2019est une grande coalition qui se dessine pour faire face \u00e0 la coalition BBY. Des personnalit\u00e9s politiques qui comptent apporter leur pierre \u00e0 l\u2019\u00e9difice pour \u00e9lire Bassirou Diomaye Faye comme 05 eme pr\u00e9sident du S\u00e9n\u00e9gal.","og_url":"https:\/\/www.public.sn\/index.php\/2024\/03\/09\/election-presidentielle-tous-derriere-bassirou-diomaye-faye\/","og_site_name":"LE PUBLIC","article_published_time":"2024-03-09T19:38:09+00:00","og_image":[{"width":750,"height":430,"url":"https:\/\/www.public.sn\/wp-content\/uploads\/2024\/03\/WhatsApp-Image-2024-03-09-at-17.49.01-750x430-1.jpeg","type":"image\/jpeg"}],"author":"Man\u00e9 Ba","twitter_card":"summary_large_image","twitter_misc":{"\u00c9crit par":"Man\u00e9 Ba","Dur\u00e9e de lecture estim\u00e9e":"1 minute"},"schema":{"@context":"https:\/\/schema.org","@graph":[{"@type":"Article","@id":"https:\/\/www.public.sn\/index.php\/2024\/03\/09\/election-presidentielle-tous-derriere-bassirou-diomaye-faye\/#article","isPartOf":{"@id":"https:\/\/www.public.sn\/index.php\/2024\/03\/09\/election-presidentielle-tous-derriere-bassirou-diomaye-faye\/"},"author":{"name":"Man\u00e9 Ba","@id":"https:\/\/www.public.sn\/#\/schema\/person\/0cb769602dc17ecb89fd54a2197a221a"},"headline":"Election Pr\u00e9sidentielle: Tous derri\u00e8re Bassirou Diomaye Faye","datePublished":"2024-03-09T19:38:09+00:00","mainEntityOfPage":{"@id":"https:\/\/www.public.sn\/index.php\/2024\/03\/09\/election-presidentielle-tous-derriere-bassirou-diomaye-faye\/"},"wordCount":123,"commentCount":0,"publisher":{"@id":"https:\/\/www.public.sn\/#organization"},"image":{"@id":"https:\/\/www.public.sn\/index.php\/2024\/03\/09\/election-presidentielle-tous-derriere-bassirou-diomaye-faye\/#primaryimage"},"thumbnailUrl":"https:\/\/www.public.sn\/wp-content\/uploads\/2024\/03\/WhatsApp-Image-2024-03-09-at-17.49.01-750x430-1.jpeg","keywords":["Diomaye","\u00c9lection","Opposition"],"articleSection":["ACTUALIT\u00c9S","POLITIQUE","PUBLIC TV","S\u00c9N\u00c9GAL","SOCIETE"],"inLanguage":"fr-FR","potentialAction":[{"@type":"CommentAction","name":"Comment","target":["https:\/\/www.public.sn\/index.php\/2024\/03\/09\/election-presidentielle-tous-derriere-bassirou-diomaye-faye\/#respond"]}]},{"@type":"WebPage","@id":"https:\/\/www.public.sn\/index.php\/2024\/03\/09\/election-presidentielle-tous-derriere-bassirou-diomaye-faye\/","url":"https:\/\/www.public.sn\/index.php\/2024\/03\/09\/election-presidentielle-tous-derriere-bassirou-diomaye-faye\/","name":"Election Pr\u00e9sidentielle: Tous derri\u00e8re Bassirou Diomaye Faye - LE PUBLIC","isPartOf":{"@id":"https:\/\/www.public.sn\/#website"},"primaryImageOfPage":{"@id":"https:\/\/www.public.sn\/index.php\/2024\/03\/09\/election-presidentielle-tous-derriere-bassirou-diomaye-faye\/#primaryimage"},"image":{"@id":"https:\/\/www.public.sn\/index.php\/2024\/03\/09\/election-presidentielle-tous-derriere-bassirou-diomaye-faye\/#primaryimage"},"thumbnailUrl":"https:\/\/www.public.sn\/wp-content\/uploads\/2024\/03\/WhatsApp-Image-2024-03-09-at-17.49.01-750x430-1.jpeg","datePublished":"2024-03-09T19:38:09+00:00","breadcrumb":{"@id":"https:\/\/www.public.sn\/index.php\/2024\/03\/09\/election-presidentielle-tous-derriere-bassirou-diomaye-faye\/#breadcrumb"},"inLanguage":"fr-FR","potentialAction":[{"@type":"ReadAction","target":["https:\/\/www.public.sn\/index.php\/2024\/03\/09\/election-presidentielle-tous-derriere-bassirou-diomaye-faye\/"]}]},{"@type":"ImageObject","inLanguage":"fr-FR","@id":"https:\/\/www.public.sn\/index.php\/2024\/03\/09\/election-presidentielle-tous-derriere-bassirou-diomaye-faye\/#primaryimage","url":"https:\/\/www.public.sn\/wp-content\/uploads\/2024\/03\/WhatsApp-Image-2024-03-09-at-17.49.01-750x430-1.jpeg","contentUrl":"https:\/\/www.public.sn\/wp-content\/uploads\/2024\/03\/WhatsApp-Image-2024-03-09-at-17.49.01-750x430-1.jpeg","width":750,"height":430},{"@type":"BreadcrumbList","@id":"https:\/\/www.public.sn\/index.php\/2024\/03\/09\/election-presidentielle-tous-derriere-bassirou-diomaye-faye\/#breadcrumb","itemListElement":[{"@type":"ListItem","position":1,"name":"Accueil","item":"https:\/\/www.public.sn\/"},{"@type":"ListItem","position":2,"name":"Election Pr\u00e9sidentielle: Tous derri\u00e8re Bassirou Diomaye Faye"}]},{"@type":"WebSite","@id":"https:\/\/www.public.sn\/#website","url":"https:\/\/www.public.sn\/","name":"LE PUBLIC","description":"","publisher":{"@id":"https:\/\/www.public.sn\/#organization"},"potentialAction":[{"@type":"SearchAction","target":{"@type":"EntryPoint","urlTemplate":"https:\/\/www.public.sn\/?s={search_term_string}"},"query-input":{"@type":"PropertyValueSpecification","valueRequired":true,"valueName":"search_term_string"}}],"inLanguage":"fr-FR"},{"@type":"Organization","@id":"https:\/\/www.public.sn\/#organization","name":"LE PUBLIC","url":"https:\/\/www.public.sn\/","logo":{"@type":"ImageObject","inLanguage":"fr-FR","@id":"https:\/\/www.public.sn\/#\/schema\/logo\/image\/","url":"https:\/\/www.public.sn\/wp-content\/uploads\/2024\/05\/cropped-LOGO-PUBLIC.SN_.png","contentUrl":"https:\/\/www.public.sn\/wp-content\/uploads\/2024\/05\/cropped-LOGO-PUBLIC.SN_.png","width":682,"height":192,"caption":"LE PUBLIC"},"image":{"@id":"https:\/\/www.public.sn\/#\/schema\/logo\/image\/"}},{"@type":"Person","@id":"https:\/\/www.public.sn\/#\/schema\/person\/0cb769602dc17ecb89fd54a2197a221a","name":"Man\u00e9 Ba","image":{"@type":"ImageObject","inLanguage":"fr-FR","@id":"https:\/\/www.public.sn\/#\/schema\/person\/image\/","url":"https:\/\/secure.gravatar.com\/avatar\/b31a37f6b2529b7e9303b5aacf26777a86815e524f04961246da8183f5e2535a?s=96&d=mm&r=g","contentUrl":"https:\/\/secure.gravatar.com\/avatar\/b31a37f6b2529b7e9303b5aacf26777a86815e524f04961246da8183f5e2535a?s=96&d=mm&r=g","caption":"Man\u00e9 Ba"},"url":"https:\/\/www.public.sn\/index.php\/author\/bamanesen\/"}]}},"jetpack_featured_media_url":"https:\/\/www.public.sn\/wp-content\/uploads\/2024\/03\/WhatsApp-Image-2024-03-09-at-17.49.01-750x430-1.jpeg","jetpack_sharing_enabled":true,"_links":{"self":[{"href":"https:\/\/www.public.sn\/index.php\/wp-json\/wp\/v2\/posts\/31358","targetHints":{"allow":["GET"]}}],"collection":[{"href":"https:\/\/www.public.sn\/index.php\/wp-json\/wp\/v2\/posts"}],"about":[{"href":"https:\/\/www.public.sn\/index.php\/wp-json\/wp\/v2\/types\/post"}],"author":[{"embeddable":true,"href":"https:\/\/www.public.sn\/index.php\/wp-json\/wp\/v2\/users\/12"}],"replies":[{"embeddable":true,"href":"https:\/\/www.public.sn\/index.php\/wp-json\/wp\/v2\/comments?post=31358"}],"version-history":[{"count":1,"href":"https:\/\/www.public.sn\/index.php\/wp-json\/wp\/v2\/posts\/31358\/revisions"}],"predecessor-version":[{"id":31360,"href":"https:\/\/www.public.sn\/index.php\/wp-json\/wp\/v2\/posts\/31358\/revisions\/31360"}],"wp:featuredmedia":[{"embeddable":true,"href":"https:\/\/www.public.sn\/index.php\/wp-json\/wp\/v2\/media\/31359"}],"wp:attachment":[{"href":"https:\/\/www.public.sn\/index.php\/wp-json\/wp\/v2\/media?parent=31358"}],"wp:term":[{"taxonomy":"category","embeddable":true,"href":"https:\/\/www.public.sn\/index.php\/wp-json\/wp\/v2\/categories?post=31358"},{"taxonomy":"post_tag","embeddable":true,"href":"https:\/\/www.public.sn\/index.php\/wp-json\/wp\/v2\/tags?post=31358"}],"curies":[{"name":"wp","href":"https:\/\/api.w.org\/{rel}","templated":true}]}}