{"id":31525,"date":"2024-03-21T11:49:28","date_gmt":"2024-03-21T11:49:28","guid":{"rendered":"https:\/\/www.public.sn\/?p=31525"},"modified":"2024-03-21T11:49:28","modified_gmt":"2024-03-21T11:49:28","slug":"violents-affrontements-au-tchad-42-morts-lors-de-nouveaux-combats-intercommunautaires","status":"publish","type":"post","link":"https:\/\/www.public.sn\/index.php\/2024\/03\/21\/violents-affrontements-au-tchad-42-morts-lors-de-nouveaux-combats-intercommunautaires\/","title":{"rendered":"Violents affrontements au Tchad : 42 morts lors de nouveaux combats intercommunautaires"},"content":{"rendered":"<p>Dans l&rsquo;est d\u00e9sertique du Tchad, au moins 42 personnes ont perdu la vie lors de r\u00e9cents affrontements entre deux communaut\u00e9s. Cette r\u00e9gion est le th\u00e9\u00e2tre de conflits r\u00e9guliers entre cultivateurs s\u00e9dentaires et \u00e9leveurs nomades, ainsi que d&rsquo;autres groupes, souvent pour des questions fonci\u00e8res.<\/p><div class=\"publi-paragraphe1\" style=\"margin-top: 10px;margin-bottom: 10px;margin-left: auto;margin-right: auto;text-align: center;\" id=\"publi-2039187408\"><div class=\"publi-adlabel\">Publicit\u00e9<\/div><script async src=\"\/\/pagead2.googlesyndication.com\/pagead\/js\/adsbygoogle.js?client=ca-pub-4089586018074219\" crossorigin=\"anonymous\"><\/script><ins class=\"adsbygoogle\" style=\"display:block;\" data-ad-client=\"ca-pub-4089586018074219\" \ndata-ad-slot=\"2087940154\" \ndata-ad-format=\"auto\"><\/ins>\n<script> \n(adsbygoogle = window.adsbygoogle || []).push({}); \n<\/script>\n<\/div>\n<p>Le minist\u00e8re tchadien de la S\u00e9curit\u00e9 publique a confirm\u00e9 ces violences dans un communiqu\u00e9 publi\u00e9 jeudi, sans pr\u00e9ciser les communaut\u00e9s impliqu\u00e9es ni la dur\u00e9e des affrontements. Selon les autorit\u00e9s, 175 personnes ont \u00e9t\u00e9 arr\u00eat\u00e9es sur les lieux, o\u00f9 une partie importante du village de Tileguey, situ\u00e9 dans la province du Ouadda\u00ef, a \u00e9t\u00e9 incendi\u00e9e par des assaillants arm\u00e9s.<\/p>\n<p>Le bilan officiel fait \u00e9tat de 42 morts pour le moment, mais les m\u00e9dias locaux rapportent que les combats ont dur\u00e9 plusieurs jours, commen\u00e7ant d\u00e8s dimanche pour certains. Cependant, ces informations n&rsquo;ont pas \u00e9t\u00e9 confirm\u00e9es par les autorit\u00e9s.<\/p>\n<p>Le ministre de la S\u00e9curit\u00e9 publique, le g\u00e9n\u00e9ral Mahamat Charfadine Margui, pr\u00e9sent sur place \u00e0 environ 700 kilom\u00e8tres \u00e0 l&rsquo;est de la capitale N&rsquo;Djamena, a affirm\u00e9 que la situation \u00e9tait sous contr\u00f4le. Il m\u00e8ne une d\u00e9l\u00e9gation gouvernementale et militaire dans le but de faire toute la lumi\u00e8re sur cet incident.<\/p>\n<p>Les conflits intercommunautaires, souvent ancestraux, sont monnaie courante dans l&rsquo;est et le sud du Tchad, un pays semi-d\u00e9sertique du Sahel. Ils opposent g\u00e9n\u00e9ralement les \u00e9leveurs nomades arabes aux cultivateurs autochtones s\u00e9dentaires, qui se disputent les terres pour le p\u00e2turage ou l&rsquo;agriculture.<\/p>\n<p>Bien que la plupart de ces conflits se concentrent dans le sud du pays et la bande sah\u00e9lienne, o\u00f9 les terres sont plus fertiles, dans le Ouadda\u00ef, les litiges fonciers sont plus fr\u00e9quents. Les communaut\u00e9s locales se livrent parfois \u00e0 des affrontements violents pour des parcelles de terre, dans un contexte o\u00f9 les armes \u00e0 feu sont largement disponibles.<\/p>\n<p>L&rsquo;origine pr\u00e9cise de ces derniers affrontements dans le Ouadda\u00ef reste \u00e0 d\u00e9terminer, mais ces conflits ancestraux connaissent une recrudescence ces derni\u00e8res ann\u00e9es, touchant plusieurs pays de la r\u00e9gion, dont le Soudan, le Soudan du Sud, le Tchad, la Centrafrique, le Cameroun et le Nigeria, qui bordent la bande sah\u00e9lienne. Les \u00e9leveurs nomades, venant des r\u00e9gions arides du Sahel, cherchent souvent \u00e0 s&rsquo;installer dans des zones plus fertiles pour leurs troupeaux, ce qui alimente les tensions fonci\u00e8res.<\/p>\n<div class=\"publi-apres-le-contenu\" style=\"margin-top: 10px;margin-bottom: 10px;margin-left: auto;margin-right: auto;text-align: center;\" id=\"publi-4074709170\"><div class=\"publi-adlabel\">Publicit\u00e9<\/div><script async src=\"\/\/pagead2.googlesyndication.com\/pagead\/js\/adsbygoogle.js?client=ca-pub-4089586018074219\" crossorigin=\"anonymous\"><\/script><ins class=\"adsbygoogle\" style=\"display:block;\" data-ad-client=\"ca-pub-4089586018074219\" \ndata-ad-slot=\"2087940154\" \ndata-ad-format=\"auto\"><\/ins>\n<script> \n(adsbygoogle = window.adsbygoogle || []).push({}); \n<\/script>\n<\/div>","protected":false},"excerpt":{"rendered":"<p>Dans l&rsquo;est d\u00e9sertique du Tchad, au moins 42 personnes ont perdu la vie lors de r\u00e9cents affrontements entre deux communaut\u00e9s. Cette r\u00e9gion est le th\u00e9\u00e2tre de conflits r\u00e9guliers entre cultivateurs s\u00e9dentaires et \u00e9leveurs nomades, ainsi que d&rsquo;autres groupes, souvent pour des questions fonci\u00e8res. Le minist\u00e8re tchadien de la S\u00e9curit\u00e9 publique a confirm\u00e9 ces violences dans un communiqu\u00e9 publi\u00e9 jeudi, sans pr\u00e9ciser les communaut\u00e9s impliqu\u00e9es ni la dur\u00e9e des affrontements. Selon les autorit\u00e9s, 175 personnes ont \u00e9t\u00e9 arr\u00eat\u00e9es sur les lieux, o\u00f9 une partie importante du village de Tileguey, situ\u00e9 dans la province du Ouadda\u00ef, a \u00e9t\u00e9 incendi\u00e9e par des assaillants arm\u00e9s. Le bilan officiel fait \u00e9tat de 42 morts pour le moment, mais les m\u00e9dias locaux rapportent que les combats ont dur\u00e9 plusieurs jours, commen\u00e7ant d\u00e8s dimanche pour certains. Cependant, ces informations n&rsquo;ont pas \u00e9t\u00e9 confirm\u00e9es par les autorit\u00e9s. Le ministre de la S\u00e9curit\u00e9 publique, le g\u00e9n\u00e9ral Mahamat Charfadine Margui, pr\u00e9sent sur place \u00e0 environ 700 kilom\u00e8tres \u00e0 l&rsquo;est de la capitale N&rsquo;Djamena, a affirm\u00e9 que la situation \u00e9tait sous contr\u00f4le. Il m\u00e8ne une d\u00e9l\u00e9gation gouvernementale et militaire dans le but de faire toute la lumi\u00e8re sur cet incident. Les conflits intercommunautaires, souvent ancestraux, sont monnaie courante dans l&rsquo;est et le sud du Tchad, un pays semi-d\u00e9sertique du Sahel. Ils opposent g\u00e9n\u00e9ralement les \u00e9leveurs nomades arabes aux cultivateurs autochtones s\u00e9dentaires, qui se disputent les terres pour le p\u00e2turage ou l&rsquo;agriculture. Bien que la plupart de ces conflits se concentrent dans le sud du pays et la bande sah\u00e9lienne, o\u00f9 les terres sont plus fertiles, dans le Ouadda\u00ef, les litiges fonciers sont plus fr\u00e9quents. Les communaut\u00e9s locales se livrent parfois \u00e0 des affrontements violents pour des parcelles de terre, dans un contexte o\u00f9 les armes \u00e0 feu sont largement disponibles. L&rsquo;origine pr\u00e9cise de ces derniers affrontements dans le Ouadda\u00ef reste \u00e0 d\u00e9terminer, mais ces conflits ancestraux connaissent une recrudescence ces derni\u00e8res ann\u00e9es, touchant plusieurs pays de la r\u00e9gion, dont le Soudan, le Soudan du Sud, le Tchad, la Centrafrique, le Cameroun et le Nigeria, qui bordent la bande sah\u00e9lienne. Les \u00e9leveurs nomades, venant des r\u00e9gions arides du Sahel, cherchent souvent \u00e0 s&rsquo;installer dans des zones plus fertiles pour leurs troupeaux, ce qui alimente les tensions fonci\u00e8res.<\/p>\n","protected":false},"author":12,"featured_media":31526,"comment_status":"open","ping_status":"open","sticky":false,"template":"","format":"standard","meta":{"_jetpack_memberships_contains_paid_content":false,"footnotes":""},"categories":[375,1023,3728],"tags":[],"class_list":["post-31525","post","type-post","status-publish","format-standard","has-post-thumbnail","hentry","category-actualites","category-buzz","category-internationale","entry","has-media","owp-thumbs-layout-horizontal","owp-btn-normal","owp-tabs-layout-horizontal","has-no-thumbnails","has-product-nav"],"yoast_head":"<!-- This site is optimized with the Yoast SEO plugin v25.5 - https:\/\/yoast.com\/wordpress\/plugins\/seo\/ -->\n<title>Violents affrontements au Tchad : 42 morts lors de nouveaux combats intercommunautaires - LE PUBLIC<\/title>\n<meta name=\"robots\" content=\"index, follow, max-snippet:-1, max-image-preview:large, max-video-preview:-1\" \/>\n<link rel=\"canonical\" href=\"https:\/\/www.public.sn\/index.php\/2024\/03\/21\/violents-affrontements-au-tchad-42-morts-lors-de-nouveaux-combats-intercommunautaires\/\" \/>\n<meta property=\"og:locale\" content=\"fr_FR\" \/>\n<meta property=\"og:type\" content=\"article\" \/>\n<meta property=\"og:title\" content=\"Violents affrontements au Tchad : 42 morts lors de nouveaux combats intercommunautaires - LE PUBLIC\" \/>\n<meta property=\"og:description\" content=\"Dans l&rsquo;est d\u00e9sertique du Tchad, au moins 42 personnes ont perdu la vie lors de r\u00e9cents affrontements entre deux communaut\u00e9s. Cette r\u00e9gion est le th\u00e9\u00e2tre de conflits r\u00e9guliers entre cultivateurs s\u00e9dentaires et \u00e9leveurs nomades, ainsi que d&rsquo;autres groupes, souvent pour des questions fonci\u00e8res. Le minist\u00e8re tchadien de la S\u00e9curit\u00e9 publique a confirm\u00e9 ces violences dans un communiqu\u00e9 publi\u00e9 jeudi, sans pr\u00e9ciser les communaut\u00e9s impliqu\u00e9es ni la dur\u00e9e des affrontements. Selon les autorit\u00e9s, 175 personnes ont \u00e9t\u00e9 arr\u00eat\u00e9es sur les lieux, o\u00f9 une partie importante du village de Tileguey, situ\u00e9 dans la province du Ouadda\u00ef, a \u00e9t\u00e9 incendi\u00e9e par des assaillants arm\u00e9s. Le bilan officiel fait \u00e9tat de 42 morts pour le moment, mais les m\u00e9dias locaux rapportent que les combats ont dur\u00e9 plusieurs jours, commen\u00e7ant d\u00e8s dimanche pour certains. Cependant, ces informations n&rsquo;ont pas \u00e9t\u00e9 confirm\u00e9es par les autorit\u00e9s. Le ministre de la S\u00e9curit\u00e9 publique, le g\u00e9n\u00e9ral Mahamat Charfadine Margui, pr\u00e9sent sur place \u00e0 environ 700 kilom\u00e8tres \u00e0 l&rsquo;est de la capitale N&rsquo;Djamena, a affirm\u00e9 que la situation \u00e9tait sous contr\u00f4le. Il m\u00e8ne une d\u00e9l\u00e9gation gouvernementale et militaire dans le but de faire toute la lumi\u00e8re sur cet incident. Les conflits intercommunautaires, souvent ancestraux, sont monnaie courante dans l&rsquo;est et le sud du Tchad, un pays semi-d\u00e9sertique du Sahel. Ils opposent g\u00e9n\u00e9ralement les \u00e9leveurs nomades arabes aux cultivateurs autochtones s\u00e9dentaires, qui se disputent les terres pour le p\u00e2turage ou l&rsquo;agriculture. Bien que la plupart de ces conflits se concentrent dans le sud du pays et la bande sah\u00e9lienne, o\u00f9 les terres sont plus fertiles, dans le Ouadda\u00ef, les litiges fonciers sont plus fr\u00e9quents. Les communaut\u00e9s locales se livrent parfois \u00e0 des affrontements violents pour des parcelles de terre, dans un contexte o\u00f9 les armes \u00e0 feu sont largement disponibles. L&rsquo;origine pr\u00e9cise de ces derniers affrontements dans le Ouadda\u00ef reste \u00e0 d\u00e9terminer, mais ces conflits ancestraux connaissent une recrudescence ces derni\u00e8res ann\u00e9es, touchant plusieurs pays de la r\u00e9gion, dont le Soudan, le Soudan du Sud, le Tchad, la Centrafrique, le Cameroun et le Nigeria, qui bordent la bande sah\u00e9lienne. Les \u00e9leveurs nomades, venant des r\u00e9gions arides du Sahel, cherchent souvent \u00e0 s&rsquo;installer dans des zones plus fertiles pour leurs troupeaux, ce qui alimente les tensions fonci\u00e8res.\" \/>\n<meta property=\"og:url\" content=\"https:\/\/www.public.sn\/index.php\/2024\/03\/21\/violents-affrontements-au-tchad-42-morts-lors-de-nouveaux-combats-intercommunautaires\/\" \/>\n<meta property=\"og:site_name\" content=\"LE PUBLIC\" \/>\n<meta property=\"article:published_time\" content=\"2024-03-21T11:49:28+00:00\" \/>\n<meta property=\"og:image\" content=\"https:\/\/www.public.sn\/wp-content\/uploads\/2024\/03\/ouaddai.webp\" \/>\n\t<meta property=\"og:image:width\" content=\"720\" \/>\n\t<meta property=\"og:image:height\" content=\"375\" \/>\n\t<meta property=\"og:image:type\" content=\"image\/webp\" \/>\n<meta name=\"author\" content=\"Man\u00e9 Ba\" \/>\n<meta name=\"twitter:card\" content=\"summary_large_image\" \/>\n<meta name=\"twitter:label1\" content=\"\u00c9crit par\" \/>\n\t<meta name=\"twitter:data1\" content=\"Man\u00e9 Ba\" \/>\n\t<meta name=\"twitter:label2\" content=\"Dur\u00e9e de lecture estim\u00e9e\" \/>\n\t<meta name=\"twitter:data2\" content=\"3 minutes\" \/>\n<script type=\"application\/ld+json\" class=\"yoast-schema-graph\">{\"@context\":\"https:\/\/schema.org\",\"@graph\":[{\"@type\":\"Article\",\"@id\":\"https:\/\/www.public.sn\/index.php\/2024\/03\/21\/violents-affrontements-au-tchad-42-morts-lors-de-nouveaux-combats-intercommunautaires\/#article\",\"isPartOf\":{\"@id\":\"https:\/\/www.public.sn\/index.php\/2024\/03\/21\/violents-affrontements-au-tchad-42-morts-lors-de-nouveaux-combats-intercommunautaires\/\"},\"author\":{\"name\":\"Man\u00e9 Ba\",\"@id\":\"https:\/\/www.public.sn\/#\/schema\/person\/0cb769602dc17ecb89fd54a2197a221a\"},\"headline\":\"Violents affrontements au Tchad : 42 morts lors de nouveaux combats intercommunautaires\",\"datePublished\":\"2024-03-21T11:49:28+00:00\",\"mainEntityOfPage\":{\"@id\":\"https:\/\/www.public.sn\/index.php\/2024\/03\/21\/violents-affrontements-au-tchad-42-morts-lors-de-nouveaux-combats-intercommunautaires\/\"},\"wordCount\":415,\"commentCount\":0,\"publisher\":{\"@id\":\"https:\/\/www.public.sn\/#organization\"},\"image\":{\"@id\":\"https:\/\/www.public.sn\/index.php\/2024\/03\/21\/violents-affrontements-au-tchad-42-morts-lors-de-nouveaux-combats-intercommunautaires\/#primaryimage\"},\"thumbnailUrl\":\"https:\/\/www.public.sn\/wp-content\/uploads\/2024\/03\/ouaddai.webp\",\"articleSection\":[\"ACTUALIT\u00c9S\",\"BUZZ\",\"internationale\"],\"inLanguage\":\"fr-FR\",\"potentialAction\":[{\"@type\":\"CommentAction\",\"name\":\"Comment\",\"target\":[\"https:\/\/www.public.sn\/index.php\/2024\/03\/21\/violents-affrontements-au-tchad-42-morts-lors-de-nouveaux-combats-intercommunautaires\/#respond\"]}]},{\"@type\":\"WebPage\",\"@id\":\"https:\/\/www.public.sn\/index.php\/2024\/03\/21\/violents-affrontements-au-tchad-42-morts-lors-de-nouveaux-combats-intercommunautaires\/\",\"url\":\"https:\/\/www.public.sn\/index.php\/2024\/03\/21\/violents-affrontements-au-tchad-42-morts-lors-de-nouveaux-combats-intercommunautaires\/\",\"name\":\"Violents affrontements au Tchad : 42 morts lors de nouveaux combats intercommunautaires - LE PUBLIC\",\"isPartOf\":{\"@id\":\"https:\/\/www.public.sn\/#website\"},\"primaryImageOfPage\":{\"@id\":\"https:\/\/www.public.sn\/index.php\/2024\/03\/21\/violents-affrontements-au-tchad-42-morts-lors-de-nouveaux-combats-intercommunautaires\/#primaryimage\"},\"image\":{\"@id\":\"https:\/\/www.public.sn\/index.php\/2024\/03\/21\/violents-affrontements-au-tchad-42-morts-lors-de-nouveaux-combats-intercommunautaires\/#primaryimage\"},\"thumbnailUrl\":\"https:\/\/www.public.sn\/wp-content\/uploads\/2024\/03\/ouaddai.webp\",\"datePublished\":\"2024-03-21T11:49:28+00:00\",\"breadcrumb\":{\"@id\":\"https:\/\/www.public.sn\/index.php\/2024\/03\/21\/violents-affrontements-au-tchad-42-morts-lors-de-nouveaux-combats-intercommunautaires\/#breadcrumb\"},\"inLanguage\":\"fr-FR\",\"potentialAction\":[{\"@type\":\"ReadAction\",\"target\":[\"https:\/\/www.public.sn\/index.php\/2024\/03\/21\/violents-affrontements-au-tchad-42-morts-lors-de-nouveaux-combats-intercommunautaires\/\"]}]},{\"@type\":\"ImageObject\",\"inLanguage\":\"fr-FR\",\"@id\":\"https:\/\/www.public.sn\/index.php\/2024\/03\/21\/violents-affrontements-au-tchad-42-morts-lors-de-nouveaux-combats-intercommunautaires\/#primaryimage\",\"url\":\"https:\/\/www.public.sn\/wp-content\/uploads\/2024\/03\/ouaddai.webp\",\"contentUrl\":\"https:\/\/www.public.sn\/wp-content\/uploads\/2024\/03\/ouaddai.webp\",\"width\":720,\"height\":375},{\"@type\":\"BreadcrumbList\",\"@id\":\"https:\/\/www.public.sn\/index.php\/2024\/03\/21\/violents-affrontements-au-tchad-42-morts-lors-de-nouveaux-combats-intercommunautaires\/#breadcrumb\",\"itemListElement\":[{\"@type\":\"ListItem\",\"position\":1,\"name\":\"Accueil\",\"item\":\"https:\/\/www.public.sn\/\"},{\"@type\":\"ListItem\",\"position\":2,\"name\":\"Violents affrontements au Tchad : 42 morts lors de nouveaux combats intercommunautaires\"}]},{\"@type\":\"WebSite\",\"@id\":\"https:\/\/www.public.sn\/#website\",\"url\":\"https:\/\/www.public.sn\/\",\"name\":\"LE PUBLIC\",\"description\":\"\",\"publisher\":{\"@id\":\"https:\/\/www.public.sn\/#organization\"},\"potentialAction\":[{\"@type\":\"SearchAction\",\"target\":{\"@type\":\"EntryPoint\",\"urlTemplate\":\"https:\/\/www.public.sn\/?s={search_term_string}\"},\"query-input\":{\"@type\":\"PropertyValueSpecification\",\"valueRequired\":true,\"valueName\":\"search_term_string\"}}],\"inLanguage\":\"fr-FR\"},{\"@type\":\"Organization\",\"@id\":\"https:\/\/www.public.sn\/#organization\",\"name\":\"LE PUBLIC\",\"url\":\"https:\/\/www.public.sn\/\",\"logo\":{\"@type\":\"ImageObject\",\"inLanguage\":\"fr-FR\",\"@id\":\"https:\/\/www.public.sn\/#\/schema\/logo\/image\/\",\"url\":\"https:\/\/www.public.sn\/wp-content\/uploads\/2024\/05\/cropped-LOGO-PUBLIC.SN_.png\",\"contentUrl\":\"https:\/\/www.public.sn\/wp-content\/uploads\/2024\/05\/cropped-LOGO-PUBLIC.SN_.png\",\"width\":682,\"height\":192,\"caption\":\"LE PUBLIC\"},\"image\":{\"@id\":\"https:\/\/www.public.sn\/#\/schema\/logo\/image\/\"}},{\"@type\":\"Person\",\"@id\":\"https:\/\/www.public.sn\/#\/schema\/person\/0cb769602dc17ecb89fd54a2197a221a\",\"name\":\"Man\u00e9 Ba\",\"image\":{\"@type\":\"ImageObject\",\"inLanguage\":\"fr-FR\",\"@id\":\"https:\/\/www.public.sn\/#\/schema\/person\/image\/\",\"url\":\"https:\/\/secure.gravatar.com\/avatar\/b31a37f6b2529b7e9303b5aacf26777a86815e524f04961246da8183f5e2535a?s=96&d=mm&r=g\",\"contentUrl\":\"https:\/\/secure.gravatar.com\/avatar\/b31a37f6b2529b7e9303b5aacf26777a86815e524f04961246da8183f5e2535a?s=96&d=mm&r=g\",\"caption\":\"Man\u00e9 Ba\"},\"url\":\"https:\/\/www.public.sn\/index.php\/author\/bamanesen\/\"}]}<\/script>\n<!-- \/ Yoast SEO plugin. -->","yoast_head_json":{"title":"Violents affrontements au Tchad : 42 morts lors de nouveaux combats intercommunautaires - LE PUBLIC","robots":{"index":"index","follow":"follow","max-snippet":"max-snippet:-1","max-image-preview":"max-image-preview:large","max-video-preview":"max-video-preview:-1"},"canonical":"https:\/\/www.public.sn\/index.php\/2024\/03\/21\/violents-affrontements-au-tchad-42-morts-lors-de-nouveaux-combats-intercommunautaires\/","og_locale":"fr_FR","og_type":"article","og_title":"Violents affrontements au Tchad : 42 morts lors de nouveaux combats intercommunautaires - LE PUBLIC","og_description":"Dans l&rsquo;est d\u00e9sertique du Tchad, au moins 42 personnes ont perdu la vie lors de r\u00e9cents affrontements entre deux communaut\u00e9s. Cette r\u00e9gion est le th\u00e9\u00e2tre de conflits r\u00e9guliers entre cultivateurs s\u00e9dentaires et \u00e9leveurs nomades, ainsi que d&rsquo;autres groupes, souvent pour des questions fonci\u00e8res. Le minist\u00e8re tchadien de la S\u00e9curit\u00e9 publique a confirm\u00e9 ces violences dans un communiqu\u00e9 publi\u00e9 jeudi, sans pr\u00e9ciser les communaut\u00e9s impliqu\u00e9es ni la dur\u00e9e des affrontements. Selon les autorit\u00e9s, 175 personnes ont \u00e9t\u00e9 arr\u00eat\u00e9es sur les lieux, o\u00f9 une partie importante du village de Tileguey, situ\u00e9 dans la province du Ouadda\u00ef, a \u00e9t\u00e9 incendi\u00e9e par des assaillants arm\u00e9s. Le bilan officiel fait \u00e9tat de 42 morts pour le moment, mais les m\u00e9dias locaux rapportent que les combats ont dur\u00e9 plusieurs jours, commen\u00e7ant d\u00e8s dimanche pour certains. Cependant, ces informations n&rsquo;ont pas \u00e9t\u00e9 confirm\u00e9es par les autorit\u00e9s. Le ministre de la S\u00e9curit\u00e9 publique, le g\u00e9n\u00e9ral Mahamat Charfadine Margui, pr\u00e9sent sur place \u00e0 environ 700 kilom\u00e8tres \u00e0 l&rsquo;est de la capitale N&rsquo;Djamena, a affirm\u00e9 que la situation \u00e9tait sous contr\u00f4le. Il m\u00e8ne une d\u00e9l\u00e9gation gouvernementale et militaire dans le but de faire toute la lumi\u00e8re sur cet incident. Les conflits intercommunautaires, souvent ancestraux, sont monnaie courante dans l&rsquo;est et le sud du Tchad, un pays semi-d\u00e9sertique du Sahel. Ils opposent g\u00e9n\u00e9ralement les \u00e9leveurs nomades arabes aux cultivateurs autochtones s\u00e9dentaires, qui se disputent les terres pour le p\u00e2turage ou l&rsquo;agriculture. Bien que la plupart de ces conflits se concentrent dans le sud du pays et la bande sah\u00e9lienne, o\u00f9 les terres sont plus fertiles, dans le Ouadda\u00ef, les litiges fonciers sont plus fr\u00e9quents. Les communaut\u00e9s locales se livrent parfois \u00e0 des affrontements violents pour des parcelles de terre, dans un contexte o\u00f9 les armes \u00e0 feu sont largement disponibles. L&rsquo;origine pr\u00e9cise de ces derniers affrontements dans le Ouadda\u00ef reste \u00e0 d\u00e9terminer, mais ces conflits ancestraux connaissent une recrudescence ces derni\u00e8res ann\u00e9es, touchant plusieurs pays de la r\u00e9gion, dont le Soudan, le Soudan du Sud, le Tchad, la Centrafrique, le Cameroun et le Nigeria, qui bordent la bande sah\u00e9lienne. Les \u00e9leveurs nomades, venant des r\u00e9gions arides du Sahel, cherchent souvent \u00e0 s&rsquo;installer dans des zones plus fertiles pour leurs troupeaux, ce qui alimente les tensions fonci\u00e8res.","og_url":"https:\/\/www.public.sn\/index.php\/2024\/03\/21\/violents-affrontements-au-tchad-42-morts-lors-de-nouveaux-combats-intercommunautaires\/","og_site_name":"LE PUBLIC","article_published_time":"2024-03-21T11:49:28+00:00","og_image":[{"width":720,"height":375,"url":"https:\/\/www.public.sn\/wp-content\/uploads\/2024\/03\/ouaddai.webp","type":"image\/webp"}],"author":"Man\u00e9 Ba","twitter_card":"summary_large_image","twitter_misc":{"\u00c9crit par":"Man\u00e9 Ba","Dur\u00e9e de lecture estim\u00e9e":"3 minutes"},"schema":{"@context":"https:\/\/schema.org","@graph":[{"@type":"Article","@id":"https:\/\/www.public.sn\/index.php\/2024\/03\/21\/violents-affrontements-au-tchad-42-morts-lors-de-nouveaux-combats-intercommunautaires\/#article","isPartOf":{"@id":"https:\/\/www.public.sn\/index.php\/2024\/03\/21\/violents-affrontements-au-tchad-42-morts-lors-de-nouveaux-combats-intercommunautaires\/"},"author":{"name":"Man\u00e9 Ba","@id":"https:\/\/www.public.sn\/#\/schema\/person\/0cb769602dc17ecb89fd54a2197a221a"},"headline":"Violents affrontements au Tchad : 42 morts lors de nouveaux combats intercommunautaires","datePublished":"2024-03-21T11:49:28+00:00","mainEntityOfPage":{"@id":"https:\/\/www.public.sn\/index.php\/2024\/03\/21\/violents-affrontements-au-tchad-42-morts-lors-de-nouveaux-combats-intercommunautaires\/"},"wordCount":415,"commentCount":0,"publisher":{"@id":"https:\/\/www.public.sn\/#organization"},"image":{"@id":"https:\/\/www.public.sn\/index.php\/2024\/03\/21\/violents-affrontements-au-tchad-42-morts-lors-de-nouveaux-combats-intercommunautaires\/#primaryimage"},"thumbnailUrl":"https:\/\/www.public.sn\/wp-content\/uploads\/2024\/03\/ouaddai.webp","articleSection":["ACTUALIT\u00c9S","BUZZ","internationale"],"inLanguage":"fr-FR","potentialAction":[{"@type":"CommentAction","name":"Comment","target":["https:\/\/www.public.sn\/index.php\/2024\/03\/21\/violents-affrontements-au-tchad-42-morts-lors-de-nouveaux-combats-intercommunautaires\/#respond"]}]},{"@type":"WebPage","@id":"https:\/\/www.public.sn\/index.php\/2024\/03\/21\/violents-affrontements-au-tchad-42-morts-lors-de-nouveaux-combats-intercommunautaires\/","url":"https:\/\/www.public.sn\/index.php\/2024\/03\/21\/violents-affrontements-au-tchad-42-morts-lors-de-nouveaux-combats-intercommunautaires\/","name":"Violents affrontements au Tchad : 42 morts lors de nouveaux combats intercommunautaires - LE PUBLIC","isPartOf":{"@id":"https:\/\/www.public.sn\/#website"},"primaryImageOfPage":{"@id":"https:\/\/www.public.sn\/index.php\/2024\/03\/21\/violents-affrontements-au-tchad-42-morts-lors-de-nouveaux-combats-intercommunautaires\/#primaryimage"},"image":{"@id":"https:\/\/www.public.sn\/index.php\/2024\/03\/21\/violents-affrontements-au-tchad-42-morts-lors-de-nouveaux-combats-intercommunautaires\/#primaryimage"},"thumbnailUrl":"https:\/\/www.public.sn\/wp-content\/uploads\/2024\/03\/ouaddai.webp","datePublished":"2024-03-21T11:49:28+00:00","breadcrumb":{"@id":"https:\/\/www.public.sn\/index.php\/2024\/03\/21\/violents-affrontements-au-tchad-42-morts-lors-de-nouveaux-combats-intercommunautaires\/#breadcrumb"},"inLanguage":"fr-FR","potentialAction":[{"@type":"ReadAction","target":["https:\/\/www.public.sn\/index.php\/2024\/03\/21\/violents-affrontements-au-tchad-42-morts-lors-de-nouveaux-combats-intercommunautaires\/"]}]},{"@type":"ImageObject","inLanguage":"fr-FR","@id":"https:\/\/www.public.sn\/index.php\/2024\/03\/21\/violents-affrontements-au-tchad-42-morts-lors-de-nouveaux-combats-intercommunautaires\/#primaryimage","url":"https:\/\/www.public.sn\/wp-content\/uploads\/2024\/03\/ouaddai.webp","contentUrl":"https:\/\/www.public.sn\/wp-content\/uploads\/2024\/03\/ouaddai.webp","width":720,"height":375},{"@type":"BreadcrumbList","@id":"https:\/\/www.public.sn\/index.php\/2024\/03\/21\/violents-affrontements-au-tchad-42-morts-lors-de-nouveaux-combats-intercommunautaires\/#breadcrumb","itemListElement":[{"@type":"ListItem","position":1,"name":"Accueil","item":"https:\/\/www.public.sn\/"},{"@type":"ListItem","position":2,"name":"Violents affrontements au Tchad : 42 morts lors de nouveaux combats intercommunautaires"}]},{"@type":"WebSite","@id":"https:\/\/www.public.sn\/#website","url":"https:\/\/www.public.sn\/","name":"LE PUBLIC","description":"","publisher":{"@id":"https:\/\/www.public.sn\/#organization"},"potentialAction":[{"@type":"SearchAction","target":{"@type":"EntryPoint","urlTemplate":"https:\/\/www.public.sn\/?s={search_term_string}"},"query-input":{"@type":"PropertyValueSpecification","valueRequired":true,"valueName":"search_term_string"}}],"inLanguage":"fr-FR"},{"@type":"Organization","@id":"https:\/\/www.public.sn\/#organization","name":"LE PUBLIC","url":"https:\/\/www.public.sn\/","logo":{"@type":"ImageObject","inLanguage":"fr-FR","@id":"https:\/\/www.public.sn\/#\/schema\/logo\/image\/","url":"https:\/\/www.public.sn\/wp-content\/uploads\/2024\/05\/cropped-LOGO-PUBLIC.SN_.png","contentUrl":"https:\/\/www.public.sn\/wp-content\/uploads\/2024\/05\/cropped-LOGO-PUBLIC.SN_.png","width":682,"height":192,"caption":"LE PUBLIC"},"image":{"@id":"https:\/\/www.public.sn\/#\/schema\/logo\/image\/"}},{"@type":"Person","@id":"https:\/\/www.public.sn\/#\/schema\/person\/0cb769602dc17ecb89fd54a2197a221a","name":"Man\u00e9 Ba","image":{"@type":"ImageObject","inLanguage":"fr-FR","@id":"https:\/\/www.public.sn\/#\/schema\/person\/image\/","url":"https:\/\/secure.gravatar.com\/avatar\/b31a37f6b2529b7e9303b5aacf26777a86815e524f04961246da8183f5e2535a?s=96&d=mm&r=g","contentUrl":"https:\/\/secure.gravatar.com\/avatar\/b31a37f6b2529b7e9303b5aacf26777a86815e524f04961246da8183f5e2535a?s=96&d=mm&r=g","caption":"Man\u00e9 Ba"},"url":"https:\/\/www.public.sn\/index.php\/author\/bamanesen\/"}]}},"jetpack_featured_media_url":"https:\/\/www.public.sn\/wp-content\/uploads\/2024\/03\/ouaddai.webp","jetpack_sharing_enabled":true,"_links":{"self":[{"href":"https:\/\/www.public.sn\/index.php\/wp-json\/wp\/v2\/posts\/31525","targetHints":{"allow":["GET"]}}],"collection":[{"href":"https:\/\/www.public.sn\/index.php\/wp-json\/wp\/v2\/posts"}],"about":[{"href":"https:\/\/www.public.sn\/index.php\/wp-json\/wp\/v2\/types\/post"}],"author":[{"embeddable":true,"href":"https:\/\/www.public.sn\/index.php\/wp-json\/wp\/v2\/users\/12"}],"replies":[{"embeddable":true,"href":"https:\/\/www.public.sn\/index.php\/wp-json\/wp\/v2\/comments?post=31525"}],"version-history":[{"count":1,"href":"https:\/\/www.public.sn\/index.php\/wp-json\/wp\/v2\/posts\/31525\/revisions"}],"predecessor-version":[{"id":31527,"href":"https:\/\/www.public.sn\/index.php\/wp-json\/wp\/v2\/posts\/31525\/revisions\/31527"}],"wp:featuredmedia":[{"embeddable":true,"href":"https:\/\/www.public.sn\/index.php\/wp-json\/wp\/v2\/media\/31526"}],"wp:attachment":[{"href":"https:\/\/www.public.sn\/index.php\/wp-json\/wp\/v2\/media?parent=31525"}],"wp:term":[{"taxonomy":"category","embeddable":true,"href":"https:\/\/www.public.sn\/index.php\/wp-json\/wp\/v2\/categories?post=31525"},{"taxonomy":"post_tag","embeddable":true,"href":"https:\/\/www.public.sn\/index.php\/wp-json\/wp\/v2\/tags?post=31525"}],"curies":[{"name":"wp","href":"https:\/\/api.w.org\/{rel}","templated":true}]}}