{"id":31538,"date":"2024-03-21T12:23:46","date_gmt":"2024-03-21T12:23:46","guid":{"rendered":"https:\/\/www.public.sn\/?p=31538"},"modified":"2024-03-21T12:23:46","modified_gmt":"2024-03-21T12:23:46","slug":"anta-babacar-ngom-exprime-ses-inquietudes-face-a-la-declaration-de-diomaye-sur-un-eventuel-changement-de-notre-monnaie","status":"publish","type":"post","link":"https:\/\/www.public.sn\/index.php\/2024\/03\/21\/anta-babacar-ngom-exprime-ses-inquietudes-face-a-la-declaration-de-diomaye-sur-un-eventuel-changement-de-notre-monnaie\/","title":{"rendered":"Anta Babacar Ngom exprime ses inqui\u00e9tudes face \u00e0 la d\u00e9claration de Diomaye sur un \u00e9ventuel changement de notre monnaie"},"content":{"rendered":"<p>La pr\u00e9sidente du mouvement Alternative pour la rel\u00e8ve citoyenne (ARC) 2024 a pris part au d\u00e9bat sur la monnaie Franc CFA en lan\u00e7ant des critiques virulentes \u00e0 l&rsquo;encontre de Diomaye Faye lors de son discours mardi dernier \u00e0 Richard Toll.<\/p><div class=\"publi-paragraphe1\" style=\"margin-top: 10px;margin-bottom: 10px;margin-left: auto;margin-right: auto;text-align: center;\" id=\"publi-3662982325\"><div class=\"publi-adlabel\">Publicit\u00e9<\/div><script async src=\"\/\/pagead2.googlesyndication.com\/pagead\/js\/adsbygoogle.js?client=ca-pub-4089586018074219\" crossorigin=\"anonymous\"><\/script><ins class=\"adsbygoogle\" style=\"display:block;\" data-ad-client=\"ca-pub-4089586018074219\" \ndata-ad-slot=\"2087940154\" \ndata-ad-format=\"auto\"><\/ins>\n<script> \n(adsbygoogle = window.adsbygoogle || []).push({}); \n<\/script>\n<\/div>\n<p>\u00ab\u00a0J&rsquo;\u00e9prouve de l&rsquo;appr\u00e9hension quand j&rsquo;entends des candidats affirmer qu&rsquo;ils vont changer notre monnaie Franc CFA. Bassirou Diomaye Faye, qui avance de telles d\u00e9clarations, ne pr\u00e9sente pas le profil ad\u00e9quat. Il manque de comp\u00e9tence intellectuelle, ce qui explique ses propos. Modifier cette monnaie est inappropri\u00e9, cela ne se fait pas. Il devrait faire preuve de patience. Nous ne sommes pas dans une comp\u00e9tition. Il est essentiel de prendre des engagements que l&rsquo;on peut respecter\u00a0\u00bb, a-t-elle d\u00e9clar\u00e9.<\/p>\n<p>Selon Anta Babacar Ngom, le S\u00e9n\u00e9gal ne tol\u00e9rera pas un pr\u00e9sident par procuration. \u00ab\u00a0On parle de Ousmane, puis de Diomaye, Diomaye devient Ousmane. Mais je me demande qui est r\u00e9ellement Ousmane et qui est Diomaye. Ils veulent obtenir le contr\u00f4le du pays. Nous refusons cat\u00e9goriquement un pr\u00e9sident impos\u00e9. Il n&rsquo;y a pas de deux ou trois options, la seule option valable reste Anta Babacar Ngom\u00a0\u00bb.<\/p>\n<p>En ce qui concerne l&rsquo;\u00e9ducation nationale et sup\u00e9rieure, Anta Babacar Ngom s&rsquo;engage \u00e0 moderniser l&rsquo;enseignement en organisant d\u00e8s son \u00e9lection les assises nationales de l&rsquo;\u00e9ducation. Elle envisage d&rsquo;introduire l&rsquo;anglais d\u00e8s la classe de CI, de recruter des ma\u00eetres coraniques, d&rsquo;accro\u00eetre le logement des enseignants \u00e0 travers un programme sp\u00e9cial de 50 000 logements, et de construire 7 nouvelles universit\u00e9s.<\/p>\n<div class=\"publi-apres-le-contenu\" style=\"margin-top: 10px;margin-bottom: 10px;margin-left: auto;margin-right: auto;text-align: center;\" id=\"publi-593127385\"><div class=\"publi-adlabel\">Publicit\u00e9<\/div><script async src=\"\/\/pagead2.googlesyndication.com\/pagead\/js\/adsbygoogle.js?client=ca-pub-4089586018074219\" crossorigin=\"anonymous\"><\/script><ins class=\"adsbygoogle\" style=\"display:block;\" data-ad-client=\"ca-pub-4089586018074219\" \ndata-ad-slot=\"2087940154\" \ndata-ad-format=\"auto\"><\/ins>\n<script> \n(adsbygoogle = window.adsbygoogle || []).push({}); \n<\/script>\n<\/div>","protected":false},"excerpt":{"rendered":"<p>La pr\u00e9sidente du mouvement Alternative pour la rel\u00e8ve citoyenne (ARC) 2024 a pris part au d\u00e9bat sur la monnaie Franc CFA en lan\u00e7ant des critiques virulentes \u00e0 l&rsquo;encontre de Diomaye Faye lors de son discours mardi dernier \u00e0 Richard Toll. \u00ab\u00a0J&rsquo;\u00e9prouve de l&rsquo;appr\u00e9hension quand j&rsquo;entends des candidats affirmer qu&rsquo;ils vont changer notre monnaie Franc CFA. Bassirou Diomaye Faye, qui avance de telles d\u00e9clarations, ne pr\u00e9sente pas le profil ad\u00e9quat. Il manque de comp\u00e9tence intellectuelle, ce qui explique ses propos. Modifier cette monnaie est inappropri\u00e9, cela ne se fait pas. Il devrait faire preuve de patience. Nous ne sommes pas dans une comp\u00e9tition. Il est essentiel de prendre des engagements que l&rsquo;on peut respecter\u00a0\u00bb, a-t-elle d\u00e9clar\u00e9. Selon Anta Babacar Ngom, le S\u00e9n\u00e9gal ne tol\u00e9rera pas un pr\u00e9sident par procuration. \u00ab\u00a0On parle de Ousmane, puis de Diomaye, Diomaye devient Ousmane. Mais je me demande qui est r\u00e9ellement Ousmane et qui est Diomaye. Ils veulent obtenir le contr\u00f4le du pays. Nous refusons cat\u00e9goriquement un pr\u00e9sident impos\u00e9. Il n&rsquo;y a pas de deux ou trois options, la seule option valable reste Anta Babacar Ngom\u00a0\u00bb. En ce qui concerne l&rsquo;\u00e9ducation nationale et sup\u00e9rieure, Anta Babacar Ngom s&rsquo;engage \u00e0 moderniser l&rsquo;enseignement en organisant d\u00e8s son \u00e9lection les assises nationales de l&rsquo;\u00e9ducation. Elle envisage d&rsquo;introduire l&rsquo;anglais d\u00e8s la classe de CI, de recruter des ma\u00eetres coraniques, d&rsquo;accro\u00eetre le logement des enseignants \u00e0 travers un programme sp\u00e9cial de 50 000 logements, et de construire 7 nouvelles universit\u00e9s.<\/p>\n","protected":false},"author":12,"featured_media":31539,"comment_status":"open","ping_status":"open","sticky":false,"template":"","format":"standard","meta":{"_jetpack_memberships_contains_paid_content":false,"footnotes":""},"categories":[375,3],"tags":[],"class_list":["post-31538","post","type-post","status-publish","format-standard","has-post-thumbnail","hentry","category-actualites","category-politique","entry","has-media","owp-thumbs-layout-horizontal","owp-btn-normal","owp-tabs-layout-horizontal","has-no-thumbnails","has-product-nav"],"yoast_head":"<!-- This site is optimized with the Yoast SEO plugin v25.5 - https:\/\/yoast.com\/wordpress\/plugins\/seo\/ -->\n<title>Anta Babacar Ngom exprime ses inqui\u00e9tudes face \u00e0 la d\u00e9claration de Diomaye sur un \u00e9ventuel changement de notre monnaie - LE PUBLIC<\/title>\n<meta name=\"robots\" content=\"index, follow, max-snippet:-1, max-image-preview:large, max-video-preview:-1\" \/>\n<link rel=\"canonical\" href=\"https:\/\/www.public.sn\/index.php\/2024\/03\/21\/anta-babacar-ngom-exprime-ses-inquietudes-face-a-la-declaration-de-diomaye-sur-un-eventuel-changement-de-notre-monnaie\/\" \/>\n<meta property=\"og:locale\" content=\"fr_FR\" \/>\n<meta property=\"og:type\" content=\"article\" \/>\n<meta property=\"og:title\" content=\"Anta Babacar Ngom exprime ses inqui\u00e9tudes face \u00e0 la d\u00e9claration de Diomaye sur un \u00e9ventuel changement de notre monnaie - LE PUBLIC\" \/>\n<meta property=\"og:description\" content=\"La pr\u00e9sidente du mouvement Alternative pour la rel\u00e8ve citoyenne (ARC) 2024 a pris part au d\u00e9bat sur la monnaie Franc CFA en lan\u00e7ant des critiques virulentes \u00e0 l&rsquo;encontre de Diomaye Faye lors de son discours mardi dernier \u00e0 Richard Toll. \u00ab\u00a0J&rsquo;\u00e9prouve de l&rsquo;appr\u00e9hension quand j&rsquo;entends des candidats affirmer qu&rsquo;ils vont changer notre monnaie Franc CFA. Bassirou Diomaye Faye, qui avance de telles d\u00e9clarations, ne pr\u00e9sente pas le profil ad\u00e9quat. Il manque de comp\u00e9tence intellectuelle, ce qui explique ses propos. Modifier cette monnaie est inappropri\u00e9, cela ne se fait pas. Il devrait faire preuve de patience. Nous ne sommes pas dans une comp\u00e9tition. Il est essentiel de prendre des engagements que l&rsquo;on peut respecter\u00a0\u00bb, a-t-elle d\u00e9clar\u00e9. Selon Anta Babacar Ngom, le S\u00e9n\u00e9gal ne tol\u00e9rera pas un pr\u00e9sident par procuration. \u00ab\u00a0On parle de Ousmane, puis de Diomaye, Diomaye devient Ousmane. Mais je me demande qui est r\u00e9ellement Ousmane et qui est Diomaye. Ils veulent obtenir le contr\u00f4le du pays. Nous refusons cat\u00e9goriquement un pr\u00e9sident impos\u00e9. Il n&rsquo;y a pas de deux ou trois options, la seule option valable reste Anta Babacar Ngom\u00a0\u00bb. En ce qui concerne l&rsquo;\u00e9ducation nationale et sup\u00e9rieure, Anta Babacar Ngom s&rsquo;engage \u00e0 moderniser l&rsquo;enseignement en organisant d\u00e8s son \u00e9lection les assises nationales de l&rsquo;\u00e9ducation. Elle envisage d&rsquo;introduire l&rsquo;anglais d\u00e8s la classe de CI, de recruter des ma\u00eetres coraniques, d&rsquo;accro\u00eetre le logement des enseignants \u00e0 travers un programme sp\u00e9cial de 50 000 logements, et de construire 7 nouvelles universit\u00e9s.\" \/>\n<meta property=\"og:url\" content=\"https:\/\/www.public.sn\/index.php\/2024\/03\/21\/anta-babacar-ngom-exprime-ses-inquietudes-face-a-la-declaration-de-diomaye-sur-un-eventuel-changement-de-notre-monnaie\/\" \/>\n<meta property=\"og:site_name\" content=\"LE PUBLIC\" \/>\n<meta property=\"article:published_time\" content=\"2024-03-21T12:23:46+00:00\" \/>\n<meta property=\"og:image\" content=\"https:\/\/www.public.sn\/wp-content\/uploads\/2024\/03\/79035711-57299604.jpeg\" \/>\n\t<meta property=\"og:image:width\" content=\"1600\" \/>\n\t<meta property=\"og:image:height\" content=\"1066\" \/>\n\t<meta property=\"og:image:type\" content=\"image\/jpeg\" \/>\n<meta name=\"author\" content=\"Man\u00e9 Ba\" \/>\n<meta name=\"twitter:card\" content=\"summary_large_image\" \/>\n<meta name=\"twitter:label1\" content=\"\u00c9crit par\" \/>\n\t<meta name=\"twitter:data1\" content=\"Man\u00e9 Ba\" \/>\n\t<meta name=\"twitter:label2\" content=\"Dur\u00e9e de lecture estim\u00e9e\" \/>\n\t<meta name=\"twitter:data2\" content=\"2 minutes\" \/>\n<script type=\"application\/ld+json\" class=\"yoast-schema-graph\">{\"@context\":\"https:\/\/schema.org\",\"@graph\":[{\"@type\":\"Article\",\"@id\":\"https:\/\/www.public.sn\/index.php\/2024\/03\/21\/anta-babacar-ngom-exprime-ses-inquietudes-face-a-la-declaration-de-diomaye-sur-un-eventuel-changement-de-notre-monnaie\/#article\",\"isPartOf\":{\"@id\":\"https:\/\/www.public.sn\/index.php\/2024\/03\/21\/anta-babacar-ngom-exprime-ses-inquietudes-face-a-la-declaration-de-diomaye-sur-un-eventuel-changement-de-notre-monnaie\/\"},\"author\":{\"name\":\"Man\u00e9 Ba\",\"@id\":\"https:\/\/www.public.sn\/#\/schema\/person\/0cb769602dc17ecb89fd54a2197a221a\"},\"headline\":\"Anta Babacar Ngom exprime ses inqui\u00e9tudes face \u00e0 la d\u00e9claration de Diomaye sur un \u00e9ventuel changement de notre monnaie\",\"datePublished\":\"2024-03-21T12:23:46+00:00\",\"mainEntityOfPage\":{\"@id\":\"https:\/\/www.public.sn\/index.php\/2024\/03\/21\/anta-babacar-ngom-exprime-ses-inquietudes-face-a-la-declaration-de-diomaye-sur-un-eventuel-changement-de-notre-monnaie\/\"},\"wordCount\":280,\"commentCount\":0,\"publisher\":{\"@id\":\"https:\/\/www.public.sn\/#organization\"},\"image\":{\"@id\":\"https:\/\/www.public.sn\/index.php\/2024\/03\/21\/anta-babacar-ngom-exprime-ses-inquietudes-face-a-la-declaration-de-diomaye-sur-un-eventuel-changement-de-notre-monnaie\/#primaryimage\"},\"thumbnailUrl\":\"https:\/\/www.public.sn\/wp-content\/uploads\/2024\/03\/79035711-57299604.jpeg\",\"articleSection\":[\"ACTUALIT\u00c9S\",\"POLITIQUE\"],\"inLanguage\":\"fr-FR\",\"potentialAction\":[{\"@type\":\"CommentAction\",\"name\":\"Comment\",\"target\":[\"https:\/\/www.public.sn\/index.php\/2024\/03\/21\/anta-babacar-ngom-exprime-ses-inquietudes-face-a-la-declaration-de-diomaye-sur-un-eventuel-changement-de-notre-monnaie\/#respond\"]}]},{\"@type\":\"WebPage\",\"@id\":\"https:\/\/www.public.sn\/index.php\/2024\/03\/21\/anta-babacar-ngom-exprime-ses-inquietudes-face-a-la-declaration-de-diomaye-sur-un-eventuel-changement-de-notre-monnaie\/\",\"url\":\"https:\/\/www.public.sn\/index.php\/2024\/03\/21\/anta-babacar-ngom-exprime-ses-inquietudes-face-a-la-declaration-de-diomaye-sur-un-eventuel-changement-de-notre-monnaie\/\",\"name\":\"Anta Babacar Ngom exprime ses inqui\u00e9tudes face \u00e0 la d\u00e9claration de Diomaye sur un \u00e9ventuel changement de notre monnaie - LE PUBLIC\",\"isPartOf\":{\"@id\":\"https:\/\/www.public.sn\/#website\"},\"primaryImageOfPage\":{\"@id\":\"https:\/\/www.public.sn\/index.php\/2024\/03\/21\/anta-babacar-ngom-exprime-ses-inquietudes-face-a-la-declaration-de-diomaye-sur-un-eventuel-changement-de-notre-monnaie\/#primaryimage\"},\"image\":{\"@id\":\"https:\/\/www.public.sn\/index.php\/2024\/03\/21\/anta-babacar-ngom-exprime-ses-inquietudes-face-a-la-declaration-de-diomaye-sur-un-eventuel-changement-de-notre-monnaie\/#primaryimage\"},\"thumbnailUrl\":\"https:\/\/www.public.sn\/wp-content\/uploads\/2024\/03\/79035711-57299604.jpeg\",\"datePublished\":\"2024-03-21T12:23:46+00:00\",\"breadcrumb\":{\"@id\":\"https:\/\/www.public.sn\/index.php\/2024\/03\/21\/anta-babacar-ngom-exprime-ses-inquietudes-face-a-la-declaration-de-diomaye-sur-un-eventuel-changement-de-notre-monnaie\/#breadcrumb\"},\"inLanguage\":\"fr-FR\",\"potentialAction\":[{\"@type\":\"ReadAction\",\"target\":[\"https:\/\/www.public.sn\/index.php\/2024\/03\/21\/anta-babacar-ngom-exprime-ses-inquietudes-face-a-la-declaration-de-diomaye-sur-un-eventuel-changement-de-notre-monnaie\/\"]}]},{\"@type\":\"ImageObject\",\"inLanguage\":\"fr-FR\",\"@id\":\"https:\/\/www.public.sn\/index.php\/2024\/03\/21\/anta-babacar-ngom-exprime-ses-inquietudes-face-a-la-declaration-de-diomaye-sur-un-eventuel-changement-de-notre-monnaie\/#primaryimage\",\"url\":\"https:\/\/www.public.sn\/wp-content\/uploads\/2024\/03\/79035711-57299604.jpeg\",\"contentUrl\":\"https:\/\/www.public.sn\/wp-content\/uploads\/2024\/03\/79035711-57299604.jpeg\",\"width\":1600,\"height\":1066},{\"@type\":\"BreadcrumbList\",\"@id\":\"https:\/\/www.public.sn\/index.php\/2024\/03\/21\/anta-babacar-ngom-exprime-ses-inquietudes-face-a-la-declaration-de-diomaye-sur-un-eventuel-changement-de-notre-monnaie\/#breadcrumb\",\"itemListElement\":[{\"@type\":\"ListItem\",\"position\":1,\"name\":\"Accueil\",\"item\":\"https:\/\/www.public.sn\/\"},{\"@type\":\"ListItem\",\"position\":2,\"name\":\"Anta Babacar Ngom exprime ses inqui\u00e9tudes face \u00e0 la d\u00e9claration de Diomaye sur un \u00e9ventuel changement de notre monnaie\"}]},{\"@type\":\"WebSite\",\"@id\":\"https:\/\/www.public.sn\/#website\",\"url\":\"https:\/\/www.public.sn\/\",\"name\":\"LE PUBLIC\",\"description\":\"\",\"publisher\":{\"@id\":\"https:\/\/www.public.sn\/#organization\"},\"potentialAction\":[{\"@type\":\"SearchAction\",\"target\":{\"@type\":\"EntryPoint\",\"urlTemplate\":\"https:\/\/www.public.sn\/?s={search_term_string}\"},\"query-input\":{\"@type\":\"PropertyValueSpecification\",\"valueRequired\":true,\"valueName\":\"search_term_string\"}}],\"inLanguage\":\"fr-FR\"},{\"@type\":\"Organization\",\"@id\":\"https:\/\/www.public.sn\/#organization\",\"name\":\"LE PUBLIC\",\"url\":\"https:\/\/www.public.sn\/\",\"logo\":{\"@type\":\"ImageObject\",\"inLanguage\":\"fr-FR\",\"@id\":\"https:\/\/www.public.sn\/#\/schema\/logo\/image\/\",\"url\":\"https:\/\/www.public.sn\/wp-content\/uploads\/2024\/05\/cropped-LOGO-PUBLIC.SN_.png\",\"contentUrl\":\"https:\/\/www.public.sn\/wp-content\/uploads\/2024\/05\/cropped-LOGO-PUBLIC.SN_.png\",\"width\":682,\"height\":192,\"caption\":\"LE PUBLIC\"},\"image\":{\"@id\":\"https:\/\/www.public.sn\/#\/schema\/logo\/image\/\"}},{\"@type\":\"Person\",\"@id\":\"https:\/\/www.public.sn\/#\/schema\/person\/0cb769602dc17ecb89fd54a2197a221a\",\"name\":\"Man\u00e9 Ba\",\"image\":{\"@type\":\"ImageObject\",\"inLanguage\":\"fr-FR\",\"@id\":\"https:\/\/www.public.sn\/#\/schema\/person\/image\/\",\"url\":\"https:\/\/secure.gravatar.com\/avatar\/b31a37f6b2529b7e9303b5aacf26777a86815e524f04961246da8183f5e2535a?s=96&d=mm&r=g\",\"contentUrl\":\"https:\/\/secure.gravatar.com\/avatar\/b31a37f6b2529b7e9303b5aacf26777a86815e524f04961246da8183f5e2535a?s=96&d=mm&r=g\",\"caption\":\"Man\u00e9 Ba\"},\"url\":\"https:\/\/www.public.sn\/index.php\/author\/bamanesen\/\"}]}<\/script>\n<!-- \/ Yoast SEO plugin. -->","yoast_head_json":{"title":"Anta Babacar Ngom exprime ses inqui\u00e9tudes face \u00e0 la d\u00e9claration de Diomaye sur un \u00e9ventuel changement de notre monnaie - LE PUBLIC","robots":{"index":"index","follow":"follow","max-snippet":"max-snippet:-1","max-image-preview":"max-image-preview:large","max-video-preview":"max-video-preview:-1"},"canonical":"https:\/\/www.public.sn\/index.php\/2024\/03\/21\/anta-babacar-ngom-exprime-ses-inquietudes-face-a-la-declaration-de-diomaye-sur-un-eventuel-changement-de-notre-monnaie\/","og_locale":"fr_FR","og_type":"article","og_title":"Anta Babacar Ngom exprime ses inqui\u00e9tudes face \u00e0 la d\u00e9claration de Diomaye sur un \u00e9ventuel changement de notre monnaie - LE PUBLIC","og_description":"La pr\u00e9sidente du mouvement Alternative pour la rel\u00e8ve citoyenne (ARC) 2024 a pris part au d\u00e9bat sur la monnaie Franc CFA en lan\u00e7ant des critiques virulentes \u00e0 l&rsquo;encontre de Diomaye Faye lors de son discours mardi dernier \u00e0 Richard Toll. \u00ab\u00a0J&rsquo;\u00e9prouve de l&rsquo;appr\u00e9hension quand j&rsquo;entends des candidats affirmer qu&rsquo;ils vont changer notre monnaie Franc CFA. Bassirou Diomaye Faye, qui avance de telles d\u00e9clarations, ne pr\u00e9sente pas le profil ad\u00e9quat. Il manque de comp\u00e9tence intellectuelle, ce qui explique ses propos. Modifier cette monnaie est inappropri\u00e9, cela ne se fait pas. Il devrait faire preuve de patience. Nous ne sommes pas dans une comp\u00e9tition. Il est essentiel de prendre des engagements que l&rsquo;on peut respecter\u00a0\u00bb, a-t-elle d\u00e9clar\u00e9. Selon Anta Babacar Ngom, le S\u00e9n\u00e9gal ne tol\u00e9rera pas un pr\u00e9sident par procuration. \u00ab\u00a0On parle de Ousmane, puis de Diomaye, Diomaye devient Ousmane. Mais je me demande qui est r\u00e9ellement Ousmane et qui est Diomaye. Ils veulent obtenir le contr\u00f4le du pays. Nous refusons cat\u00e9goriquement un pr\u00e9sident impos\u00e9. Il n&rsquo;y a pas de deux ou trois options, la seule option valable reste Anta Babacar Ngom\u00a0\u00bb. En ce qui concerne l&rsquo;\u00e9ducation nationale et sup\u00e9rieure, Anta Babacar Ngom s&rsquo;engage \u00e0 moderniser l&rsquo;enseignement en organisant d\u00e8s son \u00e9lection les assises nationales de l&rsquo;\u00e9ducation. Elle envisage d&rsquo;introduire l&rsquo;anglais d\u00e8s la classe de CI, de recruter des ma\u00eetres coraniques, d&rsquo;accro\u00eetre le logement des enseignants \u00e0 travers un programme sp\u00e9cial de 50 000 logements, et de construire 7 nouvelles universit\u00e9s.","og_url":"https:\/\/www.public.sn\/index.php\/2024\/03\/21\/anta-babacar-ngom-exprime-ses-inquietudes-face-a-la-declaration-de-diomaye-sur-un-eventuel-changement-de-notre-monnaie\/","og_site_name":"LE PUBLIC","article_published_time":"2024-03-21T12:23:46+00:00","og_image":[{"width":1600,"height":1066,"url":"https:\/\/www.public.sn\/wp-content\/uploads\/2024\/03\/79035711-57299604.jpeg","type":"image\/jpeg"}],"author":"Man\u00e9 Ba","twitter_card":"summary_large_image","twitter_misc":{"\u00c9crit par":"Man\u00e9 Ba","Dur\u00e9e de lecture estim\u00e9e":"2 minutes"},"schema":{"@context":"https:\/\/schema.org","@graph":[{"@type":"Article","@id":"https:\/\/www.public.sn\/index.php\/2024\/03\/21\/anta-babacar-ngom-exprime-ses-inquietudes-face-a-la-declaration-de-diomaye-sur-un-eventuel-changement-de-notre-monnaie\/#article","isPartOf":{"@id":"https:\/\/www.public.sn\/index.php\/2024\/03\/21\/anta-babacar-ngom-exprime-ses-inquietudes-face-a-la-declaration-de-diomaye-sur-un-eventuel-changement-de-notre-monnaie\/"},"author":{"name":"Man\u00e9 Ba","@id":"https:\/\/www.public.sn\/#\/schema\/person\/0cb769602dc17ecb89fd54a2197a221a"},"headline":"Anta Babacar Ngom exprime ses inqui\u00e9tudes face \u00e0 la d\u00e9claration de Diomaye sur un \u00e9ventuel changement de notre monnaie","datePublished":"2024-03-21T12:23:46+00:00","mainEntityOfPage":{"@id":"https:\/\/www.public.sn\/index.php\/2024\/03\/21\/anta-babacar-ngom-exprime-ses-inquietudes-face-a-la-declaration-de-diomaye-sur-un-eventuel-changement-de-notre-monnaie\/"},"wordCount":280,"commentCount":0,"publisher":{"@id":"https:\/\/www.public.sn\/#organization"},"image":{"@id":"https:\/\/www.public.sn\/index.php\/2024\/03\/21\/anta-babacar-ngom-exprime-ses-inquietudes-face-a-la-declaration-de-diomaye-sur-un-eventuel-changement-de-notre-monnaie\/#primaryimage"},"thumbnailUrl":"https:\/\/www.public.sn\/wp-content\/uploads\/2024\/03\/79035711-57299604.jpeg","articleSection":["ACTUALIT\u00c9S","POLITIQUE"],"inLanguage":"fr-FR","potentialAction":[{"@type":"CommentAction","name":"Comment","target":["https:\/\/www.public.sn\/index.php\/2024\/03\/21\/anta-babacar-ngom-exprime-ses-inquietudes-face-a-la-declaration-de-diomaye-sur-un-eventuel-changement-de-notre-monnaie\/#respond"]}]},{"@type":"WebPage","@id":"https:\/\/www.public.sn\/index.php\/2024\/03\/21\/anta-babacar-ngom-exprime-ses-inquietudes-face-a-la-declaration-de-diomaye-sur-un-eventuel-changement-de-notre-monnaie\/","url":"https:\/\/www.public.sn\/index.php\/2024\/03\/21\/anta-babacar-ngom-exprime-ses-inquietudes-face-a-la-declaration-de-diomaye-sur-un-eventuel-changement-de-notre-monnaie\/","name":"Anta Babacar Ngom exprime ses inqui\u00e9tudes face \u00e0 la d\u00e9claration de Diomaye sur un \u00e9ventuel changement de notre monnaie - LE PUBLIC","isPartOf":{"@id":"https:\/\/www.public.sn\/#website"},"primaryImageOfPage":{"@id":"https:\/\/www.public.sn\/index.php\/2024\/03\/21\/anta-babacar-ngom-exprime-ses-inquietudes-face-a-la-declaration-de-diomaye-sur-un-eventuel-changement-de-notre-monnaie\/#primaryimage"},"image":{"@id":"https:\/\/www.public.sn\/index.php\/2024\/03\/21\/anta-babacar-ngom-exprime-ses-inquietudes-face-a-la-declaration-de-diomaye-sur-un-eventuel-changement-de-notre-monnaie\/#primaryimage"},"thumbnailUrl":"https:\/\/www.public.sn\/wp-content\/uploads\/2024\/03\/79035711-57299604.jpeg","datePublished":"2024-03-21T12:23:46+00:00","breadcrumb":{"@id":"https:\/\/www.public.sn\/index.php\/2024\/03\/21\/anta-babacar-ngom-exprime-ses-inquietudes-face-a-la-declaration-de-diomaye-sur-un-eventuel-changement-de-notre-monnaie\/#breadcrumb"},"inLanguage":"fr-FR","potentialAction":[{"@type":"ReadAction","target":["https:\/\/www.public.sn\/index.php\/2024\/03\/21\/anta-babacar-ngom-exprime-ses-inquietudes-face-a-la-declaration-de-diomaye-sur-un-eventuel-changement-de-notre-monnaie\/"]}]},{"@type":"ImageObject","inLanguage":"fr-FR","@id":"https:\/\/www.public.sn\/index.php\/2024\/03\/21\/anta-babacar-ngom-exprime-ses-inquietudes-face-a-la-declaration-de-diomaye-sur-un-eventuel-changement-de-notre-monnaie\/#primaryimage","url":"https:\/\/www.public.sn\/wp-content\/uploads\/2024\/03\/79035711-57299604.jpeg","contentUrl":"https:\/\/www.public.sn\/wp-content\/uploads\/2024\/03\/79035711-57299604.jpeg","width":1600,"height":1066},{"@type":"BreadcrumbList","@id":"https:\/\/www.public.sn\/index.php\/2024\/03\/21\/anta-babacar-ngom-exprime-ses-inquietudes-face-a-la-declaration-de-diomaye-sur-un-eventuel-changement-de-notre-monnaie\/#breadcrumb","itemListElement":[{"@type":"ListItem","position":1,"name":"Accueil","item":"https:\/\/www.public.sn\/"},{"@type":"ListItem","position":2,"name":"Anta Babacar Ngom exprime ses inqui\u00e9tudes face \u00e0 la d\u00e9claration de Diomaye sur un \u00e9ventuel changement de notre monnaie"}]},{"@type":"WebSite","@id":"https:\/\/www.public.sn\/#website","url":"https:\/\/www.public.sn\/","name":"LE PUBLIC","description":"","publisher":{"@id":"https:\/\/www.public.sn\/#organization"},"potentialAction":[{"@type":"SearchAction","target":{"@type":"EntryPoint","urlTemplate":"https:\/\/www.public.sn\/?s={search_term_string}"},"query-input":{"@type":"PropertyValueSpecification","valueRequired":true,"valueName":"search_term_string"}}],"inLanguage":"fr-FR"},{"@type":"Organization","@id":"https:\/\/www.public.sn\/#organization","name":"LE PUBLIC","url":"https:\/\/www.public.sn\/","logo":{"@type":"ImageObject","inLanguage":"fr-FR","@id":"https:\/\/www.public.sn\/#\/schema\/logo\/image\/","url":"https:\/\/www.public.sn\/wp-content\/uploads\/2024\/05\/cropped-LOGO-PUBLIC.SN_.png","contentUrl":"https:\/\/www.public.sn\/wp-content\/uploads\/2024\/05\/cropped-LOGO-PUBLIC.SN_.png","width":682,"height":192,"caption":"LE PUBLIC"},"image":{"@id":"https:\/\/www.public.sn\/#\/schema\/logo\/image\/"}},{"@type":"Person","@id":"https:\/\/www.public.sn\/#\/schema\/person\/0cb769602dc17ecb89fd54a2197a221a","name":"Man\u00e9 Ba","image":{"@type":"ImageObject","inLanguage":"fr-FR","@id":"https:\/\/www.public.sn\/#\/schema\/person\/image\/","url":"https:\/\/secure.gravatar.com\/avatar\/b31a37f6b2529b7e9303b5aacf26777a86815e524f04961246da8183f5e2535a?s=96&d=mm&r=g","contentUrl":"https:\/\/secure.gravatar.com\/avatar\/b31a37f6b2529b7e9303b5aacf26777a86815e524f04961246da8183f5e2535a?s=96&d=mm&r=g","caption":"Man\u00e9 Ba"},"url":"https:\/\/www.public.sn\/index.php\/author\/bamanesen\/"}]}},"jetpack_featured_media_url":"https:\/\/www.public.sn\/wp-content\/uploads\/2024\/03\/79035711-57299604.jpeg","jetpack_sharing_enabled":true,"_links":{"self":[{"href":"https:\/\/www.public.sn\/index.php\/wp-json\/wp\/v2\/posts\/31538","targetHints":{"allow":["GET"]}}],"collection":[{"href":"https:\/\/www.public.sn\/index.php\/wp-json\/wp\/v2\/posts"}],"about":[{"href":"https:\/\/www.public.sn\/index.php\/wp-json\/wp\/v2\/types\/post"}],"author":[{"embeddable":true,"href":"https:\/\/www.public.sn\/index.php\/wp-json\/wp\/v2\/users\/12"}],"replies":[{"embeddable":true,"href":"https:\/\/www.public.sn\/index.php\/wp-json\/wp\/v2\/comments?post=31538"}],"version-history":[{"count":1,"href":"https:\/\/www.public.sn\/index.php\/wp-json\/wp\/v2\/posts\/31538\/revisions"}],"predecessor-version":[{"id":31540,"href":"https:\/\/www.public.sn\/index.php\/wp-json\/wp\/v2\/posts\/31538\/revisions\/31540"}],"wp:featuredmedia":[{"embeddable":true,"href":"https:\/\/www.public.sn\/index.php\/wp-json\/wp\/v2\/media\/31539"}],"wp:attachment":[{"href":"https:\/\/www.public.sn\/index.php\/wp-json\/wp\/v2\/media?parent=31538"}],"wp:term":[{"taxonomy":"category","embeddable":true,"href":"https:\/\/www.public.sn\/index.php\/wp-json\/wp\/v2\/categories?post=31538"},{"taxonomy":"post_tag","embeddable":true,"href":"https:\/\/www.public.sn\/index.php\/wp-json\/wp\/v2\/tags?post=31538"}],"curies":[{"name":"wp","href":"https:\/\/api.w.org\/{rel}","templated":true}]}}