{"id":31597,"date":"2024-03-22T15:05:22","date_gmt":"2024-03-22T15:05:22","guid":{"rendered":"https:\/\/www.public.sn\/?p=31597"},"modified":"2024-03-22T15:05:22","modified_gmt":"2024-03-22T15:05:22","slug":"presidentielle-2024-me-abdoulaye-wade-en-faveur-du-vote-pour-bassirou-diomaye-faye","status":"publish","type":"post","link":"https:\/\/www.public.sn\/index.php\/2024\/03\/22\/presidentielle-2024-me-abdoulaye-wade-en-faveur-du-vote-pour-bassirou-diomaye-faye\/","title":{"rendered":"Pr\u00e9sidentielle 2024 : Me Abdoulaye Wade en faveur du vote pour Bassirou Diomaye Faye"},"content":{"rendered":"<p>Le Parti D\u00e9mocratique S\u00e9n\u00e9galais (PDS) a officialis\u00e9 son soutien \u00e0 Bassirou Diomaye Faye pour l&rsquo;\u00e9lection pr\u00e9sidentielle du dimanche 24 mars. C&rsquo;est le Secr\u00e9taire g\u00e9n\u00e9ral du parti, Me Abdoulaye Wade, qui l&rsquo;a annonc\u00e9 dans un communiqu\u00e9 que nous reproduisons ci-dessous dans son int\u00e9gralit\u00e9 :<\/p><div class=\"publi-paragraphe1\" style=\"margin-top: 10px;margin-bottom: 10px;margin-left: auto;margin-right: auto;text-align: center;\" id=\"publi-1671852010\"><div class=\"publi-adlabel\">Publicit\u00e9<\/div><script async src=\"\/\/pagead2.googlesyndication.com\/pagead\/js\/adsbygoogle.js?client=ca-pub-4089586018074219\" crossorigin=\"anonymous\"><\/script><ins class=\"adsbygoogle\" style=\"display:block;\" data-ad-client=\"ca-pub-4089586018074219\" \ndata-ad-slot=\"2087940154\" \ndata-ad-format=\"auto\"><\/ins>\n<script> \n(adsbygoogle = window.adsbygoogle || []).push({}); \n<\/script>\n<\/div>\n<p>\u00ab Apr\u00e8s l&rsquo;\u00e9limination scandaleuse de notre candidat, Karim Wade, par le Conseil Constitutionnel, une d\u00e9cision qui nous a profond\u00e9ment indign\u00e9s, la plupart des candidats en lice pour l&rsquo;\u00e9lection pr\u00e9sidentielle ont sollicit\u00e9 le soutien du Parti d\u00e9mocratique s\u00e9n\u00e9galais (PDS).<\/p>\n<p>Nous sommes \u00e0 un moment crucial de notre histoire, o\u00f9 les votes de ce jour d\u00e9termineront la trajectoire de notre avenir commun. Face \u00e0 cette conjoncture, le PDS se sent dans l&rsquo;obligation urgente de prendre position. L&rsquo;id\u00e9e qu&rsquo;un \u00c9tat puisse \u00eatre d\u00e9tourn\u00e9 au profit d&rsquo;int\u00e9r\u00eats particuliers et \u00e9go\u00efstes est totalement inacceptable pour nous.<\/p>\n<p>Dans cet esprit de responsabilit\u00e9 envers notre nation, et avec la volont\u00e9 ferme de d\u00e9fendre les principes de notre d\u00e9mocratie et l&rsquo;int\u00e9grit\u00e9 de notre R\u00e9publique, notre parti a d\u00e9cid\u00e9 d&rsquo;apporter son soutien total \u00e0 la Coalition Diomaye Faye pour l&rsquo;\u00e9lection pr\u00e9sidentielle du dimanche prochain.<\/p>\n<p>Je suis convaincu que la restauration de l&rsquo;\u00c9tat de droit et l&rsquo;assurance d&rsquo;une justice v\u00e9ritablement ind\u00e9pendante sont essentielles pour la construction d&rsquo;un S\u00e9n\u00e9gal prosp\u00e8re et \u00e9quitable. La Coalition Diomaye Faye s&rsquo;est engag\u00e9e avec d\u00e9termination dans ces domaines. J&rsquo;invite tous les S\u00e9n\u00e9galais, sans distinction, \u00e0 se joindre \u00e0 nous dans cette marche vers un S\u00e9n\u00e9gal r\u00e9nov\u00e9. Un S\u00e9n\u00e9gal o\u00f9 chaque citoyen aura la garantie de ses droits fondamentaux et o\u00f9 l&rsquo;\u00c9tat remplira pleinement son r\u00f4le de protecteur de l&rsquo;int\u00e9r\u00eat g\u00e9n\u00e9ral. \u00bb<\/p>\n<div class=\"publi-apres-le-contenu\" style=\"margin-top: 10px;margin-bottom: 10px;margin-left: auto;margin-right: auto;text-align: center;\" id=\"publi-3710262051\"><div class=\"publi-adlabel\">Publicit\u00e9<\/div><script async src=\"\/\/pagead2.googlesyndication.com\/pagead\/js\/adsbygoogle.js?client=ca-pub-4089586018074219\" crossorigin=\"anonymous\"><\/script><ins class=\"adsbygoogle\" style=\"display:block;\" data-ad-client=\"ca-pub-4089586018074219\" \ndata-ad-slot=\"2087940154\" \ndata-ad-format=\"auto\"><\/ins>\n<script> \n(adsbygoogle = window.adsbygoogle || []).push({}); \n<\/script>\n<\/div>","protected":false},"excerpt":{"rendered":"<p>Le Parti D\u00e9mocratique S\u00e9n\u00e9galais (PDS) a officialis\u00e9 son soutien \u00e0 Bassirou Diomaye Faye pour l&rsquo;\u00e9lection pr\u00e9sidentielle du dimanche 24 mars. C&rsquo;est le Secr\u00e9taire g\u00e9n\u00e9ral du parti, Me Abdoulaye Wade, qui l&rsquo;a annonc\u00e9 dans un communiqu\u00e9 que nous reproduisons ci-dessous dans son int\u00e9gralit\u00e9 : \u00ab Apr\u00e8s l&rsquo;\u00e9limination scandaleuse de notre candidat, Karim Wade, par le Conseil Constitutionnel, une d\u00e9cision qui nous a profond\u00e9ment indign\u00e9s, la plupart des candidats en lice pour l&rsquo;\u00e9lection pr\u00e9sidentielle ont sollicit\u00e9 le soutien du Parti d\u00e9mocratique s\u00e9n\u00e9galais (PDS). Nous sommes \u00e0 un moment crucial de notre histoire, o\u00f9 les votes de ce jour d\u00e9termineront la trajectoire de notre avenir commun. Face \u00e0 cette conjoncture, le PDS se sent dans l&rsquo;obligation urgente de prendre position. L&rsquo;id\u00e9e qu&rsquo;un \u00c9tat puisse \u00eatre d\u00e9tourn\u00e9 au profit d&rsquo;int\u00e9r\u00eats particuliers et \u00e9go\u00efstes est totalement inacceptable pour nous. Dans cet esprit de responsabilit\u00e9 envers notre nation, et avec la volont\u00e9 ferme de d\u00e9fendre les principes de notre d\u00e9mocratie et l&rsquo;int\u00e9grit\u00e9 de notre R\u00e9publique, notre parti a d\u00e9cid\u00e9 d&rsquo;apporter son soutien total \u00e0 la Coalition Diomaye Faye pour l&rsquo;\u00e9lection pr\u00e9sidentielle du dimanche prochain. Je suis convaincu que la restauration de l&rsquo;\u00c9tat de droit et l&rsquo;assurance d&rsquo;une justice v\u00e9ritablement ind\u00e9pendante sont essentielles pour la construction d&rsquo;un S\u00e9n\u00e9gal prosp\u00e8re et \u00e9quitable. La Coalition Diomaye Faye s&rsquo;est engag\u00e9e avec d\u00e9termination dans ces domaines. J&rsquo;invite tous les S\u00e9n\u00e9galais, sans distinction, \u00e0 se joindre \u00e0 nous dans cette marche vers un S\u00e9n\u00e9gal r\u00e9nov\u00e9. Un S\u00e9n\u00e9gal o\u00f9 chaque citoyen aura la garantie de ses droits fondamentaux et o\u00f9 l&rsquo;\u00c9tat remplira pleinement son r\u00f4le de protecteur de l&rsquo;int\u00e9r\u00eat g\u00e9n\u00e9ral. \u00bb<\/p>\n","protected":false},"author":12,"featured_media":31598,"comment_status":"open","ping_status":"open","sticky":false,"template":"","format":"standard","meta":{"_jetpack_memberships_contains_paid_content":false,"footnotes":""},"categories":[375,1023,3,372],"tags":[],"class_list":["post-31597","post","type-post","status-publish","format-standard","has-post-thumbnail","hentry","category-actualites","category-buzz","category-politique","category-vedette","entry","has-media","owp-thumbs-layout-horizontal","owp-btn-normal","owp-tabs-layout-horizontal","has-no-thumbnails","has-product-nav"],"yoast_head":"<!-- This site is optimized with the Yoast SEO plugin v25.5 - https:\/\/yoast.com\/wordpress\/plugins\/seo\/ -->\n<title>Pr\u00e9sidentielle 2024 : Me Abdoulaye Wade en faveur du vote pour Bassirou Diomaye Faye - LE PUBLIC<\/title>\n<meta name=\"robots\" content=\"index, follow, max-snippet:-1, max-image-preview:large, max-video-preview:-1\" \/>\n<link rel=\"canonical\" href=\"https:\/\/www.public.sn\/index.php\/2024\/03\/22\/presidentielle-2024-me-abdoulaye-wade-en-faveur-du-vote-pour-bassirou-diomaye-faye\/\" \/>\n<meta property=\"og:locale\" content=\"fr_FR\" \/>\n<meta property=\"og:type\" content=\"article\" \/>\n<meta property=\"og:title\" content=\"Pr\u00e9sidentielle 2024 : Me Abdoulaye Wade en faveur du vote pour Bassirou Diomaye Faye - LE PUBLIC\" \/>\n<meta property=\"og:description\" content=\"Le Parti D\u00e9mocratique S\u00e9n\u00e9galais (PDS) a officialis\u00e9 son soutien \u00e0 Bassirou Diomaye Faye pour l&rsquo;\u00e9lection pr\u00e9sidentielle du dimanche 24 mars. C&rsquo;est le Secr\u00e9taire g\u00e9n\u00e9ral du parti, Me Abdoulaye Wade, qui l&rsquo;a annonc\u00e9 dans un communiqu\u00e9 que nous reproduisons ci-dessous dans son int\u00e9gralit\u00e9 : \u00ab Apr\u00e8s l&rsquo;\u00e9limination scandaleuse de notre candidat, Karim Wade, par le Conseil Constitutionnel, une d\u00e9cision qui nous a profond\u00e9ment indign\u00e9s, la plupart des candidats en lice pour l&rsquo;\u00e9lection pr\u00e9sidentielle ont sollicit\u00e9 le soutien du Parti d\u00e9mocratique s\u00e9n\u00e9galais (PDS). Nous sommes \u00e0 un moment crucial de notre histoire, o\u00f9 les votes de ce jour d\u00e9termineront la trajectoire de notre avenir commun. Face \u00e0 cette conjoncture, le PDS se sent dans l&rsquo;obligation urgente de prendre position. L&rsquo;id\u00e9e qu&rsquo;un \u00c9tat puisse \u00eatre d\u00e9tourn\u00e9 au profit d&rsquo;int\u00e9r\u00eats particuliers et \u00e9go\u00efstes est totalement inacceptable pour nous. Dans cet esprit de responsabilit\u00e9 envers notre nation, et avec la volont\u00e9 ferme de d\u00e9fendre les principes de notre d\u00e9mocratie et l&rsquo;int\u00e9grit\u00e9 de notre R\u00e9publique, notre parti a d\u00e9cid\u00e9 d&rsquo;apporter son soutien total \u00e0 la Coalition Diomaye Faye pour l&rsquo;\u00e9lection pr\u00e9sidentielle du dimanche prochain. Je suis convaincu que la restauration de l&rsquo;\u00c9tat de droit et l&rsquo;assurance d&rsquo;une justice v\u00e9ritablement ind\u00e9pendante sont essentielles pour la construction d&rsquo;un S\u00e9n\u00e9gal prosp\u00e8re et \u00e9quitable. La Coalition Diomaye Faye s&rsquo;est engag\u00e9e avec d\u00e9termination dans ces domaines. J&rsquo;invite tous les S\u00e9n\u00e9galais, sans distinction, \u00e0 se joindre \u00e0 nous dans cette marche vers un S\u00e9n\u00e9gal r\u00e9nov\u00e9. Un S\u00e9n\u00e9gal o\u00f9 chaque citoyen aura la garantie de ses droits fondamentaux et o\u00f9 l&rsquo;\u00c9tat remplira pleinement son r\u00f4le de protecteur de l&rsquo;int\u00e9r\u00eat g\u00e9n\u00e9ral. \u00bb\" \/>\n<meta property=\"og:url\" content=\"https:\/\/www.public.sn\/index.php\/2024\/03\/22\/presidentielle-2024-me-abdoulaye-wade-en-faveur-du-vote-pour-bassirou-diomaye-faye\/\" \/>\n<meta property=\"og:site_name\" content=\"LE PUBLIC\" \/>\n<meta property=\"article:published_time\" content=\"2024-03-22T15:05:22+00:00\" \/>\n<meta property=\"og:image\" content=\"https:\/\/www.public.sn\/wp-content\/uploads\/2024\/03\/MINIATURE-a-refaire-copie-2.jpg\" \/>\n\t<meta property=\"og:image:width\" content=\"1280\" \/>\n\t<meta property=\"og:image:height\" content=\"720\" \/>\n\t<meta property=\"og:image:type\" content=\"image\/jpeg\" \/>\n<meta name=\"author\" content=\"Man\u00e9 Ba\" \/>\n<meta name=\"twitter:card\" content=\"summary_large_image\" \/>\n<meta name=\"twitter:label1\" content=\"\u00c9crit par\" \/>\n\t<meta name=\"twitter:data1\" content=\"Man\u00e9 Ba\" \/>\n\t<meta name=\"twitter:label2\" content=\"Dur\u00e9e de lecture estim\u00e9e\" \/>\n\t<meta name=\"twitter:data2\" content=\"2 minutes\" \/>\n<script type=\"application\/ld+json\" class=\"yoast-schema-graph\">{\"@context\":\"https:\/\/schema.org\",\"@graph\":[{\"@type\":\"Article\",\"@id\":\"https:\/\/www.public.sn\/index.php\/2024\/03\/22\/presidentielle-2024-me-abdoulaye-wade-en-faveur-du-vote-pour-bassirou-diomaye-faye\/#article\",\"isPartOf\":{\"@id\":\"https:\/\/www.public.sn\/index.php\/2024\/03\/22\/presidentielle-2024-me-abdoulaye-wade-en-faveur-du-vote-pour-bassirou-diomaye-faye\/\"},\"author\":{\"name\":\"Man\u00e9 Ba\",\"@id\":\"https:\/\/www.public.sn\/#\/schema\/person\/0cb769602dc17ecb89fd54a2197a221a\"},\"headline\":\"Pr\u00e9sidentielle 2024 : Me Abdoulaye Wade en faveur du vote pour Bassirou Diomaye Faye\",\"datePublished\":\"2024-03-22T15:05:22+00:00\",\"mainEntityOfPage\":{\"@id\":\"https:\/\/www.public.sn\/index.php\/2024\/03\/22\/presidentielle-2024-me-abdoulaye-wade-en-faveur-du-vote-pour-bassirou-diomaye-faye\/\"},\"wordCount\":314,\"commentCount\":0,\"publisher\":{\"@id\":\"https:\/\/www.public.sn\/#organization\"},\"image\":{\"@id\":\"https:\/\/www.public.sn\/index.php\/2024\/03\/22\/presidentielle-2024-me-abdoulaye-wade-en-faveur-du-vote-pour-bassirou-diomaye-faye\/#primaryimage\"},\"thumbnailUrl\":\"https:\/\/www.public.sn\/wp-content\/uploads\/2024\/03\/MINIATURE-a-refaire-copie-2.jpg\",\"articleSection\":[\"ACTUALIT\u00c9S\",\"BUZZ\",\"POLITIQUE\",\"VEDETTE\"],\"inLanguage\":\"fr-FR\",\"potentialAction\":[{\"@type\":\"CommentAction\",\"name\":\"Comment\",\"target\":[\"https:\/\/www.public.sn\/index.php\/2024\/03\/22\/presidentielle-2024-me-abdoulaye-wade-en-faveur-du-vote-pour-bassirou-diomaye-faye\/#respond\"]}]},{\"@type\":\"WebPage\",\"@id\":\"https:\/\/www.public.sn\/index.php\/2024\/03\/22\/presidentielle-2024-me-abdoulaye-wade-en-faveur-du-vote-pour-bassirou-diomaye-faye\/\",\"url\":\"https:\/\/www.public.sn\/index.php\/2024\/03\/22\/presidentielle-2024-me-abdoulaye-wade-en-faveur-du-vote-pour-bassirou-diomaye-faye\/\",\"name\":\"Pr\u00e9sidentielle 2024 : Me Abdoulaye Wade en faveur du vote pour Bassirou Diomaye Faye - LE PUBLIC\",\"isPartOf\":{\"@id\":\"https:\/\/www.public.sn\/#website\"},\"primaryImageOfPage\":{\"@id\":\"https:\/\/www.public.sn\/index.php\/2024\/03\/22\/presidentielle-2024-me-abdoulaye-wade-en-faveur-du-vote-pour-bassirou-diomaye-faye\/#primaryimage\"},\"image\":{\"@id\":\"https:\/\/www.public.sn\/index.php\/2024\/03\/22\/presidentielle-2024-me-abdoulaye-wade-en-faveur-du-vote-pour-bassirou-diomaye-faye\/#primaryimage\"},\"thumbnailUrl\":\"https:\/\/www.public.sn\/wp-content\/uploads\/2024\/03\/MINIATURE-a-refaire-copie-2.jpg\",\"datePublished\":\"2024-03-22T15:05:22+00:00\",\"breadcrumb\":{\"@id\":\"https:\/\/www.public.sn\/index.php\/2024\/03\/22\/presidentielle-2024-me-abdoulaye-wade-en-faveur-du-vote-pour-bassirou-diomaye-faye\/#breadcrumb\"},\"inLanguage\":\"fr-FR\",\"potentialAction\":[{\"@type\":\"ReadAction\",\"target\":[\"https:\/\/www.public.sn\/index.php\/2024\/03\/22\/presidentielle-2024-me-abdoulaye-wade-en-faveur-du-vote-pour-bassirou-diomaye-faye\/\"]}]},{\"@type\":\"ImageObject\",\"inLanguage\":\"fr-FR\",\"@id\":\"https:\/\/www.public.sn\/index.php\/2024\/03\/22\/presidentielle-2024-me-abdoulaye-wade-en-faveur-du-vote-pour-bassirou-diomaye-faye\/#primaryimage\",\"url\":\"https:\/\/www.public.sn\/wp-content\/uploads\/2024\/03\/MINIATURE-a-refaire-copie-2.jpg\",\"contentUrl\":\"https:\/\/www.public.sn\/wp-content\/uploads\/2024\/03\/MINIATURE-a-refaire-copie-2.jpg\",\"width\":1280,\"height\":720},{\"@type\":\"BreadcrumbList\",\"@id\":\"https:\/\/www.public.sn\/index.php\/2024\/03\/22\/presidentielle-2024-me-abdoulaye-wade-en-faveur-du-vote-pour-bassirou-diomaye-faye\/#breadcrumb\",\"itemListElement\":[{\"@type\":\"ListItem\",\"position\":1,\"name\":\"Accueil\",\"item\":\"https:\/\/www.public.sn\/\"},{\"@type\":\"ListItem\",\"position\":2,\"name\":\"Pr\u00e9sidentielle 2024 : Me Abdoulaye Wade en faveur du vote pour Bassirou Diomaye Faye\"}]},{\"@type\":\"WebSite\",\"@id\":\"https:\/\/www.public.sn\/#website\",\"url\":\"https:\/\/www.public.sn\/\",\"name\":\"LE PUBLIC\",\"description\":\"\",\"publisher\":{\"@id\":\"https:\/\/www.public.sn\/#organization\"},\"potentialAction\":[{\"@type\":\"SearchAction\",\"target\":{\"@type\":\"EntryPoint\",\"urlTemplate\":\"https:\/\/www.public.sn\/?s={search_term_string}\"},\"query-input\":{\"@type\":\"PropertyValueSpecification\",\"valueRequired\":true,\"valueName\":\"search_term_string\"}}],\"inLanguage\":\"fr-FR\"},{\"@type\":\"Organization\",\"@id\":\"https:\/\/www.public.sn\/#organization\",\"name\":\"LE PUBLIC\",\"url\":\"https:\/\/www.public.sn\/\",\"logo\":{\"@type\":\"ImageObject\",\"inLanguage\":\"fr-FR\",\"@id\":\"https:\/\/www.public.sn\/#\/schema\/logo\/image\/\",\"url\":\"https:\/\/www.public.sn\/wp-content\/uploads\/2024\/05\/cropped-LOGO-PUBLIC.SN_.png\",\"contentUrl\":\"https:\/\/www.public.sn\/wp-content\/uploads\/2024\/05\/cropped-LOGO-PUBLIC.SN_.png\",\"width\":682,\"height\":192,\"caption\":\"LE PUBLIC\"},\"image\":{\"@id\":\"https:\/\/www.public.sn\/#\/schema\/logo\/image\/\"}},{\"@type\":\"Person\",\"@id\":\"https:\/\/www.public.sn\/#\/schema\/person\/0cb769602dc17ecb89fd54a2197a221a\",\"name\":\"Man\u00e9 Ba\",\"image\":{\"@type\":\"ImageObject\",\"inLanguage\":\"fr-FR\",\"@id\":\"https:\/\/www.public.sn\/#\/schema\/person\/image\/\",\"url\":\"https:\/\/secure.gravatar.com\/avatar\/b31a37f6b2529b7e9303b5aacf26777a86815e524f04961246da8183f5e2535a?s=96&d=mm&r=g\",\"contentUrl\":\"https:\/\/secure.gravatar.com\/avatar\/b31a37f6b2529b7e9303b5aacf26777a86815e524f04961246da8183f5e2535a?s=96&d=mm&r=g\",\"caption\":\"Man\u00e9 Ba\"},\"url\":\"https:\/\/www.public.sn\/index.php\/author\/bamanesen\/\"}]}<\/script>\n<!-- \/ Yoast SEO plugin. -->","yoast_head_json":{"title":"Pr\u00e9sidentielle 2024 : Me Abdoulaye Wade en faveur du vote pour Bassirou Diomaye Faye - LE PUBLIC","robots":{"index":"index","follow":"follow","max-snippet":"max-snippet:-1","max-image-preview":"max-image-preview:large","max-video-preview":"max-video-preview:-1"},"canonical":"https:\/\/www.public.sn\/index.php\/2024\/03\/22\/presidentielle-2024-me-abdoulaye-wade-en-faveur-du-vote-pour-bassirou-diomaye-faye\/","og_locale":"fr_FR","og_type":"article","og_title":"Pr\u00e9sidentielle 2024 : Me Abdoulaye Wade en faveur du vote pour Bassirou Diomaye Faye - LE PUBLIC","og_description":"Le Parti D\u00e9mocratique S\u00e9n\u00e9galais (PDS) a officialis\u00e9 son soutien \u00e0 Bassirou Diomaye Faye pour l&rsquo;\u00e9lection pr\u00e9sidentielle du dimanche 24 mars. C&rsquo;est le Secr\u00e9taire g\u00e9n\u00e9ral du parti, Me Abdoulaye Wade, qui l&rsquo;a annonc\u00e9 dans un communiqu\u00e9 que nous reproduisons ci-dessous dans son int\u00e9gralit\u00e9 : \u00ab Apr\u00e8s l&rsquo;\u00e9limination scandaleuse de notre candidat, Karim Wade, par le Conseil Constitutionnel, une d\u00e9cision qui nous a profond\u00e9ment indign\u00e9s, la plupart des candidats en lice pour l&rsquo;\u00e9lection pr\u00e9sidentielle ont sollicit\u00e9 le soutien du Parti d\u00e9mocratique s\u00e9n\u00e9galais (PDS). Nous sommes \u00e0 un moment crucial de notre histoire, o\u00f9 les votes de ce jour d\u00e9termineront la trajectoire de notre avenir commun. Face \u00e0 cette conjoncture, le PDS se sent dans l&rsquo;obligation urgente de prendre position. L&rsquo;id\u00e9e qu&rsquo;un \u00c9tat puisse \u00eatre d\u00e9tourn\u00e9 au profit d&rsquo;int\u00e9r\u00eats particuliers et \u00e9go\u00efstes est totalement inacceptable pour nous. Dans cet esprit de responsabilit\u00e9 envers notre nation, et avec la volont\u00e9 ferme de d\u00e9fendre les principes de notre d\u00e9mocratie et l&rsquo;int\u00e9grit\u00e9 de notre R\u00e9publique, notre parti a d\u00e9cid\u00e9 d&rsquo;apporter son soutien total \u00e0 la Coalition Diomaye Faye pour l&rsquo;\u00e9lection pr\u00e9sidentielle du dimanche prochain. Je suis convaincu que la restauration de l&rsquo;\u00c9tat de droit et l&rsquo;assurance d&rsquo;une justice v\u00e9ritablement ind\u00e9pendante sont essentielles pour la construction d&rsquo;un S\u00e9n\u00e9gal prosp\u00e8re et \u00e9quitable. La Coalition Diomaye Faye s&rsquo;est engag\u00e9e avec d\u00e9termination dans ces domaines. J&rsquo;invite tous les S\u00e9n\u00e9galais, sans distinction, \u00e0 se joindre \u00e0 nous dans cette marche vers un S\u00e9n\u00e9gal r\u00e9nov\u00e9. Un S\u00e9n\u00e9gal o\u00f9 chaque citoyen aura la garantie de ses droits fondamentaux et o\u00f9 l&rsquo;\u00c9tat remplira pleinement son r\u00f4le de protecteur de l&rsquo;int\u00e9r\u00eat g\u00e9n\u00e9ral. \u00bb","og_url":"https:\/\/www.public.sn\/index.php\/2024\/03\/22\/presidentielle-2024-me-abdoulaye-wade-en-faveur-du-vote-pour-bassirou-diomaye-faye\/","og_site_name":"LE PUBLIC","article_published_time":"2024-03-22T15:05:22+00:00","og_image":[{"width":1280,"height":720,"url":"https:\/\/www.public.sn\/wp-content\/uploads\/2024\/03\/MINIATURE-a-refaire-copie-2.jpg","type":"image\/jpeg"}],"author":"Man\u00e9 Ba","twitter_card":"summary_large_image","twitter_misc":{"\u00c9crit par":"Man\u00e9 Ba","Dur\u00e9e de lecture estim\u00e9e":"2 minutes"},"schema":{"@context":"https:\/\/schema.org","@graph":[{"@type":"Article","@id":"https:\/\/www.public.sn\/index.php\/2024\/03\/22\/presidentielle-2024-me-abdoulaye-wade-en-faveur-du-vote-pour-bassirou-diomaye-faye\/#article","isPartOf":{"@id":"https:\/\/www.public.sn\/index.php\/2024\/03\/22\/presidentielle-2024-me-abdoulaye-wade-en-faveur-du-vote-pour-bassirou-diomaye-faye\/"},"author":{"name":"Man\u00e9 Ba","@id":"https:\/\/www.public.sn\/#\/schema\/person\/0cb769602dc17ecb89fd54a2197a221a"},"headline":"Pr\u00e9sidentielle 2024 : Me Abdoulaye Wade en faveur du vote pour Bassirou Diomaye Faye","datePublished":"2024-03-22T15:05:22+00:00","mainEntityOfPage":{"@id":"https:\/\/www.public.sn\/index.php\/2024\/03\/22\/presidentielle-2024-me-abdoulaye-wade-en-faveur-du-vote-pour-bassirou-diomaye-faye\/"},"wordCount":314,"commentCount":0,"publisher":{"@id":"https:\/\/www.public.sn\/#organization"},"image":{"@id":"https:\/\/www.public.sn\/index.php\/2024\/03\/22\/presidentielle-2024-me-abdoulaye-wade-en-faveur-du-vote-pour-bassirou-diomaye-faye\/#primaryimage"},"thumbnailUrl":"https:\/\/www.public.sn\/wp-content\/uploads\/2024\/03\/MINIATURE-a-refaire-copie-2.jpg","articleSection":["ACTUALIT\u00c9S","BUZZ","POLITIQUE","VEDETTE"],"inLanguage":"fr-FR","potentialAction":[{"@type":"CommentAction","name":"Comment","target":["https:\/\/www.public.sn\/index.php\/2024\/03\/22\/presidentielle-2024-me-abdoulaye-wade-en-faveur-du-vote-pour-bassirou-diomaye-faye\/#respond"]}]},{"@type":"WebPage","@id":"https:\/\/www.public.sn\/index.php\/2024\/03\/22\/presidentielle-2024-me-abdoulaye-wade-en-faveur-du-vote-pour-bassirou-diomaye-faye\/","url":"https:\/\/www.public.sn\/index.php\/2024\/03\/22\/presidentielle-2024-me-abdoulaye-wade-en-faveur-du-vote-pour-bassirou-diomaye-faye\/","name":"Pr\u00e9sidentielle 2024 : Me Abdoulaye Wade en faveur du vote pour Bassirou Diomaye Faye - LE PUBLIC","isPartOf":{"@id":"https:\/\/www.public.sn\/#website"},"primaryImageOfPage":{"@id":"https:\/\/www.public.sn\/index.php\/2024\/03\/22\/presidentielle-2024-me-abdoulaye-wade-en-faveur-du-vote-pour-bassirou-diomaye-faye\/#primaryimage"},"image":{"@id":"https:\/\/www.public.sn\/index.php\/2024\/03\/22\/presidentielle-2024-me-abdoulaye-wade-en-faveur-du-vote-pour-bassirou-diomaye-faye\/#primaryimage"},"thumbnailUrl":"https:\/\/www.public.sn\/wp-content\/uploads\/2024\/03\/MINIATURE-a-refaire-copie-2.jpg","datePublished":"2024-03-22T15:05:22+00:00","breadcrumb":{"@id":"https:\/\/www.public.sn\/index.php\/2024\/03\/22\/presidentielle-2024-me-abdoulaye-wade-en-faveur-du-vote-pour-bassirou-diomaye-faye\/#breadcrumb"},"inLanguage":"fr-FR","potentialAction":[{"@type":"ReadAction","target":["https:\/\/www.public.sn\/index.php\/2024\/03\/22\/presidentielle-2024-me-abdoulaye-wade-en-faveur-du-vote-pour-bassirou-diomaye-faye\/"]}]},{"@type":"ImageObject","inLanguage":"fr-FR","@id":"https:\/\/www.public.sn\/index.php\/2024\/03\/22\/presidentielle-2024-me-abdoulaye-wade-en-faveur-du-vote-pour-bassirou-diomaye-faye\/#primaryimage","url":"https:\/\/www.public.sn\/wp-content\/uploads\/2024\/03\/MINIATURE-a-refaire-copie-2.jpg","contentUrl":"https:\/\/www.public.sn\/wp-content\/uploads\/2024\/03\/MINIATURE-a-refaire-copie-2.jpg","width":1280,"height":720},{"@type":"BreadcrumbList","@id":"https:\/\/www.public.sn\/index.php\/2024\/03\/22\/presidentielle-2024-me-abdoulaye-wade-en-faveur-du-vote-pour-bassirou-diomaye-faye\/#breadcrumb","itemListElement":[{"@type":"ListItem","position":1,"name":"Accueil","item":"https:\/\/www.public.sn\/"},{"@type":"ListItem","position":2,"name":"Pr\u00e9sidentielle 2024 : Me Abdoulaye Wade en faveur du vote pour Bassirou Diomaye Faye"}]},{"@type":"WebSite","@id":"https:\/\/www.public.sn\/#website","url":"https:\/\/www.public.sn\/","name":"LE PUBLIC","description":"","publisher":{"@id":"https:\/\/www.public.sn\/#organization"},"potentialAction":[{"@type":"SearchAction","target":{"@type":"EntryPoint","urlTemplate":"https:\/\/www.public.sn\/?s={search_term_string}"},"query-input":{"@type":"PropertyValueSpecification","valueRequired":true,"valueName":"search_term_string"}}],"inLanguage":"fr-FR"},{"@type":"Organization","@id":"https:\/\/www.public.sn\/#organization","name":"LE PUBLIC","url":"https:\/\/www.public.sn\/","logo":{"@type":"ImageObject","inLanguage":"fr-FR","@id":"https:\/\/www.public.sn\/#\/schema\/logo\/image\/","url":"https:\/\/www.public.sn\/wp-content\/uploads\/2024\/05\/cropped-LOGO-PUBLIC.SN_.png","contentUrl":"https:\/\/www.public.sn\/wp-content\/uploads\/2024\/05\/cropped-LOGO-PUBLIC.SN_.png","width":682,"height":192,"caption":"LE PUBLIC"},"image":{"@id":"https:\/\/www.public.sn\/#\/schema\/logo\/image\/"}},{"@type":"Person","@id":"https:\/\/www.public.sn\/#\/schema\/person\/0cb769602dc17ecb89fd54a2197a221a","name":"Man\u00e9 Ba","image":{"@type":"ImageObject","inLanguage":"fr-FR","@id":"https:\/\/www.public.sn\/#\/schema\/person\/image\/","url":"https:\/\/secure.gravatar.com\/avatar\/b31a37f6b2529b7e9303b5aacf26777a86815e524f04961246da8183f5e2535a?s=96&d=mm&r=g","contentUrl":"https:\/\/secure.gravatar.com\/avatar\/b31a37f6b2529b7e9303b5aacf26777a86815e524f04961246da8183f5e2535a?s=96&d=mm&r=g","caption":"Man\u00e9 Ba"},"url":"https:\/\/www.public.sn\/index.php\/author\/bamanesen\/"}]}},"jetpack_featured_media_url":"https:\/\/www.public.sn\/wp-content\/uploads\/2024\/03\/MINIATURE-a-refaire-copie-2.jpg","jetpack_sharing_enabled":true,"_links":{"self":[{"href":"https:\/\/www.public.sn\/index.php\/wp-json\/wp\/v2\/posts\/31597","targetHints":{"allow":["GET"]}}],"collection":[{"href":"https:\/\/www.public.sn\/index.php\/wp-json\/wp\/v2\/posts"}],"about":[{"href":"https:\/\/www.public.sn\/index.php\/wp-json\/wp\/v2\/types\/post"}],"author":[{"embeddable":true,"href":"https:\/\/www.public.sn\/index.php\/wp-json\/wp\/v2\/users\/12"}],"replies":[{"embeddable":true,"href":"https:\/\/www.public.sn\/index.php\/wp-json\/wp\/v2\/comments?post=31597"}],"version-history":[{"count":1,"href":"https:\/\/www.public.sn\/index.php\/wp-json\/wp\/v2\/posts\/31597\/revisions"}],"predecessor-version":[{"id":31599,"href":"https:\/\/www.public.sn\/index.php\/wp-json\/wp\/v2\/posts\/31597\/revisions\/31599"}],"wp:featuredmedia":[{"embeddable":true,"href":"https:\/\/www.public.sn\/index.php\/wp-json\/wp\/v2\/media\/31598"}],"wp:attachment":[{"href":"https:\/\/www.public.sn\/index.php\/wp-json\/wp\/v2\/media?parent=31597"}],"wp:term":[{"taxonomy":"category","embeddable":true,"href":"https:\/\/www.public.sn\/index.php\/wp-json\/wp\/v2\/categories?post=31597"},{"taxonomy":"post_tag","embeddable":true,"href":"https:\/\/www.public.sn\/index.php\/wp-json\/wp\/v2\/tags?post=31597"}],"curies":[{"name":"wp","href":"https:\/\/api.w.org\/{rel}","templated":true}]}}