{"id":31637,"date":"2024-03-26T15:58:30","date_gmt":"2024-03-26T15:58:30","guid":{"rendered":"https:\/\/www.public.sn\/?p=31637"},"modified":"2024-03-26T15:58:30","modified_gmt":"2024-03-26T15:58:30","slug":"gauthier-rybinski-bassirou-diomaye-un-saut-dans-linconnu-pour-les-senegalais","status":"publish","type":"post","link":"https:\/\/www.public.sn\/index.php\/2024\/03\/26\/gauthier-rybinski-bassirou-diomaye-un-saut-dans-linconnu-pour-les-senegalais\/","title":{"rendered":"Gauthier Rybinski : Bassirou Diomaye, un Saut dans l&rsquo;Inconnu pour les S\u00e9n\u00e9galais ?"},"content":{"rendered":"<p>Les S\u00e9n\u00e9galais ont port\u00e9 Bassirou Diomaye Faye au poste de 5e pr\u00e9sident de la R\u00e9publique, un individu relativement inconnu du grand public il y a encore quelques ann\u00e9es, mais qui \u00e9tait le bras droit d&rsquo;Ousmane Sonko. Sa victoire a \u00e9t\u00e9 un pl\u00e9biscite d\u00e8s le premier tour. Sur France 24, Gauthier Rybinski, chroniqueur international de la cha\u00eene, a lou\u00e9 la maturit\u00e9 politique des S\u00e9n\u00e9galais tout en exprimant certaines interrogations.<\/p><div class=\"publi-paragraphe1\" style=\"margin-top: 10px;margin-bottom: 10px;margin-left: auto;margin-right: auto;text-align: center;\" id=\"publi-3054167807\"><div class=\"publi-adlabel\">Publicit\u00e9<\/div><script async src=\"\/\/pagead2.googlesyndication.com\/pagead\/js\/adsbygoogle.js?client=ca-pub-4089586018074219\" crossorigin=\"anonymous\"><\/script><ins class=\"adsbygoogle\" style=\"display:block;\" data-ad-client=\"ca-pub-4089586018074219\" \ndata-ad-slot=\"2087940154\" \ndata-ad-format=\"auto\"><\/ins>\n<script> \n(adsbygoogle = window.adsbygoogle || []).push({}); \n<\/script>\n<\/div>\n<p>\u00ab\u00a0Nous avons d&rsquo;un c\u00f4t\u00e9 le p\u00f4le de stabilit\u00e9 au S\u00e9n\u00e9gal, que nous ch\u00e9rissons. Malgr\u00e9 les \u00e9v\u00e9nements r\u00e9cents, tels que le report initial de l&rsquo;\u00e9lection pr\u00e9sidentielle, le risque de violence lors du scrutin et les manifestations des trois derni\u00e8res ann\u00e9es, le pays est rest\u00e9 sur la voie de la stabilit\u00e9\u00a0\u00bb, a-t-il d\u00e9clar\u00e9, avant de soulever une question pertinente.<\/p>\n<p>\u00ab\u00a0Permettez-moi d&rsquo;\u00eatre un peu provocateur. Le fait d&rsquo;\u00e9lire quelqu&rsquo;un qui est pratiquement un inconnu, est-ce le signe d&rsquo;une maturit\u00e9 d\u00e9mocratique et politique ? Je me pose cette question car pour le reste, l&rsquo;\u00e9lection de Diomaye est ind\u00e9niablement remarquable. Elle exprime un rejet et une lassitude envers une certaine \u00e9lite politique s\u00e9n\u00e9galaise. Cependant, \u00e9lire une personnalit\u00e9 dont nous ne savons que peu de choses repr\u00e9sente-t-il un saut dans l&rsquo;inconnu ?\u00a0\u00bb, s&rsquo;est interrog\u00e9 le sp\u00e9cialiste sur France 24.<\/p>\n<p>Marie-Roger Biloa, autre participante au d\u00e9bat, a r\u00e9pondu \u00e0 cette interrogation. \u00ab\u00a0Il est \u00e9vident que les S\u00e9n\u00e9galais ont vot\u00e9 pour Ousmane Sonko. Comme il l&rsquo;a lui-m\u00eame affirm\u00e9, Bassirou Diomaye Faye n&rsquo;\u00e9tait pas un choix affectif, mais un choix rationnel. Il a \u00e9t\u00e9 choisi pour ses comp\u00e9tences, son int\u00e9grit\u00e9, etc. La Pr\u00e9sidentielle au S\u00e9n\u00e9gal refl\u00e8te un instantan\u00e9. \u00c0 l&rsquo;heure actuelle, cela montre un attachement au processus d\u00e9mocratique, \u00e0 la possibilit\u00e9 de choisir son leader, quelque chose que le pr\u00e9sident Macky Sall a eu du mal \u00e0 saisir\u00a0\u00bb, a soulign\u00e9 la pr\u00e9sidente-directrice g\u00e9n\u00e9rale de Africa International M\u00e9dia Group.<\/p>\n<div class=\"publi-apres-le-contenu\" style=\"margin-top: 10px;margin-bottom: 10px;margin-left: auto;margin-right: auto;text-align: center;\" id=\"publi-755332310\"><div class=\"publi-adlabel\">Publicit\u00e9<\/div><script async src=\"\/\/pagead2.googlesyndication.com\/pagead\/js\/adsbygoogle.js?client=ca-pub-4089586018074219\" crossorigin=\"anonymous\"><\/script><ins class=\"adsbygoogle\" style=\"display:block;\" data-ad-client=\"ca-pub-4089586018074219\" \ndata-ad-slot=\"2087940154\" \ndata-ad-format=\"auto\"><\/ins>\n<script> \n(adsbygoogle = window.adsbygoogle || []).push({}); \n<\/script>\n<\/div>","protected":false},"excerpt":{"rendered":"<p>Les S\u00e9n\u00e9galais ont port\u00e9 Bassirou Diomaye Faye au poste de 5e pr\u00e9sident de la R\u00e9publique, un individu relativement inconnu du grand public il y a encore quelques ann\u00e9es, mais qui \u00e9tait le bras droit d&rsquo;Ousmane Sonko. Sa victoire a \u00e9t\u00e9 un pl\u00e9biscite d\u00e8s le premier tour. Sur France 24, Gauthier Rybinski, chroniqueur international de la cha\u00eene, a lou\u00e9 la maturit\u00e9 politique des S\u00e9n\u00e9galais tout en exprimant certaines interrogations. \u00ab\u00a0Nous avons d&rsquo;un c\u00f4t\u00e9 le p\u00f4le de stabilit\u00e9 au S\u00e9n\u00e9gal, que nous ch\u00e9rissons. Malgr\u00e9 les \u00e9v\u00e9nements r\u00e9cents, tels que le report initial de l&rsquo;\u00e9lection pr\u00e9sidentielle, le risque de violence lors du scrutin et les manifestations des trois derni\u00e8res ann\u00e9es, le pays est rest\u00e9 sur la voie de la stabilit\u00e9\u00a0\u00bb, a-t-il d\u00e9clar\u00e9, avant de soulever une question pertinente. \u00ab\u00a0Permettez-moi d&rsquo;\u00eatre un peu provocateur. Le fait d&rsquo;\u00e9lire quelqu&rsquo;un qui est pratiquement un inconnu, est-ce le signe d&rsquo;une maturit\u00e9 d\u00e9mocratique et politique ? Je me pose cette question car pour le reste, l&rsquo;\u00e9lection de Diomaye est ind\u00e9niablement remarquable. Elle exprime un rejet et une lassitude envers une certaine \u00e9lite politique s\u00e9n\u00e9galaise. Cependant, \u00e9lire une personnalit\u00e9 dont nous ne savons que peu de choses repr\u00e9sente-t-il un saut dans l&rsquo;inconnu ?\u00a0\u00bb, s&rsquo;est interrog\u00e9 le sp\u00e9cialiste sur France 24. Marie-Roger Biloa, autre participante au d\u00e9bat, a r\u00e9pondu \u00e0 cette interrogation. \u00ab\u00a0Il est \u00e9vident que les S\u00e9n\u00e9galais ont vot\u00e9 pour Ousmane Sonko. Comme il l&rsquo;a lui-m\u00eame affirm\u00e9, Bassirou Diomaye Faye n&rsquo;\u00e9tait pas un choix affectif, mais un choix rationnel. Il a \u00e9t\u00e9 choisi pour ses comp\u00e9tences, son int\u00e9grit\u00e9, etc. La Pr\u00e9sidentielle au S\u00e9n\u00e9gal refl\u00e8te un instantan\u00e9. \u00c0 l&rsquo;heure actuelle, cela montre un attachement au processus d\u00e9mocratique, \u00e0 la possibilit\u00e9 de choisir son leader, quelque chose que le pr\u00e9sident Macky Sall a eu du mal \u00e0 saisir\u00a0\u00bb, a soulign\u00e9 la pr\u00e9sidente-directrice g\u00e9n\u00e9rale de Africa International M\u00e9dia Group.<\/p>\n","protected":false},"author":12,"featured_media":31638,"comment_status":"open","ping_status":"open","sticky":false,"template":"","format":"standard","meta":{"_jetpack_memberships_contains_paid_content":false,"footnotes":""},"categories":[375,3728,3],"tags":[],"class_list":["post-31637","post","type-post","status-publish","format-standard","has-post-thumbnail","hentry","category-actualites","category-internationale","category-politique","entry","has-media","owp-thumbs-layout-horizontal","owp-btn-normal","owp-tabs-layout-horizontal","has-no-thumbnails","has-product-nav"],"yoast_head":"<!-- This site is optimized with the Yoast SEO plugin v25.5 - https:\/\/yoast.com\/wordpress\/plugins\/seo\/ -->\n<title>Gauthier Rybinski : Bassirou Diomaye, un Saut dans l&#039;Inconnu pour les S\u00e9n\u00e9galais ? - LE PUBLIC<\/title>\n<meta name=\"robots\" content=\"index, follow, max-snippet:-1, max-image-preview:large, max-video-preview:-1\" \/>\n<link rel=\"canonical\" href=\"https:\/\/www.public.sn\/index.php\/2024\/03\/26\/gauthier-rybinski-bassirou-diomaye-un-saut-dans-linconnu-pour-les-senegalais\/\" \/>\n<meta property=\"og:locale\" content=\"fr_FR\" \/>\n<meta property=\"og:type\" content=\"article\" \/>\n<meta property=\"og:title\" content=\"Gauthier Rybinski : Bassirou Diomaye, un Saut dans l&#039;Inconnu pour les S\u00e9n\u00e9galais ? - LE PUBLIC\" \/>\n<meta property=\"og:description\" content=\"Les S\u00e9n\u00e9galais ont port\u00e9 Bassirou Diomaye Faye au poste de 5e pr\u00e9sident de la R\u00e9publique, un individu relativement inconnu du grand public il y a encore quelques ann\u00e9es, mais qui \u00e9tait le bras droit d&rsquo;Ousmane Sonko. Sa victoire a \u00e9t\u00e9 un pl\u00e9biscite d\u00e8s le premier tour. Sur France 24, Gauthier Rybinski, chroniqueur international de la cha\u00eene, a lou\u00e9 la maturit\u00e9 politique des S\u00e9n\u00e9galais tout en exprimant certaines interrogations. \u00ab\u00a0Nous avons d&rsquo;un c\u00f4t\u00e9 le p\u00f4le de stabilit\u00e9 au S\u00e9n\u00e9gal, que nous ch\u00e9rissons. Malgr\u00e9 les \u00e9v\u00e9nements r\u00e9cents, tels que le report initial de l&rsquo;\u00e9lection pr\u00e9sidentielle, le risque de violence lors du scrutin et les manifestations des trois derni\u00e8res ann\u00e9es, le pays est rest\u00e9 sur la voie de la stabilit\u00e9\u00a0\u00bb, a-t-il d\u00e9clar\u00e9, avant de soulever une question pertinente. \u00ab\u00a0Permettez-moi d&rsquo;\u00eatre un peu provocateur. Le fait d&rsquo;\u00e9lire quelqu&rsquo;un qui est pratiquement un inconnu, est-ce le signe d&rsquo;une maturit\u00e9 d\u00e9mocratique et politique ? Je me pose cette question car pour le reste, l&rsquo;\u00e9lection de Diomaye est ind\u00e9niablement remarquable. Elle exprime un rejet et une lassitude envers une certaine \u00e9lite politique s\u00e9n\u00e9galaise. Cependant, \u00e9lire une personnalit\u00e9 dont nous ne savons que peu de choses repr\u00e9sente-t-il un saut dans l&rsquo;inconnu ?\u00a0\u00bb, s&rsquo;est interrog\u00e9 le sp\u00e9cialiste sur France 24. Marie-Roger Biloa, autre participante au d\u00e9bat, a r\u00e9pondu \u00e0 cette interrogation. \u00ab\u00a0Il est \u00e9vident que les S\u00e9n\u00e9galais ont vot\u00e9 pour Ousmane Sonko. Comme il l&rsquo;a lui-m\u00eame affirm\u00e9, Bassirou Diomaye Faye n&rsquo;\u00e9tait pas un choix affectif, mais un choix rationnel. Il a \u00e9t\u00e9 choisi pour ses comp\u00e9tences, son int\u00e9grit\u00e9, etc. La Pr\u00e9sidentielle au S\u00e9n\u00e9gal refl\u00e8te un instantan\u00e9. \u00c0 l&rsquo;heure actuelle, cela montre un attachement au processus d\u00e9mocratique, \u00e0 la possibilit\u00e9 de choisir son leader, quelque chose que le pr\u00e9sident Macky Sall a eu du mal \u00e0 saisir\u00a0\u00bb, a soulign\u00e9 la pr\u00e9sidente-directrice g\u00e9n\u00e9rale de Africa International M\u00e9dia Group.\" \/>\n<meta property=\"og:url\" content=\"https:\/\/www.public.sn\/index.php\/2024\/03\/26\/gauthier-rybinski-bassirou-diomaye-un-saut-dans-linconnu-pour-les-senegalais\/\" \/>\n<meta property=\"og:site_name\" content=\"LE PUBLIC\" \/>\n<meta property=\"article:published_time\" content=\"2024-03-26T15:58:30+00:00\" \/>\n<meta property=\"og:image\" content=\"https:\/\/www.public.sn\/wp-content\/uploads\/2024\/03\/MINIATURE-a-refaire-OK-copie-3.jpg\" \/>\n\t<meta property=\"og:image:width\" content=\"1280\" \/>\n\t<meta property=\"og:image:height\" content=\"720\" \/>\n\t<meta property=\"og:image:type\" content=\"image\/jpeg\" \/>\n<meta name=\"author\" content=\"Man\u00e9 Ba\" \/>\n<meta name=\"twitter:card\" content=\"summary_large_image\" \/>\n<meta name=\"twitter:label1\" content=\"\u00c9crit par\" \/>\n\t<meta name=\"twitter:data1\" content=\"Man\u00e9 Ba\" \/>\n\t<meta name=\"twitter:label2\" content=\"Dur\u00e9e de lecture estim\u00e9e\" \/>\n\t<meta name=\"twitter:data2\" content=\"2 minutes\" \/>\n<script type=\"application\/ld+json\" class=\"yoast-schema-graph\">{\"@context\":\"https:\/\/schema.org\",\"@graph\":[{\"@type\":\"Article\",\"@id\":\"https:\/\/www.public.sn\/index.php\/2024\/03\/26\/gauthier-rybinski-bassirou-diomaye-un-saut-dans-linconnu-pour-les-senegalais\/#article\",\"isPartOf\":{\"@id\":\"https:\/\/www.public.sn\/index.php\/2024\/03\/26\/gauthier-rybinski-bassirou-diomaye-un-saut-dans-linconnu-pour-les-senegalais\/\"},\"author\":{\"name\":\"Man\u00e9 Ba\",\"@id\":\"https:\/\/www.public.sn\/#\/schema\/person\/0cb769602dc17ecb89fd54a2197a221a\"},\"headline\":\"Gauthier Rybinski : Bassirou Diomaye, un Saut dans l&rsquo;Inconnu pour les S\u00e9n\u00e9galais ?\",\"datePublished\":\"2024-03-26T15:58:30+00:00\",\"mainEntityOfPage\":{\"@id\":\"https:\/\/www.public.sn\/index.php\/2024\/03\/26\/gauthier-rybinski-bassirou-diomaye-un-saut-dans-linconnu-pour-les-senegalais\/\"},\"wordCount\":351,\"commentCount\":0,\"publisher\":{\"@id\":\"https:\/\/www.public.sn\/#organization\"},\"image\":{\"@id\":\"https:\/\/www.public.sn\/index.php\/2024\/03\/26\/gauthier-rybinski-bassirou-diomaye-un-saut-dans-linconnu-pour-les-senegalais\/#primaryimage\"},\"thumbnailUrl\":\"https:\/\/www.public.sn\/wp-content\/uploads\/2024\/03\/MINIATURE-a-refaire-OK-copie-3.jpg\",\"articleSection\":[\"ACTUALIT\u00c9S\",\"internationale\",\"POLITIQUE\"],\"inLanguage\":\"fr-FR\",\"potentialAction\":[{\"@type\":\"CommentAction\",\"name\":\"Comment\",\"target\":[\"https:\/\/www.public.sn\/index.php\/2024\/03\/26\/gauthier-rybinski-bassirou-diomaye-un-saut-dans-linconnu-pour-les-senegalais\/#respond\"]}]},{\"@type\":\"WebPage\",\"@id\":\"https:\/\/www.public.sn\/index.php\/2024\/03\/26\/gauthier-rybinski-bassirou-diomaye-un-saut-dans-linconnu-pour-les-senegalais\/\",\"url\":\"https:\/\/www.public.sn\/index.php\/2024\/03\/26\/gauthier-rybinski-bassirou-diomaye-un-saut-dans-linconnu-pour-les-senegalais\/\",\"name\":\"Gauthier Rybinski : Bassirou Diomaye, un Saut dans l'Inconnu pour les S\u00e9n\u00e9galais ? - LE PUBLIC\",\"isPartOf\":{\"@id\":\"https:\/\/www.public.sn\/#website\"},\"primaryImageOfPage\":{\"@id\":\"https:\/\/www.public.sn\/index.php\/2024\/03\/26\/gauthier-rybinski-bassirou-diomaye-un-saut-dans-linconnu-pour-les-senegalais\/#primaryimage\"},\"image\":{\"@id\":\"https:\/\/www.public.sn\/index.php\/2024\/03\/26\/gauthier-rybinski-bassirou-diomaye-un-saut-dans-linconnu-pour-les-senegalais\/#primaryimage\"},\"thumbnailUrl\":\"https:\/\/www.public.sn\/wp-content\/uploads\/2024\/03\/MINIATURE-a-refaire-OK-copie-3.jpg\",\"datePublished\":\"2024-03-26T15:58:30+00:00\",\"breadcrumb\":{\"@id\":\"https:\/\/www.public.sn\/index.php\/2024\/03\/26\/gauthier-rybinski-bassirou-diomaye-un-saut-dans-linconnu-pour-les-senegalais\/#breadcrumb\"},\"inLanguage\":\"fr-FR\",\"potentialAction\":[{\"@type\":\"ReadAction\",\"target\":[\"https:\/\/www.public.sn\/index.php\/2024\/03\/26\/gauthier-rybinski-bassirou-diomaye-un-saut-dans-linconnu-pour-les-senegalais\/\"]}]},{\"@type\":\"ImageObject\",\"inLanguage\":\"fr-FR\",\"@id\":\"https:\/\/www.public.sn\/index.php\/2024\/03\/26\/gauthier-rybinski-bassirou-diomaye-un-saut-dans-linconnu-pour-les-senegalais\/#primaryimage\",\"url\":\"https:\/\/www.public.sn\/wp-content\/uploads\/2024\/03\/MINIATURE-a-refaire-OK-copie-3.jpg\",\"contentUrl\":\"https:\/\/www.public.sn\/wp-content\/uploads\/2024\/03\/MINIATURE-a-refaire-OK-copie-3.jpg\",\"width\":1280,\"height\":720},{\"@type\":\"BreadcrumbList\",\"@id\":\"https:\/\/www.public.sn\/index.php\/2024\/03\/26\/gauthier-rybinski-bassirou-diomaye-un-saut-dans-linconnu-pour-les-senegalais\/#breadcrumb\",\"itemListElement\":[{\"@type\":\"ListItem\",\"position\":1,\"name\":\"Accueil\",\"item\":\"https:\/\/www.public.sn\/\"},{\"@type\":\"ListItem\",\"position\":2,\"name\":\"Gauthier Rybinski : Bassirou Diomaye, un Saut dans l&rsquo;Inconnu pour les S\u00e9n\u00e9galais ?\"}]},{\"@type\":\"WebSite\",\"@id\":\"https:\/\/www.public.sn\/#website\",\"url\":\"https:\/\/www.public.sn\/\",\"name\":\"LE PUBLIC\",\"description\":\"\",\"publisher\":{\"@id\":\"https:\/\/www.public.sn\/#organization\"},\"potentialAction\":[{\"@type\":\"SearchAction\",\"target\":{\"@type\":\"EntryPoint\",\"urlTemplate\":\"https:\/\/www.public.sn\/?s={search_term_string}\"},\"query-input\":{\"@type\":\"PropertyValueSpecification\",\"valueRequired\":true,\"valueName\":\"search_term_string\"}}],\"inLanguage\":\"fr-FR\"},{\"@type\":\"Organization\",\"@id\":\"https:\/\/www.public.sn\/#organization\",\"name\":\"LE PUBLIC\",\"url\":\"https:\/\/www.public.sn\/\",\"logo\":{\"@type\":\"ImageObject\",\"inLanguage\":\"fr-FR\",\"@id\":\"https:\/\/www.public.sn\/#\/schema\/logo\/image\/\",\"url\":\"https:\/\/www.public.sn\/wp-content\/uploads\/2024\/05\/cropped-LOGO-PUBLIC.SN_.png\",\"contentUrl\":\"https:\/\/www.public.sn\/wp-content\/uploads\/2024\/05\/cropped-LOGO-PUBLIC.SN_.png\",\"width\":682,\"height\":192,\"caption\":\"LE PUBLIC\"},\"image\":{\"@id\":\"https:\/\/www.public.sn\/#\/schema\/logo\/image\/\"}},{\"@type\":\"Person\",\"@id\":\"https:\/\/www.public.sn\/#\/schema\/person\/0cb769602dc17ecb89fd54a2197a221a\",\"name\":\"Man\u00e9 Ba\",\"image\":{\"@type\":\"ImageObject\",\"inLanguage\":\"fr-FR\",\"@id\":\"https:\/\/www.public.sn\/#\/schema\/person\/image\/\",\"url\":\"https:\/\/secure.gravatar.com\/avatar\/b31a37f6b2529b7e9303b5aacf26777a86815e524f04961246da8183f5e2535a?s=96&d=mm&r=g\",\"contentUrl\":\"https:\/\/secure.gravatar.com\/avatar\/b31a37f6b2529b7e9303b5aacf26777a86815e524f04961246da8183f5e2535a?s=96&d=mm&r=g\",\"caption\":\"Man\u00e9 Ba\"},\"url\":\"https:\/\/www.public.sn\/index.php\/author\/bamanesen\/\"}]}<\/script>\n<!-- \/ Yoast SEO plugin. -->","yoast_head_json":{"title":"Gauthier Rybinski : Bassirou Diomaye, un Saut dans l'Inconnu pour les S\u00e9n\u00e9galais ? - LE PUBLIC","robots":{"index":"index","follow":"follow","max-snippet":"max-snippet:-1","max-image-preview":"max-image-preview:large","max-video-preview":"max-video-preview:-1"},"canonical":"https:\/\/www.public.sn\/index.php\/2024\/03\/26\/gauthier-rybinski-bassirou-diomaye-un-saut-dans-linconnu-pour-les-senegalais\/","og_locale":"fr_FR","og_type":"article","og_title":"Gauthier Rybinski : Bassirou Diomaye, un Saut dans l'Inconnu pour les S\u00e9n\u00e9galais ? - LE PUBLIC","og_description":"Les S\u00e9n\u00e9galais ont port\u00e9 Bassirou Diomaye Faye au poste de 5e pr\u00e9sident de la R\u00e9publique, un individu relativement inconnu du grand public il y a encore quelques ann\u00e9es, mais qui \u00e9tait le bras droit d&rsquo;Ousmane Sonko. Sa victoire a \u00e9t\u00e9 un pl\u00e9biscite d\u00e8s le premier tour. Sur France 24, Gauthier Rybinski, chroniqueur international de la cha\u00eene, a lou\u00e9 la maturit\u00e9 politique des S\u00e9n\u00e9galais tout en exprimant certaines interrogations. \u00ab\u00a0Nous avons d&rsquo;un c\u00f4t\u00e9 le p\u00f4le de stabilit\u00e9 au S\u00e9n\u00e9gal, que nous ch\u00e9rissons. Malgr\u00e9 les \u00e9v\u00e9nements r\u00e9cents, tels que le report initial de l&rsquo;\u00e9lection pr\u00e9sidentielle, le risque de violence lors du scrutin et les manifestations des trois derni\u00e8res ann\u00e9es, le pays est rest\u00e9 sur la voie de la stabilit\u00e9\u00a0\u00bb, a-t-il d\u00e9clar\u00e9, avant de soulever une question pertinente. \u00ab\u00a0Permettez-moi d&rsquo;\u00eatre un peu provocateur. Le fait d&rsquo;\u00e9lire quelqu&rsquo;un qui est pratiquement un inconnu, est-ce le signe d&rsquo;une maturit\u00e9 d\u00e9mocratique et politique ? Je me pose cette question car pour le reste, l&rsquo;\u00e9lection de Diomaye est ind\u00e9niablement remarquable. Elle exprime un rejet et une lassitude envers une certaine \u00e9lite politique s\u00e9n\u00e9galaise. Cependant, \u00e9lire une personnalit\u00e9 dont nous ne savons que peu de choses repr\u00e9sente-t-il un saut dans l&rsquo;inconnu ?\u00a0\u00bb, s&rsquo;est interrog\u00e9 le sp\u00e9cialiste sur France 24. Marie-Roger Biloa, autre participante au d\u00e9bat, a r\u00e9pondu \u00e0 cette interrogation. \u00ab\u00a0Il est \u00e9vident que les S\u00e9n\u00e9galais ont vot\u00e9 pour Ousmane Sonko. Comme il l&rsquo;a lui-m\u00eame affirm\u00e9, Bassirou Diomaye Faye n&rsquo;\u00e9tait pas un choix affectif, mais un choix rationnel. Il a \u00e9t\u00e9 choisi pour ses comp\u00e9tences, son int\u00e9grit\u00e9, etc. La Pr\u00e9sidentielle au S\u00e9n\u00e9gal refl\u00e8te un instantan\u00e9. \u00c0 l&rsquo;heure actuelle, cela montre un attachement au processus d\u00e9mocratique, \u00e0 la possibilit\u00e9 de choisir son leader, quelque chose que le pr\u00e9sident Macky Sall a eu du mal \u00e0 saisir\u00a0\u00bb, a soulign\u00e9 la pr\u00e9sidente-directrice g\u00e9n\u00e9rale de Africa International M\u00e9dia Group.","og_url":"https:\/\/www.public.sn\/index.php\/2024\/03\/26\/gauthier-rybinski-bassirou-diomaye-un-saut-dans-linconnu-pour-les-senegalais\/","og_site_name":"LE PUBLIC","article_published_time":"2024-03-26T15:58:30+00:00","og_image":[{"width":1280,"height":720,"url":"https:\/\/www.public.sn\/wp-content\/uploads\/2024\/03\/MINIATURE-a-refaire-OK-copie-3.jpg","type":"image\/jpeg"}],"author":"Man\u00e9 Ba","twitter_card":"summary_large_image","twitter_misc":{"\u00c9crit par":"Man\u00e9 Ba","Dur\u00e9e de lecture estim\u00e9e":"2 minutes"},"schema":{"@context":"https:\/\/schema.org","@graph":[{"@type":"Article","@id":"https:\/\/www.public.sn\/index.php\/2024\/03\/26\/gauthier-rybinski-bassirou-diomaye-un-saut-dans-linconnu-pour-les-senegalais\/#article","isPartOf":{"@id":"https:\/\/www.public.sn\/index.php\/2024\/03\/26\/gauthier-rybinski-bassirou-diomaye-un-saut-dans-linconnu-pour-les-senegalais\/"},"author":{"name":"Man\u00e9 Ba","@id":"https:\/\/www.public.sn\/#\/schema\/person\/0cb769602dc17ecb89fd54a2197a221a"},"headline":"Gauthier Rybinski : Bassirou Diomaye, un Saut dans l&rsquo;Inconnu pour les S\u00e9n\u00e9galais ?","datePublished":"2024-03-26T15:58:30+00:00","mainEntityOfPage":{"@id":"https:\/\/www.public.sn\/index.php\/2024\/03\/26\/gauthier-rybinski-bassirou-diomaye-un-saut-dans-linconnu-pour-les-senegalais\/"},"wordCount":351,"commentCount":0,"publisher":{"@id":"https:\/\/www.public.sn\/#organization"},"image":{"@id":"https:\/\/www.public.sn\/index.php\/2024\/03\/26\/gauthier-rybinski-bassirou-diomaye-un-saut-dans-linconnu-pour-les-senegalais\/#primaryimage"},"thumbnailUrl":"https:\/\/www.public.sn\/wp-content\/uploads\/2024\/03\/MINIATURE-a-refaire-OK-copie-3.jpg","articleSection":["ACTUALIT\u00c9S","internationale","POLITIQUE"],"inLanguage":"fr-FR","potentialAction":[{"@type":"CommentAction","name":"Comment","target":["https:\/\/www.public.sn\/index.php\/2024\/03\/26\/gauthier-rybinski-bassirou-diomaye-un-saut-dans-linconnu-pour-les-senegalais\/#respond"]}]},{"@type":"WebPage","@id":"https:\/\/www.public.sn\/index.php\/2024\/03\/26\/gauthier-rybinski-bassirou-diomaye-un-saut-dans-linconnu-pour-les-senegalais\/","url":"https:\/\/www.public.sn\/index.php\/2024\/03\/26\/gauthier-rybinski-bassirou-diomaye-un-saut-dans-linconnu-pour-les-senegalais\/","name":"Gauthier Rybinski : Bassirou Diomaye, un Saut dans l'Inconnu pour les S\u00e9n\u00e9galais ? - LE PUBLIC","isPartOf":{"@id":"https:\/\/www.public.sn\/#website"},"primaryImageOfPage":{"@id":"https:\/\/www.public.sn\/index.php\/2024\/03\/26\/gauthier-rybinski-bassirou-diomaye-un-saut-dans-linconnu-pour-les-senegalais\/#primaryimage"},"image":{"@id":"https:\/\/www.public.sn\/index.php\/2024\/03\/26\/gauthier-rybinski-bassirou-diomaye-un-saut-dans-linconnu-pour-les-senegalais\/#primaryimage"},"thumbnailUrl":"https:\/\/www.public.sn\/wp-content\/uploads\/2024\/03\/MINIATURE-a-refaire-OK-copie-3.jpg","datePublished":"2024-03-26T15:58:30+00:00","breadcrumb":{"@id":"https:\/\/www.public.sn\/index.php\/2024\/03\/26\/gauthier-rybinski-bassirou-diomaye-un-saut-dans-linconnu-pour-les-senegalais\/#breadcrumb"},"inLanguage":"fr-FR","potentialAction":[{"@type":"ReadAction","target":["https:\/\/www.public.sn\/index.php\/2024\/03\/26\/gauthier-rybinski-bassirou-diomaye-un-saut-dans-linconnu-pour-les-senegalais\/"]}]},{"@type":"ImageObject","inLanguage":"fr-FR","@id":"https:\/\/www.public.sn\/index.php\/2024\/03\/26\/gauthier-rybinski-bassirou-diomaye-un-saut-dans-linconnu-pour-les-senegalais\/#primaryimage","url":"https:\/\/www.public.sn\/wp-content\/uploads\/2024\/03\/MINIATURE-a-refaire-OK-copie-3.jpg","contentUrl":"https:\/\/www.public.sn\/wp-content\/uploads\/2024\/03\/MINIATURE-a-refaire-OK-copie-3.jpg","width":1280,"height":720},{"@type":"BreadcrumbList","@id":"https:\/\/www.public.sn\/index.php\/2024\/03\/26\/gauthier-rybinski-bassirou-diomaye-un-saut-dans-linconnu-pour-les-senegalais\/#breadcrumb","itemListElement":[{"@type":"ListItem","position":1,"name":"Accueil","item":"https:\/\/www.public.sn\/"},{"@type":"ListItem","position":2,"name":"Gauthier Rybinski : Bassirou Diomaye, un Saut dans l&rsquo;Inconnu pour les S\u00e9n\u00e9galais ?"}]},{"@type":"WebSite","@id":"https:\/\/www.public.sn\/#website","url":"https:\/\/www.public.sn\/","name":"LE PUBLIC","description":"","publisher":{"@id":"https:\/\/www.public.sn\/#organization"},"potentialAction":[{"@type":"SearchAction","target":{"@type":"EntryPoint","urlTemplate":"https:\/\/www.public.sn\/?s={search_term_string}"},"query-input":{"@type":"PropertyValueSpecification","valueRequired":true,"valueName":"search_term_string"}}],"inLanguage":"fr-FR"},{"@type":"Organization","@id":"https:\/\/www.public.sn\/#organization","name":"LE PUBLIC","url":"https:\/\/www.public.sn\/","logo":{"@type":"ImageObject","inLanguage":"fr-FR","@id":"https:\/\/www.public.sn\/#\/schema\/logo\/image\/","url":"https:\/\/www.public.sn\/wp-content\/uploads\/2024\/05\/cropped-LOGO-PUBLIC.SN_.png","contentUrl":"https:\/\/www.public.sn\/wp-content\/uploads\/2024\/05\/cropped-LOGO-PUBLIC.SN_.png","width":682,"height":192,"caption":"LE PUBLIC"},"image":{"@id":"https:\/\/www.public.sn\/#\/schema\/logo\/image\/"}},{"@type":"Person","@id":"https:\/\/www.public.sn\/#\/schema\/person\/0cb769602dc17ecb89fd54a2197a221a","name":"Man\u00e9 Ba","image":{"@type":"ImageObject","inLanguage":"fr-FR","@id":"https:\/\/www.public.sn\/#\/schema\/person\/image\/","url":"https:\/\/secure.gravatar.com\/avatar\/b31a37f6b2529b7e9303b5aacf26777a86815e524f04961246da8183f5e2535a?s=96&d=mm&r=g","contentUrl":"https:\/\/secure.gravatar.com\/avatar\/b31a37f6b2529b7e9303b5aacf26777a86815e524f04961246da8183f5e2535a?s=96&d=mm&r=g","caption":"Man\u00e9 Ba"},"url":"https:\/\/www.public.sn\/index.php\/author\/bamanesen\/"}]}},"jetpack_featured_media_url":"https:\/\/www.public.sn\/wp-content\/uploads\/2024\/03\/MINIATURE-a-refaire-OK-copie-3.jpg","jetpack_sharing_enabled":true,"_links":{"self":[{"href":"https:\/\/www.public.sn\/index.php\/wp-json\/wp\/v2\/posts\/31637","targetHints":{"allow":["GET"]}}],"collection":[{"href":"https:\/\/www.public.sn\/index.php\/wp-json\/wp\/v2\/posts"}],"about":[{"href":"https:\/\/www.public.sn\/index.php\/wp-json\/wp\/v2\/types\/post"}],"author":[{"embeddable":true,"href":"https:\/\/www.public.sn\/index.php\/wp-json\/wp\/v2\/users\/12"}],"replies":[{"embeddable":true,"href":"https:\/\/www.public.sn\/index.php\/wp-json\/wp\/v2\/comments?post=31637"}],"version-history":[{"count":1,"href":"https:\/\/www.public.sn\/index.php\/wp-json\/wp\/v2\/posts\/31637\/revisions"}],"predecessor-version":[{"id":31639,"href":"https:\/\/www.public.sn\/index.php\/wp-json\/wp\/v2\/posts\/31637\/revisions\/31639"}],"wp:featuredmedia":[{"embeddable":true,"href":"https:\/\/www.public.sn\/index.php\/wp-json\/wp\/v2\/media\/31638"}],"wp:attachment":[{"href":"https:\/\/www.public.sn\/index.php\/wp-json\/wp\/v2\/media?parent=31637"}],"wp:term":[{"taxonomy":"category","embeddable":true,"href":"https:\/\/www.public.sn\/index.php\/wp-json\/wp\/v2\/categories?post=31637"},{"taxonomy":"post_tag","embeddable":true,"href":"https:\/\/www.public.sn\/index.php\/wp-json\/wp\/v2\/tags?post=31637"}],"curies":[{"name":"wp","href":"https:\/\/api.w.org\/{rel}","templated":true}]}}