{"id":3165,"date":"2022-09-29T15:06:52","date_gmt":"2022-09-29T15:06:52","guid":{"rendered":"https:\/\/www.public.sn\/?p=3165"},"modified":"2022-09-29T15:12:09","modified_gmt":"2022-09-29T15:12:09","slug":"amnistie-de-karim-et-khalifa-un-piege-pour-lopposition","status":"publish","type":"post","link":"https:\/\/www.public.sn\/index.php\/2022\/09\/29\/amnistie-de-karim-et-khalifa-un-piege-pour-lopposition\/","title":{"rendered":"Amnistie de Karim et Khalifa : Un pi\u00e8ge pour l\u2019opposition.?"},"content":{"rendered":"\n<p>Amnistier Khalifa Sall et Karim Wade. Un coup de g\u00e9nie politique du pr\u00e9sident Macky Sall pour jouer la carte de la division politique de l\u2019opposition avant 2024. Un couteau \u00e0 double tranchant et bien aiguis\u00e9 pour \u00ab&nbsp;r\u00e9duire l\u2019opposition \u00e0 sa plus simple expression&nbsp;\u00bb. Le pr\u00e9sident et sa majorit\u00e9 font face \u00e0 l\u2019\u00e9quation Ousmane Sonko appel\u00e9 \u00ab&nbsp;le ph\u00e9nom\u00e9no&nbsp;\u00bb. Amnistier Karim et Khalifa est une mani\u00e8re sans nul doute pour le pr\u00e9sident de jouer la carte de la division dans une opposition o\u00f9 les \u00e9go sont surdimensionn\u00e9s. Ainsi \u00e0 seule issue pour l\u2019opposition est de s\u2019unir afin de ne pas dispara\u00eetre. Le pr\u00e9sident Macky Sall en fin politique tente de diviser l\u2019opposition d\u2019autant plus que l\u2019\u00e9miettement des voies discordantes de l\u2019opposition serait du pain b\u00e9ni pour Macky Sall et sa majorit\u00e9 . <br>&nbsp;<br><br><br> <br><br><\/p><div class=\"publi-paragraphe1\" style=\"margin-top: 10px;margin-bottom: 10px;margin-left: auto;margin-right: auto;text-align: center;\" id=\"publi-3373849254\"><div class=\"publi-adlabel\">Publicit\u00e9<\/div><script async src=\"\/\/pagead2.googlesyndication.com\/pagead\/js\/adsbygoogle.js?client=ca-pub-4089586018074219\" crossorigin=\"anonymous\"><\/script><ins class=\"adsbygoogle\" style=\"display:block;\" data-ad-client=\"ca-pub-4089586018074219\" \ndata-ad-slot=\"2087940154\" \ndata-ad-format=\"auto\"><\/ins>\n<script> \n(adsbygoogle = window.adsbygoogle || []).push({}); \n<\/script>\n<\/div>\n<div class=\"publi-apres-le-contenu\" style=\"margin-top: 10px;margin-bottom: 10px;margin-left: auto;margin-right: auto;text-align: center;\" id=\"publi-202773113\"><div class=\"publi-adlabel\">Publicit\u00e9<\/div><script async src=\"\/\/pagead2.googlesyndication.com\/pagead\/js\/adsbygoogle.js?client=ca-pub-4089586018074219\" crossorigin=\"anonymous\"><\/script><ins class=\"adsbygoogle\" style=\"display:block;\" data-ad-client=\"ca-pub-4089586018074219\" \ndata-ad-slot=\"2087940154\" \ndata-ad-format=\"auto\"><\/ins>\n<script> \n(adsbygoogle = window.adsbygoogle || []).push({}); \n<\/script>\n<\/div>","protected":false},"excerpt":{"rendered":"<p>Amnistier Khalifa Sall et Karim Wade. Un coup de g\u00e9nie politique du pr\u00e9sident Macky Sall pour jouer la carte de la division politique de l\u2019opposition avant 2024. Un couteau \u00e0 double tranchant et bien aiguis\u00e9 pour \u00ab&nbsp;r\u00e9duire l\u2019opposition \u00e0 sa plus simple expression&nbsp;\u00bb. Le pr\u00e9sident et sa majorit\u00e9 font face \u00e0 l\u2019\u00e9quation Ousmane Sonko appel\u00e9 \u00ab&nbsp;le ph\u00e9nom\u00e9no&nbsp;\u00bb. Amnistier Karim et Khalifa est une mani\u00e8re sans nul doute pour le pr\u00e9sident de jouer la carte de la division dans une opposition o\u00f9 les \u00e9go sont surdimensionn\u00e9s. Ainsi \u00e0 seule issue pour l\u2019opposition est de s\u2019unir afin de ne pas dispara\u00eetre. Le pr\u00e9sident Macky Sall en fin politique tente de diviser l\u2019opposition d\u2019autant plus que l\u2019\u00e9miettement des voies discordantes de l\u2019opposition serait du pain b\u00e9ni pour Macky Sall et sa majorit\u00e9 . &nbsp;<\/p>\n","protected":false},"author":1,"featured_media":3166,"comment_status":"open","ping_status":"open","sticky":false,"template":"","format":"standard","meta":{"_jetpack_memberships_contains_paid_content":false,"footnotes":""},"categories":[375,3,1,372],"tags":[117,638,1078,306],"class_list":["post-3165","post","type-post","status-publish","format-standard","has-post-thumbnail","hentry","category-actualites","category-politique","category-non-classe","category-vedette","tag-amnistie","tag-karim","tag-khalifa","tag-sonko","entry","has-media","owp-thumbs-layout-horizontal","owp-btn-normal","owp-tabs-layout-horizontal","has-no-thumbnails","has-product-nav"],"yoast_head":"<!-- This site is optimized with the Yoast SEO plugin v25.5 - https:\/\/yoast.com\/wordpress\/plugins\/seo\/ -->\n<title>Amnistie de Karim et Khalifa : Un pi\u00e8ge pour l\u2019opposition.? - LE PUBLIC<\/title>\n<meta name=\"robots\" content=\"index, follow, max-snippet:-1, max-image-preview:large, max-video-preview:-1\" \/>\n<link rel=\"canonical\" href=\"https:\/\/www.public.sn\/index.php\/2022\/09\/29\/amnistie-de-karim-et-khalifa-un-piege-pour-lopposition\/\" \/>\n<meta property=\"og:locale\" content=\"fr_FR\" \/>\n<meta property=\"og:type\" content=\"article\" \/>\n<meta property=\"og:title\" content=\"Amnistie de Karim et Khalifa : Un pi\u00e8ge pour l\u2019opposition.? - LE PUBLIC\" \/>\n<meta property=\"og:description\" content=\"Amnistier Khalifa Sall et Karim Wade. Un coup de g\u00e9nie politique du pr\u00e9sident Macky Sall pour jouer la carte de la division politique de l\u2019opposition avant 2024. Un couteau \u00e0 double tranchant et bien aiguis\u00e9 pour \u00ab&nbsp;r\u00e9duire l\u2019opposition \u00e0 sa plus simple expression&nbsp;\u00bb. Le pr\u00e9sident et sa majorit\u00e9 font face \u00e0 l\u2019\u00e9quation Ousmane Sonko appel\u00e9 \u00ab&nbsp;le ph\u00e9nom\u00e9no&nbsp;\u00bb. Amnistier Karim et Khalifa est une mani\u00e8re sans nul doute pour le pr\u00e9sident de jouer la carte de la division dans une opposition o\u00f9 les \u00e9go sont surdimensionn\u00e9s. Ainsi \u00e0 seule issue pour l\u2019opposition est de s\u2019unir afin de ne pas dispara\u00eetre. Le pr\u00e9sident Macky Sall en fin politique tente de diviser l\u2019opposition d\u2019autant plus que l\u2019\u00e9miettement des voies discordantes de l\u2019opposition serait du pain b\u00e9ni pour Macky Sall et sa majorit\u00e9 . &nbsp;\" \/>\n<meta property=\"og:url\" content=\"https:\/\/www.public.sn\/index.php\/2022\/09\/29\/amnistie-de-karim-et-khalifa-un-piege-pour-lopposition\/\" \/>\n<meta property=\"og:site_name\" content=\"LE PUBLIC\" \/>\n<meta property=\"article:published_time\" content=\"2022-09-29T15:06:52+00:00\" \/>\n<meta property=\"article:modified_time\" content=\"2022-09-29T15:12:09+00:00\" \/>\n<meta property=\"og:image\" content=\"https:\/\/www.public.sn\/wp-content\/uploads\/2022\/09\/60972956-44540577.jpeg\" \/>\n\t<meta property=\"og:image:width\" content=\"1284\" \/>\n\t<meta property=\"og:image:height\" content=\"1278\" \/>\n\t<meta property=\"og:image:type\" content=\"image\/jpeg\" \/>\n<meta name=\"author\" content=\"LA REDACTION\" \/>\n<meta name=\"twitter:card\" content=\"summary_large_image\" \/>\n<meta name=\"twitter:label1\" content=\"\u00c9crit par\" \/>\n\t<meta name=\"twitter:data1\" content=\"LA REDACTION\" \/>\n\t<meta name=\"twitter:label2\" content=\"Dur\u00e9e de lecture estim\u00e9e\" \/>\n\t<meta name=\"twitter:data2\" content=\"1 minute\" \/>\n<script type=\"application\/ld+json\" class=\"yoast-schema-graph\">{\"@context\":\"https:\/\/schema.org\",\"@graph\":[{\"@type\":\"Article\",\"@id\":\"https:\/\/www.public.sn\/index.php\/2022\/09\/29\/amnistie-de-karim-et-khalifa-un-piege-pour-lopposition\/#article\",\"isPartOf\":{\"@id\":\"https:\/\/www.public.sn\/index.php\/2022\/09\/29\/amnistie-de-karim-et-khalifa-un-piege-pour-lopposition\/\"},\"author\":{\"name\":\"LA REDACTION\",\"@id\":\"https:\/\/www.public.sn\/#\/schema\/person\/e3f4a11b037d4203902db148f9bc8d5a\"},\"headline\":\"Amnistie de Karim et Khalifa : Un pi\u00e8ge pour l\u2019opposition.?\",\"datePublished\":\"2022-09-29T15:06:52+00:00\",\"dateModified\":\"2022-09-29T15:12:09+00:00\",\"mainEntityOfPage\":{\"@id\":\"https:\/\/www.public.sn\/index.php\/2022\/09\/29\/amnistie-de-karim-et-khalifa-un-piege-pour-lopposition\/\"},\"wordCount\":161,\"commentCount\":0,\"publisher\":{\"@id\":\"https:\/\/www.public.sn\/#organization\"},\"image\":{\"@id\":\"https:\/\/www.public.sn\/index.php\/2022\/09\/29\/amnistie-de-karim-et-khalifa-un-piege-pour-lopposition\/#primaryimage\"},\"thumbnailUrl\":\"https:\/\/www.public.sn\/wp-content\/uploads\/2022\/09\/60972956-44540577.jpeg\",\"keywords\":[\"Amnistie\",\"Karim\",\"Khalifa\",\"sonko\"],\"articleSection\":[\"ACTUALIT\u00c9S\",\"POLITIQUE\",\"S\u00c9N\u00c9GAL\",\"VEDETTE\"],\"inLanguage\":\"fr-FR\",\"potentialAction\":[{\"@type\":\"CommentAction\",\"name\":\"Comment\",\"target\":[\"https:\/\/www.public.sn\/index.php\/2022\/09\/29\/amnistie-de-karim-et-khalifa-un-piege-pour-lopposition\/#respond\"]}]},{\"@type\":\"WebPage\",\"@id\":\"https:\/\/www.public.sn\/index.php\/2022\/09\/29\/amnistie-de-karim-et-khalifa-un-piege-pour-lopposition\/\",\"url\":\"https:\/\/www.public.sn\/index.php\/2022\/09\/29\/amnistie-de-karim-et-khalifa-un-piege-pour-lopposition\/\",\"name\":\"Amnistie de Karim et Khalifa : Un pi\u00e8ge pour l\u2019opposition.? - LE PUBLIC\",\"isPartOf\":{\"@id\":\"https:\/\/www.public.sn\/#website\"},\"primaryImageOfPage\":{\"@id\":\"https:\/\/www.public.sn\/index.php\/2022\/09\/29\/amnistie-de-karim-et-khalifa-un-piege-pour-lopposition\/#primaryimage\"},\"image\":{\"@id\":\"https:\/\/www.public.sn\/index.php\/2022\/09\/29\/amnistie-de-karim-et-khalifa-un-piege-pour-lopposition\/#primaryimage\"},\"thumbnailUrl\":\"https:\/\/www.public.sn\/wp-content\/uploads\/2022\/09\/60972956-44540577.jpeg\",\"datePublished\":\"2022-09-29T15:06:52+00:00\",\"dateModified\":\"2022-09-29T15:12:09+00:00\",\"breadcrumb\":{\"@id\":\"https:\/\/www.public.sn\/index.php\/2022\/09\/29\/amnistie-de-karim-et-khalifa-un-piege-pour-lopposition\/#breadcrumb\"},\"inLanguage\":\"fr-FR\",\"potentialAction\":[{\"@type\":\"ReadAction\",\"target\":[\"https:\/\/www.public.sn\/index.php\/2022\/09\/29\/amnistie-de-karim-et-khalifa-un-piege-pour-lopposition\/\"]}]},{\"@type\":\"ImageObject\",\"inLanguage\":\"fr-FR\",\"@id\":\"https:\/\/www.public.sn\/index.php\/2022\/09\/29\/amnistie-de-karim-et-khalifa-un-piege-pour-lopposition\/#primaryimage\",\"url\":\"https:\/\/www.public.sn\/wp-content\/uploads\/2022\/09\/60972956-44540577.jpeg\",\"contentUrl\":\"https:\/\/www.public.sn\/wp-content\/uploads\/2022\/09\/60972956-44540577.jpeg\",\"width\":1284,\"height\":1278},{\"@type\":\"BreadcrumbList\",\"@id\":\"https:\/\/www.public.sn\/index.php\/2022\/09\/29\/amnistie-de-karim-et-khalifa-un-piege-pour-lopposition\/#breadcrumb\",\"itemListElement\":[{\"@type\":\"ListItem\",\"position\":1,\"name\":\"Accueil\",\"item\":\"https:\/\/www.public.sn\/\"},{\"@type\":\"ListItem\",\"position\":2,\"name\":\"Amnistie de Karim et Khalifa : Un pi\u00e8ge pour l\u2019opposition.?\"}]},{\"@type\":\"WebSite\",\"@id\":\"https:\/\/www.public.sn\/#website\",\"url\":\"https:\/\/www.public.sn\/\",\"name\":\"LE PUBLIC\",\"description\":\"\",\"publisher\":{\"@id\":\"https:\/\/www.public.sn\/#organization\"},\"potentialAction\":[{\"@type\":\"SearchAction\",\"target\":{\"@type\":\"EntryPoint\",\"urlTemplate\":\"https:\/\/www.public.sn\/?s={search_term_string}\"},\"query-input\":{\"@type\":\"PropertyValueSpecification\",\"valueRequired\":true,\"valueName\":\"search_term_string\"}}],\"inLanguage\":\"fr-FR\"},{\"@type\":\"Organization\",\"@id\":\"https:\/\/www.public.sn\/#organization\",\"name\":\"LE PUBLIC\",\"url\":\"https:\/\/www.public.sn\/\",\"logo\":{\"@type\":\"ImageObject\",\"inLanguage\":\"fr-FR\",\"@id\":\"https:\/\/www.public.sn\/#\/schema\/logo\/image\/\",\"url\":\"https:\/\/www.public.sn\/wp-content\/uploads\/2024\/05\/cropped-LOGO-PUBLIC.SN_.png\",\"contentUrl\":\"https:\/\/www.public.sn\/wp-content\/uploads\/2024\/05\/cropped-LOGO-PUBLIC.SN_.png\",\"width\":682,\"height\":192,\"caption\":\"LE PUBLIC\"},\"image\":{\"@id\":\"https:\/\/www.public.sn\/#\/schema\/logo\/image\/\"}},{\"@type\":\"Person\",\"@id\":\"https:\/\/www.public.sn\/#\/schema\/person\/e3f4a11b037d4203902db148f9bc8d5a\",\"name\":\"LA REDACTION\",\"image\":{\"@type\":\"ImageObject\",\"inLanguage\":\"fr-FR\",\"@id\":\"https:\/\/www.public.sn\/#\/schema\/person\/image\/\",\"url\":\"https:\/\/secure.gravatar.com\/avatar\/d6c030db45db2883c075085c5d6c6258654a801a93766b49af0b82d4f454e2a5?s=96&d=mm&r=g\",\"contentUrl\":\"https:\/\/secure.gravatar.com\/avatar\/d6c030db45db2883c075085c5d6c6258654a801a93766b49af0b82d4f454e2a5?s=96&d=mm&r=g\",\"caption\":\"LA REDACTION\"},\"sameAs\":[\"http:\/\/www.public.sn\"],\"url\":\"https:\/\/www.public.sn\/index.php\/author\/admin7324\/\"}]}<\/script>\n<!-- \/ Yoast SEO plugin. -->","yoast_head_json":{"title":"Amnistie de Karim et Khalifa : Un pi\u00e8ge pour l\u2019opposition.? - LE PUBLIC","robots":{"index":"index","follow":"follow","max-snippet":"max-snippet:-1","max-image-preview":"max-image-preview:large","max-video-preview":"max-video-preview:-1"},"canonical":"https:\/\/www.public.sn\/index.php\/2022\/09\/29\/amnistie-de-karim-et-khalifa-un-piege-pour-lopposition\/","og_locale":"fr_FR","og_type":"article","og_title":"Amnistie de Karim et Khalifa : Un pi\u00e8ge pour l\u2019opposition.? - LE PUBLIC","og_description":"Amnistier Khalifa Sall et Karim Wade. Un coup de g\u00e9nie politique du pr\u00e9sident Macky Sall pour jouer la carte de la division politique de l\u2019opposition avant 2024. Un couteau \u00e0 double tranchant et bien aiguis\u00e9 pour \u00ab&nbsp;r\u00e9duire l\u2019opposition \u00e0 sa plus simple expression&nbsp;\u00bb. Le pr\u00e9sident et sa majorit\u00e9 font face \u00e0 l\u2019\u00e9quation Ousmane Sonko appel\u00e9 \u00ab&nbsp;le ph\u00e9nom\u00e9no&nbsp;\u00bb. Amnistier Karim et Khalifa est une mani\u00e8re sans nul doute pour le pr\u00e9sident de jouer la carte de la division dans une opposition o\u00f9 les \u00e9go sont surdimensionn\u00e9s. Ainsi \u00e0 seule issue pour l\u2019opposition est de s\u2019unir afin de ne pas dispara\u00eetre. Le pr\u00e9sident Macky Sall en fin politique tente de diviser l\u2019opposition d\u2019autant plus que l\u2019\u00e9miettement des voies discordantes de l\u2019opposition serait du pain b\u00e9ni pour Macky Sall et sa majorit\u00e9 . &nbsp;","og_url":"https:\/\/www.public.sn\/index.php\/2022\/09\/29\/amnistie-de-karim-et-khalifa-un-piege-pour-lopposition\/","og_site_name":"LE PUBLIC","article_published_time":"2022-09-29T15:06:52+00:00","article_modified_time":"2022-09-29T15:12:09+00:00","og_image":[{"width":1284,"height":1278,"url":"https:\/\/www.public.sn\/wp-content\/uploads\/2022\/09\/60972956-44540577.jpeg","type":"image\/jpeg"}],"author":"LA REDACTION","twitter_card":"summary_large_image","twitter_misc":{"\u00c9crit par":"LA REDACTION","Dur\u00e9e de lecture estim\u00e9e":"1 minute"},"schema":{"@context":"https:\/\/schema.org","@graph":[{"@type":"Article","@id":"https:\/\/www.public.sn\/index.php\/2022\/09\/29\/amnistie-de-karim-et-khalifa-un-piege-pour-lopposition\/#article","isPartOf":{"@id":"https:\/\/www.public.sn\/index.php\/2022\/09\/29\/amnistie-de-karim-et-khalifa-un-piege-pour-lopposition\/"},"author":{"name":"LA REDACTION","@id":"https:\/\/www.public.sn\/#\/schema\/person\/e3f4a11b037d4203902db148f9bc8d5a"},"headline":"Amnistie de Karim et Khalifa : Un pi\u00e8ge pour l\u2019opposition.?","datePublished":"2022-09-29T15:06:52+00:00","dateModified":"2022-09-29T15:12:09+00:00","mainEntityOfPage":{"@id":"https:\/\/www.public.sn\/index.php\/2022\/09\/29\/amnistie-de-karim-et-khalifa-un-piege-pour-lopposition\/"},"wordCount":161,"commentCount":0,"publisher":{"@id":"https:\/\/www.public.sn\/#organization"},"image":{"@id":"https:\/\/www.public.sn\/index.php\/2022\/09\/29\/amnistie-de-karim-et-khalifa-un-piege-pour-lopposition\/#primaryimage"},"thumbnailUrl":"https:\/\/www.public.sn\/wp-content\/uploads\/2022\/09\/60972956-44540577.jpeg","keywords":["Amnistie","Karim","Khalifa","sonko"],"articleSection":["ACTUALIT\u00c9S","POLITIQUE","S\u00c9N\u00c9GAL","VEDETTE"],"inLanguage":"fr-FR","potentialAction":[{"@type":"CommentAction","name":"Comment","target":["https:\/\/www.public.sn\/index.php\/2022\/09\/29\/amnistie-de-karim-et-khalifa-un-piege-pour-lopposition\/#respond"]}]},{"@type":"WebPage","@id":"https:\/\/www.public.sn\/index.php\/2022\/09\/29\/amnistie-de-karim-et-khalifa-un-piege-pour-lopposition\/","url":"https:\/\/www.public.sn\/index.php\/2022\/09\/29\/amnistie-de-karim-et-khalifa-un-piege-pour-lopposition\/","name":"Amnistie de Karim et Khalifa : Un pi\u00e8ge pour l\u2019opposition.? - LE PUBLIC","isPartOf":{"@id":"https:\/\/www.public.sn\/#website"},"primaryImageOfPage":{"@id":"https:\/\/www.public.sn\/index.php\/2022\/09\/29\/amnistie-de-karim-et-khalifa-un-piege-pour-lopposition\/#primaryimage"},"image":{"@id":"https:\/\/www.public.sn\/index.php\/2022\/09\/29\/amnistie-de-karim-et-khalifa-un-piege-pour-lopposition\/#primaryimage"},"thumbnailUrl":"https:\/\/www.public.sn\/wp-content\/uploads\/2022\/09\/60972956-44540577.jpeg","datePublished":"2022-09-29T15:06:52+00:00","dateModified":"2022-09-29T15:12:09+00:00","breadcrumb":{"@id":"https:\/\/www.public.sn\/index.php\/2022\/09\/29\/amnistie-de-karim-et-khalifa-un-piege-pour-lopposition\/#breadcrumb"},"inLanguage":"fr-FR","potentialAction":[{"@type":"ReadAction","target":["https:\/\/www.public.sn\/index.php\/2022\/09\/29\/amnistie-de-karim-et-khalifa-un-piege-pour-lopposition\/"]}]},{"@type":"ImageObject","inLanguage":"fr-FR","@id":"https:\/\/www.public.sn\/index.php\/2022\/09\/29\/amnistie-de-karim-et-khalifa-un-piege-pour-lopposition\/#primaryimage","url":"https:\/\/www.public.sn\/wp-content\/uploads\/2022\/09\/60972956-44540577.jpeg","contentUrl":"https:\/\/www.public.sn\/wp-content\/uploads\/2022\/09\/60972956-44540577.jpeg","width":1284,"height":1278},{"@type":"BreadcrumbList","@id":"https:\/\/www.public.sn\/index.php\/2022\/09\/29\/amnistie-de-karim-et-khalifa-un-piege-pour-lopposition\/#breadcrumb","itemListElement":[{"@type":"ListItem","position":1,"name":"Accueil","item":"https:\/\/www.public.sn\/"},{"@type":"ListItem","position":2,"name":"Amnistie de Karim et Khalifa : Un pi\u00e8ge pour l\u2019opposition.?"}]},{"@type":"WebSite","@id":"https:\/\/www.public.sn\/#website","url":"https:\/\/www.public.sn\/","name":"LE PUBLIC","description":"","publisher":{"@id":"https:\/\/www.public.sn\/#organization"},"potentialAction":[{"@type":"SearchAction","target":{"@type":"EntryPoint","urlTemplate":"https:\/\/www.public.sn\/?s={search_term_string}"},"query-input":{"@type":"PropertyValueSpecification","valueRequired":true,"valueName":"search_term_string"}}],"inLanguage":"fr-FR"},{"@type":"Organization","@id":"https:\/\/www.public.sn\/#organization","name":"LE PUBLIC","url":"https:\/\/www.public.sn\/","logo":{"@type":"ImageObject","inLanguage":"fr-FR","@id":"https:\/\/www.public.sn\/#\/schema\/logo\/image\/","url":"https:\/\/www.public.sn\/wp-content\/uploads\/2024\/05\/cropped-LOGO-PUBLIC.SN_.png","contentUrl":"https:\/\/www.public.sn\/wp-content\/uploads\/2024\/05\/cropped-LOGO-PUBLIC.SN_.png","width":682,"height":192,"caption":"LE PUBLIC"},"image":{"@id":"https:\/\/www.public.sn\/#\/schema\/logo\/image\/"}},{"@type":"Person","@id":"https:\/\/www.public.sn\/#\/schema\/person\/e3f4a11b037d4203902db148f9bc8d5a","name":"LA REDACTION","image":{"@type":"ImageObject","inLanguage":"fr-FR","@id":"https:\/\/www.public.sn\/#\/schema\/person\/image\/","url":"https:\/\/secure.gravatar.com\/avatar\/d6c030db45db2883c075085c5d6c6258654a801a93766b49af0b82d4f454e2a5?s=96&d=mm&r=g","contentUrl":"https:\/\/secure.gravatar.com\/avatar\/d6c030db45db2883c075085c5d6c6258654a801a93766b49af0b82d4f454e2a5?s=96&d=mm&r=g","caption":"LA REDACTION"},"sameAs":["http:\/\/www.public.sn"],"url":"https:\/\/www.public.sn\/index.php\/author\/admin7324\/"}]}},"jetpack_featured_media_url":"https:\/\/www.public.sn\/wp-content\/uploads\/2022\/09\/60972956-44540577.jpeg","jetpack_sharing_enabled":true,"_links":{"self":[{"href":"https:\/\/www.public.sn\/index.php\/wp-json\/wp\/v2\/posts\/3165","targetHints":{"allow":["GET"]}}],"collection":[{"href":"https:\/\/www.public.sn\/index.php\/wp-json\/wp\/v2\/posts"}],"about":[{"href":"https:\/\/www.public.sn\/index.php\/wp-json\/wp\/v2\/types\/post"}],"author":[{"embeddable":true,"href":"https:\/\/www.public.sn\/index.php\/wp-json\/wp\/v2\/users\/1"}],"replies":[{"embeddable":true,"href":"https:\/\/www.public.sn\/index.php\/wp-json\/wp\/v2\/comments?post=3165"}],"version-history":[{"count":2,"href":"https:\/\/www.public.sn\/index.php\/wp-json\/wp\/v2\/posts\/3165\/revisions"}],"predecessor-version":[{"id":3177,"href":"https:\/\/www.public.sn\/index.php\/wp-json\/wp\/v2\/posts\/3165\/revisions\/3177"}],"wp:featuredmedia":[{"embeddable":true,"href":"https:\/\/www.public.sn\/index.php\/wp-json\/wp\/v2\/media\/3166"}],"wp:attachment":[{"href":"https:\/\/www.public.sn\/index.php\/wp-json\/wp\/v2\/media?parent=3165"}],"wp:term":[{"taxonomy":"category","embeddable":true,"href":"https:\/\/www.public.sn\/index.php\/wp-json\/wp\/v2\/categories?post=3165"},{"taxonomy":"post_tag","embeddable":true,"href":"https:\/\/www.public.sn\/index.php\/wp-json\/wp\/v2\/tags?post=3165"}],"curies":[{"name":"wp","href":"https:\/\/api.w.org\/{rel}","templated":true}]}}