{"id":31676,"date":"2024-03-27T18:30:38","date_gmt":"2024-03-27T18:30:38","guid":{"rendered":"https:\/\/www.public.sn\/?p=31676"},"modified":"2024-03-27T18:30:38","modified_gmt":"2024-03-27T18:30:38","slug":"cite-impots-et-domaines-transformation-majeure-dans-le-quartier-de-diomaye-faye","status":"publish","type":"post","link":"https:\/\/www.public.sn\/index.php\/2024\/03\/27\/cite-impots-et-domaines-transformation-majeure-dans-le-quartier-de-diomaye-faye\/","title":{"rendered":"Cit\u00e9 Imp\u00f4ts et Domaines : Transformation Majeure dans le Quartier de Diomaye Faye"},"content":{"rendered":"<p>La Cit\u00e9 Imp\u00f4ts et Domaines est actuellement fortifi\u00e9e, et pour cause : selon L\u2019Observateur, ce quartier prestigieux abrite d\u00e9sormais la r\u00e9sidence du nouveau pr\u00e9sident \u00e9lu, Bassirou Diomaye Faye.<\/p><div class=\"publi-paragraphe1\" style=\"margin-top: 10px;margin-bottom: 10px;margin-left: auto;margin-right: auto;text-align: center;\" id=\"publi-3915718166\"><div class=\"publi-adlabel\">Publicit\u00e9<\/div><script async src=\"\/\/pagead2.googlesyndication.com\/pagead\/js\/adsbygoogle.js?client=ca-pub-4089586018074219\" crossorigin=\"anonymous\"><\/script><ins class=\"adsbygoogle\" style=\"display:block;\" data-ad-client=\"ca-pub-4089586018074219\" \ndata-ad-slot=\"2087940154\" \ndata-ad-format=\"auto\"><\/ins>\n<script> \n(adsbygoogle = window.adsbygoogle || []).push({}); \n<\/script>\n<\/div>\n<p>Selon les informations du journal du Groupe Futurs M\u00e9dias (GFM), les habitants de la r\u00e9gion vivent d\u00e9sormais aux c\u00f4t\u00e9s des forces de d\u00e9fense et de s\u00e9curit\u00e9. \u00ab\u00a0Trois v\u00e9hicules de la gendarmerie sont stationn\u00e9s \u00e0 l&rsquo;angle, tandis qu&rsquo;une vingtaine de gendarmes arm\u00e9s jusqu&rsquo;aux dents restent debout en faction, la plupart \u00e9quip\u00e9s de boucliers de protection et de matraques\u00a0\u00bb, rapporte-t-il.<\/p>\n<p>En outre, un autre dispositif de s\u00e9curit\u00e9 est mis en place devant une r\u00e9sidence de deux \u00e9tages, dont les murs sont recouverts de carrelage noir. Cette maison est identifi\u00e9e comme \u00e9tant la demeure o\u00f9 le successeur du pr\u00e9sident Macky Sall r\u00e9side avec sa famille. \u00ab\u00a0Trois voitures noires sont gar\u00e9es devant la porte d&rsquo;entr\u00e9e, tandis que deux gendarmes, arm\u00e9s de fusils noirs, sont post\u00e9s de part et d&rsquo;autre de la porte en fer. \u00c0 proximit\u00e9, une dizaine de forces de l&rsquo;ordre se pressent, patrouillant le long de la rue\u00a0\u00bb, d\u00e9taille la source.<\/p>\n<p>L&rsquo;acc\u00e8s \u00e0 la zone est strictement contr\u00f4l\u00e9.<\/p>\n<div class=\"publi-apres-le-contenu\" style=\"margin-top: 10px;margin-bottom: 10px;margin-left: auto;margin-right: auto;text-align: center;\" id=\"publi-1895614636\"><div class=\"publi-adlabel\">Publicit\u00e9<\/div><script async src=\"\/\/pagead2.googlesyndication.com\/pagead\/js\/adsbygoogle.js?client=ca-pub-4089586018074219\" crossorigin=\"anonymous\"><\/script><ins class=\"adsbygoogle\" style=\"display:block;\" data-ad-client=\"ca-pub-4089586018074219\" \ndata-ad-slot=\"2087940154\" \ndata-ad-format=\"auto\"><\/ins>\n<script> \n(adsbygoogle = window.adsbygoogle || []).push({}); \n<\/script>\n<\/div>","protected":false},"excerpt":{"rendered":"<p>La Cit\u00e9 Imp\u00f4ts et Domaines est actuellement fortifi\u00e9e, et pour cause : selon L\u2019Observateur, ce quartier prestigieux abrite d\u00e9sormais la r\u00e9sidence du nouveau pr\u00e9sident \u00e9lu, Bassirou Diomaye Faye. Selon les informations du journal du Groupe Futurs M\u00e9dias (GFM), les habitants de la r\u00e9gion vivent d\u00e9sormais aux c\u00f4t\u00e9s des forces de d\u00e9fense et de s\u00e9curit\u00e9. \u00ab\u00a0Trois v\u00e9hicules de la gendarmerie sont stationn\u00e9s \u00e0 l&rsquo;angle, tandis qu&rsquo;une vingtaine de gendarmes arm\u00e9s jusqu&rsquo;aux dents restent debout en faction, la plupart \u00e9quip\u00e9s de boucliers de protection et de matraques\u00a0\u00bb, rapporte-t-il. En outre, un autre dispositif de s\u00e9curit\u00e9 est mis en place devant une r\u00e9sidence de deux \u00e9tages, dont les murs sont recouverts de carrelage noir. Cette maison est identifi\u00e9e comme \u00e9tant la demeure o\u00f9 le successeur du pr\u00e9sident Macky Sall r\u00e9side avec sa famille. \u00ab\u00a0Trois voitures noires sont gar\u00e9es devant la porte d&rsquo;entr\u00e9e, tandis que deux gendarmes, arm\u00e9s de fusils noirs, sont post\u00e9s de part et d&rsquo;autre de la porte en fer. \u00c0 proximit\u00e9, une dizaine de forces de l&rsquo;ordre se pressent, patrouillant le long de la rue\u00a0\u00bb, d\u00e9taille la source. L&rsquo;acc\u00e8s \u00e0 la zone est strictement contr\u00f4l\u00e9.<\/p>\n","protected":false},"author":12,"featured_media":31677,"comment_status":"open","ping_status":"open","sticky":false,"template":"","format":"standard","meta":{"_jetpack_memberships_contains_paid_content":false,"footnotes":""},"categories":[375,3],"tags":[3678,4118],"class_list":["post-31676","post","type-post","status-publish","format-standard","has-post-thumbnail","hentry","category-actualites","category-politique","tag-bassirou-diomaye-faye","tag-impots-et-domaines","entry","has-media","owp-thumbs-layout-horizontal","owp-btn-normal","owp-tabs-layout-horizontal","has-no-thumbnails","has-product-nav"],"yoast_head":"<!-- This site is optimized with the Yoast SEO plugin v25.5 - https:\/\/yoast.com\/wordpress\/plugins\/seo\/ -->\n<title>Cit\u00e9 Imp\u00f4ts et Domaines : Transformation Majeure dans le Quartier de Diomaye Faye - LE PUBLIC<\/title>\n<meta name=\"robots\" content=\"index, follow, max-snippet:-1, max-image-preview:large, max-video-preview:-1\" \/>\n<link rel=\"canonical\" href=\"https:\/\/www.public.sn\/index.php\/2024\/03\/27\/cite-impots-et-domaines-transformation-majeure-dans-le-quartier-de-diomaye-faye\/\" \/>\n<meta property=\"og:locale\" content=\"fr_FR\" \/>\n<meta property=\"og:type\" content=\"article\" \/>\n<meta property=\"og:title\" content=\"Cit\u00e9 Imp\u00f4ts et Domaines : Transformation Majeure dans le Quartier de Diomaye Faye - LE PUBLIC\" \/>\n<meta property=\"og:description\" content=\"La Cit\u00e9 Imp\u00f4ts et Domaines est actuellement fortifi\u00e9e, et pour cause : selon L\u2019Observateur, ce quartier prestigieux abrite d\u00e9sormais la r\u00e9sidence du nouveau pr\u00e9sident \u00e9lu, Bassirou Diomaye Faye. Selon les informations du journal du Groupe Futurs M\u00e9dias (GFM), les habitants de la r\u00e9gion vivent d\u00e9sormais aux c\u00f4t\u00e9s des forces de d\u00e9fense et de s\u00e9curit\u00e9. \u00ab\u00a0Trois v\u00e9hicules de la gendarmerie sont stationn\u00e9s \u00e0 l&rsquo;angle, tandis qu&rsquo;une vingtaine de gendarmes arm\u00e9s jusqu&rsquo;aux dents restent debout en faction, la plupart \u00e9quip\u00e9s de boucliers de protection et de matraques\u00a0\u00bb, rapporte-t-il. En outre, un autre dispositif de s\u00e9curit\u00e9 est mis en place devant une r\u00e9sidence de deux \u00e9tages, dont les murs sont recouverts de carrelage noir. Cette maison est identifi\u00e9e comme \u00e9tant la demeure o\u00f9 le successeur du pr\u00e9sident Macky Sall r\u00e9side avec sa famille. \u00ab\u00a0Trois voitures noires sont gar\u00e9es devant la porte d&rsquo;entr\u00e9e, tandis que deux gendarmes, arm\u00e9s de fusils noirs, sont post\u00e9s de part et d&rsquo;autre de la porte en fer. \u00c0 proximit\u00e9, une dizaine de forces de l&rsquo;ordre se pressent, patrouillant le long de la rue\u00a0\u00bb, d\u00e9taille la source. L&rsquo;acc\u00e8s \u00e0 la zone est strictement contr\u00f4l\u00e9.\" \/>\n<meta property=\"og:url\" content=\"https:\/\/www.public.sn\/index.php\/2024\/03\/27\/cite-impots-et-domaines-transformation-majeure-dans-le-quartier-de-diomaye-faye\/\" \/>\n<meta property=\"og:site_name\" content=\"LE PUBLIC\" \/>\n<meta property=\"article:published_time\" content=\"2024-03-27T18:30:38+00:00\" \/>\n<meta property=\"og:image\" content=\"https:\/\/www.public.sn\/wp-content\/uploads\/2024\/03\/gign-696x368-1.webp\" \/>\n\t<meta property=\"og:image:width\" content=\"696\" \/>\n\t<meta property=\"og:image:height\" content=\"368\" \/>\n\t<meta property=\"og:image:type\" content=\"image\/webp\" \/>\n<meta name=\"author\" content=\"Man\u00e9 Ba\" \/>\n<meta name=\"twitter:card\" content=\"summary_large_image\" \/>\n<meta name=\"twitter:label1\" content=\"\u00c9crit par\" \/>\n\t<meta name=\"twitter:data1\" content=\"Man\u00e9 Ba\" \/>\n\t<meta name=\"twitter:label2\" content=\"Dur\u00e9e de lecture estim\u00e9e\" \/>\n\t<meta name=\"twitter:data2\" content=\"2 minutes\" \/>\n<script type=\"application\/ld+json\" class=\"yoast-schema-graph\">{\"@context\":\"https:\/\/schema.org\",\"@graph\":[{\"@type\":\"Article\",\"@id\":\"https:\/\/www.public.sn\/index.php\/2024\/03\/27\/cite-impots-et-domaines-transformation-majeure-dans-le-quartier-de-diomaye-faye\/#article\",\"isPartOf\":{\"@id\":\"https:\/\/www.public.sn\/index.php\/2024\/03\/27\/cite-impots-et-domaines-transformation-majeure-dans-le-quartier-de-diomaye-faye\/\"},\"author\":{\"name\":\"Man\u00e9 Ba\",\"@id\":\"https:\/\/www.public.sn\/#\/schema\/person\/0cb769602dc17ecb89fd54a2197a221a\"},\"headline\":\"Cit\u00e9 Imp\u00f4ts et Domaines : Transformation Majeure dans le Quartier de Diomaye Faye\",\"datePublished\":\"2024-03-27T18:30:38+00:00\",\"mainEntityOfPage\":{\"@id\":\"https:\/\/www.public.sn\/index.php\/2024\/03\/27\/cite-impots-et-domaines-transformation-majeure-dans-le-quartier-de-diomaye-faye\/\"},\"wordCount\":222,\"commentCount\":0,\"publisher\":{\"@id\":\"https:\/\/www.public.sn\/#organization\"},\"image\":{\"@id\":\"https:\/\/www.public.sn\/index.php\/2024\/03\/27\/cite-impots-et-domaines-transformation-majeure-dans-le-quartier-de-diomaye-faye\/#primaryimage\"},\"thumbnailUrl\":\"https:\/\/www.public.sn\/wp-content\/uploads\/2024\/03\/gign-696x368-1.webp\",\"keywords\":[\"bassirou diomaye faye\",\"imp\u00f4ts et domaines\"],\"articleSection\":[\"ACTUALIT\u00c9S\",\"POLITIQUE\"],\"inLanguage\":\"fr-FR\",\"potentialAction\":[{\"@type\":\"CommentAction\",\"name\":\"Comment\",\"target\":[\"https:\/\/www.public.sn\/index.php\/2024\/03\/27\/cite-impots-et-domaines-transformation-majeure-dans-le-quartier-de-diomaye-faye\/#respond\"]}]},{\"@type\":\"WebPage\",\"@id\":\"https:\/\/www.public.sn\/index.php\/2024\/03\/27\/cite-impots-et-domaines-transformation-majeure-dans-le-quartier-de-diomaye-faye\/\",\"url\":\"https:\/\/www.public.sn\/index.php\/2024\/03\/27\/cite-impots-et-domaines-transformation-majeure-dans-le-quartier-de-diomaye-faye\/\",\"name\":\"Cit\u00e9 Imp\u00f4ts et Domaines : Transformation Majeure dans le Quartier de Diomaye Faye - LE PUBLIC\",\"isPartOf\":{\"@id\":\"https:\/\/www.public.sn\/#website\"},\"primaryImageOfPage\":{\"@id\":\"https:\/\/www.public.sn\/index.php\/2024\/03\/27\/cite-impots-et-domaines-transformation-majeure-dans-le-quartier-de-diomaye-faye\/#primaryimage\"},\"image\":{\"@id\":\"https:\/\/www.public.sn\/index.php\/2024\/03\/27\/cite-impots-et-domaines-transformation-majeure-dans-le-quartier-de-diomaye-faye\/#primaryimage\"},\"thumbnailUrl\":\"https:\/\/www.public.sn\/wp-content\/uploads\/2024\/03\/gign-696x368-1.webp\",\"datePublished\":\"2024-03-27T18:30:38+00:00\",\"breadcrumb\":{\"@id\":\"https:\/\/www.public.sn\/index.php\/2024\/03\/27\/cite-impots-et-domaines-transformation-majeure-dans-le-quartier-de-diomaye-faye\/#breadcrumb\"},\"inLanguage\":\"fr-FR\",\"potentialAction\":[{\"@type\":\"ReadAction\",\"target\":[\"https:\/\/www.public.sn\/index.php\/2024\/03\/27\/cite-impots-et-domaines-transformation-majeure-dans-le-quartier-de-diomaye-faye\/\"]}]},{\"@type\":\"ImageObject\",\"inLanguage\":\"fr-FR\",\"@id\":\"https:\/\/www.public.sn\/index.php\/2024\/03\/27\/cite-impots-et-domaines-transformation-majeure-dans-le-quartier-de-diomaye-faye\/#primaryimage\",\"url\":\"https:\/\/www.public.sn\/wp-content\/uploads\/2024\/03\/gign-696x368-1.webp\",\"contentUrl\":\"https:\/\/www.public.sn\/wp-content\/uploads\/2024\/03\/gign-696x368-1.webp\",\"width\":696,\"height\":368},{\"@type\":\"BreadcrumbList\",\"@id\":\"https:\/\/www.public.sn\/index.php\/2024\/03\/27\/cite-impots-et-domaines-transformation-majeure-dans-le-quartier-de-diomaye-faye\/#breadcrumb\",\"itemListElement\":[{\"@type\":\"ListItem\",\"position\":1,\"name\":\"Accueil\",\"item\":\"https:\/\/www.public.sn\/\"},{\"@type\":\"ListItem\",\"position\":2,\"name\":\"Cit\u00e9 Imp\u00f4ts et Domaines : Transformation Majeure dans le Quartier de Diomaye Faye\"}]},{\"@type\":\"WebSite\",\"@id\":\"https:\/\/www.public.sn\/#website\",\"url\":\"https:\/\/www.public.sn\/\",\"name\":\"LE PUBLIC\",\"description\":\"\",\"publisher\":{\"@id\":\"https:\/\/www.public.sn\/#organization\"},\"potentialAction\":[{\"@type\":\"SearchAction\",\"target\":{\"@type\":\"EntryPoint\",\"urlTemplate\":\"https:\/\/www.public.sn\/?s={search_term_string}\"},\"query-input\":{\"@type\":\"PropertyValueSpecification\",\"valueRequired\":true,\"valueName\":\"search_term_string\"}}],\"inLanguage\":\"fr-FR\"},{\"@type\":\"Organization\",\"@id\":\"https:\/\/www.public.sn\/#organization\",\"name\":\"LE PUBLIC\",\"url\":\"https:\/\/www.public.sn\/\",\"logo\":{\"@type\":\"ImageObject\",\"inLanguage\":\"fr-FR\",\"@id\":\"https:\/\/www.public.sn\/#\/schema\/logo\/image\/\",\"url\":\"https:\/\/www.public.sn\/wp-content\/uploads\/2024\/05\/cropped-LOGO-PUBLIC.SN_.png\",\"contentUrl\":\"https:\/\/www.public.sn\/wp-content\/uploads\/2024\/05\/cropped-LOGO-PUBLIC.SN_.png\",\"width\":682,\"height\":192,\"caption\":\"LE PUBLIC\"},\"image\":{\"@id\":\"https:\/\/www.public.sn\/#\/schema\/logo\/image\/\"}},{\"@type\":\"Person\",\"@id\":\"https:\/\/www.public.sn\/#\/schema\/person\/0cb769602dc17ecb89fd54a2197a221a\",\"name\":\"Man\u00e9 Ba\",\"image\":{\"@type\":\"ImageObject\",\"inLanguage\":\"fr-FR\",\"@id\":\"https:\/\/www.public.sn\/#\/schema\/person\/image\/\",\"url\":\"https:\/\/secure.gravatar.com\/avatar\/b31a37f6b2529b7e9303b5aacf26777a86815e524f04961246da8183f5e2535a?s=96&d=mm&r=g\",\"contentUrl\":\"https:\/\/secure.gravatar.com\/avatar\/b31a37f6b2529b7e9303b5aacf26777a86815e524f04961246da8183f5e2535a?s=96&d=mm&r=g\",\"caption\":\"Man\u00e9 Ba\"},\"url\":\"https:\/\/www.public.sn\/index.php\/author\/bamanesen\/\"}]}<\/script>\n<!-- \/ Yoast SEO plugin. -->","yoast_head_json":{"title":"Cit\u00e9 Imp\u00f4ts et Domaines : Transformation Majeure dans le Quartier de Diomaye Faye - LE PUBLIC","robots":{"index":"index","follow":"follow","max-snippet":"max-snippet:-1","max-image-preview":"max-image-preview:large","max-video-preview":"max-video-preview:-1"},"canonical":"https:\/\/www.public.sn\/index.php\/2024\/03\/27\/cite-impots-et-domaines-transformation-majeure-dans-le-quartier-de-diomaye-faye\/","og_locale":"fr_FR","og_type":"article","og_title":"Cit\u00e9 Imp\u00f4ts et Domaines : Transformation Majeure dans le Quartier de Diomaye Faye - LE PUBLIC","og_description":"La Cit\u00e9 Imp\u00f4ts et Domaines est actuellement fortifi\u00e9e, et pour cause : selon L\u2019Observateur, ce quartier prestigieux abrite d\u00e9sormais la r\u00e9sidence du nouveau pr\u00e9sident \u00e9lu, Bassirou Diomaye Faye. Selon les informations du journal du Groupe Futurs M\u00e9dias (GFM), les habitants de la r\u00e9gion vivent d\u00e9sormais aux c\u00f4t\u00e9s des forces de d\u00e9fense et de s\u00e9curit\u00e9. \u00ab\u00a0Trois v\u00e9hicules de la gendarmerie sont stationn\u00e9s \u00e0 l&rsquo;angle, tandis qu&rsquo;une vingtaine de gendarmes arm\u00e9s jusqu&rsquo;aux dents restent debout en faction, la plupart \u00e9quip\u00e9s de boucliers de protection et de matraques\u00a0\u00bb, rapporte-t-il. En outre, un autre dispositif de s\u00e9curit\u00e9 est mis en place devant une r\u00e9sidence de deux \u00e9tages, dont les murs sont recouverts de carrelage noir. Cette maison est identifi\u00e9e comme \u00e9tant la demeure o\u00f9 le successeur du pr\u00e9sident Macky Sall r\u00e9side avec sa famille. \u00ab\u00a0Trois voitures noires sont gar\u00e9es devant la porte d&rsquo;entr\u00e9e, tandis que deux gendarmes, arm\u00e9s de fusils noirs, sont post\u00e9s de part et d&rsquo;autre de la porte en fer. \u00c0 proximit\u00e9, une dizaine de forces de l&rsquo;ordre se pressent, patrouillant le long de la rue\u00a0\u00bb, d\u00e9taille la source. L&rsquo;acc\u00e8s \u00e0 la zone est strictement contr\u00f4l\u00e9.","og_url":"https:\/\/www.public.sn\/index.php\/2024\/03\/27\/cite-impots-et-domaines-transformation-majeure-dans-le-quartier-de-diomaye-faye\/","og_site_name":"LE PUBLIC","article_published_time":"2024-03-27T18:30:38+00:00","og_image":[{"width":696,"height":368,"url":"https:\/\/www.public.sn\/wp-content\/uploads\/2024\/03\/gign-696x368-1.webp","type":"image\/webp"}],"author":"Man\u00e9 Ba","twitter_card":"summary_large_image","twitter_misc":{"\u00c9crit par":"Man\u00e9 Ba","Dur\u00e9e de lecture estim\u00e9e":"2 minutes"},"schema":{"@context":"https:\/\/schema.org","@graph":[{"@type":"Article","@id":"https:\/\/www.public.sn\/index.php\/2024\/03\/27\/cite-impots-et-domaines-transformation-majeure-dans-le-quartier-de-diomaye-faye\/#article","isPartOf":{"@id":"https:\/\/www.public.sn\/index.php\/2024\/03\/27\/cite-impots-et-domaines-transformation-majeure-dans-le-quartier-de-diomaye-faye\/"},"author":{"name":"Man\u00e9 Ba","@id":"https:\/\/www.public.sn\/#\/schema\/person\/0cb769602dc17ecb89fd54a2197a221a"},"headline":"Cit\u00e9 Imp\u00f4ts et Domaines : Transformation Majeure dans le Quartier de Diomaye Faye","datePublished":"2024-03-27T18:30:38+00:00","mainEntityOfPage":{"@id":"https:\/\/www.public.sn\/index.php\/2024\/03\/27\/cite-impots-et-domaines-transformation-majeure-dans-le-quartier-de-diomaye-faye\/"},"wordCount":222,"commentCount":0,"publisher":{"@id":"https:\/\/www.public.sn\/#organization"},"image":{"@id":"https:\/\/www.public.sn\/index.php\/2024\/03\/27\/cite-impots-et-domaines-transformation-majeure-dans-le-quartier-de-diomaye-faye\/#primaryimage"},"thumbnailUrl":"https:\/\/www.public.sn\/wp-content\/uploads\/2024\/03\/gign-696x368-1.webp","keywords":["bassirou diomaye faye","imp\u00f4ts et domaines"],"articleSection":["ACTUALIT\u00c9S","POLITIQUE"],"inLanguage":"fr-FR","potentialAction":[{"@type":"CommentAction","name":"Comment","target":["https:\/\/www.public.sn\/index.php\/2024\/03\/27\/cite-impots-et-domaines-transformation-majeure-dans-le-quartier-de-diomaye-faye\/#respond"]}]},{"@type":"WebPage","@id":"https:\/\/www.public.sn\/index.php\/2024\/03\/27\/cite-impots-et-domaines-transformation-majeure-dans-le-quartier-de-diomaye-faye\/","url":"https:\/\/www.public.sn\/index.php\/2024\/03\/27\/cite-impots-et-domaines-transformation-majeure-dans-le-quartier-de-diomaye-faye\/","name":"Cit\u00e9 Imp\u00f4ts et Domaines : Transformation Majeure dans le Quartier de Diomaye Faye - LE PUBLIC","isPartOf":{"@id":"https:\/\/www.public.sn\/#website"},"primaryImageOfPage":{"@id":"https:\/\/www.public.sn\/index.php\/2024\/03\/27\/cite-impots-et-domaines-transformation-majeure-dans-le-quartier-de-diomaye-faye\/#primaryimage"},"image":{"@id":"https:\/\/www.public.sn\/index.php\/2024\/03\/27\/cite-impots-et-domaines-transformation-majeure-dans-le-quartier-de-diomaye-faye\/#primaryimage"},"thumbnailUrl":"https:\/\/www.public.sn\/wp-content\/uploads\/2024\/03\/gign-696x368-1.webp","datePublished":"2024-03-27T18:30:38+00:00","breadcrumb":{"@id":"https:\/\/www.public.sn\/index.php\/2024\/03\/27\/cite-impots-et-domaines-transformation-majeure-dans-le-quartier-de-diomaye-faye\/#breadcrumb"},"inLanguage":"fr-FR","potentialAction":[{"@type":"ReadAction","target":["https:\/\/www.public.sn\/index.php\/2024\/03\/27\/cite-impots-et-domaines-transformation-majeure-dans-le-quartier-de-diomaye-faye\/"]}]},{"@type":"ImageObject","inLanguage":"fr-FR","@id":"https:\/\/www.public.sn\/index.php\/2024\/03\/27\/cite-impots-et-domaines-transformation-majeure-dans-le-quartier-de-diomaye-faye\/#primaryimage","url":"https:\/\/www.public.sn\/wp-content\/uploads\/2024\/03\/gign-696x368-1.webp","contentUrl":"https:\/\/www.public.sn\/wp-content\/uploads\/2024\/03\/gign-696x368-1.webp","width":696,"height":368},{"@type":"BreadcrumbList","@id":"https:\/\/www.public.sn\/index.php\/2024\/03\/27\/cite-impots-et-domaines-transformation-majeure-dans-le-quartier-de-diomaye-faye\/#breadcrumb","itemListElement":[{"@type":"ListItem","position":1,"name":"Accueil","item":"https:\/\/www.public.sn\/"},{"@type":"ListItem","position":2,"name":"Cit\u00e9 Imp\u00f4ts et Domaines : Transformation Majeure dans le Quartier de Diomaye Faye"}]},{"@type":"WebSite","@id":"https:\/\/www.public.sn\/#website","url":"https:\/\/www.public.sn\/","name":"LE PUBLIC","description":"","publisher":{"@id":"https:\/\/www.public.sn\/#organization"},"potentialAction":[{"@type":"SearchAction","target":{"@type":"EntryPoint","urlTemplate":"https:\/\/www.public.sn\/?s={search_term_string}"},"query-input":{"@type":"PropertyValueSpecification","valueRequired":true,"valueName":"search_term_string"}}],"inLanguage":"fr-FR"},{"@type":"Organization","@id":"https:\/\/www.public.sn\/#organization","name":"LE PUBLIC","url":"https:\/\/www.public.sn\/","logo":{"@type":"ImageObject","inLanguage":"fr-FR","@id":"https:\/\/www.public.sn\/#\/schema\/logo\/image\/","url":"https:\/\/www.public.sn\/wp-content\/uploads\/2024\/05\/cropped-LOGO-PUBLIC.SN_.png","contentUrl":"https:\/\/www.public.sn\/wp-content\/uploads\/2024\/05\/cropped-LOGO-PUBLIC.SN_.png","width":682,"height":192,"caption":"LE PUBLIC"},"image":{"@id":"https:\/\/www.public.sn\/#\/schema\/logo\/image\/"}},{"@type":"Person","@id":"https:\/\/www.public.sn\/#\/schema\/person\/0cb769602dc17ecb89fd54a2197a221a","name":"Man\u00e9 Ba","image":{"@type":"ImageObject","inLanguage":"fr-FR","@id":"https:\/\/www.public.sn\/#\/schema\/person\/image\/","url":"https:\/\/secure.gravatar.com\/avatar\/b31a37f6b2529b7e9303b5aacf26777a86815e524f04961246da8183f5e2535a?s=96&d=mm&r=g","contentUrl":"https:\/\/secure.gravatar.com\/avatar\/b31a37f6b2529b7e9303b5aacf26777a86815e524f04961246da8183f5e2535a?s=96&d=mm&r=g","caption":"Man\u00e9 Ba"},"url":"https:\/\/www.public.sn\/index.php\/author\/bamanesen\/"}]}},"jetpack_featured_media_url":"https:\/\/www.public.sn\/wp-content\/uploads\/2024\/03\/gign-696x368-1.webp","jetpack_sharing_enabled":true,"_links":{"self":[{"href":"https:\/\/www.public.sn\/index.php\/wp-json\/wp\/v2\/posts\/31676","targetHints":{"allow":["GET"]}}],"collection":[{"href":"https:\/\/www.public.sn\/index.php\/wp-json\/wp\/v2\/posts"}],"about":[{"href":"https:\/\/www.public.sn\/index.php\/wp-json\/wp\/v2\/types\/post"}],"author":[{"embeddable":true,"href":"https:\/\/www.public.sn\/index.php\/wp-json\/wp\/v2\/users\/12"}],"replies":[{"embeddable":true,"href":"https:\/\/www.public.sn\/index.php\/wp-json\/wp\/v2\/comments?post=31676"}],"version-history":[{"count":1,"href":"https:\/\/www.public.sn\/index.php\/wp-json\/wp\/v2\/posts\/31676\/revisions"}],"predecessor-version":[{"id":31678,"href":"https:\/\/www.public.sn\/index.php\/wp-json\/wp\/v2\/posts\/31676\/revisions\/31678"}],"wp:featuredmedia":[{"embeddable":true,"href":"https:\/\/www.public.sn\/index.php\/wp-json\/wp\/v2\/media\/31677"}],"wp:attachment":[{"href":"https:\/\/www.public.sn\/index.php\/wp-json\/wp\/v2\/media?parent=31676"}],"wp:term":[{"taxonomy":"category","embeddable":true,"href":"https:\/\/www.public.sn\/index.php\/wp-json\/wp\/v2\/categories?post=31676"},{"taxonomy":"post_tag","embeddable":true,"href":"https:\/\/www.public.sn\/index.php\/wp-json\/wp\/v2\/tags?post=31676"}],"curies":[{"name":"wp","href":"https:\/\/api.w.org\/{rel}","templated":true}]}}