{"id":31679,"date":"2024-03-27T23:25:40","date_gmt":"2024-03-27T23:25:40","guid":{"rendered":"https:\/\/www.public.sn\/?p=31679"},"modified":"2024-03-27T23:34:09","modified_gmt":"2024-03-27T23:34:09","slug":"communique-du-conseil-des-ministres-en-date-du-27-mars-2024","status":"publish","type":"post","link":"https:\/\/www.public.sn\/index.php\/2024\/03\/27\/communique-du-conseil-des-ministres-en-date-du-27-mars-2024\/","title":{"rendered":"Adieux \u00c9mouvants lors du Dernier Communiqu\u00e9 du Conseil des Ministres avec Macky Sall"},"content":{"rendered":"<p>COMMUNIQUE DU CONSEIL DES MINISTRES DU MERCREDI 27 MARS 2024<\/p><div class=\"publi-paragraphe1\" style=\"margin-top: 10px;margin-bottom: 10px;margin-left: auto;margin-right: auto;text-align: center;\" id=\"publi-3171577149\"><div class=\"publi-adlabel\">Publicit\u00e9<\/div><script async src=\"\/\/pagead2.googlesyndication.com\/pagead\/js\/adsbygoogle.js?client=ca-pub-4089586018074219\" crossorigin=\"anonymous\"><\/script><ins class=\"adsbygoogle\" style=\"display:block;\" data-ad-client=\"ca-pub-4089586018074219\" \ndata-ad-slot=\"2087940154\" \ndata-ad-format=\"auto\"><\/ins>\n<script> \n(adsbygoogle = window.adsbygoogle || []).push({}); \n<\/script>\n<\/div>\n<p>Le mercredi 27 mars 2024, le Conseil des ministres s&rsquo;est r\u00e9uni au Palais de la R\u00e9publique, sous la pr\u00e9sidence du Chef de l\u2019Etat, Son Excellence Monsieur Macky SALL.<\/p>\n<p>Dans son allocution liminaire, le Pr\u00e9sident de la R\u00e9publique a salu\u00e9 le bon d\u00e9roulement de l&rsquo;\u00e9lection pr\u00e9sidentielle du 24 mars 2024. Il a exprim\u00e9 ses f\u00e9licitations au Ministre de l\u2019Int\u00e9rieur, \u00e0 l\u2019administration territoriale, \u00e0 l\u2019administration \u00e9lectorale, \u00e0 la Commission \u00c9lectorale Nationale Autonome (CENA) ainsi qu&rsquo;aux forces de d\u00e9fense et de s\u00e9curit\u00e9 pour leur engagement et leur travail remarquable ayant permis la tenue du scrutin dans la tranquillit\u00e9 et la s\u00e9r\u00e9nit\u00e9.<\/p>\n<p>Le Chef de l\u2019\u00c9tat s&rsquo;est \u00e9galement r\u00e9joui de la forte mobilisation des \u00e9lecteurs sur l&rsquo;ensemble du territoire national et \u00e0 l&rsquo;\u00e9tranger, ainsi que de la transparence du processus \u00e9lectoral, t\u00e9moignant du caract\u00e8re d\u00e9mocratique et respectueux de l&rsquo;\u00c9tat de droit du S\u00e9n\u00e9gal.<\/p>\n<p>Il a \u00e9galement \u00e9voqu\u00e9 la r\u00e9cente audience accord\u00e9e aux missions d&rsquo;observation, qui ont salu\u00e9 positivement l&rsquo;organisation du scrutin, soulignant ainsi la maturit\u00e9 et la stabilit\u00e9 d\u00e9mocratique du S\u00e9n\u00e9gal, qui a connu trois alternances pacifiques depuis l&rsquo;an 2000.<\/p>\n<p>Le Pr\u00e9sident a f\u00e9licit\u00e9 le candidat Bassirou Diomaye Diakhar FAYE, \u00e9lu Pr\u00e9sident de la R\u00e9publique au premier tour, devenant ainsi le cinqui\u00e8me pr\u00e9sident de la R\u00e9publique du S\u00e9n\u00e9gal ind\u00e9pendant.<\/p>\n<p>En vue de la transition vers le nouveau gouvernement, le Chef de l&rsquo;\u00c9tat a demand\u00e9 au Gouvernement et aux ministres concern\u00e9s de prendre toutes les mesures n\u00e9cessaires pour assurer une passation de pouvoirs efficace et harmonieuse.<\/p>\n<p>Le Pr\u00e9sident de la R\u00e9publique a \u00e9galement exprim\u00e9 sa gratitude envers le peuple s\u00e9n\u00e9galais pour la confiance qu&rsquo;il lui a accord\u00e9e pendant ses douze ann\u00e9es de mandat pr\u00e9sidentiel, ainsi que envers les pays amis, les partenaires techniques et financiers, les diff\u00e9rents gouvernements, son Cabinet, le Secr\u00e9tariat g\u00e9n\u00e9ral de la Pr\u00e9sidence de la R\u00e9publique et toutes les personnes civiles et militaires qui l&rsquo;ont accompagn\u00e9 dans son action au service du peuple s\u00e9n\u00e9galais depuis 2012.<\/p>\n<p>Il a soulign\u00e9 les r\u00e9alisations majeures du Plan S\u00e9n\u00e9gal \u00c9mergent (PSE), qui ont contribu\u00e9 au d\u00e9veloppement \u00e9conomique, social, culturel et environnemental du pays, laissant ainsi un h\u00e9ritage significatif aux g\u00e9n\u00e9rations actuelles et futures.<\/p>\n<p>Le Pr\u00e9sident a enfin rendu hommage aux forces de d\u00e9fense et de s\u00e9curit\u00e9, \u00e0 l&rsquo;administration s\u00e9n\u00e9galaise, au secteur priv\u00e9, aux leaders religieux et coutumiers, ainsi qu&rsquo;aux jeunes, aux femmes et \u00e0 toutes les forces vives de la nation, appelant \u00e0 une collaboration continue pour un S\u00e9n\u00e9gal prosp\u00e8re, uni et solidaire.<\/p>\n<p>Il a \u00e9galement adress\u00e9 ses f\u00e9licitations et sa solidarit\u00e9 \u00e0 la communaut\u00e9 chr\u00e9tienne \u00e0 l&rsquo;occasion de la Semaine Sainte et de la c\u00e9l\u00e9bration de P\u00e2ques.<\/p>\n<p>En ce qui concerne le climat social et les affaires int\u00e9rieures, le Pr\u00e9sident a abord\u00e9 la pr\u00e9paration de la f\u00eate nationale du 4 avril, demandant au Ministre des Forces Arm\u00e9es de veiller \u00e0 une organisation appropri\u00e9e des c\u00e9l\u00e9brations \u00e0 travers le pays.<\/p>\n<p>Dans leurs interventions respectives, les ministres ont pr\u00e9sent\u00e9 plusieurs communications sur la situation internationale, le suivi de la campagne de commercialisation de l&rsquo;arachide et d&rsquo;autres sujets d&rsquo;importance nationale.<\/p>\n<p>Le Conseil des ministres a \u00e9galement examin\u00e9 et adopt\u00e9 plusieurs projets de d\u00e9crets relatifs \u00e0 diverses questions, notamment l&rsquo;organisation et le fonctionnement de l&rsquo;Office des Forages Ruraux (OFOR) et la composition du Conseil Consultatif des Arts, des Lettres et de la Culture.<\/p>\n<div class=\"publi-apres-le-contenu\" style=\"margin-top: 10px;margin-bottom: 10px;margin-left: auto;margin-right: auto;text-align: center;\" id=\"publi-52229883\"><div class=\"publi-adlabel\">Publicit\u00e9<\/div><script async src=\"\/\/pagead2.googlesyndication.com\/pagead\/js\/adsbygoogle.js?client=ca-pub-4089586018074219\" crossorigin=\"anonymous\"><\/script><ins class=\"adsbygoogle\" style=\"display:block;\" data-ad-client=\"ca-pub-4089586018074219\" \ndata-ad-slot=\"2087940154\" \ndata-ad-format=\"auto\"><\/ins>\n<script> \n(adsbygoogle = window.adsbygoogle || []).push({}); \n<\/script>\n<\/div>","protected":false},"excerpt":{"rendered":"<p>COMMUNIQUE DU CONSEIL DES MINISTRES DU MERCREDI 27 MARS 2024 Le mercredi 27 mars 2024, le Conseil des ministres s&rsquo;est r\u00e9uni au Palais de la R\u00e9publique, sous la pr\u00e9sidence du Chef de l\u2019Etat, Son Excellence Monsieur Macky SALL. Dans son allocution liminaire, le Pr\u00e9sident de la R\u00e9publique a salu\u00e9 le bon d\u00e9roulement de l&rsquo;\u00e9lection pr\u00e9sidentielle du 24 mars 2024. Il a exprim\u00e9 ses f\u00e9licitations au Ministre de l\u2019Int\u00e9rieur, \u00e0 l\u2019administration territoriale, \u00e0 l\u2019administration \u00e9lectorale, \u00e0 la Commission \u00c9lectorale Nationale Autonome (CENA) ainsi qu&rsquo;aux forces de d\u00e9fense et de s\u00e9curit\u00e9 pour leur engagement et leur travail remarquable ayant permis la tenue du scrutin dans la tranquillit\u00e9 et la s\u00e9r\u00e9nit\u00e9. Le Chef de l\u2019\u00c9tat s&rsquo;est \u00e9galement r\u00e9joui de la forte mobilisation des \u00e9lecteurs sur l&rsquo;ensemble du territoire national et \u00e0 l&rsquo;\u00e9tranger, ainsi que de la transparence du processus \u00e9lectoral, t\u00e9moignant du caract\u00e8re d\u00e9mocratique et respectueux de l&rsquo;\u00c9tat de droit du S\u00e9n\u00e9gal. Il a \u00e9galement \u00e9voqu\u00e9 la r\u00e9cente audience accord\u00e9e aux missions d&rsquo;observation, qui ont salu\u00e9 positivement l&rsquo;organisation du scrutin, soulignant ainsi la maturit\u00e9 et la stabilit\u00e9 d\u00e9mocratique du S\u00e9n\u00e9gal, qui a connu trois alternances pacifiques depuis l&rsquo;an 2000. Le Pr\u00e9sident a f\u00e9licit\u00e9 le candidat Bassirou Diomaye Diakhar FAYE, \u00e9lu Pr\u00e9sident de la R\u00e9publique au premier tour, devenant ainsi le cinqui\u00e8me pr\u00e9sident de la R\u00e9publique du S\u00e9n\u00e9gal ind\u00e9pendant. En vue de la transition vers le nouveau gouvernement, le Chef de l&rsquo;\u00c9tat a demand\u00e9 au Gouvernement et aux ministres concern\u00e9s de prendre toutes les mesures n\u00e9cessaires pour assurer une passation de pouvoirs efficace et harmonieuse. Le Pr\u00e9sident de la R\u00e9publique a \u00e9galement exprim\u00e9 sa gratitude envers le peuple s\u00e9n\u00e9galais pour la confiance qu&rsquo;il lui a accord\u00e9e pendant ses douze ann\u00e9es de mandat pr\u00e9sidentiel, ainsi que envers les pays amis, les partenaires techniques et financiers, les diff\u00e9rents gouvernements, son Cabinet, le Secr\u00e9tariat g\u00e9n\u00e9ral de la Pr\u00e9sidence de la R\u00e9publique et toutes les personnes civiles et militaires qui l&rsquo;ont accompagn\u00e9 dans son action au service du peuple s\u00e9n\u00e9galais depuis 2012. Il a soulign\u00e9 les r\u00e9alisations majeures du Plan S\u00e9n\u00e9gal \u00c9mergent (PSE), qui ont contribu\u00e9 au d\u00e9veloppement \u00e9conomique, social, culturel et environnemental du pays, laissant ainsi un h\u00e9ritage significatif aux g\u00e9n\u00e9rations actuelles et futures. Le Pr\u00e9sident a enfin rendu hommage aux forces de d\u00e9fense et de s\u00e9curit\u00e9, \u00e0 l&rsquo;administration s\u00e9n\u00e9galaise, au secteur priv\u00e9, aux leaders religieux et coutumiers, ainsi qu&rsquo;aux jeunes, aux femmes et \u00e0 toutes les forces vives de la nation, appelant \u00e0 une collaboration continue pour un S\u00e9n\u00e9gal prosp\u00e8re, uni et solidaire. Il a \u00e9galement adress\u00e9 ses f\u00e9licitations et sa solidarit\u00e9 \u00e0 la communaut\u00e9 chr\u00e9tienne \u00e0 l&rsquo;occasion de la Semaine Sainte et de la c\u00e9l\u00e9bration de P\u00e2ques. En ce qui concerne le climat social et les affaires int\u00e9rieures, le Pr\u00e9sident a abord\u00e9 la pr\u00e9paration de la f\u00eate nationale du 4 avril, demandant au Ministre des Forces Arm\u00e9es de veiller \u00e0 une organisation appropri\u00e9e des c\u00e9l\u00e9brations \u00e0 travers le pays. Dans leurs interventions respectives, les ministres ont pr\u00e9sent\u00e9 plusieurs communications sur la situation internationale, le suivi de la campagne de commercialisation de l&rsquo;arachide et d&rsquo;autres sujets d&rsquo;importance nationale. Le Conseil des ministres a \u00e9galement examin\u00e9 et adopt\u00e9 plusieurs projets de d\u00e9crets relatifs \u00e0 diverses questions, notamment l&rsquo;organisation et le fonctionnement de l&rsquo;Office des Forages Ruraux (OFOR) et la composition du Conseil Consultatif des Arts, des Lettres et de la Culture.<\/p>\n","protected":false},"author":12,"featured_media":31683,"comment_status":"open","ping_status":"open","sticky":false,"template":"","format":"standard","meta":{"_jetpack_memberships_contains_paid_content":false,"footnotes":""},"categories":[375,3,372],"tags":[1063,11],"class_list":["post-31679","post","type-post","status-publish","format-standard","has-post-thumbnail","hentry","category-actualites","category-politique","category-vedette","tag-conseil-des-ministres","tag-macky-sall","entry","has-media","owp-thumbs-layout-horizontal","owp-btn-normal","owp-tabs-layout-horizontal","has-no-thumbnails","has-product-nav"],"yoast_head":"<!-- This site is optimized with the Yoast SEO plugin v25.5 - https:\/\/yoast.com\/wordpress\/plugins\/seo\/ -->\n<title>Adieux \u00c9mouvants lors du Dernier Communiqu\u00e9 du Conseil des Ministres avec Macky Sall - LE PUBLIC<\/title>\n<meta name=\"robots\" content=\"index, follow, max-snippet:-1, max-image-preview:large, max-video-preview:-1\" \/>\n<link rel=\"canonical\" href=\"https:\/\/www.public.sn\/index.php\/2024\/03\/27\/communique-du-conseil-des-ministres-en-date-du-27-mars-2024\/\" \/>\n<meta property=\"og:locale\" content=\"fr_FR\" \/>\n<meta property=\"og:type\" content=\"article\" \/>\n<meta property=\"og:title\" content=\"Adieux \u00c9mouvants lors du Dernier Communiqu\u00e9 du Conseil des Ministres avec Macky Sall - LE PUBLIC\" \/>\n<meta property=\"og:description\" content=\"COMMUNIQUE DU CONSEIL DES MINISTRES DU MERCREDI 27 MARS 2024 Le mercredi 27 mars 2024, le Conseil des ministres s&rsquo;est r\u00e9uni au Palais de la R\u00e9publique, sous la pr\u00e9sidence du Chef de l\u2019Etat, Son Excellence Monsieur Macky SALL. Dans son allocution liminaire, le Pr\u00e9sident de la R\u00e9publique a salu\u00e9 le bon d\u00e9roulement de l&rsquo;\u00e9lection pr\u00e9sidentielle du 24 mars 2024. Il a exprim\u00e9 ses f\u00e9licitations au Ministre de l\u2019Int\u00e9rieur, \u00e0 l\u2019administration territoriale, \u00e0 l\u2019administration \u00e9lectorale, \u00e0 la Commission \u00c9lectorale Nationale Autonome (CENA) ainsi qu&rsquo;aux forces de d\u00e9fense et de s\u00e9curit\u00e9 pour leur engagement et leur travail remarquable ayant permis la tenue du scrutin dans la tranquillit\u00e9 et la s\u00e9r\u00e9nit\u00e9. Le Chef de l\u2019\u00c9tat s&rsquo;est \u00e9galement r\u00e9joui de la forte mobilisation des \u00e9lecteurs sur l&rsquo;ensemble du territoire national et \u00e0 l&rsquo;\u00e9tranger, ainsi que de la transparence du processus \u00e9lectoral, t\u00e9moignant du caract\u00e8re d\u00e9mocratique et respectueux de l&rsquo;\u00c9tat de droit du S\u00e9n\u00e9gal. Il a \u00e9galement \u00e9voqu\u00e9 la r\u00e9cente audience accord\u00e9e aux missions d&rsquo;observation, qui ont salu\u00e9 positivement l&rsquo;organisation du scrutin, soulignant ainsi la maturit\u00e9 et la stabilit\u00e9 d\u00e9mocratique du S\u00e9n\u00e9gal, qui a connu trois alternances pacifiques depuis l&rsquo;an 2000. Le Pr\u00e9sident a f\u00e9licit\u00e9 le candidat Bassirou Diomaye Diakhar FAYE, \u00e9lu Pr\u00e9sident de la R\u00e9publique au premier tour, devenant ainsi le cinqui\u00e8me pr\u00e9sident de la R\u00e9publique du S\u00e9n\u00e9gal ind\u00e9pendant. En vue de la transition vers le nouveau gouvernement, le Chef de l&rsquo;\u00c9tat a demand\u00e9 au Gouvernement et aux ministres concern\u00e9s de prendre toutes les mesures n\u00e9cessaires pour assurer une passation de pouvoirs efficace et harmonieuse. Le Pr\u00e9sident de la R\u00e9publique a \u00e9galement exprim\u00e9 sa gratitude envers le peuple s\u00e9n\u00e9galais pour la confiance qu&rsquo;il lui a accord\u00e9e pendant ses douze ann\u00e9es de mandat pr\u00e9sidentiel, ainsi que envers les pays amis, les partenaires techniques et financiers, les diff\u00e9rents gouvernements, son Cabinet, le Secr\u00e9tariat g\u00e9n\u00e9ral de la Pr\u00e9sidence de la R\u00e9publique et toutes les personnes civiles et militaires qui l&rsquo;ont accompagn\u00e9 dans son action au service du peuple s\u00e9n\u00e9galais depuis 2012. Il a soulign\u00e9 les r\u00e9alisations majeures du Plan S\u00e9n\u00e9gal \u00c9mergent (PSE), qui ont contribu\u00e9 au d\u00e9veloppement \u00e9conomique, social, culturel et environnemental du pays, laissant ainsi un h\u00e9ritage significatif aux g\u00e9n\u00e9rations actuelles et futures. Le Pr\u00e9sident a enfin rendu hommage aux forces de d\u00e9fense et de s\u00e9curit\u00e9, \u00e0 l&rsquo;administration s\u00e9n\u00e9galaise, au secteur priv\u00e9, aux leaders religieux et coutumiers, ainsi qu&rsquo;aux jeunes, aux femmes et \u00e0 toutes les forces vives de la nation, appelant \u00e0 une collaboration continue pour un S\u00e9n\u00e9gal prosp\u00e8re, uni et solidaire. Il a \u00e9galement adress\u00e9 ses f\u00e9licitations et sa solidarit\u00e9 \u00e0 la communaut\u00e9 chr\u00e9tienne \u00e0 l&rsquo;occasion de la Semaine Sainte et de la c\u00e9l\u00e9bration de P\u00e2ques. En ce qui concerne le climat social et les affaires int\u00e9rieures, le Pr\u00e9sident a abord\u00e9 la pr\u00e9paration de la f\u00eate nationale du 4 avril, demandant au Ministre des Forces Arm\u00e9es de veiller \u00e0 une organisation appropri\u00e9e des c\u00e9l\u00e9brations \u00e0 travers le pays. Dans leurs interventions respectives, les ministres ont pr\u00e9sent\u00e9 plusieurs communications sur la situation internationale, le suivi de la campagne de commercialisation de l&rsquo;arachide et d&rsquo;autres sujets d&rsquo;importance nationale. Le Conseil des ministres a \u00e9galement examin\u00e9 et adopt\u00e9 plusieurs projets de d\u00e9crets relatifs \u00e0 diverses questions, notamment l&rsquo;organisation et le fonctionnement de l&rsquo;Office des Forages Ruraux (OFOR) et la composition du Conseil Consultatif des Arts, des Lettres et de la Culture.\" \/>\n<meta property=\"og:url\" content=\"https:\/\/www.public.sn\/index.php\/2024\/03\/27\/communique-du-conseil-des-ministres-en-date-du-27-mars-2024\/\" \/>\n<meta property=\"og:site_name\" content=\"LE PUBLIC\" \/>\n<meta property=\"article:published_time\" content=\"2024-03-27T23:25:40+00:00\" \/>\n<meta property=\"article:modified_time\" content=\"2024-03-27T23:34:09+00:00\" \/>\n<meta property=\"og:image\" content=\"https:\/\/www.public.sn\/wp-content\/uploads\/2024\/03\/image-13.png\" \/>\n\t<meta property=\"og:image:width\" content=\"1364\" \/>\n\t<meta property=\"og:image:height\" content=\"752\" \/>\n\t<meta property=\"og:image:type\" content=\"image\/png\" \/>\n<meta name=\"author\" content=\"Man\u00e9 Ba\" \/>\n<meta name=\"twitter:card\" content=\"summary_large_image\" \/>\n<meta name=\"twitter:label1\" content=\"\u00c9crit par\" \/>\n\t<meta name=\"twitter:data1\" content=\"Man\u00e9 Ba\" \/>\n\t<meta name=\"twitter:label2\" content=\"Dur\u00e9e de lecture estim\u00e9e\" \/>\n\t<meta name=\"twitter:data2\" content=\"3 minutes\" \/>\n<script type=\"application\/ld+json\" class=\"yoast-schema-graph\">{\"@context\":\"https:\/\/schema.org\",\"@graph\":[{\"@type\":\"Article\",\"@id\":\"https:\/\/www.public.sn\/index.php\/2024\/03\/27\/communique-du-conseil-des-ministres-en-date-du-27-mars-2024\/#article\",\"isPartOf\":{\"@id\":\"https:\/\/www.public.sn\/index.php\/2024\/03\/27\/communique-du-conseil-des-ministres-en-date-du-27-mars-2024\/\"},\"author\":{\"name\":\"Man\u00e9 Ba\",\"@id\":\"https:\/\/www.public.sn\/#\/schema\/person\/0cb769602dc17ecb89fd54a2197a221a\"},\"headline\":\"Adieux \u00c9mouvants lors du Dernier Communiqu\u00e9 du Conseil des Ministres avec Macky Sall\",\"datePublished\":\"2024-03-27T23:25:40+00:00\",\"dateModified\":\"2024-03-27T23:34:09+00:00\",\"mainEntityOfPage\":{\"@id\":\"https:\/\/www.public.sn\/index.php\/2024\/03\/27\/communique-du-conseil-des-ministres-en-date-du-27-mars-2024\/\"},\"wordCount\":626,\"commentCount\":0,\"publisher\":{\"@id\":\"https:\/\/www.public.sn\/#organization\"},\"image\":{\"@id\":\"https:\/\/www.public.sn\/index.php\/2024\/03\/27\/communique-du-conseil-des-ministres-en-date-du-27-mars-2024\/#primaryimage\"},\"thumbnailUrl\":\"https:\/\/www.public.sn\/wp-content\/uploads\/2024\/03\/image-13.png\",\"keywords\":[\"conseil des ministres\",\"Macky Sall\"],\"articleSection\":[\"ACTUALIT\u00c9S\",\"POLITIQUE\",\"VEDETTE\"],\"inLanguage\":\"fr-FR\",\"potentialAction\":[{\"@type\":\"CommentAction\",\"name\":\"Comment\",\"target\":[\"https:\/\/www.public.sn\/index.php\/2024\/03\/27\/communique-du-conseil-des-ministres-en-date-du-27-mars-2024\/#respond\"]}]},{\"@type\":\"WebPage\",\"@id\":\"https:\/\/www.public.sn\/index.php\/2024\/03\/27\/communique-du-conseil-des-ministres-en-date-du-27-mars-2024\/\",\"url\":\"https:\/\/www.public.sn\/index.php\/2024\/03\/27\/communique-du-conseil-des-ministres-en-date-du-27-mars-2024\/\",\"name\":\"Adieux \u00c9mouvants lors du Dernier Communiqu\u00e9 du Conseil des Ministres avec Macky Sall - LE PUBLIC\",\"isPartOf\":{\"@id\":\"https:\/\/www.public.sn\/#website\"},\"primaryImageOfPage\":{\"@id\":\"https:\/\/www.public.sn\/index.php\/2024\/03\/27\/communique-du-conseil-des-ministres-en-date-du-27-mars-2024\/#primaryimage\"},\"image\":{\"@id\":\"https:\/\/www.public.sn\/index.php\/2024\/03\/27\/communique-du-conseil-des-ministres-en-date-du-27-mars-2024\/#primaryimage\"},\"thumbnailUrl\":\"https:\/\/www.public.sn\/wp-content\/uploads\/2024\/03\/image-13.png\",\"datePublished\":\"2024-03-27T23:25:40+00:00\",\"dateModified\":\"2024-03-27T23:34:09+00:00\",\"breadcrumb\":{\"@id\":\"https:\/\/www.public.sn\/index.php\/2024\/03\/27\/communique-du-conseil-des-ministres-en-date-du-27-mars-2024\/#breadcrumb\"},\"inLanguage\":\"fr-FR\",\"potentialAction\":[{\"@type\":\"ReadAction\",\"target\":[\"https:\/\/www.public.sn\/index.php\/2024\/03\/27\/communique-du-conseil-des-ministres-en-date-du-27-mars-2024\/\"]}]},{\"@type\":\"ImageObject\",\"inLanguage\":\"fr-FR\",\"@id\":\"https:\/\/www.public.sn\/index.php\/2024\/03\/27\/communique-du-conseil-des-ministres-en-date-du-27-mars-2024\/#primaryimage\",\"url\":\"https:\/\/www.public.sn\/wp-content\/uploads\/2024\/03\/image-13.png\",\"contentUrl\":\"https:\/\/www.public.sn\/wp-content\/uploads\/2024\/03\/image-13.png\",\"width\":1364,\"height\":752},{\"@type\":\"BreadcrumbList\",\"@id\":\"https:\/\/www.public.sn\/index.php\/2024\/03\/27\/communique-du-conseil-des-ministres-en-date-du-27-mars-2024\/#breadcrumb\",\"itemListElement\":[{\"@type\":\"ListItem\",\"position\":1,\"name\":\"Accueil\",\"item\":\"https:\/\/www.public.sn\/\"},{\"@type\":\"ListItem\",\"position\":2,\"name\":\"Adieux \u00c9mouvants lors du Dernier Communiqu\u00e9 du Conseil des Ministres avec Macky Sall\"}]},{\"@type\":\"WebSite\",\"@id\":\"https:\/\/www.public.sn\/#website\",\"url\":\"https:\/\/www.public.sn\/\",\"name\":\"LE PUBLIC\",\"description\":\"\",\"publisher\":{\"@id\":\"https:\/\/www.public.sn\/#organization\"},\"potentialAction\":[{\"@type\":\"SearchAction\",\"target\":{\"@type\":\"EntryPoint\",\"urlTemplate\":\"https:\/\/www.public.sn\/?s={search_term_string}\"},\"query-input\":{\"@type\":\"PropertyValueSpecification\",\"valueRequired\":true,\"valueName\":\"search_term_string\"}}],\"inLanguage\":\"fr-FR\"},{\"@type\":\"Organization\",\"@id\":\"https:\/\/www.public.sn\/#organization\",\"name\":\"LE PUBLIC\",\"url\":\"https:\/\/www.public.sn\/\",\"logo\":{\"@type\":\"ImageObject\",\"inLanguage\":\"fr-FR\",\"@id\":\"https:\/\/www.public.sn\/#\/schema\/logo\/image\/\",\"url\":\"https:\/\/www.public.sn\/wp-content\/uploads\/2024\/05\/cropped-LOGO-PUBLIC.SN_.png\",\"contentUrl\":\"https:\/\/www.public.sn\/wp-content\/uploads\/2024\/05\/cropped-LOGO-PUBLIC.SN_.png\",\"width\":682,\"height\":192,\"caption\":\"LE PUBLIC\"},\"image\":{\"@id\":\"https:\/\/www.public.sn\/#\/schema\/logo\/image\/\"}},{\"@type\":\"Person\",\"@id\":\"https:\/\/www.public.sn\/#\/schema\/person\/0cb769602dc17ecb89fd54a2197a221a\",\"name\":\"Man\u00e9 Ba\",\"image\":{\"@type\":\"ImageObject\",\"inLanguage\":\"fr-FR\",\"@id\":\"https:\/\/www.public.sn\/#\/schema\/person\/image\/\",\"url\":\"https:\/\/secure.gravatar.com\/avatar\/b31a37f6b2529b7e9303b5aacf26777a86815e524f04961246da8183f5e2535a?s=96&d=mm&r=g\",\"contentUrl\":\"https:\/\/secure.gravatar.com\/avatar\/b31a37f6b2529b7e9303b5aacf26777a86815e524f04961246da8183f5e2535a?s=96&d=mm&r=g\",\"caption\":\"Man\u00e9 Ba\"},\"url\":\"https:\/\/www.public.sn\/index.php\/author\/bamanesen\/\"}]}<\/script>\n<!-- \/ Yoast SEO plugin. -->","yoast_head_json":{"title":"Adieux \u00c9mouvants lors du Dernier Communiqu\u00e9 du Conseil des Ministres avec Macky Sall - LE PUBLIC","robots":{"index":"index","follow":"follow","max-snippet":"max-snippet:-1","max-image-preview":"max-image-preview:large","max-video-preview":"max-video-preview:-1"},"canonical":"https:\/\/www.public.sn\/index.php\/2024\/03\/27\/communique-du-conseil-des-ministres-en-date-du-27-mars-2024\/","og_locale":"fr_FR","og_type":"article","og_title":"Adieux \u00c9mouvants lors du Dernier Communiqu\u00e9 du Conseil des Ministres avec Macky Sall - LE PUBLIC","og_description":"COMMUNIQUE DU CONSEIL DES MINISTRES DU MERCREDI 27 MARS 2024 Le mercredi 27 mars 2024, le Conseil des ministres s&rsquo;est r\u00e9uni au Palais de la R\u00e9publique, sous la pr\u00e9sidence du Chef de l\u2019Etat, Son Excellence Monsieur Macky SALL. Dans son allocution liminaire, le Pr\u00e9sident de la R\u00e9publique a salu\u00e9 le bon d\u00e9roulement de l&rsquo;\u00e9lection pr\u00e9sidentielle du 24 mars 2024. Il a exprim\u00e9 ses f\u00e9licitations au Ministre de l\u2019Int\u00e9rieur, \u00e0 l\u2019administration territoriale, \u00e0 l\u2019administration \u00e9lectorale, \u00e0 la Commission \u00c9lectorale Nationale Autonome (CENA) ainsi qu&rsquo;aux forces de d\u00e9fense et de s\u00e9curit\u00e9 pour leur engagement et leur travail remarquable ayant permis la tenue du scrutin dans la tranquillit\u00e9 et la s\u00e9r\u00e9nit\u00e9. Le Chef de l\u2019\u00c9tat s&rsquo;est \u00e9galement r\u00e9joui de la forte mobilisation des \u00e9lecteurs sur l&rsquo;ensemble du territoire national et \u00e0 l&rsquo;\u00e9tranger, ainsi que de la transparence du processus \u00e9lectoral, t\u00e9moignant du caract\u00e8re d\u00e9mocratique et respectueux de l&rsquo;\u00c9tat de droit du S\u00e9n\u00e9gal. Il a \u00e9galement \u00e9voqu\u00e9 la r\u00e9cente audience accord\u00e9e aux missions d&rsquo;observation, qui ont salu\u00e9 positivement l&rsquo;organisation du scrutin, soulignant ainsi la maturit\u00e9 et la stabilit\u00e9 d\u00e9mocratique du S\u00e9n\u00e9gal, qui a connu trois alternances pacifiques depuis l&rsquo;an 2000. Le Pr\u00e9sident a f\u00e9licit\u00e9 le candidat Bassirou Diomaye Diakhar FAYE, \u00e9lu Pr\u00e9sident de la R\u00e9publique au premier tour, devenant ainsi le cinqui\u00e8me pr\u00e9sident de la R\u00e9publique du S\u00e9n\u00e9gal ind\u00e9pendant. En vue de la transition vers le nouveau gouvernement, le Chef de l&rsquo;\u00c9tat a demand\u00e9 au Gouvernement et aux ministres concern\u00e9s de prendre toutes les mesures n\u00e9cessaires pour assurer une passation de pouvoirs efficace et harmonieuse. Le Pr\u00e9sident de la R\u00e9publique a \u00e9galement exprim\u00e9 sa gratitude envers le peuple s\u00e9n\u00e9galais pour la confiance qu&rsquo;il lui a accord\u00e9e pendant ses douze ann\u00e9es de mandat pr\u00e9sidentiel, ainsi que envers les pays amis, les partenaires techniques et financiers, les diff\u00e9rents gouvernements, son Cabinet, le Secr\u00e9tariat g\u00e9n\u00e9ral de la Pr\u00e9sidence de la R\u00e9publique et toutes les personnes civiles et militaires qui l&rsquo;ont accompagn\u00e9 dans son action au service du peuple s\u00e9n\u00e9galais depuis 2012. Il a soulign\u00e9 les r\u00e9alisations majeures du Plan S\u00e9n\u00e9gal \u00c9mergent (PSE), qui ont contribu\u00e9 au d\u00e9veloppement \u00e9conomique, social, culturel et environnemental du pays, laissant ainsi un h\u00e9ritage significatif aux g\u00e9n\u00e9rations actuelles et futures. Le Pr\u00e9sident a enfin rendu hommage aux forces de d\u00e9fense et de s\u00e9curit\u00e9, \u00e0 l&rsquo;administration s\u00e9n\u00e9galaise, au secteur priv\u00e9, aux leaders religieux et coutumiers, ainsi qu&rsquo;aux jeunes, aux femmes et \u00e0 toutes les forces vives de la nation, appelant \u00e0 une collaboration continue pour un S\u00e9n\u00e9gal prosp\u00e8re, uni et solidaire. Il a \u00e9galement adress\u00e9 ses f\u00e9licitations et sa solidarit\u00e9 \u00e0 la communaut\u00e9 chr\u00e9tienne \u00e0 l&rsquo;occasion de la Semaine Sainte et de la c\u00e9l\u00e9bration de P\u00e2ques. En ce qui concerne le climat social et les affaires int\u00e9rieures, le Pr\u00e9sident a abord\u00e9 la pr\u00e9paration de la f\u00eate nationale du 4 avril, demandant au Ministre des Forces Arm\u00e9es de veiller \u00e0 une organisation appropri\u00e9e des c\u00e9l\u00e9brations \u00e0 travers le pays. Dans leurs interventions respectives, les ministres ont pr\u00e9sent\u00e9 plusieurs communications sur la situation internationale, le suivi de la campagne de commercialisation de l&rsquo;arachide et d&rsquo;autres sujets d&rsquo;importance nationale. Le Conseil des ministres a \u00e9galement examin\u00e9 et adopt\u00e9 plusieurs projets de d\u00e9crets relatifs \u00e0 diverses questions, notamment l&rsquo;organisation et le fonctionnement de l&rsquo;Office des Forages Ruraux (OFOR) et la composition du Conseil Consultatif des Arts, des Lettres et de la Culture.","og_url":"https:\/\/www.public.sn\/index.php\/2024\/03\/27\/communique-du-conseil-des-ministres-en-date-du-27-mars-2024\/","og_site_name":"LE PUBLIC","article_published_time":"2024-03-27T23:25:40+00:00","article_modified_time":"2024-03-27T23:34:09+00:00","og_image":[{"width":1364,"height":752,"url":"https:\/\/www.public.sn\/wp-content\/uploads\/2024\/03\/image-13.png","type":"image\/png"}],"author":"Man\u00e9 Ba","twitter_card":"summary_large_image","twitter_misc":{"\u00c9crit par":"Man\u00e9 Ba","Dur\u00e9e de lecture estim\u00e9e":"3 minutes"},"schema":{"@context":"https:\/\/schema.org","@graph":[{"@type":"Article","@id":"https:\/\/www.public.sn\/index.php\/2024\/03\/27\/communique-du-conseil-des-ministres-en-date-du-27-mars-2024\/#article","isPartOf":{"@id":"https:\/\/www.public.sn\/index.php\/2024\/03\/27\/communique-du-conseil-des-ministres-en-date-du-27-mars-2024\/"},"author":{"name":"Man\u00e9 Ba","@id":"https:\/\/www.public.sn\/#\/schema\/person\/0cb769602dc17ecb89fd54a2197a221a"},"headline":"Adieux \u00c9mouvants lors du Dernier Communiqu\u00e9 du Conseil des Ministres avec Macky Sall","datePublished":"2024-03-27T23:25:40+00:00","dateModified":"2024-03-27T23:34:09+00:00","mainEntityOfPage":{"@id":"https:\/\/www.public.sn\/index.php\/2024\/03\/27\/communique-du-conseil-des-ministres-en-date-du-27-mars-2024\/"},"wordCount":626,"commentCount":0,"publisher":{"@id":"https:\/\/www.public.sn\/#organization"},"image":{"@id":"https:\/\/www.public.sn\/index.php\/2024\/03\/27\/communique-du-conseil-des-ministres-en-date-du-27-mars-2024\/#primaryimage"},"thumbnailUrl":"https:\/\/www.public.sn\/wp-content\/uploads\/2024\/03\/image-13.png","keywords":["conseil des ministres","Macky Sall"],"articleSection":["ACTUALIT\u00c9S","POLITIQUE","VEDETTE"],"inLanguage":"fr-FR","potentialAction":[{"@type":"CommentAction","name":"Comment","target":["https:\/\/www.public.sn\/index.php\/2024\/03\/27\/communique-du-conseil-des-ministres-en-date-du-27-mars-2024\/#respond"]}]},{"@type":"WebPage","@id":"https:\/\/www.public.sn\/index.php\/2024\/03\/27\/communique-du-conseil-des-ministres-en-date-du-27-mars-2024\/","url":"https:\/\/www.public.sn\/index.php\/2024\/03\/27\/communique-du-conseil-des-ministres-en-date-du-27-mars-2024\/","name":"Adieux \u00c9mouvants lors du Dernier Communiqu\u00e9 du Conseil des Ministres avec Macky Sall - LE PUBLIC","isPartOf":{"@id":"https:\/\/www.public.sn\/#website"},"primaryImageOfPage":{"@id":"https:\/\/www.public.sn\/index.php\/2024\/03\/27\/communique-du-conseil-des-ministres-en-date-du-27-mars-2024\/#primaryimage"},"image":{"@id":"https:\/\/www.public.sn\/index.php\/2024\/03\/27\/communique-du-conseil-des-ministres-en-date-du-27-mars-2024\/#primaryimage"},"thumbnailUrl":"https:\/\/www.public.sn\/wp-content\/uploads\/2024\/03\/image-13.png","datePublished":"2024-03-27T23:25:40+00:00","dateModified":"2024-03-27T23:34:09+00:00","breadcrumb":{"@id":"https:\/\/www.public.sn\/index.php\/2024\/03\/27\/communique-du-conseil-des-ministres-en-date-du-27-mars-2024\/#breadcrumb"},"inLanguage":"fr-FR","potentialAction":[{"@type":"ReadAction","target":["https:\/\/www.public.sn\/index.php\/2024\/03\/27\/communique-du-conseil-des-ministres-en-date-du-27-mars-2024\/"]}]},{"@type":"ImageObject","inLanguage":"fr-FR","@id":"https:\/\/www.public.sn\/index.php\/2024\/03\/27\/communique-du-conseil-des-ministres-en-date-du-27-mars-2024\/#primaryimage","url":"https:\/\/www.public.sn\/wp-content\/uploads\/2024\/03\/image-13.png","contentUrl":"https:\/\/www.public.sn\/wp-content\/uploads\/2024\/03\/image-13.png","width":1364,"height":752},{"@type":"BreadcrumbList","@id":"https:\/\/www.public.sn\/index.php\/2024\/03\/27\/communique-du-conseil-des-ministres-en-date-du-27-mars-2024\/#breadcrumb","itemListElement":[{"@type":"ListItem","position":1,"name":"Accueil","item":"https:\/\/www.public.sn\/"},{"@type":"ListItem","position":2,"name":"Adieux \u00c9mouvants lors du Dernier Communiqu\u00e9 du Conseil des Ministres avec Macky Sall"}]},{"@type":"WebSite","@id":"https:\/\/www.public.sn\/#website","url":"https:\/\/www.public.sn\/","name":"LE PUBLIC","description":"","publisher":{"@id":"https:\/\/www.public.sn\/#organization"},"potentialAction":[{"@type":"SearchAction","target":{"@type":"EntryPoint","urlTemplate":"https:\/\/www.public.sn\/?s={search_term_string}"},"query-input":{"@type":"PropertyValueSpecification","valueRequired":true,"valueName":"search_term_string"}}],"inLanguage":"fr-FR"},{"@type":"Organization","@id":"https:\/\/www.public.sn\/#organization","name":"LE PUBLIC","url":"https:\/\/www.public.sn\/","logo":{"@type":"ImageObject","inLanguage":"fr-FR","@id":"https:\/\/www.public.sn\/#\/schema\/logo\/image\/","url":"https:\/\/www.public.sn\/wp-content\/uploads\/2024\/05\/cropped-LOGO-PUBLIC.SN_.png","contentUrl":"https:\/\/www.public.sn\/wp-content\/uploads\/2024\/05\/cropped-LOGO-PUBLIC.SN_.png","width":682,"height":192,"caption":"LE PUBLIC"},"image":{"@id":"https:\/\/www.public.sn\/#\/schema\/logo\/image\/"}},{"@type":"Person","@id":"https:\/\/www.public.sn\/#\/schema\/person\/0cb769602dc17ecb89fd54a2197a221a","name":"Man\u00e9 Ba","image":{"@type":"ImageObject","inLanguage":"fr-FR","@id":"https:\/\/www.public.sn\/#\/schema\/person\/image\/","url":"https:\/\/secure.gravatar.com\/avatar\/b31a37f6b2529b7e9303b5aacf26777a86815e524f04961246da8183f5e2535a?s=96&d=mm&r=g","contentUrl":"https:\/\/secure.gravatar.com\/avatar\/b31a37f6b2529b7e9303b5aacf26777a86815e524f04961246da8183f5e2535a?s=96&d=mm&r=g","caption":"Man\u00e9 Ba"},"url":"https:\/\/www.public.sn\/index.php\/author\/bamanesen\/"}]}},"jetpack_featured_media_url":"https:\/\/www.public.sn\/wp-content\/uploads\/2024\/03\/image-13.png","jetpack_sharing_enabled":true,"_links":{"self":[{"href":"https:\/\/www.public.sn\/index.php\/wp-json\/wp\/v2\/posts\/31679","targetHints":{"allow":["GET"]}}],"collection":[{"href":"https:\/\/www.public.sn\/index.php\/wp-json\/wp\/v2\/posts"}],"about":[{"href":"https:\/\/www.public.sn\/index.php\/wp-json\/wp\/v2\/types\/post"}],"author":[{"embeddable":true,"href":"https:\/\/www.public.sn\/index.php\/wp-json\/wp\/v2\/users\/12"}],"replies":[{"embeddable":true,"href":"https:\/\/www.public.sn\/index.php\/wp-json\/wp\/v2\/comments?post=31679"}],"version-history":[{"count":2,"href":"https:\/\/www.public.sn\/index.php\/wp-json\/wp\/v2\/posts\/31679\/revisions"}],"predecessor-version":[{"id":31682,"href":"https:\/\/www.public.sn\/index.php\/wp-json\/wp\/v2\/posts\/31679\/revisions\/31682"}],"wp:featuredmedia":[{"embeddable":true,"href":"https:\/\/www.public.sn\/index.php\/wp-json\/wp\/v2\/media\/31683"}],"wp:attachment":[{"href":"https:\/\/www.public.sn\/index.php\/wp-json\/wp\/v2\/media?parent=31679"}],"wp:term":[{"taxonomy":"category","embeddable":true,"href":"https:\/\/www.public.sn\/index.php\/wp-json\/wp\/v2\/categories?post=31679"},{"taxonomy":"post_tag","embeddable":true,"href":"https:\/\/www.public.sn\/index.php\/wp-json\/wp\/v2\/tags?post=31679"}],"curies":[{"name":"wp","href":"https:\/\/api.w.org\/{rel}","templated":true}]}}