{"id":31736,"date":"2024-04-05T18:23:23","date_gmt":"2024-04-05T18:23:23","guid":{"rendered":"https:\/\/www.public.sn\/?p=31736"},"modified":"2024-04-05T18:23:23","modified_gmt":"2024-04-05T18:23:23","slug":"le-deces-de-lancien-premier-ministre-mahammed-boun-abdallah-dionne","status":"publish","type":"post","link":"https:\/\/www.public.sn\/index.php\/2024\/04\/05\/le-deces-de-lancien-premier-ministre-mahammed-boun-abdallah-dionne\/","title":{"rendered":"Le D\u00e9c\u00e8s de l&rsquo;Ancien Premier Ministre Mahammed Boun Abdallah Dionne"},"content":{"rendered":"<p>L&rsquo;ancien Premier Ministre et candidat \u00e0 la r\u00e9cente \u00e9lection pr\u00e9sidentielle, Mahammed Boun Abdallah Dionne, est d\u00e9c\u00e9d\u00e9 \u00e0 Paris le vendredi 5 avril 2024. Hospitalis\u00e9 quelques jours avant le scrutin du 24 mars dernier, ce membre pr\u00e9c\u00e9demment associ\u00e9 \u00e0 Benno Bokk Yakaar avait quitt\u00e9 la coalition pr\u00e9sidentielle pour poursuivre ses ambitions pr\u00e9sidentielles. Son \u00e9tat n\u00e9cessitant des soins sp\u00e9cialis\u00e9s, il avait \u00e9t\u00e9 \u00e9vacu\u00e9 en urgence vers Paris le jour du vote.<\/p><div class=\"publi-paragraphe1\" style=\"margin-top: 10px;margin-bottom: 10px;margin-left: auto;margin-right: auto;text-align: center;\" id=\"publi-2552046861\"><div class=\"publi-adlabel\">Publicit\u00e9<\/div><script async src=\"\/\/pagead2.googlesyndication.com\/pagead\/js\/adsbygoogle.js?client=ca-pub-4089586018074219\" crossorigin=\"anonymous\"><\/script><ins class=\"adsbygoogle\" style=\"display:block;\" data-ad-client=\"ca-pub-4089586018074219\" \ndata-ad-slot=\"2087940154\" \ndata-ad-format=\"auto\"><\/ins>\n<script> \n(adsbygoogle = window.adsbygoogle || []).push({}); \n<\/script>\n<\/div>\n<p>Ag\u00e9 de 64 ans, Mahammed Boun Abdallah Dionne, dipl\u00f4m\u00e9 en informatique de l&rsquo;Universit\u00e9 Pierre-Mend\u00e8s de Grenoble, sera inhum\u00e9 dans sa ville natale de Gossas.<\/p>\n<p>La r\u00e9daction de Seneweb pr\u00e9sente ses condol\u00e9ances les plus sinc\u00e8res \u00e0 la famille du d\u00e9funt ainsi qu&rsquo;\u00e0 toute la nation.<\/p>\n<div class=\"publi-apres-le-contenu\" style=\"margin-top: 10px;margin-bottom: 10px;margin-left: auto;margin-right: auto;text-align: center;\" id=\"publi-1926493967\"><div class=\"publi-adlabel\">Publicit\u00e9<\/div><script async src=\"\/\/pagead2.googlesyndication.com\/pagead\/js\/adsbygoogle.js?client=ca-pub-4089586018074219\" crossorigin=\"anonymous\"><\/script><ins class=\"adsbygoogle\" style=\"display:block;\" data-ad-client=\"ca-pub-4089586018074219\" \ndata-ad-slot=\"2087940154\" \ndata-ad-format=\"auto\"><\/ins>\n<script> \n(adsbygoogle = window.adsbygoogle || []).push({}); \n<\/script>\n<\/div>","protected":false},"excerpt":{"rendered":"<p>L&rsquo;ancien Premier Ministre et candidat \u00e0 la r\u00e9cente \u00e9lection pr\u00e9sidentielle, Mahammed Boun Abdallah Dionne, est d\u00e9c\u00e9d\u00e9 \u00e0 Paris le vendredi 5 avril 2024. Hospitalis\u00e9 quelques jours avant le scrutin du 24 mars dernier, ce membre pr\u00e9c\u00e9demment associ\u00e9 \u00e0 Benno Bokk Yakaar avait quitt\u00e9 la coalition pr\u00e9sidentielle pour poursuivre ses ambitions pr\u00e9sidentielles. Son \u00e9tat n\u00e9cessitant des soins sp\u00e9cialis\u00e9s, il avait \u00e9t\u00e9 \u00e9vacu\u00e9 en urgence vers Paris le jour du vote. Ag\u00e9 de 64 ans, Mahammed Boun Abdallah Dionne, dipl\u00f4m\u00e9 en informatique de l&rsquo;Universit\u00e9 Pierre-Mend\u00e8s de Grenoble, sera inhum\u00e9 dans sa ville natale de Gossas. La r\u00e9daction de Seneweb pr\u00e9sente ses condol\u00e9ances les plus sinc\u00e8res \u00e0 la famille du d\u00e9funt ainsi qu&rsquo;\u00e0 toute la nation.<\/p>\n","protected":false},"author":12,"featured_media":31737,"comment_status":"open","ping_status":"open","sticky":false,"template":"","format":"standard","meta":{"_jetpack_memberships_contains_paid_content":false,"footnotes":""},"categories":[375,1023,371,372],"tags":[5468,168],"class_list":["post-31736","post","type-post","status-publish","format-standard","has-post-thumbnail","hentry","category-actualites","category-buzz","category-necrologie","category-vedette","tag-boun-abdallah-dionne","tag-necrologie","entry","has-media","owp-thumbs-layout-horizontal","owp-btn-normal","owp-tabs-layout-horizontal","has-no-thumbnails","has-product-nav"],"yoast_head":"<!-- This site is optimized with the Yoast SEO plugin v25.5 - https:\/\/yoast.com\/wordpress\/plugins\/seo\/ -->\n<title>Le D\u00e9c\u00e8s de l&#039;Ancien Premier Ministre Mahammed Boun Abdallah Dionne - LE PUBLIC<\/title>\n<meta name=\"robots\" content=\"index, follow, max-snippet:-1, max-image-preview:large, max-video-preview:-1\" \/>\n<link rel=\"canonical\" href=\"https:\/\/www.public.sn\/index.php\/2024\/04\/05\/le-deces-de-lancien-premier-ministre-mahammed-boun-abdallah-dionne\/\" \/>\n<meta property=\"og:locale\" content=\"fr_FR\" \/>\n<meta property=\"og:type\" content=\"article\" \/>\n<meta property=\"og:title\" content=\"Le D\u00e9c\u00e8s de l&#039;Ancien Premier Ministre Mahammed Boun Abdallah Dionne - LE PUBLIC\" \/>\n<meta property=\"og:description\" content=\"L&rsquo;ancien Premier Ministre et candidat \u00e0 la r\u00e9cente \u00e9lection pr\u00e9sidentielle, Mahammed Boun Abdallah Dionne, est d\u00e9c\u00e9d\u00e9 \u00e0 Paris le vendredi 5 avril 2024. Hospitalis\u00e9 quelques jours avant le scrutin du 24 mars dernier, ce membre pr\u00e9c\u00e9demment associ\u00e9 \u00e0 Benno Bokk Yakaar avait quitt\u00e9 la coalition pr\u00e9sidentielle pour poursuivre ses ambitions pr\u00e9sidentielles. Son \u00e9tat n\u00e9cessitant des soins sp\u00e9cialis\u00e9s, il avait \u00e9t\u00e9 \u00e9vacu\u00e9 en urgence vers Paris le jour du vote. Ag\u00e9 de 64 ans, Mahammed Boun Abdallah Dionne, dipl\u00f4m\u00e9 en informatique de l&rsquo;Universit\u00e9 Pierre-Mend\u00e8s de Grenoble, sera inhum\u00e9 dans sa ville natale de Gossas. La r\u00e9daction de Seneweb pr\u00e9sente ses condol\u00e9ances les plus sinc\u00e8res \u00e0 la famille du d\u00e9funt ainsi qu&rsquo;\u00e0 toute la nation.\" \/>\n<meta property=\"og:url\" content=\"https:\/\/www.public.sn\/index.php\/2024\/04\/05\/le-deces-de-lancien-premier-ministre-mahammed-boun-abdallah-dionne\/\" \/>\n<meta property=\"og:site_name\" content=\"LE PUBLIC\" \/>\n<meta property=\"article:published_time\" content=\"2024-04-05T18:23:23+00:00\" \/>\n<meta property=\"og:image\" content=\"https:\/\/www.public.sn\/wp-content\/uploads\/2024\/04\/Senegalese_Prime_Minister_Mahammed_Boun_Abdallah_Dionne_Signs_Secretary_Pompeos_Guestbook_31321451927.jpeg\" \/>\n\t<meta property=\"og:image:width\" content=\"1200\" \/>\n\t<meta property=\"og:image:height\" content=\"800\" \/>\n\t<meta property=\"og:image:type\" content=\"image\/jpeg\" \/>\n<meta name=\"author\" content=\"Man\u00e9 Ba\" \/>\n<meta name=\"twitter:card\" content=\"summary_large_image\" \/>\n<meta name=\"twitter:label1\" content=\"\u00c9crit par\" \/>\n\t<meta name=\"twitter:data1\" content=\"Man\u00e9 Ba\" \/>\n\t<meta name=\"twitter:label2\" content=\"Dur\u00e9e de lecture estim\u00e9e\" \/>\n\t<meta name=\"twitter:data2\" content=\"1 minute\" \/>\n<script type=\"application\/ld+json\" class=\"yoast-schema-graph\">{\"@context\":\"https:\/\/schema.org\",\"@graph\":[{\"@type\":\"Article\",\"@id\":\"https:\/\/www.public.sn\/index.php\/2024\/04\/05\/le-deces-de-lancien-premier-ministre-mahammed-boun-abdallah-dionne\/#article\",\"isPartOf\":{\"@id\":\"https:\/\/www.public.sn\/index.php\/2024\/04\/05\/le-deces-de-lancien-premier-ministre-mahammed-boun-abdallah-dionne\/\"},\"author\":{\"name\":\"Man\u00e9 Ba\",\"@id\":\"https:\/\/www.public.sn\/#\/schema\/person\/0cb769602dc17ecb89fd54a2197a221a\"},\"headline\":\"Le D\u00e9c\u00e8s de l&rsquo;Ancien Premier Ministre Mahammed Boun Abdallah Dionne\",\"datePublished\":\"2024-04-05T18:23:23+00:00\",\"mainEntityOfPage\":{\"@id\":\"https:\/\/www.public.sn\/index.php\/2024\/04\/05\/le-deces-de-lancien-premier-ministre-mahammed-boun-abdallah-dionne\/\"},\"wordCount\":135,\"commentCount\":0,\"publisher\":{\"@id\":\"https:\/\/www.public.sn\/#organization\"},\"image\":{\"@id\":\"https:\/\/www.public.sn\/index.php\/2024\/04\/05\/le-deces-de-lancien-premier-ministre-mahammed-boun-abdallah-dionne\/#primaryimage\"},\"thumbnailUrl\":\"https:\/\/www.public.sn\/wp-content\/uploads\/2024\/04\/Senegalese_Prime_Minister_Mahammed_Boun_Abdallah_Dionne_Signs_Secretary_Pompeos_Guestbook_31321451927.jpeg\",\"keywords\":[\"boun abdallah dionne\",\"N\u00e9crologie\"],\"articleSection\":[\"ACTUALIT\u00c9S\",\"BUZZ\",\"N\u00c9CROLOGIE\",\"VEDETTE\"],\"inLanguage\":\"fr-FR\",\"potentialAction\":[{\"@type\":\"CommentAction\",\"name\":\"Comment\",\"target\":[\"https:\/\/www.public.sn\/index.php\/2024\/04\/05\/le-deces-de-lancien-premier-ministre-mahammed-boun-abdallah-dionne\/#respond\"]}]},{\"@type\":\"WebPage\",\"@id\":\"https:\/\/www.public.sn\/index.php\/2024\/04\/05\/le-deces-de-lancien-premier-ministre-mahammed-boun-abdallah-dionne\/\",\"url\":\"https:\/\/www.public.sn\/index.php\/2024\/04\/05\/le-deces-de-lancien-premier-ministre-mahammed-boun-abdallah-dionne\/\",\"name\":\"Le D\u00e9c\u00e8s de l'Ancien Premier Ministre Mahammed Boun Abdallah Dionne - LE PUBLIC\",\"isPartOf\":{\"@id\":\"https:\/\/www.public.sn\/#website\"},\"primaryImageOfPage\":{\"@id\":\"https:\/\/www.public.sn\/index.php\/2024\/04\/05\/le-deces-de-lancien-premier-ministre-mahammed-boun-abdallah-dionne\/#primaryimage\"},\"image\":{\"@id\":\"https:\/\/www.public.sn\/index.php\/2024\/04\/05\/le-deces-de-lancien-premier-ministre-mahammed-boun-abdallah-dionne\/#primaryimage\"},\"thumbnailUrl\":\"https:\/\/www.public.sn\/wp-content\/uploads\/2024\/04\/Senegalese_Prime_Minister_Mahammed_Boun_Abdallah_Dionne_Signs_Secretary_Pompeos_Guestbook_31321451927.jpeg\",\"datePublished\":\"2024-04-05T18:23:23+00:00\",\"breadcrumb\":{\"@id\":\"https:\/\/www.public.sn\/index.php\/2024\/04\/05\/le-deces-de-lancien-premier-ministre-mahammed-boun-abdallah-dionne\/#breadcrumb\"},\"inLanguage\":\"fr-FR\",\"potentialAction\":[{\"@type\":\"ReadAction\",\"target\":[\"https:\/\/www.public.sn\/index.php\/2024\/04\/05\/le-deces-de-lancien-premier-ministre-mahammed-boun-abdallah-dionne\/\"]}]},{\"@type\":\"ImageObject\",\"inLanguage\":\"fr-FR\",\"@id\":\"https:\/\/www.public.sn\/index.php\/2024\/04\/05\/le-deces-de-lancien-premier-ministre-mahammed-boun-abdallah-dionne\/#primaryimage\",\"url\":\"https:\/\/www.public.sn\/wp-content\/uploads\/2024\/04\/Senegalese_Prime_Minister_Mahammed_Boun_Abdallah_Dionne_Signs_Secretary_Pompeos_Guestbook_31321451927.jpeg\",\"contentUrl\":\"https:\/\/www.public.sn\/wp-content\/uploads\/2024\/04\/Senegalese_Prime_Minister_Mahammed_Boun_Abdallah_Dionne_Signs_Secretary_Pompeos_Guestbook_31321451927.jpeg\",\"width\":1200,\"height\":800},{\"@type\":\"BreadcrumbList\",\"@id\":\"https:\/\/www.public.sn\/index.php\/2024\/04\/05\/le-deces-de-lancien-premier-ministre-mahammed-boun-abdallah-dionne\/#breadcrumb\",\"itemListElement\":[{\"@type\":\"ListItem\",\"position\":1,\"name\":\"Accueil\",\"item\":\"https:\/\/www.public.sn\/\"},{\"@type\":\"ListItem\",\"position\":2,\"name\":\"Le D\u00e9c\u00e8s de l&rsquo;Ancien Premier Ministre Mahammed Boun Abdallah Dionne\"}]},{\"@type\":\"WebSite\",\"@id\":\"https:\/\/www.public.sn\/#website\",\"url\":\"https:\/\/www.public.sn\/\",\"name\":\"LE PUBLIC\",\"description\":\"\",\"publisher\":{\"@id\":\"https:\/\/www.public.sn\/#organization\"},\"potentialAction\":[{\"@type\":\"SearchAction\",\"target\":{\"@type\":\"EntryPoint\",\"urlTemplate\":\"https:\/\/www.public.sn\/?s={search_term_string}\"},\"query-input\":{\"@type\":\"PropertyValueSpecification\",\"valueRequired\":true,\"valueName\":\"search_term_string\"}}],\"inLanguage\":\"fr-FR\"},{\"@type\":\"Organization\",\"@id\":\"https:\/\/www.public.sn\/#organization\",\"name\":\"LE PUBLIC\",\"url\":\"https:\/\/www.public.sn\/\",\"logo\":{\"@type\":\"ImageObject\",\"inLanguage\":\"fr-FR\",\"@id\":\"https:\/\/www.public.sn\/#\/schema\/logo\/image\/\",\"url\":\"https:\/\/www.public.sn\/wp-content\/uploads\/2024\/05\/cropped-LOGO-PUBLIC.SN_.png\",\"contentUrl\":\"https:\/\/www.public.sn\/wp-content\/uploads\/2024\/05\/cropped-LOGO-PUBLIC.SN_.png\",\"width\":682,\"height\":192,\"caption\":\"LE PUBLIC\"},\"image\":{\"@id\":\"https:\/\/www.public.sn\/#\/schema\/logo\/image\/\"}},{\"@type\":\"Person\",\"@id\":\"https:\/\/www.public.sn\/#\/schema\/person\/0cb769602dc17ecb89fd54a2197a221a\",\"name\":\"Man\u00e9 Ba\",\"image\":{\"@type\":\"ImageObject\",\"inLanguage\":\"fr-FR\",\"@id\":\"https:\/\/www.public.sn\/#\/schema\/person\/image\/\",\"url\":\"https:\/\/secure.gravatar.com\/avatar\/b31a37f6b2529b7e9303b5aacf26777a86815e524f04961246da8183f5e2535a?s=96&d=mm&r=g\",\"contentUrl\":\"https:\/\/secure.gravatar.com\/avatar\/b31a37f6b2529b7e9303b5aacf26777a86815e524f04961246da8183f5e2535a?s=96&d=mm&r=g\",\"caption\":\"Man\u00e9 Ba\"},\"url\":\"https:\/\/www.public.sn\/index.php\/author\/bamanesen\/\"}]}<\/script>\n<!-- \/ Yoast SEO plugin. -->","yoast_head_json":{"title":"Le D\u00e9c\u00e8s de l'Ancien Premier Ministre Mahammed Boun Abdallah Dionne - LE PUBLIC","robots":{"index":"index","follow":"follow","max-snippet":"max-snippet:-1","max-image-preview":"max-image-preview:large","max-video-preview":"max-video-preview:-1"},"canonical":"https:\/\/www.public.sn\/index.php\/2024\/04\/05\/le-deces-de-lancien-premier-ministre-mahammed-boun-abdallah-dionne\/","og_locale":"fr_FR","og_type":"article","og_title":"Le D\u00e9c\u00e8s de l'Ancien Premier Ministre Mahammed Boun Abdallah Dionne - LE PUBLIC","og_description":"L&rsquo;ancien Premier Ministre et candidat \u00e0 la r\u00e9cente \u00e9lection pr\u00e9sidentielle, Mahammed Boun Abdallah Dionne, est d\u00e9c\u00e9d\u00e9 \u00e0 Paris le vendredi 5 avril 2024. Hospitalis\u00e9 quelques jours avant le scrutin du 24 mars dernier, ce membre pr\u00e9c\u00e9demment associ\u00e9 \u00e0 Benno Bokk Yakaar avait quitt\u00e9 la coalition pr\u00e9sidentielle pour poursuivre ses ambitions pr\u00e9sidentielles. Son \u00e9tat n\u00e9cessitant des soins sp\u00e9cialis\u00e9s, il avait \u00e9t\u00e9 \u00e9vacu\u00e9 en urgence vers Paris le jour du vote. Ag\u00e9 de 64 ans, Mahammed Boun Abdallah Dionne, dipl\u00f4m\u00e9 en informatique de l&rsquo;Universit\u00e9 Pierre-Mend\u00e8s de Grenoble, sera inhum\u00e9 dans sa ville natale de Gossas. La r\u00e9daction de Seneweb pr\u00e9sente ses condol\u00e9ances les plus sinc\u00e8res \u00e0 la famille du d\u00e9funt ainsi qu&rsquo;\u00e0 toute la nation.","og_url":"https:\/\/www.public.sn\/index.php\/2024\/04\/05\/le-deces-de-lancien-premier-ministre-mahammed-boun-abdallah-dionne\/","og_site_name":"LE PUBLIC","article_published_time":"2024-04-05T18:23:23+00:00","og_image":[{"width":1200,"height":800,"url":"https:\/\/www.public.sn\/wp-content\/uploads\/2024\/04\/Senegalese_Prime_Minister_Mahammed_Boun_Abdallah_Dionne_Signs_Secretary_Pompeos_Guestbook_31321451927.jpeg","type":"image\/jpeg"}],"author":"Man\u00e9 Ba","twitter_card":"summary_large_image","twitter_misc":{"\u00c9crit par":"Man\u00e9 Ba","Dur\u00e9e de lecture estim\u00e9e":"1 minute"},"schema":{"@context":"https:\/\/schema.org","@graph":[{"@type":"Article","@id":"https:\/\/www.public.sn\/index.php\/2024\/04\/05\/le-deces-de-lancien-premier-ministre-mahammed-boun-abdallah-dionne\/#article","isPartOf":{"@id":"https:\/\/www.public.sn\/index.php\/2024\/04\/05\/le-deces-de-lancien-premier-ministre-mahammed-boun-abdallah-dionne\/"},"author":{"name":"Man\u00e9 Ba","@id":"https:\/\/www.public.sn\/#\/schema\/person\/0cb769602dc17ecb89fd54a2197a221a"},"headline":"Le D\u00e9c\u00e8s de l&rsquo;Ancien Premier Ministre Mahammed Boun Abdallah Dionne","datePublished":"2024-04-05T18:23:23+00:00","mainEntityOfPage":{"@id":"https:\/\/www.public.sn\/index.php\/2024\/04\/05\/le-deces-de-lancien-premier-ministre-mahammed-boun-abdallah-dionne\/"},"wordCount":135,"commentCount":0,"publisher":{"@id":"https:\/\/www.public.sn\/#organization"},"image":{"@id":"https:\/\/www.public.sn\/index.php\/2024\/04\/05\/le-deces-de-lancien-premier-ministre-mahammed-boun-abdallah-dionne\/#primaryimage"},"thumbnailUrl":"https:\/\/www.public.sn\/wp-content\/uploads\/2024\/04\/Senegalese_Prime_Minister_Mahammed_Boun_Abdallah_Dionne_Signs_Secretary_Pompeos_Guestbook_31321451927.jpeg","keywords":["boun abdallah dionne","N\u00e9crologie"],"articleSection":["ACTUALIT\u00c9S","BUZZ","N\u00c9CROLOGIE","VEDETTE"],"inLanguage":"fr-FR","potentialAction":[{"@type":"CommentAction","name":"Comment","target":["https:\/\/www.public.sn\/index.php\/2024\/04\/05\/le-deces-de-lancien-premier-ministre-mahammed-boun-abdallah-dionne\/#respond"]}]},{"@type":"WebPage","@id":"https:\/\/www.public.sn\/index.php\/2024\/04\/05\/le-deces-de-lancien-premier-ministre-mahammed-boun-abdallah-dionne\/","url":"https:\/\/www.public.sn\/index.php\/2024\/04\/05\/le-deces-de-lancien-premier-ministre-mahammed-boun-abdallah-dionne\/","name":"Le D\u00e9c\u00e8s de l'Ancien Premier Ministre Mahammed Boun Abdallah Dionne - LE PUBLIC","isPartOf":{"@id":"https:\/\/www.public.sn\/#website"},"primaryImageOfPage":{"@id":"https:\/\/www.public.sn\/index.php\/2024\/04\/05\/le-deces-de-lancien-premier-ministre-mahammed-boun-abdallah-dionne\/#primaryimage"},"image":{"@id":"https:\/\/www.public.sn\/index.php\/2024\/04\/05\/le-deces-de-lancien-premier-ministre-mahammed-boun-abdallah-dionne\/#primaryimage"},"thumbnailUrl":"https:\/\/www.public.sn\/wp-content\/uploads\/2024\/04\/Senegalese_Prime_Minister_Mahammed_Boun_Abdallah_Dionne_Signs_Secretary_Pompeos_Guestbook_31321451927.jpeg","datePublished":"2024-04-05T18:23:23+00:00","breadcrumb":{"@id":"https:\/\/www.public.sn\/index.php\/2024\/04\/05\/le-deces-de-lancien-premier-ministre-mahammed-boun-abdallah-dionne\/#breadcrumb"},"inLanguage":"fr-FR","potentialAction":[{"@type":"ReadAction","target":["https:\/\/www.public.sn\/index.php\/2024\/04\/05\/le-deces-de-lancien-premier-ministre-mahammed-boun-abdallah-dionne\/"]}]},{"@type":"ImageObject","inLanguage":"fr-FR","@id":"https:\/\/www.public.sn\/index.php\/2024\/04\/05\/le-deces-de-lancien-premier-ministre-mahammed-boun-abdallah-dionne\/#primaryimage","url":"https:\/\/www.public.sn\/wp-content\/uploads\/2024\/04\/Senegalese_Prime_Minister_Mahammed_Boun_Abdallah_Dionne_Signs_Secretary_Pompeos_Guestbook_31321451927.jpeg","contentUrl":"https:\/\/www.public.sn\/wp-content\/uploads\/2024\/04\/Senegalese_Prime_Minister_Mahammed_Boun_Abdallah_Dionne_Signs_Secretary_Pompeos_Guestbook_31321451927.jpeg","width":1200,"height":800},{"@type":"BreadcrumbList","@id":"https:\/\/www.public.sn\/index.php\/2024\/04\/05\/le-deces-de-lancien-premier-ministre-mahammed-boun-abdallah-dionne\/#breadcrumb","itemListElement":[{"@type":"ListItem","position":1,"name":"Accueil","item":"https:\/\/www.public.sn\/"},{"@type":"ListItem","position":2,"name":"Le D\u00e9c\u00e8s de l&rsquo;Ancien Premier Ministre Mahammed Boun Abdallah Dionne"}]},{"@type":"WebSite","@id":"https:\/\/www.public.sn\/#website","url":"https:\/\/www.public.sn\/","name":"LE PUBLIC","description":"","publisher":{"@id":"https:\/\/www.public.sn\/#organization"},"potentialAction":[{"@type":"SearchAction","target":{"@type":"EntryPoint","urlTemplate":"https:\/\/www.public.sn\/?s={search_term_string}"},"query-input":{"@type":"PropertyValueSpecification","valueRequired":true,"valueName":"search_term_string"}}],"inLanguage":"fr-FR"},{"@type":"Organization","@id":"https:\/\/www.public.sn\/#organization","name":"LE PUBLIC","url":"https:\/\/www.public.sn\/","logo":{"@type":"ImageObject","inLanguage":"fr-FR","@id":"https:\/\/www.public.sn\/#\/schema\/logo\/image\/","url":"https:\/\/www.public.sn\/wp-content\/uploads\/2024\/05\/cropped-LOGO-PUBLIC.SN_.png","contentUrl":"https:\/\/www.public.sn\/wp-content\/uploads\/2024\/05\/cropped-LOGO-PUBLIC.SN_.png","width":682,"height":192,"caption":"LE PUBLIC"},"image":{"@id":"https:\/\/www.public.sn\/#\/schema\/logo\/image\/"}},{"@type":"Person","@id":"https:\/\/www.public.sn\/#\/schema\/person\/0cb769602dc17ecb89fd54a2197a221a","name":"Man\u00e9 Ba","image":{"@type":"ImageObject","inLanguage":"fr-FR","@id":"https:\/\/www.public.sn\/#\/schema\/person\/image\/","url":"https:\/\/secure.gravatar.com\/avatar\/b31a37f6b2529b7e9303b5aacf26777a86815e524f04961246da8183f5e2535a?s=96&d=mm&r=g","contentUrl":"https:\/\/secure.gravatar.com\/avatar\/b31a37f6b2529b7e9303b5aacf26777a86815e524f04961246da8183f5e2535a?s=96&d=mm&r=g","caption":"Man\u00e9 Ba"},"url":"https:\/\/www.public.sn\/index.php\/author\/bamanesen\/"}]}},"jetpack_featured_media_url":"https:\/\/www.public.sn\/wp-content\/uploads\/2024\/04\/Senegalese_Prime_Minister_Mahammed_Boun_Abdallah_Dionne_Signs_Secretary_Pompeos_Guestbook_31321451927.jpeg","jetpack_sharing_enabled":true,"_links":{"self":[{"href":"https:\/\/www.public.sn\/index.php\/wp-json\/wp\/v2\/posts\/31736","targetHints":{"allow":["GET"]}}],"collection":[{"href":"https:\/\/www.public.sn\/index.php\/wp-json\/wp\/v2\/posts"}],"about":[{"href":"https:\/\/www.public.sn\/index.php\/wp-json\/wp\/v2\/types\/post"}],"author":[{"embeddable":true,"href":"https:\/\/www.public.sn\/index.php\/wp-json\/wp\/v2\/users\/12"}],"replies":[{"embeddable":true,"href":"https:\/\/www.public.sn\/index.php\/wp-json\/wp\/v2\/comments?post=31736"}],"version-history":[{"count":1,"href":"https:\/\/www.public.sn\/index.php\/wp-json\/wp\/v2\/posts\/31736\/revisions"}],"predecessor-version":[{"id":31738,"href":"https:\/\/www.public.sn\/index.php\/wp-json\/wp\/v2\/posts\/31736\/revisions\/31738"}],"wp:featuredmedia":[{"embeddable":true,"href":"https:\/\/www.public.sn\/index.php\/wp-json\/wp\/v2\/media\/31737"}],"wp:attachment":[{"href":"https:\/\/www.public.sn\/index.php\/wp-json\/wp\/v2\/media?parent=31736"}],"wp:term":[{"taxonomy":"category","embeddable":true,"href":"https:\/\/www.public.sn\/index.php\/wp-json\/wp\/v2\/categories?post=31736"},{"taxonomy":"post_tag","embeddable":true,"href":"https:\/\/www.public.sn\/index.php\/wp-json\/wp\/v2\/tags?post=31736"}],"curies":[{"name":"wp","href":"https:\/\/api.w.org\/{rel}","templated":true}]}}