{"id":31742,"date":"2024-04-05T18:35:50","date_gmt":"2024-04-05T18:35:50","guid":{"rendered":"https:\/\/www.public.sn\/?p=31742"},"modified":"2024-04-05T18:35:50","modified_gmt":"2024-04-05T18:35:50","slug":"casamance-felicitations-de-laile-mangokouro-du-mfdc-a-bassirou-diomaye-faye-et-ses-attentes","status":"publish","type":"post","link":"https:\/\/www.public.sn\/index.php\/2024\/04\/05\/casamance-felicitations-de-laile-mangokouro-du-mfdc-a-bassirou-diomaye-faye-et-ses-attentes\/","title":{"rendered":"Casamance : F\u00e9licitations de l&rsquo;Aile Mangokouro du MFDC \u00e0 Bassirou Diomaye Faye et ses Attentes"},"content":{"rendered":"<p>L&rsquo;aile Mangokouro du Mouvement des Forces D\u00e9mocratiques de la Casamance (MFDC) adresse ses f\u00e9licitations au nouveau pr\u00e9sident, Bassirou Diomaye Faye, pour son \u00e9lection \u00e0 la magistrature supr\u00eame. Le porte-parole, Amidou Djiba, exprime ses v\u0153ux de r\u00e9ussite dans cette \u00ab\u00a0mission exaltante\u00a0\u00bb.<\/p><div class=\"publi-paragraphe1\" style=\"margin-top: 10px;margin-bottom: 10px;margin-left: auto;margin-right: auto;text-align: center;\" id=\"publi-2685173670\"><div class=\"publi-adlabel\">Publicit\u00e9<\/div><script async src=\"\/\/pagead2.googlesyndication.com\/pagead\/js\/adsbygoogle.js?client=ca-pub-4089586018074219\" crossorigin=\"anonymous\"><\/script><ins class=\"adsbygoogle\" style=\"display:block;\" data-ad-client=\"ca-pub-4089586018074219\" \ndata-ad-slot=\"2087940154\" \ndata-ad-format=\"auto\"><\/ins>\n<script> \n(adsbygoogle = window.adsbygoogle || []).push({}); \n<\/script>\n<\/div>\n<p>Cependant, cette faction exprime des regrets quant au fait que le nouveau pr\u00e9sident n&rsquo;ait pas abord\u00e9 la crise en Casamance lors de son discours \u00e0 la nation. \u00ab\u00a0Nous attendons, peut-\u00eatre qu&rsquo;au moins lui n&rsquo;utilisera pas les m\u00eames m\u00e9thodes que ses pr\u00e9d\u00e9cesseurs\u00a0\u00bb, a d\u00e9clar\u00e9 le porte-parole du MFDC Mangokouro dans une d\u00e9claration relay\u00e9e par nos confr\u00e8res de Zig FM et TV.<\/p>\n<p>Cette faction de Mangokouro attend du pr\u00e9sident de la R\u00e9publique et de son Premier ministre, Ousmane Sonko, qu&rsquo;ils trouvent une r\u00e9solution \u00e0 la crise en Casamance, qui est dans une phase de ni paix ni guerre depuis plusieurs ann\u00e9es.<\/p>\n<div class=\"publi-apres-le-contenu\" style=\"margin-top: 10px;margin-bottom: 10px;margin-left: auto;margin-right: auto;text-align: center;\" id=\"publi-2878170693\"><div class=\"publi-adlabel\">Publicit\u00e9<\/div><script async src=\"\/\/pagead2.googlesyndication.com\/pagead\/js\/adsbygoogle.js?client=ca-pub-4089586018074219\" crossorigin=\"anonymous\"><\/script><ins class=\"adsbygoogle\" style=\"display:block;\" data-ad-client=\"ca-pub-4089586018074219\" \ndata-ad-slot=\"2087940154\" \ndata-ad-format=\"auto\"><\/ins>\n<script> \n(adsbygoogle = window.adsbygoogle || []).push({}); \n<\/script>\n<\/div>","protected":false},"excerpt":{"rendered":"<p>L&rsquo;aile Mangokouro du Mouvement des Forces D\u00e9mocratiques de la Casamance (MFDC) adresse ses f\u00e9licitations au nouveau pr\u00e9sident, Bassirou Diomaye Faye, pour son \u00e9lection \u00e0 la magistrature supr\u00eame. Le porte-parole, Amidou Djiba, exprime ses v\u0153ux de r\u00e9ussite dans cette \u00ab\u00a0mission exaltante\u00a0\u00bb. Cependant, cette faction exprime des regrets quant au fait que le nouveau pr\u00e9sident n&rsquo;ait pas abord\u00e9 la crise en Casamance lors de son discours \u00e0 la nation. \u00ab\u00a0Nous attendons, peut-\u00eatre qu&rsquo;au moins lui n&rsquo;utilisera pas les m\u00eames m\u00e9thodes que ses pr\u00e9d\u00e9cesseurs\u00a0\u00bb, a d\u00e9clar\u00e9 le porte-parole du MFDC Mangokouro dans une d\u00e9claration relay\u00e9e par nos confr\u00e8res de Zig FM et TV. Cette faction de Mangokouro attend du pr\u00e9sident de la R\u00e9publique et de son Premier ministre, Ousmane Sonko, qu&rsquo;ils trouvent une r\u00e9solution \u00e0 la crise en Casamance, qui est dans une phase de ni paix ni guerre depuis plusieurs ann\u00e9es.<\/p>\n","protected":false},"author":12,"featured_media":31743,"comment_status":"open","ping_status":"open","sticky":false,"template":"","format":"standard","meta":{"_jetpack_memberships_contains_paid_content":false,"footnotes":""},"categories":[375,1023,4],"tags":[559],"class_list":["post-31742","post","type-post","status-publish","format-standard","has-post-thumbnail","hentry","category-actualites","category-buzz","category-societe","tag-casamance","entry","has-media","owp-thumbs-layout-horizontal","owp-btn-normal","owp-tabs-layout-horizontal","has-no-thumbnails","has-product-nav"],"yoast_head":"<!-- This site is optimized with the Yoast SEO plugin v25.5 - https:\/\/yoast.com\/wordpress\/plugins\/seo\/ -->\n<title>Casamance : F\u00e9licitations de l&#039;Aile Mangokouro du MFDC \u00e0 Bassirou Diomaye Faye et ses Attentes - LE PUBLIC<\/title>\n<meta name=\"robots\" content=\"index, follow, max-snippet:-1, max-image-preview:large, max-video-preview:-1\" \/>\n<link rel=\"canonical\" href=\"https:\/\/www.public.sn\/index.php\/2024\/04\/05\/casamance-felicitations-de-laile-mangokouro-du-mfdc-a-bassirou-diomaye-faye-et-ses-attentes\/\" \/>\n<meta property=\"og:locale\" content=\"fr_FR\" \/>\n<meta property=\"og:type\" content=\"article\" \/>\n<meta property=\"og:title\" content=\"Casamance : F\u00e9licitations de l&#039;Aile Mangokouro du MFDC \u00e0 Bassirou Diomaye Faye et ses Attentes - LE PUBLIC\" \/>\n<meta property=\"og:description\" content=\"L&rsquo;aile Mangokouro du Mouvement des Forces D\u00e9mocratiques de la Casamance (MFDC) adresse ses f\u00e9licitations au nouveau pr\u00e9sident, Bassirou Diomaye Faye, pour son \u00e9lection \u00e0 la magistrature supr\u00eame. Le porte-parole, Amidou Djiba, exprime ses v\u0153ux de r\u00e9ussite dans cette \u00ab\u00a0mission exaltante\u00a0\u00bb. Cependant, cette faction exprime des regrets quant au fait que le nouveau pr\u00e9sident n&rsquo;ait pas abord\u00e9 la crise en Casamance lors de son discours \u00e0 la nation. \u00ab\u00a0Nous attendons, peut-\u00eatre qu&rsquo;au moins lui n&rsquo;utilisera pas les m\u00eames m\u00e9thodes que ses pr\u00e9d\u00e9cesseurs\u00a0\u00bb, a d\u00e9clar\u00e9 le porte-parole du MFDC Mangokouro dans une d\u00e9claration relay\u00e9e par nos confr\u00e8res de Zig FM et TV. Cette faction de Mangokouro attend du pr\u00e9sident de la R\u00e9publique et de son Premier ministre, Ousmane Sonko, qu&rsquo;ils trouvent une r\u00e9solution \u00e0 la crise en Casamance, qui est dans une phase de ni paix ni guerre depuis plusieurs ann\u00e9es.\" \/>\n<meta property=\"og:url\" content=\"https:\/\/www.public.sn\/index.php\/2024\/04\/05\/casamance-felicitations-de-laile-mangokouro-du-mfdc-a-bassirou-diomaye-faye-et-ses-attentes\/\" \/>\n<meta property=\"og:site_name\" content=\"LE PUBLIC\" \/>\n<meta property=\"article:published_time\" content=\"2024-04-05T18:35:50+00:00\" \/>\n<meta property=\"og:image\" content=\"https:\/\/www.public.sn\/wp-content\/uploads\/2024\/04\/MINIATURE-a-refaire-OK-copie-1.jpg\" \/>\n\t<meta property=\"og:image:width\" content=\"1280\" \/>\n\t<meta property=\"og:image:height\" content=\"720\" \/>\n\t<meta property=\"og:image:type\" content=\"image\/jpeg\" \/>\n<meta name=\"author\" content=\"Man\u00e9 Ba\" \/>\n<meta name=\"twitter:card\" content=\"summary_large_image\" \/>\n<meta name=\"twitter:label1\" content=\"\u00c9crit par\" \/>\n\t<meta name=\"twitter:data1\" content=\"Man\u00e9 Ba\" \/>\n\t<meta name=\"twitter:label2\" content=\"Dur\u00e9e de lecture estim\u00e9e\" \/>\n\t<meta name=\"twitter:data2\" content=\"1 minute\" \/>\n<script type=\"application\/ld+json\" class=\"yoast-schema-graph\">{\"@context\":\"https:\/\/schema.org\",\"@graph\":[{\"@type\":\"Article\",\"@id\":\"https:\/\/www.public.sn\/index.php\/2024\/04\/05\/casamance-felicitations-de-laile-mangokouro-du-mfdc-a-bassirou-diomaye-faye-et-ses-attentes\/#article\",\"isPartOf\":{\"@id\":\"https:\/\/www.public.sn\/index.php\/2024\/04\/05\/casamance-felicitations-de-laile-mangokouro-du-mfdc-a-bassirou-diomaye-faye-et-ses-attentes\/\"},\"author\":{\"name\":\"Man\u00e9 Ba\",\"@id\":\"https:\/\/www.public.sn\/#\/schema\/person\/0cb769602dc17ecb89fd54a2197a221a\"},\"headline\":\"Casamance : F\u00e9licitations de l&rsquo;Aile Mangokouro du MFDC \u00e0 Bassirou Diomaye Faye et ses Attentes\",\"datePublished\":\"2024-04-05T18:35:50+00:00\",\"mainEntityOfPage\":{\"@id\":\"https:\/\/www.public.sn\/index.php\/2024\/04\/05\/casamance-felicitations-de-laile-mangokouro-du-mfdc-a-bassirou-diomaye-faye-et-ses-attentes\/\"},\"wordCount\":170,\"commentCount\":0,\"publisher\":{\"@id\":\"https:\/\/www.public.sn\/#organization\"},\"image\":{\"@id\":\"https:\/\/www.public.sn\/index.php\/2024\/04\/05\/casamance-felicitations-de-laile-mangokouro-du-mfdc-a-bassirou-diomaye-faye-et-ses-attentes\/#primaryimage\"},\"thumbnailUrl\":\"https:\/\/www.public.sn\/wp-content\/uploads\/2024\/04\/MINIATURE-a-refaire-OK-copie-1.jpg\",\"keywords\":[\"Casamance\"],\"articleSection\":[\"ACTUALIT\u00c9S\",\"BUZZ\",\"SOCIETE\"],\"inLanguage\":\"fr-FR\",\"potentialAction\":[{\"@type\":\"CommentAction\",\"name\":\"Comment\",\"target\":[\"https:\/\/www.public.sn\/index.php\/2024\/04\/05\/casamance-felicitations-de-laile-mangokouro-du-mfdc-a-bassirou-diomaye-faye-et-ses-attentes\/#respond\"]}]},{\"@type\":\"WebPage\",\"@id\":\"https:\/\/www.public.sn\/index.php\/2024\/04\/05\/casamance-felicitations-de-laile-mangokouro-du-mfdc-a-bassirou-diomaye-faye-et-ses-attentes\/\",\"url\":\"https:\/\/www.public.sn\/index.php\/2024\/04\/05\/casamance-felicitations-de-laile-mangokouro-du-mfdc-a-bassirou-diomaye-faye-et-ses-attentes\/\",\"name\":\"Casamance : F\u00e9licitations de l'Aile Mangokouro du MFDC \u00e0 Bassirou Diomaye Faye et ses Attentes - LE PUBLIC\",\"isPartOf\":{\"@id\":\"https:\/\/www.public.sn\/#website\"},\"primaryImageOfPage\":{\"@id\":\"https:\/\/www.public.sn\/index.php\/2024\/04\/05\/casamance-felicitations-de-laile-mangokouro-du-mfdc-a-bassirou-diomaye-faye-et-ses-attentes\/#primaryimage\"},\"image\":{\"@id\":\"https:\/\/www.public.sn\/index.php\/2024\/04\/05\/casamance-felicitations-de-laile-mangokouro-du-mfdc-a-bassirou-diomaye-faye-et-ses-attentes\/#primaryimage\"},\"thumbnailUrl\":\"https:\/\/www.public.sn\/wp-content\/uploads\/2024\/04\/MINIATURE-a-refaire-OK-copie-1.jpg\",\"datePublished\":\"2024-04-05T18:35:50+00:00\",\"breadcrumb\":{\"@id\":\"https:\/\/www.public.sn\/index.php\/2024\/04\/05\/casamance-felicitations-de-laile-mangokouro-du-mfdc-a-bassirou-diomaye-faye-et-ses-attentes\/#breadcrumb\"},\"inLanguage\":\"fr-FR\",\"potentialAction\":[{\"@type\":\"ReadAction\",\"target\":[\"https:\/\/www.public.sn\/index.php\/2024\/04\/05\/casamance-felicitations-de-laile-mangokouro-du-mfdc-a-bassirou-diomaye-faye-et-ses-attentes\/\"]}]},{\"@type\":\"ImageObject\",\"inLanguage\":\"fr-FR\",\"@id\":\"https:\/\/www.public.sn\/index.php\/2024\/04\/05\/casamance-felicitations-de-laile-mangokouro-du-mfdc-a-bassirou-diomaye-faye-et-ses-attentes\/#primaryimage\",\"url\":\"https:\/\/www.public.sn\/wp-content\/uploads\/2024\/04\/MINIATURE-a-refaire-OK-copie-1.jpg\",\"contentUrl\":\"https:\/\/www.public.sn\/wp-content\/uploads\/2024\/04\/MINIATURE-a-refaire-OK-copie-1.jpg\",\"width\":1280,\"height\":720},{\"@type\":\"BreadcrumbList\",\"@id\":\"https:\/\/www.public.sn\/index.php\/2024\/04\/05\/casamance-felicitations-de-laile-mangokouro-du-mfdc-a-bassirou-diomaye-faye-et-ses-attentes\/#breadcrumb\",\"itemListElement\":[{\"@type\":\"ListItem\",\"position\":1,\"name\":\"Accueil\",\"item\":\"https:\/\/www.public.sn\/\"},{\"@type\":\"ListItem\",\"position\":2,\"name\":\"Casamance : F\u00e9licitations de l&rsquo;Aile Mangokouro du MFDC \u00e0 Bassirou Diomaye Faye et ses Attentes\"}]},{\"@type\":\"WebSite\",\"@id\":\"https:\/\/www.public.sn\/#website\",\"url\":\"https:\/\/www.public.sn\/\",\"name\":\"LE PUBLIC\",\"description\":\"\",\"publisher\":{\"@id\":\"https:\/\/www.public.sn\/#organization\"},\"potentialAction\":[{\"@type\":\"SearchAction\",\"target\":{\"@type\":\"EntryPoint\",\"urlTemplate\":\"https:\/\/www.public.sn\/?s={search_term_string}\"},\"query-input\":{\"@type\":\"PropertyValueSpecification\",\"valueRequired\":true,\"valueName\":\"search_term_string\"}}],\"inLanguage\":\"fr-FR\"},{\"@type\":\"Organization\",\"@id\":\"https:\/\/www.public.sn\/#organization\",\"name\":\"LE PUBLIC\",\"url\":\"https:\/\/www.public.sn\/\",\"logo\":{\"@type\":\"ImageObject\",\"inLanguage\":\"fr-FR\",\"@id\":\"https:\/\/www.public.sn\/#\/schema\/logo\/image\/\",\"url\":\"https:\/\/www.public.sn\/wp-content\/uploads\/2024\/05\/cropped-LOGO-PUBLIC.SN_.png\",\"contentUrl\":\"https:\/\/www.public.sn\/wp-content\/uploads\/2024\/05\/cropped-LOGO-PUBLIC.SN_.png\",\"width\":682,\"height\":192,\"caption\":\"LE PUBLIC\"},\"image\":{\"@id\":\"https:\/\/www.public.sn\/#\/schema\/logo\/image\/\"}},{\"@type\":\"Person\",\"@id\":\"https:\/\/www.public.sn\/#\/schema\/person\/0cb769602dc17ecb89fd54a2197a221a\",\"name\":\"Man\u00e9 Ba\",\"image\":{\"@type\":\"ImageObject\",\"inLanguage\":\"fr-FR\",\"@id\":\"https:\/\/www.public.sn\/#\/schema\/person\/image\/\",\"url\":\"https:\/\/secure.gravatar.com\/avatar\/b31a37f6b2529b7e9303b5aacf26777a86815e524f04961246da8183f5e2535a?s=96&d=mm&r=g\",\"contentUrl\":\"https:\/\/secure.gravatar.com\/avatar\/b31a37f6b2529b7e9303b5aacf26777a86815e524f04961246da8183f5e2535a?s=96&d=mm&r=g\",\"caption\":\"Man\u00e9 Ba\"},\"url\":\"https:\/\/www.public.sn\/index.php\/author\/bamanesen\/\"}]}<\/script>\n<!-- \/ Yoast SEO plugin. -->","yoast_head_json":{"title":"Casamance : F\u00e9licitations de l'Aile Mangokouro du MFDC \u00e0 Bassirou Diomaye Faye et ses Attentes - LE PUBLIC","robots":{"index":"index","follow":"follow","max-snippet":"max-snippet:-1","max-image-preview":"max-image-preview:large","max-video-preview":"max-video-preview:-1"},"canonical":"https:\/\/www.public.sn\/index.php\/2024\/04\/05\/casamance-felicitations-de-laile-mangokouro-du-mfdc-a-bassirou-diomaye-faye-et-ses-attentes\/","og_locale":"fr_FR","og_type":"article","og_title":"Casamance : F\u00e9licitations de l'Aile Mangokouro du MFDC \u00e0 Bassirou Diomaye Faye et ses Attentes - LE PUBLIC","og_description":"L&rsquo;aile Mangokouro du Mouvement des Forces D\u00e9mocratiques de la Casamance (MFDC) adresse ses f\u00e9licitations au nouveau pr\u00e9sident, Bassirou Diomaye Faye, pour son \u00e9lection \u00e0 la magistrature supr\u00eame. Le porte-parole, Amidou Djiba, exprime ses v\u0153ux de r\u00e9ussite dans cette \u00ab\u00a0mission exaltante\u00a0\u00bb. Cependant, cette faction exprime des regrets quant au fait que le nouveau pr\u00e9sident n&rsquo;ait pas abord\u00e9 la crise en Casamance lors de son discours \u00e0 la nation. \u00ab\u00a0Nous attendons, peut-\u00eatre qu&rsquo;au moins lui n&rsquo;utilisera pas les m\u00eames m\u00e9thodes que ses pr\u00e9d\u00e9cesseurs\u00a0\u00bb, a d\u00e9clar\u00e9 le porte-parole du MFDC Mangokouro dans une d\u00e9claration relay\u00e9e par nos confr\u00e8res de Zig FM et TV. Cette faction de Mangokouro attend du pr\u00e9sident de la R\u00e9publique et de son Premier ministre, Ousmane Sonko, qu&rsquo;ils trouvent une r\u00e9solution \u00e0 la crise en Casamance, qui est dans une phase de ni paix ni guerre depuis plusieurs ann\u00e9es.","og_url":"https:\/\/www.public.sn\/index.php\/2024\/04\/05\/casamance-felicitations-de-laile-mangokouro-du-mfdc-a-bassirou-diomaye-faye-et-ses-attentes\/","og_site_name":"LE PUBLIC","article_published_time":"2024-04-05T18:35:50+00:00","og_image":[{"width":1280,"height":720,"url":"https:\/\/www.public.sn\/wp-content\/uploads\/2024\/04\/MINIATURE-a-refaire-OK-copie-1.jpg","type":"image\/jpeg"}],"author":"Man\u00e9 Ba","twitter_card":"summary_large_image","twitter_misc":{"\u00c9crit par":"Man\u00e9 Ba","Dur\u00e9e de lecture estim\u00e9e":"1 minute"},"schema":{"@context":"https:\/\/schema.org","@graph":[{"@type":"Article","@id":"https:\/\/www.public.sn\/index.php\/2024\/04\/05\/casamance-felicitations-de-laile-mangokouro-du-mfdc-a-bassirou-diomaye-faye-et-ses-attentes\/#article","isPartOf":{"@id":"https:\/\/www.public.sn\/index.php\/2024\/04\/05\/casamance-felicitations-de-laile-mangokouro-du-mfdc-a-bassirou-diomaye-faye-et-ses-attentes\/"},"author":{"name":"Man\u00e9 Ba","@id":"https:\/\/www.public.sn\/#\/schema\/person\/0cb769602dc17ecb89fd54a2197a221a"},"headline":"Casamance : F\u00e9licitations de l&rsquo;Aile Mangokouro du MFDC \u00e0 Bassirou Diomaye Faye et ses Attentes","datePublished":"2024-04-05T18:35:50+00:00","mainEntityOfPage":{"@id":"https:\/\/www.public.sn\/index.php\/2024\/04\/05\/casamance-felicitations-de-laile-mangokouro-du-mfdc-a-bassirou-diomaye-faye-et-ses-attentes\/"},"wordCount":170,"commentCount":0,"publisher":{"@id":"https:\/\/www.public.sn\/#organization"},"image":{"@id":"https:\/\/www.public.sn\/index.php\/2024\/04\/05\/casamance-felicitations-de-laile-mangokouro-du-mfdc-a-bassirou-diomaye-faye-et-ses-attentes\/#primaryimage"},"thumbnailUrl":"https:\/\/www.public.sn\/wp-content\/uploads\/2024\/04\/MINIATURE-a-refaire-OK-copie-1.jpg","keywords":["Casamance"],"articleSection":["ACTUALIT\u00c9S","BUZZ","SOCIETE"],"inLanguage":"fr-FR","potentialAction":[{"@type":"CommentAction","name":"Comment","target":["https:\/\/www.public.sn\/index.php\/2024\/04\/05\/casamance-felicitations-de-laile-mangokouro-du-mfdc-a-bassirou-diomaye-faye-et-ses-attentes\/#respond"]}]},{"@type":"WebPage","@id":"https:\/\/www.public.sn\/index.php\/2024\/04\/05\/casamance-felicitations-de-laile-mangokouro-du-mfdc-a-bassirou-diomaye-faye-et-ses-attentes\/","url":"https:\/\/www.public.sn\/index.php\/2024\/04\/05\/casamance-felicitations-de-laile-mangokouro-du-mfdc-a-bassirou-diomaye-faye-et-ses-attentes\/","name":"Casamance : F\u00e9licitations de l'Aile Mangokouro du MFDC \u00e0 Bassirou Diomaye Faye et ses Attentes - LE PUBLIC","isPartOf":{"@id":"https:\/\/www.public.sn\/#website"},"primaryImageOfPage":{"@id":"https:\/\/www.public.sn\/index.php\/2024\/04\/05\/casamance-felicitations-de-laile-mangokouro-du-mfdc-a-bassirou-diomaye-faye-et-ses-attentes\/#primaryimage"},"image":{"@id":"https:\/\/www.public.sn\/index.php\/2024\/04\/05\/casamance-felicitations-de-laile-mangokouro-du-mfdc-a-bassirou-diomaye-faye-et-ses-attentes\/#primaryimage"},"thumbnailUrl":"https:\/\/www.public.sn\/wp-content\/uploads\/2024\/04\/MINIATURE-a-refaire-OK-copie-1.jpg","datePublished":"2024-04-05T18:35:50+00:00","breadcrumb":{"@id":"https:\/\/www.public.sn\/index.php\/2024\/04\/05\/casamance-felicitations-de-laile-mangokouro-du-mfdc-a-bassirou-diomaye-faye-et-ses-attentes\/#breadcrumb"},"inLanguage":"fr-FR","potentialAction":[{"@type":"ReadAction","target":["https:\/\/www.public.sn\/index.php\/2024\/04\/05\/casamance-felicitations-de-laile-mangokouro-du-mfdc-a-bassirou-diomaye-faye-et-ses-attentes\/"]}]},{"@type":"ImageObject","inLanguage":"fr-FR","@id":"https:\/\/www.public.sn\/index.php\/2024\/04\/05\/casamance-felicitations-de-laile-mangokouro-du-mfdc-a-bassirou-diomaye-faye-et-ses-attentes\/#primaryimage","url":"https:\/\/www.public.sn\/wp-content\/uploads\/2024\/04\/MINIATURE-a-refaire-OK-copie-1.jpg","contentUrl":"https:\/\/www.public.sn\/wp-content\/uploads\/2024\/04\/MINIATURE-a-refaire-OK-copie-1.jpg","width":1280,"height":720},{"@type":"BreadcrumbList","@id":"https:\/\/www.public.sn\/index.php\/2024\/04\/05\/casamance-felicitations-de-laile-mangokouro-du-mfdc-a-bassirou-diomaye-faye-et-ses-attentes\/#breadcrumb","itemListElement":[{"@type":"ListItem","position":1,"name":"Accueil","item":"https:\/\/www.public.sn\/"},{"@type":"ListItem","position":2,"name":"Casamance : F\u00e9licitations de l&rsquo;Aile Mangokouro du MFDC \u00e0 Bassirou Diomaye Faye et ses Attentes"}]},{"@type":"WebSite","@id":"https:\/\/www.public.sn\/#website","url":"https:\/\/www.public.sn\/","name":"LE PUBLIC","description":"","publisher":{"@id":"https:\/\/www.public.sn\/#organization"},"potentialAction":[{"@type":"SearchAction","target":{"@type":"EntryPoint","urlTemplate":"https:\/\/www.public.sn\/?s={search_term_string}"},"query-input":{"@type":"PropertyValueSpecification","valueRequired":true,"valueName":"search_term_string"}}],"inLanguage":"fr-FR"},{"@type":"Organization","@id":"https:\/\/www.public.sn\/#organization","name":"LE PUBLIC","url":"https:\/\/www.public.sn\/","logo":{"@type":"ImageObject","inLanguage":"fr-FR","@id":"https:\/\/www.public.sn\/#\/schema\/logo\/image\/","url":"https:\/\/www.public.sn\/wp-content\/uploads\/2024\/05\/cropped-LOGO-PUBLIC.SN_.png","contentUrl":"https:\/\/www.public.sn\/wp-content\/uploads\/2024\/05\/cropped-LOGO-PUBLIC.SN_.png","width":682,"height":192,"caption":"LE PUBLIC"},"image":{"@id":"https:\/\/www.public.sn\/#\/schema\/logo\/image\/"}},{"@type":"Person","@id":"https:\/\/www.public.sn\/#\/schema\/person\/0cb769602dc17ecb89fd54a2197a221a","name":"Man\u00e9 Ba","image":{"@type":"ImageObject","inLanguage":"fr-FR","@id":"https:\/\/www.public.sn\/#\/schema\/person\/image\/","url":"https:\/\/secure.gravatar.com\/avatar\/b31a37f6b2529b7e9303b5aacf26777a86815e524f04961246da8183f5e2535a?s=96&d=mm&r=g","contentUrl":"https:\/\/secure.gravatar.com\/avatar\/b31a37f6b2529b7e9303b5aacf26777a86815e524f04961246da8183f5e2535a?s=96&d=mm&r=g","caption":"Man\u00e9 Ba"},"url":"https:\/\/www.public.sn\/index.php\/author\/bamanesen\/"}]}},"jetpack_featured_media_url":"https:\/\/www.public.sn\/wp-content\/uploads\/2024\/04\/MINIATURE-a-refaire-OK-copie-1.jpg","jetpack_sharing_enabled":true,"_links":{"self":[{"href":"https:\/\/www.public.sn\/index.php\/wp-json\/wp\/v2\/posts\/31742","targetHints":{"allow":["GET"]}}],"collection":[{"href":"https:\/\/www.public.sn\/index.php\/wp-json\/wp\/v2\/posts"}],"about":[{"href":"https:\/\/www.public.sn\/index.php\/wp-json\/wp\/v2\/types\/post"}],"author":[{"embeddable":true,"href":"https:\/\/www.public.sn\/index.php\/wp-json\/wp\/v2\/users\/12"}],"replies":[{"embeddable":true,"href":"https:\/\/www.public.sn\/index.php\/wp-json\/wp\/v2\/comments?post=31742"}],"version-history":[{"count":1,"href":"https:\/\/www.public.sn\/index.php\/wp-json\/wp\/v2\/posts\/31742\/revisions"}],"predecessor-version":[{"id":31744,"href":"https:\/\/www.public.sn\/index.php\/wp-json\/wp\/v2\/posts\/31742\/revisions\/31744"}],"wp:featuredmedia":[{"embeddable":true,"href":"https:\/\/www.public.sn\/index.php\/wp-json\/wp\/v2\/media\/31743"}],"wp:attachment":[{"href":"https:\/\/www.public.sn\/index.php\/wp-json\/wp\/v2\/media?parent=31742"}],"wp:term":[{"taxonomy":"category","embeddable":true,"href":"https:\/\/www.public.sn\/index.php\/wp-json\/wp\/v2\/categories?post=31742"},{"taxonomy":"post_tag","embeddable":true,"href":"https:\/\/www.public.sn\/index.php\/wp-json\/wp\/v2\/tags?post=31742"}],"curies":[{"name":"wp","href":"https:\/\/api.w.org\/{rel}","templated":true}]}}