{"id":31788,"date":"2024-04-10T11:18:12","date_gmt":"2024-04-10T11:18:12","guid":{"rendered":"https:\/\/www.public.sn\/?p=31788"},"modified":"2024-04-10T11:18:12","modified_gmt":"2024-04-10T11:18:12","slug":"korite-le-president-diomaye-appelle-a-un-senegal-de-paix-dunite-et-de-cohesion-sociale","status":"publish","type":"post","link":"https:\/\/www.public.sn\/index.php\/2024\/04\/10\/korite-le-president-diomaye-appelle-a-un-senegal-de-paix-dunite-et-de-cohesion-sociale\/","title":{"rendered":"KORIT\u00c9 : LE PR\u00c9SIDENT DIOMAYE APPELLE \u00c0 UN S\u00c9N\u00c9GAL DE PAIX, D&rsquo;UNIT\u00c9 ET DE COH\u00c9SION SOCIALE"},"content":{"rendered":"<p class=\"responsive-video-wrap clr\"><iframe title=\"Korit\u00e9 2024 : Discours Pr\u00e9sident Bassirou Diomaye Faye : &quot;magui ballou gnima tognagoul...&quot;\" width=\"1200\" height=\"675\" src=\"https:\/\/www.youtube.com\/embed\/a7kXpepzqBc?feature=oembed\" frameborder=\"0\" allow=\"accelerometer; autoplay; clipboard-write; encrypted-media; gyroscope; picture-in-picture; web-share\" referrerpolicy=\"strict-origin-when-cross-origin\" allowfullscreen><\/iframe><\/p>\n<div class=\"publi-apres-le-contenu\" style=\"margin-top: 10px;margin-bottom: 10px;margin-left: auto;margin-right: auto;text-align: center;\" id=\"publi-2878822734\"><div class=\"publi-adlabel\">Publicit\u00e9<\/div><script async src=\"\/\/pagead2.googlesyndication.com\/pagead\/js\/adsbygoogle.js?client=ca-pub-4089586018074219\" crossorigin=\"anonymous\"><\/script><ins class=\"adsbygoogle\" style=\"display:block;\" data-ad-client=\"ca-pub-4089586018074219\" \ndata-ad-slot=\"2087940154\" \ndata-ad-format=\"auto\"><\/ins>\n<script> \n(adsbygoogle = window.adsbygoogle || []).push({}); \n<\/script>\n<\/div>","protected":false},"excerpt":{"rendered":"","protected":false},"author":12,"featured_media":31789,"comment_status":"open","ping_status":"open","sticky":false,"template":"","format":"video","meta":{"_jetpack_memberships_contains_paid_content":false,"footnotes":""},"categories":[375,1023,3,372,6],"tags":[3678,5471],"class_list":["post-31788","post","type-post","status-publish","format-video","has-post-thumbnail","hentry","category-actualites","category-buzz","category-politique","category-vedette","category-videos","tag-bassirou-diomaye-faye","tag-korite","post_format-post-format-video","entry","has-media","owp-thumbs-layout-horizontal","owp-btn-normal","owp-tabs-layout-horizontal","has-no-thumbnails","has-product-nav"],"yoast_head":"<!-- This site is optimized with the Yoast SEO plugin v25.5 - https:\/\/yoast.com\/wordpress\/plugins\/seo\/ -->\n<title>KORIT\u00c9 : LE PR\u00c9SIDENT DIOMAYE APPELLE \u00c0 UN S\u00c9N\u00c9GAL DE PAIX, D&#039;UNIT\u00c9 ET DE COH\u00c9SION SOCIALE - LE PUBLIC<\/title>\n<meta name=\"robots\" content=\"index, follow, max-snippet:-1, max-image-preview:large, max-video-preview:-1\" \/>\n<link rel=\"canonical\" href=\"https:\/\/www.public.sn\/index.php\/2024\/04\/10\/korite-le-president-diomaye-appelle-a-un-senegal-de-paix-dunite-et-de-cohesion-sociale\/\" \/>\n<meta property=\"og:locale\" content=\"fr_FR\" \/>\n<meta property=\"og:type\" content=\"article\" \/>\n<meta property=\"og:title\" content=\"KORIT\u00c9 : LE PR\u00c9SIDENT DIOMAYE APPELLE \u00c0 UN S\u00c9N\u00c9GAL DE PAIX, D&#039;UNIT\u00c9 ET DE COH\u00c9SION SOCIALE - LE PUBLIC\" \/>\n<meta property=\"og:url\" content=\"https:\/\/www.public.sn\/index.php\/2024\/04\/10\/korite-le-president-diomaye-appelle-a-un-senegal-de-paix-dunite-et-de-cohesion-sociale\/\" \/>\n<meta property=\"og:site_name\" content=\"LE PUBLIC\" \/>\n<meta property=\"article:published_time\" content=\"2024-04-10T11:18:12+00:00\" \/>\n<meta property=\"og:image\" content=\"https:\/\/www.public.sn\/wp-content\/uploads\/2024\/04\/ba.jpg\" \/>\n\t<meta property=\"og:image:width\" content=\"1280\" \/>\n\t<meta property=\"og:image:height\" content=\"720\" \/>\n\t<meta property=\"og:image:type\" content=\"image\/jpeg\" \/>\n<meta name=\"author\" content=\"Man\u00e9 Ba\" \/>\n<meta name=\"twitter:card\" content=\"summary_large_image\" \/>\n<meta name=\"twitter:label1\" content=\"\u00c9crit par\" \/>\n\t<meta name=\"twitter:data1\" content=\"Man\u00e9 Ba\" \/>\n\t<meta name=\"twitter:label2\" content=\"Dur\u00e9e de lecture estim\u00e9e\" \/>\n\t<meta name=\"twitter:data2\" content=\"1 minute\" \/>\n<script type=\"application\/ld+json\" class=\"yoast-schema-graph\">{\"@context\":\"https:\/\/schema.org\",\"@graph\":[{\"@type\":\"Article\",\"@id\":\"https:\/\/www.public.sn\/index.php\/2024\/04\/10\/korite-le-president-diomaye-appelle-a-un-senegal-de-paix-dunite-et-de-cohesion-sociale\/#article\",\"isPartOf\":{\"@id\":\"https:\/\/www.public.sn\/index.php\/2024\/04\/10\/korite-le-president-diomaye-appelle-a-un-senegal-de-paix-dunite-et-de-cohesion-sociale\/\"},\"author\":{\"name\":\"Man\u00e9 Ba\",\"@id\":\"https:\/\/www.public.sn\/#\/schema\/person\/0cb769602dc17ecb89fd54a2197a221a\"},\"headline\":\"KORIT\u00c9 : LE PR\u00c9SIDENT DIOMAYE APPELLE \u00c0 UN S\u00c9N\u00c9GAL DE PAIX, D&rsquo;UNIT\u00c9 ET DE COH\u00c9SION SOCIALE\",\"datePublished\":\"2024-04-10T11:18:12+00:00\",\"mainEntityOfPage\":{\"@id\":\"https:\/\/www.public.sn\/index.php\/2024\/04\/10\/korite-le-president-diomaye-appelle-a-un-senegal-de-paix-dunite-et-de-cohesion-sociale\/\"},\"wordCount\":23,\"commentCount\":0,\"publisher\":{\"@id\":\"https:\/\/www.public.sn\/#organization\"},\"image\":{\"@id\":\"https:\/\/www.public.sn\/index.php\/2024\/04\/10\/korite-le-president-diomaye-appelle-a-un-senegal-de-paix-dunite-et-de-cohesion-sociale\/#primaryimage\"},\"thumbnailUrl\":\"https:\/\/www.public.sn\/wp-content\/uploads\/2024\/04\/ba.jpg\",\"keywords\":[\"bassirou diomaye faye\",\"KORIT\u00c9\"],\"articleSection\":[\"ACTUALIT\u00c9S\",\"BUZZ\",\"POLITIQUE\",\"VEDETTE\",\"VIDEOS\"],\"inLanguage\":\"fr-FR\",\"potentialAction\":[{\"@type\":\"CommentAction\",\"name\":\"Comment\",\"target\":[\"https:\/\/www.public.sn\/index.php\/2024\/04\/10\/korite-le-president-diomaye-appelle-a-un-senegal-de-paix-dunite-et-de-cohesion-sociale\/#respond\"]}]},{\"@type\":\"WebPage\",\"@id\":\"https:\/\/www.public.sn\/index.php\/2024\/04\/10\/korite-le-president-diomaye-appelle-a-un-senegal-de-paix-dunite-et-de-cohesion-sociale\/\",\"url\":\"https:\/\/www.public.sn\/index.php\/2024\/04\/10\/korite-le-president-diomaye-appelle-a-un-senegal-de-paix-dunite-et-de-cohesion-sociale\/\",\"name\":\"KORIT\u00c9 : LE PR\u00c9SIDENT DIOMAYE APPELLE \u00c0 UN S\u00c9N\u00c9GAL DE PAIX, D'UNIT\u00c9 ET DE COH\u00c9SION SOCIALE - LE PUBLIC\",\"isPartOf\":{\"@id\":\"https:\/\/www.public.sn\/#website\"},\"primaryImageOfPage\":{\"@id\":\"https:\/\/www.public.sn\/index.php\/2024\/04\/10\/korite-le-president-diomaye-appelle-a-un-senegal-de-paix-dunite-et-de-cohesion-sociale\/#primaryimage\"},\"image\":{\"@id\":\"https:\/\/www.public.sn\/index.php\/2024\/04\/10\/korite-le-president-diomaye-appelle-a-un-senegal-de-paix-dunite-et-de-cohesion-sociale\/#primaryimage\"},\"thumbnailUrl\":\"https:\/\/www.public.sn\/wp-content\/uploads\/2024\/04\/ba.jpg\",\"datePublished\":\"2024-04-10T11:18:12+00:00\",\"breadcrumb\":{\"@id\":\"https:\/\/www.public.sn\/index.php\/2024\/04\/10\/korite-le-president-diomaye-appelle-a-un-senegal-de-paix-dunite-et-de-cohesion-sociale\/#breadcrumb\"},\"inLanguage\":\"fr-FR\",\"potentialAction\":[{\"@type\":\"ReadAction\",\"target\":[\"https:\/\/www.public.sn\/index.php\/2024\/04\/10\/korite-le-president-diomaye-appelle-a-un-senegal-de-paix-dunite-et-de-cohesion-sociale\/\"]}]},{\"@type\":\"ImageObject\",\"inLanguage\":\"fr-FR\",\"@id\":\"https:\/\/www.public.sn\/index.php\/2024\/04\/10\/korite-le-president-diomaye-appelle-a-un-senegal-de-paix-dunite-et-de-cohesion-sociale\/#primaryimage\",\"url\":\"https:\/\/www.public.sn\/wp-content\/uploads\/2024\/04\/ba.jpg\",\"contentUrl\":\"https:\/\/www.public.sn\/wp-content\/uploads\/2024\/04\/ba.jpg\",\"width\":1280,\"height\":720},{\"@type\":\"BreadcrumbList\",\"@id\":\"https:\/\/www.public.sn\/index.php\/2024\/04\/10\/korite-le-president-diomaye-appelle-a-un-senegal-de-paix-dunite-et-de-cohesion-sociale\/#breadcrumb\",\"itemListElement\":[{\"@type\":\"ListItem\",\"position\":1,\"name\":\"Accueil\",\"item\":\"https:\/\/www.public.sn\/\"},{\"@type\":\"ListItem\",\"position\":2,\"name\":\"KORIT\u00c9 : LE PR\u00c9SIDENT DIOMAYE APPELLE \u00c0 UN S\u00c9N\u00c9GAL DE PAIX, D&rsquo;UNIT\u00c9 ET DE COH\u00c9SION SOCIALE\"}]},{\"@type\":\"WebSite\",\"@id\":\"https:\/\/www.public.sn\/#website\",\"url\":\"https:\/\/www.public.sn\/\",\"name\":\"LE PUBLIC\",\"description\":\"\",\"publisher\":{\"@id\":\"https:\/\/www.public.sn\/#organization\"},\"potentialAction\":[{\"@type\":\"SearchAction\",\"target\":{\"@type\":\"EntryPoint\",\"urlTemplate\":\"https:\/\/www.public.sn\/?s={search_term_string}\"},\"query-input\":{\"@type\":\"PropertyValueSpecification\",\"valueRequired\":true,\"valueName\":\"search_term_string\"}}],\"inLanguage\":\"fr-FR\"},{\"@type\":\"Organization\",\"@id\":\"https:\/\/www.public.sn\/#organization\",\"name\":\"LE PUBLIC\",\"url\":\"https:\/\/www.public.sn\/\",\"logo\":{\"@type\":\"ImageObject\",\"inLanguage\":\"fr-FR\",\"@id\":\"https:\/\/www.public.sn\/#\/schema\/logo\/image\/\",\"url\":\"https:\/\/www.public.sn\/wp-content\/uploads\/2024\/05\/cropped-LOGO-PUBLIC.SN_.png\",\"contentUrl\":\"https:\/\/www.public.sn\/wp-content\/uploads\/2024\/05\/cropped-LOGO-PUBLIC.SN_.png\",\"width\":682,\"height\":192,\"caption\":\"LE PUBLIC\"},\"image\":{\"@id\":\"https:\/\/www.public.sn\/#\/schema\/logo\/image\/\"}},{\"@type\":\"Person\",\"@id\":\"https:\/\/www.public.sn\/#\/schema\/person\/0cb769602dc17ecb89fd54a2197a221a\",\"name\":\"Man\u00e9 Ba\",\"image\":{\"@type\":\"ImageObject\",\"inLanguage\":\"fr-FR\",\"@id\":\"https:\/\/www.public.sn\/#\/schema\/person\/image\/\",\"url\":\"https:\/\/secure.gravatar.com\/avatar\/b31a37f6b2529b7e9303b5aacf26777a86815e524f04961246da8183f5e2535a?s=96&d=mm&r=g\",\"contentUrl\":\"https:\/\/secure.gravatar.com\/avatar\/b31a37f6b2529b7e9303b5aacf26777a86815e524f04961246da8183f5e2535a?s=96&d=mm&r=g\",\"caption\":\"Man\u00e9 Ba\"},\"url\":\"https:\/\/www.public.sn\/index.php\/author\/bamanesen\/\"}]}<\/script>\n<!-- \/ Yoast SEO plugin. -->","yoast_head_json":{"title":"KORIT\u00c9 : LE PR\u00c9SIDENT DIOMAYE APPELLE \u00c0 UN S\u00c9N\u00c9GAL DE PAIX, D'UNIT\u00c9 ET DE COH\u00c9SION SOCIALE - LE PUBLIC","robots":{"index":"index","follow":"follow","max-snippet":"max-snippet:-1","max-image-preview":"max-image-preview:large","max-video-preview":"max-video-preview:-1"},"canonical":"https:\/\/www.public.sn\/index.php\/2024\/04\/10\/korite-le-president-diomaye-appelle-a-un-senegal-de-paix-dunite-et-de-cohesion-sociale\/","og_locale":"fr_FR","og_type":"article","og_title":"KORIT\u00c9 : LE PR\u00c9SIDENT DIOMAYE APPELLE \u00c0 UN S\u00c9N\u00c9GAL DE PAIX, D'UNIT\u00c9 ET DE COH\u00c9SION SOCIALE - LE PUBLIC","og_url":"https:\/\/www.public.sn\/index.php\/2024\/04\/10\/korite-le-president-diomaye-appelle-a-un-senegal-de-paix-dunite-et-de-cohesion-sociale\/","og_site_name":"LE PUBLIC","article_published_time":"2024-04-10T11:18:12+00:00","og_image":[{"width":1280,"height":720,"url":"https:\/\/www.public.sn\/wp-content\/uploads\/2024\/04\/ba.jpg","type":"image\/jpeg"}],"author":"Man\u00e9 Ba","twitter_card":"summary_large_image","twitter_misc":{"\u00c9crit par":"Man\u00e9 Ba","Dur\u00e9e de lecture estim\u00e9e":"1 minute"},"schema":{"@context":"https:\/\/schema.org","@graph":[{"@type":"Article","@id":"https:\/\/www.public.sn\/index.php\/2024\/04\/10\/korite-le-president-diomaye-appelle-a-un-senegal-de-paix-dunite-et-de-cohesion-sociale\/#article","isPartOf":{"@id":"https:\/\/www.public.sn\/index.php\/2024\/04\/10\/korite-le-president-diomaye-appelle-a-un-senegal-de-paix-dunite-et-de-cohesion-sociale\/"},"author":{"name":"Man\u00e9 Ba","@id":"https:\/\/www.public.sn\/#\/schema\/person\/0cb769602dc17ecb89fd54a2197a221a"},"headline":"KORIT\u00c9 : LE PR\u00c9SIDENT DIOMAYE APPELLE \u00c0 UN S\u00c9N\u00c9GAL DE PAIX, D&rsquo;UNIT\u00c9 ET DE COH\u00c9SION SOCIALE","datePublished":"2024-04-10T11:18:12+00:00","mainEntityOfPage":{"@id":"https:\/\/www.public.sn\/index.php\/2024\/04\/10\/korite-le-president-diomaye-appelle-a-un-senegal-de-paix-dunite-et-de-cohesion-sociale\/"},"wordCount":23,"commentCount":0,"publisher":{"@id":"https:\/\/www.public.sn\/#organization"},"image":{"@id":"https:\/\/www.public.sn\/index.php\/2024\/04\/10\/korite-le-president-diomaye-appelle-a-un-senegal-de-paix-dunite-et-de-cohesion-sociale\/#primaryimage"},"thumbnailUrl":"https:\/\/www.public.sn\/wp-content\/uploads\/2024\/04\/ba.jpg","keywords":["bassirou diomaye faye","KORIT\u00c9"],"articleSection":["ACTUALIT\u00c9S","BUZZ","POLITIQUE","VEDETTE","VIDEOS"],"inLanguage":"fr-FR","potentialAction":[{"@type":"CommentAction","name":"Comment","target":["https:\/\/www.public.sn\/index.php\/2024\/04\/10\/korite-le-president-diomaye-appelle-a-un-senegal-de-paix-dunite-et-de-cohesion-sociale\/#respond"]}]},{"@type":"WebPage","@id":"https:\/\/www.public.sn\/index.php\/2024\/04\/10\/korite-le-president-diomaye-appelle-a-un-senegal-de-paix-dunite-et-de-cohesion-sociale\/","url":"https:\/\/www.public.sn\/index.php\/2024\/04\/10\/korite-le-president-diomaye-appelle-a-un-senegal-de-paix-dunite-et-de-cohesion-sociale\/","name":"KORIT\u00c9 : LE PR\u00c9SIDENT DIOMAYE APPELLE \u00c0 UN S\u00c9N\u00c9GAL DE PAIX, D'UNIT\u00c9 ET DE COH\u00c9SION SOCIALE - LE PUBLIC","isPartOf":{"@id":"https:\/\/www.public.sn\/#website"},"primaryImageOfPage":{"@id":"https:\/\/www.public.sn\/index.php\/2024\/04\/10\/korite-le-president-diomaye-appelle-a-un-senegal-de-paix-dunite-et-de-cohesion-sociale\/#primaryimage"},"image":{"@id":"https:\/\/www.public.sn\/index.php\/2024\/04\/10\/korite-le-president-diomaye-appelle-a-un-senegal-de-paix-dunite-et-de-cohesion-sociale\/#primaryimage"},"thumbnailUrl":"https:\/\/www.public.sn\/wp-content\/uploads\/2024\/04\/ba.jpg","datePublished":"2024-04-10T11:18:12+00:00","breadcrumb":{"@id":"https:\/\/www.public.sn\/index.php\/2024\/04\/10\/korite-le-president-diomaye-appelle-a-un-senegal-de-paix-dunite-et-de-cohesion-sociale\/#breadcrumb"},"inLanguage":"fr-FR","potentialAction":[{"@type":"ReadAction","target":["https:\/\/www.public.sn\/index.php\/2024\/04\/10\/korite-le-president-diomaye-appelle-a-un-senegal-de-paix-dunite-et-de-cohesion-sociale\/"]}]},{"@type":"ImageObject","inLanguage":"fr-FR","@id":"https:\/\/www.public.sn\/index.php\/2024\/04\/10\/korite-le-president-diomaye-appelle-a-un-senegal-de-paix-dunite-et-de-cohesion-sociale\/#primaryimage","url":"https:\/\/www.public.sn\/wp-content\/uploads\/2024\/04\/ba.jpg","contentUrl":"https:\/\/www.public.sn\/wp-content\/uploads\/2024\/04\/ba.jpg","width":1280,"height":720},{"@type":"BreadcrumbList","@id":"https:\/\/www.public.sn\/index.php\/2024\/04\/10\/korite-le-president-diomaye-appelle-a-un-senegal-de-paix-dunite-et-de-cohesion-sociale\/#breadcrumb","itemListElement":[{"@type":"ListItem","position":1,"name":"Accueil","item":"https:\/\/www.public.sn\/"},{"@type":"ListItem","position":2,"name":"KORIT\u00c9 : LE PR\u00c9SIDENT DIOMAYE APPELLE \u00c0 UN S\u00c9N\u00c9GAL DE PAIX, D&rsquo;UNIT\u00c9 ET DE COH\u00c9SION SOCIALE"}]},{"@type":"WebSite","@id":"https:\/\/www.public.sn\/#website","url":"https:\/\/www.public.sn\/","name":"LE PUBLIC","description":"","publisher":{"@id":"https:\/\/www.public.sn\/#organization"},"potentialAction":[{"@type":"SearchAction","target":{"@type":"EntryPoint","urlTemplate":"https:\/\/www.public.sn\/?s={search_term_string}"},"query-input":{"@type":"PropertyValueSpecification","valueRequired":true,"valueName":"search_term_string"}}],"inLanguage":"fr-FR"},{"@type":"Organization","@id":"https:\/\/www.public.sn\/#organization","name":"LE PUBLIC","url":"https:\/\/www.public.sn\/","logo":{"@type":"ImageObject","inLanguage":"fr-FR","@id":"https:\/\/www.public.sn\/#\/schema\/logo\/image\/","url":"https:\/\/www.public.sn\/wp-content\/uploads\/2024\/05\/cropped-LOGO-PUBLIC.SN_.png","contentUrl":"https:\/\/www.public.sn\/wp-content\/uploads\/2024\/05\/cropped-LOGO-PUBLIC.SN_.png","width":682,"height":192,"caption":"LE PUBLIC"},"image":{"@id":"https:\/\/www.public.sn\/#\/schema\/logo\/image\/"}},{"@type":"Person","@id":"https:\/\/www.public.sn\/#\/schema\/person\/0cb769602dc17ecb89fd54a2197a221a","name":"Man\u00e9 Ba","image":{"@type":"ImageObject","inLanguage":"fr-FR","@id":"https:\/\/www.public.sn\/#\/schema\/person\/image\/","url":"https:\/\/secure.gravatar.com\/avatar\/b31a37f6b2529b7e9303b5aacf26777a86815e524f04961246da8183f5e2535a?s=96&d=mm&r=g","contentUrl":"https:\/\/secure.gravatar.com\/avatar\/b31a37f6b2529b7e9303b5aacf26777a86815e524f04961246da8183f5e2535a?s=96&d=mm&r=g","caption":"Man\u00e9 Ba"},"url":"https:\/\/www.public.sn\/index.php\/author\/bamanesen\/"}]}},"jetpack_featured_media_url":"https:\/\/www.public.sn\/wp-content\/uploads\/2024\/04\/ba.jpg","jetpack_sharing_enabled":true,"_links":{"self":[{"href":"https:\/\/www.public.sn\/index.php\/wp-json\/wp\/v2\/posts\/31788","targetHints":{"allow":["GET"]}}],"collection":[{"href":"https:\/\/www.public.sn\/index.php\/wp-json\/wp\/v2\/posts"}],"about":[{"href":"https:\/\/www.public.sn\/index.php\/wp-json\/wp\/v2\/types\/post"}],"author":[{"embeddable":true,"href":"https:\/\/www.public.sn\/index.php\/wp-json\/wp\/v2\/users\/12"}],"replies":[{"embeddable":true,"href":"https:\/\/www.public.sn\/index.php\/wp-json\/wp\/v2\/comments?post=31788"}],"version-history":[{"count":1,"href":"https:\/\/www.public.sn\/index.php\/wp-json\/wp\/v2\/posts\/31788\/revisions"}],"predecessor-version":[{"id":31790,"href":"https:\/\/www.public.sn\/index.php\/wp-json\/wp\/v2\/posts\/31788\/revisions\/31790"}],"wp:featuredmedia":[{"embeddable":true,"href":"https:\/\/www.public.sn\/index.php\/wp-json\/wp\/v2\/media\/31789"}],"wp:attachment":[{"href":"https:\/\/www.public.sn\/index.php\/wp-json\/wp\/v2\/media?parent=31788"}],"wp:term":[{"taxonomy":"category","embeddable":true,"href":"https:\/\/www.public.sn\/index.php\/wp-json\/wp\/v2\/categories?post=31788"},{"taxonomy":"post_tag","embeddable":true,"href":"https:\/\/www.public.sn\/index.php\/wp-json\/wp\/v2\/tags?post=31788"}],"curies":[{"name":"wp","href":"https:\/\/api.w.org\/{rel}","templated":true}]}}