{"id":31793,"date":"2024-04-10T12:29:28","date_gmt":"2024-04-10T12:29:28","guid":{"rendered":"https:\/\/www.public.sn\/?p=31793"},"modified":"2024-04-10T12:29:28","modified_gmt":"2024-04-10T12:29:28","slug":"korite-bassirou-diomaye-faye-conforte-les-senegalais-a-sunir-pour-un-senegal-dunite-et-de-cohesion","status":"publish","type":"post","link":"https:\/\/www.public.sn\/index.php\/2024\/04\/10\/korite-bassirou-diomaye-faye-conforte-les-senegalais-a-sunir-pour-un-senegal-dunite-et-de-cohesion\/","title":{"rendered":"Korit\u00e9 : Bassirou Diomaye Faye conforte les s\u00e9n\u00e9galais  \u00e0 s&rsquo;unir pour  un S\u00e9n\u00e9gal d&rsquo;unit\u00e9 et de coh\u00e9sion"},"content":{"rendered":"<p>Le pr\u00e9sident Bassirou Diomaye Faye a appel\u00e9 mercredi les S\u00e9n\u00e9galais \u00e0 renforcer la culture du vivre ensemble, soulignant que cela garantirait un S\u00e9n\u00e9gal de paix, d&rsquo;unit\u00e9 et de coh\u00e9sion. Ses propos ont \u00e9t\u00e9 tenus \u00e0 l&rsquo;issue de la pri\u00e8re de l&rsquo;A\u00efd el Fitr \u00e0 la Grande Mosqu\u00e9e de Dakar.<\/p><div class=\"publi-paragraphe1\" style=\"margin-top: 10px;margin-bottom: 10px;margin-left: auto;margin-right: auto;text-align: center;\" id=\"publi-1729707571\"><div class=\"publi-adlabel\">Publicit\u00e9<\/div><script async src=\"\/\/pagead2.googlesyndication.com\/pagead\/js\/adsbygoogle.js?client=ca-pub-4089586018074219\" crossorigin=\"anonymous\"><\/script><ins class=\"adsbygoogle\" style=\"display:block;\" data-ad-client=\"ca-pub-4089586018074219\" \ndata-ad-slot=\"2087940154\" \ndata-ad-format=\"auto\"><\/ins>\n<script> \n(adsbygoogle = window.adsbygoogle || []).push({}); \n<\/script>\n<\/div>\n<p>Accompagn\u00e9 de Mary Teuw Niane, Directeur de cabinet, d&rsquo;Oumar Samba Ba, Secr\u00e9taire g\u00e9n\u00e9ral de la pr\u00e9sidence, du ministre des Forces arm\u00e9es, le g\u00e9n\u00e9ral Birame Diop, et du maire de Dakar-Plateau, Alioune Ndoye, entre autres personnalit\u00e9s, Bassirou Diomaye Faye a soulign\u00e9 l&rsquo;importance de pr\u00e9server cet h\u00e9ritage sacr\u00e9 du vivre ensemble, une responsabilit\u00e9 individuelle et collective.<\/p>\n<p>Il a rendu un hommage appuy\u00e9 aux ma\u00eetres coraniques, aux hommes de Dieu et aux Khalifes g\u00e9n\u00e9raux, dont les pri\u00e8res sont un socle de r\u00e9silience. Le chef de l&rsquo;\u00c9tat a \u00e9galement exprim\u00e9 sa gratitude envers les S\u00e9n\u00e9galais pour avoir choisi un nouveau pr\u00e9sident dans la paix, durant un mois de ramadan marqu\u00e9 par la communion et la d\u00e9votion.<\/p>\n<p>Dans son sermon, l&rsquo;imam ratib de la Grande Mosqu\u00e9e de Dakar, El Hadj Alioune Samb, a formul\u00e9 des pri\u00e8res pour le nouveau gouvernement, appelant le pr\u00e9sident \u00e0 accorder une attention particuli\u00e8re \u00e0 l&rsquo;\u00e9ducation, \u00e0 la solidarit\u00e9, \u00e0 l&rsquo;inclusion, ainsi qu&rsquo;au respect des coutumes et des guides religieux.<\/p>\n<div class=\"publi-apres-le-contenu\" style=\"margin-top: 10px;margin-bottom: 10px;margin-left: auto;margin-right: auto;text-align: center;\" id=\"publi-2124837642\"><div class=\"publi-adlabel\">Publicit\u00e9<\/div><script async src=\"\/\/pagead2.googlesyndication.com\/pagead\/js\/adsbygoogle.js?client=ca-pub-4089586018074219\" crossorigin=\"anonymous\"><\/script><ins class=\"adsbygoogle\" style=\"display:block;\" data-ad-client=\"ca-pub-4089586018074219\" \ndata-ad-slot=\"2087940154\" \ndata-ad-format=\"auto\"><\/ins>\n<script> \n(adsbygoogle = window.adsbygoogle || []).push({}); \n<\/script>\n<\/div>","protected":false},"excerpt":{"rendered":"<p>Le pr\u00e9sident Bassirou Diomaye Faye a appel\u00e9 mercredi les S\u00e9n\u00e9galais \u00e0 renforcer la culture du vivre ensemble, soulignant que cela garantirait un S\u00e9n\u00e9gal de paix, d&rsquo;unit\u00e9 et de coh\u00e9sion. Ses propos ont \u00e9t\u00e9 tenus \u00e0 l&rsquo;issue de la pri\u00e8re de l&rsquo;A\u00efd el Fitr \u00e0 la Grande Mosqu\u00e9e de Dakar. Accompagn\u00e9 de Mary Teuw Niane, Directeur de cabinet, d&rsquo;Oumar Samba Ba, Secr\u00e9taire g\u00e9n\u00e9ral de la pr\u00e9sidence, du ministre des Forces arm\u00e9es, le g\u00e9n\u00e9ral Birame Diop, et du maire de Dakar-Plateau, Alioune Ndoye, entre autres personnalit\u00e9s, Bassirou Diomaye Faye a soulign\u00e9 l&rsquo;importance de pr\u00e9server cet h\u00e9ritage sacr\u00e9 du vivre ensemble, une responsabilit\u00e9 individuelle et collective. Il a rendu un hommage appuy\u00e9 aux ma\u00eetres coraniques, aux hommes de Dieu et aux Khalifes g\u00e9n\u00e9raux, dont les pri\u00e8res sont un socle de r\u00e9silience. Le chef de l&rsquo;\u00c9tat a \u00e9galement exprim\u00e9 sa gratitude envers les S\u00e9n\u00e9galais pour avoir choisi un nouveau pr\u00e9sident dans la paix, durant un mois de ramadan marqu\u00e9 par la communion et la d\u00e9votion. Dans son sermon, l&rsquo;imam ratib de la Grande Mosqu\u00e9e de Dakar, El Hadj Alioune Samb, a formul\u00e9 des pri\u00e8res pour le nouveau gouvernement, appelant le pr\u00e9sident \u00e0 accorder une attention particuli\u00e8re \u00e0 l&rsquo;\u00e9ducation, \u00e0 la solidarit\u00e9, \u00e0 l&rsquo;inclusion, ainsi qu&rsquo;au respect des coutumes et des guides religieux.<\/p>\n","protected":false},"author":12,"featured_media":31794,"comment_status":"open","ping_status":"open","sticky":false,"template":"","format":"standard","meta":{"_jetpack_memberships_contains_paid_content":false,"footnotes":""},"categories":[375,1023,4],"tags":[4161,5471,2249],"class_list":["post-31793","post","type-post","status-publish","format-standard","has-post-thumbnail","hentry","category-actualites","category-buzz","category-societe","tag-bassirou-diomaye","tag-korite","tag-president-de-la-republique","entry","has-media","owp-thumbs-layout-horizontal","owp-btn-normal","owp-tabs-layout-horizontal","has-no-thumbnails","has-product-nav"],"yoast_head":"<!-- This site is optimized with the Yoast SEO plugin v25.5 - https:\/\/yoast.com\/wordpress\/plugins\/seo\/ -->\n<title>Korit\u00e9 : Bassirou Diomaye Faye conforte les s\u00e9n\u00e9galais \u00e0 s&#039;unir pour un S\u00e9n\u00e9gal d&#039;unit\u00e9 et de coh\u00e9sion - LE PUBLIC<\/title>\n<meta name=\"robots\" content=\"index, follow, max-snippet:-1, max-image-preview:large, max-video-preview:-1\" \/>\n<link rel=\"canonical\" href=\"https:\/\/www.public.sn\/index.php\/2024\/04\/10\/korite-bassirou-diomaye-faye-conforte-les-senegalais-a-sunir-pour-un-senegal-dunite-et-de-cohesion\/\" \/>\n<meta property=\"og:locale\" content=\"fr_FR\" \/>\n<meta property=\"og:type\" content=\"article\" \/>\n<meta property=\"og:title\" content=\"Korit\u00e9 : Bassirou Diomaye Faye conforte les s\u00e9n\u00e9galais \u00e0 s&#039;unir pour un S\u00e9n\u00e9gal d&#039;unit\u00e9 et de coh\u00e9sion - LE PUBLIC\" \/>\n<meta property=\"og:description\" content=\"Le pr\u00e9sident Bassirou Diomaye Faye a appel\u00e9 mercredi les S\u00e9n\u00e9galais \u00e0 renforcer la culture du vivre ensemble, soulignant que cela garantirait un S\u00e9n\u00e9gal de paix, d&rsquo;unit\u00e9 et de coh\u00e9sion. Ses propos ont \u00e9t\u00e9 tenus \u00e0 l&rsquo;issue de la pri\u00e8re de l&rsquo;A\u00efd el Fitr \u00e0 la Grande Mosqu\u00e9e de Dakar. Accompagn\u00e9 de Mary Teuw Niane, Directeur de cabinet, d&rsquo;Oumar Samba Ba, Secr\u00e9taire g\u00e9n\u00e9ral de la pr\u00e9sidence, du ministre des Forces arm\u00e9es, le g\u00e9n\u00e9ral Birame Diop, et du maire de Dakar-Plateau, Alioune Ndoye, entre autres personnalit\u00e9s, Bassirou Diomaye Faye a soulign\u00e9 l&rsquo;importance de pr\u00e9server cet h\u00e9ritage sacr\u00e9 du vivre ensemble, une responsabilit\u00e9 individuelle et collective. Il a rendu un hommage appuy\u00e9 aux ma\u00eetres coraniques, aux hommes de Dieu et aux Khalifes g\u00e9n\u00e9raux, dont les pri\u00e8res sont un socle de r\u00e9silience. Le chef de l&rsquo;\u00c9tat a \u00e9galement exprim\u00e9 sa gratitude envers les S\u00e9n\u00e9galais pour avoir choisi un nouveau pr\u00e9sident dans la paix, durant un mois de ramadan marqu\u00e9 par la communion et la d\u00e9votion. Dans son sermon, l&rsquo;imam ratib de la Grande Mosqu\u00e9e de Dakar, El Hadj Alioune Samb, a formul\u00e9 des pri\u00e8res pour le nouveau gouvernement, appelant le pr\u00e9sident \u00e0 accorder une attention particuli\u00e8re \u00e0 l&rsquo;\u00e9ducation, \u00e0 la solidarit\u00e9, \u00e0 l&rsquo;inclusion, ainsi qu&rsquo;au respect des coutumes et des guides religieux.\" \/>\n<meta property=\"og:url\" content=\"https:\/\/www.public.sn\/index.php\/2024\/04\/10\/korite-bassirou-diomaye-faye-conforte-les-senegalais-a-sunir-pour-un-senegal-dunite-et-de-cohesion\/\" \/>\n<meta property=\"og:site_name\" content=\"LE PUBLIC\" \/>\n<meta property=\"article:published_time\" content=\"2024-04-10T12:29:28+00:00\" \/>\n<meta property=\"og:image\" content=\"https:\/\/www.public.sn\/wp-content\/uploads\/2024\/04\/hq720.jpeg\" \/>\n\t<meta property=\"og:image:width\" content=\"686\" \/>\n\t<meta property=\"og:image:height\" content=\"386\" \/>\n\t<meta property=\"og:image:type\" content=\"image\/jpeg\" \/>\n<meta name=\"author\" content=\"Man\u00e9 Ba\" \/>\n<meta name=\"twitter:card\" content=\"summary_large_image\" \/>\n<meta name=\"twitter:label1\" content=\"\u00c9crit par\" \/>\n\t<meta name=\"twitter:data1\" content=\"Man\u00e9 Ba\" \/>\n\t<meta name=\"twitter:label2\" content=\"Dur\u00e9e de lecture estim\u00e9e\" \/>\n\t<meta name=\"twitter:data2\" content=\"2 minutes\" \/>\n<script type=\"application\/ld+json\" class=\"yoast-schema-graph\">{\"@context\":\"https:\/\/schema.org\",\"@graph\":[{\"@type\":\"Article\",\"@id\":\"https:\/\/www.public.sn\/index.php\/2024\/04\/10\/korite-bassirou-diomaye-faye-conforte-les-senegalais-a-sunir-pour-un-senegal-dunite-et-de-cohesion\/#article\",\"isPartOf\":{\"@id\":\"https:\/\/www.public.sn\/index.php\/2024\/04\/10\/korite-bassirou-diomaye-faye-conforte-les-senegalais-a-sunir-pour-un-senegal-dunite-et-de-cohesion\/\"},\"author\":{\"name\":\"Man\u00e9 Ba\",\"@id\":\"https:\/\/www.public.sn\/#\/schema\/person\/0cb769602dc17ecb89fd54a2197a221a\"},\"headline\":\"Korit\u00e9 : Bassirou Diomaye Faye conforte les s\u00e9n\u00e9galais \u00e0 s&rsquo;unir pour un S\u00e9n\u00e9gal d&rsquo;unit\u00e9 et de coh\u00e9sion\",\"datePublished\":\"2024-04-10T12:29:28+00:00\",\"mainEntityOfPage\":{\"@id\":\"https:\/\/www.public.sn\/index.php\/2024\/04\/10\/korite-bassirou-diomaye-faye-conforte-les-senegalais-a-sunir-pour-un-senegal-dunite-et-de-cohesion\/\"},\"wordCount\":255,\"commentCount\":0,\"publisher\":{\"@id\":\"https:\/\/www.public.sn\/#organization\"},\"image\":{\"@id\":\"https:\/\/www.public.sn\/index.php\/2024\/04\/10\/korite-bassirou-diomaye-faye-conforte-les-senegalais-a-sunir-pour-un-senegal-dunite-et-de-cohesion\/#primaryimage\"},\"thumbnailUrl\":\"https:\/\/www.public.sn\/wp-content\/uploads\/2024\/04\/hq720.jpeg\",\"keywords\":[\"Bassirou Diomaye\",\"KORIT\u00c9\",\"pr\u00e9sident de la r\u00e9publique\"],\"articleSection\":[\"ACTUALIT\u00c9S\",\"BUZZ\",\"SOCIETE\"],\"inLanguage\":\"fr-FR\",\"potentialAction\":[{\"@type\":\"CommentAction\",\"name\":\"Comment\",\"target\":[\"https:\/\/www.public.sn\/index.php\/2024\/04\/10\/korite-bassirou-diomaye-faye-conforte-les-senegalais-a-sunir-pour-un-senegal-dunite-et-de-cohesion\/#respond\"]}]},{\"@type\":\"WebPage\",\"@id\":\"https:\/\/www.public.sn\/index.php\/2024\/04\/10\/korite-bassirou-diomaye-faye-conforte-les-senegalais-a-sunir-pour-un-senegal-dunite-et-de-cohesion\/\",\"url\":\"https:\/\/www.public.sn\/index.php\/2024\/04\/10\/korite-bassirou-diomaye-faye-conforte-les-senegalais-a-sunir-pour-un-senegal-dunite-et-de-cohesion\/\",\"name\":\"Korit\u00e9 : Bassirou Diomaye Faye conforte les s\u00e9n\u00e9galais \u00e0 s'unir pour un S\u00e9n\u00e9gal d'unit\u00e9 et de coh\u00e9sion - LE PUBLIC\",\"isPartOf\":{\"@id\":\"https:\/\/www.public.sn\/#website\"},\"primaryImageOfPage\":{\"@id\":\"https:\/\/www.public.sn\/index.php\/2024\/04\/10\/korite-bassirou-diomaye-faye-conforte-les-senegalais-a-sunir-pour-un-senegal-dunite-et-de-cohesion\/#primaryimage\"},\"image\":{\"@id\":\"https:\/\/www.public.sn\/index.php\/2024\/04\/10\/korite-bassirou-diomaye-faye-conforte-les-senegalais-a-sunir-pour-un-senegal-dunite-et-de-cohesion\/#primaryimage\"},\"thumbnailUrl\":\"https:\/\/www.public.sn\/wp-content\/uploads\/2024\/04\/hq720.jpeg\",\"datePublished\":\"2024-04-10T12:29:28+00:00\",\"breadcrumb\":{\"@id\":\"https:\/\/www.public.sn\/index.php\/2024\/04\/10\/korite-bassirou-diomaye-faye-conforte-les-senegalais-a-sunir-pour-un-senegal-dunite-et-de-cohesion\/#breadcrumb\"},\"inLanguage\":\"fr-FR\",\"potentialAction\":[{\"@type\":\"ReadAction\",\"target\":[\"https:\/\/www.public.sn\/index.php\/2024\/04\/10\/korite-bassirou-diomaye-faye-conforte-les-senegalais-a-sunir-pour-un-senegal-dunite-et-de-cohesion\/\"]}]},{\"@type\":\"ImageObject\",\"inLanguage\":\"fr-FR\",\"@id\":\"https:\/\/www.public.sn\/index.php\/2024\/04\/10\/korite-bassirou-diomaye-faye-conforte-les-senegalais-a-sunir-pour-un-senegal-dunite-et-de-cohesion\/#primaryimage\",\"url\":\"https:\/\/www.public.sn\/wp-content\/uploads\/2024\/04\/hq720.jpeg\",\"contentUrl\":\"https:\/\/www.public.sn\/wp-content\/uploads\/2024\/04\/hq720.jpeg\",\"width\":686,\"height\":386},{\"@type\":\"BreadcrumbList\",\"@id\":\"https:\/\/www.public.sn\/index.php\/2024\/04\/10\/korite-bassirou-diomaye-faye-conforte-les-senegalais-a-sunir-pour-un-senegal-dunite-et-de-cohesion\/#breadcrumb\",\"itemListElement\":[{\"@type\":\"ListItem\",\"position\":1,\"name\":\"Accueil\",\"item\":\"https:\/\/www.public.sn\/\"},{\"@type\":\"ListItem\",\"position\":2,\"name\":\"Korit\u00e9 : Bassirou Diomaye Faye conforte les s\u00e9n\u00e9galais \u00e0 s&rsquo;unir pour un S\u00e9n\u00e9gal d&rsquo;unit\u00e9 et de coh\u00e9sion\"}]},{\"@type\":\"WebSite\",\"@id\":\"https:\/\/www.public.sn\/#website\",\"url\":\"https:\/\/www.public.sn\/\",\"name\":\"LE PUBLIC\",\"description\":\"\",\"publisher\":{\"@id\":\"https:\/\/www.public.sn\/#organization\"},\"potentialAction\":[{\"@type\":\"SearchAction\",\"target\":{\"@type\":\"EntryPoint\",\"urlTemplate\":\"https:\/\/www.public.sn\/?s={search_term_string}\"},\"query-input\":{\"@type\":\"PropertyValueSpecification\",\"valueRequired\":true,\"valueName\":\"search_term_string\"}}],\"inLanguage\":\"fr-FR\"},{\"@type\":\"Organization\",\"@id\":\"https:\/\/www.public.sn\/#organization\",\"name\":\"LE PUBLIC\",\"url\":\"https:\/\/www.public.sn\/\",\"logo\":{\"@type\":\"ImageObject\",\"inLanguage\":\"fr-FR\",\"@id\":\"https:\/\/www.public.sn\/#\/schema\/logo\/image\/\",\"url\":\"https:\/\/www.public.sn\/wp-content\/uploads\/2024\/05\/cropped-LOGO-PUBLIC.SN_.png\",\"contentUrl\":\"https:\/\/www.public.sn\/wp-content\/uploads\/2024\/05\/cropped-LOGO-PUBLIC.SN_.png\",\"width\":682,\"height\":192,\"caption\":\"LE PUBLIC\"},\"image\":{\"@id\":\"https:\/\/www.public.sn\/#\/schema\/logo\/image\/\"}},{\"@type\":\"Person\",\"@id\":\"https:\/\/www.public.sn\/#\/schema\/person\/0cb769602dc17ecb89fd54a2197a221a\",\"name\":\"Man\u00e9 Ba\",\"image\":{\"@type\":\"ImageObject\",\"inLanguage\":\"fr-FR\",\"@id\":\"https:\/\/www.public.sn\/#\/schema\/person\/image\/\",\"url\":\"https:\/\/secure.gravatar.com\/avatar\/b31a37f6b2529b7e9303b5aacf26777a86815e524f04961246da8183f5e2535a?s=96&d=mm&r=g\",\"contentUrl\":\"https:\/\/secure.gravatar.com\/avatar\/b31a37f6b2529b7e9303b5aacf26777a86815e524f04961246da8183f5e2535a?s=96&d=mm&r=g\",\"caption\":\"Man\u00e9 Ba\"},\"url\":\"https:\/\/www.public.sn\/index.php\/author\/bamanesen\/\"}]}<\/script>\n<!-- \/ Yoast SEO plugin. -->","yoast_head_json":{"title":"Korit\u00e9 : Bassirou Diomaye Faye conforte les s\u00e9n\u00e9galais \u00e0 s'unir pour un S\u00e9n\u00e9gal d'unit\u00e9 et de coh\u00e9sion - LE PUBLIC","robots":{"index":"index","follow":"follow","max-snippet":"max-snippet:-1","max-image-preview":"max-image-preview:large","max-video-preview":"max-video-preview:-1"},"canonical":"https:\/\/www.public.sn\/index.php\/2024\/04\/10\/korite-bassirou-diomaye-faye-conforte-les-senegalais-a-sunir-pour-un-senegal-dunite-et-de-cohesion\/","og_locale":"fr_FR","og_type":"article","og_title":"Korit\u00e9 : Bassirou Diomaye Faye conforte les s\u00e9n\u00e9galais \u00e0 s'unir pour un S\u00e9n\u00e9gal d'unit\u00e9 et de coh\u00e9sion - LE PUBLIC","og_description":"Le pr\u00e9sident Bassirou Diomaye Faye a appel\u00e9 mercredi les S\u00e9n\u00e9galais \u00e0 renforcer la culture du vivre ensemble, soulignant que cela garantirait un S\u00e9n\u00e9gal de paix, d&rsquo;unit\u00e9 et de coh\u00e9sion. Ses propos ont \u00e9t\u00e9 tenus \u00e0 l&rsquo;issue de la pri\u00e8re de l&rsquo;A\u00efd el Fitr \u00e0 la Grande Mosqu\u00e9e de Dakar. Accompagn\u00e9 de Mary Teuw Niane, Directeur de cabinet, d&rsquo;Oumar Samba Ba, Secr\u00e9taire g\u00e9n\u00e9ral de la pr\u00e9sidence, du ministre des Forces arm\u00e9es, le g\u00e9n\u00e9ral Birame Diop, et du maire de Dakar-Plateau, Alioune Ndoye, entre autres personnalit\u00e9s, Bassirou Diomaye Faye a soulign\u00e9 l&rsquo;importance de pr\u00e9server cet h\u00e9ritage sacr\u00e9 du vivre ensemble, une responsabilit\u00e9 individuelle et collective. Il a rendu un hommage appuy\u00e9 aux ma\u00eetres coraniques, aux hommes de Dieu et aux Khalifes g\u00e9n\u00e9raux, dont les pri\u00e8res sont un socle de r\u00e9silience. Le chef de l&rsquo;\u00c9tat a \u00e9galement exprim\u00e9 sa gratitude envers les S\u00e9n\u00e9galais pour avoir choisi un nouveau pr\u00e9sident dans la paix, durant un mois de ramadan marqu\u00e9 par la communion et la d\u00e9votion. Dans son sermon, l&rsquo;imam ratib de la Grande Mosqu\u00e9e de Dakar, El Hadj Alioune Samb, a formul\u00e9 des pri\u00e8res pour le nouveau gouvernement, appelant le pr\u00e9sident \u00e0 accorder une attention particuli\u00e8re \u00e0 l&rsquo;\u00e9ducation, \u00e0 la solidarit\u00e9, \u00e0 l&rsquo;inclusion, ainsi qu&rsquo;au respect des coutumes et des guides religieux.","og_url":"https:\/\/www.public.sn\/index.php\/2024\/04\/10\/korite-bassirou-diomaye-faye-conforte-les-senegalais-a-sunir-pour-un-senegal-dunite-et-de-cohesion\/","og_site_name":"LE PUBLIC","article_published_time":"2024-04-10T12:29:28+00:00","og_image":[{"width":686,"height":386,"url":"https:\/\/www.public.sn\/wp-content\/uploads\/2024\/04\/hq720.jpeg","type":"image\/jpeg"}],"author":"Man\u00e9 Ba","twitter_card":"summary_large_image","twitter_misc":{"\u00c9crit par":"Man\u00e9 Ba","Dur\u00e9e de lecture estim\u00e9e":"2 minutes"},"schema":{"@context":"https:\/\/schema.org","@graph":[{"@type":"Article","@id":"https:\/\/www.public.sn\/index.php\/2024\/04\/10\/korite-bassirou-diomaye-faye-conforte-les-senegalais-a-sunir-pour-un-senegal-dunite-et-de-cohesion\/#article","isPartOf":{"@id":"https:\/\/www.public.sn\/index.php\/2024\/04\/10\/korite-bassirou-diomaye-faye-conforte-les-senegalais-a-sunir-pour-un-senegal-dunite-et-de-cohesion\/"},"author":{"name":"Man\u00e9 Ba","@id":"https:\/\/www.public.sn\/#\/schema\/person\/0cb769602dc17ecb89fd54a2197a221a"},"headline":"Korit\u00e9 : Bassirou Diomaye Faye conforte les s\u00e9n\u00e9galais \u00e0 s&rsquo;unir pour un S\u00e9n\u00e9gal d&rsquo;unit\u00e9 et de coh\u00e9sion","datePublished":"2024-04-10T12:29:28+00:00","mainEntityOfPage":{"@id":"https:\/\/www.public.sn\/index.php\/2024\/04\/10\/korite-bassirou-diomaye-faye-conforte-les-senegalais-a-sunir-pour-un-senegal-dunite-et-de-cohesion\/"},"wordCount":255,"commentCount":0,"publisher":{"@id":"https:\/\/www.public.sn\/#organization"},"image":{"@id":"https:\/\/www.public.sn\/index.php\/2024\/04\/10\/korite-bassirou-diomaye-faye-conforte-les-senegalais-a-sunir-pour-un-senegal-dunite-et-de-cohesion\/#primaryimage"},"thumbnailUrl":"https:\/\/www.public.sn\/wp-content\/uploads\/2024\/04\/hq720.jpeg","keywords":["Bassirou Diomaye","KORIT\u00c9","pr\u00e9sident de la r\u00e9publique"],"articleSection":["ACTUALIT\u00c9S","BUZZ","SOCIETE"],"inLanguage":"fr-FR","potentialAction":[{"@type":"CommentAction","name":"Comment","target":["https:\/\/www.public.sn\/index.php\/2024\/04\/10\/korite-bassirou-diomaye-faye-conforte-les-senegalais-a-sunir-pour-un-senegal-dunite-et-de-cohesion\/#respond"]}]},{"@type":"WebPage","@id":"https:\/\/www.public.sn\/index.php\/2024\/04\/10\/korite-bassirou-diomaye-faye-conforte-les-senegalais-a-sunir-pour-un-senegal-dunite-et-de-cohesion\/","url":"https:\/\/www.public.sn\/index.php\/2024\/04\/10\/korite-bassirou-diomaye-faye-conforte-les-senegalais-a-sunir-pour-un-senegal-dunite-et-de-cohesion\/","name":"Korit\u00e9 : Bassirou Diomaye Faye conforte les s\u00e9n\u00e9galais \u00e0 s'unir pour un S\u00e9n\u00e9gal d'unit\u00e9 et de coh\u00e9sion - LE PUBLIC","isPartOf":{"@id":"https:\/\/www.public.sn\/#website"},"primaryImageOfPage":{"@id":"https:\/\/www.public.sn\/index.php\/2024\/04\/10\/korite-bassirou-diomaye-faye-conforte-les-senegalais-a-sunir-pour-un-senegal-dunite-et-de-cohesion\/#primaryimage"},"image":{"@id":"https:\/\/www.public.sn\/index.php\/2024\/04\/10\/korite-bassirou-diomaye-faye-conforte-les-senegalais-a-sunir-pour-un-senegal-dunite-et-de-cohesion\/#primaryimage"},"thumbnailUrl":"https:\/\/www.public.sn\/wp-content\/uploads\/2024\/04\/hq720.jpeg","datePublished":"2024-04-10T12:29:28+00:00","breadcrumb":{"@id":"https:\/\/www.public.sn\/index.php\/2024\/04\/10\/korite-bassirou-diomaye-faye-conforte-les-senegalais-a-sunir-pour-un-senegal-dunite-et-de-cohesion\/#breadcrumb"},"inLanguage":"fr-FR","potentialAction":[{"@type":"ReadAction","target":["https:\/\/www.public.sn\/index.php\/2024\/04\/10\/korite-bassirou-diomaye-faye-conforte-les-senegalais-a-sunir-pour-un-senegal-dunite-et-de-cohesion\/"]}]},{"@type":"ImageObject","inLanguage":"fr-FR","@id":"https:\/\/www.public.sn\/index.php\/2024\/04\/10\/korite-bassirou-diomaye-faye-conforte-les-senegalais-a-sunir-pour-un-senegal-dunite-et-de-cohesion\/#primaryimage","url":"https:\/\/www.public.sn\/wp-content\/uploads\/2024\/04\/hq720.jpeg","contentUrl":"https:\/\/www.public.sn\/wp-content\/uploads\/2024\/04\/hq720.jpeg","width":686,"height":386},{"@type":"BreadcrumbList","@id":"https:\/\/www.public.sn\/index.php\/2024\/04\/10\/korite-bassirou-diomaye-faye-conforte-les-senegalais-a-sunir-pour-un-senegal-dunite-et-de-cohesion\/#breadcrumb","itemListElement":[{"@type":"ListItem","position":1,"name":"Accueil","item":"https:\/\/www.public.sn\/"},{"@type":"ListItem","position":2,"name":"Korit\u00e9 : Bassirou Diomaye Faye conforte les s\u00e9n\u00e9galais \u00e0 s&rsquo;unir pour un S\u00e9n\u00e9gal d&rsquo;unit\u00e9 et de coh\u00e9sion"}]},{"@type":"WebSite","@id":"https:\/\/www.public.sn\/#website","url":"https:\/\/www.public.sn\/","name":"LE PUBLIC","description":"","publisher":{"@id":"https:\/\/www.public.sn\/#organization"},"potentialAction":[{"@type":"SearchAction","target":{"@type":"EntryPoint","urlTemplate":"https:\/\/www.public.sn\/?s={search_term_string}"},"query-input":{"@type":"PropertyValueSpecification","valueRequired":true,"valueName":"search_term_string"}}],"inLanguage":"fr-FR"},{"@type":"Organization","@id":"https:\/\/www.public.sn\/#organization","name":"LE PUBLIC","url":"https:\/\/www.public.sn\/","logo":{"@type":"ImageObject","inLanguage":"fr-FR","@id":"https:\/\/www.public.sn\/#\/schema\/logo\/image\/","url":"https:\/\/www.public.sn\/wp-content\/uploads\/2024\/05\/cropped-LOGO-PUBLIC.SN_.png","contentUrl":"https:\/\/www.public.sn\/wp-content\/uploads\/2024\/05\/cropped-LOGO-PUBLIC.SN_.png","width":682,"height":192,"caption":"LE PUBLIC"},"image":{"@id":"https:\/\/www.public.sn\/#\/schema\/logo\/image\/"}},{"@type":"Person","@id":"https:\/\/www.public.sn\/#\/schema\/person\/0cb769602dc17ecb89fd54a2197a221a","name":"Man\u00e9 Ba","image":{"@type":"ImageObject","inLanguage":"fr-FR","@id":"https:\/\/www.public.sn\/#\/schema\/person\/image\/","url":"https:\/\/secure.gravatar.com\/avatar\/b31a37f6b2529b7e9303b5aacf26777a86815e524f04961246da8183f5e2535a?s=96&d=mm&r=g","contentUrl":"https:\/\/secure.gravatar.com\/avatar\/b31a37f6b2529b7e9303b5aacf26777a86815e524f04961246da8183f5e2535a?s=96&d=mm&r=g","caption":"Man\u00e9 Ba"},"url":"https:\/\/www.public.sn\/index.php\/author\/bamanesen\/"}]}},"jetpack_featured_media_url":"https:\/\/www.public.sn\/wp-content\/uploads\/2024\/04\/hq720.jpeg","jetpack_sharing_enabled":true,"_links":{"self":[{"href":"https:\/\/www.public.sn\/index.php\/wp-json\/wp\/v2\/posts\/31793","targetHints":{"allow":["GET"]}}],"collection":[{"href":"https:\/\/www.public.sn\/index.php\/wp-json\/wp\/v2\/posts"}],"about":[{"href":"https:\/\/www.public.sn\/index.php\/wp-json\/wp\/v2\/types\/post"}],"author":[{"embeddable":true,"href":"https:\/\/www.public.sn\/index.php\/wp-json\/wp\/v2\/users\/12"}],"replies":[{"embeddable":true,"href":"https:\/\/www.public.sn\/index.php\/wp-json\/wp\/v2\/comments?post=31793"}],"version-history":[{"count":1,"href":"https:\/\/www.public.sn\/index.php\/wp-json\/wp\/v2\/posts\/31793\/revisions"}],"predecessor-version":[{"id":31795,"href":"https:\/\/www.public.sn\/index.php\/wp-json\/wp\/v2\/posts\/31793\/revisions\/31795"}],"wp:featuredmedia":[{"embeddable":true,"href":"https:\/\/www.public.sn\/index.php\/wp-json\/wp\/v2\/media\/31794"}],"wp:attachment":[{"href":"https:\/\/www.public.sn\/index.php\/wp-json\/wp\/v2\/media?parent=31793"}],"wp:term":[{"taxonomy":"category","embeddable":true,"href":"https:\/\/www.public.sn\/index.php\/wp-json\/wp\/v2\/categories?post=31793"},{"taxonomy":"post_tag","embeddable":true,"href":"https:\/\/www.public.sn\/index.php\/wp-json\/wp\/v2\/tags?post=31793"}],"curies":[{"name":"wp","href":"https:\/\/api.w.org\/{rel}","templated":true}]}}