{"id":31799,"date":"2024-04-10T13:59:51","date_gmt":"2024-04-10T13:59:51","guid":{"rendered":"https:\/\/www.public.sn\/?p=31799"},"modified":"2024-04-10T13:59:51","modified_gmt":"2024-04-10T13:59:51","slug":"thies-idrissa-seck-exprime-son-souhait-que-les-nouveaux-dirigeants-realisent-les-engagements-pris","status":"publish","type":"post","link":"https:\/\/www.public.sn\/index.php\/2024\/04\/10\/thies-idrissa-seck-exprime-son-souhait-que-les-nouveaux-dirigeants-realisent-les-engagements-pris\/","title":{"rendered":"Thi\u00e8s: Idrissa Seck exprime son souhait que les nouveaux dirigeants r\u00e9alisent les engagements pris"},"content":{"rendered":"<p>\u00c0 la grande mosqu\u00e9e Moussant\u00e9 de Thi\u00e8s, o\u00f9 il a particip\u00e9 \u00e0 la pri\u00e8re dirig\u00e9e par l&rsquo;imam ratib Babacar Ndour, l&rsquo;ancien Premier ministre Idrissa Seck a soulign\u00e9 que l&rsquo;heure de l&rsquo;action \u00e9tait venue, mettant ainsi fin au temps du d\u00e9bat.<\/p><div class=\"publi-paragraphe1\" style=\"margin-top: 10px;margin-bottom: 10px;margin-left: auto;margin-right: auto;text-align: center;\" id=\"publi-1057939674\"><div class=\"publi-adlabel\">Publicit\u00e9<\/div><script async src=\"\/\/pagead2.googlesyndication.com\/pagead\/js\/adsbygoogle.js?client=ca-pub-4089586018074219\" crossorigin=\"anonymous\"><\/script><ins class=\"adsbygoogle\" style=\"display:block;\" data-ad-client=\"ca-pub-4089586018074219\" \ndata-ad-slot=\"2087940154\" \ndata-ad-format=\"auto\"><\/ins>\n<script> \n(adsbygoogle = window.adsbygoogle || []).push({}); \n<\/script>\n<\/div>\n<p>Pour l&rsquo;ancien maire de Thi\u00e8s, le peuple a exprim\u00e9 sa volont\u00e9 de mani\u00e8re souveraine, et il accepte cette d\u00e9cision. Il a exprim\u00e9 le v\u0153u que les nouveaux dirigeants puissent concr\u00e9tiser les engagements pris envers le peuple s\u00e9n\u00e9galais, notamment en ce qui concerne la lutte contre la chert\u00e9 de la vie, la cr\u00e9ation d&#8217;emplois pour les jeunes, ainsi que l&rsquo;am\u00e9lioration du syst\u00e8me judiciaire, entre autres.<\/p>\n<p>Idrissa Seck a affirm\u00e9 qu&rsquo;il reste engag\u00e9 au service du pays, quelles que soient les circonstances, et il a adress\u00e9 ses v\u0153ux \u00e0 tous les citoyens de Thi\u00e8s et du S\u00e9n\u00e9gal, priant pour que la mis\u00e9ricorde divine se r\u00e9pande sur le pays et que la paix et la prosp\u00e9rit\u00e9 y r\u00e8gnent.<\/p>\n<p>Par ailleurs, il a rendu hommage \u00e0 l&rsquo;imam Babacar Ndour pour avoir renouvel\u00e9 son serment en conformit\u00e9 avec les enseignements divins et ceux du Proph\u00e8te Mohammed (SAW), lui souhaitant une longue vie et une sant\u00e9 robuste pour poursuivre sa mission \u00e0 la t\u00eate de la grande mosqu\u00e9e.<\/p>\n<p>Idrissa Seck s&rsquo;est \u00e9galement r\u00e9joui du contenu du serment prononc\u00e9 par le guide spirituel, qui refl\u00e8te les r\u00e9alit\u00e9s actuelles.<\/p>\n<div class=\"publi-apres-le-contenu\" style=\"margin-top: 10px;margin-bottom: 10px;margin-left: auto;margin-right: auto;text-align: center;\" id=\"publi-780874295\"><div class=\"publi-adlabel\">Publicit\u00e9<\/div><script async src=\"\/\/pagead2.googlesyndication.com\/pagead\/js\/adsbygoogle.js?client=ca-pub-4089586018074219\" crossorigin=\"anonymous\"><\/script><ins class=\"adsbygoogle\" style=\"display:block;\" data-ad-client=\"ca-pub-4089586018074219\" \ndata-ad-slot=\"2087940154\" \ndata-ad-format=\"auto\"><\/ins>\n<script> \n(adsbygoogle = window.adsbygoogle || []).push({}); \n<\/script>\n<\/div>","protected":false},"excerpt":{"rendered":"<p>\u00c0 la grande mosqu\u00e9e Moussant\u00e9 de Thi\u00e8s, o\u00f9 il a particip\u00e9 \u00e0 la pri\u00e8re dirig\u00e9e par l&rsquo;imam ratib Babacar Ndour, l&rsquo;ancien Premier ministre Idrissa Seck a soulign\u00e9 que l&rsquo;heure de l&rsquo;action \u00e9tait venue, mettant ainsi fin au temps du d\u00e9bat. Pour l&rsquo;ancien maire de Thi\u00e8s, le peuple a exprim\u00e9 sa volont\u00e9 de mani\u00e8re souveraine, et il accepte cette d\u00e9cision. Il a exprim\u00e9 le v\u0153u que les nouveaux dirigeants puissent concr\u00e9tiser les engagements pris envers le peuple s\u00e9n\u00e9galais, notamment en ce qui concerne la lutte contre la chert\u00e9 de la vie, la cr\u00e9ation d&#8217;emplois pour les jeunes, ainsi que l&rsquo;am\u00e9lioration du syst\u00e8me judiciaire, entre autres. Idrissa Seck a affirm\u00e9 qu&rsquo;il reste engag\u00e9 au service du pays, quelles que soient les circonstances, et il a adress\u00e9 ses v\u0153ux \u00e0 tous les citoyens de Thi\u00e8s et du S\u00e9n\u00e9gal, priant pour que la mis\u00e9ricorde divine se r\u00e9pande sur le pays et que la paix et la prosp\u00e9rit\u00e9 y r\u00e8gnent. Par ailleurs, il a rendu hommage \u00e0 l&rsquo;imam Babacar Ndour pour avoir renouvel\u00e9 son serment en conformit\u00e9 avec les enseignements divins et ceux du Proph\u00e8te Mohammed (SAW), lui souhaitant une longue vie et une sant\u00e9 robuste pour poursuivre sa mission \u00e0 la t\u00eate de la grande mosqu\u00e9e. Idrissa Seck s&rsquo;est \u00e9galement r\u00e9joui du contenu du serment prononc\u00e9 par le guide spirituel, qui refl\u00e8te les r\u00e9alit\u00e9s actuelles.<\/p>\n","protected":false},"author":12,"featured_media":31800,"comment_status":"open","ping_status":"open","sticky":false,"template":"","format":"standard","meta":{"_jetpack_memberships_contains_paid_content":false,"footnotes":""},"categories":[375,1023,3],"tags":[5471,5193],"class_list":["post-31799","post","type-post","status-publish","format-standard","has-post-thumbnail","hentry","category-actualites","category-buzz","category-politique","tag-korite","tag-m-idrissa-seck","entry","has-media","owp-thumbs-layout-horizontal","owp-btn-normal","owp-tabs-layout-horizontal","has-no-thumbnails","has-product-nav"],"yoast_head":"<!-- This site is optimized with the Yoast SEO plugin v25.5 - https:\/\/yoast.com\/wordpress\/plugins\/seo\/ -->\n<title>Thi\u00e8s: Idrissa Seck exprime son souhait que les nouveaux dirigeants r\u00e9alisent les engagements pris - LE PUBLIC<\/title>\n<meta name=\"robots\" content=\"index, follow, max-snippet:-1, max-image-preview:large, max-video-preview:-1\" \/>\n<link rel=\"canonical\" href=\"https:\/\/www.public.sn\/index.php\/2024\/04\/10\/thies-idrissa-seck-exprime-son-souhait-que-les-nouveaux-dirigeants-realisent-les-engagements-pris\/\" \/>\n<meta property=\"og:locale\" content=\"fr_FR\" \/>\n<meta property=\"og:type\" content=\"article\" \/>\n<meta property=\"og:title\" content=\"Thi\u00e8s: Idrissa Seck exprime son souhait que les nouveaux dirigeants r\u00e9alisent les engagements pris - LE PUBLIC\" \/>\n<meta property=\"og:description\" content=\"\u00c0 la grande mosqu\u00e9e Moussant\u00e9 de Thi\u00e8s, o\u00f9 il a particip\u00e9 \u00e0 la pri\u00e8re dirig\u00e9e par l&rsquo;imam ratib Babacar Ndour, l&rsquo;ancien Premier ministre Idrissa Seck a soulign\u00e9 que l&rsquo;heure de l&rsquo;action \u00e9tait venue, mettant ainsi fin au temps du d\u00e9bat. Pour l&rsquo;ancien maire de Thi\u00e8s, le peuple a exprim\u00e9 sa volont\u00e9 de mani\u00e8re souveraine, et il accepte cette d\u00e9cision. Il a exprim\u00e9 le v\u0153u que les nouveaux dirigeants puissent concr\u00e9tiser les engagements pris envers le peuple s\u00e9n\u00e9galais, notamment en ce qui concerne la lutte contre la chert\u00e9 de la vie, la cr\u00e9ation d&#8217;emplois pour les jeunes, ainsi que l&rsquo;am\u00e9lioration du syst\u00e8me judiciaire, entre autres. Idrissa Seck a affirm\u00e9 qu&rsquo;il reste engag\u00e9 au service du pays, quelles que soient les circonstances, et il a adress\u00e9 ses v\u0153ux \u00e0 tous les citoyens de Thi\u00e8s et du S\u00e9n\u00e9gal, priant pour que la mis\u00e9ricorde divine se r\u00e9pande sur le pays et que la paix et la prosp\u00e9rit\u00e9 y r\u00e8gnent. Par ailleurs, il a rendu hommage \u00e0 l&rsquo;imam Babacar Ndour pour avoir renouvel\u00e9 son serment en conformit\u00e9 avec les enseignements divins et ceux du Proph\u00e8te Mohammed (SAW), lui souhaitant une longue vie et une sant\u00e9 robuste pour poursuivre sa mission \u00e0 la t\u00eate de la grande mosqu\u00e9e. Idrissa Seck s&rsquo;est \u00e9galement r\u00e9joui du contenu du serment prononc\u00e9 par le guide spirituel, qui refl\u00e8te les r\u00e9alit\u00e9s actuelles.\" \/>\n<meta property=\"og:url\" content=\"https:\/\/www.public.sn\/index.php\/2024\/04\/10\/thies-idrissa-seck-exprime-son-souhait-que-les-nouveaux-dirigeants-realisent-les-engagements-pris\/\" \/>\n<meta property=\"og:site_name\" content=\"LE PUBLIC\" \/>\n<meta property=\"article:published_time\" content=\"2024-04-10T13:59:51+00:00\" \/>\n<meta property=\"og:image\" content=\"https:\/\/www.public.sn\/wp-content\/uploads\/2024\/04\/Korite-Idrissa-Seck-il-Faut-Que-La-Paix.jpeg\" \/>\n\t<meta property=\"og:image:width\" content=\"612\" \/>\n\t<meta property=\"og:image:height\" content=\"298\" \/>\n\t<meta property=\"og:image:type\" content=\"image\/jpeg\" \/>\n<meta name=\"author\" content=\"Man\u00e9 Ba\" \/>\n<meta name=\"twitter:card\" content=\"summary_large_image\" \/>\n<meta name=\"twitter:label1\" content=\"\u00c9crit par\" \/>\n\t<meta name=\"twitter:data1\" content=\"Man\u00e9 Ba\" \/>\n\t<meta name=\"twitter:label2\" content=\"Dur\u00e9e de lecture estim\u00e9e\" \/>\n\t<meta name=\"twitter:data2\" content=\"2 minutes\" \/>\n<script type=\"application\/ld+json\" class=\"yoast-schema-graph\">{\"@context\":\"https:\/\/schema.org\",\"@graph\":[{\"@type\":\"Article\",\"@id\":\"https:\/\/www.public.sn\/index.php\/2024\/04\/10\/thies-idrissa-seck-exprime-son-souhait-que-les-nouveaux-dirigeants-realisent-les-engagements-pris\/#article\",\"isPartOf\":{\"@id\":\"https:\/\/www.public.sn\/index.php\/2024\/04\/10\/thies-idrissa-seck-exprime-son-souhait-que-les-nouveaux-dirigeants-realisent-les-engagements-pris\/\"},\"author\":{\"name\":\"Man\u00e9 Ba\",\"@id\":\"https:\/\/www.public.sn\/#\/schema\/person\/0cb769602dc17ecb89fd54a2197a221a\"},\"headline\":\"Thi\u00e8s: Idrissa Seck exprime son souhait que les nouveaux dirigeants r\u00e9alisent les engagements pris\",\"datePublished\":\"2024-04-10T13:59:51+00:00\",\"mainEntityOfPage\":{\"@id\":\"https:\/\/www.public.sn\/index.php\/2024\/04\/10\/thies-idrissa-seck-exprime-son-souhait-que-les-nouveaux-dirigeants-realisent-les-engagements-pris\/\"},\"wordCount\":262,\"commentCount\":0,\"publisher\":{\"@id\":\"https:\/\/www.public.sn\/#organization\"},\"image\":{\"@id\":\"https:\/\/www.public.sn\/index.php\/2024\/04\/10\/thies-idrissa-seck-exprime-son-souhait-que-les-nouveaux-dirigeants-realisent-les-engagements-pris\/#primaryimage\"},\"thumbnailUrl\":\"https:\/\/www.public.sn\/wp-content\/uploads\/2024\/04\/Korite-Idrissa-Seck-il-Faut-Que-La-Paix.jpeg\",\"keywords\":[\"KORIT\u00c9\",\"M. Idrissa SECK\"],\"articleSection\":[\"ACTUALIT\u00c9S\",\"BUZZ\",\"POLITIQUE\"],\"inLanguage\":\"fr-FR\",\"potentialAction\":[{\"@type\":\"CommentAction\",\"name\":\"Comment\",\"target\":[\"https:\/\/www.public.sn\/index.php\/2024\/04\/10\/thies-idrissa-seck-exprime-son-souhait-que-les-nouveaux-dirigeants-realisent-les-engagements-pris\/#respond\"]}]},{\"@type\":\"WebPage\",\"@id\":\"https:\/\/www.public.sn\/index.php\/2024\/04\/10\/thies-idrissa-seck-exprime-son-souhait-que-les-nouveaux-dirigeants-realisent-les-engagements-pris\/\",\"url\":\"https:\/\/www.public.sn\/index.php\/2024\/04\/10\/thies-idrissa-seck-exprime-son-souhait-que-les-nouveaux-dirigeants-realisent-les-engagements-pris\/\",\"name\":\"Thi\u00e8s: Idrissa Seck exprime son souhait que les nouveaux dirigeants r\u00e9alisent les engagements pris - LE PUBLIC\",\"isPartOf\":{\"@id\":\"https:\/\/www.public.sn\/#website\"},\"primaryImageOfPage\":{\"@id\":\"https:\/\/www.public.sn\/index.php\/2024\/04\/10\/thies-idrissa-seck-exprime-son-souhait-que-les-nouveaux-dirigeants-realisent-les-engagements-pris\/#primaryimage\"},\"image\":{\"@id\":\"https:\/\/www.public.sn\/index.php\/2024\/04\/10\/thies-idrissa-seck-exprime-son-souhait-que-les-nouveaux-dirigeants-realisent-les-engagements-pris\/#primaryimage\"},\"thumbnailUrl\":\"https:\/\/www.public.sn\/wp-content\/uploads\/2024\/04\/Korite-Idrissa-Seck-il-Faut-Que-La-Paix.jpeg\",\"datePublished\":\"2024-04-10T13:59:51+00:00\",\"breadcrumb\":{\"@id\":\"https:\/\/www.public.sn\/index.php\/2024\/04\/10\/thies-idrissa-seck-exprime-son-souhait-que-les-nouveaux-dirigeants-realisent-les-engagements-pris\/#breadcrumb\"},\"inLanguage\":\"fr-FR\",\"potentialAction\":[{\"@type\":\"ReadAction\",\"target\":[\"https:\/\/www.public.sn\/index.php\/2024\/04\/10\/thies-idrissa-seck-exprime-son-souhait-que-les-nouveaux-dirigeants-realisent-les-engagements-pris\/\"]}]},{\"@type\":\"ImageObject\",\"inLanguage\":\"fr-FR\",\"@id\":\"https:\/\/www.public.sn\/index.php\/2024\/04\/10\/thies-idrissa-seck-exprime-son-souhait-que-les-nouveaux-dirigeants-realisent-les-engagements-pris\/#primaryimage\",\"url\":\"https:\/\/www.public.sn\/wp-content\/uploads\/2024\/04\/Korite-Idrissa-Seck-il-Faut-Que-La-Paix.jpeg\",\"contentUrl\":\"https:\/\/www.public.sn\/wp-content\/uploads\/2024\/04\/Korite-Idrissa-Seck-il-Faut-Que-La-Paix.jpeg\",\"width\":612,\"height\":298},{\"@type\":\"BreadcrumbList\",\"@id\":\"https:\/\/www.public.sn\/index.php\/2024\/04\/10\/thies-idrissa-seck-exprime-son-souhait-que-les-nouveaux-dirigeants-realisent-les-engagements-pris\/#breadcrumb\",\"itemListElement\":[{\"@type\":\"ListItem\",\"position\":1,\"name\":\"Accueil\",\"item\":\"https:\/\/www.public.sn\/\"},{\"@type\":\"ListItem\",\"position\":2,\"name\":\"Thi\u00e8s: Idrissa Seck exprime son souhait que les nouveaux dirigeants r\u00e9alisent les engagements pris\"}]},{\"@type\":\"WebSite\",\"@id\":\"https:\/\/www.public.sn\/#website\",\"url\":\"https:\/\/www.public.sn\/\",\"name\":\"LE PUBLIC\",\"description\":\"\",\"publisher\":{\"@id\":\"https:\/\/www.public.sn\/#organization\"},\"potentialAction\":[{\"@type\":\"SearchAction\",\"target\":{\"@type\":\"EntryPoint\",\"urlTemplate\":\"https:\/\/www.public.sn\/?s={search_term_string}\"},\"query-input\":{\"@type\":\"PropertyValueSpecification\",\"valueRequired\":true,\"valueName\":\"search_term_string\"}}],\"inLanguage\":\"fr-FR\"},{\"@type\":\"Organization\",\"@id\":\"https:\/\/www.public.sn\/#organization\",\"name\":\"LE PUBLIC\",\"url\":\"https:\/\/www.public.sn\/\",\"logo\":{\"@type\":\"ImageObject\",\"inLanguage\":\"fr-FR\",\"@id\":\"https:\/\/www.public.sn\/#\/schema\/logo\/image\/\",\"url\":\"https:\/\/www.public.sn\/wp-content\/uploads\/2024\/05\/cropped-LOGO-PUBLIC.SN_.png\",\"contentUrl\":\"https:\/\/www.public.sn\/wp-content\/uploads\/2024\/05\/cropped-LOGO-PUBLIC.SN_.png\",\"width\":682,\"height\":192,\"caption\":\"LE PUBLIC\"},\"image\":{\"@id\":\"https:\/\/www.public.sn\/#\/schema\/logo\/image\/\"}},{\"@type\":\"Person\",\"@id\":\"https:\/\/www.public.sn\/#\/schema\/person\/0cb769602dc17ecb89fd54a2197a221a\",\"name\":\"Man\u00e9 Ba\",\"image\":{\"@type\":\"ImageObject\",\"inLanguage\":\"fr-FR\",\"@id\":\"https:\/\/www.public.sn\/#\/schema\/person\/image\/\",\"url\":\"https:\/\/secure.gravatar.com\/avatar\/b31a37f6b2529b7e9303b5aacf26777a86815e524f04961246da8183f5e2535a?s=96&d=mm&r=g\",\"contentUrl\":\"https:\/\/secure.gravatar.com\/avatar\/b31a37f6b2529b7e9303b5aacf26777a86815e524f04961246da8183f5e2535a?s=96&d=mm&r=g\",\"caption\":\"Man\u00e9 Ba\"},\"url\":\"https:\/\/www.public.sn\/index.php\/author\/bamanesen\/\"}]}<\/script>\n<!-- \/ Yoast SEO plugin. -->","yoast_head_json":{"title":"Thi\u00e8s: Idrissa Seck exprime son souhait que les nouveaux dirigeants r\u00e9alisent les engagements pris - LE PUBLIC","robots":{"index":"index","follow":"follow","max-snippet":"max-snippet:-1","max-image-preview":"max-image-preview:large","max-video-preview":"max-video-preview:-1"},"canonical":"https:\/\/www.public.sn\/index.php\/2024\/04\/10\/thies-idrissa-seck-exprime-son-souhait-que-les-nouveaux-dirigeants-realisent-les-engagements-pris\/","og_locale":"fr_FR","og_type":"article","og_title":"Thi\u00e8s: Idrissa Seck exprime son souhait que les nouveaux dirigeants r\u00e9alisent les engagements pris - LE PUBLIC","og_description":"\u00c0 la grande mosqu\u00e9e Moussant\u00e9 de Thi\u00e8s, o\u00f9 il a particip\u00e9 \u00e0 la pri\u00e8re dirig\u00e9e par l&rsquo;imam ratib Babacar Ndour, l&rsquo;ancien Premier ministre Idrissa Seck a soulign\u00e9 que l&rsquo;heure de l&rsquo;action \u00e9tait venue, mettant ainsi fin au temps du d\u00e9bat. Pour l&rsquo;ancien maire de Thi\u00e8s, le peuple a exprim\u00e9 sa volont\u00e9 de mani\u00e8re souveraine, et il accepte cette d\u00e9cision. Il a exprim\u00e9 le v\u0153u que les nouveaux dirigeants puissent concr\u00e9tiser les engagements pris envers le peuple s\u00e9n\u00e9galais, notamment en ce qui concerne la lutte contre la chert\u00e9 de la vie, la cr\u00e9ation d&#8217;emplois pour les jeunes, ainsi que l&rsquo;am\u00e9lioration du syst\u00e8me judiciaire, entre autres. Idrissa Seck a affirm\u00e9 qu&rsquo;il reste engag\u00e9 au service du pays, quelles que soient les circonstances, et il a adress\u00e9 ses v\u0153ux \u00e0 tous les citoyens de Thi\u00e8s et du S\u00e9n\u00e9gal, priant pour que la mis\u00e9ricorde divine se r\u00e9pande sur le pays et que la paix et la prosp\u00e9rit\u00e9 y r\u00e8gnent. Par ailleurs, il a rendu hommage \u00e0 l&rsquo;imam Babacar Ndour pour avoir renouvel\u00e9 son serment en conformit\u00e9 avec les enseignements divins et ceux du Proph\u00e8te Mohammed (SAW), lui souhaitant une longue vie et une sant\u00e9 robuste pour poursuivre sa mission \u00e0 la t\u00eate de la grande mosqu\u00e9e. Idrissa Seck s&rsquo;est \u00e9galement r\u00e9joui du contenu du serment prononc\u00e9 par le guide spirituel, qui refl\u00e8te les r\u00e9alit\u00e9s actuelles.","og_url":"https:\/\/www.public.sn\/index.php\/2024\/04\/10\/thies-idrissa-seck-exprime-son-souhait-que-les-nouveaux-dirigeants-realisent-les-engagements-pris\/","og_site_name":"LE PUBLIC","article_published_time":"2024-04-10T13:59:51+00:00","og_image":[{"width":612,"height":298,"url":"https:\/\/www.public.sn\/wp-content\/uploads\/2024\/04\/Korite-Idrissa-Seck-il-Faut-Que-La-Paix.jpeg","type":"image\/jpeg"}],"author":"Man\u00e9 Ba","twitter_card":"summary_large_image","twitter_misc":{"\u00c9crit par":"Man\u00e9 Ba","Dur\u00e9e de lecture estim\u00e9e":"2 minutes"},"schema":{"@context":"https:\/\/schema.org","@graph":[{"@type":"Article","@id":"https:\/\/www.public.sn\/index.php\/2024\/04\/10\/thies-idrissa-seck-exprime-son-souhait-que-les-nouveaux-dirigeants-realisent-les-engagements-pris\/#article","isPartOf":{"@id":"https:\/\/www.public.sn\/index.php\/2024\/04\/10\/thies-idrissa-seck-exprime-son-souhait-que-les-nouveaux-dirigeants-realisent-les-engagements-pris\/"},"author":{"name":"Man\u00e9 Ba","@id":"https:\/\/www.public.sn\/#\/schema\/person\/0cb769602dc17ecb89fd54a2197a221a"},"headline":"Thi\u00e8s: Idrissa Seck exprime son souhait que les nouveaux dirigeants r\u00e9alisent les engagements pris","datePublished":"2024-04-10T13:59:51+00:00","mainEntityOfPage":{"@id":"https:\/\/www.public.sn\/index.php\/2024\/04\/10\/thies-idrissa-seck-exprime-son-souhait-que-les-nouveaux-dirigeants-realisent-les-engagements-pris\/"},"wordCount":262,"commentCount":0,"publisher":{"@id":"https:\/\/www.public.sn\/#organization"},"image":{"@id":"https:\/\/www.public.sn\/index.php\/2024\/04\/10\/thies-idrissa-seck-exprime-son-souhait-que-les-nouveaux-dirigeants-realisent-les-engagements-pris\/#primaryimage"},"thumbnailUrl":"https:\/\/www.public.sn\/wp-content\/uploads\/2024\/04\/Korite-Idrissa-Seck-il-Faut-Que-La-Paix.jpeg","keywords":["KORIT\u00c9","M. Idrissa SECK"],"articleSection":["ACTUALIT\u00c9S","BUZZ","POLITIQUE"],"inLanguage":"fr-FR","potentialAction":[{"@type":"CommentAction","name":"Comment","target":["https:\/\/www.public.sn\/index.php\/2024\/04\/10\/thies-idrissa-seck-exprime-son-souhait-que-les-nouveaux-dirigeants-realisent-les-engagements-pris\/#respond"]}]},{"@type":"WebPage","@id":"https:\/\/www.public.sn\/index.php\/2024\/04\/10\/thies-idrissa-seck-exprime-son-souhait-que-les-nouveaux-dirigeants-realisent-les-engagements-pris\/","url":"https:\/\/www.public.sn\/index.php\/2024\/04\/10\/thies-idrissa-seck-exprime-son-souhait-que-les-nouveaux-dirigeants-realisent-les-engagements-pris\/","name":"Thi\u00e8s: Idrissa Seck exprime son souhait que les nouveaux dirigeants r\u00e9alisent les engagements pris - LE PUBLIC","isPartOf":{"@id":"https:\/\/www.public.sn\/#website"},"primaryImageOfPage":{"@id":"https:\/\/www.public.sn\/index.php\/2024\/04\/10\/thies-idrissa-seck-exprime-son-souhait-que-les-nouveaux-dirigeants-realisent-les-engagements-pris\/#primaryimage"},"image":{"@id":"https:\/\/www.public.sn\/index.php\/2024\/04\/10\/thies-idrissa-seck-exprime-son-souhait-que-les-nouveaux-dirigeants-realisent-les-engagements-pris\/#primaryimage"},"thumbnailUrl":"https:\/\/www.public.sn\/wp-content\/uploads\/2024\/04\/Korite-Idrissa-Seck-il-Faut-Que-La-Paix.jpeg","datePublished":"2024-04-10T13:59:51+00:00","breadcrumb":{"@id":"https:\/\/www.public.sn\/index.php\/2024\/04\/10\/thies-idrissa-seck-exprime-son-souhait-que-les-nouveaux-dirigeants-realisent-les-engagements-pris\/#breadcrumb"},"inLanguage":"fr-FR","potentialAction":[{"@type":"ReadAction","target":["https:\/\/www.public.sn\/index.php\/2024\/04\/10\/thies-idrissa-seck-exprime-son-souhait-que-les-nouveaux-dirigeants-realisent-les-engagements-pris\/"]}]},{"@type":"ImageObject","inLanguage":"fr-FR","@id":"https:\/\/www.public.sn\/index.php\/2024\/04\/10\/thies-idrissa-seck-exprime-son-souhait-que-les-nouveaux-dirigeants-realisent-les-engagements-pris\/#primaryimage","url":"https:\/\/www.public.sn\/wp-content\/uploads\/2024\/04\/Korite-Idrissa-Seck-il-Faut-Que-La-Paix.jpeg","contentUrl":"https:\/\/www.public.sn\/wp-content\/uploads\/2024\/04\/Korite-Idrissa-Seck-il-Faut-Que-La-Paix.jpeg","width":612,"height":298},{"@type":"BreadcrumbList","@id":"https:\/\/www.public.sn\/index.php\/2024\/04\/10\/thies-idrissa-seck-exprime-son-souhait-que-les-nouveaux-dirigeants-realisent-les-engagements-pris\/#breadcrumb","itemListElement":[{"@type":"ListItem","position":1,"name":"Accueil","item":"https:\/\/www.public.sn\/"},{"@type":"ListItem","position":2,"name":"Thi\u00e8s: Idrissa Seck exprime son souhait que les nouveaux dirigeants r\u00e9alisent les engagements pris"}]},{"@type":"WebSite","@id":"https:\/\/www.public.sn\/#website","url":"https:\/\/www.public.sn\/","name":"LE PUBLIC","description":"","publisher":{"@id":"https:\/\/www.public.sn\/#organization"},"potentialAction":[{"@type":"SearchAction","target":{"@type":"EntryPoint","urlTemplate":"https:\/\/www.public.sn\/?s={search_term_string}"},"query-input":{"@type":"PropertyValueSpecification","valueRequired":true,"valueName":"search_term_string"}}],"inLanguage":"fr-FR"},{"@type":"Organization","@id":"https:\/\/www.public.sn\/#organization","name":"LE PUBLIC","url":"https:\/\/www.public.sn\/","logo":{"@type":"ImageObject","inLanguage":"fr-FR","@id":"https:\/\/www.public.sn\/#\/schema\/logo\/image\/","url":"https:\/\/www.public.sn\/wp-content\/uploads\/2024\/05\/cropped-LOGO-PUBLIC.SN_.png","contentUrl":"https:\/\/www.public.sn\/wp-content\/uploads\/2024\/05\/cropped-LOGO-PUBLIC.SN_.png","width":682,"height":192,"caption":"LE PUBLIC"},"image":{"@id":"https:\/\/www.public.sn\/#\/schema\/logo\/image\/"}},{"@type":"Person","@id":"https:\/\/www.public.sn\/#\/schema\/person\/0cb769602dc17ecb89fd54a2197a221a","name":"Man\u00e9 Ba","image":{"@type":"ImageObject","inLanguage":"fr-FR","@id":"https:\/\/www.public.sn\/#\/schema\/person\/image\/","url":"https:\/\/secure.gravatar.com\/avatar\/b31a37f6b2529b7e9303b5aacf26777a86815e524f04961246da8183f5e2535a?s=96&d=mm&r=g","contentUrl":"https:\/\/secure.gravatar.com\/avatar\/b31a37f6b2529b7e9303b5aacf26777a86815e524f04961246da8183f5e2535a?s=96&d=mm&r=g","caption":"Man\u00e9 Ba"},"url":"https:\/\/www.public.sn\/index.php\/author\/bamanesen\/"}]}},"jetpack_featured_media_url":"https:\/\/www.public.sn\/wp-content\/uploads\/2024\/04\/Korite-Idrissa-Seck-il-Faut-Que-La-Paix.jpeg","jetpack_sharing_enabled":true,"_links":{"self":[{"href":"https:\/\/www.public.sn\/index.php\/wp-json\/wp\/v2\/posts\/31799","targetHints":{"allow":["GET"]}}],"collection":[{"href":"https:\/\/www.public.sn\/index.php\/wp-json\/wp\/v2\/posts"}],"about":[{"href":"https:\/\/www.public.sn\/index.php\/wp-json\/wp\/v2\/types\/post"}],"author":[{"embeddable":true,"href":"https:\/\/www.public.sn\/index.php\/wp-json\/wp\/v2\/users\/12"}],"replies":[{"embeddable":true,"href":"https:\/\/www.public.sn\/index.php\/wp-json\/wp\/v2\/comments?post=31799"}],"version-history":[{"count":1,"href":"https:\/\/www.public.sn\/index.php\/wp-json\/wp\/v2\/posts\/31799\/revisions"}],"predecessor-version":[{"id":31801,"href":"https:\/\/www.public.sn\/index.php\/wp-json\/wp\/v2\/posts\/31799\/revisions\/31801"}],"wp:featuredmedia":[{"embeddable":true,"href":"https:\/\/www.public.sn\/index.php\/wp-json\/wp\/v2\/media\/31800"}],"wp:attachment":[{"href":"https:\/\/www.public.sn\/index.php\/wp-json\/wp\/v2\/media?parent=31799"}],"wp:term":[{"taxonomy":"category","embeddable":true,"href":"https:\/\/www.public.sn\/index.php\/wp-json\/wp\/v2\/categories?post=31799"},{"taxonomy":"post_tag","embeddable":true,"href":"https:\/\/www.public.sn\/index.php\/wp-json\/wp\/v2\/tags?post=31799"}],"curies":[{"name":"wp","href":"https:\/\/api.w.org\/{rel}","templated":true}]}}