{"id":31850,"date":"2024-04-18T14:31:42","date_gmt":"2024-04-18T14:31:42","guid":{"rendered":"https:\/\/www.public.sn\/?p=31850"},"modified":"2024-04-18T14:39:05","modified_gmt":"2024-04-18T14:39:05","slug":"cheikhou-kouyate-jai-senti-le-deces-de-mon-pere-bien-avant-quon-me-lannonce-actualitesfootballinternational","status":"publish","type":"post","link":"https:\/\/www.public.sn\/index.php\/2024\/04\/18\/cheikhou-kouyate-jai-senti-le-deces-de-mon-pere-bien-avant-quon-me-lannonce-actualitesfootballinternational\/","title":{"rendered":"CHEIKHOU KOUYAT\u00c9 : \u00ab J\u2019AI SENTI LE D\u00c9C\u00c8S DE MON P\u00c8RE BIEN AVANT QU\u2019ON ME L\u2019ANNONCE\u00a0\u00bb"},"content":{"rendered":"<div class=\"intro-text\">\n<p>Le milieu de terrain des Lions, Cheikhou Kouyat\u00e9, dit avoir eu le sentiment qu\u2019une partie de lui est partie \u00e0 l\u2019annonce du d\u00e9c\u00e8s de son p\u00e8re, une mauvaise nouvelle qu\u2019il avait pressentie par diverses manifestations physiques, en pleine Coupe d\u2019Afrique des nations, en janvier dernier, en C\u00f4te d\u2019Ivoire.<\/p><div class=\"publi-paragraphe1\" style=\"margin-top: 10px;margin-bottom: 10px;margin-left: auto;margin-right: auto;text-align: center;\" id=\"publi-2966225255\"><div class=\"publi-adlabel\">Publicit\u00e9<\/div><script async src=\"\/\/pagead2.googlesyndication.com\/pagead\/js\/adsbygoogle.js?client=ca-pub-4089586018074219\" crossorigin=\"anonymous\"><\/script><ins class=\"adsbygoogle\" style=\"display:block;\" data-ad-client=\"ca-pub-4089586018074219\" \ndata-ad-slot=\"2087940154\" \ndata-ad-format=\"auto\"><\/ins>\n<script> \n(adsbygoogle = window.adsbygoogle || []).push({}); \n<\/script>\n<\/div>\n<\/div>\n<div class=\"etz etz-post-inline etz-float-center etz-align-center etz-column-1 etz-clearfix no-bg-box-model\">\n<div id=\"etz-980556-144090259\" class=\"etz-container etz-type-code \" data-adid=\"980556\" data-type=\"code\">\n<div id=\"etz-980556-144090259-place\">\n<p>\u201cJ\u2019ai senti le d\u00e9c\u00e8s de mon p\u00e8re bien avant qu\u2019on me l\u2019annonce, parce que 24 heures avant, j\u2019ai eu des frissons. Je ressentais un froid de canard. \u00c0 l\u2019entra\u00eenement, Gana et mes co\u00e9quipiers me taquinaient sur le fait que je m\u2019\u00e9tais habill\u00e9 en mode hiver alors qu\u2019il faisait tr\u00e8s chaud \u00e0 Yamoussoukro\u201d, la deuxi\u00e8me ville de la C\u00f4te d\u2019Ivoire qui abritait la poule du S\u00e9n\u00e9gal, a-t-il confi\u00e9 dans un entretien avec l\u2019APS.<\/p>\n<p>\u201cJe leur ai fait comprendre que je ressentais un froid, mais ils continuaient \u00e0 me taquiner. Une fois \u00e0 l\u2019h\u00f4tel, j\u2019ai encore dit \u00e0 Gana que j\u2019avais le corps lourd et que \u00e7a n\u2019allait pas. C\u2019est comme si je commen\u00e7ais \u00e0 attraper une grippe. Quelques heures apr\u00e8s, on m\u2019a appel\u00e9 pour m\u2019annoncer la nouvelle\u201d, a d\u00e9clar\u00e9 le milieu de terrain de Nottingham Forest, club de l\u2019\u00e9lite anglaise. Il dit avoir aussi ressenti une peur apr\u00e8s l\u2019annonce du d\u00e9c\u00e8s de son p\u00e8re. \u201cPourquoi j\u2019ai eu peur ? Juste parce que je me suis dit qu\u2019il y a une partie de moi qui est partie. Je me suis tourn\u00e9e vers Idrissa Gu\u00e8ye et je lui ai dit : louange \u00e0 Allah, l\u2019unique\u201d. Le d\u00e9c\u00e8s de son p\u00e8re, Bandiougou Kouyat\u00e9, l\u2019avait contraint \u00e0 abandonner ses co\u00e9quipiers pour assister \u00e0 ses fun\u00e9railles \u00e0 Dakar avant de retrouver le regroupement des Lions avant le match contre le Cameroun, remport\u00e9 par le S\u00e9n\u00e9gal, 3-1.<\/p>\n<p>\u201cDans l\u2019imm\u00e9diat, Idy [Gana Gu\u00e8ye] m\u2019a dit qu\u2019une partie de toi est partie, c\u2019est difficile de perdre un parent, mais il faut t\u2019en remettre \u00e0 Dieu. Il m\u2019a fait revenir \u00e0 la raison pour accepter\u2019\u2019 la situation, a-t-il dit au sujet du soutien de son comp\u00e8re du milieu des Lions qui l\u2019a aid\u00e9 \u00e0 tout remettre \u00e0 Dieu, selon lui. \u201cGana m\u2019a dit d\u2019accepter la volont\u00e9 divine\u201d, a ajout\u00e9 l\u2019ancien capitaine des Lions, champion d\u2019Afrique avec le S\u00e9n\u00e9gal en 2021.<\/p>\n<\/div>\n<\/div>\n<\/div>\n<div class=\"publi-apres-le-contenu\" style=\"margin-top: 10px;margin-bottom: 10px;margin-left: auto;margin-right: auto;text-align: center;\" id=\"publi-729729483\"><div class=\"publi-adlabel\">Publicit\u00e9<\/div><script async src=\"\/\/pagead2.googlesyndication.com\/pagead\/js\/adsbygoogle.js?client=ca-pub-4089586018074219\" crossorigin=\"anonymous\"><\/script><ins class=\"adsbygoogle\" style=\"display:block;\" data-ad-client=\"ca-pub-4089586018074219\" \ndata-ad-slot=\"2087940154\" \ndata-ad-format=\"auto\"><\/ins>\n<script> \n(adsbygoogle = window.adsbygoogle || []).push({}); \n<\/script>\n<\/div>","protected":false},"excerpt":{"rendered":"<p>Le milieu de terrain des Lions, Cheikhou Kouyat\u00e9, dit avoir eu le sentiment qu\u2019une partie de lui est partie \u00e0 l\u2019annonce du d\u00e9c\u00e8s de son p\u00e8re, une mauvaise nouvelle qu\u2019il avait pressentie par diverses manifestations physiques, en pleine Coupe d\u2019Afrique des nations, en janvier dernier, en C\u00f4te d\u2019Ivoire. \u201cJ\u2019ai senti le d\u00e9c\u00e8s de mon p\u00e8re bien avant qu\u2019on me l\u2019annonce, parce que 24 heures avant, j\u2019ai eu des frissons. Je ressentais un froid de canard. \u00c0 l\u2019entra\u00eenement, Gana et mes co\u00e9quipiers me taquinaient sur le fait que je m\u2019\u00e9tais habill\u00e9 en mode hiver alors qu\u2019il faisait tr\u00e8s chaud \u00e0 Yamoussoukro\u201d, la deuxi\u00e8me ville de la C\u00f4te d\u2019Ivoire qui abritait la poule du S\u00e9n\u00e9gal, a-t-il confi\u00e9 dans un entretien avec l\u2019APS. \u201cJe leur ai fait comprendre que je ressentais un froid, mais ils continuaient \u00e0 me taquiner. Une fois \u00e0 l\u2019h\u00f4tel, j\u2019ai encore dit \u00e0 Gana que j\u2019avais le corps lourd et que \u00e7a n\u2019allait pas. C\u2019est comme si je commen\u00e7ais \u00e0 attraper une grippe. Quelques heures apr\u00e8s, on m\u2019a appel\u00e9 pour m\u2019annoncer la nouvelle\u201d, a d\u00e9clar\u00e9 le milieu de terrain de Nottingham Forest, club de l\u2019\u00e9lite anglaise. Il dit avoir aussi ressenti une peur apr\u00e8s l\u2019annonce du d\u00e9c\u00e8s de son p\u00e8re. \u201cPourquoi j\u2019ai eu peur ? Juste parce que je me suis dit qu\u2019il y a une partie de moi qui est partie. Je me suis tourn\u00e9e vers Idrissa Gu\u00e8ye et je lui ai dit : louange \u00e0 Allah, l\u2019unique\u201d. Le d\u00e9c\u00e8s de son p\u00e8re, Bandiougou Kouyat\u00e9, l\u2019avait contraint \u00e0 abandonner ses co\u00e9quipiers pour assister \u00e0 ses fun\u00e9railles \u00e0 Dakar avant de retrouver le regroupement des Lions avant le match contre le Cameroun, remport\u00e9 par le S\u00e9n\u00e9gal, 3-1. \u201cDans l\u2019imm\u00e9diat, Idy [Gana Gu\u00e8ye] m\u2019a dit qu\u2019une partie de toi est partie, c\u2019est difficile de perdre un parent, mais il faut t\u2019en remettre \u00e0 Dieu. Il m\u2019a fait revenir \u00e0 la raison pour accepter\u2019\u2019 la situation, a-t-il dit au sujet du soutien de son comp\u00e8re du milieu des Lions qui l\u2019a aid\u00e9 \u00e0 tout remettre \u00e0 Dieu, selon lui. \u201cGana m\u2019a dit d\u2019accepter la volont\u00e9 divine\u201d, a ajout\u00e9 l\u2019ancien capitaine des Lions, champion d\u2019Afrique avec le S\u00e9n\u00e9gal en 2021.<\/p>\n","protected":false},"author":12,"featured_media":31851,"comment_status":"open","ping_status":"open","sticky":false,"template":"","format":"standard","meta":{"_jetpack_memberships_contains_paid_content":false,"footnotes":""},"categories":[375,7],"tags":[3203,374,68],"class_list":["post-31850","post","type-post","status-publish","format-standard","has-post-thumbnail","hentry","category-actualites","category-sport","tag-cheikhou-kouyate","tag-deces","tag-football","entry","has-media","owp-thumbs-layout-horizontal","owp-btn-normal","owp-tabs-layout-horizontal","has-no-thumbnails","has-product-nav"],"yoast_head":"<!-- This site is optimized with the Yoast SEO plugin v25.5 - https:\/\/yoast.com\/wordpress\/plugins\/seo\/ -->\n<title>CHEIKHOU KOUYAT\u00c9 : \u00ab J\u2019AI SENTI LE D\u00c9C\u00c8S DE MON P\u00c8RE BIEN AVANT QU\u2019ON ME L\u2019ANNONCE&quot; - LE PUBLIC<\/title>\n<meta name=\"robots\" content=\"index, follow, max-snippet:-1, max-image-preview:large, max-video-preview:-1\" \/>\n<link rel=\"canonical\" href=\"https:\/\/www.public.sn\/index.php\/2024\/04\/18\/cheikhou-kouyate-jai-senti-le-deces-de-mon-pere-bien-avant-quon-me-lannonce-actualitesfootballinternational\/\" \/>\n<meta property=\"og:locale\" content=\"fr_FR\" \/>\n<meta property=\"og:type\" content=\"article\" \/>\n<meta property=\"og:title\" content=\"CHEIKHOU KOUYAT\u00c9 : \u00ab J\u2019AI SENTI LE D\u00c9C\u00c8S DE MON P\u00c8RE BIEN AVANT QU\u2019ON ME L\u2019ANNONCE&quot; - LE PUBLIC\" \/>\n<meta property=\"og:description\" content=\"Le milieu de terrain des Lions, Cheikhou Kouyat\u00e9, dit avoir eu le sentiment qu\u2019une partie de lui est partie \u00e0 l\u2019annonce du d\u00e9c\u00e8s de son p\u00e8re, une mauvaise nouvelle qu\u2019il avait pressentie par diverses manifestations physiques, en pleine Coupe d\u2019Afrique des nations, en janvier dernier, en C\u00f4te d\u2019Ivoire. \u201cJ\u2019ai senti le d\u00e9c\u00e8s de mon p\u00e8re bien avant qu\u2019on me l\u2019annonce, parce que 24 heures avant, j\u2019ai eu des frissons. Je ressentais un froid de canard. \u00c0 l\u2019entra\u00eenement, Gana et mes co\u00e9quipiers me taquinaient sur le fait que je m\u2019\u00e9tais habill\u00e9 en mode hiver alors qu\u2019il faisait tr\u00e8s chaud \u00e0 Yamoussoukro\u201d, la deuxi\u00e8me ville de la C\u00f4te d\u2019Ivoire qui abritait la poule du S\u00e9n\u00e9gal, a-t-il confi\u00e9 dans un entretien avec l\u2019APS. \u201cJe leur ai fait comprendre que je ressentais un froid, mais ils continuaient \u00e0 me taquiner. Une fois \u00e0 l\u2019h\u00f4tel, j\u2019ai encore dit \u00e0 Gana que j\u2019avais le corps lourd et que \u00e7a n\u2019allait pas. C\u2019est comme si je commen\u00e7ais \u00e0 attraper une grippe. Quelques heures apr\u00e8s, on m\u2019a appel\u00e9 pour m\u2019annoncer la nouvelle\u201d, a d\u00e9clar\u00e9 le milieu de terrain de Nottingham Forest, club de l\u2019\u00e9lite anglaise. Il dit avoir aussi ressenti une peur apr\u00e8s l\u2019annonce du d\u00e9c\u00e8s de son p\u00e8re. \u201cPourquoi j\u2019ai eu peur ? Juste parce que je me suis dit qu\u2019il y a une partie de moi qui est partie. Je me suis tourn\u00e9e vers Idrissa Gu\u00e8ye et je lui ai dit : louange \u00e0 Allah, l\u2019unique\u201d. Le d\u00e9c\u00e8s de son p\u00e8re, Bandiougou Kouyat\u00e9, l\u2019avait contraint \u00e0 abandonner ses co\u00e9quipiers pour assister \u00e0 ses fun\u00e9railles \u00e0 Dakar avant de retrouver le regroupement des Lions avant le match contre le Cameroun, remport\u00e9 par le S\u00e9n\u00e9gal, 3-1. \u201cDans l\u2019imm\u00e9diat, Idy [Gana Gu\u00e8ye] m\u2019a dit qu\u2019une partie de toi est partie, c\u2019est difficile de perdre un parent, mais il faut t\u2019en remettre \u00e0 Dieu. Il m\u2019a fait revenir \u00e0 la raison pour accepter\u2019\u2019 la situation, a-t-il dit au sujet du soutien de son comp\u00e8re du milieu des Lions qui l\u2019a aid\u00e9 \u00e0 tout remettre \u00e0 Dieu, selon lui. \u201cGana m\u2019a dit d\u2019accepter la volont\u00e9 divine\u201d, a ajout\u00e9 l\u2019ancien capitaine des Lions, champion d\u2019Afrique avec le S\u00e9n\u00e9gal en 2021.\" \/>\n<meta property=\"og:url\" content=\"https:\/\/www.public.sn\/index.php\/2024\/04\/18\/cheikhou-kouyate-jai-senti-le-deces-de-mon-pere-bien-avant-quon-me-lannonce-actualitesfootballinternational\/\" \/>\n<meta property=\"og:site_name\" content=\"LE PUBLIC\" \/>\n<meta property=\"article:published_time\" content=\"2024-04-18T14:31:42+00:00\" \/>\n<meta property=\"article:modified_time\" content=\"2024-04-18T14:39:05+00:00\" \/>\n<meta property=\"og:image\" content=\"https:\/\/www.public.sn\/wp-content\/uploads\/2024\/04\/1B4CC394-40B0-43B5-8F5F-DBDCD94FAD40.jpeg\" \/>\n\t<meta property=\"og:image:width\" content=\"768\" \/>\n\t<meta property=\"og:image:height\" content=\"489\" \/>\n\t<meta property=\"og:image:type\" content=\"image\/jpeg\" \/>\n<meta name=\"author\" content=\"Man\u00e9 Ba\" \/>\n<meta name=\"twitter:card\" content=\"summary_large_image\" \/>\n<meta name=\"twitter:label1\" content=\"\u00c9crit par\" \/>\n\t<meta name=\"twitter:data1\" content=\"Man\u00e9 Ba\" \/>\n\t<meta name=\"twitter:label2\" content=\"Dur\u00e9e de lecture estim\u00e9e\" \/>\n\t<meta name=\"twitter:data2\" content=\"3 minutes\" \/>\n<script type=\"application\/ld+json\" class=\"yoast-schema-graph\">{\"@context\":\"https:\/\/schema.org\",\"@graph\":[{\"@type\":\"Article\",\"@id\":\"https:\/\/www.public.sn\/index.php\/2024\/04\/18\/cheikhou-kouyate-jai-senti-le-deces-de-mon-pere-bien-avant-quon-me-lannonce-actualitesfootballinternational\/#article\",\"isPartOf\":{\"@id\":\"https:\/\/www.public.sn\/index.php\/2024\/04\/18\/cheikhou-kouyate-jai-senti-le-deces-de-mon-pere-bien-avant-quon-me-lannonce-actualitesfootballinternational\/\"},\"author\":{\"name\":\"Man\u00e9 Ba\",\"@id\":\"https:\/\/www.public.sn\/#\/schema\/person\/0cb769602dc17ecb89fd54a2197a221a\"},\"headline\":\"CHEIKHOU KOUYAT\u00c9 : \u00ab J\u2019AI SENTI LE D\u00c9C\u00c8S DE MON P\u00c8RE BIEN AVANT QU\u2019ON ME L\u2019ANNONCE\u00a0\u00bb\",\"datePublished\":\"2024-04-18T14:31:42+00:00\",\"dateModified\":\"2024-04-18T14:39:05+00:00\",\"mainEntityOfPage\":{\"@id\":\"https:\/\/www.public.sn\/index.php\/2024\/04\/18\/cheikhou-kouyate-jai-senti-le-deces-de-mon-pere-bien-avant-quon-me-lannonce-actualitesfootballinternational\/\"},\"wordCount\":433,\"commentCount\":0,\"publisher\":{\"@id\":\"https:\/\/www.public.sn\/#organization\"},\"image\":{\"@id\":\"https:\/\/www.public.sn\/index.php\/2024\/04\/18\/cheikhou-kouyate-jai-senti-le-deces-de-mon-pere-bien-avant-quon-me-lannonce-actualitesfootballinternational\/#primaryimage\"},\"thumbnailUrl\":\"https:\/\/www.public.sn\/wp-content\/uploads\/2024\/04\/1B4CC394-40B0-43B5-8F5F-DBDCD94FAD40.jpeg\",\"keywords\":[\"cheikhou kouyate\",\"d\u00e9c\u00e8s\",\"Football\"],\"articleSection\":[\"ACTUALIT\u00c9S\",\"SPORTS\"],\"inLanguage\":\"fr-FR\",\"potentialAction\":[{\"@type\":\"CommentAction\",\"name\":\"Comment\",\"target\":[\"https:\/\/www.public.sn\/index.php\/2024\/04\/18\/cheikhou-kouyate-jai-senti-le-deces-de-mon-pere-bien-avant-quon-me-lannonce-actualitesfootballinternational\/#respond\"]}]},{\"@type\":\"WebPage\",\"@id\":\"https:\/\/www.public.sn\/index.php\/2024\/04\/18\/cheikhou-kouyate-jai-senti-le-deces-de-mon-pere-bien-avant-quon-me-lannonce-actualitesfootballinternational\/\",\"url\":\"https:\/\/www.public.sn\/index.php\/2024\/04\/18\/cheikhou-kouyate-jai-senti-le-deces-de-mon-pere-bien-avant-quon-me-lannonce-actualitesfootballinternational\/\",\"name\":\"CHEIKHOU KOUYAT\u00c9 : \u00ab J\u2019AI SENTI LE D\u00c9C\u00c8S DE MON P\u00c8RE BIEN AVANT QU\u2019ON ME L\u2019ANNONCE\\\" - LE PUBLIC\",\"isPartOf\":{\"@id\":\"https:\/\/www.public.sn\/#website\"},\"primaryImageOfPage\":{\"@id\":\"https:\/\/www.public.sn\/index.php\/2024\/04\/18\/cheikhou-kouyate-jai-senti-le-deces-de-mon-pere-bien-avant-quon-me-lannonce-actualitesfootballinternational\/#primaryimage\"},\"image\":{\"@id\":\"https:\/\/www.public.sn\/index.php\/2024\/04\/18\/cheikhou-kouyate-jai-senti-le-deces-de-mon-pere-bien-avant-quon-me-lannonce-actualitesfootballinternational\/#primaryimage\"},\"thumbnailUrl\":\"https:\/\/www.public.sn\/wp-content\/uploads\/2024\/04\/1B4CC394-40B0-43B5-8F5F-DBDCD94FAD40.jpeg\",\"datePublished\":\"2024-04-18T14:31:42+00:00\",\"dateModified\":\"2024-04-18T14:39:05+00:00\",\"breadcrumb\":{\"@id\":\"https:\/\/www.public.sn\/index.php\/2024\/04\/18\/cheikhou-kouyate-jai-senti-le-deces-de-mon-pere-bien-avant-quon-me-lannonce-actualitesfootballinternational\/#breadcrumb\"},\"inLanguage\":\"fr-FR\",\"potentialAction\":[{\"@type\":\"ReadAction\",\"target\":[\"https:\/\/www.public.sn\/index.php\/2024\/04\/18\/cheikhou-kouyate-jai-senti-le-deces-de-mon-pere-bien-avant-quon-me-lannonce-actualitesfootballinternational\/\"]}]},{\"@type\":\"ImageObject\",\"inLanguage\":\"fr-FR\",\"@id\":\"https:\/\/www.public.sn\/index.php\/2024\/04\/18\/cheikhou-kouyate-jai-senti-le-deces-de-mon-pere-bien-avant-quon-me-lannonce-actualitesfootballinternational\/#primaryimage\",\"url\":\"https:\/\/www.public.sn\/wp-content\/uploads\/2024\/04\/1B4CC394-40B0-43B5-8F5F-DBDCD94FAD40.jpeg\",\"contentUrl\":\"https:\/\/www.public.sn\/wp-content\/uploads\/2024\/04\/1B4CC394-40B0-43B5-8F5F-DBDCD94FAD40.jpeg\",\"width\":768,\"height\":489},{\"@type\":\"BreadcrumbList\",\"@id\":\"https:\/\/www.public.sn\/index.php\/2024\/04\/18\/cheikhou-kouyate-jai-senti-le-deces-de-mon-pere-bien-avant-quon-me-lannonce-actualitesfootballinternational\/#breadcrumb\",\"itemListElement\":[{\"@type\":\"ListItem\",\"position\":1,\"name\":\"Accueil\",\"item\":\"https:\/\/www.public.sn\/\"},{\"@type\":\"ListItem\",\"position\":2,\"name\":\"CHEIKHOU KOUYAT\u00c9 : \u00ab J\u2019AI SENTI LE D\u00c9C\u00c8S DE MON P\u00c8RE BIEN AVANT QU\u2019ON ME L\u2019ANNONCE\u00a0\u00bb\"}]},{\"@type\":\"WebSite\",\"@id\":\"https:\/\/www.public.sn\/#website\",\"url\":\"https:\/\/www.public.sn\/\",\"name\":\"LE PUBLIC\",\"description\":\"\",\"publisher\":{\"@id\":\"https:\/\/www.public.sn\/#organization\"},\"potentialAction\":[{\"@type\":\"SearchAction\",\"target\":{\"@type\":\"EntryPoint\",\"urlTemplate\":\"https:\/\/www.public.sn\/?s={search_term_string}\"},\"query-input\":{\"@type\":\"PropertyValueSpecification\",\"valueRequired\":true,\"valueName\":\"search_term_string\"}}],\"inLanguage\":\"fr-FR\"},{\"@type\":\"Organization\",\"@id\":\"https:\/\/www.public.sn\/#organization\",\"name\":\"LE PUBLIC\",\"url\":\"https:\/\/www.public.sn\/\",\"logo\":{\"@type\":\"ImageObject\",\"inLanguage\":\"fr-FR\",\"@id\":\"https:\/\/www.public.sn\/#\/schema\/logo\/image\/\",\"url\":\"https:\/\/www.public.sn\/wp-content\/uploads\/2024\/05\/cropped-LOGO-PUBLIC.SN_.png\",\"contentUrl\":\"https:\/\/www.public.sn\/wp-content\/uploads\/2024\/05\/cropped-LOGO-PUBLIC.SN_.png\",\"width\":682,\"height\":192,\"caption\":\"LE PUBLIC\"},\"image\":{\"@id\":\"https:\/\/www.public.sn\/#\/schema\/logo\/image\/\"}},{\"@type\":\"Person\",\"@id\":\"https:\/\/www.public.sn\/#\/schema\/person\/0cb769602dc17ecb89fd54a2197a221a\",\"name\":\"Man\u00e9 Ba\",\"image\":{\"@type\":\"ImageObject\",\"inLanguage\":\"fr-FR\",\"@id\":\"https:\/\/www.public.sn\/#\/schema\/person\/image\/\",\"url\":\"https:\/\/secure.gravatar.com\/avatar\/b31a37f6b2529b7e9303b5aacf26777a86815e524f04961246da8183f5e2535a?s=96&d=mm&r=g\",\"contentUrl\":\"https:\/\/secure.gravatar.com\/avatar\/b31a37f6b2529b7e9303b5aacf26777a86815e524f04961246da8183f5e2535a?s=96&d=mm&r=g\",\"caption\":\"Man\u00e9 Ba\"},\"url\":\"https:\/\/www.public.sn\/index.php\/author\/bamanesen\/\"}]}<\/script>\n<!-- \/ Yoast SEO plugin. -->","yoast_head_json":{"title":"CHEIKHOU KOUYAT\u00c9 : \u00ab J\u2019AI SENTI LE D\u00c9C\u00c8S DE MON P\u00c8RE BIEN AVANT QU\u2019ON ME L\u2019ANNONCE\" - LE PUBLIC","robots":{"index":"index","follow":"follow","max-snippet":"max-snippet:-1","max-image-preview":"max-image-preview:large","max-video-preview":"max-video-preview:-1"},"canonical":"https:\/\/www.public.sn\/index.php\/2024\/04\/18\/cheikhou-kouyate-jai-senti-le-deces-de-mon-pere-bien-avant-quon-me-lannonce-actualitesfootballinternational\/","og_locale":"fr_FR","og_type":"article","og_title":"CHEIKHOU KOUYAT\u00c9 : \u00ab J\u2019AI SENTI LE D\u00c9C\u00c8S DE MON P\u00c8RE BIEN AVANT QU\u2019ON ME L\u2019ANNONCE\" - LE PUBLIC","og_description":"Le milieu de terrain des Lions, Cheikhou Kouyat\u00e9, dit avoir eu le sentiment qu\u2019une partie de lui est partie \u00e0 l\u2019annonce du d\u00e9c\u00e8s de son p\u00e8re, une mauvaise nouvelle qu\u2019il avait pressentie par diverses manifestations physiques, en pleine Coupe d\u2019Afrique des nations, en janvier dernier, en C\u00f4te d\u2019Ivoire. \u201cJ\u2019ai senti le d\u00e9c\u00e8s de mon p\u00e8re bien avant qu\u2019on me l\u2019annonce, parce que 24 heures avant, j\u2019ai eu des frissons. Je ressentais un froid de canard. \u00c0 l\u2019entra\u00eenement, Gana et mes co\u00e9quipiers me taquinaient sur le fait que je m\u2019\u00e9tais habill\u00e9 en mode hiver alors qu\u2019il faisait tr\u00e8s chaud \u00e0 Yamoussoukro\u201d, la deuxi\u00e8me ville de la C\u00f4te d\u2019Ivoire qui abritait la poule du S\u00e9n\u00e9gal, a-t-il confi\u00e9 dans un entretien avec l\u2019APS. \u201cJe leur ai fait comprendre que je ressentais un froid, mais ils continuaient \u00e0 me taquiner. Une fois \u00e0 l\u2019h\u00f4tel, j\u2019ai encore dit \u00e0 Gana que j\u2019avais le corps lourd et que \u00e7a n\u2019allait pas. C\u2019est comme si je commen\u00e7ais \u00e0 attraper une grippe. Quelques heures apr\u00e8s, on m\u2019a appel\u00e9 pour m\u2019annoncer la nouvelle\u201d, a d\u00e9clar\u00e9 le milieu de terrain de Nottingham Forest, club de l\u2019\u00e9lite anglaise. Il dit avoir aussi ressenti une peur apr\u00e8s l\u2019annonce du d\u00e9c\u00e8s de son p\u00e8re. \u201cPourquoi j\u2019ai eu peur ? Juste parce que je me suis dit qu\u2019il y a une partie de moi qui est partie. Je me suis tourn\u00e9e vers Idrissa Gu\u00e8ye et je lui ai dit : louange \u00e0 Allah, l\u2019unique\u201d. Le d\u00e9c\u00e8s de son p\u00e8re, Bandiougou Kouyat\u00e9, l\u2019avait contraint \u00e0 abandonner ses co\u00e9quipiers pour assister \u00e0 ses fun\u00e9railles \u00e0 Dakar avant de retrouver le regroupement des Lions avant le match contre le Cameroun, remport\u00e9 par le S\u00e9n\u00e9gal, 3-1. \u201cDans l\u2019imm\u00e9diat, Idy [Gana Gu\u00e8ye] m\u2019a dit qu\u2019une partie de toi est partie, c\u2019est difficile de perdre un parent, mais il faut t\u2019en remettre \u00e0 Dieu. Il m\u2019a fait revenir \u00e0 la raison pour accepter\u2019\u2019 la situation, a-t-il dit au sujet du soutien de son comp\u00e8re du milieu des Lions qui l\u2019a aid\u00e9 \u00e0 tout remettre \u00e0 Dieu, selon lui. \u201cGana m\u2019a dit d\u2019accepter la volont\u00e9 divine\u201d, a ajout\u00e9 l\u2019ancien capitaine des Lions, champion d\u2019Afrique avec le S\u00e9n\u00e9gal en 2021.","og_url":"https:\/\/www.public.sn\/index.php\/2024\/04\/18\/cheikhou-kouyate-jai-senti-le-deces-de-mon-pere-bien-avant-quon-me-lannonce-actualitesfootballinternational\/","og_site_name":"LE PUBLIC","article_published_time":"2024-04-18T14:31:42+00:00","article_modified_time":"2024-04-18T14:39:05+00:00","og_image":[{"width":768,"height":489,"url":"https:\/\/www.public.sn\/wp-content\/uploads\/2024\/04\/1B4CC394-40B0-43B5-8F5F-DBDCD94FAD40.jpeg","type":"image\/jpeg"}],"author":"Man\u00e9 Ba","twitter_card":"summary_large_image","twitter_misc":{"\u00c9crit par":"Man\u00e9 Ba","Dur\u00e9e de lecture estim\u00e9e":"3 minutes"},"schema":{"@context":"https:\/\/schema.org","@graph":[{"@type":"Article","@id":"https:\/\/www.public.sn\/index.php\/2024\/04\/18\/cheikhou-kouyate-jai-senti-le-deces-de-mon-pere-bien-avant-quon-me-lannonce-actualitesfootballinternational\/#article","isPartOf":{"@id":"https:\/\/www.public.sn\/index.php\/2024\/04\/18\/cheikhou-kouyate-jai-senti-le-deces-de-mon-pere-bien-avant-quon-me-lannonce-actualitesfootballinternational\/"},"author":{"name":"Man\u00e9 Ba","@id":"https:\/\/www.public.sn\/#\/schema\/person\/0cb769602dc17ecb89fd54a2197a221a"},"headline":"CHEIKHOU KOUYAT\u00c9 : \u00ab J\u2019AI SENTI LE D\u00c9C\u00c8S DE MON P\u00c8RE BIEN AVANT QU\u2019ON ME L\u2019ANNONCE\u00a0\u00bb","datePublished":"2024-04-18T14:31:42+00:00","dateModified":"2024-04-18T14:39:05+00:00","mainEntityOfPage":{"@id":"https:\/\/www.public.sn\/index.php\/2024\/04\/18\/cheikhou-kouyate-jai-senti-le-deces-de-mon-pere-bien-avant-quon-me-lannonce-actualitesfootballinternational\/"},"wordCount":433,"commentCount":0,"publisher":{"@id":"https:\/\/www.public.sn\/#organization"},"image":{"@id":"https:\/\/www.public.sn\/index.php\/2024\/04\/18\/cheikhou-kouyate-jai-senti-le-deces-de-mon-pere-bien-avant-quon-me-lannonce-actualitesfootballinternational\/#primaryimage"},"thumbnailUrl":"https:\/\/www.public.sn\/wp-content\/uploads\/2024\/04\/1B4CC394-40B0-43B5-8F5F-DBDCD94FAD40.jpeg","keywords":["cheikhou kouyate","d\u00e9c\u00e8s","Football"],"articleSection":["ACTUALIT\u00c9S","SPORTS"],"inLanguage":"fr-FR","potentialAction":[{"@type":"CommentAction","name":"Comment","target":["https:\/\/www.public.sn\/index.php\/2024\/04\/18\/cheikhou-kouyate-jai-senti-le-deces-de-mon-pere-bien-avant-quon-me-lannonce-actualitesfootballinternational\/#respond"]}]},{"@type":"WebPage","@id":"https:\/\/www.public.sn\/index.php\/2024\/04\/18\/cheikhou-kouyate-jai-senti-le-deces-de-mon-pere-bien-avant-quon-me-lannonce-actualitesfootballinternational\/","url":"https:\/\/www.public.sn\/index.php\/2024\/04\/18\/cheikhou-kouyate-jai-senti-le-deces-de-mon-pere-bien-avant-quon-me-lannonce-actualitesfootballinternational\/","name":"CHEIKHOU KOUYAT\u00c9 : \u00ab J\u2019AI SENTI LE D\u00c9C\u00c8S DE MON P\u00c8RE BIEN AVANT QU\u2019ON ME L\u2019ANNONCE\" - LE PUBLIC","isPartOf":{"@id":"https:\/\/www.public.sn\/#website"},"primaryImageOfPage":{"@id":"https:\/\/www.public.sn\/index.php\/2024\/04\/18\/cheikhou-kouyate-jai-senti-le-deces-de-mon-pere-bien-avant-quon-me-lannonce-actualitesfootballinternational\/#primaryimage"},"image":{"@id":"https:\/\/www.public.sn\/index.php\/2024\/04\/18\/cheikhou-kouyate-jai-senti-le-deces-de-mon-pere-bien-avant-quon-me-lannonce-actualitesfootballinternational\/#primaryimage"},"thumbnailUrl":"https:\/\/www.public.sn\/wp-content\/uploads\/2024\/04\/1B4CC394-40B0-43B5-8F5F-DBDCD94FAD40.jpeg","datePublished":"2024-04-18T14:31:42+00:00","dateModified":"2024-04-18T14:39:05+00:00","breadcrumb":{"@id":"https:\/\/www.public.sn\/index.php\/2024\/04\/18\/cheikhou-kouyate-jai-senti-le-deces-de-mon-pere-bien-avant-quon-me-lannonce-actualitesfootballinternational\/#breadcrumb"},"inLanguage":"fr-FR","potentialAction":[{"@type":"ReadAction","target":["https:\/\/www.public.sn\/index.php\/2024\/04\/18\/cheikhou-kouyate-jai-senti-le-deces-de-mon-pere-bien-avant-quon-me-lannonce-actualitesfootballinternational\/"]}]},{"@type":"ImageObject","inLanguage":"fr-FR","@id":"https:\/\/www.public.sn\/index.php\/2024\/04\/18\/cheikhou-kouyate-jai-senti-le-deces-de-mon-pere-bien-avant-quon-me-lannonce-actualitesfootballinternational\/#primaryimage","url":"https:\/\/www.public.sn\/wp-content\/uploads\/2024\/04\/1B4CC394-40B0-43B5-8F5F-DBDCD94FAD40.jpeg","contentUrl":"https:\/\/www.public.sn\/wp-content\/uploads\/2024\/04\/1B4CC394-40B0-43B5-8F5F-DBDCD94FAD40.jpeg","width":768,"height":489},{"@type":"BreadcrumbList","@id":"https:\/\/www.public.sn\/index.php\/2024\/04\/18\/cheikhou-kouyate-jai-senti-le-deces-de-mon-pere-bien-avant-quon-me-lannonce-actualitesfootballinternational\/#breadcrumb","itemListElement":[{"@type":"ListItem","position":1,"name":"Accueil","item":"https:\/\/www.public.sn\/"},{"@type":"ListItem","position":2,"name":"CHEIKHOU KOUYAT\u00c9 : \u00ab J\u2019AI SENTI LE D\u00c9C\u00c8S DE MON P\u00c8RE BIEN AVANT QU\u2019ON ME L\u2019ANNONCE\u00a0\u00bb"}]},{"@type":"WebSite","@id":"https:\/\/www.public.sn\/#website","url":"https:\/\/www.public.sn\/","name":"LE PUBLIC","description":"","publisher":{"@id":"https:\/\/www.public.sn\/#organization"},"potentialAction":[{"@type":"SearchAction","target":{"@type":"EntryPoint","urlTemplate":"https:\/\/www.public.sn\/?s={search_term_string}"},"query-input":{"@type":"PropertyValueSpecification","valueRequired":true,"valueName":"search_term_string"}}],"inLanguage":"fr-FR"},{"@type":"Organization","@id":"https:\/\/www.public.sn\/#organization","name":"LE PUBLIC","url":"https:\/\/www.public.sn\/","logo":{"@type":"ImageObject","inLanguage":"fr-FR","@id":"https:\/\/www.public.sn\/#\/schema\/logo\/image\/","url":"https:\/\/www.public.sn\/wp-content\/uploads\/2024\/05\/cropped-LOGO-PUBLIC.SN_.png","contentUrl":"https:\/\/www.public.sn\/wp-content\/uploads\/2024\/05\/cropped-LOGO-PUBLIC.SN_.png","width":682,"height":192,"caption":"LE PUBLIC"},"image":{"@id":"https:\/\/www.public.sn\/#\/schema\/logo\/image\/"}},{"@type":"Person","@id":"https:\/\/www.public.sn\/#\/schema\/person\/0cb769602dc17ecb89fd54a2197a221a","name":"Man\u00e9 Ba","image":{"@type":"ImageObject","inLanguage":"fr-FR","@id":"https:\/\/www.public.sn\/#\/schema\/person\/image\/","url":"https:\/\/secure.gravatar.com\/avatar\/b31a37f6b2529b7e9303b5aacf26777a86815e524f04961246da8183f5e2535a?s=96&d=mm&r=g","contentUrl":"https:\/\/secure.gravatar.com\/avatar\/b31a37f6b2529b7e9303b5aacf26777a86815e524f04961246da8183f5e2535a?s=96&d=mm&r=g","caption":"Man\u00e9 Ba"},"url":"https:\/\/www.public.sn\/index.php\/author\/bamanesen\/"}]}},"jetpack_featured_media_url":"https:\/\/www.public.sn\/wp-content\/uploads\/2024\/04\/1B4CC394-40B0-43B5-8F5F-DBDCD94FAD40.jpeg","jetpack_sharing_enabled":true,"_links":{"self":[{"href":"https:\/\/www.public.sn\/index.php\/wp-json\/wp\/v2\/posts\/31850","targetHints":{"allow":["GET"]}}],"collection":[{"href":"https:\/\/www.public.sn\/index.php\/wp-json\/wp\/v2\/posts"}],"about":[{"href":"https:\/\/www.public.sn\/index.php\/wp-json\/wp\/v2\/types\/post"}],"author":[{"embeddable":true,"href":"https:\/\/www.public.sn\/index.php\/wp-json\/wp\/v2\/users\/12"}],"replies":[{"embeddable":true,"href":"https:\/\/www.public.sn\/index.php\/wp-json\/wp\/v2\/comments?post=31850"}],"version-history":[{"count":3,"href":"https:\/\/www.public.sn\/index.php\/wp-json\/wp\/v2\/posts\/31850\/revisions"}],"predecessor-version":[{"id":31854,"href":"https:\/\/www.public.sn\/index.php\/wp-json\/wp\/v2\/posts\/31850\/revisions\/31854"}],"wp:featuredmedia":[{"embeddable":true,"href":"https:\/\/www.public.sn\/index.php\/wp-json\/wp\/v2\/media\/31851"}],"wp:attachment":[{"href":"https:\/\/www.public.sn\/index.php\/wp-json\/wp\/v2\/media?parent=31850"}],"wp:term":[{"taxonomy":"category","embeddable":true,"href":"https:\/\/www.public.sn\/index.php\/wp-json\/wp\/v2\/categories?post=31850"},{"taxonomy":"post_tag","embeddable":true,"href":"https:\/\/www.public.sn\/index.php\/wp-json\/wp\/v2\/tags?post=31850"}],"curies":[{"name":"wp","href":"https:\/\/api.w.org\/{rel}","templated":true}]}}