{"id":31902,"date":"2024-04-20T16:48:12","date_gmt":"2024-04-20T16:48:12","guid":{"rendered":"https:\/\/www.public.sn\/?p=31902"},"modified":"2024-04-20T16:48:12","modified_gmt":"2024-04-20T16:48:12","slug":"visite-du-president-bassirou-diomaye-en-gambie","status":"publish","type":"post","link":"https:\/\/www.public.sn\/index.php\/2024\/04\/20\/visite-du-president-bassirou-diomaye-en-gambie\/","title":{"rendered":"Visite du Pr\u00e9sident Bassirou Diomaye Faye en Gambie"},"content":{"rendered":"<p><strong>En visite de travail en Gambie, le pr\u00e9sident Bassirou Diomaye Faye, v\u00eatu d\u2019un costume noir, a \u00e9t\u00e9 accueilli \u00e0 sa descente d\u2019avion par son homologue gambien, Adama Barrow.<\/strong><\/p><div class=\"publi-paragraphe1\" style=\"margin-top: 10px;margin-bottom: 10px;margin-left: auto;margin-right: auto;text-align: center;\" id=\"publi-3184860344\"><div class=\"publi-adlabel\">Publicit\u00e9<\/div><script async src=\"\/\/pagead2.googlesyndication.com\/pagead\/js\/adsbygoogle.js?client=ca-pub-4089586018074219\" crossorigin=\"anonymous\"><\/script><ins class=\"adsbygoogle\" style=\"display:block;\" data-ad-client=\"ca-pub-4089586018074219\" \ndata-ad-slot=\"2087940154\" \ndata-ad-format=\"auto\"><\/ins>\n<script> \n(adsbygoogle = window.adsbygoogle || []).push({}); \n<\/script>\n<\/div>\n<p>Le chef de l\u2019Etat s\u00e9n\u00e9galais recevra les honneurs militaires, avant un entretien informel au salon d\u2019honneur de l\u2019a\u00e9roport de Banjul. Il aura ensuite un t\u00eate-\u00e0-t\u00eate avec son h\u00f4te au State House, la r\u00e9sidence officielle du pr\u00e9sident gambien, avant de d\u00e9jeuner avec lui.<\/p>\n<p>Il est pr\u00e9vu dans l\u2019apr\u00e8s-midi une rencontre du Pr\u00e9sident Bassirou Diomaye Faye avec la communaut\u00e9 s\u00e9n\u00e9galaise \u00e9tablie en Gambie, forte de 400 voire 500 mille membres, selon une estimation du gouvernement gambien.<\/p>\n<p>Le d\u00e9placement du chef de l\u2019Etat, Bassirou Diomaye Faye en Gambie est pr\u00e9sent\u00e9 par le Bureau d\u2019information gouvernementale (BIG) comme rev\u00eatant \u00ab\u00a0une importance d\u2019autant plus capitale qu\u2019il s\u2019inscrit dans le cadre de la consolidation des liens historiques de parent\u00e9 et de coop\u00e9ration multiforme entre Dakar et Banjul\u00a0\u00bb.<\/p>\n<p>La ferme volont\u00e9 du Chef de l\u2019Etat de poursuivre le renforcement des relations de bon voisinage et de brassage socio-culturel entre les deux Etats est l&rsquo;une de ses pr\u00e9occupations majeure.<\/p>\n<p>Il souligne \u00e0 cet effet, que les deux pays forment \u2018\u2019une seule et m\u00eame famille\u2019\u2019 et \u00e9taient r\u00e9unis dans la Conf\u00e9d\u00e9ration de la S\u00e9n\u00e9gambie (1982-1989). Il y a aussi qu\u2019ils \u2018\u2019sont li\u00e9s par la g\u00e9ographie, l\u2019histoire, la culture, mais aussi un destin commun\u2019\u2019.<\/p>\n<p>Ainsi, \u2018\u2019leur coop\u00e9ration touche des domaines aussi strat\u00e9giques que la d\u00e9fense, la s\u00e9curit\u00e9, la justice, les affaires consulaires, la libre circulation des personnes et des biens, le tourisme, l\u2019\u00e9nergie et l\u2019environnement, etc.\u2019\u2019<\/p>\n<p>\u2018\u2019Au plan commercial, la Gambie figure sur la liste des principaux clients du S\u00e9n\u00e9gal dans la zone CEDEAO en 2022, avec des exportations estim\u00e9es \u00e0 110,7 milliards FCFA, soit 8,7% des exportations intra-communautaires.\u2019\u2019<\/p>\n<p>Avant la Gambie, le Pr\u00e9sident Bassirou Diomaye Faye s\u2019est rendu \u00e0 Nouakchott, jeudi dernier, pour sa premi\u00e8re sortie du territoire national, depuis son \u00e9lection \u00e0 la t\u00eate du S\u00e9n\u00e9gal, le 24 mars dernier.<\/p>\n<p>&nbsp;<\/p>\n<div class=\"publi-apres-le-contenu\" style=\"margin-top: 10px;margin-bottom: 10px;margin-left: auto;margin-right: auto;text-align: center;\" id=\"publi-1061295319\"><div class=\"publi-adlabel\">Publicit\u00e9<\/div><script async src=\"\/\/pagead2.googlesyndication.com\/pagead\/js\/adsbygoogle.js?client=ca-pub-4089586018074219\" crossorigin=\"anonymous\"><\/script><ins class=\"adsbygoogle\" style=\"display:block;\" data-ad-client=\"ca-pub-4089586018074219\" \ndata-ad-slot=\"2087940154\" \ndata-ad-format=\"auto\"><\/ins>\n<script> \n(adsbygoogle = window.adsbygoogle || []).push({}); \n<\/script>\n<\/div>","protected":false},"excerpt":{"rendered":"<p>En visite de travail en Gambie, le pr\u00e9sident Bassirou Diomaye Faye, v\u00eatu d\u2019un costume noir, a \u00e9t\u00e9 accueilli \u00e0 sa descente d\u2019avion par son homologue gambien, Adama Barrow. Le chef de l\u2019Etat s\u00e9n\u00e9galais recevra les honneurs militaires, avant un entretien informel au salon d\u2019honneur de l\u2019a\u00e9roport de Banjul. Il aura ensuite un t\u00eate-\u00e0-t\u00eate avec son h\u00f4te au State House, la r\u00e9sidence officielle du pr\u00e9sident gambien, avant de d\u00e9jeuner avec lui. Il est pr\u00e9vu dans l\u2019apr\u00e8s-midi une rencontre du Pr\u00e9sident Bassirou Diomaye Faye avec la communaut\u00e9 s\u00e9n\u00e9galaise \u00e9tablie en Gambie, forte de 400 voire 500 mille membres, selon une estimation du gouvernement gambien. Le d\u00e9placement du chef de l\u2019Etat, Bassirou Diomaye Faye en Gambie est pr\u00e9sent\u00e9 par le Bureau d\u2019information gouvernementale (BIG) comme rev\u00eatant \u00ab\u00a0une importance d\u2019autant plus capitale qu\u2019il s\u2019inscrit dans le cadre de la consolidation des liens historiques de parent\u00e9 et de coop\u00e9ration multiforme entre Dakar et Banjul\u00a0\u00bb. La ferme volont\u00e9 du Chef de l\u2019Etat de poursuivre le renforcement des relations de bon voisinage et de brassage socio-culturel entre les deux Etats est l&rsquo;une de ses pr\u00e9occupations majeure. Il souligne \u00e0 cet effet, que les deux pays forment \u2018\u2019une seule et m\u00eame famille\u2019\u2019 et \u00e9taient r\u00e9unis dans la Conf\u00e9d\u00e9ration de la S\u00e9n\u00e9gambie (1982-1989). Il y a aussi qu\u2019ils \u2018\u2019sont li\u00e9s par la g\u00e9ographie, l\u2019histoire, la culture, mais aussi un destin commun\u2019\u2019. Ainsi, \u2018\u2019leur coop\u00e9ration touche des domaines aussi strat\u00e9giques que la d\u00e9fense, la s\u00e9curit\u00e9, la justice, les affaires consulaires, la libre circulation des personnes et des biens, le tourisme, l\u2019\u00e9nergie et l\u2019environnement, etc.\u2019\u2019 \u2018\u2019Au plan commercial, la Gambie figure sur la liste des principaux clients du S\u00e9n\u00e9gal dans la zone CEDEAO en 2022, avec des exportations estim\u00e9es \u00e0 110,7 milliards FCFA, soit 8,7% des exportations intra-communautaires.\u2019\u2019 Avant la Gambie, le Pr\u00e9sident Bassirou Diomaye Faye s\u2019est rendu \u00e0 Nouakchott, jeudi dernier, pour sa premi\u00e8re sortie du territoire national, depuis son \u00e9lection \u00e0 la t\u00eate du S\u00e9n\u00e9gal, le 24 mars dernier. &nbsp;<\/p>\n","protected":false},"author":13,"featured_media":31903,"comment_status":"open","ping_status":"open","sticky":false,"template":"","format":"standard","meta":{"_jetpack_memberships_contains_paid_content":false,"footnotes":""},"categories":[375],"tags":[3678,3862,649],"class_list":["post-31902","post","type-post","status-publish","format-standard","has-post-thumbnail","hentry","category-actualites","tag-bassirou-diomaye-faye","tag-gambie","tag-visite","entry","has-media","owp-thumbs-layout-horizontal","owp-btn-normal","owp-tabs-layout-horizontal","has-no-thumbnails","has-product-nav"],"yoast_head":"<!-- This site is optimized with the Yoast SEO plugin v25.5 - https:\/\/yoast.com\/wordpress\/plugins\/seo\/ -->\n<title>Visite du Pr\u00e9sident Bassirou Diomaye Faye en Gambie - LE PUBLIC<\/title>\n<meta name=\"description\" content=\"En visite de travail en Gambie, le pr\u00e9sident Bassirou Diomaye Faye, v\u00eatu d\u2019un costume noir, a \u00e9t\u00e9 accueilli \u00e0 sa descente d\u2019avion par son homologue gambien, Adama Barrow.\" \/>\n<meta name=\"robots\" content=\"index, follow, max-snippet:-1, max-image-preview:large, max-video-preview:-1\" \/>\n<link rel=\"canonical\" href=\"https:\/\/www.public.sn\/index.php\/2024\/04\/20\/visite-du-president-bassirou-diomaye-en-gambie\/\" \/>\n<meta property=\"og:locale\" content=\"fr_FR\" \/>\n<meta property=\"og:type\" content=\"article\" \/>\n<meta property=\"og:title\" content=\"Visite du Pr\u00e9sident Bassirou Diomaye Faye en Gambie - LE PUBLIC\" \/>\n<meta property=\"og:description\" content=\"En visite de travail en Gambie, le pr\u00e9sident Bassirou Diomaye Faye, v\u00eatu d\u2019un costume noir, a \u00e9t\u00e9 accueilli \u00e0 sa descente d\u2019avion par son homologue gambien, Adama Barrow.\" \/>\n<meta property=\"og:url\" content=\"https:\/\/www.public.sn\/index.php\/2024\/04\/20\/visite-du-president-bassirou-diomaye-en-gambie\/\" \/>\n<meta property=\"og:site_name\" content=\"LE PUBLIC\" \/>\n<meta property=\"article:published_time\" content=\"2024-04-20T16:48:12+00:00\" \/>\n<meta property=\"og:image\" content=\"https:\/\/www.public.sn\/wp-content\/uploads\/2024\/04\/GAMBIE.webp\" \/>\n\t<meta property=\"og:image:width\" content=\"1700\" \/>\n\t<meta property=\"og:image:height\" content=\"982\" \/>\n\t<meta property=\"og:image:type\" content=\"image\/webp\" \/>\n<meta name=\"author\" content=\"Abdou SARR\" \/>\n<meta name=\"twitter:card\" content=\"summary_large_image\" \/>\n<meta name=\"twitter:label1\" content=\"\u00c9crit par\" \/>\n\t<meta name=\"twitter:data1\" content=\"Abdou SARR\" \/>\n\t<meta name=\"twitter:label2\" content=\"Dur\u00e9e de lecture estim\u00e9e\" \/>\n\t<meta name=\"twitter:data2\" content=\"2 minutes\" \/>\n<script type=\"application\/ld+json\" class=\"yoast-schema-graph\">{\"@context\":\"https:\/\/schema.org\",\"@graph\":[{\"@type\":\"Article\",\"@id\":\"https:\/\/www.public.sn\/index.php\/2024\/04\/20\/visite-du-president-bassirou-diomaye-en-gambie\/#article\",\"isPartOf\":{\"@id\":\"https:\/\/www.public.sn\/index.php\/2024\/04\/20\/visite-du-president-bassirou-diomaye-en-gambie\/\"},\"author\":{\"name\":\"Abdou SARR\",\"@id\":\"https:\/\/www.public.sn\/#\/schema\/person\/8fc5465b19f9ea9cf2212d8ca13397e3\"},\"headline\":\"Visite du Pr\u00e9sident Bassirou Diomaye Faye en Gambie\",\"datePublished\":\"2024-04-20T16:48:12+00:00\",\"mainEntityOfPage\":{\"@id\":\"https:\/\/www.public.sn\/index.php\/2024\/04\/20\/visite-du-president-bassirou-diomaye-en-gambie\/\"},\"wordCount\":378,\"commentCount\":0,\"publisher\":{\"@id\":\"https:\/\/www.public.sn\/#organization\"},\"image\":{\"@id\":\"https:\/\/www.public.sn\/index.php\/2024\/04\/20\/visite-du-president-bassirou-diomaye-en-gambie\/#primaryimage\"},\"thumbnailUrl\":\"https:\/\/www.public.sn\/wp-content\/uploads\/2024\/04\/GAMBIE.webp\",\"keywords\":[\"bassirou diomaye faye\",\"Gambie\",\"Visite\"],\"articleSection\":[\"ACTUALIT\u00c9S\"],\"inLanguage\":\"fr-FR\",\"potentialAction\":[{\"@type\":\"CommentAction\",\"name\":\"Comment\",\"target\":[\"https:\/\/www.public.sn\/index.php\/2024\/04\/20\/visite-du-president-bassirou-diomaye-en-gambie\/#respond\"]}]},{\"@type\":\"WebPage\",\"@id\":\"https:\/\/www.public.sn\/index.php\/2024\/04\/20\/visite-du-president-bassirou-diomaye-en-gambie\/\",\"url\":\"https:\/\/www.public.sn\/index.php\/2024\/04\/20\/visite-du-president-bassirou-diomaye-en-gambie\/\",\"name\":\"Visite du Pr\u00e9sident Bassirou Diomaye Faye en Gambie - LE PUBLIC\",\"isPartOf\":{\"@id\":\"https:\/\/www.public.sn\/#website\"},\"primaryImageOfPage\":{\"@id\":\"https:\/\/www.public.sn\/index.php\/2024\/04\/20\/visite-du-president-bassirou-diomaye-en-gambie\/#primaryimage\"},\"image\":{\"@id\":\"https:\/\/www.public.sn\/index.php\/2024\/04\/20\/visite-du-president-bassirou-diomaye-en-gambie\/#primaryimage\"},\"thumbnailUrl\":\"https:\/\/www.public.sn\/wp-content\/uploads\/2024\/04\/GAMBIE.webp\",\"datePublished\":\"2024-04-20T16:48:12+00:00\",\"description\":\"En visite de travail en Gambie, le pr\u00e9sident Bassirou Diomaye Faye, v\u00eatu d\u2019un costume noir, a \u00e9t\u00e9 accueilli \u00e0 sa descente d\u2019avion par son homologue gambien, Adama Barrow.\",\"breadcrumb\":{\"@id\":\"https:\/\/www.public.sn\/index.php\/2024\/04\/20\/visite-du-president-bassirou-diomaye-en-gambie\/#breadcrumb\"},\"inLanguage\":\"fr-FR\",\"potentialAction\":[{\"@type\":\"ReadAction\",\"target\":[\"https:\/\/www.public.sn\/index.php\/2024\/04\/20\/visite-du-president-bassirou-diomaye-en-gambie\/\"]}]},{\"@type\":\"ImageObject\",\"inLanguage\":\"fr-FR\",\"@id\":\"https:\/\/www.public.sn\/index.php\/2024\/04\/20\/visite-du-president-bassirou-diomaye-en-gambie\/#primaryimage\",\"url\":\"https:\/\/www.public.sn\/wp-content\/uploads\/2024\/04\/GAMBIE.webp\",\"contentUrl\":\"https:\/\/www.public.sn\/wp-content\/uploads\/2024\/04\/GAMBIE.webp\",\"width\":1700,\"height\":982},{\"@type\":\"BreadcrumbList\",\"@id\":\"https:\/\/www.public.sn\/index.php\/2024\/04\/20\/visite-du-president-bassirou-diomaye-en-gambie\/#breadcrumb\",\"itemListElement\":[{\"@type\":\"ListItem\",\"position\":1,\"name\":\"Accueil\",\"item\":\"https:\/\/www.public.sn\/\"},{\"@type\":\"ListItem\",\"position\":2,\"name\":\"Visite du Pr\u00e9sident Bassirou Diomaye Faye en Gambie\"}]},{\"@type\":\"WebSite\",\"@id\":\"https:\/\/www.public.sn\/#website\",\"url\":\"https:\/\/www.public.sn\/\",\"name\":\"LE PUBLIC\",\"description\":\"\",\"publisher\":{\"@id\":\"https:\/\/www.public.sn\/#organization\"},\"potentialAction\":[{\"@type\":\"SearchAction\",\"target\":{\"@type\":\"EntryPoint\",\"urlTemplate\":\"https:\/\/www.public.sn\/?s={search_term_string}\"},\"query-input\":{\"@type\":\"PropertyValueSpecification\",\"valueRequired\":true,\"valueName\":\"search_term_string\"}}],\"inLanguage\":\"fr-FR\"},{\"@type\":\"Organization\",\"@id\":\"https:\/\/www.public.sn\/#organization\",\"name\":\"LE PUBLIC\",\"url\":\"https:\/\/www.public.sn\/\",\"logo\":{\"@type\":\"ImageObject\",\"inLanguage\":\"fr-FR\",\"@id\":\"https:\/\/www.public.sn\/#\/schema\/logo\/image\/\",\"url\":\"https:\/\/www.public.sn\/wp-content\/uploads\/2024\/05\/cropped-LOGO-PUBLIC.SN_.png\",\"contentUrl\":\"https:\/\/www.public.sn\/wp-content\/uploads\/2024\/05\/cropped-LOGO-PUBLIC.SN_.png\",\"width\":682,\"height\":192,\"caption\":\"LE PUBLIC\"},\"image\":{\"@id\":\"https:\/\/www.public.sn\/#\/schema\/logo\/image\/\"}},{\"@type\":\"Person\",\"@id\":\"https:\/\/www.public.sn\/#\/schema\/person\/8fc5465b19f9ea9cf2212d8ca13397e3\",\"name\":\"Abdou SARR\",\"image\":{\"@type\":\"ImageObject\",\"inLanguage\":\"fr-FR\",\"@id\":\"https:\/\/www.public.sn\/#\/schema\/person\/image\/\",\"url\":\"https:\/\/secure.gravatar.com\/avatar\/1d5c1e6773c91217fbf1820ce89547e8b07a0eaffc48d779672f06c28be4b151?s=96&d=mm&r=g\",\"contentUrl\":\"https:\/\/secure.gravatar.com\/avatar\/1d5c1e6773c91217fbf1820ce89547e8b07a0eaffc48d779672f06c28be4b151?s=96&d=mm&r=g\",\"caption\":\"Abdou SARR\"},\"url\":\"https:\/\/www.public.sn\/index.php\/author\/dousarr24\/\"}]}<\/script>\n<!-- \/ Yoast SEO plugin. -->","yoast_head_json":{"title":"Visite du Pr\u00e9sident Bassirou Diomaye Faye en Gambie - LE PUBLIC","description":"En visite de travail en Gambie, le pr\u00e9sident Bassirou Diomaye Faye, v\u00eatu d\u2019un costume noir, a \u00e9t\u00e9 accueilli \u00e0 sa descente d\u2019avion par son homologue gambien, Adama Barrow.","robots":{"index":"index","follow":"follow","max-snippet":"max-snippet:-1","max-image-preview":"max-image-preview:large","max-video-preview":"max-video-preview:-1"},"canonical":"https:\/\/www.public.sn\/index.php\/2024\/04\/20\/visite-du-president-bassirou-diomaye-en-gambie\/","og_locale":"fr_FR","og_type":"article","og_title":"Visite du Pr\u00e9sident Bassirou Diomaye Faye en Gambie - LE PUBLIC","og_description":"En visite de travail en Gambie, le pr\u00e9sident Bassirou Diomaye Faye, v\u00eatu d\u2019un costume noir, a \u00e9t\u00e9 accueilli \u00e0 sa descente d\u2019avion par son homologue gambien, Adama Barrow.","og_url":"https:\/\/www.public.sn\/index.php\/2024\/04\/20\/visite-du-president-bassirou-diomaye-en-gambie\/","og_site_name":"LE PUBLIC","article_published_time":"2024-04-20T16:48:12+00:00","og_image":[{"width":1700,"height":982,"url":"https:\/\/www.public.sn\/wp-content\/uploads\/2024\/04\/GAMBIE.webp","type":"image\/webp"}],"author":"Abdou SARR","twitter_card":"summary_large_image","twitter_misc":{"\u00c9crit par":"Abdou SARR","Dur\u00e9e de lecture estim\u00e9e":"2 minutes"},"schema":{"@context":"https:\/\/schema.org","@graph":[{"@type":"Article","@id":"https:\/\/www.public.sn\/index.php\/2024\/04\/20\/visite-du-president-bassirou-diomaye-en-gambie\/#article","isPartOf":{"@id":"https:\/\/www.public.sn\/index.php\/2024\/04\/20\/visite-du-president-bassirou-diomaye-en-gambie\/"},"author":{"name":"Abdou SARR","@id":"https:\/\/www.public.sn\/#\/schema\/person\/8fc5465b19f9ea9cf2212d8ca13397e3"},"headline":"Visite du Pr\u00e9sident Bassirou Diomaye Faye en Gambie","datePublished":"2024-04-20T16:48:12+00:00","mainEntityOfPage":{"@id":"https:\/\/www.public.sn\/index.php\/2024\/04\/20\/visite-du-president-bassirou-diomaye-en-gambie\/"},"wordCount":378,"commentCount":0,"publisher":{"@id":"https:\/\/www.public.sn\/#organization"},"image":{"@id":"https:\/\/www.public.sn\/index.php\/2024\/04\/20\/visite-du-president-bassirou-diomaye-en-gambie\/#primaryimage"},"thumbnailUrl":"https:\/\/www.public.sn\/wp-content\/uploads\/2024\/04\/GAMBIE.webp","keywords":["bassirou diomaye faye","Gambie","Visite"],"articleSection":["ACTUALIT\u00c9S"],"inLanguage":"fr-FR","potentialAction":[{"@type":"CommentAction","name":"Comment","target":["https:\/\/www.public.sn\/index.php\/2024\/04\/20\/visite-du-president-bassirou-diomaye-en-gambie\/#respond"]}]},{"@type":"WebPage","@id":"https:\/\/www.public.sn\/index.php\/2024\/04\/20\/visite-du-president-bassirou-diomaye-en-gambie\/","url":"https:\/\/www.public.sn\/index.php\/2024\/04\/20\/visite-du-president-bassirou-diomaye-en-gambie\/","name":"Visite du Pr\u00e9sident Bassirou Diomaye Faye en Gambie - LE PUBLIC","isPartOf":{"@id":"https:\/\/www.public.sn\/#website"},"primaryImageOfPage":{"@id":"https:\/\/www.public.sn\/index.php\/2024\/04\/20\/visite-du-president-bassirou-diomaye-en-gambie\/#primaryimage"},"image":{"@id":"https:\/\/www.public.sn\/index.php\/2024\/04\/20\/visite-du-president-bassirou-diomaye-en-gambie\/#primaryimage"},"thumbnailUrl":"https:\/\/www.public.sn\/wp-content\/uploads\/2024\/04\/GAMBIE.webp","datePublished":"2024-04-20T16:48:12+00:00","description":"En visite de travail en Gambie, le pr\u00e9sident Bassirou Diomaye Faye, v\u00eatu d\u2019un costume noir, a \u00e9t\u00e9 accueilli \u00e0 sa descente d\u2019avion par son homologue gambien, Adama Barrow.","breadcrumb":{"@id":"https:\/\/www.public.sn\/index.php\/2024\/04\/20\/visite-du-president-bassirou-diomaye-en-gambie\/#breadcrumb"},"inLanguage":"fr-FR","potentialAction":[{"@type":"ReadAction","target":["https:\/\/www.public.sn\/index.php\/2024\/04\/20\/visite-du-president-bassirou-diomaye-en-gambie\/"]}]},{"@type":"ImageObject","inLanguage":"fr-FR","@id":"https:\/\/www.public.sn\/index.php\/2024\/04\/20\/visite-du-president-bassirou-diomaye-en-gambie\/#primaryimage","url":"https:\/\/www.public.sn\/wp-content\/uploads\/2024\/04\/GAMBIE.webp","contentUrl":"https:\/\/www.public.sn\/wp-content\/uploads\/2024\/04\/GAMBIE.webp","width":1700,"height":982},{"@type":"BreadcrumbList","@id":"https:\/\/www.public.sn\/index.php\/2024\/04\/20\/visite-du-president-bassirou-diomaye-en-gambie\/#breadcrumb","itemListElement":[{"@type":"ListItem","position":1,"name":"Accueil","item":"https:\/\/www.public.sn\/"},{"@type":"ListItem","position":2,"name":"Visite du Pr\u00e9sident Bassirou Diomaye Faye en Gambie"}]},{"@type":"WebSite","@id":"https:\/\/www.public.sn\/#website","url":"https:\/\/www.public.sn\/","name":"LE PUBLIC","description":"","publisher":{"@id":"https:\/\/www.public.sn\/#organization"},"potentialAction":[{"@type":"SearchAction","target":{"@type":"EntryPoint","urlTemplate":"https:\/\/www.public.sn\/?s={search_term_string}"},"query-input":{"@type":"PropertyValueSpecification","valueRequired":true,"valueName":"search_term_string"}}],"inLanguage":"fr-FR"},{"@type":"Organization","@id":"https:\/\/www.public.sn\/#organization","name":"LE PUBLIC","url":"https:\/\/www.public.sn\/","logo":{"@type":"ImageObject","inLanguage":"fr-FR","@id":"https:\/\/www.public.sn\/#\/schema\/logo\/image\/","url":"https:\/\/www.public.sn\/wp-content\/uploads\/2024\/05\/cropped-LOGO-PUBLIC.SN_.png","contentUrl":"https:\/\/www.public.sn\/wp-content\/uploads\/2024\/05\/cropped-LOGO-PUBLIC.SN_.png","width":682,"height":192,"caption":"LE PUBLIC"},"image":{"@id":"https:\/\/www.public.sn\/#\/schema\/logo\/image\/"}},{"@type":"Person","@id":"https:\/\/www.public.sn\/#\/schema\/person\/8fc5465b19f9ea9cf2212d8ca13397e3","name":"Abdou SARR","image":{"@type":"ImageObject","inLanguage":"fr-FR","@id":"https:\/\/www.public.sn\/#\/schema\/person\/image\/","url":"https:\/\/secure.gravatar.com\/avatar\/1d5c1e6773c91217fbf1820ce89547e8b07a0eaffc48d779672f06c28be4b151?s=96&d=mm&r=g","contentUrl":"https:\/\/secure.gravatar.com\/avatar\/1d5c1e6773c91217fbf1820ce89547e8b07a0eaffc48d779672f06c28be4b151?s=96&d=mm&r=g","caption":"Abdou SARR"},"url":"https:\/\/www.public.sn\/index.php\/author\/dousarr24\/"}]}},"jetpack_featured_media_url":"https:\/\/www.public.sn\/wp-content\/uploads\/2024\/04\/GAMBIE.webp","jetpack_sharing_enabled":true,"_links":{"self":[{"href":"https:\/\/www.public.sn\/index.php\/wp-json\/wp\/v2\/posts\/31902","targetHints":{"allow":["GET"]}}],"collection":[{"href":"https:\/\/www.public.sn\/index.php\/wp-json\/wp\/v2\/posts"}],"about":[{"href":"https:\/\/www.public.sn\/index.php\/wp-json\/wp\/v2\/types\/post"}],"author":[{"embeddable":true,"href":"https:\/\/www.public.sn\/index.php\/wp-json\/wp\/v2\/users\/13"}],"replies":[{"embeddable":true,"href":"https:\/\/www.public.sn\/index.php\/wp-json\/wp\/v2\/comments?post=31902"}],"version-history":[{"count":1,"href":"https:\/\/www.public.sn\/index.php\/wp-json\/wp\/v2\/posts\/31902\/revisions"}],"predecessor-version":[{"id":31905,"href":"https:\/\/www.public.sn\/index.php\/wp-json\/wp\/v2\/posts\/31902\/revisions\/31905"}],"wp:featuredmedia":[{"embeddable":true,"href":"https:\/\/www.public.sn\/index.php\/wp-json\/wp\/v2\/media\/31903"}],"wp:attachment":[{"href":"https:\/\/www.public.sn\/index.php\/wp-json\/wp\/v2\/media?parent=31902"}],"wp:term":[{"taxonomy":"category","embeddable":true,"href":"https:\/\/www.public.sn\/index.php\/wp-json\/wp\/v2\/categories?post=31902"},{"taxonomy":"post_tag","embeddable":true,"href":"https:\/\/www.public.sn\/index.php\/wp-json\/wp\/v2\/tags?post=31902"}],"curies":[{"name":"wp","href":"https:\/\/api.w.org\/{rel}","templated":true}]}}