{"id":31933,"date":"2024-04-22T15:43:44","date_gmt":"2024-04-22T15:43:44","guid":{"rendered":"https:\/\/www.public.sn\/?p=31933"},"modified":"2024-04-22T15:43:44","modified_gmt":"2024-04-22T15:43:44","slug":"incste-et-vol-repetitif-i-diop-transforme-sa-fille-de-12-ans-en-objet-sxuel","status":"publish","type":"post","link":"https:\/\/www.public.sn\/index.php\/2024\/04\/22\/incste-et-vol-repetitif-i-diop-transforme-sa-fille-de-12-ans-en-objet-sxuel\/","title":{"rendered":"Inc\u00a3ste et V!ol r\u00e9p\u00e9titif : I.Diop transforme sa fille de 12 ans en objet s\u00a3xuel"},"content":{"rendered":"<p>La police centrale de Gu\u00e9diawaye a mis aux arr\u00eats un individu r\u00e9pondant au nom d\u2019I. Di\u01a1p. Le chauffeur est accus\u00e9 de viols r\u00e9p\u00e9titifs pr\u00e9sum\u00e9s par sa fille adoptive nomm\u00e9e Marie M, \u00e2g\u00e9e de 12 ans. D\u2019apr\u00e8s le quotidien Les \u00c9chos, Marie M. a pris la fuite \u00e0 cause des abus sexuels pr\u00e9sum\u00e9s par son p\u00e8re adoptif, qui vit avec la fille au quartier Fith-Fith, dans le d\u00e9partement de Gu\u00e9diawaye.<\/p><div class=\"publi-paragraphe1\" style=\"margin-top: 10px;margin-bottom: 10px;margin-left: auto;margin-right: auto;text-align: center;\" id=\"publi-189472128\"><div class=\"publi-adlabel\">Publicit\u00e9<\/div><script async src=\"\/\/pagead2.googlesyndication.com\/pagead\/js\/adsbygoogle.js?client=ca-pub-4089586018074219\" crossorigin=\"anonymous\"><\/script><ins class=\"adsbygoogle\" style=\"display:block;\" data-ad-client=\"ca-pub-4089586018074219\" \ndata-ad-slot=\"2087940154\" \ndata-ad-format=\"auto\"><\/ins>\n<script> \n(adsbygoogle = window.adsbygoogle || []).push({}); \n<\/script>\n<\/div>\n<p>D&rsquo;apr\u00e8s nos sources, la fillette a pris la fuite et marche seule dans le rues de Gu\u00e9diawaye pieds nus et presse les pas. Son visage inqui\u00e9tant laisse apparaitre une peur bleue et attire l&rsquo;attention de la population de cette zone.<\/p>\n<p>Devant le commissaire, le p\u00e8re nie toutes les accusations de sa fille adoptive.<\/p>\n<p>Nous y reviendrons largement<\/p>\n<div class=\"publi-apres-le-contenu\" style=\"margin-top: 10px;margin-bottom: 10px;margin-left: auto;margin-right: auto;text-align: center;\" id=\"publi-2174246020\"><div class=\"publi-adlabel\">Publicit\u00e9<\/div><script async src=\"\/\/pagead2.googlesyndication.com\/pagead\/js\/adsbygoogle.js?client=ca-pub-4089586018074219\" crossorigin=\"anonymous\"><\/script><ins class=\"adsbygoogle\" style=\"display:block;\" data-ad-client=\"ca-pub-4089586018074219\" \ndata-ad-slot=\"2087940154\" \ndata-ad-format=\"auto\"><\/ins>\n<script> \n(adsbygoogle = window.adsbygoogle || []).push({}); \n<\/script>\n<\/div>","protected":false},"excerpt":{"rendered":"<p>La police centrale de Gu\u00e9diawaye a mis aux arr\u00eats un individu r\u00e9pondant au nom d\u2019I. Di\u01a1p. Le chauffeur est accus\u00e9 de viols r\u00e9p\u00e9titifs pr\u00e9sum\u00e9s par sa fille adoptive nomm\u00e9e Marie M, \u00e2g\u00e9e de 12 ans. D\u2019apr\u00e8s le quotidien Les \u00c9chos, Marie M. a pris la fuite \u00e0 cause des abus sexuels pr\u00e9sum\u00e9s par son p\u00e8re adoptif, qui vit avec la fille au quartier Fith-Fith, dans le d\u00e9partement de Gu\u00e9diawaye. D&rsquo;apr\u00e8s nos sources, la fillette a pris la fuite et marche seule dans le rues de Gu\u00e9diawaye pieds nus et presse les pas. Son visage inqui\u00e9tant laisse apparaitre une peur bleue et attire l&rsquo;attention de la population de cette zone. Devant le commissaire, le p\u00e8re nie toutes les accusations de sa fille adoptive. Nous y reviendrons largement<\/p>\n","protected":false},"author":12,"featured_media":7688,"comment_status":"open","ping_status":"open","sticky":false,"template":"","format":"standard","meta":{"_jetpack_memberships_contains_paid_content":false,"footnotes":""},"categories":[1],"tags":[5504,5485,2710,263],"class_list":["post-31933","post","type-post","status-publish","format-standard","has-post-thumbnail","hentry","category-non-classe","tag-fillettes","tag-insolite","tag-pere","tag-viol","entry","has-media","owp-thumbs-layout-horizontal","owp-btn-normal","owp-tabs-layout-horizontal","has-no-thumbnails","has-product-nav"],"yoast_head":"<!-- This site is optimized with the Yoast SEO plugin v25.5 - https:\/\/yoast.com\/wordpress\/plugins\/seo\/ -->\n<title>Inc\u00a3ste et V!ol r\u00e9p\u00e9titif : I.Diop transforme sa fille de 12 ans en objet s\u00a3xuel - LE PUBLIC<\/title>\n<meta name=\"robots\" content=\"index, follow, max-snippet:-1, max-image-preview:large, max-video-preview:-1\" \/>\n<link rel=\"canonical\" href=\"https:\/\/www.public.sn\/index.php\/2024\/04\/22\/incste-et-vol-repetitif-i-diop-transforme-sa-fille-de-12-ans-en-objet-sxuel\/\" \/>\n<meta property=\"og:locale\" content=\"fr_FR\" \/>\n<meta property=\"og:type\" content=\"article\" \/>\n<meta property=\"og:title\" content=\"Inc\u00a3ste et V!ol r\u00e9p\u00e9titif : I.Diop transforme sa fille de 12 ans en objet s\u00a3xuel - LE PUBLIC\" \/>\n<meta property=\"og:description\" content=\"La police centrale de Gu\u00e9diawaye a mis aux arr\u00eats un individu r\u00e9pondant au nom d\u2019I. Di\u01a1p. Le chauffeur est accus\u00e9 de viols r\u00e9p\u00e9titifs pr\u00e9sum\u00e9s par sa fille adoptive nomm\u00e9e Marie M, \u00e2g\u00e9e de 12 ans. D\u2019apr\u00e8s le quotidien Les \u00c9chos, Marie M. a pris la fuite \u00e0 cause des abus sexuels pr\u00e9sum\u00e9s par son p\u00e8re adoptif, qui vit avec la fille au quartier Fith-Fith, dans le d\u00e9partement de Gu\u00e9diawaye. D&rsquo;apr\u00e8s nos sources, la fillette a pris la fuite et marche seule dans le rues de Gu\u00e9diawaye pieds nus et presse les pas. Son visage inqui\u00e9tant laisse apparaitre une peur bleue et attire l&rsquo;attention de la population de cette zone. Devant le commissaire, le p\u00e8re nie toutes les accusations de sa fille adoptive. Nous y reviendrons largement\" \/>\n<meta property=\"og:url\" content=\"https:\/\/www.public.sn\/index.php\/2024\/04\/22\/incste-et-vol-repetitif-i-diop-transforme-sa-fille-de-12-ans-en-objet-sxuel\/\" \/>\n<meta property=\"og:site_name\" content=\"LE PUBLIC\" \/>\n<meta property=\"article:published_time\" content=\"2024-04-22T15:43:44+00:00\" \/>\n<meta property=\"og:image\" content=\"https:\/\/www.public.sn\/wp-content\/uploads\/2022\/11\/viol.webp\" \/>\n\t<meta property=\"og:image:width\" content=\"800\" \/>\n\t<meta property=\"og:image:height\" content=\"450\" \/>\n\t<meta property=\"og:image:type\" content=\"image\/webp\" \/>\n<meta name=\"author\" content=\"Man\u00e9 Ba\" \/>\n<meta name=\"twitter:card\" content=\"summary_large_image\" \/>\n<meta name=\"twitter:label1\" content=\"\u00c9crit par\" \/>\n\t<meta name=\"twitter:data1\" content=\"Man\u00e9 Ba\" \/>\n\t<meta name=\"twitter:label2\" content=\"Dur\u00e9e de lecture estim\u00e9e\" \/>\n\t<meta name=\"twitter:data2\" content=\"1 minute\" \/>\n<script type=\"application\/ld+json\" class=\"yoast-schema-graph\">{\"@context\":\"https:\/\/schema.org\",\"@graph\":[{\"@type\":\"Article\",\"@id\":\"https:\/\/www.public.sn\/index.php\/2024\/04\/22\/incste-et-vol-repetitif-i-diop-transforme-sa-fille-de-12-ans-en-objet-sxuel\/#article\",\"isPartOf\":{\"@id\":\"https:\/\/www.public.sn\/index.php\/2024\/04\/22\/incste-et-vol-repetitif-i-diop-transforme-sa-fille-de-12-ans-en-objet-sxuel\/\"},\"author\":{\"name\":\"Man\u00e9 Ba\",\"@id\":\"https:\/\/www.public.sn\/#\/schema\/person\/0cb769602dc17ecb89fd54a2197a221a\"},\"headline\":\"Inc\u00a3ste et V!ol r\u00e9p\u00e9titif : I.Diop transforme sa fille de 12 ans en objet s\u00a3xuel\",\"datePublished\":\"2024-04-22T15:43:44+00:00\",\"mainEntityOfPage\":{\"@id\":\"https:\/\/www.public.sn\/index.php\/2024\/04\/22\/incste-et-vol-repetitif-i-diop-transforme-sa-fille-de-12-ans-en-objet-sxuel\/\"},\"wordCount\":165,\"commentCount\":0,\"publisher\":{\"@id\":\"https:\/\/www.public.sn\/#organization\"},\"image\":{\"@id\":\"https:\/\/www.public.sn\/index.php\/2024\/04\/22\/incste-et-vol-repetitif-i-diop-transforme-sa-fille-de-12-ans-en-objet-sxuel\/#primaryimage\"},\"thumbnailUrl\":\"https:\/\/www.public.sn\/wp-content\/uploads\/2022\/11\/viol.webp\",\"keywords\":[\"FILLETTES\",\"insolite\",\"pere\",\"Viol\"],\"articleSection\":[\"S\u00c9N\u00c9GAL\"],\"inLanguage\":\"fr-FR\",\"potentialAction\":[{\"@type\":\"CommentAction\",\"name\":\"Comment\",\"target\":[\"https:\/\/www.public.sn\/index.php\/2024\/04\/22\/incste-et-vol-repetitif-i-diop-transforme-sa-fille-de-12-ans-en-objet-sxuel\/#respond\"]}]},{\"@type\":\"WebPage\",\"@id\":\"https:\/\/www.public.sn\/index.php\/2024\/04\/22\/incste-et-vol-repetitif-i-diop-transforme-sa-fille-de-12-ans-en-objet-sxuel\/\",\"url\":\"https:\/\/www.public.sn\/index.php\/2024\/04\/22\/incste-et-vol-repetitif-i-diop-transforme-sa-fille-de-12-ans-en-objet-sxuel\/\",\"name\":\"Inc\u00a3ste et V!ol r\u00e9p\u00e9titif : I.Diop transforme sa fille de 12 ans en objet s\u00a3xuel - LE PUBLIC\",\"isPartOf\":{\"@id\":\"https:\/\/www.public.sn\/#website\"},\"primaryImageOfPage\":{\"@id\":\"https:\/\/www.public.sn\/index.php\/2024\/04\/22\/incste-et-vol-repetitif-i-diop-transforme-sa-fille-de-12-ans-en-objet-sxuel\/#primaryimage\"},\"image\":{\"@id\":\"https:\/\/www.public.sn\/index.php\/2024\/04\/22\/incste-et-vol-repetitif-i-diop-transforme-sa-fille-de-12-ans-en-objet-sxuel\/#primaryimage\"},\"thumbnailUrl\":\"https:\/\/www.public.sn\/wp-content\/uploads\/2022\/11\/viol.webp\",\"datePublished\":\"2024-04-22T15:43:44+00:00\",\"breadcrumb\":{\"@id\":\"https:\/\/www.public.sn\/index.php\/2024\/04\/22\/incste-et-vol-repetitif-i-diop-transforme-sa-fille-de-12-ans-en-objet-sxuel\/#breadcrumb\"},\"inLanguage\":\"fr-FR\",\"potentialAction\":[{\"@type\":\"ReadAction\",\"target\":[\"https:\/\/www.public.sn\/index.php\/2024\/04\/22\/incste-et-vol-repetitif-i-diop-transforme-sa-fille-de-12-ans-en-objet-sxuel\/\"]}]},{\"@type\":\"ImageObject\",\"inLanguage\":\"fr-FR\",\"@id\":\"https:\/\/www.public.sn\/index.php\/2024\/04\/22\/incste-et-vol-repetitif-i-diop-transforme-sa-fille-de-12-ans-en-objet-sxuel\/#primaryimage\",\"url\":\"https:\/\/www.public.sn\/wp-content\/uploads\/2022\/11\/viol.webp\",\"contentUrl\":\"https:\/\/www.public.sn\/wp-content\/uploads\/2022\/11\/viol.webp\",\"width\":800,\"height\":450,\"caption\":\"publicsn\"},{\"@type\":\"BreadcrumbList\",\"@id\":\"https:\/\/www.public.sn\/index.php\/2024\/04\/22\/incste-et-vol-repetitif-i-diop-transforme-sa-fille-de-12-ans-en-objet-sxuel\/#breadcrumb\",\"itemListElement\":[{\"@type\":\"ListItem\",\"position\":1,\"name\":\"Accueil\",\"item\":\"https:\/\/www.public.sn\/\"},{\"@type\":\"ListItem\",\"position\":2,\"name\":\"Inc\u00a3ste et V!ol r\u00e9p\u00e9titif : I.Diop transforme sa fille de 12 ans en objet s\u00a3xuel\"}]},{\"@type\":\"WebSite\",\"@id\":\"https:\/\/www.public.sn\/#website\",\"url\":\"https:\/\/www.public.sn\/\",\"name\":\"LE PUBLIC\",\"description\":\"\",\"publisher\":{\"@id\":\"https:\/\/www.public.sn\/#organization\"},\"potentialAction\":[{\"@type\":\"SearchAction\",\"target\":{\"@type\":\"EntryPoint\",\"urlTemplate\":\"https:\/\/www.public.sn\/?s={search_term_string}\"},\"query-input\":{\"@type\":\"PropertyValueSpecification\",\"valueRequired\":true,\"valueName\":\"search_term_string\"}}],\"inLanguage\":\"fr-FR\"},{\"@type\":\"Organization\",\"@id\":\"https:\/\/www.public.sn\/#organization\",\"name\":\"LE PUBLIC\",\"url\":\"https:\/\/www.public.sn\/\",\"logo\":{\"@type\":\"ImageObject\",\"inLanguage\":\"fr-FR\",\"@id\":\"https:\/\/www.public.sn\/#\/schema\/logo\/image\/\",\"url\":\"https:\/\/www.public.sn\/wp-content\/uploads\/2024\/05\/cropped-LOGO-PUBLIC.SN_.png\",\"contentUrl\":\"https:\/\/www.public.sn\/wp-content\/uploads\/2024\/05\/cropped-LOGO-PUBLIC.SN_.png\",\"width\":682,\"height\":192,\"caption\":\"LE PUBLIC\"},\"image\":{\"@id\":\"https:\/\/www.public.sn\/#\/schema\/logo\/image\/\"}},{\"@type\":\"Person\",\"@id\":\"https:\/\/www.public.sn\/#\/schema\/person\/0cb769602dc17ecb89fd54a2197a221a\",\"name\":\"Man\u00e9 Ba\",\"image\":{\"@type\":\"ImageObject\",\"inLanguage\":\"fr-FR\",\"@id\":\"https:\/\/www.public.sn\/#\/schema\/person\/image\/\",\"url\":\"https:\/\/secure.gravatar.com\/avatar\/b31a37f6b2529b7e9303b5aacf26777a86815e524f04961246da8183f5e2535a?s=96&d=mm&r=g\",\"contentUrl\":\"https:\/\/secure.gravatar.com\/avatar\/b31a37f6b2529b7e9303b5aacf26777a86815e524f04961246da8183f5e2535a?s=96&d=mm&r=g\",\"caption\":\"Man\u00e9 Ba\"},\"url\":\"https:\/\/www.public.sn\/index.php\/author\/bamanesen\/\"}]}<\/script>\n<!-- \/ Yoast SEO plugin. -->","yoast_head_json":{"title":"Inc\u00a3ste et V!ol r\u00e9p\u00e9titif : I.Diop transforme sa fille de 12 ans en objet s\u00a3xuel - LE PUBLIC","robots":{"index":"index","follow":"follow","max-snippet":"max-snippet:-1","max-image-preview":"max-image-preview:large","max-video-preview":"max-video-preview:-1"},"canonical":"https:\/\/www.public.sn\/index.php\/2024\/04\/22\/incste-et-vol-repetitif-i-diop-transforme-sa-fille-de-12-ans-en-objet-sxuel\/","og_locale":"fr_FR","og_type":"article","og_title":"Inc\u00a3ste et V!ol r\u00e9p\u00e9titif : I.Diop transforme sa fille de 12 ans en objet s\u00a3xuel - LE PUBLIC","og_description":"La police centrale de Gu\u00e9diawaye a mis aux arr\u00eats un individu r\u00e9pondant au nom d\u2019I. Di\u01a1p. Le chauffeur est accus\u00e9 de viols r\u00e9p\u00e9titifs pr\u00e9sum\u00e9s par sa fille adoptive nomm\u00e9e Marie M, \u00e2g\u00e9e de 12 ans. D\u2019apr\u00e8s le quotidien Les \u00c9chos, Marie M. a pris la fuite \u00e0 cause des abus sexuels pr\u00e9sum\u00e9s par son p\u00e8re adoptif, qui vit avec la fille au quartier Fith-Fith, dans le d\u00e9partement de Gu\u00e9diawaye. D&rsquo;apr\u00e8s nos sources, la fillette a pris la fuite et marche seule dans le rues de Gu\u00e9diawaye pieds nus et presse les pas. Son visage inqui\u00e9tant laisse apparaitre une peur bleue et attire l&rsquo;attention de la population de cette zone. Devant le commissaire, le p\u00e8re nie toutes les accusations de sa fille adoptive. Nous y reviendrons largement","og_url":"https:\/\/www.public.sn\/index.php\/2024\/04\/22\/incste-et-vol-repetitif-i-diop-transforme-sa-fille-de-12-ans-en-objet-sxuel\/","og_site_name":"LE PUBLIC","article_published_time":"2024-04-22T15:43:44+00:00","og_image":[{"width":800,"height":450,"url":"https:\/\/www.public.sn\/wp-content\/uploads\/2022\/11\/viol.webp","type":"image\/webp"}],"author":"Man\u00e9 Ba","twitter_card":"summary_large_image","twitter_misc":{"\u00c9crit par":"Man\u00e9 Ba","Dur\u00e9e de lecture estim\u00e9e":"1 minute"},"schema":{"@context":"https:\/\/schema.org","@graph":[{"@type":"Article","@id":"https:\/\/www.public.sn\/index.php\/2024\/04\/22\/incste-et-vol-repetitif-i-diop-transforme-sa-fille-de-12-ans-en-objet-sxuel\/#article","isPartOf":{"@id":"https:\/\/www.public.sn\/index.php\/2024\/04\/22\/incste-et-vol-repetitif-i-diop-transforme-sa-fille-de-12-ans-en-objet-sxuel\/"},"author":{"name":"Man\u00e9 Ba","@id":"https:\/\/www.public.sn\/#\/schema\/person\/0cb769602dc17ecb89fd54a2197a221a"},"headline":"Inc\u00a3ste et V!ol r\u00e9p\u00e9titif : I.Diop transforme sa fille de 12 ans en objet s\u00a3xuel","datePublished":"2024-04-22T15:43:44+00:00","mainEntityOfPage":{"@id":"https:\/\/www.public.sn\/index.php\/2024\/04\/22\/incste-et-vol-repetitif-i-diop-transforme-sa-fille-de-12-ans-en-objet-sxuel\/"},"wordCount":165,"commentCount":0,"publisher":{"@id":"https:\/\/www.public.sn\/#organization"},"image":{"@id":"https:\/\/www.public.sn\/index.php\/2024\/04\/22\/incste-et-vol-repetitif-i-diop-transforme-sa-fille-de-12-ans-en-objet-sxuel\/#primaryimage"},"thumbnailUrl":"https:\/\/www.public.sn\/wp-content\/uploads\/2022\/11\/viol.webp","keywords":["FILLETTES","insolite","pere","Viol"],"articleSection":["S\u00c9N\u00c9GAL"],"inLanguage":"fr-FR","potentialAction":[{"@type":"CommentAction","name":"Comment","target":["https:\/\/www.public.sn\/index.php\/2024\/04\/22\/incste-et-vol-repetitif-i-diop-transforme-sa-fille-de-12-ans-en-objet-sxuel\/#respond"]}]},{"@type":"WebPage","@id":"https:\/\/www.public.sn\/index.php\/2024\/04\/22\/incste-et-vol-repetitif-i-diop-transforme-sa-fille-de-12-ans-en-objet-sxuel\/","url":"https:\/\/www.public.sn\/index.php\/2024\/04\/22\/incste-et-vol-repetitif-i-diop-transforme-sa-fille-de-12-ans-en-objet-sxuel\/","name":"Inc\u00a3ste et V!ol r\u00e9p\u00e9titif : I.Diop transforme sa fille de 12 ans en objet s\u00a3xuel - LE PUBLIC","isPartOf":{"@id":"https:\/\/www.public.sn\/#website"},"primaryImageOfPage":{"@id":"https:\/\/www.public.sn\/index.php\/2024\/04\/22\/incste-et-vol-repetitif-i-diop-transforme-sa-fille-de-12-ans-en-objet-sxuel\/#primaryimage"},"image":{"@id":"https:\/\/www.public.sn\/index.php\/2024\/04\/22\/incste-et-vol-repetitif-i-diop-transforme-sa-fille-de-12-ans-en-objet-sxuel\/#primaryimage"},"thumbnailUrl":"https:\/\/www.public.sn\/wp-content\/uploads\/2022\/11\/viol.webp","datePublished":"2024-04-22T15:43:44+00:00","breadcrumb":{"@id":"https:\/\/www.public.sn\/index.php\/2024\/04\/22\/incste-et-vol-repetitif-i-diop-transforme-sa-fille-de-12-ans-en-objet-sxuel\/#breadcrumb"},"inLanguage":"fr-FR","potentialAction":[{"@type":"ReadAction","target":["https:\/\/www.public.sn\/index.php\/2024\/04\/22\/incste-et-vol-repetitif-i-diop-transforme-sa-fille-de-12-ans-en-objet-sxuel\/"]}]},{"@type":"ImageObject","inLanguage":"fr-FR","@id":"https:\/\/www.public.sn\/index.php\/2024\/04\/22\/incste-et-vol-repetitif-i-diop-transforme-sa-fille-de-12-ans-en-objet-sxuel\/#primaryimage","url":"https:\/\/www.public.sn\/wp-content\/uploads\/2022\/11\/viol.webp","contentUrl":"https:\/\/www.public.sn\/wp-content\/uploads\/2022\/11\/viol.webp","width":800,"height":450,"caption":"publicsn"},{"@type":"BreadcrumbList","@id":"https:\/\/www.public.sn\/index.php\/2024\/04\/22\/incste-et-vol-repetitif-i-diop-transforme-sa-fille-de-12-ans-en-objet-sxuel\/#breadcrumb","itemListElement":[{"@type":"ListItem","position":1,"name":"Accueil","item":"https:\/\/www.public.sn\/"},{"@type":"ListItem","position":2,"name":"Inc\u00a3ste et V!ol r\u00e9p\u00e9titif : I.Diop transforme sa fille de 12 ans en objet s\u00a3xuel"}]},{"@type":"WebSite","@id":"https:\/\/www.public.sn\/#website","url":"https:\/\/www.public.sn\/","name":"LE PUBLIC","description":"","publisher":{"@id":"https:\/\/www.public.sn\/#organization"},"potentialAction":[{"@type":"SearchAction","target":{"@type":"EntryPoint","urlTemplate":"https:\/\/www.public.sn\/?s={search_term_string}"},"query-input":{"@type":"PropertyValueSpecification","valueRequired":true,"valueName":"search_term_string"}}],"inLanguage":"fr-FR"},{"@type":"Organization","@id":"https:\/\/www.public.sn\/#organization","name":"LE PUBLIC","url":"https:\/\/www.public.sn\/","logo":{"@type":"ImageObject","inLanguage":"fr-FR","@id":"https:\/\/www.public.sn\/#\/schema\/logo\/image\/","url":"https:\/\/www.public.sn\/wp-content\/uploads\/2024\/05\/cropped-LOGO-PUBLIC.SN_.png","contentUrl":"https:\/\/www.public.sn\/wp-content\/uploads\/2024\/05\/cropped-LOGO-PUBLIC.SN_.png","width":682,"height":192,"caption":"LE PUBLIC"},"image":{"@id":"https:\/\/www.public.sn\/#\/schema\/logo\/image\/"}},{"@type":"Person","@id":"https:\/\/www.public.sn\/#\/schema\/person\/0cb769602dc17ecb89fd54a2197a221a","name":"Man\u00e9 Ba","image":{"@type":"ImageObject","inLanguage":"fr-FR","@id":"https:\/\/www.public.sn\/#\/schema\/person\/image\/","url":"https:\/\/secure.gravatar.com\/avatar\/b31a37f6b2529b7e9303b5aacf26777a86815e524f04961246da8183f5e2535a?s=96&d=mm&r=g","contentUrl":"https:\/\/secure.gravatar.com\/avatar\/b31a37f6b2529b7e9303b5aacf26777a86815e524f04961246da8183f5e2535a?s=96&d=mm&r=g","caption":"Man\u00e9 Ba"},"url":"https:\/\/www.public.sn\/index.php\/author\/bamanesen\/"}]}},"jetpack_featured_media_url":"https:\/\/www.public.sn\/wp-content\/uploads\/2022\/11\/viol.webp","jetpack_sharing_enabled":true,"_links":{"self":[{"href":"https:\/\/www.public.sn\/index.php\/wp-json\/wp\/v2\/posts\/31933","targetHints":{"allow":["GET"]}}],"collection":[{"href":"https:\/\/www.public.sn\/index.php\/wp-json\/wp\/v2\/posts"}],"about":[{"href":"https:\/\/www.public.sn\/index.php\/wp-json\/wp\/v2\/types\/post"}],"author":[{"embeddable":true,"href":"https:\/\/www.public.sn\/index.php\/wp-json\/wp\/v2\/users\/12"}],"replies":[{"embeddable":true,"href":"https:\/\/www.public.sn\/index.php\/wp-json\/wp\/v2\/comments?post=31933"}],"version-history":[{"count":1,"href":"https:\/\/www.public.sn\/index.php\/wp-json\/wp\/v2\/posts\/31933\/revisions"}],"predecessor-version":[{"id":31935,"href":"https:\/\/www.public.sn\/index.php\/wp-json\/wp\/v2\/posts\/31933\/revisions\/31935"}],"wp:featuredmedia":[{"embeddable":true,"href":"https:\/\/www.public.sn\/index.php\/wp-json\/wp\/v2\/media\/7688"}],"wp:attachment":[{"href":"https:\/\/www.public.sn\/index.php\/wp-json\/wp\/v2\/media?parent=31933"}],"wp:term":[{"taxonomy":"category","embeddable":true,"href":"https:\/\/www.public.sn\/index.php\/wp-json\/wp\/v2\/categories?post=31933"},{"taxonomy":"post_tag","embeddable":true,"href":"https:\/\/www.public.sn\/index.php\/wp-json\/wp\/v2\/tags?post=31933"}],"curies":[{"name":"wp","href":"https:\/\/api.w.org\/{rel}","templated":true}]}}