{"id":31944,"date":"2024-04-23T15:02:39","date_gmt":"2024-04-23T15:02:39","guid":{"rendered":"https:\/\/www.public.sn\/?p=31944"},"modified":"2024-04-23T15:02:39","modified_gmt":"2024-04-23T15:02:39","slug":"31922","status":"publish","type":"post","link":"https:\/\/www.public.sn\/index.php\/2024\/04\/23\/31922\/","title":{"rendered":"la vente de l&rsquo;avion Pr\u00e9sidentiel : Abdoul Mbaye insiste"},"content":{"rendered":"<div><strong><span style=\"font-size: x-large\">Pour r\u00e9duire le train de vie de l&rsquo;\u00c9tat, l&rsquo;ancien Premier ministre, Abdoul Mbaye, a propos\u00e9 la vente de l&rsquo;avion pr\u00e9sidentiel.<\/span><\/strong><\/div>\n<div><\/div>\n<div><span style=\"font-size: x-large\">D&rsquo;apr\u00e8s l&rsquo;ex-premier Ministre, \u00ab\u00a0Le S\u00e9n\u00e9gal vit au-dessus de ses moyens, sous le couvert de faux taux de croissance donnant lieu \u00e0 des budgets tout aussi irr\u00e9alistes (\u2026) L&rsquo;une des solutions est de r\u00e9duire dans l&rsquo;urgence le train de vie de l&rsquo;\u00c9tat par des mesures concr\u00e8tes et parfois symboliques. La vente de l\u2019avion pr\u00e9sidentiel en est une pour cr\u00e9er de la recette et \u00e9conomiser un \u00e9norme budget de fonctionnement\u00a0\u00bb, a-t-il dit dans un post sur sa page facebook.<br \/>\n<\/span><\/p>\n<div id=\"r89-video-outstream-wrapper\"><\/div>\n<\/div>\n<div><span style=\"font-size: x-large\">En effet, plusieurs personnes ont rejet\u00e9 cette proposition, dont Mbaye Diouf, ancien conseiller sp\u00e9cial \u00e0 la pr\u00e9sidence de la R\u00e9publique. D&rsquo;autres, par contre, ont \u00e9t\u00e9 plus critiques.<\/span><\/div>\n<div><span style=\"font-size: x-large\">\u00a0<\/span><\/div>\n<div><span style=\"font-size: x-large\">Sur les r\u00e9seaux sociaux, Abdoul Mbaye a fait une nouvelle publication pour faire savoir que ses avis et propositions sont faits de bonne foi. \u00ab\u00a0Je ne suis ni dans la critique ni dans l&rsquo;opposition. Je ne l&rsquo;\u00e9tais pas contre la coalition en place avant sa victoire du 24 mars, je ne commencerai pas aujourd&rsquo;hui au moment o\u00f9 la non-continuit\u00e9 que nous avons souhait\u00e9e a besoin de soutien. Mais je reste libre de donner des avis et des conseils. Ils peuvent \u00eatre suivis, critiqu\u00e9s, rejet\u00e9s. Mais ils seront toujours guid\u00e9s par mon souci de v\u00e9rit\u00e9 et de constance, par des pr\u00e9occupations citoyennes plut\u00f4t que politiciennes\u00a0\u00bb, explique l&rsquo;ancien Premier ministre sous Macky Sall.<\/span><\/div>\n<div><\/div>\n<div class=\"publi-apres-le-contenu\" style=\"margin-top: 10px;margin-bottom: 10px;margin-left: auto;margin-right: auto;text-align: center;\" id=\"publi-1067212242\"><div class=\"publi-adlabel\">Publicit\u00e9<\/div><script async src=\"\/\/pagead2.googlesyndication.com\/pagead\/js\/adsbygoogle.js?client=ca-pub-4089586018074219\" crossorigin=\"anonymous\"><\/script><ins class=\"adsbygoogle\" style=\"display:block;\" data-ad-client=\"ca-pub-4089586018074219\" \ndata-ad-slot=\"2087940154\" \ndata-ad-format=\"auto\"><\/ins>\n<script> \n(adsbygoogle = window.adsbygoogle || []).push({}); \n<\/script>\n<\/div>","protected":false},"excerpt":{"rendered":"<p>Pour r\u00e9duire le train de vie de l&rsquo;\u00c9tat, l&rsquo;ancien Premier ministre, Abdoul Mbaye, a propos\u00e9 la vente de l&rsquo;avion pr\u00e9sidentiel. D&rsquo;apr\u00e8s l&rsquo;ex-premier Ministre, \u00ab\u00a0Le S\u00e9n\u00e9gal vit au-dessus de ses moyens, sous le couvert de faux taux de croissance donnant lieu \u00e0 des budgets tout aussi irr\u00e9alistes (\u2026) L&rsquo;une des solutions est de r\u00e9duire dans l&rsquo;urgence le train de vie de l&rsquo;\u00c9tat par des mesures concr\u00e8tes et parfois symboliques. La vente de l\u2019avion pr\u00e9sidentiel en est une pour cr\u00e9er de la recette et \u00e9conomiser un \u00e9norme budget de fonctionnement\u00a0\u00bb, a-t-il dit dans un post sur sa page facebook. En effet, plusieurs personnes ont rejet\u00e9 cette proposition, dont Mbaye Diouf, ancien conseiller sp\u00e9cial \u00e0 la pr\u00e9sidence de la R\u00e9publique. D&rsquo;autres, par contre, ont \u00e9t\u00e9 plus critiques. \u00a0 Sur les r\u00e9seaux sociaux, Abdoul Mbaye a fait une nouvelle publication pour faire savoir que ses avis et propositions sont faits de bonne foi. \u00ab\u00a0Je ne suis ni dans la critique ni dans l&rsquo;opposition. Je ne l&rsquo;\u00e9tais pas contre la coalition en place avant sa victoire du 24 mars, je ne commencerai pas aujourd&rsquo;hui au moment o\u00f9 la non-continuit\u00e9 que nous avons souhait\u00e9e a besoin de soutien. Mais je reste libre de donner des avis et des conseils. Ils peuvent \u00eatre suivis, critiqu\u00e9s, rejet\u00e9s. Mais ils seront toujours guid\u00e9s par mon souci de v\u00e9rit\u00e9 et de constance, par des pr\u00e9occupations citoyennes plut\u00f4t que politiciennes\u00a0\u00bb, explique l&rsquo;ancien Premier ministre sous Macky Sall.<\/p>\n","protected":false},"author":13,"featured_media":31945,"comment_status":"open","ping_status":"open","sticky":false,"template":"","format":"standard","meta":{"_jetpack_memberships_contains_paid_content":false,"footnotes":""},"categories":[375],"tags":[2881,5507,5508,766,1168],"class_list":["post-31944","post","type-post","status-publish","format-standard","has-post-thumbnail","hentry","category-actualites","tag-abdoul-mbaye","tag-avion","tag-presidentiel","tag-senegal","tag-vente","entry","has-media","owp-thumbs-layout-horizontal","owp-btn-normal","owp-tabs-layout-horizontal","has-no-thumbnails","has-product-nav"],"yoast_head":"<!-- This site is optimized with the Yoast SEO plugin v25.5 - https:\/\/yoast.com\/wordpress\/plugins\/seo\/ -->\n<title>la vente de l&#039;avion Pr\u00e9sidentiel : Abdoul Mbaye insiste - LE PUBLIC<\/title>\n<meta name=\"description\" content=\"Pour r\u00e9duire le train de vie de l&#039;\u00c9tat, l&#039;ancien Premier ministre, Abdoul Mbaye, a propos\u00e9 la vente de l&#039;avion pr\u00e9sidentiel.\" \/>\n<meta name=\"robots\" content=\"index, follow, max-snippet:-1, max-image-preview:large, max-video-preview:-1\" \/>\n<link rel=\"canonical\" href=\"https:\/\/www.public.sn\/index.php\/2024\/04\/23\/31922\/\" \/>\n<meta property=\"og:locale\" content=\"fr_FR\" \/>\n<meta property=\"og:type\" content=\"article\" \/>\n<meta property=\"og:title\" content=\"la vente de l&#039;avion Pr\u00e9sidentiel : Abdoul Mbaye insiste - LE PUBLIC\" \/>\n<meta property=\"og:description\" content=\"Pour r\u00e9duire le train de vie de l&#039;\u00c9tat, l&#039;ancien Premier ministre, Abdoul Mbaye, a propos\u00e9 la vente de l&#039;avion pr\u00e9sidentiel.\" \/>\n<meta property=\"og:url\" content=\"https:\/\/www.public.sn\/index.php\/2024\/04\/23\/31922\/\" \/>\n<meta property=\"og:site_name\" content=\"LE PUBLIC\" \/>\n<meta property=\"article:published_time\" content=\"2024-04-23T15:02:39+00:00\" \/>\n<meta property=\"og:image\" content=\"https:\/\/www.public.sn\/wp-content\/uploads\/2024\/04\/Abdoul-Mbaye.jpeg\" \/>\n\t<meta property=\"og:image:width\" content=\"1280\" \/>\n\t<meta property=\"og:image:height\" content=\"960\" \/>\n\t<meta property=\"og:image:type\" content=\"image\/jpeg\" \/>\n<meta name=\"author\" content=\"Abdou SARR\" \/>\n<meta name=\"twitter:card\" content=\"summary_large_image\" \/>\n<meta name=\"twitter:label1\" content=\"\u00c9crit par\" \/>\n\t<meta name=\"twitter:data1\" content=\"Abdou SARR\" \/>\n\t<meta name=\"twitter:label2\" content=\"Dur\u00e9e de lecture estim\u00e9e\" \/>\n\t<meta name=\"twitter:data2\" content=\"2 minutes\" \/>\n<script type=\"application\/ld+json\" class=\"yoast-schema-graph\">{\"@context\":\"https:\/\/schema.org\",\"@graph\":[{\"@type\":\"Article\",\"@id\":\"https:\/\/www.public.sn\/index.php\/2024\/04\/23\/31922\/#article\",\"isPartOf\":{\"@id\":\"https:\/\/www.public.sn\/index.php\/2024\/04\/23\/31922\/\"},\"author\":{\"name\":\"Abdou SARR\",\"@id\":\"https:\/\/www.public.sn\/#\/schema\/person\/8fc5465b19f9ea9cf2212d8ca13397e3\"},\"headline\":\"la vente de l&rsquo;avion Pr\u00e9sidentiel : Abdoul Mbaye insiste\",\"datePublished\":\"2024-04-23T15:02:39+00:00\",\"mainEntityOfPage\":{\"@id\":\"https:\/\/www.public.sn\/index.php\/2024\/04\/23\/31922\/\"},\"wordCount\":265,\"commentCount\":0,\"publisher\":{\"@id\":\"https:\/\/www.public.sn\/#organization\"},\"image\":{\"@id\":\"https:\/\/www.public.sn\/index.php\/2024\/04\/23\/31922\/#primaryimage\"},\"thumbnailUrl\":\"https:\/\/www.public.sn\/wp-content\/uploads\/2024\/04\/Abdoul-Mbaye.jpeg\",\"keywords\":[\"abdoul mbaye\",\"avion\",\"pr\u00e9sidentiel\",\"S\u00e9n\u00e9gal\",\"Vente\"],\"articleSection\":[\"ACTUALIT\u00c9S\"],\"inLanguage\":\"fr-FR\",\"potentialAction\":[{\"@type\":\"CommentAction\",\"name\":\"Comment\",\"target\":[\"https:\/\/www.public.sn\/index.php\/2024\/04\/23\/31922\/#respond\"]}]},{\"@type\":\"WebPage\",\"@id\":\"https:\/\/www.public.sn\/index.php\/2024\/04\/23\/31922\/\",\"url\":\"https:\/\/www.public.sn\/index.php\/2024\/04\/23\/31922\/\",\"name\":\"la vente de l'avion Pr\u00e9sidentiel : Abdoul Mbaye insiste - LE PUBLIC\",\"isPartOf\":{\"@id\":\"https:\/\/www.public.sn\/#website\"},\"primaryImageOfPage\":{\"@id\":\"https:\/\/www.public.sn\/index.php\/2024\/04\/23\/31922\/#primaryimage\"},\"image\":{\"@id\":\"https:\/\/www.public.sn\/index.php\/2024\/04\/23\/31922\/#primaryimage\"},\"thumbnailUrl\":\"https:\/\/www.public.sn\/wp-content\/uploads\/2024\/04\/Abdoul-Mbaye.jpeg\",\"datePublished\":\"2024-04-23T15:02:39+00:00\",\"description\":\"Pour r\u00e9duire le train de vie de l'\u00c9tat, l'ancien Premier ministre, Abdoul Mbaye, a propos\u00e9 la vente de l'avion pr\u00e9sidentiel.\",\"breadcrumb\":{\"@id\":\"https:\/\/www.public.sn\/index.php\/2024\/04\/23\/31922\/#breadcrumb\"},\"inLanguage\":\"fr-FR\",\"potentialAction\":[{\"@type\":\"ReadAction\",\"target\":[\"https:\/\/www.public.sn\/index.php\/2024\/04\/23\/31922\/\"]}]},{\"@type\":\"ImageObject\",\"inLanguage\":\"fr-FR\",\"@id\":\"https:\/\/www.public.sn\/index.php\/2024\/04\/23\/31922\/#primaryimage\",\"url\":\"https:\/\/www.public.sn\/wp-content\/uploads\/2024\/04\/Abdoul-Mbaye.jpeg\",\"contentUrl\":\"https:\/\/www.public.sn\/wp-content\/uploads\/2024\/04\/Abdoul-Mbaye.jpeg\",\"width\":1280,\"height\":960},{\"@type\":\"BreadcrumbList\",\"@id\":\"https:\/\/www.public.sn\/index.php\/2024\/04\/23\/31922\/#breadcrumb\",\"itemListElement\":[{\"@type\":\"ListItem\",\"position\":1,\"name\":\"Accueil\",\"item\":\"https:\/\/www.public.sn\/\"},{\"@type\":\"ListItem\",\"position\":2,\"name\":\"la vente de l&rsquo;avion Pr\u00e9sidentiel : Abdoul Mbaye insiste\"}]},{\"@type\":\"WebSite\",\"@id\":\"https:\/\/www.public.sn\/#website\",\"url\":\"https:\/\/www.public.sn\/\",\"name\":\"LE PUBLIC\",\"description\":\"\",\"publisher\":{\"@id\":\"https:\/\/www.public.sn\/#organization\"},\"potentialAction\":[{\"@type\":\"SearchAction\",\"target\":{\"@type\":\"EntryPoint\",\"urlTemplate\":\"https:\/\/www.public.sn\/?s={search_term_string}\"},\"query-input\":{\"@type\":\"PropertyValueSpecification\",\"valueRequired\":true,\"valueName\":\"search_term_string\"}}],\"inLanguage\":\"fr-FR\"},{\"@type\":\"Organization\",\"@id\":\"https:\/\/www.public.sn\/#organization\",\"name\":\"LE PUBLIC\",\"url\":\"https:\/\/www.public.sn\/\",\"logo\":{\"@type\":\"ImageObject\",\"inLanguage\":\"fr-FR\",\"@id\":\"https:\/\/www.public.sn\/#\/schema\/logo\/image\/\",\"url\":\"https:\/\/www.public.sn\/wp-content\/uploads\/2024\/05\/cropped-LOGO-PUBLIC.SN_.png\",\"contentUrl\":\"https:\/\/www.public.sn\/wp-content\/uploads\/2024\/05\/cropped-LOGO-PUBLIC.SN_.png\",\"width\":682,\"height\":192,\"caption\":\"LE PUBLIC\"},\"image\":{\"@id\":\"https:\/\/www.public.sn\/#\/schema\/logo\/image\/\"}},{\"@type\":\"Person\",\"@id\":\"https:\/\/www.public.sn\/#\/schema\/person\/8fc5465b19f9ea9cf2212d8ca13397e3\",\"name\":\"Abdou SARR\",\"image\":{\"@type\":\"ImageObject\",\"inLanguage\":\"fr-FR\",\"@id\":\"https:\/\/www.public.sn\/#\/schema\/person\/image\/\",\"url\":\"https:\/\/secure.gravatar.com\/avatar\/1d5c1e6773c91217fbf1820ce89547e8b07a0eaffc48d779672f06c28be4b151?s=96&d=mm&r=g\",\"contentUrl\":\"https:\/\/secure.gravatar.com\/avatar\/1d5c1e6773c91217fbf1820ce89547e8b07a0eaffc48d779672f06c28be4b151?s=96&d=mm&r=g\",\"caption\":\"Abdou SARR\"},\"url\":\"https:\/\/www.public.sn\/index.php\/author\/dousarr24\/\"}]}<\/script>\n<!-- \/ Yoast SEO plugin. -->","yoast_head_json":{"title":"la vente de l'avion Pr\u00e9sidentiel : Abdoul Mbaye insiste - LE PUBLIC","description":"Pour r\u00e9duire le train de vie de l'\u00c9tat, l'ancien Premier ministre, Abdoul Mbaye, a propos\u00e9 la vente de l'avion pr\u00e9sidentiel.","robots":{"index":"index","follow":"follow","max-snippet":"max-snippet:-1","max-image-preview":"max-image-preview:large","max-video-preview":"max-video-preview:-1"},"canonical":"https:\/\/www.public.sn\/index.php\/2024\/04\/23\/31922\/","og_locale":"fr_FR","og_type":"article","og_title":"la vente de l'avion Pr\u00e9sidentiel : Abdoul Mbaye insiste - LE PUBLIC","og_description":"Pour r\u00e9duire le train de vie de l'\u00c9tat, l'ancien Premier ministre, Abdoul Mbaye, a propos\u00e9 la vente de l'avion pr\u00e9sidentiel.","og_url":"https:\/\/www.public.sn\/index.php\/2024\/04\/23\/31922\/","og_site_name":"LE PUBLIC","article_published_time":"2024-04-23T15:02:39+00:00","og_image":[{"width":1280,"height":960,"url":"https:\/\/www.public.sn\/wp-content\/uploads\/2024\/04\/Abdoul-Mbaye.jpeg","type":"image\/jpeg"}],"author":"Abdou SARR","twitter_card":"summary_large_image","twitter_misc":{"\u00c9crit par":"Abdou SARR","Dur\u00e9e de lecture estim\u00e9e":"2 minutes"},"schema":{"@context":"https:\/\/schema.org","@graph":[{"@type":"Article","@id":"https:\/\/www.public.sn\/index.php\/2024\/04\/23\/31922\/#article","isPartOf":{"@id":"https:\/\/www.public.sn\/index.php\/2024\/04\/23\/31922\/"},"author":{"name":"Abdou SARR","@id":"https:\/\/www.public.sn\/#\/schema\/person\/8fc5465b19f9ea9cf2212d8ca13397e3"},"headline":"la vente de l&rsquo;avion Pr\u00e9sidentiel : Abdoul Mbaye insiste","datePublished":"2024-04-23T15:02:39+00:00","mainEntityOfPage":{"@id":"https:\/\/www.public.sn\/index.php\/2024\/04\/23\/31922\/"},"wordCount":265,"commentCount":0,"publisher":{"@id":"https:\/\/www.public.sn\/#organization"},"image":{"@id":"https:\/\/www.public.sn\/index.php\/2024\/04\/23\/31922\/#primaryimage"},"thumbnailUrl":"https:\/\/www.public.sn\/wp-content\/uploads\/2024\/04\/Abdoul-Mbaye.jpeg","keywords":["abdoul mbaye","avion","pr\u00e9sidentiel","S\u00e9n\u00e9gal","Vente"],"articleSection":["ACTUALIT\u00c9S"],"inLanguage":"fr-FR","potentialAction":[{"@type":"CommentAction","name":"Comment","target":["https:\/\/www.public.sn\/index.php\/2024\/04\/23\/31922\/#respond"]}]},{"@type":"WebPage","@id":"https:\/\/www.public.sn\/index.php\/2024\/04\/23\/31922\/","url":"https:\/\/www.public.sn\/index.php\/2024\/04\/23\/31922\/","name":"la vente de l'avion Pr\u00e9sidentiel : Abdoul Mbaye insiste - LE PUBLIC","isPartOf":{"@id":"https:\/\/www.public.sn\/#website"},"primaryImageOfPage":{"@id":"https:\/\/www.public.sn\/index.php\/2024\/04\/23\/31922\/#primaryimage"},"image":{"@id":"https:\/\/www.public.sn\/index.php\/2024\/04\/23\/31922\/#primaryimage"},"thumbnailUrl":"https:\/\/www.public.sn\/wp-content\/uploads\/2024\/04\/Abdoul-Mbaye.jpeg","datePublished":"2024-04-23T15:02:39+00:00","description":"Pour r\u00e9duire le train de vie de l'\u00c9tat, l'ancien Premier ministre, Abdoul Mbaye, a propos\u00e9 la vente de l'avion pr\u00e9sidentiel.","breadcrumb":{"@id":"https:\/\/www.public.sn\/index.php\/2024\/04\/23\/31922\/#breadcrumb"},"inLanguage":"fr-FR","potentialAction":[{"@type":"ReadAction","target":["https:\/\/www.public.sn\/index.php\/2024\/04\/23\/31922\/"]}]},{"@type":"ImageObject","inLanguage":"fr-FR","@id":"https:\/\/www.public.sn\/index.php\/2024\/04\/23\/31922\/#primaryimage","url":"https:\/\/www.public.sn\/wp-content\/uploads\/2024\/04\/Abdoul-Mbaye.jpeg","contentUrl":"https:\/\/www.public.sn\/wp-content\/uploads\/2024\/04\/Abdoul-Mbaye.jpeg","width":1280,"height":960},{"@type":"BreadcrumbList","@id":"https:\/\/www.public.sn\/index.php\/2024\/04\/23\/31922\/#breadcrumb","itemListElement":[{"@type":"ListItem","position":1,"name":"Accueil","item":"https:\/\/www.public.sn\/"},{"@type":"ListItem","position":2,"name":"la vente de l&rsquo;avion Pr\u00e9sidentiel : Abdoul Mbaye insiste"}]},{"@type":"WebSite","@id":"https:\/\/www.public.sn\/#website","url":"https:\/\/www.public.sn\/","name":"LE PUBLIC","description":"","publisher":{"@id":"https:\/\/www.public.sn\/#organization"},"potentialAction":[{"@type":"SearchAction","target":{"@type":"EntryPoint","urlTemplate":"https:\/\/www.public.sn\/?s={search_term_string}"},"query-input":{"@type":"PropertyValueSpecification","valueRequired":true,"valueName":"search_term_string"}}],"inLanguage":"fr-FR"},{"@type":"Organization","@id":"https:\/\/www.public.sn\/#organization","name":"LE PUBLIC","url":"https:\/\/www.public.sn\/","logo":{"@type":"ImageObject","inLanguage":"fr-FR","@id":"https:\/\/www.public.sn\/#\/schema\/logo\/image\/","url":"https:\/\/www.public.sn\/wp-content\/uploads\/2024\/05\/cropped-LOGO-PUBLIC.SN_.png","contentUrl":"https:\/\/www.public.sn\/wp-content\/uploads\/2024\/05\/cropped-LOGO-PUBLIC.SN_.png","width":682,"height":192,"caption":"LE PUBLIC"},"image":{"@id":"https:\/\/www.public.sn\/#\/schema\/logo\/image\/"}},{"@type":"Person","@id":"https:\/\/www.public.sn\/#\/schema\/person\/8fc5465b19f9ea9cf2212d8ca13397e3","name":"Abdou SARR","image":{"@type":"ImageObject","inLanguage":"fr-FR","@id":"https:\/\/www.public.sn\/#\/schema\/person\/image\/","url":"https:\/\/secure.gravatar.com\/avatar\/1d5c1e6773c91217fbf1820ce89547e8b07a0eaffc48d779672f06c28be4b151?s=96&d=mm&r=g","contentUrl":"https:\/\/secure.gravatar.com\/avatar\/1d5c1e6773c91217fbf1820ce89547e8b07a0eaffc48d779672f06c28be4b151?s=96&d=mm&r=g","caption":"Abdou SARR"},"url":"https:\/\/www.public.sn\/index.php\/author\/dousarr24\/"}]}},"jetpack_featured_media_url":"https:\/\/www.public.sn\/wp-content\/uploads\/2024\/04\/Abdoul-Mbaye.jpeg","jetpack_sharing_enabled":true,"_links":{"self":[{"href":"https:\/\/www.public.sn\/index.php\/wp-json\/wp\/v2\/posts\/31944","targetHints":{"allow":["GET"]}}],"collection":[{"href":"https:\/\/www.public.sn\/index.php\/wp-json\/wp\/v2\/posts"}],"about":[{"href":"https:\/\/www.public.sn\/index.php\/wp-json\/wp\/v2\/types\/post"}],"author":[{"embeddable":true,"href":"https:\/\/www.public.sn\/index.php\/wp-json\/wp\/v2\/users\/13"}],"replies":[{"embeddable":true,"href":"https:\/\/www.public.sn\/index.php\/wp-json\/wp\/v2\/comments?post=31944"}],"version-history":[{"count":1,"href":"https:\/\/www.public.sn\/index.php\/wp-json\/wp\/v2\/posts\/31944\/revisions"}],"predecessor-version":[{"id":31946,"href":"https:\/\/www.public.sn\/index.php\/wp-json\/wp\/v2\/posts\/31944\/revisions\/31946"}],"wp:featuredmedia":[{"embeddable":true,"href":"https:\/\/www.public.sn\/index.php\/wp-json\/wp\/v2\/media\/31945"}],"wp:attachment":[{"href":"https:\/\/www.public.sn\/index.php\/wp-json\/wp\/v2\/media?parent=31944"}],"wp:term":[{"taxonomy":"category","embeddable":true,"href":"https:\/\/www.public.sn\/index.php\/wp-json\/wp\/v2\/categories?post=31944"},{"taxonomy":"post_tag","embeddable":true,"href":"https:\/\/www.public.sn\/index.php\/wp-json\/wp\/v2\/tags?post=31944"}],"curies":[{"name":"wp","href":"https:\/\/api.w.org\/{rel}","templated":true}]}}