{"id":31956,"date":"2024-04-23T23:15:27","date_gmt":"2024-04-23T23:15:27","guid":{"rendered":"https:\/\/www.public.sn\/?p=31956"},"modified":"2024-04-23T23:15:27","modified_gmt":"2024-04-23T23:15:27","slug":"supposee-motion-de-censure-contre-le-gouvernement-sonko-les-deputes-de-benno-disent-oeuvrer-plutot-pour-la-concertation-et-le-dialogue-interne","status":"publish","type":"post","link":"https:\/\/www.public.sn\/index.php\/2024\/04\/23\/supposee-motion-de-censure-contre-le-gouvernement-sonko-les-deputes-de-benno-disent-oeuvrer-plutot-pour-la-concertation-et-le-dialogue-interne\/","title":{"rendered":"SUPPOS\u00c9E MOTION DE CENSURE CONTRE LE GOUVERNEMENT SONKO: LES D\u00c9PUT\u00c9S DE BENNO DISENT \u0152UVRER PLUT\u00d4T POUR LA CONCERTATION ET LE DIALOGUE INTERNE"},"content":{"rendered":"<p>\u300aMotion de censure\u300b, cette expression devenue monnaie courante ces derniers jours dans le quotidien des s\u00e9n\u00e9galais faiisant \u00e9tat d&rsquo;une probabilit\u00e9 de destitution du gouvernement Sonko 1 sous le magist\u00e8re du Pr\u00e9sident Bassirou par les d\u00e9sormais d\u00e9put\u00e9s de l&rsquo;opposition majoritaires \u00e0 l&rsquo;assembl\u00e9e nationale.<\/p><div class=\"publi-paragraphe1\" style=\"margin-top: 10px;margin-bottom: 10px;margin-left: auto;margin-right: auto;text-align: center;\" id=\"publi-1447217561\"><div class=\"publi-adlabel\">Publicit\u00e9<\/div><script async src=\"\/\/pagead2.googlesyndication.com\/pagead\/js\/adsbygoogle.js?client=ca-pub-4089586018074219\" crossorigin=\"anonymous\"><\/script><ins class=\"adsbygoogle\" style=\"display:block;\" data-ad-client=\"ca-pub-4089586018074219\" \ndata-ad-slot=\"2087940154\" \ndata-ad-format=\"auto\"><\/ins>\n<script> \n(adsbygoogle = window.adsbygoogle || []).push({}); \n<\/script>\n<\/div>\n<p>Toutefois, les parlementaires de Benno Bock Yaakaar semblent \u0153uvrer plut\u00f4t pour la concertation.<\/p>\n<p>Dans un communiqu\u00e9 publi\u00e9 ce Mardi 23 Avril 2024 ils ont d\u00e9clar\u00e9 je cite : \u300a les d\u00e9put\u00e9s de la coalition Benno Book Yaakaar entendent privil\u00e9gier la concertation, le dialogue interne dans le souci d&rsquo;harmoniser leur position sur toutes les questions d&rsquo;int\u00e9r\u00eat national sans compromis ni compromission. \u300bfin de citation.<\/p>\n<blockquote><p>Ce qui laisse croire donc qu&rsquo;une motion de censure pourrait ne pas \u00eatre adopt\u00e9e.<\/p><\/blockquote>\n<p>Wait and see!!!<\/p>\n<p><img fetchpriority=\"high\" decoding=\"async\" class=\"alignnone size-medium wp-image-31957\" src=\"https:\/\/www.public.sn\/wp-content\/uploads\/2024\/04\/FB_IMG_1713912922218-218x300.jpg\" alt=\"\" width=\"218\" height=\"300\" srcset=\"https:\/\/www.public.sn\/wp-content\/uploads\/2024\/04\/FB_IMG_1713912922218-218x300.jpg 218w, https:\/\/www.public.sn\/wp-content\/uploads\/2024\/04\/FB_IMG_1713912922218-600x827.jpg 600w, https:\/\/www.public.sn\/wp-content\/uploads\/2024\/04\/FB_IMG_1713912922218.jpg 720w\" sizes=\"(max-width: 218px) 100vw, 218px\" \/><\/p>\n<p>&nbsp;<\/p>\n<div class=\"publi-apres-le-contenu\" style=\"margin-top: 10px;margin-bottom: 10px;margin-left: auto;margin-right: auto;text-align: center;\" id=\"publi-1520141164\"><div class=\"publi-adlabel\">Publicit\u00e9<\/div><script async src=\"\/\/pagead2.googlesyndication.com\/pagead\/js\/adsbygoogle.js?client=ca-pub-4089586018074219\" crossorigin=\"anonymous\"><\/script><ins class=\"adsbygoogle\" style=\"display:block;\" data-ad-client=\"ca-pub-4089586018074219\" \ndata-ad-slot=\"2087940154\" \ndata-ad-format=\"auto\"><\/ins>\n<script> \n(adsbygoogle = window.adsbygoogle || []).push({}); \n<\/script>\n<\/div>","protected":false},"excerpt":{"rendered":"<p>\u300aMotion de censure\u300b, cette expression devenue monnaie courante ces derniers jours dans le quotidien des s\u00e9n\u00e9galais faiisant \u00e9tat d&rsquo;une probabilit\u00e9 de destitution du gouvernement Sonko 1 sous le magist\u00e8re du Pr\u00e9sident Bassirou par les d\u00e9sormais d\u00e9put\u00e9s de l&rsquo;opposition majoritaires \u00e0 l&rsquo;assembl\u00e9e nationale. Toutefois, les parlementaires de Benno Bock Yaakaar semblent \u0153uvrer plut\u00f4t pour la concertation. Dans un communiqu\u00e9 publi\u00e9 ce Mardi 23 Avril 2024 ils ont d\u00e9clar\u00e9 je cite : \u300a les d\u00e9put\u00e9s de la coalition Benno Book Yaakaar entendent privil\u00e9gier la concertation, le dialogue interne dans le souci d&rsquo;harmoniser leur position sur toutes les questions d&rsquo;int\u00e9r\u00eat national sans compromis ni compromission. \u300bfin de citation. Ce qui laisse croire donc qu&rsquo;une motion de censure pourrait ne pas \u00eatre adopt\u00e9e. Wait and see!!! &nbsp;<\/p>\n","protected":false},"author":12,"featured_media":31958,"comment_status":"open","ping_status":"open","sticky":false,"template":"","format":"standard","meta":{"_jetpack_memberships_contains_paid_content":false,"footnotes":""},"categories":[375,3,8],"tags":[3779,306],"class_list":["post-31956","post","type-post","status-publish","format-standard","has-post-thumbnail","hentry","category-actualites","category-politique","category-public-tv","tag-motion-de-censure","tag-sonko","entry","has-media","owp-thumbs-layout-horizontal","owp-btn-normal","owp-tabs-layout-horizontal","has-no-thumbnails","has-product-nav"],"yoast_head":"<!-- This site is optimized with the Yoast SEO plugin v25.5 - https:\/\/yoast.com\/wordpress\/plugins\/seo\/ -->\n<title>SUPPOS\u00c9E MOTION DE CENSURE CONTRE LE GOUVERNEMENT SONKO: LES D\u00c9PUT\u00c9S DE BENNO DISENT \u0152UVRER PLUT\u00d4T POUR LA CONCERTATION ET LE DIALOGUE INTERNE - LE PUBLIC<\/title>\n<meta name=\"robots\" content=\"index, follow, max-snippet:-1, max-image-preview:large, max-video-preview:-1\" \/>\n<link rel=\"canonical\" href=\"https:\/\/www.public.sn\/index.php\/2024\/04\/23\/supposee-motion-de-censure-contre-le-gouvernement-sonko-les-deputes-de-benno-disent-oeuvrer-plutot-pour-la-concertation-et-le-dialogue-interne\/\" \/>\n<meta property=\"og:locale\" content=\"fr_FR\" \/>\n<meta property=\"og:type\" content=\"article\" \/>\n<meta property=\"og:title\" content=\"SUPPOS\u00c9E MOTION DE CENSURE CONTRE LE GOUVERNEMENT SONKO: LES D\u00c9PUT\u00c9S DE BENNO DISENT \u0152UVRER PLUT\u00d4T POUR LA CONCERTATION ET LE DIALOGUE INTERNE - LE PUBLIC\" \/>\n<meta property=\"og:description\" content=\"\u300aMotion de censure\u300b, cette expression devenue monnaie courante ces derniers jours dans le quotidien des s\u00e9n\u00e9galais faiisant \u00e9tat d&rsquo;une probabilit\u00e9 de destitution du gouvernement Sonko 1 sous le magist\u00e8re du Pr\u00e9sident Bassirou par les d\u00e9sormais d\u00e9put\u00e9s de l&rsquo;opposition majoritaires \u00e0 l&rsquo;assembl\u00e9e nationale. Toutefois, les parlementaires de Benno Bock Yaakaar semblent \u0153uvrer plut\u00f4t pour la concertation. Dans un communiqu\u00e9 publi\u00e9 ce Mardi 23 Avril 2024 ils ont d\u00e9clar\u00e9 je cite : \u300a les d\u00e9put\u00e9s de la coalition Benno Book Yaakaar entendent privil\u00e9gier la concertation, le dialogue interne dans le souci d&rsquo;harmoniser leur position sur toutes les questions d&rsquo;int\u00e9r\u00eat national sans compromis ni compromission. \u300bfin de citation. Ce qui laisse croire donc qu&rsquo;une motion de censure pourrait ne pas \u00eatre adopt\u00e9e. Wait and see!!! &nbsp;\" \/>\n<meta property=\"og:url\" content=\"https:\/\/www.public.sn\/index.php\/2024\/04\/23\/supposee-motion-de-censure-contre-le-gouvernement-sonko-les-deputes-de-benno-disent-oeuvrer-plutot-pour-la-concertation-et-le-dialogue-interne\/\" \/>\n<meta property=\"og:site_name\" content=\"LE PUBLIC\" \/>\n<meta property=\"article:published_time\" content=\"2024-04-23T23:15:27+00:00\" \/>\n<meta property=\"og:image\" content=\"https:\/\/www.public.sn\/wp-content\/uploads\/2024\/04\/FB_IMG_1713913372799.jpg\" \/>\n\t<meta property=\"og:image:width\" content=\"720\" \/>\n\t<meta property=\"og:image:height\" content=\"485\" \/>\n\t<meta property=\"og:image:type\" content=\"image\/jpeg\" \/>\n<meta name=\"author\" content=\"Man\u00e9 Ba\" \/>\n<meta name=\"twitter:card\" content=\"summary_large_image\" \/>\n<meta name=\"twitter:label1\" content=\"\u00c9crit par\" \/>\n\t<meta name=\"twitter:data1\" content=\"Man\u00e9 Ba\" \/>\n\t<meta name=\"twitter:label2\" content=\"Dur\u00e9e de lecture estim\u00e9e\" \/>\n\t<meta name=\"twitter:data2\" content=\"1 minute\" \/>\n<script type=\"application\/ld+json\" class=\"yoast-schema-graph\">{\"@context\":\"https:\/\/schema.org\",\"@graph\":[{\"@type\":\"Article\",\"@id\":\"https:\/\/www.public.sn\/index.php\/2024\/04\/23\/supposee-motion-de-censure-contre-le-gouvernement-sonko-les-deputes-de-benno-disent-oeuvrer-plutot-pour-la-concertation-et-le-dialogue-interne\/#article\",\"isPartOf\":{\"@id\":\"https:\/\/www.public.sn\/index.php\/2024\/04\/23\/supposee-motion-de-censure-contre-le-gouvernement-sonko-les-deputes-de-benno-disent-oeuvrer-plutot-pour-la-concertation-et-le-dialogue-interne\/\"},\"author\":{\"name\":\"Man\u00e9 Ba\",\"@id\":\"https:\/\/www.public.sn\/#\/schema\/person\/0cb769602dc17ecb89fd54a2197a221a\"},\"headline\":\"SUPPOS\u00c9E MOTION DE CENSURE CONTRE LE GOUVERNEMENT SONKO: LES D\u00c9PUT\u00c9S DE BENNO DISENT \u0152UVRER PLUT\u00d4T POUR LA CONCERTATION ET LE DIALOGUE INTERNE\",\"datePublished\":\"2024-04-23T23:15:27+00:00\",\"mainEntityOfPage\":{\"@id\":\"https:\/\/www.public.sn\/index.php\/2024\/04\/23\/supposee-motion-de-censure-contre-le-gouvernement-sonko-les-deputes-de-benno-disent-oeuvrer-plutot-pour-la-concertation-et-le-dialogue-interne\/\"},\"wordCount\":159,\"commentCount\":0,\"publisher\":{\"@id\":\"https:\/\/www.public.sn\/#organization\"},\"image\":{\"@id\":\"https:\/\/www.public.sn\/index.php\/2024\/04\/23\/supposee-motion-de-censure-contre-le-gouvernement-sonko-les-deputes-de-benno-disent-oeuvrer-plutot-pour-la-concertation-et-le-dialogue-interne\/#primaryimage\"},\"thumbnailUrl\":\"https:\/\/www.public.sn\/wp-content\/uploads\/2024\/04\/FB_IMG_1713913372799.jpg\",\"keywords\":[\"motion de censure\",\"sonko\"],\"articleSection\":[\"ACTUALIT\u00c9S\",\"POLITIQUE\",\"PUBLIC TV\"],\"inLanguage\":\"fr-FR\",\"potentialAction\":[{\"@type\":\"CommentAction\",\"name\":\"Comment\",\"target\":[\"https:\/\/www.public.sn\/index.php\/2024\/04\/23\/supposee-motion-de-censure-contre-le-gouvernement-sonko-les-deputes-de-benno-disent-oeuvrer-plutot-pour-la-concertation-et-le-dialogue-interne\/#respond\"]}]},{\"@type\":\"WebPage\",\"@id\":\"https:\/\/www.public.sn\/index.php\/2024\/04\/23\/supposee-motion-de-censure-contre-le-gouvernement-sonko-les-deputes-de-benno-disent-oeuvrer-plutot-pour-la-concertation-et-le-dialogue-interne\/\",\"url\":\"https:\/\/www.public.sn\/index.php\/2024\/04\/23\/supposee-motion-de-censure-contre-le-gouvernement-sonko-les-deputes-de-benno-disent-oeuvrer-plutot-pour-la-concertation-et-le-dialogue-interne\/\",\"name\":\"SUPPOS\u00c9E MOTION DE CENSURE CONTRE LE GOUVERNEMENT SONKO: LES D\u00c9PUT\u00c9S DE BENNO DISENT \u0152UVRER PLUT\u00d4T POUR LA CONCERTATION ET LE DIALOGUE INTERNE - LE PUBLIC\",\"isPartOf\":{\"@id\":\"https:\/\/www.public.sn\/#website\"},\"primaryImageOfPage\":{\"@id\":\"https:\/\/www.public.sn\/index.php\/2024\/04\/23\/supposee-motion-de-censure-contre-le-gouvernement-sonko-les-deputes-de-benno-disent-oeuvrer-plutot-pour-la-concertation-et-le-dialogue-interne\/#primaryimage\"},\"image\":{\"@id\":\"https:\/\/www.public.sn\/index.php\/2024\/04\/23\/supposee-motion-de-censure-contre-le-gouvernement-sonko-les-deputes-de-benno-disent-oeuvrer-plutot-pour-la-concertation-et-le-dialogue-interne\/#primaryimage\"},\"thumbnailUrl\":\"https:\/\/www.public.sn\/wp-content\/uploads\/2024\/04\/FB_IMG_1713913372799.jpg\",\"datePublished\":\"2024-04-23T23:15:27+00:00\",\"breadcrumb\":{\"@id\":\"https:\/\/www.public.sn\/index.php\/2024\/04\/23\/supposee-motion-de-censure-contre-le-gouvernement-sonko-les-deputes-de-benno-disent-oeuvrer-plutot-pour-la-concertation-et-le-dialogue-interne\/#breadcrumb\"},\"inLanguage\":\"fr-FR\",\"potentialAction\":[{\"@type\":\"ReadAction\",\"target\":[\"https:\/\/www.public.sn\/index.php\/2024\/04\/23\/supposee-motion-de-censure-contre-le-gouvernement-sonko-les-deputes-de-benno-disent-oeuvrer-plutot-pour-la-concertation-et-le-dialogue-interne\/\"]}]},{\"@type\":\"ImageObject\",\"inLanguage\":\"fr-FR\",\"@id\":\"https:\/\/www.public.sn\/index.php\/2024\/04\/23\/supposee-motion-de-censure-contre-le-gouvernement-sonko-les-deputes-de-benno-disent-oeuvrer-plutot-pour-la-concertation-et-le-dialogue-interne\/#primaryimage\",\"url\":\"https:\/\/www.public.sn\/wp-content\/uploads\/2024\/04\/FB_IMG_1713913372799.jpg\",\"contentUrl\":\"https:\/\/www.public.sn\/wp-content\/uploads\/2024\/04\/FB_IMG_1713913372799.jpg\",\"width\":720,\"height\":485},{\"@type\":\"BreadcrumbList\",\"@id\":\"https:\/\/www.public.sn\/index.php\/2024\/04\/23\/supposee-motion-de-censure-contre-le-gouvernement-sonko-les-deputes-de-benno-disent-oeuvrer-plutot-pour-la-concertation-et-le-dialogue-interne\/#breadcrumb\",\"itemListElement\":[{\"@type\":\"ListItem\",\"position\":1,\"name\":\"Accueil\",\"item\":\"https:\/\/www.public.sn\/\"},{\"@type\":\"ListItem\",\"position\":2,\"name\":\"SUPPOS\u00c9E MOTION DE CENSURE CONTRE LE GOUVERNEMENT SONKO: LES D\u00c9PUT\u00c9S DE BENNO DISENT \u0152UVRER PLUT\u00d4T POUR LA CONCERTATION ET LE DIALOGUE INTERNE\"}]},{\"@type\":\"WebSite\",\"@id\":\"https:\/\/www.public.sn\/#website\",\"url\":\"https:\/\/www.public.sn\/\",\"name\":\"LE PUBLIC\",\"description\":\"\",\"publisher\":{\"@id\":\"https:\/\/www.public.sn\/#organization\"},\"potentialAction\":[{\"@type\":\"SearchAction\",\"target\":{\"@type\":\"EntryPoint\",\"urlTemplate\":\"https:\/\/www.public.sn\/?s={search_term_string}\"},\"query-input\":{\"@type\":\"PropertyValueSpecification\",\"valueRequired\":true,\"valueName\":\"search_term_string\"}}],\"inLanguage\":\"fr-FR\"},{\"@type\":\"Organization\",\"@id\":\"https:\/\/www.public.sn\/#organization\",\"name\":\"LE PUBLIC\",\"url\":\"https:\/\/www.public.sn\/\",\"logo\":{\"@type\":\"ImageObject\",\"inLanguage\":\"fr-FR\",\"@id\":\"https:\/\/www.public.sn\/#\/schema\/logo\/image\/\",\"url\":\"https:\/\/www.public.sn\/wp-content\/uploads\/2024\/05\/cropped-LOGO-PUBLIC.SN_.png\",\"contentUrl\":\"https:\/\/www.public.sn\/wp-content\/uploads\/2024\/05\/cropped-LOGO-PUBLIC.SN_.png\",\"width\":682,\"height\":192,\"caption\":\"LE PUBLIC\"},\"image\":{\"@id\":\"https:\/\/www.public.sn\/#\/schema\/logo\/image\/\"}},{\"@type\":\"Person\",\"@id\":\"https:\/\/www.public.sn\/#\/schema\/person\/0cb769602dc17ecb89fd54a2197a221a\",\"name\":\"Man\u00e9 Ba\",\"image\":{\"@type\":\"ImageObject\",\"inLanguage\":\"fr-FR\",\"@id\":\"https:\/\/www.public.sn\/#\/schema\/person\/image\/\",\"url\":\"https:\/\/secure.gravatar.com\/avatar\/b31a37f6b2529b7e9303b5aacf26777a86815e524f04961246da8183f5e2535a?s=96&d=mm&r=g\",\"contentUrl\":\"https:\/\/secure.gravatar.com\/avatar\/b31a37f6b2529b7e9303b5aacf26777a86815e524f04961246da8183f5e2535a?s=96&d=mm&r=g\",\"caption\":\"Man\u00e9 Ba\"},\"url\":\"https:\/\/www.public.sn\/index.php\/author\/bamanesen\/\"}]}<\/script>\n<!-- \/ Yoast SEO plugin. -->","yoast_head_json":{"title":"SUPPOS\u00c9E MOTION DE CENSURE CONTRE LE GOUVERNEMENT SONKO: LES D\u00c9PUT\u00c9S DE BENNO DISENT \u0152UVRER PLUT\u00d4T POUR LA CONCERTATION ET LE DIALOGUE INTERNE - LE PUBLIC","robots":{"index":"index","follow":"follow","max-snippet":"max-snippet:-1","max-image-preview":"max-image-preview:large","max-video-preview":"max-video-preview:-1"},"canonical":"https:\/\/www.public.sn\/index.php\/2024\/04\/23\/supposee-motion-de-censure-contre-le-gouvernement-sonko-les-deputes-de-benno-disent-oeuvrer-plutot-pour-la-concertation-et-le-dialogue-interne\/","og_locale":"fr_FR","og_type":"article","og_title":"SUPPOS\u00c9E MOTION DE CENSURE CONTRE LE GOUVERNEMENT SONKO: LES D\u00c9PUT\u00c9S DE BENNO DISENT \u0152UVRER PLUT\u00d4T POUR LA CONCERTATION ET LE DIALOGUE INTERNE - LE PUBLIC","og_description":"\u300aMotion de censure\u300b, cette expression devenue monnaie courante ces derniers jours dans le quotidien des s\u00e9n\u00e9galais faiisant \u00e9tat d&rsquo;une probabilit\u00e9 de destitution du gouvernement Sonko 1 sous le magist\u00e8re du Pr\u00e9sident Bassirou par les d\u00e9sormais d\u00e9put\u00e9s de l&rsquo;opposition majoritaires \u00e0 l&rsquo;assembl\u00e9e nationale. Toutefois, les parlementaires de Benno Bock Yaakaar semblent \u0153uvrer plut\u00f4t pour la concertation. Dans un communiqu\u00e9 publi\u00e9 ce Mardi 23 Avril 2024 ils ont d\u00e9clar\u00e9 je cite : \u300a les d\u00e9put\u00e9s de la coalition Benno Book Yaakaar entendent privil\u00e9gier la concertation, le dialogue interne dans le souci d&rsquo;harmoniser leur position sur toutes les questions d&rsquo;int\u00e9r\u00eat national sans compromis ni compromission. \u300bfin de citation. Ce qui laisse croire donc qu&rsquo;une motion de censure pourrait ne pas \u00eatre adopt\u00e9e. Wait and see!!! &nbsp;","og_url":"https:\/\/www.public.sn\/index.php\/2024\/04\/23\/supposee-motion-de-censure-contre-le-gouvernement-sonko-les-deputes-de-benno-disent-oeuvrer-plutot-pour-la-concertation-et-le-dialogue-interne\/","og_site_name":"LE PUBLIC","article_published_time":"2024-04-23T23:15:27+00:00","og_image":[{"width":720,"height":485,"url":"https:\/\/www.public.sn\/wp-content\/uploads\/2024\/04\/FB_IMG_1713913372799.jpg","type":"image\/jpeg"}],"author":"Man\u00e9 Ba","twitter_card":"summary_large_image","twitter_misc":{"\u00c9crit par":"Man\u00e9 Ba","Dur\u00e9e de lecture estim\u00e9e":"1 minute"},"schema":{"@context":"https:\/\/schema.org","@graph":[{"@type":"Article","@id":"https:\/\/www.public.sn\/index.php\/2024\/04\/23\/supposee-motion-de-censure-contre-le-gouvernement-sonko-les-deputes-de-benno-disent-oeuvrer-plutot-pour-la-concertation-et-le-dialogue-interne\/#article","isPartOf":{"@id":"https:\/\/www.public.sn\/index.php\/2024\/04\/23\/supposee-motion-de-censure-contre-le-gouvernement-sonko-les-deputes-de-benno-disent-oeuvrer-plutot-pour-la-concertation-et-le-dialogue-interne\/"},"author":{"name":"Man\u00e9 Ba","@id":"https:\/\/www.public.sn\/#\/schema\/person\/0cb769602dc17ecb89fd54a2197a221a"},"headline":"SUPPOS\u00c9E MOTION DE CENSURE CONTRE LE GOUVERNEMENT SONKO: LES D\u00c9PUT\u00c9S DE BENNO DISENT \u0152UVRER PLUT\u00d4T POUR LA CONCERTATION ET LE DIALOGUE INTERNE","datePublished":"2024-04-23T23:15:27+00:00","mainEntityOfPage":{"@id":"https:\/\/www.public.sn\/index.php\/2024\/04\/23\/supposee-motion-de-censure-contre-le-gouvernement-sonko-les-deputes-de-benno-disent-oeuvrer-plutot-pour-la-concertation-et-le-dialogue-interne\/"},"wordCount":159,"commentCount":0,"publisher":{"@id":"https:\/\/www.public.sn\/#organization"},"image":{"@id":"https:\/\/www.public.sn\/index.php\/2024\/04\/23\/supposee-motion-de-censure-contre-le-gouvernement-sonko-les-deputes-de-benno-disent-oeuvrer-plutot-pour-la-concertation-et-le-dialogue-interne\/#primaryimage"},"thumbnailUrl":"https:\/\/www.public.sn\/wp-content\/uploads\/2024\/04\/FB_IMG_1713913372799.jpg","keywords":["motion de censure","sonko"],"articleSection":["ACTUALIT\u00c9S","POLITIQUE","PUBLIC TV"],"inLanguage":"fr-FR","potentialAction":[{"@type":"CommentAction","name":"Comment","target":["https:\/\/www.public.sn\/index.php\/2024\/04\/23\/supposee-motion-de-censure-contre-le-gouvernement-sonko-les-deputes-de-benno-disent-oeuvrer-plutot-pour-la-concertation-et-le-dialogue-interne\/#respond"]}]},{"@type":"WebPage","@id":"https:\/\/www.public.sn\/index.php\/2024\/04\/23\/supposee-motion-de-censure-contre-le-gouvernement-sonko-les-deputes-de-benno-disent-oeuvrer-plutot-pour-la-concertation-et-le-dialogue-interne\/","url":"https:\/\/www.public.sn\/index.php\/2024\/04\/23\/supposee-motion-de-censure-contre-le-gouvernement-sonko-les-deputes-de-benno-disent-oeuvrer-plutot-pour-la-concertation-et-le-dialogue-interne\/","name":"SUPPOS\u00c9E MOTION DE CENSURE CONTRE LE GOUVERNEMENT SONKO: LES D\u00c9PUT\u00c9S DE BENNO DISENT \u0152UVRER PLUT\u00d4T POUR LA CONCERTATION ET LE DIALOGUE INTERNE - LE PUBLIC","isPartOf":{"@id":"https:\/\/www.public.sn\/#website"},"primaryImageOfPage":{"@id":"https:\/\/www.public.sn\/index.php\/2024\/04\/23\/supposee-motion-de-censure-contre-le-gouvernement-sonko-les-deputes-de-benno-disent-oeuvrer-plutot-pour-la-concertation-et-le-dialogue-interne\/#primaryimage"},"image":{"@id":"https:\/\/www.public.sn\/index.php\/2024\/04\/23\/supposee-motion-de-censure-contre-le-gouvernement-sonko-les-deputes-de-benno-disent-oeuvrer-plutot-pour-la-concertation-et-le-dialogue-interne\/#primaryimage"},"thumbnailUrl":"https:\/\/www.public.sn\/wp-content\/uploads\/2024\/04\/FB_IMG_1713913372799.jpg","datePublished":"2024-04-23T23:15:27+00:00","breadcrumb":{"@id":"https:\/\/www.public.sn\/index.php\/2024\/04\/23\/supposee-motion-de-censure-contre-le-gouvernement-sonko-les-deputes-de-benno-disent-oeuvrer-plutot-pour-la-concertation-et-le-dialogue-interne\/#breadcrumb"},"inLanguage":"fr-FR","potentialAction":[{"@type":"ReadAction","target":["https:\/\/www.public.sn\/index.php\/2024\/04\/23\/supposee-motion-de-censure-contre-le-gouvernement-sonko-les-deputes-de-benno-disent-oeuvrer-plutot-pour-la-concertation-et-le-dialogue-interne\/"]}]},{"@type":"ImageObject","inLanguage":"fr-FR","@id":"https:\/\/www.public.sn\/index.php\/2024\/04\/23\/supposee-motion-de-censure-contre-le-gouvernement-sonko-les-deputes-de-benno-disent-oeuvrer-plutot-pour-la-concertation-et-le-dialogue-interne\/#primaryimage","url":"https:\/\/www.public.sn\/wp-content\/uploads\/2024\/04\/FB_IMG_1713913372799.jpg","contentUrl":"https:\/\/www.public.sn\/wp-content\/uploads\/2024\/04\/FB_IMG_1713913372799.jpg","width":720,"height":485},{"@type":"BreadcrumbList","@id":"https:\/\/www.public.sn\/index.php\/2024\/04\/23\/supposee-motion-de-censure-contre-le-gouvernement-sonko-les-deputes-de-benno-disent-oeuvrer-plutot-pour-la-concertation-et-le-dialogue-interne\/#breadcrumb","itemListElement":[{"@type":"ListItem","position":1,"name":"Accueil","item":"https:\/\/www.public.sn\/"},{"@type":"ListItem","position":2,"name":"SUPPOS\u00c9E MOTION DE CENSURE CONTRE LE GOUVERNEMENT SONKO: LES D\u00c9PUT\u00c9S DE BENNO DISENT \u0152UVRER PLUT\u00d4T POUR LA CONCERTATION ET LE DIALOGUE INTERNE"}]},{"@type":"WebSite","@id":"https:\/\/www.public.sn\/#website","url":"https:\/\/www.public.sn\/","name":"LE PUBLIC","description":"","publisher":{"@id":"https:\/\/www.public.sn\/#organization"},"potentialAction":[{"@type":"SearchAction","target":{"@type":"EntryPoint","urlTemplate":"https:\/\/www.public.sn\/?s={search_term_string}"},"query-input":{"@type":"PropertyValueSpecification","valueRequired":true,"valueName":"search_term_string"}}],"inLanguage":"fr-FR"},{"@type":"Organization","@id":"https:\/\/www.public.sn\/#organization","name":"LE PUBLIC","url":"https:\/\/www.public.sn\/","logo":{"@type":"ImageObject","inLanguage":"fr-FR","@id":"https:\/\/www.public.sn\/#\/schema\/logo\/image\/","url":"https:\/\/www.public.sn\/wp-content\/uploads\/2024\/05\/cropped-LOGO-PUBLIC.SN_.png","contentUrl":"https:\/\/www.public.sn\/wp-content\/uploads\/2024\/05\/cropped-LOGO-PUBLIC.SN_.png","width":682,"height":192,"caption":"LE PUBLIC"},"image":{"@id":"https:\/\/www.public.sn\/#\/schema\/logo\/image\/"}},{"@type":"Person","@id":"https:\/\/www.public.sn\/#\/schema\/person\/0cb769602dc17ecb89fd54a2197a221a","name":"Man\u00e9 Ba","image":{"@type":"ImageObject","inLanguage":"fr-FR","@id":"https:\/\/www.public.sn\/#\/schema\/person\/image\/","url":"https:\/\/secure.gravatar.com\/avatar\/b31a37f6b2529b7e9303b5aacf26777a86815e524f04961246da8183f5e2535a?s=96&d=mm&r=g","contentUrl":"https:\/\/secure.gravatar.com\/avatar\/b31a37f6b2529b7e9303b5aacf26777a86815e524f04961246da8183f5e2535a?s=96&d=mm&r=g","caption":"Man\u00e9 Ba"},"url":"https:\/\/www.public.sn\/index.php\/author\/bamanesen\/"}]}},"jetpack_featured_media_url":"https:\/\/www.public.sn\/wp-content\/uploads\/2024\/04\/FB_IMG_1713913372799.jpg","jetpack_sharing_enabled":true,"_links":{"self":[{"href":"https:\/\/www.public.sn\/index.php\/wp-json\/wp\/v2\/posts\/31956","targetHints":{"allow":["GET"]}}],"collection":[{"href":"https:\/\/www.public.sn\/index.php\/wp-json\/wp\/v2\/posts"}],"about":[{"href":"https:\/\/www.public.sn\/index.php\/wp-json\/wp\/v2\/types\/post"}],"author":[{"embeddable":true,"href":"https:\/\/www.public.sn\/index.php\/wp-json\/wp\/v2\/users\/12"}],"replies":[{"embeddable":true,"href":"https:\/\/www.public.sn\/index.php\/wp-json\/wp\/v2\/comments?post=31956"}],"version-history":[{"count":1,"href":"https:\/\/www.public.sn\/index.php\/wp-json\/wp\/v2\/posts\/31956\/revisions"}],"predecessor-version":[{"id":31960,"href":"https:\/\/www.public.sn\/index.php\/wp-json\/wp\/v2\/posts\/31956\/revisions\/31960"}],"wp:featuredmedia":[{"embeddable":true,"href":"https:\/\/www.public.sn\/index.php\/wp-json\/wp\/v2\/media\/31958"}],"wp:attachment":[{"href":"https:\/\/www.public.sn\/index.php\/wp-json\/wp\/v2\/media?parent=31956"}],"wp:term":[{"taxonomy":"category","embeddable":true,"href":"https:\/\/www.public.sn\/index.php\/wp-json\/wp\/v2\/categories?post=31956"},{"taxonomy":"post_tag","embeddable":true,"href":"https:\/\/www.public.sn\/index.php\/wp-json\/wp\/v2\/tags?post=31956"}],"curies":[{"name":"wp","href":"https:\/\/api.w.org\/{rel}","templated":true}]}}