{"id":3209,"date":"2022-09-29T21:11:44","date_gmt":"2022-09-29T21:11:44","guid":{"rendered":"https:\/\/www.public.sn\/?p=3209"},"modified":"2022-09-29T21:14:43","modified_gmt":"2022-09-29T21:14:43","slug":"rappel-a-dieu-de-serigne-abdou-rahman-mbacke-les-talibes-temoignent-sur-le-venere-homme","status":"publish","type":"post","link":"https:\/\/www.public.sn\/index.php\/2022\/09\/29\/rappel-a-dieu-de-serigne-abdou-rahman-mbacke-les-talibes-temoignent-sur-le-venere-homme\/","title":{"rendered":"Rappel \u00e0 Dieu de Serigne Abdou Rahman Mback\u00e9 : Les talib\u00e9s t\u00e9moignent sur le v\u00e9n\u00e9r\u00e9 homme"},"content":{"rendered":"<p><strong>Serigne Abdou Rahmane Mback\u00e9 de Darou Mousty n&rsquo;est plus ! Le fils de Serigne Abdou Khoudoss ibn Mame Thierno Ibra Faty a tir\u00e9 sa r\u00e9v\u00e9rence.<\/strong><\/p><div class=\"publi-paragraphe1\" style=\"margin-top: 10px;margin-bottom: 10px;margin-left: auto;margin-right: auto;text-align: center;\" id=\"publi-3519336366\"><div class=\"publi-adlabel\">Publicit\u00e9<\/div><script async src=\"\/\/pagead2.googlesyndication.com\/pagead\/js\/adsbygoogle.js?client=ca-pub-4089586018074219\" crossorigin=\"anonymous\"><\/script><ins class=\"adsbygoogle\" style=\"display:block;\" data-ad-client=\"ca-pub-4089586018074219\" \ndata-ad-slot=\"2087940154\" \ndata-ad-format=\"auto\"><\/ins>\n<script> \n(adsbygoogle = window.adsbygoogle || []).push({}); \n<\/script>\n<\/div>\n<p>En effet, cet \u00e9rudit de l&rsquo;islam \u00e9tait \u00e9galement tr\u00e8s pieux, cultiv\u00e9, ordonn\u00e9 et tr\u00e8s organis\u00e9 dans sa vie de tous les jours.<\/p>\n<p>D\u2019une s\u00e9r\u00e9nit\u00e9 \u00e0 tout \u00e9preuve, il \u00e9tait tr\u00e8s pos\u00e9, intelligent , sinc\u00e8re dans ses propos et dot\u00e9 d&rsquo;une grande humilit\u00e9.<\/p>\n<p>Serigne Abdou Rahman Mback\u00e9 Un homme pieux est toujours rest\u00e9 dans l\u2019ombre, tout en perp\u00e9tuant les \u0153uvres et \u00e9crits de Cheikh Ahmadou Bamba.<\/p>\n<p>\u0152uvres enseign\u00e9es aux jeunes talib\u00e9s qui pleurent et t\u00e9moignent sur cette perte immense pour toute \u00e0 Ouma islamique notamment la communaut\u00e9 mouride.<\/p>\n<div class=\"publi-apres-le-contenu\" style=\"margin-top: 10px;margin-bottom: 10px;margin-left: auto;margin-right: auto;text-align: center;\" id=\"publi-1814469137\"><div class=\"publi-adlabel\">Publicit\u00e9<\/div><script async src=\"\/\/pagead2.googlesyndication.com\/pagead\/js\/adsbygoogle.js?client=ca-pub-4089586018074219\" crossorigin=\"anonymous\"><\/script><ins class=\"adsbygoogle\" style=\"display:block;\" data-ad-client=\"ca-pub-4089586018074219\" \ndata-ad-slot=\"2087940154\" \ndata-ad-format=\"auto\"><\/ins>\n<script> \n(adsbygoogle = window.adsbygoogle || []).push({}); \n<\/script>\n<\/div>","protected":false},"excerpt":{"rendered":"<p>Serigne Abdou Rahmane Mback\u00e9 de Darou Mousty n&rsquo;est plus ! Le fils de Serigne Abdou Khoudoss ibn Mame Thierno Ibra Faty a tir\u00e9 sa r\u00e9v\u00e9rence. En effet, cet \u00e9rudit de l&rsquo;islam \u00e9tait \u00e9galement tr\u00e8s pieux, cultiv\u00e9, ordonn\u00e9 et tr\u00e8s organis\u00e9 dans sa vie de tous les jours. D\u2019une s\u00e9r\u00e9nit\u00e9 \u00e0 tout \u00e9preuve, il \u00e9tait tr\u00e8s pos\u00e9, intelligent , sinc\u00e8re dans ses propos et dot\u00e9 d&rsquo;une grande humilit\u00e9. Serigne Abdou Rahman Mback\u00e9 Un homme pieux est toujours rest\u00e9 dans l\u2019ombre, tout en perp\u00e9tuant les \u0153uvres et \u00e9crits de Cheikh Ahmadou Bamba. \u0152uvres enseign\u00e9es aux jeunes talib\u00e9s qui pleurent et t\u00e9moignent sur cette perte immense pour toute \u00e0 Ouma islamique notamment la communaut\u00e9 mouride.<\/p>\n","protected":false},"author":1,"featured_media":3211,"comment_status":"open","ping_status":"open","sticky":false,"template":"","format":"standard","meta":{"_jetpack_memberships_contains_paid_content":false,"footnotes":""},"categories":[371,878,1],"tags":[374,168,1085],"class_list":["post-3209","post","type-post","status-publish","format-standard","has-post-thumbnail","hentry","category-necrologie","category-religion","category-non-classe","tag-deces","tag-necrologie","tag-serigne-abdou-rahman-mbacke","entry","has-media","owp-thumbs-layout-horizontal","owp-btn-normal","owp-tabs-layout-horizontal","has-no-thumbnails","has-product-nav"],"yoast_head":"<!-- This site is optimized with the Yoast SEO plugin v25.5 - https:\/\/yoast.com\/wordpress\/plugins\/seo\/ -->\n<title>Rappel \u00e0 Dieu de Serigne Abdou Rahman Mback\u00e9 : Les talib\u00e9s t\u00e9moignent sur le v\u00e9n\u00e9r\u00e9 homme - LE PUBLIC<\/title>\n<meta name=\"robots\" content=\"index, follow, max-snippet:-1, max-image-preview:large, max-video-preview:-1\" \/>\n<link rel=\"canonical\" href=\"https:\/\/www.public.sn\/index.php\/2022\/09\/29\/rappel-a-dieu-de-serigne-abdou-rahman-mbacke-les-talibes-temoignent-sur-le-venere-homme\/\" \/>\n<meta property=\"og:locale\" content=\"fr_FR\" \/>\n<meta property=\"og:type\" content=\"article\" \/>\n<meta property=\"og:title\" content=\"Rappel \u00e0 Dieu de Serigne Abdou Rahman Mback\u00e9 : Les talib\u00e9s t\u00e9moignent sur le v\u00e9n\u00e9r\u00e9 homme - LE PUBLIC\" \/>\n<meta property=\"og:description\" content=\"Serigne Abdou Rahmane Mback\u00e9 de Darou Mousty n&rsquo;est plus ! Le fils de Serigne Abdou Khoudoss ibn Mame Thierno Ibra Faty a tir\u00e9 sa r\u00e9v\u00e9rence. En effet, cet \u00e9rudit de l&rsquo;islam \u00e9tait \u00e9galement tr\u00e8s pieux, cultiv\u00e9, ordonn\u00e9 et tr\u00e8s organis\u00e9 dans sa vie de tous les jours. D\u2019une s\u00e9r\u00e9nit\u00e9 \u00e0 tout \u00e9preuve, il \u00e9tait tr\u00e8s pos\u00e9, intelligent , sinc\u00e8re dans ses propos et dot\u00e9 d&rsquo;une grande humilit\u00e9. Serigne Abdou Rahman Mback\u00e9 Un homme pieux est toujours rest\u00e9 dans l\u2019ombre, tout en perp\u00e9tuant les \u0153uvres et \u00e9crits de Cheikh Ahmadou Bamba. \u0152uvres enseign\u00e9es aux jeunes talib\u00e9s qui pleurent et t\u00e9moignent sur cette perte immense pour toute \u00e0 Ouma islamique notamment la communaut\u00e9 mouride.\" \/>\n<meta property=\"og:url\" content=\"https:\/\/www.public.sn\/index.php\/2022\/09\/29\/rappel-a-dieu-de-serigne-abdou-rahman-mbacke-les-talibes-temoignent-sur-le-venere-homme\/\" \/>\n<meta property=\"og:site_name\" content=\"LE PUBLIC\" \/>\n<meta property=\"article:published_time\" content=\"2022-09-29T21:11:44+00:00\" \/>\n<meta property=\"article:modified_time\" content=\"2022-09-29T21:14:43+00:00\" \/>\n<meta property=\"og:image\" content=\"https:\/\/www.public.sn\/wp-content\/uploads\/2022\/09\/SERIGNE-ABDOU-RAHMAN-MBACKE-1.jpg\" \/>\n\t<meta property=\"og:image:width\" content=\"1071\" \/>\n\t<meta property=\"og:image:height\" content=\"729\" \/>\n\t<meta property=\"og:image:type\" content=\"image\/jpeg\" \/>\n<meta name=\"author\" content=\"LA REDACTION\" \/>\n<meta name=\"twitter:card\" content=\"summary_large_image\" \/>\n<meta name=\"twitter:label1\" content=\"\u00c9crit par\" \/>\n\t<meta name=\"twitter:data1\" content=\"LA REDACTION\" \/>\n\t<meta name=\"twitter:label2\" content=\"Dur\u00e9e de lecture estim\u00e9e\" \/>\n\t<meta name=\"twitter:data2\" content=\"1 minute\" \/>\n<script type=\"application\/ld+json\" class=\"yoast-schema-graph\">{\"@context\":\"https:\/\/schema.org\",\"@graph\":[{\"@type\":\"Article\",\"@id\":\"https:\/\/www.public.sn\/index.php\/2022\/09\/29\/rappel-a-dieu-de-serigne-abdou-rahman-mbacke-les-talibes-temoignent-sur-le-venere-homme\/#article\",\"isPartOf\":{\"@id\":\"https:\/\/www.public.sn\/index.php\/2022\/09\/29\/rappel-a-dieu-de-serigne-abdou-rahman-mbacke-les-talibes-temoignent-sur-le-venere-homme\/\"},\"author\":{\"name\":\"LA REDACTION\",\"@id\":\"https:\/\/www.public.sn\/#\/schema\/person\/e3f4a11b037d4203902db148f9bc8d5a\"},\"headline\":\"Rappel \u00e0 Dieu de Serigne Abdou Rahman Mback\u00e9 : Les talib\u00e9s t\u00e9moignent sur le v\u00e9n\u00e9r\u00e9 homme\",\"datePublished\":\"2022-09-29T21:11:44+00:00\",\"dateModified\":\"2022-09-29T21:14:43+00:00\",\"mainEntityOfPage\":{\"@id\":\"https:\/\/www.public.sn\/index.php\/2022\/09\/29\/rappel-a-dieu-de-serigne-abdou-rahman-mbacke-les-talibes-temoignent-sur-le-venere-homme\/\"},\"wordCount\":140,\"commentCount\":0,\"publisher\":{\"@id\":\"https:\/\/www.public.sn\/#organization\"},\"image\":{\"@id\":\"https:\/\/www.public.sn\/index.php\/2022\/09\/29\/rappel-a-dieu-de-serigne-abdou-rahman-mbacke-les-talibes-temoignent-sur-le-venere-homme\/#primaryimage\"},\"thumbnailUrl\":\"https:\/\/www.public.sn\/wp-content\/uploads\/2022\/09\/SERIGNE-ABDOU-RAHMAN-MBACKE-1.jpg\",\"keywords\":[\"d\u00e9c\u00e8s\",\"N\u00e9crologie\",\"Serigne Abdou Rahman Mback\u00e9\"],\"articleSection\":[\"N\u00c9CROLOGIE\",\"RELIGION\",\"S\u00c9N\u00c9GAL\"],\"inLanguage\":\"fr-FR\",\"potentialAction\":[{\"@type\":\"CommentAction\",\"name\":\"Comment\",\"target\":[\"https:\/\/www.public.sn\/index.php\/2022\/09\/29\/rappel-a-dieu-de-serigne-abdou-rahman-mbacke-les-talibes-temoignent-sur-le-venere-homme\/#respond\"]}]},{\"@type\":\"WebPage\",\"@id\":\"https:\/\/www.public.sn\/index.php\/2022\/09\/29\/rappel-a-dieu-de-serigne-abdou-rahman-mbacke-les-talibes-temoignent-sur-le-venere-homme\/\",\"url\":\"https:\/\/www.public.sn\/index.php\/2022\/09\/29\/rappel-a-dieu-de-serigne-abdou-rahman-mbacke-les-talibes-temoignent-sur-le-venere-homme\/\",\"name\":\"Rappel \u00e0 Dieu de Serigne Abdou Rahman Mback\u00e9 : Les talib\u00e9s t\u00e9moignent sur le v\u00e9n\u00e9r\u00e9 homme - LE PUBLIC\",\"isPartOf\":{\"@id\":\"https:\/\/www.public.sn\/#website\"},\"primaryImageOfPage\":{\"@id\":\"https:\/\/www.public.sn\/index.php\/2022\/09\/29\/rappel-a-dieu-de-serigne-abdou-rahman-mbacke-les-talibes-temoignent-sur-le-venere-homme\/#primaryimage\"},\"image\":{\"@id\":\"https:\/\/www.public.sn\/index.php\/2022\/09\/29\/rappel-a-dieu-de-serigne-abdou-rahman-mbacke-les-talibes-temoignent-sur-le-venere-homme\/#primaryimage\"},\"thumbnailUrl\":\"https:\/\/www.public.sn\/wp-content\/uploads\/2022\/09\/SERIGNE-ABDOU-RAHMAN-MBACKE-1.jpg\",\"datePublished\":\"2022-09-29T21:11:44+00:00\",\"dateModified\":\"2022-09-29T21:14:43+00:00\",\"breadcrumb\":{\"@id\":\"https:\/\/www.public.sn\/index.php\/2022\/09\/29\/rappel-a-dieu-de-serigne-abdou-rahman-mbacke-les-talibes-temoignent-sur-le-venere-homme\/#breadcrumb\"},\"inLanguage\":\"fr-FR\",\"potentialAction\":[{\"@type\":\"ReadAction\",\"target\":[\"https:\/\/www.public.sn\/index.php\/2022\/09\/29\/rappel-a-dieu-de-serigne-abdou-rahman-mbacke-les-talibes-temoignent-sur-le-venere-homme\/\"]}]},{\"@type\":\"ImageObject\",\"inLanguage\":\"fr-FR\",\"@id\":\"https:\/\/www.public.sn\/index.php\/2022\/09\/29\/rappel-a-dieu-de-serigne-abdou-rahman-mbacke-les-talibes-temoignent-sur-le-venere-homme\/#primaryimage\",\"url\":\"https:\/\/www.public.sn\/wp-content\/uploads\/2022\/09\/SERIGNE-ABDOU-RAHMAN-MBACKE-1.jpg\",\"contentUrl\":\"https:\/\/www.public.sn\/wp-content\/uploads\/2022\/09\/SERIGNE-ABDOU-RAHMAN-MBACKE-1.jpg\",\"width\":1071,\"height\":729},{\"@type\":\"BreadcrumbList\",\"@id\":\"https:\/\/www.public.sn\/index.php\/2022\/09\/29\/rappel-a-dieu-de-serigne-abdou-rahman-mbacke-les-talibes-temoignent-sur-le-venere-homme\/#breadcrumb\",\"itemListElement\":[{\"@type\":\"ListItem\",\"position\":1,\"name\":\"Accueil\",\"item\":\"https:\/\/www.public.sn\/\"},{\"@type\":\"ListItem\",\"position\":2,\"name\":\"Rappel \u00e0 Dieu de Serigne Abdou Rahman Mback\u00e9 : Les talib\u00e9s t\u00e9moignent sur le v\u00e9n\u00e9r\u00e9 homme\"}]},{\"@type\":\"WebSite\",\"@id\":\"https:\/\/www.public.sn\/#website\",\"url\":\"https:\/\/www.public.sn\/\",\"name\":\"LE PUBLIC\",\"description\":\"\",\"publisher\":{\"@id\":\"https:\/\/www.public.sn\/#organization\"},\"potentialAction\":[{\"@type\":\"SearchAction\",\"target\":{\"@type\":\"EntryPoint\",\"urlTemplate\":\"https:\/\/www.public.sn\/?s={search_term_string}\"},\"query-input\":{\"@type\":\"PropertyValueSpecification\",\"valueRequired\":true,\"valueName\":\"search_term_string\"}}],\"inLanguage\":\"fr-FR\"},{\"@type\":\"Organization\",\"@id\":\"https:\/\/www.public.sn\/#organization\",\"name\":\"LE PUBLIC\",\"url\":\"https:\/\/www.public.sn\/\",\"logo\":{\"@type\":\"ImageObject\",\"inLanguage\":\"fr-FR\",\"@id\":\"https:\/\/www.public.sn\/#\/schema\/logo\/image\/\",\"url\":\"https:\/\/www.public.sn\/wp-content\/uploads\/2024\/05\/cropped-LOGO-PUBLIC.SN_.png\",\"contentUrl\":\"https:\/\/www.public.sn\/wp-content\/uploads\/2024\/05\/cropped-LOGO-PUBLIC.SN_.png\",\"width\":682,\"height\":192,\"caption\":\"LE PUBLIC\"},\"image\":{\"@id\":\"https:\/\/www.public.sn\/#\/schema\/logo\/image\/\"}},{\"@type\":\"Person\",\"@id\":\"https:\/\/www.public.sn\/#\/schema\/person\/e3f4a11b037d4203902db148f9bc8d5a\",\"name\":\"LA REDACTION\",\"image\":{\"@type\":\"ImageObject\",\"inLanguage\":\"fr-FR\",\"@id\":\"https:\/\/www.public.sn\/#\/schema\/person\/image\/\",\"url\":\"https:\/\/secure.gravatar.com\/avatar\/d6c030db45db2883c075085c5d6c6258654a801a93766b49af0b82d4f454e2a5?s=96&d=mm&r=g\",\"contentUrl\":\"https:\/\/secure.gravatar.com\/avatar\/d6c030db45db2883c075085c5d6c6258654a801a93766b49af0b82d4f454e2a5?s=96&d=mm&r=g\",\"caption\":\"LA REDACTION\"},\"sameAs\":[\"http:\/\/www.public.sn\"],\"url\":\"https:\/\/www.public.sn\/index.php\/author\/admin7324\/\"}]}<\/script>\n<!-- \/ Yoast SEO plugin. -->","yoast_head_json":{"title":"Rappel \u00e0 Dieu de Serigne Abdou Rahman Mback\u00e9 : Les talib\u00e9s t\u00e9moignent sur le v\u00e9n\u00e9r\u00e9 homme - LE PUBLIC","robots":{"index":"index","follow":"follow","max-snippet":"max-snippet:-1","max-image-preview":"max-image-preview:large","max-video-preview":"max-video-preview:-1"},"canonical":"https:\/\/www.public.sn\/index.php\/2022\/09\/29\/rappel-a-dieu-de-serigne-abdou-rahman-mbacke-les-talibes-temoignent-sur-le-venere-homme\/","og_locale":"fr_FR","og_type":"article","og_title":"Rappel \u00e0 Dieu de Serigne Abdou Rahman Mback\u00e9 : Les talib\u00e9s t\u00e9moignent sur le v\u00e9n\u00e9r\u00e9 homme - LE PUBLIC","og_description":"Serigne Abdou Rahmane Mback\u00e9 de Darou Mousty n&rsquo;est plus ! Le fils de Serigne Abdou Khoudoss ibn Mame Thierno Ibra Faty a tir\u00e9 sa r\u00e9v\u00e9rence. En effet, cet \u00e9rudit de l&rsquo;islam \u00e9tait \u00e9galement tr\u00e8s pieux, cultiv\u00e9, ordonn\u00e9 et tr\u00e8s organis\u00e9 dans sa vie de tous les jours. D\u2019une s\u00e9r\u00e9nit\u00e9 \u00e0 tout \u00e9preuve, il \u00e9tait tr\u00e8s pos\u00e9, intelligent , sinc\u00e8re dans ses propos et dot\u00e9 d&rsquo;une grande humilit\u00e9. Serigne Abdou Rahman Mback\u00e9 Un homme pieux est toujours rest\u00e9 dans l\u2019ombre, tout en perp\u00e9tuant les \u0153uvres et \u00e9crits de Cheikh Ahmadou Bamba. \u0152uvres enseign\u00e9es aux jeunes talib\u00e9s qui pleurent et t\u00e9moignent sur cette perte immense pour toute \u00e0 Ouma islamique notamment la communaut\u00e9 mouride.","og_url":"https:\/\/www.public.sn\/index.php\/2022\/09\/29\/rappel-a-dieu-de-serigne-abdou-rahman-mbacke-les-talibes-temoignent-sur-le-venere-homme\/","og_site_name":"LE PUBLIC","article_published_time":"2022-09-29T21:11:44+00:00","article_modified_time":"2022-09-29T21:14:43+00:00","og_image":[{"width":1071,"height":729,"url":"https:\/\/www.public.sn\/wp-content\/uploads\/2022\/09\/SERIGNE-ABDOU-RAHMAN-MBACKE-1.jpg","type":"image\/jpeg"}],"author":"LA REDACTION","twitter_card":"summary_large_image","twitter_misc":{"\u00c9crit par":"LA REDACTION","Dur\u00e9e de lecture estim\u00e9e":"1 minute"},"schema":{"@context":"https:\/\/schema.org","@graph":[{"@type":"Article","@id":"https:\/\/www.public.sn\/index.php\/2022\/09\/29\/rappel-a-dieu-de-serigne-abdou-rahman-mbacke-les-talibes-temoignent-sur-le-venere-homme\/#article","isPartOf":{"@id":"https:\/\/www.public.sn\/index.php\/2022\/09\/29\/rappel-a-dieu-de-serigne-abdou-rahman-mbacke-les-talibes-temoignent-sur-le-venere-homme\/"},"author":{"name":"LA REDACTION","@id":"https:\/\/www.public.sn\/#\/schema\/person\/e3f4a11b037d4203902db148f9bc8d5a"},"headline":"Rappel \u00e0 Dieu de Serigne Abdou Rahman Mback\u00e9 : Les talib\u00e9s t\u00e9moignent sur le v\u00e9n\u00e9r\u00e9 homme","datePublished":"2022-09-29T21:11:44+00:00","dateModified":"2022-09-29T21:14:43+00:00","mainEntityOfPage":{"@id":"https:\/\/www.public.sn\/index.php\/2022\/09\/29\/rappel-a-dieu-de-serigne-abdou-rahman-mbacke-les-talibes-temoignent-sur-le-venere-homme\/"},"wordCount":140,"commentCount":0,"publisher":{"@id":"https:\/\/www.public.sn\/#organization"},"image":{"@id":"https:\/\/www.public.sn\/index.php\/2022\/09\/29\/rappel-a-dieu-de-serigne-abdou-rahman-mbacke-les-talibes-temoignent-sur-le-venere-homme\/#primaryimage"},"thumbnailUrl":"https:\/\/www.public.sn\/wp-content\/uploads\/2022\/09\/SERIGNE-ABDOU-RAHMAN-MBACKE-1.jpg","keywords":["d\u00e9c\u00e8s","N\u00e9crologie","Serigne Abdou Rahman Mback\u00e9"],"articleSection":["N\u00c9CROLOGIE","RELIGION","S\u00c9N\u00c9GAL"],"inLanguage":"fr-FR","potentialAction":[{"@type":"CommentAction","name":"Comment","target":["https:\/\/www.public.sn\/index.php\/2022\/09\/29\/rappel-a-dieu-de-serigne-abdou-rahman-mbacke-les-talibes-temoignent-sur-le-venere-homme\/#respond"]}]},{"@type":"WebPage","@id":"https:\/\/www.public.sn\/index.php\/2022\/09\/29\/rappel-a-dieu-de-serigne-abdou-rahman-mbacke-les-talibes-temoignent-sur-le-venere-homme\/","url":"https:\/\/www.public.sn\/index.php\/2022\/09\/29\/rappel-a-dieu-de-serigne-abdou-rahman-mbacke-les-talibes-temoignent-sur-le-venere-homme\/","name":"Rappel \u00e0 Dieu de Serigne Abdou Rahman Mback\u00e9 : Les talib\u00e9s t\u00e9moignent sur le v\u00e9n\u00e9r\u00e9 homme - LE PUBLIC","isPartOf":{"@id":"https:\/\/www.public.sn\/#website"},"primaryImageOfPage":{"@id":"https:\/\/www.public.sn\/index.php\/2022\/09\/29\/rappel-a-dieu-de-serigne-abdou-rahman-mbacke-les-talibes-temoignent-sur-le-venere-homme\/#primaryimage"},"image":{"@id":"https:\/\/www.public.sn\/index.php\/2022\/09\/29\/rappel-a-dieu-de-serigne-abdou-rahman-mbacke-les-talibes-temoignent-sur-le-venere-homme\/#primaryimage"},"thumbnailUrl":"https:\/\/www.public.sn\/wp-content\/uploads\/2022\/09\/SERIGNE-ABDOU-RAHMAN-MBACKE-1.jpg","datePublished":"2022-09-29T21:11:44+00:00","dateModified":"2022-09-29T21:14:43+00:00","breadcrumb":{"@id":"https:\/\/www.public.sn\/index.php\/2022\/09\/29\/rappel-a-dieu-de-serigne-abdou-rahman-mbacke-les-talibes-temoignent-sur-le-venere-homme\/#breadcrumb"},"inLanguage":"fr-FR","potentialAction":[{"@type":"ReadAction","target":["https:\/\/www.public.sn\/index.php\/2022\/09\/29\/rappel-a-dieu-de-serigne-abdou-rahman-mbacke-les-talibes-temoignent-sur-le-venere-homme\/"]}]},{"@type":"ImageObject","inLanguage":"fr-FR","@id":"https:\/\/www.public.sn\/index.php\/2022\/09\/29\/rappel-a-dieu-de-serigne-abdou-rahman-mbacke-les-talibes-temoignent-sur-le-venere-homme\/#primaryimage","url":"https:\/\/www.public.sn\/wp-content\/uploads\/2022\/09\/SERIGNE-ABDOU-RAHMAN-MBACKE-1.jpg","contentUrl":"https:\/\/www.public.sn\/wp-content\/uploads\/2022\/09\/SERIGNE-ABDOU-RAHMAN-MBACKE-1.jpg","width":1071,"height":729},{"@type":"BreadcrumbList","@id":"https:\/\/www.public.sn\/index.php\/2022\/09\/29\/rappel-a-dieu-de-serigne-abdou-rahman-mbacke-les-talibes-temoignent-sur-le-venere-homme\/#breadcrumb","itemListElement":[{"@type":"ListItem","position":1,"name":"Accueil","item":"https:\/\/www.public.sn\/"},{"@type":"ListItem","position":2,"name":"Rappel \u00e0 Dieu de Serigne Abdou Rahman Mback\u00e9 : Les talib\u00e9s t\u00e9moignent sur le v\u00e9n\u00e9r\u00e9 homme"}]},{"@type":"WebSite","@id":"https:\/\/www.public.sn\/#website","url":"https:\/\/www.public.sn\/","name":"LE PUBLIC","description":"","publisher":{"@id":"https:\/\/www.public.sn\/#organization"},"potentialAction":[{"@type":"SearchAction","target":{"@type":"EntryPoint","urlTemplate":"https:\/\/www.public.sn\/?s={search_term_string}"},"query-input":{"@type":"PropertyValueSpecification","valueRequired":true,"valueName":"search_term_string"}}],"inLanguage":"fr-FR"},{"@type":"Organization","@id":"https:\/\/www.public.sn\/#organization","name":"LE PUBLIC","url":"https:\/\/www.public.sn\/","logo":{"@type":"ImageObject","inLanguage":"fr-FR","@id":"https:\/\/www.public.sn\/#\/schema\/logo\/image\/","url":"https:\/\/www.public.sn\/wp-content\/uploads\/2024\/05\/cropped-LOGO-PUBLIC.SN_.png","contentUrl":"https:\/\/www.public.sn\/wp-content\/uploads\/2024\/05\/cropped-LOGO-PUBLIC.SN_.png","width":682,"height":192,"caption":"LE PUBLIC"},"image":{"@id":"https:\/\/www.public.sn\/#\/schema\/logo\/image\/"}},{"@type":"Person","@id":"https:\/\/www.public.sn\/#\/schema\/person\/e3f4a11b037d4203902db148f9bc8d5a","name":"LA REDACTION","image":{"@type":"ImageObject","inLanguage":"fr-FR","@id":"https:\/\/www.public.sn\/#\/schema\/person\/image\/","url":"https:\/\/secure.gravatar.com\/avatar\/d6c030db45db2883c075085c5d6c6258654a801a93766b49af0b82d4f454e2a5?s=96&d=mm&r=g","contentUrl":"https:\/\/secure.gravatar.com\/avatar\/d6c030db45db2883c075085c5d6c6258654a801a93766b49af0b82d4f454e2a5?s=96&d=mm&r=g","caption":"LA REDACTION"},"sameAs":["http:\/\/www.public.sn"],"url":"https:\/\/www.public.sn\/index.php\/author\/admin7324\/"}]}},"jetpack_featured_media_url":"https:\/\/www.public.sn\/wp-content\/uploads\/2022\/09\/SERIGNE-ABDOU-RAHMAN-MBACKE-1.jpg","jetpack_sharing_enabled":true,"_links":{"self":[{"href":"https:\/\/www.public.sn\/index.php\/wp-json\/wp\/v2\/posts\/3209","targetHints":{"allow":["GET"]}}],"collection":[{"href":"https:\/\/www.public.sn\/index.php\/wp-json\/wp\/v2\/posts"}],"about":[{"href":"https:\/\/www.public.sn\/index.php\/wp-json\/wp\/v2\/types\/post"}],"author":[{"embeddable":true,"href":"https:\/\/www.public.sn\/index.php\/wp-json\/wp\/v2\/users\/1"}],"replies":[{"embeddable":true,"href":"https:\/\/www.public.sn\/index.php\/wp-json\/wp\/v2\/comments?post=3209"}],"version-history":[{"count":2,"href":"https:\/\/www.public.sn\/index.php\/wp-json\/wp\/v2\/posts\/3209\/revisions"}],"predecessor-version":[{"id":3213,"href":"https:\/\/www.public.sn\/index.php\/wp-json\/wp\/v2\/posts\/3209\/revisions\/3213"}],"wp:featuredmedia":[{"embeddable":true,"href":"https:\/\/www.public.sn\/index.php\/wp-json\/wp\/v2\/media\/3211"}],"wp:attachment":[{"href":"https:\/\/www.public.sn\/index.php\/wp-json\/wp\/v2\/media?parent=3209"}],"wp:term":[{"taxonomy":"category","embeddable":true,"href":"https:\/\/www.public.sn\/index.php\/wp-json\/wp\/v2\/categories?post=3209"},{"taxonomy":"post_tag","embeddable":true,"href":"https:\/\/www.public.sn\/index.php\/wp-json\/wp\/v2\/tags?post=3209"}],"curies":[{"name":"wp","href":"https:\/\/api.w.org\/{rel}","templated":true}]}}