{"id":32092,"date":"2024-04-27T19:08:10","date_gmt":"2024-04-27T19:08:10","guid":{"rendered":"https:\/\/www.public.sn\/?p=32092"},"modified":"2024-04-27T19:08:10","modified_gmt":"2024-04-27T19:08:10","slug":"seminaire-gouvernemental-le-president-bassirou-diomaye-faye-demande-aux-ministres","status":"publish","type":"post","link":"https:\/\/www.public.sn\/index.php\/2024\/04\/27\/seminaire-gouvernemental-le-president-bassirou-diomaye-faye-demande-aux-ministres\/","title":{"rendered":"S\u00e9minaire gouvernemental : le Pr\u00e9sident Bassirou Diomaye Faye demande aux Ministres&#8230;"},"content":{"rendered":"<p><span style=\"font-size: x-large\"><strong>Le Chef de l\u2019Etat Bassirou Diomaye Faye a pr\u00e9sid\u00e9, ce samedi, un s\u00e9minaire gouvernemental sur l\u2019importance des fonctions confi\u00e9es aux ministres et secr\u00e9taires g\u00e9n\u00e9raux.<\/strong> <\/span><\/p><div class=\"publi-paragraphe1\" style=\"margin-top: 10px;margin-bottom: 10px;margin-left: auto;margin-right: auto;text-align: center;\" id=\"publi-3086640387\"><div class=\"publi-adlabel\">Publicit\u00e9<\/div><script async src=\"\/\/pagead2.googlesyndication.com\/pagead\/js\/adsbygoogle.js?client=ca-pub-4089586018074219\" crossorigin=\"anonymous\"><\/script><ins class=\"adsbygoogle\" style=\"display:block;\" data-ad-client=\"ca-pub-4089586018074219\" \ndata-ad-slot=\"2087940154\" \ndata-ad-format=\"auto\"><\/ins>\n<script> \n(adsbygoogle = window.adsbygoogle || []).push({}); \n<\/script>\n<\/div>\n<p><span style=\"font-size: x-large\">Lors de son discours d\u2019ouverture, le Pr\u00e9sident de la R\u00e9publique a rappel\u00e9 aux ministres les piliers de l\u2019exercice qui fondent leur mission<strong>.<\/strong><br \/>\nLe Pr\u00e9sident de la R\u00e9publique voit ainsi ses instructions mat\u00e9rialis\u00e9es. \u00c0 travers cette s\u00e9ance de cadrage, d\u2019impr\u00e9gnation et de m\u00e9thode, le Pr\u00e9sident Bassirou Diomaye Faye veut plus d\u2019efficacit\u00e9 dans l\u2019action du gouvernement.<\/p>\n<p>\u00ab Les attentes des populations sont grandes et nous leur avons promis une rupture, c\u2019est-\u00e0-dire une transformation syst\u00e9mique en profondeur assum\u00e9e. Celle-ci doit commencer par la m\u00e9thode de travail au sein de l\u2019ex\u00e9cutif et plus particuli\u00e8rement au sein du gouvernement \u00bb, fait savoir le Chef de l\u2019Etat aux membres du gouvernement.<\/p>\n<p><\/span><\/p>\n<div><span style=\"font-size: x-large\">\u00c0 cet effet, il dit attendre donc de ce s\u00e9minaire gouvernemental, de permettre au nouveau r\u00e9gime de disposer des connaissances fondamentales et des principaux outils, leviers et normes devant permettre de piloter, de diriger, de conduire, de g\u00e9rer, en un mot de manager avec efficacit\u00e9 et efficience les d\u00e9partements minist\u00e9riels qui les ont \u00e9t\u00e9 confi\u00e9s.<\/span><\/div>\n<div><span style=\"font-size: x-large\">\u00a0<\/span><\/div>\n<p><span style=\"font-size: x-large\">Les fonctions gouvernementales sont importantes. Elles reposent sur des piliers fondamentaux que le Pr\u00e9sident Bassirou Diomaye Faye a rappel\u00e9 \u00e0 ses ministres, \u00e0 savoir l\u2019honneur, la disponibilit\u00e9, l\u2019humilit\u00e9 et la comp\u00e9tence.<\/span><\/p>\n<div class=\"publi-apres-le-contenu\" style=\"margin-top: 10px;margin-bottom: 10px;margin-left: auto;margin-right: auto;text-align: center;\" id=\"publi-847825353\"><div class=\"publi-adlabel\">Publicit\u00e9<\/div><script async src=\"\/\/pagead2.googlesyndication.com\/pagead\/js\/adsbygoogle.js?client=ca-pub-4089586018074219\" crossorigin=\"anonymous\"><\/script><ins class=\"adsbygoogle\" style=\"display:block;\" data-ad-client=\"ca-pub-4089586018074219\" \ndata-ad-slot=\"2087940154\" \ndata-ad-format=\"auto\"><\/ins>\n<script> \n(adsbygoogle = window.adsbygoogle || []).push({}); \n<\/script>\n<\/div>","protected":false},"excerpt":{"rendered":"<p>Le Chef de l\u2019Etat Bassirou Diomaye Faye a pr\u00e9sid\u00e9, ce samedi, un s\u00e9minaire gouvernemental sur l\u2019importance des fonctions confi\u00e9es aux ministres et secr\u00e9taires g\u00e9n\u00e9raux. Lors de son discours d\u2019ouverture, le Pr\u00e9sident de la R\u00e9publique a rappel\u00e9 aux ministres les piliers de l\u2019exercice qui fondent leur mission. Le Pr\u00e9sident de la R\u00e9publique voit ainsi ses instructions mat\u00e9rialis\u00e9es. \u00c0 travers cette s\u00e9ance de cadrage, d\u2019impr\u00e9gnation et de m\u00e9thode, le Pr\u00e9sident Bassirou Diomaye Faye veut plus d\u2019efficacit\u00e9 dans l\u2019action du gouvernement. \u00ab Les attentes des populations sont grandes et nous leur avons promis une rupture, c\u2019est-\u00e0-dire une transformation syst\u00e9mique en profondeur assum\u00e9e. Celle-ci doit commencer par la m\u00e9thode de travail au sein de l\u2019ex\u00e9cutif et plus particuli\u00e8rement au sein du gouvernement \u00bb, fait savoir le Chef de l\u2019Etat aux membres du gouvernement. \u00c0 cet effet, il dit attendre donc de ce s\u00e9minaire gouvernemental, de permettre au nouveau r\u00e9gime de disposer des connaissances fondamentales et des principaux outils, leviers et normes devant permettre de piloter, de diriger, de conduire, de g\u00e9rer, en un mot de manager avec efficacit\u00e9 et efficience les d\u00e9partements minist\u00e9riels qui les ont \u00e9t\u00e9 confi\u00e9s. \u00a0 Les fonctions gouvernementales sont importantes. Elles reposent sur des piliers fondamentaux que le Pr\u00e9sident Bassirou Diomaye Faye a rappel\u00e9 \u00e0 ses ministres, \u00e0 savoir l\u2019honneur, la disponibilit\u00e9, l\u2019humilit\u00e9 et la comp\u00e9tence.<\/p>\n","protected":false},"author":13,"featured_media":32093,"comment_status":"open","ping_status":"open","sticky":false,"template":"","format":"standard","meta":{"_jetpack_memberships_contains_paid_content":false,"footnotes":""},"categories":[375],"tags":[142,4161,754],"class_list":["post-32092","post","type-post","status-publish","format-standard","has-post-thumbnail","hentry","category-actualites","tag-actualite","tag-bassirou-diomaye","tag-gouvernement","entry","has-media","owp-thumbs-layout-horizontal","owp-btn-normal","owp-tabs-layout-horizontal","has-no-thumbnails","has-product-nav"],"yoast_head":"<!-- This site is optimized with the Yoast SEO plugin v25.5 - https:\/\/yoast.com\/wordpress\/plugins\/seo\/ -->\n<title>S\u00e9minaire gouvernemental : le Pr\u00e9sident Bassirou Diomaye Faye demande aux Ministres... - LE PUBLIC<\/title>\n<meta name=\"description\" content=\"Le Chef de l\u2019Etat Bassirou Diomaye Faye a pr\u00e9sid\u00e9, ce samedi, un s\u00e9minaire gouvernemental sur l\u2019importance des fonctions confi\u00e9es aux ministres et secr\u00e9taires g\u00e9n\u00e9raux.\" \/>\n<meta name=\"robots\" content=\"index, follow, max-snippet:-1, max-image-preview:large, max-video-preview:-1\" \/>\n<link rel=\"canonical\" href=\"https:\/\/www.public.sn\/index.php\/2024\/04\/27\/seminaire-gouvernemental-le-president-bassirou-diomaye-faye-demande-aux-ministres\/\" \/>\n<meta property=\"og:locale\" content=\"fr_FR\" \/>\n<meta property=\"og:type\" content=\"article\" \/>\n<meta property=\"og:title\" content=\"S\u00e9minaire gouvernemental : le Pr\u00e9sident Bassirou Diomaye Faye demande aux Ministres... - LE PUBLIC\" \/>\n<meta property=\"og:description\" content=\"Le Chef de l\u2019Etat Bassirou Diomaye Faye a pr\u00e9sid\u00e9, ce samedi, un s\u00e9minaire gouvernemental sur l\u2019importance des fonctions confi\u00e9es aux ministres et secr\u00e9taires g\u00e9n\u00e9raux.\" \/>\n<meta property=\"og:url\" content=\"https:\/\/www.public.sn\/index.php\/2024\/04\/27\/seminaire-gouvernemental-le-president-bassirou-diomaye-faye-demande-aux-ministres\/\" \/>\n<meta property=\"og:site_name\" content=\"LE PUBLIC\" \/>\n<meta property=\"article:published_time\" content=\"2024-04-27T19:08:10+00:00\" \/>\n<meta property=\"og:image\" content=\"https:\/\/www.public.sn\/wp-content\/uploads\/2024\/04\/PRESIDENT-BASSIROU.jpeg\" \/>\n\t<meta property=\"og:image:width\" content=\"612\" \/>\n\t<meta property=\"og:image:height\" content=\"298\" \/>\n\t<meta property=\"og:image:type\" content=\"image\/jpeg\" \/>\n<meta name=\"author\" content=\"Abdou SARR\" \/>\n<meta name=\"twitter:card\" content=\"summary_large_image\" \/>\n<meta name=\"twitter:label1\" content=\"\u00c9crit par\" \/>\n\t<meta name=\"twitter:data1\" content=\"Abdou SARR\" \/>\n\t<meta name=\"twitter:label2\" content=\"Dur\u00e9e de lecture estim\u00e9e\" \/>\n\t<meta name=\"twitter:data2\" content=\"2 minutes\" \/>\n<script type=\"application\/ld+json\" class=\"yoast-schema-graph\">{\"@context\":\"https:\/\/schema.org\",\"@graph\":[{\"@type\":\"Article\",\"@id\":\"https:\/\/www.public.sn\/index.php\/2024\/04\/27\/seminaire-gouvernemental-le-president-bassirou-diomaye-faye-demande-aux-ministres\/#article\",\"isPartOf\":{\"@id\":\"https:\/\/www.public.sn\/index.php\/2024\/04\/27\/seminaire-gouvernemental-le-president-bassirou-diomaye-faye-demande-aux-ministres\/\"},\"author\":{\"name\":\"Abdou SARR\",\"@id\":\"https:\/\/www.public.sn\/#\/schema\/person\/8fc5465b19f9ea9cf2212d8ca13397e3\"},\"headline\":\"S\u00e9minaire gouvernemental : le Pr\u00e9sident Bassirou Diomaye Faye demande aux Ministres&#8230;\",\"datePublished\":\"2024-04-27T19:08:10+00:00\",\"mainEntityOfPage\":{\"@id\":\"https:\/\/www.public.sn\/index.php\/2024\/04\/27\/seminaire-gouvernemental-le-president-bassirou-diomaye-faye-demande-aux-ministres\/\"},\"wordCount\":263,\"commentCount\":0,\"publisher\":{\"@id\":\"https:\/\/www.public.sn\/#organization\"},\"image\":{\"@id\":\"https:\/\/www.public.sn\/index.php\/2024\/04\/27\/seminaire-gouvernemental-le-president-bassirou-diomaye-faye-demande-aux-ministres\/#primaryimage\"},\"thumbnailUrl\":\"https:\/\/www.public.sn\/wp-content\/uploads\/2024\/04\/PRESIDENT-BASSIROU.jpeg\",\"keywords\":[\"Actualit\u00e9\",\"Bassirou Diomaye\",\"Gouvernement\"],\"articleSection\":[\"ACTUALIT\u00c9S\"],\"inLanguage\":\"fr-FR\",\"potentialAction\":[{\"@type\":\"CommentAction\",\"name\":\"Comment\",\"target\":[\"https:\/\/www.public.sn\/index.php\/2024\/04\/27\/seminaire-gouvernemental-le-president-bassirou-diomaye-faye-demande-aux-ministres\/#respond\"]}]},{\"@type\":\"WebPage\",\"@id\":\"https:\/\/www.public.sn\/index.php\/2024\/04\/27\/seminaire-gouvernemental-le-president-bassirou-diomaye-faye-demande-aux-ministres\/\",\"url\":\"https:\/\/www.public.sn\/index.php\/2024\/04\/27\/seminaire-gouvernemental-le-president-bassirou-diomaye-faye-demande-aux-ministres\/\",\"name\":\"S\u00e9minaire gouvernemental : le Pr\u00e9sident Bassirou Diomaye Faye demande aux Ministres... - LE PUBLIC\",\"isPartOf\":{\"@id\":\"https:\/\/www.public.sn\/#website\"},\"primaryImageOfPage\":{\"@id\":\"https:\/\/www.public.sn\/index.php\/2024\/04\/27\/seminaire-gouvernemental-le-president-bassirou-diomaye-faye-demande-aux-ministres\/#primaryimage\"},\"image\":{\"@id\":\"https:\/\/www.public.sn\/index.php\/2024\/04\/27\/seminaire-gouvernemental-le-president-bassirou-diomaye-faye-demande-aux-ministres\/#primaryimage\"},\"thumbnailUrl\":\"https:\/\/www.public.sn\/wp-content\/uploads\/2024\/04\/PRESIDENT-BASSIROU.jpeg\",\"datePublished\":\"2024-04-27T19:08:10+00:00\",\"description\":\"Le Chef de l\u2019Etat Bassirou Diomaye Faye a pr\u00e9sid\u00e9, ce samedi, un s\u00e9minaire gouvernemental sur l\u2019importance des fonctions confi\u00e9es aux ministres et secr\u00e9taires g\u00e9n\u00e9raux.\",\"breadcrumb\":{\"@id\":\"https:\/\/www.public.sn\/index.php\/2024\/04\/27\/seminaire-gouvernemental-le-president-bassirou-diomaye-faye-demande-aux-ministres\/#breadcrumb\"},\"inLanguage\":\"fr-FR\",\"potentialAction\":[{\"@type\":\"ReadAction\",\"target\":[\"https:\/\/www.public.sn\/index.php\/2024\/04\/27\/seminaire-gouvernemental-le-president-bassirou-diomaye-faye-demande-aux-ministres\/\"]}]},{\"@type\":\"ImageObject\",\"inLanguage\":\"fr-FR\",\"@id\":\"https:\/\/www.public.sn\/index.php\/2024\/04\/27\/seminaire-gouvernemental-le-president-bassirou-diomaye-faye-demande-aux-ministres\/#primaryimage\",\"url\":\"https:\/\/www.public.sn\/wp-content\/uploads\/2024\/04\/PRESIDENT-BASSIROU.jpeg\",\"contentUrl\":\"https:\/\/www.public.sn\/wp-content\/uploads\/2024\/04\/PRESIDENT-BASSIROU.jpeg\",\"width\":612,\"height\":298},{\"@type\":\"BreadcrumbList\",\"@id\":\"https:\/\/www.public.sn\/index.php\/2024\/04\/27\/seminaire-gouvernemental-le-president-bassirou-diomaye-faye-demande-aux-ministres\/#breadcrumb\",\"itemListElement\":[{\"@type\":\"ListItem\",\"position\":1,\"name\":\"Accueil\",\"item\":\"https:\/\/www.public.sn\/\"},{\"@type\":\"ListItem\",\"position\":2,\"name\":\"S\u00e9minaire gouvernemental : le Pr\u00e9sident Bassirou Diomaye Faye demande aux Ministres&#8230;\"}]},{\"@type\":\"WebSite\",\"@id\":\"https:\/\/www.public.sn\/#website\",\"url\":\"https:\/\/www.public.sn\/\",\"name\":\"LE PUBLIC\",\"description\":\"\",\"publisher\":{\"@id\":\"https:\/\/www.public.sn\/#organization\"},\"potentialAction\":[{\"@type\":\"SearchAction\",\"target\":{\"@type\":\"EntryPoint\",\"urlTemplate\":\"https:\/\/www.public.sn\/?s={search_term_string}\"},\"query-input\":{\"@type\":\"PropertyValueSpecification\",\"valueRequired\":true,\"valueName\":\"search_term_string\"}}],\"inLanguage\":\"fr-FR\"},{\"@type\":\"Organization\",\"@id\":\"https:\/\/www.public.sn\/#organization\",\"name\":\"LE PUBLIC\",\"url\":\"https:\/\/www.public.sn\/\",\"logo\":{\"@type\":\"ImageObject\",\"inLanguage\":\"fr-FR\",\"@id\":\"https:\/\/www.public.sn\/#\/schema\/logo\/image\/\",\"url\":\"https:\/\/www.public.sn\/wp-content\/uploads\/2024\/05\/cropped-LOGO-PUBLIC.SN_.png\",\"contentUrl\":\"https:\/\/www.public.sn\/wp-content\/uploads\/2024\/05\/cropped-LOGO-PUBLIC.SN_.png\",\"width\":682,\"height\":192,\"caption\":\"LE PUBLIC\"},\"image\":{\"@id\":\"https:\/\/www.public.sn\/#\/schema\/logo\/image\/\"}},{\"@type\":\"Person\",\"@id\":\"https:\/\/www.public.sn\/#\/schema\/person\/8fc5465b19f9ea9cf2212d8ca13397e3\",\"name\":\"Abdou SARR\",\"image\":{\"@type\":\"ImageObject\",\"inLanguage\":\"fr-FR\",\"@id\":\"https:\/\/www.public.sn\/#\/schema\/person\/image\/\",\"url\":\"https:\/\/secure.gravatar.com\/avatar\/1d5c1e6773c91217fbf1820ce89547e8b07a0eaffc48d779672f06c28be4b151?s=96&d=mm&r=g\",\"contentUrl\":\"https:\/\/secure.gravatar.com\/avatar\/1d5c1e6773c91217fbf1820ce89547e8b07a0eaffc48d779672f06c28be4b151?s=96&d=mm&r=g\",\"caption\":\"Abdou SARR\"},\"url\":\"https:\/\/www.public.sn\/index.php\/author\/dousarr24\/\"}]}<\/script>\n<!-- \/ Yoast SEO plugin. -->","yoast_head_json":{"title":"S\u00e9minaire gouvernemental : le Pr\u00e9sident Bassirou Diomaye Faye demande aux Ministres... - LE PUBLIC","description":"Le Chef de l\u2019Etat Bassirou Diomaye Faye a pr\u00e9sid\u00e9, ce samedi, un s\u00e9minaire gouvernemental sur l\u2019importance des fonctions confi\u00e9es aux ministres et secr\u00e9taires g\u00e9n\u00e9raux.","robots":{"index":"index","follow":"follow","max-snippet":"max-snippet:-1","max-image-preview":"max-image-preview:large","max-video-preview":"max-video-preview:-1"},"canonical":"https:\/\/www.public.sn\/index.php\/2024\/04\/27\/seminaire-gouvernemental-le-president-bassirou-diomaye-faye-demande-aux-ministres\/","og_locale":"fr_FR","og_type":"article","og_title":"S\u00e9minaire gouvernemental : le Pr\u00e9sident Bassirou Diomaye Faye demande aux Ministres... - LE PUBLIC","og_description":"Le Chef de l\u2019Etat Bassirou Diomaye Faye a pr\u00e9sid\u00e9, ce samedi, un s\u00e9minaire gouvernemental sur l\u2019importance des fonctions confi\u00e9es aux ministres et secr\u00e9taires g\u00e9n\u00e9raux.","og_url":"https:\/\/www.public.sn\/index.php\/2024\/04\/27\/seminaire-gouvernemental-le-president-bassirou-diomaye-faye-demande-aux-ministres\/","og_site_name":"LE PUBLIC","article_published_time":"2024-04-27T19:08:10+00:00","og_image":[{"width":612,"height":298,"url":"https:\/\/www.public.sn\/wp-content\/uploads\/2024\/04\/PRESIDENT-BASSIROU.jpeg","type":"image\/jpeg"}],"author":"Abdou SARR","twitter_card":"summary_large_image","twitter_misc":{"\u00c9crit par":"Abdou SARR","Dur\u00e9e de lecture estim\u00e9e":"2 minutes"},"schema":{"@context":"https:\/\/schema.org","@graph":[{"@type":"Article","@id":"https:\/\/www.public.sn\/index.php\/2024\/04\/27\/seminaire-gouvernemental-le-president-bassirou-diomaye-faye-demande-aux-ministres\/#article","isPartOf":{"@id":"https:\/\/www.public.sn\/index.php\/2024\/04\/27\/seminaire-gouvernemental-le-president-bassirou-diomaye-faye-demande-aux-ministres\/"},"author":{"name":"Abdou SARR","@id":"https:\/\/www.public.sn\/#\/schema\/person\/8fc5465b19f9ea9cf2212d8ca13397e3"},"headline":"S\u00e9minaire gouvernemental : le Pr\u00e9sident Bassirou Diomaye Faye demande aux Ministres&#8230;","datePublished":"2024-04-27T19:08:10+00:00","mainEntityOfPage":{"@id":"https:\/\/www.public.sn\/index.php\/2024\/04\/27\/seminaire-gouvernemental-le-president-bassirou-diomaye-faye-demande-aux-ministres\/"},"wordCount":263,"commentCount":0,"publisher":{"@id":"https:\/\/www.public.sn\/#organization"},"image":{"@id":"https:\/\/www.public.sn\/index.php\/2024\/04\/27\/seminaire-gouvernemental-le-president-bassirou-diomaye-faye-demande-aux-ministres\/#primaryimage"},"thumbnailUrl":"https:\/\/www.public.sn\/wp-content\/uploads\/2024\/04\/PRESIDENT-BASSIROU.jpeg","keywords":["Actualit\u00e9","Bassirou Diomaye","Gouvernement"],"articleSection":["ACTUALIT\u00c9S"],"inLanguage":"fr-FR","potentialAction":[{"@type":"CommentAction","name":"Comment","target":["https:\/\/www.public.sn\/index.php\/2024\/04\/27\/seminaire-gouvernemental-le-president-bassirou-diomaye-faye-demande-aux-ministres\/#respond"]}]},{"@type":"WebPage","@id":"https:\/\/www.public.sn\/index.php\/2024\/04\/27\/seminaire-gouvernemental-le-president-bassirou-diomaye-faye-demande-aux-ministres\/","url":"https:\/\/www.public.sn\/index.php\/2024\/04\/27\/seminaire-gouvernemental-le-president-bassirou-diomaye-faye-demande-aux-ministres\/","name":"S\u00e9minaire gouvernemental : le Pr\u00e9sident Bassirou Diomaye Faye demande aux Ministres... - LE PUBLIC","isPartOf":{"@id":"https:\/\/www.public.sn\/#website"},"primaryImageOfPage":{"@id":"https:\/\/www.public.sn\/index.php\/2024\/04\/27\/seminaire-gouvernemental-le-president-bassirou-diomaye-faye-demande-aux-ministres\/#primaryimage"},"image":{"@id":"https:\/\/www.public.sn\/index.php\/2024\/04\/27\/seminaire-gouvernemental-le-president-bassirou-diomaye-faye-demande-aux-ministres\/#primaryimage"},"thumbnailUrl":"https:\/\/www.public.sn\/wp-content\/uploads\/2024\/04\/PRESIDENT-BASSIROU.jpeg","datePublished":"2024-04-27T19:08:10+00:00","description":"Le Chef de l\u2019Etat Bassirou Diomaye Faye a pr\u00e9sid\u00e9, ce samedi, un s\u00e9minaire gouvernemental sur l\u2019importance des fonctions confi\u00e9es aux ministres et secr\u00e9taires g\u00e9n\u00e9raux.","breadcrumb":{"@id":"https:\/\/www.public.sn\/index.php\/2024\/04\/27\/seminaire-gouvernemental-le-president-bassirou-diomaye-faye-demande-aux-ministres\/#breadcrumb"},"inLanguage":"fr-FR","potentialAction":[{"@type":"ReadAction","target":["https:\/\/www.public.sn\/index.php\/2024\/04\/27\/seminaire-gouvernemental-le-president-bassirou-diomaye-faye-demande-aux-ministres\/"]}]},{"@type":"ImageObject","inLanguage":"fr-FR","@id":"https:\/\/www.public.sn\/index.php\/2024\/04\/27\/seminaire-gouvernemental-le-president-bassirou-diomaye-faye-demande-aux-ministres\/#primaryimage","url":"https:\/\/www.public.sn\/wp-content\/uploads\/2024\/04\/PRESIDENT-BASSIROU.jpeg","contentUrl":"https:\/\/www.public.sn\/wp-content\/uploads\/2024\/04\/PRESIDENT-BASSIROU.jpeg","width":612,"height":298},{"@type":"BreadcrumbList","@id":"https:\/\/www.public.sn\/index.php\/2024\/04\/27\/seminaire-gouvernemental-le-president-bassirou-diomaye-faye-demande-aux-ministres\/#breadcrumb","itemListElement":[{"@type":"ListItem","position":1,"name":"Accueil","item":"https:\/\/www.public.sn\/"},{"@type":"ListItem","position":2,"name":"S\u00e9minaire gouvernemental : le Pr\u00e9sident Bassirou Diomaye Faye demande aux Ministres&#8230;"}]},{"@type":"WebSite","@id":"https:\/\/www.public.sn\/#website","url":"https:\/\/www.public.sn\/","name":"LE PUBLIC","description":"","publisher":{"@id":"https:\/\/www.public.sn\/#organization"},"potentialAction":[{"@type":"SearchAction","target":{"@type":"EntryPoint","urlTemplate":"https:\/\/www.public.sn\/?s={search_term_string}"},"query-input":{"@type":"PropertyValueSpecification","valueRequired":true,"valueName":"search_term_string"}}],"inLanguage":"fr-FR"},{"@type":"Organization","@id":"https:\/\/www.public.sn\/#organization","name":"LE PUBLIC","url":"https:\/\/www.public.sn\/","logo":{"@type":"ImageObject","inLanguage":"fr-FR","@id":"https:\/\/www.public.sn\/#\/schema\/logo\/image\/","url":"https:\/\/www.public.sn\/wp-content\/uploads\/2024\/05\/cropped-LOGO-PUBLIC.SN_.png","contentUrl":"https:\/\/www.public.sn\/wp-content\/uploads\/2024\/05\/cropped-LOGO-PUBLIC.SN_.png","width":682,"height":192,"caption":"LE PUBLIC"},"image":{"@id":"https:\/\/www.public.sn\/#\/schema\/logo\/image\/"}},{"@type":"Person","@id":"https:\/\/www.public.sn\/#\/schema\/person\/8fc5465b19f9ea9cf2212d8ca13397e3","name":"Abdou SARR","image":{"@type":"ImageObject","inLanguage":"fr-FR","@id":"https:\/\/www.public.sn\/#\/schema\/person\/image\/","url":"https:\/\/secure.gravatar.com\/avatar\/1d5c1e6773c91217fbf1820ce89547e8b07a0eaffc48d779672f06c28be4b151?s=96&d=mm&r=g","contentUrl":"https:\/\/secure.gravatar.com\/avatar\/1d5c1e6773c91217fbf1820ce89547e8b07a0eaffc48d779672f06c28be4b151?s=96&d=mm&r=g","caption":"Abdou SARR"},"url":"https:\/\/www.public.sn\/index.php\/author\/dousarr24\/"}]}},"jetpack_featured_media_url":"https:\/\/www.public.sn\/wp-content\/uploads\/2024\/04\/PRESIDENT-BASSIROU.jpeg","jetpack_sharing_enabled":true,"_links":{"self":[{"href":"https:\/\/www.public.sn\/index.php\/wp-json\/wp\/v2\/posts\/32092","targetHints":{"allow":["GET"]}}],"collection":[{"href":"https:\/\/www.public.sn\/index.php\/wp-json\/wp\/v2\/posts"}],"about":[{"href":"https:\/\/www.public.sn\/index.php\/wp-json\/wp\/v2\/types\/post"}],"author":[{"embeddable":true,"href":"https:\/\/www.public.sn\/index.php\/wp-json\/wp\/v2\/users\/13"}],"replies":[{"embeddable":true,"href":"https:\/\/www.public.sn\/index.php\/wp-json\/wp\/v2\/comments?post=32092"}],"version-history":[{"count":1,"href":"https:\/\/www.public.sn\/index.php\/wp-json\/wp\/v2\/posts\/32092\/revisions"}],"predecessor-version":[{"id":32094,"href":"https:\/\/www.public.sn\/index.php\/wp-json\/wp\/v2\/posts\/32092\/revisions\/32094"}],"wp:featuredmedia":[{"embeddable":true,"href":"https:\/\/www.public.sn\/index.php\/wp-json\/wp\/v2\/media\/32093"}],"wp:attachment":[{"href":"https:\/\/www.public.sn\/index.php\/wp-json\/wp\/v2\/media?parent=32092"}],"wp:term":[{"taxonomy":"category","embeddable":true,"href":"https:\/\/www.public.sn\/index.php\/wp-json\/wp\/v2\/categories?post=32092"},{"taxonomy":"post_tag","embeddable":true,"href":"https:\/\/www.public.sn\/index.php\/wp-json\/wp\/v2\/tags?post=32092"}],"curies":[{"name":"wp","href":"https:\/\/api.w.org\/{rel}","templated":true}]}}