{"id":321,"date":"2022-08-21T00:21:12","date_gmt":"2022-08-20T22:21:12","guid":{"rendered":"https:\/\/www.public.sn\/?p=321"},"modified":"2022-08-21T00:21:13","modified_gmt":"2022-08-20T22:21:13","slug":"mercato-watford-et-aston-villa-ont-trouve-un-accord-pour-ismaila-sarr","status":"publish","type":"post","link":"https:\/\/www.public.sn\/index.php\/2022\/08\/21\/mercato-watford-et-aston-villa-ont-trouve-un-accord-pour-ismaila-sarr\/","title":{"rendered":"Mercato : Watford et Aston Villa ont trouv\u00e9 un accord pour Isma\u00efla Sarr !"},"content":{"rendered":"\n<p>Annonc\u00e9 \u00e0 Leeds United puis \u00e0 Crystal Palace, Isma\u00efla Sarr pourrait finalement prendre la direction d\u2019Aston Villa. Les Villans se seraient mis d\u2019accord avec Watford pour le transfert du joueur.<\/p><div class=\"publi-paragraphe1\" style=\"margin-top: 10px;margin-bottom: 10px;margin-left: auto;margin-right: auto;text-align: center;\" id=\"publi-837275716\"><div class=\"publi-adlabel\">Publicit\u00e9<\/div><script async src=\"\/\/pagead2.googlesyndication.com\/pagead\/js\/adsbygoogle.js?client=ca-pub-4089586018074219\" crossorigin=\"anonymous\"><\/script><ins class=\"adsbygoogle\" style=\"display:block;\" data-ad-client=\"ca-pub-4089586018074219\" \ndata-ad-slot=\"2087940154\" \ndata-ad-format=\"auto\"><\/ins>\n<script> \n(adsbygoogle = window.adsbygoogle || []).push({}); \n<\/script>\n<\/div>\n\n\n\n<p>Apr\u00e8s trois saisons sous le maillot de Watford, Isma\u00efla Sarr devrait quitter les Hornets cet \u00e9t\u00e9 et revenir en Premier League. Ces derniers jours, l\u2019ailier s\u00e9n\u00e9galais de 24 ans a \u00e9t\u00e9 annonc\u00e9 dans le viseur de Leeds United mais \u00e9galement de Crystal Palace. N\u00e9anmoins, c\u2019est \u00e0 Aston\u00a0Villa que l\u2019ancien pensionnaire de G\u00e9n\u00e9ration Foot pourrait d\u00e9barquer. <\/p>\n\n\n\n<p>En effet, d\u2019apr\u00e8s les toutes derni\u00e8res informations de foot mercato le club entra\u00een\u00e9 par Steven Gerrard se serait mis d\u2019accord avec Watford pour l\u2019arriv\u00e9e du Champion d\u2019Afrique. Le montant du transfert devrait s\u2019\u00e9lever \u00e0 28 millions d\u2019euros, auxquels s\u2019ajouterait un pourcentage (15%) en cas de future vente de celui qui est arriv\u00e9 \u00e0 Watford en 2019 pour 30 millions d\u2019euros.<\/p>\n\n\n\n<p>Touch\u00e9 \u00e0 un genou, Isma\u00efla Sarr \u00e9tait absent lors du match nul (0-0) face \u00e0 Preston\u00a0ce samedi. Mais il a fait le d\u00e9placement avec ses co\u00e9quipiers. Et d\u2019ailleurs, \u00e0 la fin du match, il est descendu sur la pelouse pour saluer les supporters de Watford pr\u00e9sents. Un signe du prochain d\u00e9part pour le joueur de 24 ans ? Il ne manque pas beaucoup avant de savoir.<\/p>\n\n\n\n<p><em>R\u00e9daction Public SN<\/em><\/p>\n<div class=\"publi-apres-le-contenu\" style=\"margin-top: 10px;margin-bottom: 10px;margin-left: auto;margin-right: auto;text-align: center;\" id=\"publi-614609042\"><div class=\"publi-adlabel\">Publicit\u00e9<\/div><script async src=\"\/\/pagead2.googlesyndication.com\/pagead\/js\/adsbygoogle.js?client=ca-pub-4089586018074219\" crossorigin=\"anonymous\"><\/script><ins class=\"adsbygoogle\" style=\"display:block;\" data-ad-client=\"ca-pub-4089586018074219\" \ndata-ad-slot=\"2087940154\" \ndata-ad-format=\"auto\"><\/ins>\n<script> \n(adsbygoogle = window.adsbygoogle || []).push({}); \n<\/script>\n<\/div>","protected":false},"excerpt":{"rendered":"<p>Annonc\u00e9 \u00e0 Leeds United puis \u00e0 Crystal Palace, Isma\u00efla Sarr pourrait finalement prendre la direction d\u2019Aston Villa. Les Villans se seraient mis d\u2019accord avec Watford pour le transfert du joueur. Apr\u00e8s trois saisons sous le maillot de Watford, Isma\u00efla Sarr devrait quitter les Hornets cet \u00e9t\u00e9 et revenir en Premier League. Ces derniers jours, l\u2019ailier s\u00e9n\u00e9galais de 24 ans a \u00e9t\u00e9 annonc\u00e9 dans le viseur de Leeds United mais \u00e9galement de Crystal Palace. N\u00e9anmoins, c\u2019est \u00e0 Aston\u00a0Villa que l\u2019ancien pensionnaire de G\u00e9n\u00e9ration Foot pourrait d\u00e9barquer. En effet, d\u2019apr\u00e8s les toutes derni\u00e8res informations de foot mercato le club entra\u00een\u00e9 par Steven Gerrard se serait mis d\u2019accord avec Watford pour l\u2019arriv\u00e9e du Champion d\u2019Afrique. Le montant du transfert devrait s\u2019\u00e9lever \u00e0 28 millions d\u2019euros, auxquels s\u2019ajouterait un pourcentage (15%) en cas de future vente de celui qui est arriv\u00e9 \u00e0 Watford en 2019 pour 30 millions d\u2019euros. Touch\u00e9 \u00e0 un genou, Isma\u00efla Sarr \u00e9tait absent lors du match nul (0-0) face \u00e0 Preston\u00a0ce samedi. Mais il a fait le d\u00e9placement avec ses co\u00e9quipiers. Et d\u2019ailleurs, \u00e0 la fin du match, il est descendu sur la pelouse pour saluer les supporters de Watford pr\u00e9sents. Un signe du prochain d\u00e9part pour le joueur de 24 ans ? Il ne manque pas beaucoup avant de savoir. R\u00e9daction Public SN<\/p>\n","protected":false},"author":1,"featured_media":322,"comment_status":"open","ping_status":"open","sticky":false,"template":"","format":"standard","meta":{"_jetpack_memberships_contains_paid_content":false,"footnotes":""},"categories":[7],"tags":[144,28,25,143],"class_list":["post-321","post","type-post","status-publish","format-standard","has-post-thumbnail","hentry","category-sport","tag-aston-villa","tag-crystal-palace","tag-ismaila-sarr","tag-wattford","entry","has-media","owp-thumbs-layout-horizontal","owp-btn-normal","owp-tabs-layout-horizontal","has-no-thumbnails","has-product-nav"],"yoast_head":"<!-- This site is optimized with the Yoast SEO plugin v25.5 - https:\/\/yoast.com\/wordpress\/plugins\/seo\/ -->\n<title>Mercato : Watford et Aston Villa ont trouv\u00e9 un accord pour Isma\u00efla Sarr ! - LE PUBLIC<\/title>\n<meta name=\"robots\" content=\"index, follow, max-snippet:-1, max-image-preview:large, max-video-preview:-1\" \/>\n<link rel=\"canonical\" href=\"https:\/\/www.public.sn\/index.php\/2022\/08\/21\/mercato-watford-et-aston-villa-ont-trouve-un-accord-pour-ismaila-sarr\/\" \/>\n<meta property=\"og:locale\" content=\"fr_FR\" \/>\n<meta property=\"og:type\" content=\"article\" \/>\n<meta property=\"og:title\" content=\"Mercato : Watford et Aston Villa ont trouv\u00e9 un accord pour Isma\u00efla Sarr ! - LE PUBLIC\" \/>\n<meta property=\"og:description\" content=\"Annonc\u00e9 \u00e0 Leeds United puis \u00e0 Crystal Palace, Isma\u00efla Sarr pourrait finalement prendre la direction d\u2019Aston Villa. Les Villans se seraient mis d\u2019accord avec Watford pour le transfert du joueur. Apr\u00e8s trois saisons sous le maillot de Watford, Isma\u00efla Sarr devrait quitter les Hornets cet \u00e9t\u00e9 et revenir en Premier League. Ces derniers jours, l\u2019ailier s\u00e9n\u00e9galais de 24 ans a \u00e9t\u00e9 annonc\u00e9 dans le viseur de Leeds United mais \u00e9galement de Crystal Palace. N\u00e9anmoins, c\u2019est \u00e0 Aston\u00a0Villa que l\u2019ancien pensionnaire de G\u00e9n\u00e9ration Foot pourrait d\u00e9barquer. En effet, d\u2019apr\u00e8s les toutes derni\u00e8res informations de foot mercato le club entra\u00een\u00e9 par Steven Gerrard se serait mis d\u2019accord avec Watford pour l\u2019arriv\u00e9e du Champion d\u2019Afrique. Le montant du transfert devrait s\u2019\u00e9lever \u00e0 28 millions d\u2019euros, auxquels s\u2019ajouterait un pourcentage (15%) en cas de future vente de celui qui est arriv\u00e9 \u00e0 Watford en 2019 pour 30 millions d\u2019euros. Touch\u00e9 \u00e0 un genou, Isma\u00efla Sarr \u00e9tait absent lors du match nul (0-0) face \u00e0 Preston\u00a0ce samedi. Mais il a fait le d\u00e9placement avec ses co\u00e9quipiers. Et d\u2019ailleurs, \u00e0 la fin du match, il est descendu sur la pelouse pour saluer les supporters de Watford pr\u00e9sents. Un signe du prochain d\u00e9part pour le joueur de 24 ans ? Il ne manque pas beaucoup avant de savoir. R\u00e9daction Public SN\" \/>\n<meta property=\"og:url\" content=\"https:\/\/www.public.sn\/index.php\/2022\/08\/21\/mercato-watford-et-aston-villa-ont-trouve-un-accord-pour-ismaila-sarr\/\" \/>\n<meta property=\"og:site_name\" content=\"LE PUBLIC\" \/>\n<meta property=\"article:published_time\" content=\"2022-08-20T22:21:12+00:00\" \/>\n<meta property=\"article:modified_time\" content=\"2022-08-20T22:21:13+00:00\" \/>\n<meta property=\"og:image\" content=\"https:\/\/www.public.sn\/wp-content\/uploads\/2022\/08\/gettyimages-1242462308-612x612-1.webp\" \/>\n\t<meta property=\"og:image:width\" content=\"612\" \/>\n\t<meta property=\"og:image:height\" content=\"397\" \/>\n\t<meta property=\"og:image:type\" content=\"image\/webp\" \/>\n<meta name=\"author\" content=\"LA REDACTION\" \/>\n<meta name=\"twitter:card\" content=\"summary_large_image\" \/>\n<meta name=\"twitter:label1\" content=\"\u00c9crit par\" \/>\n\t<meta name=\"twitter:data1\" content=\"LA REDACTION\" \/>\n\t<meta name=\"twitter:label2\" content=\"Dur\u00e9e de lecture estim\u00e9e\" \/>\n\t<meta name=\"twitter:data2\" content=\"2 minutes\" \/>\n<script type=\"application\/ld+json\" class=\"yoast-schema-graph\">{\"@context\":\"https:\/\/schema.org\",\"@graph\":[{\"@type\":\"Article\",\"@id\":\"https:\/\/www.public.sn\/index.php\/2022\/08\/21\/mercato-watford-et-aston-villa-ont-trouve-un-accord-pour-ismaila-sarr\/#article\",\"isPartOf\":{\"@id\":\"https:\/\/www.public.sn\/index.php\/2022\/08\/21\/mercato-watford-et-aston-villa-ont-trouve-un-accord-pour-ismaila-sarr\/\"},\"author\":{\"name\":\"LA REDACTION\",\"@id\":\"https:\/\/www.public.sn\/#\/schema\/person\/e3f4a11b037d4203902db148f9bc8d5a\"},\"headline\":\"Mercato : Watford et Aston Villa ont trouv\u00e9 un accord pour Isma\u00efla Sarr !\",\"datePublished\":\"2022-08-20T22:21:12+00:00\",\"dateModified\":\"2022-08-20T22:21:13+00:00\",\"mainEntityOfPage\":{\"@id\":\"https:\/\/www.public.sn\/index.php\/2022\/08\/21\/mercato-watford-et-aston-villa-ont-trouve-un-accord-pour-ismaila-sarr\/\"},\"wordCount\":247,\"commentCount\":0,\"publisher\":{\"@id\":\"https:\/\/www.public.sn\/#organization\"},\"image\":{\"@id\":\"https:\/\/www.public.sn\/index.php\/2022\/08\/21\/mercato-watford-et-aston-villa-ont-trouve-un-accord-pour-ismaila-sarr\/#primaryimage\"},\"thumbnailUrl\":\"https:\/\/www.public.sn\/wp-content\/uploads\/2022\/08\/gettyimages-1242462308-612x612-1.webp\",\"keywords\":[\"Aston Villa\",\"Crystal Palace\",\"Ismaila Sarr\",\"Wattford\"],\"articleSection\":[\"SPORTS\"],\"inLanguage\":\"fr-FR\",\"potentialAction\":[{\"@type\":\"CommentAction\",\"name\":\"Comment\",\"target\":[\"https:\/\/www.public.sn\/index.php\/2022\/08\/21\/mercato-watford-et-aston-villa-ont-trouve-un-accord-pour-ismaila-sarr\/#respond\"]}]},{\"@type\":\"WebPage\",\"@id\":\"https:\/\/www.public.sn\/index.php\/2022\/08\/21\/mercato-watford-et-aston-villa-ont-trouve-un-accord-pour-ismaila-sarr\/\",\"url\":\"https:\/\/www.public.sn\/index.php\/2022\/08\/21\/mercato-watford-et-aston-villa-ont-trouve-un-accord-pour-ismaila-sarr\/\",\"name\":\"Mercato : Watford et Aston Villa ont trouv\u00e9 un accord pour Isma\u00efla Sarr ! - LE PUBLIC\",\"isPartOf\":{\"@id\":\"https:\/\/www.public.sn\/#website\"},\"primaryImageOfPage\":{\"@id\":\"https:\/\/www.public.sn\/index.php\/2022\/08\/21\/mercato-watford-et-aston-villa-ont-trouve-un-accord-pour-ismaila-sarr\/#primaryimage\"},\"image\":{\"@id\":\"https:\/\/www.public.sn\/index.php\/2022\/08\/21\/mercato-watford-et-aston-villa-ont-trouve-un-accord-pour-ismaila-sarr\/#primaryimage\"},\"thumbnailUrl\":\"https:\/\/www.public.sn\/wp-content\/uploads\/2022\/08\/gettyimages-1242462308-612x612-1.webp\",\"datePublished\":\"2022-08-20T22:21:12+00:00\",\"dateModified\":\"2022-08-20T22:21:13+00:00\",\"breadcrumb\":{\"@id\":\"https:\/\/www.public.sn\/index.php\/2022\/08\/21\/mercato-watford-et-aston-villa-ont-trouve-un-accord-pour-ismaila-sarr\/#breadcrumb\"},\"inLanguage\":\"fr-FR\",\"potentialAction\":[{\"@type\":\"ReadAction\",\"target\":[\"https:\/\/www.public.sn\/index.php\/2022\/08\/21\/mercato-watford-et-aston-villa-ont-trouve-un-accord-pour-ismaila-sarr\/\"]}]},{\"@type\":\"ImageObject\",\"inLanguage\":\"fr-FR\",\"@id\":\"https:\/\/www.public.sn\/index.php\/2022\/08\/21\/mercato-watford-et-aston-villa-ont-trouve-un-accord-pour-ismaila-sarr\/#primaryimage\",\"url\":\"https:\/\/www.public.sn\/wp-content\/uploads\/2022\/08\/gettyimages-1242462308-612x612-1.webp\",\"contentUrl\":\"https:\/\/www.public.sn\/wp-content\/uploads\/2022\/08\/gettyimages-1242462308-612x612-1.webp\",\"width\":612,\"height\":397},{\"@type\":\"BreadcrumbList\",\"@id\":\"https:\/\/www.public.sn\/index.php\/2022\/08\/21\/mercato-watford-et-aston-villa-ont-trouve-un-accord-pour-ismaila-sarr\/#breadcrumb\",\"itemListElement\":[{\"@type\":\"ListItem\",\"position\":1,\"name\":\"Accueil\",\"item\":\"https:\/\/www.public.sn\/\"},{\"@type\":\"ListItem\",\"position\":2,\"name\":\"Mercato : Watford et Aston Villa ont trouv\u00e9 un accord pour Isma\u00efla Sarr !\"}]},{\"@type\":\"WebSite\",\"@id\":\"https:\/\/www.public.sn\/#website\",\"url\":\"https:\/\/www.public.sn\/\",\"name\":\"LE PUBLIC\",\"description\":\"\",\"publisher\":{\"@id\":\"https:\/\/www.public.sn\/#organization\"},\"potentialAction\":[{\"@type\":\"SearchAction\",\"target\":{\"@type\":\"EntryPoint\",\"urlTemplate\":\"https:\/\/www.public.sn\/?s={search_term_string}\"},\"query-input\":{\"@type\":\"PropertyValueSpecification\",\"valueRequired\":true,\"valueName\":\"search_term_string\"}}],\"inLanguage\":\"fr-FR\"},{\"@type\":\"Organization\",\"@id\":\"https:\/\/www.public.sn\/#organization\",\"name\":\"LE PUBLIC\",\"url\":\"https:\/\/www.public.sn\/\",\"logo\":{\"@type\":\"ImageObject\",\"inLanguage\":\"fr-FR\",\"@id\":\"https:\/\/www.public.sn\/#\/schema\/logo\/image\/\",\"url\":\"https:\/\/www.public.sn\/wp-content\/uploads\/2024\/05\/cropped-LOGO-PUBLIC.SN_.png\",\"contentUrl\":\"https:\/\/www.public.sn\/wp-content\/uploads\/2024\/05\/cropped-LOGO-PUBLIC.SN_.png\",\"width\":682,\"height\":192,\"caption\":\"LE PUBLIC\"},\"image\":{\"@id\":\"https:\/\/www.public.sn\/#\/schema\/logo\/image\/\"}},{\"@type\":\"Person\",\"@id\":\"https:\/\/www.public.sn\/#\/schema\/person\/e3f4a11b037d4203902db148f9bc8d5a\",\"name\":\"LA REDACTION\",\"image\":{\"@type\":\"ImageObject\",\"inLanguage\":\"fr-FR\",\"@id\":\"https:\/\/www.public.sn\/#\/schema\/person\/image\/\",\"url\":\"https:\/\/secure.gravatar.com\/avatar\/d6c030db45db2883c075085c5d6c6258654a801a93766b49af0b82d4f454e2a5?s=96&d=mm&r=g\",\"contentUrl\":\"https:\/\/secure.gravatar.com\/avatar\/d6c030db45db2883c075085c5d6c6258654a801a93766b49af0b82d4f454e2a5?s=96&d=mm&r=g\",\"caption\":\"LA REDACTION\"},\"sameAs\":[\"http:\/\/www.public.sn\"],\"url\":\"https:\/\/www.public.sn\/index.php\/author\/admin7324\/\"}]}<\/script>\n<!-- \/ Yoast SEO plugin. -->","yoast_head_json":{"title":"Mercato : Watford et Aston Villa ont trouv\u00e9 un accord pour Isma\u00efla Sarr ! - LE PUBLIC","robots":{"index":"index","follow":"follow","max-snippet":"max-snippet:-1","max-image-preview":"max-image-preview:large","max-video-preview":"max-video-preview:-1"},"canonical":"https:\/\/www.public.sn\/index.php\/2022\/08\/21\/mercato-watford-et-aston-villa-ont-trouve-un-accord-pour-ismaila-sarr\/","og_locale":"fr_FR","og_type":"article","og_title":"Mercato : Watford et Aston Villa ont trouv\u00e9 un accord pour Isma\u00efla Sarr ! - LE PUBLIC","og_description":"Annonc\u00e9 \u00e0 Leeds United puis \u00e0 Crystal Palace, Isma\u00efla Sarr pourrait finalement prendre la direction d\u2019Aston Villa. Les Villans se seraient mis d\u2019accord avec Watford pour le transfert du joueur. Apr\u00e8s trois saisons sous le maillot de Watford, Isma\u00efla Sarr devrait quitter les Hornets cet \u00e9t\u00e9 et revenir en Premier League. Ces derniers jours, l\u2019ailier s\u00e9n\u00e9galais de 24 ans a \u00e9t\u00e9 annonc\u00e9 dans le viseur de Leeds United mais \u00e9galement de Crystal Palace. N\u00e9anmoins, c\u2019est \u00e0 Aston\u00a0Villa que l\u2019ancien pensionnaire de G\u00e9n\u00e9ration Foot pourrait d\u00e9barquer. En effet, d\u2019apr\u00e8s les toutes derni\u00e8res informations de foot mercato le club entra\u00een\u00e9 par Steven Gerrard se serait mis d\u2019accord avec Watford pour l\u2019arriv\u00e9e du Champion d\u2019Afrique. Le montant du transfert devrait s\u2019\u00e9lever \u00e0 28 millions d\u2019euros, auxquels s\u2019ajouterait un pourcentage (15%) en cas de future vente de celui qui est arriv\u00e9 \u00e0 Watford en 2019 pour 30 millions d\u2019euros. Touch\u00e9 \u00e0 un genou, Isma\u00efla Sarr \u00e9tait absent lors du match nul (0-0) face \u00e0 Preston\u00a0ce samedi. Mais il a fait le d\u00e9placement avec ses co\u00e9quipiers. Et d\u2019ailleurs, \u00e0 la fin du match, il est descendu sur la pelouse pour saluer les supporters de Watford pr\u00e9sents. Un signe du prochain d\u00e9part pour le joueur de 24 ans ? Il ne manque pas beaucoup avant de savoir. R\u00e9daction Public SN","og_url":"https:\/\/www.public.sn\/index.php\/2022\/08\/21\/mercato-watford-et-aston-villa-ont-trouve-un-accord-pour-ismaila-sarr\/","og_site_name":"LE PUBLIC","article_published_time":"2022-08-20T22:21:12+00:00","article_modified_time":"2022-08-20T22:21:13+00:00","og_image":[{"width":612,"height":397,"url":"https:\/\/www.public.sn\/wp-content\/uploads\/2022\/08\/gettyimages-1242462308-612x612-1.webp","type":"image\/webp"}],"author":"LA REDACTION","twitter_card":"summary_large_image","twitter_misc":{"\u00c9crit par":"LA REDACTION","Dur\u00e9e de lecture estim\u00e9e":"2 minutes"},"schema":{"@context":"https:\/\/schema.org","@graph":[{"@type":"Article","@id":"https:\/\/www.public.sn\/index.php\/2022\/08\/21\/mercato-watford-et-aston-villa-ont-trouve-un-accord-pour-ismaila-sarr\/#article","isPartOf":{"@id":"https:\/\/www.public.sn\/index.php\/2022\/08\/21\/mercato-watford-et-aston-villa-ont-trouve-un-accord-pour-ismaila-sarr\/"},"author":{"name":"LA REDACTION","@id":"https:\/\/www.public.sn\/#\/schema\/person\/e3f4a11b037d4203902db148f9bc8d5a"},"headline":"Mercato : Watford et Aston Villa ont trouv\u00e9 un accord pour Isma\u00efla Sarr !","datePublished":"2022-08-20T22:21:12+00:00","dateModified":"2022-08-20T22:21:13+00:00","mainEntityOfPage":{"@id":"https:\/\/www.public.sn\/index.php\/2022\/08\/21\/mercato-watford-et-aston-villa-ont-trouve-un-accord-pour-ismaila-sarr\/"},"wordCount":247,"commentCount":0,"publisher":{"@id":"https:\/\/www.public.sn\/#organization"},"image":{"@id":"https:\/\/www.public.sn\/index.php\/2022\/08\/21\/mercato-watford-et-aston-villa-ont-trouve-un-accord-pour-ismaila-sarr\/#primaryimage"},"thumbnailUrl":"https:\/\/www.public.sn\/wp-content\/uploads\/2022\/08\/gettyimages-1242462308-612x612-1.webp","keywords":["Aston Villa","Crystal Palace","Ismaila Sarr","Wattford"],"articleSection":["SPORTS"],"inLanguage":"fr-FR","potentialAction":[{"@type":"CommentAction","name":"Comment","target":["https:\/\/www.public.sn\/index.php\/2022\/08\/21\/mercato-watford-et-aston-villa-ont-trouve-un-accord-pour-ismaila-sarr\/#respond"]}]},{"@type":"WebPage","@id":"https:\/\/www.public.sn\/index.php\/2022\/08\/21\/mercato-watford-et-aston-villa-ont-trouve-un-accord-pour-ismaila-sarr\/","url":"https:\/\/www.public.sn\/index.php\/2022\/08\/21\/mercato-watford-et-aston-villa-ont-trouve-un-accord-pour-ismaila-sarr\/","name":"Mercato : Watford et Aston Villa ont trouv\u00e9 un accord pour Isma\u00efla Sarr ! - LE PUBLIC","isPartOf":{"@id":"https:\/\/www.public.sn\/#website"},"primaryImageOfPage":{"@id":"https:\/\/www.public.sn\/index.php\/2022\/08\/21\/mercato-watford-et-aston-villa-ont-trouve-un-accord-pour-ismaila-sarr\/#primaryimage"},"image":{"@id":"https:\/\/www.public.sn\/index.php\/2022\/08\/21\/mercato-watford-et-aston-villa-ont-trouve-un-accord-pour-ismaila-sarr\/#primaryimage"},"thumbnailUrl":"https:\/\/www.public.sn\/wp-content\/uploads\/2022\/08\/gettyimages-1242462308-612x612-1.webp","datePublished":"2022-08-20T22:21:12+00:00","dateModified":"2022-08-20T22:21:13+00:00","breadcrumb":{"@id":"https:\/\/www.public.sn\/index.php\/2022\/08\/21\/mercato-watford-et-aston-villa-ont-trouve-un-accord-pour-ismaila-sarr\/#breadcrumb"},"inLanguage":"fr-FR","potentialAction":[{"@type":"ReadAction","target":["https:\/\/www.public.sn\/index.php\/2022\/08\/21\/mercato-watford-et-aston-villa-ont-trouve-un-accord-pour-ismaila-sarr\/"]}]},{"@type":"ImageObject","inLanguage":"fr-FR","@id":"https:\/\/www.public.sn\/index.php\/2022\/08\/21\/mercato-watford-et-aston-villa-ont-trouve-un-accord-pour-ismaila-sarr\/#primaryimage","url":"https:\/\/www.public.sn\/wp-content\/uploads\/2022\/08\/gettyimages-1242462308-612x612-1.webp","contentUrl":"https:\/\/www.public.sn\/wp-content\/uploads\/2022\/08\/gettyimages-1242462308-612x612-1.webp","width":612,"height":397},{"@type":"BreadcrumbList","@id":"https:\/\/www.public.sn\/index.php\/2022\/08\/21\/mercato-watford-et-aston-villa-ont-trouve-un-accord-pour-ismaila-sarr\/#breadcrumb","itemListElement":[{"@type":"ListItem","position":1,"name":"Accueil","item":"https:\/\/www.public.sn\/"},{"@type":"ListItem","position":2,"name":"Mercato : Watford et Aston Villa ont trouv\u00e9 un accord pour Isma\u00efla Sarr !"}]},{"@type":"WebSite","@id":"https:\/\/www.public.sn\/#website","url":"https:\/\/www.public.sn\/","name":"LE PUBLIC","description":"","publisher":{"@id":"https:\/\/www.public.sn\/#organization"},"potentialAction":[{"@type":"SearchAction","target":{"@type":"EntryPoint","urlTemplate":"https:\/\/www.public.sn\/?s={search_term_string}"},"query-input":{"@type":"PropertyValueSpecification","valueRequired":true,"valueName":"search_term_string"}}],"inLanguage":"fr-FR"},{"@type":"Organization","@id":"https:\/\/www.public.sn\/#organization","name":"LE PUBLIC","url":"https:\/\/www.public.sn\/","logo":{"@type":"ImageObject","inLanguage":"fr-FR","@id":"https:\/\/www.public.sn\/#\/schema\/logo\/image\/","url":"https:\/\/www.public.sn\/wp-content\/uploads\/2024\/05\/cropped-LOGO-PUBLIC.SN_.png","contentUrl":"https:\/\/www.public.sn\/wp-content\/uploads\/2024\/05\/cropped-LOGO-PUBLIC.SN_.png","width":682,"height":192,"caption":"LE PUBLIC"},"image":{"@id":"https:\/\/www.public.sn\/#\/schema\/logo\/image\/"}},{"@type":"Person","@id":"https:\/\/www.public.sn\/#\/schema\/person\/e3f4a11b037d4203902db148f9bc8d5a","name":"LA REDACTION","image":{"@type":"ImageObject","inLanguage":"fr-FR","@id":"https:\/\/www.public.sn\/#\/schema\/person\/image\/","url":"https:\/\/secure.gravatar.com\/avatar\/d6c030db45db2883c075085c5d6c6258654a801a93766b49af0b82d4f454e2a5?s=96&d=mm&r=g","contentUrl":"https:\/\/secure.gravatar.com\/avatar\/d6c030db45db2883c075085c5d6c6258654a801a93766b49af0b82d4f454e2a5?s=96&d=mm&r=g","caption":"LA REDACTION"},"sameAs":["http:\/\/www.public.sn"],"url":"https:\/\/www.public.sn\/index.php\/author\/admin7324\/"}]}},"jetpack_featured_media_url":"https:\/\/www.public.sn\/wp-content\/uploads\/2022\/08\/gettyimages-1242462308-612x612-1.webp","jetpack_sharing_enabled":true,"_links":{"self":[{"href":"https:\/\/www.public.sn\/index.php\/wp-json\/wp\/v2\/posts\/321","targetHints":{"allow":["GET"]}}],"collection":[{"href":"https:\/\/www.public.sn\/index.php\/wp-json\/wp\/v2\/posts"}],"about":[{"href":"https:\/\/www.public.sn\/index.php\/wp-json\/wp\/v2\/types\/post"}],"author":[{"embeddable":true,"href":"https:\/\/www.public.sn\/index.php\/wp-json\/wp\/v2\/users\/1"}],"replies":[{"embeddable":true,"href":"https:\/\/www.public.sn\/index.php\/wp-json\/wp\/v2\/comments?post=321"}],"version-history":[{"count":1,"href":"https:\/\/www.public.sn\/index.php\/wp-json\/wp\/v2\/posts\/321\/revisions"}],"predecessor-version":[{"id":323,"href":"https:\/\/www.public.sn\/index.php\/wp-json\/wp\/v2\/posts\/321\/revisions\/323"}],"wp:featuredmedia":[{"embeddable":true,"href":"https:\/\/www.public.sn\/index.php\/wp-json\/wp\/v2\/media\/322"}],"wp:attachment":[{"href":"https:\/\/www.public.sn\/index.php\/wp-json\/wp\/v2\/media?parent=321"}],"wp:term":[{"taxonomy":"category","embeddable":true,"href":"https:\/\/www.public.sn\/index.php\/wp-json\/wp\/v2\/categories?post=321"},{"taxonomy":"post_tag","embeddable":true,"href":"https:\/\/www.public.sn\/index.php\/wp-json\/wp\/v2\/tags?post=321"}],"curies":[{"name":"wp","href":"https:\/\/api.w.org\/{rel}","templated":true}]}}