{"id":32201,"date":"2024-04-30T16:07:17","date_gmt":"2024-04-30T16:07:17","guid":{"rendered":"https:\/\/www.public.sn\/?p=32201"},"modified":"2024-04-30T16:07:17","modified_gmt":"2024-04-30T16:07:17","slug":"necrologie-le-maire-de-yeumbeul-sud-bara-gaye-en-deuil","status":"publish","type":"post","link":"https:\/\/www.public.sn\/index.php\/2024\/04\/30\/necrologie-le-maire-de-yeumbeul-sud-bara-gaye-en-deuil\/","title":{"rendered":"N\u00e9crologie : le maire de Yeumbeul Sud Bara Gaye en deuil"},"content":{"rendered":"<p>Le Maire de la commune de Yeumbeul Sud, Bara Gaye est en deuil. Selon les informations, l\u2019honorable d\u00e9put\u00e9 vient de perdre sa m\u00e8re. Ainsi, les fun\u00e9railles sont pr\u00e9vues pour ce mardi 30 avril 2024, \u00e0 17 heures \u00e0 Mbour.<\/p><div class=\"publi-paragraphe1\" style=\"margin-top: 10px;margin-bottom: 10px;margin-left: auto;margin-right: auto;text-align: center;\" id=\"publi-2044123095\"><div class=\"publi-adlabel\">Publicit\u00e9<\/div><script async src=\"\/\/pagead2.googlesyndication.com\/pagead\/js\/adsbygoogle.js?client=ca-pub-4089586018074219\" crossorigin=\"anonymous\"><\/script><ins class=\"adsbygoogle\" style=\"display:block;\" data-ad-client=\"ca-pub-4089586018074219\" \ndata-ad-slot=\"2087940154\" \ndata-ad-format=\"auto\"><\/ins>\n<script> \n(adsbygoogle = window.adsbygoogle || []).push({}); \n<\/script>\n<\/div>\n<p>La r\u00e9daction de Public sn lui pr\u00e9sente ses sinc\u00e8res condol\u00e9ances et \u00e0 toute la famille \u00e9plor\u00e9e.<\/p>\n<div class=\"publi-apres-le-contenu\" style=\"margin-top: 10px;margin-bottom: 10px;margin-left: auto;margin-right: auto;text-align: center;\" id=\"publi-832468973\"><div class=\"publi-adlabel\">Publicit\u00e9<\/div><script async src=\"\/\/pagead2.googlesyndication.com\/pagead\/js\/adsbygoogle.js?client=ca-pub-4089586018074219\" crossorigin=\"anonymous\"><\/script><ins class=\"adsbygoogle\" style=\"display:block;\" data-ad-client=\"ca-pub-4089586018074219\" \ndata-ad-slot=\"2087940154\" \ndata-ad-format=\"auto\"><\/ins>\n<script> \n(adsbygoogle = window.adsbygoogle || []).push({}); \n<\/script>\n<\/div>","protected":false},"excerpt":{"rendered":"<p>Le Maire de la commune de Yeumbeul Sud, Bara Gaye est en deuil. Selon les informations, l\u2019honorable d\u00e9put\u00e9 vient de perdre sa m\u00e8re. Ainsi, les fun\u00e9railles sont pr\u00e9vues pour ce mardi 30 avril 2024, \u00e0 17 heures \u00e0 Mbour. La r\u00e9daction de Public sn lui pr\u00e9sente ses sinc\u00e8res condol\u00e9ances et \u00e0 toute la famille \u00e9plor\u00e9e.<\/p>\n","protected":false},"author":13,"featured_media":32203,"comment_status":"open","ping_status":"open","sticky":false,"template":"","format":"standard","meta":{"_jetpack_memberships_contains_paid_content":false,"footnotes":""},"categories":[375],"tags":[5561,591,3429],"class_list":["post-32201","post","type-post","status-publish","format-standard","has-post-thumbnail","hentry","category-actualites","tag-bara-gaye","tag-deuil","tag-maire","entry","has-media","owp-thumbs-layout-horizontal","owp-btn-normal","owp-tabs-layout-horizontal","has-no-thumbnails","has-product-nav"],"yoast_head":"<!-- This site is optimized with the Yoast SEO plugin v25.5 - https:\/\/yoast.com\/wordpress\/plugins\/seo\/ -->\n<title>N\u00e9crologie : le maire de Yeumbeul Sud Bara Gaye en deuil - LE PUBLIC<\/title>\n<meta name=\"description\" content=\"Le Maire de la commune de Yeumbeul Sud, Bara Gaye est en deuil. Selon les informations, l\u2019honorable d\u00e9put\u00e9 vient de perdre sa m\u00e8re. Ainsi, les fun\u00e9railles sont pr\u00e9vues pour ce mardi 30 avril 2024, \u00e0 17 heures \u00e0 Mbour.\" \/>\n<meta name=\"robots\" content=\"index, follow, max-snippet:-1, max-image-preview:large, max-video-preview:-1\" \/>\n<link rel=\"canonical\" href=\"https:\/\/www.public.sn\/index.php\/2024\/04\/30\/necrologie-le-maire-de-yeumbeul-sud-bara-gaye-en-deuil\/\" \/>\n<meta property=\"og:locale\" content=\"fr_FR\" \/>\n<meta property=\"og:type\" content=\"article\" \/>\n<meta property=\"og:title\" content=\"N\u00e9crologie : le maire de Yeumbeul Sud Bara Gaye en deuil - LE PUBLIC\" \/>\n<meta property=\"og:description\" content=\"Le Maire de la commune de Yeumbeul Sud, Bara Gaye est en deuil. Selon les informations, l\u2019honorable d\u00e9put\u00e9 vient de perdre sa m\u00e8re. Ainsi, les fun\u00e9railles sont pr\u00e9vues pour ce mardi 30 avril 2024, \u00e0 17 heures \u00e0 Mbour.\" \/>\n<meta property=\"og:url\" content=\"https:\/\/www.public.sn\/index.php\/2024\/04\/30\/necrologie-le-maire-de-yeumbeul-sud-bara-gaye-en-deuil\/\" \/>\n<meta property=\"og:site_name\" content=\"LE PUBLIC\" \/>\n<meta property=\"article:published_time\" content=\"2024-04-30T16:07:17+00:00\" \/>\n<meta property=\"og:image\" content=\"https:\/\/www.public.sn\/wp-content\/uploads\/2024\/04\/bara-gaye-1140x570-1.jpeg\" \/>\n\t<meta property=\"og:image:width\" content=\"1140\" \/>\n\t<meta property=\"og:image:height\" content=\"570\" \/>\n\t<meta property=\"og:image:type\" content=\"image\/jpeg\" \/>\n<meta name=\"author\" content=\"Abdou SARR\" \/>\n<meta name=\"twitter:card\" content=\"summary_large_image\" \/>\n<meta name=\"twitter:label1\" content=\"\u00c9crit par\" \/>\n\t<meta name=\"twitter:data1\" content=\"Abdou SARR\" \/>\n\t<meta name=\"twitter:label2\" content=\"Dur\u00e9e de lecture estim\u00e9e\" \/>\n\t<meta name=\"twitter:data2\" content=\"1 minute\" \/>\n<script type=\"application\/ld+json\" class=\"yoast-schema-graph\">{\"@context\":\"https:\/\/schema.org\",\"@graph\":[{\"@type\":\"Article\",\"@id\":\"https:\/\/www.public.sn\/index.php\/2024\/04\/30\/necrologie-le-maire-de-yeumbeul-sud-bara-gaye-en-deuil\/#article\",\"isPartOf\":{\"@id\":\"https:\/\/www.public.sn\/index.php\/2024\/04\/30\/necrologie-le-maire-de-yeumbeul-sud-bara-gaye-en-deuil\/\"},\"author\":{\"name\":\"Abdou SARR\",\"@id\":\"https:\/\/www.public.sn\/#\/schema\/person\/8fc5465b19f9ea9cf2212d8ca13397e3\"},\"headline\":\"N\u00e9crologie : le maire de Yeumbeul Sud Bara Gaye en deuil\",\"datePublished\":\"2024-04-30T16:07:17+00:00\",\"mainEntityOfPage\":{\"@id\":\"https:\/\/www.public.sn\/index.php\/2024\/04\/30\/necrologie-le-maire-de-yeumbeul-sud-bara-gaye-en-deuil\/\"},\"wordCount\":70,\"commentCount\":0,\"publisher\":{\"@id\":\"https:\/\/www.public.sn\/#organization\"},\"image\":{\"@id\":\"https:\/\/www.public.sn\/index.php\/2024\/04\/30\/necrologie-le-maire-de-yeumbeul-sud-bara-gaye-en-deuil\/#primaryimage\"},\"thumbnailUrl\":\"https:\/\/www.public.sn\/wp-content\/uploads\/2024\/04\/bara-gaye-1140x570-1.jpeg\",\"keywords\":[\"bara gaye\",\"Deuil\",\"maire\"],\"articleSection\":[\"ACTUALIT\u00c9S\"],\"inLanguage\":\"fr-FR\",\"potentialAction\":[{\"@type\":\"CommentAction\",\"name\":\"Comment\",\"target\":[\"https:\/\/www.public.sn\/index.php\/2024\/04\/30\/necrologie-le-maire-de-yeumbeul-sud-bara-gaye-en-deuil\/#respond\"]}]},{\"@type\":\"WebPage\",\"@id\":\"https:\/\/www.public.sn\/index.php\/2024\/04\/30\/necrologie-le-maire-de-yeumbeul-sud-bara-gaye-en-deuil\/\",\"url\":\"https:\/\/www.public.sn\/index.php\/2024\/04\/30\/necrologie-le-maire-de-yeumbeul-sud-bara-gaye-en-deuil\/\",\"name\":\"N\u00e9crologie : le maire de Yeumbeul Sud Bara Gaye en deuil - LE PUBLIC\",\"isPartOf\":{\"@id\":\"https:\/\/www.public.sn\/#website\"},\"primaryImageOfPage\":{\"@id\":\"https:\/\/www.public.sn\/index.php\/2024\/04\/30\/necrologie-le-maire-de-yeumbeul-sud-bara-gaye-en-deuil\/#primaryimage\"},\"image\":{\"@id\":\"https:\/\/www.public.sn\/index.php\/2024\/04\/30\/necrologie-le-maire-de-yeumbeul-sud-bara-gaye-en-deuil\/#primaryimage\"},\"thumbnailUrl\":\"https:\/\/www.public.sn\/wp-content\/uploads\/2024\/04\/bara-gaye-1140x570-1.jpeg\",\"datePublished\":\"2024-04-30T16:07:17+00:00\",\"description\":\"Le Maire de la commune de Yeumbeul Sud, Bara Gaye est en deuil. Selon les informations, l\u2019honorable d\u00e9put\u00e9 vient de perdre sa m\u00e8re. Ainsi, les fun\u00e9railles sont pr\u00e9vues pour ce mardi 30 avril 2024, \u00e0 17 heures \u00e0 Mbour.\",\"breadcrumb\":{\"@id\":\"https:\/\/www.public.sn\/index.php\/2024\/04\/30\/necrologie-le-maire-de-yeumbeul-sud-bara-gaye-en-deuil\/#breadcrumb\"},\"inLanguage\":\"fr-FR\",\"potentialAction\":[{\"@type\":\"ReadAction\",\"target\":[\"https:\/\/www.public.sn\/index.php\/2024\/04\/30\/necrologie-le-maire-de-yeumbeul-sud-bara-gaye-en-deuil\/\"]}]},{\"@type\":\"ImageObject\",\"inLanguage\":\"fr-FR\",\"@id\":\"https:\/\/www.public.sn\/index.php\/2024\/04\/30\/necrologie-le-maire-de-yeumbeul-sud-bara-gaye-en-deuil\/#primaryimage\",\"url\":\"https:\/\/www.public.sn\/wp-content\/uploads\/2024\/04\/bara-gaye-1140x570-1.jpeg\",\"contentUrl\":\"https:\/\/www.public.sn\/wp-content\/uploads\/2024\/04\/bara-gaye-1140x570-1.jpeg\",\"width\":1140,\"height\":570},{\"@type\":\"BreadcrumbList\",\"@id\":\"https:\/\/www.public.sn\/index.php\/2024\/04\/30\/necrologie-le-maire-de-yeumbeul-sud-bara-gaye-en-deuil\/#breadcrumb\",\"itemListElement\":[{\"@type\":\"ListItem\",\"position\":1,\"name\":\"Accueil\",\"item\":\"https:\/\/www.public.sn\/\"},{\"@type\":\"ListItem\",\"position\":2,\"name\":\"N\u00e9crologie : le maire de Yeumbeul Sud Bara Gaye en deuil\"}]},{\"@type\":\"WebSite\",\"@id\":\"https:\/\/www.public.sn\/#website\",\"url\":\"https:\/\/www.public.sn\/\",\"name\":\"LE PUBLIC\",\"description\":\"\",\"publisher\":{\"@id\":\"https:\/\/www.public.sn\/#organization\"},\"potentialAction\":[{\"@type\":\"SearchAction\",\"target\":{\"@type\":\"EntryPoint\",\"urlTemplate\":\"https:\/\/www.public.sn\/?s={search_term_string}\"},\"query-input\":{\"@type\":\"PropertyValueSpecification\",\"valueRequired\":true,\"valueName\":\"search_term_string\"}}],\"inLanguage\":\"fr-FR\"},{\"@type\":\"Organization\",\"@id\":\"https:\/\/www.public.sn\/#organization\",\"name\":\"LE PUBLIC\",\"url\":\"https:\/\/www.public.sn\/\",\"logo\":{\"@type\":\"ImageObject\",\"inLanguage\":\"fr-FR\",\"@id\":\"https:\/\/www.public.sn\/#\/schema\/logo\/image\/\",\"url\":\"https:\/\/www.public.sn\/wp-content\/uploads\/2024\/05\/cropped-LOGO-PUBLIC.SN_.png\",\"contentUrl\":\"https:\/\/www.public.sn\/wp-content\/uploads\/2024\/05\/cropped-LOGO-PUBLIC.SN_.png\",\"width\":682,\"height\":192,\"caption\":\"LE PUBLIC\"},\"image\":{\"@id\":\"https:\/\/www.public.sn\/#\/schema\/logo\/image\/\"}},{\"@type\":\"Person\",\"@id\":\"https:\/\/www.public.sn\/#\/schema\/person\/8fc5465b19f9ea9cf2212d8ca13397e3\",\"name\":\"Abdou SARR\",\"image\":{\"@type\":\"ImageObject\",\"inLanguage\":\"fr-FR\",\"@id\":\"https:\/\/www.public.sn\/#\/schema\/person\/image\/\",\"url\":\"https:\/\/secure.gravatar.com\/avatar\/1d5c1e6773c91217fbf1820ce89547e8b07a0eaffc48d779672f06c28be4b151?s=96&d=mm&r=g\",\"contentUrl\":\"https:\/\/secure.gravatar.com\/avatar\/1d5c1e6773c91217fbf1820ce89547e8b07a0eaffc48d779672f06c28be4b151?s=96&d=mm&r=g\",\"caption\":\"Abdou SARR\"},\"url\":\"https:\/\/www.public.sn\/index.php\/author\/dousarr24\/\"}]}<\/script>\n<!-- \/ Yoast SEO plugin. -->","yoast_head_json":{"title":"N\u00e9crologie : le maire de Yeumbeul Sud Bara Gaye en deuil - LE PUBLIC","description":"Le Maire de la commune de Yeumbeul Sud, Bara Gaye est en deuil. Selon les informations, l\u2019honorable d\u00e9put\u00e9 vient de perdre sa m\u00e8re. Ainsi, les fun\u00e9railles sont pr\u00e9vues pour ce mardi 30 avril 2024, \u00e0 17 heures \u00e0 Mbour.","robots":{"index":"index","follow":"follow","max-snippet":"max-snippet:-1","max-image-preview":"max-image-preview:large","max-video-preview":"max-video-preview:-1"},"canonical":"https:\/\/www.public.sn\/index.php\/2024\/04\/30\/necrologie-le-maire-de-yeumbeul-sud-bara-gaye-en-deuil\/","og_locale":"fr_FR","og_type":"article","og_title":"N\u00e9crologie : le maire de Yeumbeul Sud Bara Gaye en deuil - LE PUBLIC","og_description":"Le Maire de la commune de Yeumbeul Sud, Bara Gaye est en deuil. Selon les informations, l\u2019honorable d\u00e9put\u00e9 vient de perdre sa m\u00e8re. Ainsi, les fun\u00e9railles sont pr\u00e9vues pour ce mardi 30 avril 2024, \u00e0 17 heures \u00e0 Mbour.","og_url":"https:\/\/www.public.sn\/index.php\/2024\/04\/30\/necrologie-le-maire-de-yeumbeul-sud-bara-gaye-en-deuil\/","og_site_name":"LE PUBLIC","article_published_time":"2024-04-30T16:07:17+00:00","og_image":[{"width":1140,"height":570,"url":"https:\/\/www.public.sn\/wp-content\/uploads\/2024\/04\/bara-gaye-1140x570-1.jpeg","type":"image\/jpeg"}],"author":"Abdou SARR","twitter_card":"summary_large_image","twitter_misc":{"\u00c9crit par":"Abdou SARR","Dur\u00e9e de lecture estim\u00e9e":"1 minute"},"schema":{"@context":"https:\/\/schema.org","@graph":[{"@type":"Article","@id":"https:\/\/www.public.sn\/index.php\/2024\/04\/30\/necrologie-le-maire-de-yeumbeul-sud-bara-gaye-en-deuil\/#article","isPartOf":{"@id":"https:\/\/www.public.sn\/index.php\/2024\/04\/30\/necrologie-le-maire-de-yeumbeul-sud-bara-gaye-en-deuil\/"},"author":{"name":"Abdou SARR","@id":"https:\/\/www.public.sn\/#\/schema\/person\/8fc5465b19f9ea9cf2212d8ca13397e3"},"headline":"N\u00e9crologie : le maire de Yeumbeul Sud Bara Gaye en deuil","datePublished":"2024-04-30T16:07:17+00:00","mainEntityOfPage":{"@id":"https:\/\/www.public.sn\/index.php\/2024\/04\/30\/necrologie-le-maire-de-yeumbeul-sud-bara-gaye-en-deuil\/"},"wordCount":70,"commentCount":0,"publisher":{"@id":"https:\/\/www.public.sn\/#organization"},"image":{"@id":"https:\/\/www.public.sn\/index.php\/2024\/04\/30\/necrologie-le-maire-de-yeumbeul-sud-bara-gaye-en-deuil\/#primaryimage"},"thumbnailUrl":"https:\/\/www.public.sn\/wp-content\/uploads\/2024\/04\/bara-gaye-1140x570-1.jpeg","keywords":["bara gaye","Deuil","maire"],"articleSection":["ACTUALIT\u00c9S"],"inLanguage":"fr-FR","potentialAction":[{"@type":"CommentAction","name":"Comment","target":["https:\/\/www.public.sn\/index.php\/2024\/04\/30\/necrologie-le-maire-de-yeumbeul-sud-bara-gaye-en-deuil\/#respond"]}]},{"@type":"WebPage","@id":"https:\/\/www.public.sn\/index.php\/2024\/04\/30\/necrologie-le-maire-de-yeumbeul-sud-bara-gaye-en-deuil\/","url":"https:\/\/www.public.sn\/index.php\/2024\/04\/30\/necrologie-le-maire-de-yeumbeul-sud-bara-gaye-en-deuil\/","name":"N\u00e9crologie : le maire de Yeumbeul Sud Bara Gaye en deuil - LE PUBLIC","isPartOf":{"@id":"https:\/\/www.public.sn\/#website"},"primaryImageOfPage":{"@id":"https:\/\/www.public.sn\/index.php\/2024\/04\/30\/necrologie-le-maire-de-yeumbeul-sud-bara-gaye-en-deuil\/#primaryimage"},"image":{"@id":"https:\/\/www.public.sn\/index.php\/2024\/04\/30\/necrologie-le-maire-de-yeumbeul-sud-bara-gaye-en-deuil\/#primaryimage"},"thumbnailUrl":"https:\/\/www.public.sn\/wp-content\/uploads\/2024\/04\/bara-gaye-1140x570-1.jpeg","datePublished":"2024-04-30T16:07:17+00:00","description":"Le Maire de la commune de Yeumbeul Sud, Bara Gaye est en deuil. Selon les informations, l\u2019honorable d\u00e9put\u00e9 vient de perdre sa m\u00e8re. Ainsi, les fun\u00e9railles sont pr\u00e9vues pour ce mardi 30 avril 2024, \u00e0 17 heures \u00e0 Mbour.","breadcrumb":{"@id":"https:\/\/www.public.sn\/index.php\/2024\/04\/30\/necrologie-le-maire-de-yeumbeul-sud-bara-gaye-en-deuil\/#breadcrumb"},"inLanguage":"fr-FR","potentialAction":[{"@type":"ReadAction","target":["https:\/\/www.public.sn\/index.php\/2024\/04\/30\/necrologie-le-maire-de-yeumbeul-sud-bara-gaye-en-deuil\/"]}]},{"@type":"ImageObject","inLanguage":"fr-FR","@id":"https:\/\/www.public.sn\/index.php\/2024\/04\/30\/necrologie-le-maire-de-yeumbeul-sud-bara-gaye-en-deuil\/#primaryimage","url":"https:\/\/www.public.sn\/wp-content\/uploads\/2024\/04\/bara-gaye-1140x570-1.jpeg","contentUrl":"https:\/\/www.public.sn\/wp-content\/uploads\/2024\/04\/bara-gaye-1140x570-1.jpeg","width":1140,"height":570},{"@type":"BreadcrumbList","@id":"https:\/\/www.public.sn\/index.php\/2024\/04\/30\/necrologie-le-maire-de-yeumbeul-sud-bara-gaye-en-deuil\/#breadcrumb","itemListElement":[{"@type":"ListItem","position":1,"name":"Accueil","item":"https:\/\/www.public.sn\/"},{"@type":"ListItem","position":2,"name":"N\u00e9crologie : le maire de Yeumbeul Sud Bara Gaye en deuil"}]},{"@type":"WebSite","@id":"https:\/\/www.public.sn\/#website","url":"https:\/\/www.public.sn\/","name":"LE PUBLIC","description":"","publisher":{"@id":"https:\/\/www.public.sn\/#organization"},"potentialAction":[{"@type":"SearchAction","target":{"@type":"EntryPoint","urlTemplate":"https:\/\/www.public.sn\/?s={search_term_string}"},"query-input":{"@type":"PropertyValueSpecification","valueRequired":true,"valueName":"search_term_string"}}],"inLanguage":"fr-FR"},{"@type":"Organization","@id":"https:\/\/www.public.sn\/#organization","name":"LE PUBLIC","url":"https:\/\/www.public.sn\/","logo":{"@type":"ImageObject","inLanguage":"fr-FR","@id":"https:\/\/www.public.sn\/#\/schema\/logo\/image\/","url":"https:\/\/www.public.sn\/wp-content\/uploads\/2024\/05\/cropped-LOGO-PUBLIC.SN_.png","contentUrl":"https:\/\/www.public.sn\/wp-content\/uploads\/2024\/05\/cropped-LOGO-PUBLIC.SN_.png","width":682,"height":192,"caption":"LE PUBLIC"},"image":{"@id":"https:\/\/www.public.sn\/#\/schema\/logo\/image\/"}},{"@type":"Person","@id":"https:\/\/www.public.sn\/#\/schema\/person\/8fc5465b19f9ea9cf2212d8ca13397e3","name":"Abdou SARR","image":{"@type":"ImageObject","inLanguage":"fr-FR","@id":"https:\/\/www.public.sn\/#\/schema\/person\/image\/","url":"https:\/\/secure.gravatar.com\/avatar\/1d5c1e6773c91217fbf1820ce89547e8b07a0eaffc48d779672f06c28be4b151?s=96&d=mm&r=g","contentUrl":"https:\/\/secure.gravatar.com\/avatar\/1d5c1e6773c91217fbf1820ce89547e8b07a0eaffc48d779672f06c28be4b151?s=96&d=mm&r=g","caption":"Abdou SARR"},"url":"https:\/\/www.public.sn\/index.php\/author\/dousarr24\/"}]}},"jetpack_featured_media_url":"https:\/\/www.public.sn\/wp-content\/uploads\/2024\/04\/bara-gaye-1140x570-1.jpeg","jetpack_sharing_enabled":true,"_links":{"self":[{"href":"https:\/\/www.public.sn\/index.php\/wp-json\/wp\/v2\/posts\/32201","targetHints":{"allow":["GET"]}}],"collection":[{"href":"https:\/\/www.public.sn\/index.php\/wp-json\/wp\/v2\/posts"}],"about":[{"href":"https:\/\/www.public.sn\/index.php\/wp-json\/wp\/v2\/types\/post"}],"author":[{"embeddable":true,"href":"https:\/\/www.public.sn\/index.php\/wp-json\/wp\/v2\/users\/13"}],"replies":[{"embeddable":true,"href":"https:\/\/www.public.sn\/index.php\/wp-json\/wp\/v2\/comments?post=32201"}],"version-history":[{"count":1,"href":"https:\/\/www.public.sn\/index.php\/wp-json\/wp\/v2\/posts\/32201\/revisions"}],"predecessor-version":[{"id":32202,"href":"https:\/\/www.public.sn\/index.php\/wp-json\/wp\/v2\/posts\/32201\/revisions\/32202"}],"wp:featuredmedia":[{"embeddable":true,"href":"https:\/\/www.public.sn\/index.php\/wp-json\/wp\/v2\/media\/32203"}],"wp:attachment":[{"href":"https:\/\/www.public.sn\/index.php\/wp-json\/wp\/v2\/media?parent=32201"}],"wp:term":[{"taxonomy":"category","embeddable":true,"href":"https:\/\/www.public.sn\/index.php\/wp-json\/wp\/v2\/categories?post=32201"},{"taxonomy":"post_tag","embeddable":true,"href":"https:\/\/www.public.sn\/index.php\/wp-json\/wp\/v2\/tags?post=32201"}],"curies":[{"name":"wp","href":"https:\/\/api.w.org\/{rel}","templated":true}]}}