{"id":3221,"date":"2022-09-30T08:46:12","date_gmt":"2022-09-30T08:46:12","guid":{"rendered":"https:\/\/www.public.sn\/?p=3221"},"modified":"2022-09-30T10:02:15","modified_gmt":"2022-09-30T10:02:15","slug":"aminata-toure-sur-rfi-lamnistie-de-karim-ma-coute-le-perchoir","status":"publish","type":"post","link":"https:\/\/www.public.sn\/index.php\/2022\/09\/30\/aminata-toure-sur-rfi-lamnistie-de-karim-ma-coute-le-perchoir\/","title":{"rendered":"Aminata Tour\u00e9 : \u00ab\u00a0l&rsquo;Amnistie de Karim m&rsquo;a cout\u00e9 le perchoir\u00a0\u00bb"},"content":{"rendered":"\n<p>Dans un entretien avec nos confr\u00e8res de RFI l&rsquo;ancienne premi\u00e8re ministre r\u00e9v\u00e8le que le pr\u00e9sident de la R\u00e9publique lui a retir\u00e9 sa promesse de la nommer au poste de pr\u00e9sidente de l&rsquo;assembl\u00e9e Nationale a cause de l&rsquo;amnistie de Karim Wade. En effet , le pr\u00e9sident savait pertinemment qu&rsquo;elle est contre toute amnistie pour des faits de d\u00e9tournements de deniers publics. Cette prise de position a \u00e9t\u00e9 en v\u00e9rit\u00e9 le d\u00e9clic pour le pr\u00e9sident Macky Sall de ne plus lui confier le poste. Aminata Tour\u00e9 reste convaincue que Macky Sall savait que cette amnistie \u00e9tait contraire \u00e0 ses principes. Par ailleurs \u00e0 ses d\u00e9tracteurs, elle rappelle que c&rsquo;est bien le pr\u00e9sident de la R\u00e9publique qui l&rsquo;a trahi. Aminata Tour\u00e9 rappelle que la Constitution est tr\u00e8s claire car \u00ab\u00a0nul ne peut faire plus de deux mandats cons\u00e9cutifs\u00a0\u00bb. Et cela le pr\u00e9sident de la R\u00e9publique le sait. <\/p><div class=\"publi-paragraphe1\" style=\"margin-top: 10px;margin-bottom: 10px;margin-left: auto;margin-right: auto;text-align: center;\" id=\"publi-4215379344\"><div class=\"publi-adlabel\">Publicit\u00e9<\/div><script async src=\"\/\/pagead2.googlesyndication.com\/pagead\/js\/adsbygoogle.js?client=ca-pub-4089586018074219\" crossorigin=\"anonymous\"><\/script><ins class=\"adsbygoogle\" style=\"display:block;\" data-ad-client=\"ca-pub-4089586018074219\" \ndata-ad-slot=\"2087940154\" \ndata-ad-format=\"auto\"><\/ins>\n<script> \n(adsbygoogle = window.adsbygoogle || []).push({}); \n<\/script>\n<\/div>\n\n\n\n<p>Samba SY.<\/p>\n<div class=\"publi-apres-le-contenu\" style=\"margin-top: 10px;margin-bottom: 10px;margin-left: auto;margin-right: auto;text-align: center;\" id=\"publi-2760184017\"><div class=\"publi-adlabel\">Publicit\u00e9<\/div><script async src=\"\/\/pagead2.googlesyndication.com\/pagead\/js\/adsbygoogle.js?client=ca-pub-4089586018074219\" crossorigin=\"anonymous\"><\/script><ins class=\"adsbygoogle\" style=\"display:block;\" data-ad-client=\"ca-pub-4089586018074219\" \ndata-ad-slot=\"2087940154\" \ndata-ad-format=\"auto\"><\/ins>\n<script> \n(adsbygoogle = window.adsbygoogle || []).push({}); \n<\/script>\n<\/div>","protected":false},"excerpt":{"rendered":"<p>Dans un entretien avec nos confr\u00e8res de RFI l&rsquo;ancienne premi\u00e8re ministre r\u00e9v\u00e8le que le pr\u00e9sident de la R\u00e9publique lui a retir\u00e9 sa promesse de la nommer au poste de pr\u00e9sidente de l&rsquo;assembl\u00e9e Nationale a cause de l&rsquo;amnistie de Karim Wade. En effet , le pr\u00e9sident savait pertinemment qu&rsquo;elle est contre toute amnistie pour des faits de d\u00e9tournements de deniers publics. Cette prise de position a \u00e9t\u00e9 en v\u00e9rit\u00e9 le d\u00e9clic pour le pr\u00e9sident Macky Sall de ne plus lui confier le poste. Aminata Tour\u00e9 reste convaincue que Macky Sall savait que cette amnistie \u00e9tait contraire \u00e0 ses principes. Par ailleurs \u00e0 ses d\u00e9tracteurs, elle rappelle que c&rsquo;est bien le pr\u00e9sident de la R\u00e9publique qui l&rsquo;a trahi. Aminata Tour\u00e9 rappelle que la Constitution est tr\u00e8s claire car \u00ab\u00a0nul ne peut faire plus de deux mandats cons\u00e9cutifs\u00a0\u00bb. Et cela le pr\u00e9sident de la R\u00e9publique le sait. Samba SY.<\/p>\n","protected":false},"author":1,"featured_media":3267,"comment_status":"open","ping_status":"open","sticky":false,"template":"","format":"standard","meta":{"_jetpack_memberships_contains_paid_content":false,"footnotes":""},"categories":[375,3,1,372],"tags":[117,12,638,1089],"class_list":["post-3221","post","type-post","status-publish","format-standard","has-post-thumbnail","hentry","category-actualites","category-politique","category-non-classe","category-vedette","tag-amnistie","tag-assemblee-nationale","tag-karim","tag-rfi","entry","has-media","owp-thumbs-layout-horizontal","owp-btn-normal","owp-tabs-layout-horizontal","has-no-thumbnails","has-product-nav"],"yoast_head":"<!-- This site is optimized with the Yoast SEO plugin v25.5 - https:\/\/yoast.com\/wordpress\/plugins\/seo\/ -->\n<title>Aminata Tour\u00e9 : &quot;l&#039;Amnistie de Karim m&#039;a cout\u00e9 le perchoir&quot; - LE PUBLIC<\/title>\n<meta name=\"robots\" content=\"index, follow, max-snippet:-1, max-image-preview:large, max-video-preview:-1\" \/>\n<link rel=\"canonical\" href=\"https:\/\/www.public.sn\/index.php\/2022\/09\/30\/aminata-toure-sur-rfi-lamnistie-de-karim-ma-coute-le-perchoir\/\" \/>\n<meta property=\"og:locale\" content=\"fr_FR\" \/>\n<meta property=\"og:type\" content=\"article\" \/>\n<meta property=\"og:title\" content=\"Aminata Tour\u00e9 : &quot;l&#039;Amnistie de Karim m&#039;a cout\u00e9 le perchoir&quot; - LE PUBLIC\" \/>\n<meta property=\"og:description\" content=\"Dans un entretien avec nos confr\u00e8res de RFI l&rsquo;ancienne premi\u00e8re ministre r\u00e9v\u00e8le que le pr\u00e9sident de la R\u00e9publique lui a retir\u00e9 sa promesse de la nommer au poste de pr\u00e9sidente de l&rsquo;assembl\u00e9e Nationale a cause de l&rsquo;amnistie de Karim Wade. En effet , le pr\u00e9sident savait pertinemment qu&rsquo;elle est contre toute amnistie pour des faits de d\u00e9tournements de deniers publics. Cette prise de position a \u00e9t\u00e9 en v\u00e9rit\u00e9 le d\u00e9clic pour le pr\u00e9sident Macky Sall de ne plus lui confier le poste. Aminata Tour\u00e9 reste convaincue que Macky Sall savait que cette amnistie \u00e9tait contraire \u00e0 ses principes. Par ailleurs \u00e0 ses d\u00e9tracteurs, elle rappelle que c&rsquo;est bien le pr\u00e9sident de la R\u00e9publique qui l&rsquo;a trahi. Aminata Tour\u00e9 rappelle que la Constitution est tr\u00e8s claire car \u00ab\u00a0nul ne peut faire plus de deux mandats cons\u00e9cutifs\u00a0\u00bb. Et cela le pr\u00e9sident de la R\u00e9publique le sait. Samba SY.\" \/>\n<meta property=\"og:url\" content=\"https:\/\/www.public.sn\/index.php\/2022\/09\/30\/aminata-toure-sur-rfi-lamnistie-de-karim-ma-coute-le-perchoir\/\" \/>\n<meta property=\"og:site_name\" content=\"LE PUBLIC\" \/>\n<meta property=\"article:published_time\" content=\"2022-09-30T08:46:12+00:00\" \/>\n<meta property=\"article:modified_time\" content=\"2022-09-30T10:02:15+00:00\" \/>\n<meta property=\"og:image\" content=\"https:\/\/www.public.sn\/wp-content\/uploads\/2022\/09\/8405633-13188149.jpeg\" \/>\n\t<meta property=\"og:image:width\" content=\"694\" \/>\n\t<meta property=\"og:image:height\" content=\"624\" \/>\n\t<meta property=\"og:image:type\" content=\"image\/jpeg\" \/>\n<meta name=\"author\" content=\"LA REDACTION\" \/>\n<meta name=\"twitter:card\" content=\"summary_large_image\" \/>\n<meta name=\"twitter:label1\" content=\"\u00c9crit par\" \/>\n\t<meta name=\"twitter:data1\" content=\"LA REDACTION\" \/>\n\t<meta name=\"twitter:label2\" content=\"Dur\u00e9e de lecture estim\u00e9e\" \/>\n\t<meta name=\"twitter:data2\" content=\"1 minute\" \/>\n<script type=\"application\/ld+json\" class=\"yoast-schema-graph\">{\"@context\":\"https:\/\/schema.org\",\"@graph\":[{\"@type\":\"Article\",\"@id\":\"https:\/\/www.public.sn\/index.php\/2022\/09\/30\/aminata-toure-sur-rfi-lamnistie-de-karim-ma-coute-le-perchoir\/#article\",\"isPartOf\":{\"@id\":\"https:\/\/www.public.sn\/index.php\/2022\/09\/30\/aminata-toure-sur-rfi-lamnistie-de-karim-ma-coute-le-perchoir\/\"},\"author\":{\"name\":\"LA REDACTION\",\"@id\":\"https:\/\/www.public.sn\/#\/schema\/person\/e3f4a11b037d4203902db148f9bc8d5a\"},\"headline\":\"Aminata Tour\u00e9 : \u00ab\u00a0l&rsquo;Amnistie de Karim m&rsquo;a cout\u00e9 le perchoir\u00a0\u00bb\",\"datePublished\":\"2022-09-30T08:46:12+00:00\",\"dateModified\":\"2022-09-30T10:02:15+00:00\",\"mainEntityOfPage\":{\"@id\":\"https:\/\/www.public.sn\/index.php\/2022\/09\/30\/aminata-toure-sur-rfi-lamnistie-de-karim-ma-coute-le-perchoir\/\"},\"wordCount\":172,\"commentCount\":0,\"publisher\":{\"@id\":\"https:\/\/www.public.sn\/#organization\"},\"image\":{\"@id\":\"https:\/\/www.public.sn\/index.php\/2022\/09\/30\/aminata-toure-sur-rfi-lamnistie-de-karim-ma-coute-le-perchoir\/#primaryimage\"},\"thumbnailUrl\":\"https:\/\/www.public.sn\/wp-content\/uploads\/2022\/09\/8405633-13188149.jpeg\",\"keywords\":[\"Amnistie\",\"Assembl\u00e9e Nationale\",\"Karim\",\"Rfi\"],\"articleSection\":[\"ACTUALIT\u00c9S\",\"POLITIQUE\",\"S\u00c9N\u00c9GAL\",\"VEDETTE\"],\"inLanguage\":\"fr-FR\",\"potentialAction\":[{\"@type\":\"CommentAction\",\"name\":\"Comment\",\"target\":[\"https:\/\/www.public.sn\/index.php\/2022\/09\/30\/aminata-toure-sur-rfi-lamnistie-de-karim-ma-coute-le-perchoir\/#respond\"]}]},{\"@type\":\"WebPage\",\"@id\":\"https:\/\/www.public.sn\/index.php\/2022\/09\/30\/aminata-toure-sur-rfi-lamnistie-de-karim-ma-coute-le-perchoir\/\",\"url\":\"https:\/\/www.public.sn\/index.php\/2022\/09\/30\/aminata-toure-sur-rfi-lamnistie-de-karim-ma-coute-le-perchoir\/\",\"name\":\"Aminata Tour\u00e9 : \\\"l'Amnistie de Karim m'a cout\u00e9 le perchoir\\\" - LE PUBLIC\",\"isPartOf\":{\"@id\":\"https:\/\/www.public.sn\/#website\"},\"primaryImageOfPage\":{\"@id\":\"https:\/\/www.public.sn\/index.php\/2022\/09\/30\/aminata-toure-sur-rfi-lamnistie-de-karim-ma-coute-le-perchoir\/#primaryimage\"},\"image\":{\"@id\":\"https:\/\/www.public.sn\/index.php\/2022\/09\/30\/aminata-toure-sur-rfi-lamnistie-de-karim-ma-coute-le-perchoir\/#primaryimage\"},\"thumbnailUrl\":\"https:\/\/www.public.sn\/wp-content\/uploads\/2022\/09\/8405633-13188149.jpeg\",\"datePublished\":\"2022-09-30T08:46:12+00:00\",\"dateModified\":\"2022-09-30T10:02:15+00:00\",\"breadcrumb\":{\"@id\":\"https:\/\/www.public.sn\/index.php\/2022\/09\/30\/aminata-toure-sur-rfi-lamnistie-de-karim-ma-coute-le-perchoir\/#breadcrumb\"},\"inLanguage\":\"fr-FR\",\"potentialAction\":[{\"@type\":\"ReadAction\",\"target\":[\"https:\/\/www.public.sn\/index.php\/2022\/09\/30\/aminata-toure-sur-rfi-lamnistie-de-karim-ma-coute-le-perchoir\/\"]}]},{\"@type\":\"ImageObject\",\"inLanguage\":\"fr-FR\",\"@id\":\"https:\/\/www.public.sn\/index.php\/2022\/09\/30\/aminata-toure-sur-rfi-lamnistie-de-karim-ma-coute-le-perchoir\/#primaryimage\",\"url\":\"https:\/\/www.public.sn\/wp-content\/uploads\/2022\/09\/8405633-13188149.jpeg\",\"contentUrl\":\"https:\/\/www.public.sn\/wp-content\/uploads\/2022\/09\/8405633-13188149.jpeg\",\"width\":694,\"height\":624},{\"@type\":\"BreadcrumbList\",\"@id\":\"https:\/\/www.public.sn\/index.php\/2022\/09\/30\/aminata-toure-sur-rfi-lamnistie-de-karim-ma-coute-le-perchoir\/#breadcrumb\",\"itemListElement\":[{\"@type\":\"ListItem\",\"position\":1,\"name\":\"Accueil\",\"item\":\"https:\/\/www.public.sn\/\"},{\"@type\":\"ListItem\",\"position\":2,\"name\":\"Aminata Tour\u00e9 : \u00ab\u00a0l&rsquo;Amnistie de Karim m&rsquo;a cout\u00e9 le perchoir\u00a0\u00bb\"}]},{\"@type\":\"WebSite\",\"@id\":\"https:\/\/www.public.sn\/#website\",\"url\":\"https:\/\/www.public.sn\/\",\"name\":\"LE PUBLIC\",\"description\":\"\",\"publisher\":{\"@id\":\"https:\/\/www.public.sn\/#organization\"},\"potentialAction\":[{\"@type\":\"SearchAction\",\"target\":{\"@type\":\"EntryPoint\",\"urlTemplate\":\"https:\/\/www.public.sn\/?s={search_term_string}\"},\"query-input\":{\"@type\":\"PropertyValueSpecification\",\"valueRequired\":true,\"valueName\":\"search_term_string\"}}],\"inLanguage\":\"fr-FR\"},{\"@type\":\"Organization\",\"@id\":\"https:\/\/www.public.sn\/#organization\",\"name\":\"LE PUBLIC\",\"url\":\"https:\/\/www.public.sn\/\",\"logo\":{\"@type\":\"ImageObject\",\"inLanguage\":\"fr-FR\",\"@id\":\"https:\/\/www.public.sn\/#\/schema\/logo\/image\/\",\"url\":\"https:\/\/www.public.sn\/wp-content\/uploads\/2024\/05\/cropped-LOGO-PUBLIC.SN_.png\",\"contentUrl\":\"https:\/\/www.public.sn\/wp-content\/uploads\/2024\/05\/cropped-LOGO-PUBLIC.SN_.png\",\"width\":682,\"height\":192,\"caption\":\"LE PUBLIC\"},\"image\":{\"@id\":\"https:\/\/www.public.sn\/#\/schema\/logo\/image\/\"}},{\"@type\":\"Person\",\"@id\":\"https:\/\/www.public.sn\/#\/schema\/person\/e3f4a11b037d4203902db148f9bc8d5a\",\"name\":\"LA REDACTION\",\"image\":{\"@type\":\"ImageObject\",\"inLanguage\":\"fr-FR\",\"@id\":\"https:\/\/www.public.sn\/#\/schema\/person\/image\/\",\"url\":\"https:\/\/secure.gravatar.com\/avatar\/d6c030db45db2883c075085c5d6c6258654a801a93766b49af0b82d4f454e2a5?s=96&d=mm&r=g\",\"contentUrl\":\"https:\/\/secure.gravatar.com\/avatar\/d6c030db45db2883c075085c5d6c6258654a801a93766b49af0b82d4f454e2a5?s=96&d=mm&r=g\",\"caption\":\"LA REDACTION\"},\"sameAs\":[\"http:\/\/www.public.sn\"],\"url\":\"https:\/\/www.public.sn\/index.php\/author\/admin7324\/\"}]}<\/script>\n<!-- \/ Yoast SEO plugin. -->","yoast_head_json":{"title":"Aminata Tour\u00e9 : \"l'Amnistie de Karim m'a cout\u00e9 le perchoir\" - LE PUBLIC","robots":{"index":"index","follow":"follow","max-snippet":"max-snippet:-1","max-image-preview":"max-image-preview:large","max-video-preview":"max-video-preview:-1"},"canonical":"https:\/\/www.public.sn\/index.php\/2022\/09\/30\/aminata-toure-sur-rfi-lamnistie-de-karim-ma-coute-le-perchoir\/","og_locale":"fr_FR","og_type":"article","og_title":"Aminata Tour\u00e9 : \"l'Amnistie de Karim m'a cout\u00e9 le perchoir\" - LE PUBLIC","og_description":"Dans un entretien avec nos confr\u00e8res de RFI l&rsquo;ancienne premi\u00e8re ministre r\u00e9v\u00e8le que le pr\u00e9sident de la R\u00e9publique lui a retir\u00e9 sa promesse de la nommer au poste de pr\u00e9sidente de l&rsquo;assembl\u00e9e Nationale a cause de l&rsquo;amnistie de Karim Wade. En effet , le pr\u00e9sident savait pertinemment qu&rsquo;elle est contre toute amnistie pour des faits de d\u00e9tournements de deniers publics. Cette prise de position a \u00e9t\u00e9 en v\u00e9rit\u00e9 le d\u00e9clic pour le pr\u00e9sident Macky Sall de ne plus lui confier le poste. Aminata Tour\u00e9 reste convaincue que Macky Sall savait que cette amnistie \u00e9tait contraire \u00e0 ses principes. Par ailleurs \u00e0 ses d\u00e9tracteurs, elle rappelle que c&rsquo;est bien le pr\u00e9sident de la R\u00e9publique qui l&rsquo;a trahi. Aminata Tour\u00e9 rappelle que la Constitution est tr\u00e8s claire car \u00ab\u00a0nul ne peut faire plus de deux mandats cons\u00e9cutifs\u00a0\u00bb. Et cela le pr\u00e9sident de la R\u00e9publique le sait. Samba SY.","og_url":"https:\/\/www.public.sn\/index.php\/2022\/09\/30\/aminata-toure-sur-rfi-lamnistie-de-karim-ma-coute-le-perchoir\/","og_site_name":"LE PUBLIC","article_published_time":"2022-09-30T08:46:12+00:00","article_modified_time":"2022-09-30T10:02:15+00:00","og_image":[{"width":694,"height":624,"url":"https:\/\/www.public.sn\/wp-content\/uploads\/2022\/09\/8405633-13188149.jpeg","type":"image\/jpeg"}],"author":"LA REDACTION","twitter_card":"summary_large_image","twitter_misc":{"\u00c9crit par":"LA REDACTION","Dur\u00e9e de lecture estim\u00e9e":"1 minute"},"schema":{"@context":"https:\/\/schema.org","@graph":[{"@type":"Article","@id":"https:\/\/www.public.sn\/index.php\/2022\/09\/30\/aminata-toure-sur-rfi-lamnistie-de-karim-ma-coute-le-perchoir\/#article","isPartOf":{"@id":"https:\/\/www.public.sn\/index.php\/2022\/09\/30\/aminata-toure-sur-rfi-lamnistie-de-karim-ma-coute-le-perchoir\/"},"author":{"name":"LA REDACTION","@id":"https:\/\/www.public.sn\/#\/schema\/person\/e3f4a11b037d4203902db148f9bc8d5a"},"headline":"Aminata Tour\u00e9 : \u00ab\u00a0l&rsquo;Amnistie de Karim m&rsquo;a cout\u00e9 le perchoir\u00a0\u00bb","datePublished":"2022-09-30T08:46:12+00:00","dateModified":"2022-09-30T10:02:15+00:00","mainEntityOfPage":{"@id":"https:\/\/www.public.sn\/index.php\/2022\/09\/30\/aminata-toure-sur-rfi-lamnistie-de-karim-ma-coute-le-perchoir\/"},"wordCount":172,"commentCount":0,"publisher":{"@id":"https:\/\/www.public.sn\/#organization"},"image":{"@id":"https:\/\/www.public.sn\/index.php\/2022\/09\/30\/aminata-toure-sur-rfi-lamnistie-de-karim-ma-coute-le-perchoir\/#primaryimage"},"thumbnailUrl":"https:\/\/www.public.sn\/wp-content\/uploads\/2022\/09\/8405633-13188149.jpeg","keywords":["Amnistie","Assembl\u00e9e Nationale","Karim","Rfi"],"articleSection":["ACTUALIT\u00c9S","POLITIQUE","S\u00c9N\u00c9GAL","VEDETTE"],"inLanguage":"fr-FR","potentialAction":[{"@type":"CommentAction","name":"Comment","target":["https:\/\/www.public.sn\/index.php\/2022\/09\/30\/aminata-toure-sur-rfi-lamnistie-de-karim-ma-coute-le-perchoir\/#respond"]}]},{"@type":"WebPage","@id":"https:\/\/www.public.sn\/index.php\/2022\/09\/30\/aminata-toure-sur-rfi-lamnistie-de-karim-ma-coute-le-perchoir\/","url":"https:\/\/www.public.sn\/index.php\/2022\/09\/30\/aminata-toure-sur-rfi-lamnistie-de-karim-ma-coute-le-perchoir\/","name":"Aminata Tour\u00e9 : \"l'Amnistie de Karim m'a cout\u00e9 le perchoir\" - LE PUBLIC","isPartOf":{"@id":"https:\/\/www.public.sn\/#website"},"primaryImageOfPage":{"@id":"https:\/\/www.public.sn\/index.php\/2022\/09\/30\/aminata-toure-sur-rfi-lamnistie-de-karim-ma-coute-le-perchoir\/#primaryimage"},"image":{"@id":"https:\/\/www.public.sn\/index.php\/2022\/09\/30\/aminata-toure-sur-rfi-lamnistie-de-karim-ma-coute-le-perchoir\/#primaryimage"},"thumbnailUrl":"https:\/\/www.public.sn\/wp-content\/uploads\/2022\/09\/8405633-13188149.jpeg","datePublished":"2022-09-30T08:46:12+00:00","dateModified":"2022-09-30T10:02:15+00:00","breadcrumb":{"@id":"https:\/\/www.public.sn\/index.php\/2022\/09\/30\/aminata-toure-sur-rfi-lamnistie-de-karim-ma-coute-le-perchoir\/#breadcrumb"},"inLanguage":"fr-FR","potentialAction":[{"@type":"ReadAction","target":["https:\/\/www.public.sn\/index.php\/2022\/09\/30\/aminata-toure-sur-rfi-lamnistie-de-karim-ma-coute-le-perchoir\/"]}]},{"@type":"ImageObject","inLanguage":"fr-FR","@id":"https:\/\/www.public.sn\/index.php\/2022\/09\/30\/aminata-toure-sur-rfi-lamnistie-de-karim-ma-coute-le-perchoir\/#primaryimage","url":"https:\/\/www.public.sn\/wp-content\/uploads\/2022\/09\/8405633-13188149.jpeg","contentUrl":"https:\/\/www.public.sn\/wp-content\/uploads\/2022\/09\/8405633-13188149.jpeg","width":694,"height":624},{"@type":"BreadcrumbList","@id":"https:\/\/www.public.sn\/index.php\/2022\/09\/30\/aminata-toure-sur-rfi-lamnistie-de-karim-ma-coute-le-perchoir\/#breadcrumb","itemListElement":[{"@type":"ListItem","position":1,"name":"Accueil","item":"https:\/\/www.public.sn\/"},{"@type":"ListItem","position":2,"name":"Aminata Tour\u00e9 : \u00ab\u00a0l&rsquo;Amnistie de Karim m&rsquo;a cout\u00e9 le perchoir\u00a0\u00bb"}]},{"@type":"WebSite","@id":"https:\/\/www.public.sn\/#website","url":"https:\/\/www.public.sn\/","name":"LE PUBLIC","description":"","publisher":{"@id":"https:\/\/www.public.sn\/#organization"},"potentialAction":[{"@type":"SearchAction","target":{"@type":"EntryPoint","urlTemplate":"https:\/\/www.public.sn\/?s={search_term_string}"},"query-input":{"@type":"PropertyValueSpecification","valueRequired":true,"valueName":"search_term_string"}}],"inLanguage":"fr-FR"},{"@type":"Organization","@id":"https:\/\/www.public.sn\/#organization","name":"LE PUBLIC","url":"https:\/\/www.public.sn\/","logo":{"@type":"ImageObject","inLanguage":"fr-FR","@id":"https:\/\/www.public.sn\/#\/schema\/logo\/image\/","url":"https:\/\/www.public.sn\/wp-content\/uploads\/2024\/05\/cropped-LOGO-PUBLIC.SN_.png","contentUrl":"https:\/\/www.public.sn\/wp-content\/uploads\/2024\/05\/cropped-LOGO-PUBLIC.SN_.png","width":682,"height":192,"caption":"LE PUBLIC"},"image":{"@id":"https:\/\/www.public.sn\/#\/schema\/logo\/image\/"}},{"@type":"Person","@id":"https:\/\/www.public.sn\/#\/schema\/person\/e3f4a11b037d4203902db148f9bc8d5a","name":"LA REDACTION","image":{"@type":"ImageObject","inLanguage":"fr-FR","@id":"https:\/\/www.public.sn\/#\/schema\/person\/image\/","url":"https:\/\/secure.gravatar.com\/avatar\/d6c030db45db2883c075085c5d6c6258654a801a93766b49af0b82d4f454e2a5?s=96&d=mm&r=g","contentUrl":"https:\/\/secure.gravatar.com\/avatar\/d6c030db45db2883c075085c5d6c6258654a801a93766b49af0b82d4f454e2a5?s=96&d=mm&r=g","caption":"LA REDACTION"},"sameAs":["http:\/\/www.public.sn"],"url":"https:\/\/www.public.sn\/index.php\/author\/admin7324\/"}]}},"jetpack_featured_media_url":"https:\/\/www.public.sn\/wp-content\/uploads\/2022\/09\/8405633-13188149.jpeg","jetpack_sharing_enabled":true,"_links":{"self":[{"href":"https:\/\/www.public.sn\/index.php\/wp-json\/wp\/v2\/posts\/3221","targetHints":{"allow":["GET"]}}],"collection":[{"href":"https:\/\/www.public.sn\/index.php\/wp-json\/wp\/v2\/posts"}],"about":[{"href":"https:\/\/www.public.sn\/index.php\/wp-json\/wp\/v2\/types\/post"}],"author":[{"embeddable":true,"href":"https:\/\/www.public.sn\/index.php\/wp-json\/wp\/v2\/users\/1"}],"replies":[{"embeddable":true,"href":"https:\/\/www.public.sn\/index.php\/wp-json\/wp\/v2\/comments?post=3221"}],"version-history":[{"count":4,"href":"https:\/\/www.public.sn\/index.php\/wp-json\/wp\/v2\/posts\/3221\/revisions"}],"predecessor-version":[{"id":3274,"href":"https:\/\/www.public.sn\/index.php\/wp-json\/wp\/v2\/posts\/3221\/revisions\/3274"}],"wp:featuredmedia":[{"embeddable":true,"href":"https:\/\/www.public.sn\/index.php\/wp-json\/wp\/v2\/media\/3267"}],"wp:attachment":[{"href":"https:\/\/www.public.sn\/index.php\/wp-json\/wp\/v2\/media?parent=3221"}],"wp:term":[{"taxonomy":"category","embeddable":true,"href":"https:\/\/www.public.sn\/index.php\/wp-json\/wp\/v2\/categories?post=3221"},{"taxonomy":"post_tag","embeddable":true,"href":"https:\/\/www.public.sn\/index.php\/wp-json\/wp\/v2\/tags?post=3221"}],"curies":[{"name":"wp","href":"https:\/\/api.w.org\/{rel}","templated":true}]}}