{"id":32216,"date":"2024-04-30T22:40:11","date_gmt":"2024-04-30T22:40:11","guid":{"rendered":"https:\/\/www.public.sn\/?p=32216"},"modified":"2024-04-30T22:40:11","modified_gmt":"2024-04-30T22:40:11","slug":"cinquantenaire-du-pds-ce-cours-magistral-du-president-wade-aux-jeunes-du-parti","status":"publish","type":"post","link":"https:\/\/www.public.sn\/index.php\/2024\/04\/30\/cinquantenaire-du-pds-ce-cours-magistral-du-president-wade-aux-jeunes-du-parti\/","title":{"rendered":"Cinquantenaire du PDS : ce cours magistral du pr\u00e9sident Wade aux jeunes du parti"},"content":{"rendered":"<p><strong>Perdu de vu depuis longtemps, le pr\u00e9sident Abdoulaye Wade refait surface. Ce mardi, en pr\u00e9lude \u00e0 la comm\u00e9moration du cinquantenaire du Parti D\u00e9mocratique S\u00e9n\u00e9galais (PDS), \u00ab\u00a0il a re\u00e7u le pool des porte-paroles, quelques membres de la communication digitale et la secr\u00e9taire nationale en charge de la communication.\u00a0\u00bb, note une circulaire de la cellule\u00a0 communication digitale du parti. Toujours selon la note, \u00ab\u00a0Il a longuement discut\u00e9 avec les jeunes autour des valeurs telles que la loyaut\u00e9, la conviction.\u00a0\u00bb non sans \u00a0\u00bb insist\u00e9 sur le travail et \u00e0 la formation des jeunes. \u00ab\u00a0<\/strong><\/p><div class=\"publi-paragraphe1\" style=\"margin-top: 10px;margin-bottom: 10px;margin-left: auto;margin-right: auto;text-align: center;\" id=\"publi-3313914144\"><div class=\"publi-adlabel\">Publicit\u00e9<\/div><script async src=\"\/\/pagead2.googlesyndication.com\/pagead\/js\/adsbygoogle.js?client=ca-pub-4089586018074219\" crossorigin=\"anonymous\"><\/script><ins class=\"adsbygoogle\" style=\"display:block;\" data-ad-client=\"ca-pub-4089586018074219\" \ndata-ad-slot=\"2087940154\" \ndata-ad-format=\"auto\"><\/ins>\n<script> \n(adsbygoogle = window.adsbygoogle || []).push({}); \n<\/script>\n<\/div>\n<p>Pendant 2 tours d\u2019horloge il a donn\u00e9 un cours magistral sur le parcours du PDS, sur son parcours personnel et s\u2019est dit rassur\u00e9 car il sait que la rel\u00e8ve est assur\u00e9e par une belle jeunesse \u00e9duqu\u00e9e mais pleine de valeurs.<\/p>\n<p>Il a formul\u00e9 des pri\u00e8res pour le pays, le parti et pour la d\u00e9l\u00e9gation venue lui rendre visite. \u00ab\u00a0Le Pr\u00e9sident Wade a \u00e9galement donn\u00e9 une ligne directrice au porte parole et \u00e0 ses adjoints mais aussi \u00e0 la communication du parti.\u00a0\u00bb lit-on dans la note<\/p>\n<p>Enfin, le cinquantenaire du Pds qui se f\u00eatera dans 2 mois \u00e9tait \u00e9galement au menu des sujets d\u00e9battus, des recommandations ont \u00e9t\u00e9 faites dans le sens du cinquantenaire du parti.<\/p>\n<div class=\"publi-apres-le-contenu\" style=\"margin-top: 10px;margin-bottom: 10px;margin-left: auto;margin-right: auto;text-align: center;\" id=\"publi-3049067491\"><div class=\"publi-adlabel\">Publicit\u00e9<\/div><script async src=\"\/\/pagead2.googlesyndication.com\/pagead\/js\/adsbygoogle.js?client=ca-pub-4089586018074219\" crossorigin=\"anonymous\"><\/script><ins class=\"adsbygoogle\" style=\"display:block;\" data-ad-client=\"ca-pub-4089586018074219\" \ndata-ad-slot=\"2087940154\" \ndata-ad-format=\"auto\"><\/ins>\n<script> \n(adsbygoogle = window.adsbygoogle || []).push({}); \n<\/script>\n<\/div>","protected":false},"excerpt":{"rendered":"<p>Perdu de vu depuis longtemps, le pr\u00e9sident Abdoulaye Wade refait surface. Ce mardi, en pr\u00e9lude \u00e0 la comm\u00e9moration du cinquantenaire du Parti D\u00e9mocratique S\u00e9n\u00e9galais (PDS), \u00ab\u00a0il a re\u00e7u le pool des porte-paroles, quelques membres de la communication digitale et la secr\u00e9taire nationale en charge de la communication.\u00a0\u00bb, note une circulaire de la cellule\u00a0 communication digitale du parti. Toujours selon la note, \u00ab\u00a0Il a longuement discut\u00e9 avec les jeunes autour des valeurs telles que la loyaut\u00e9, la conviction.\u00a0\u00bb non sans \u00a0\u00bb insist\u00e9 sur le travail et \u00e0 la formation des jeunes. \u00ab\u00a0 Pendant 2 tours d\u2019horloge il a donn\u00e9 un cours magistral sur le parcours du PDS, sur son parcours personnel et s\u2019est dit rassur\u00e9 car il sait que la rel\u00e8ve est assur\u00e9e par une belle jeunesse \u00e9duqu\u00e9e mais pleine de valeurs. Il a formul\u00e9 des pri\u00e8res pour le pays, le parti et pour la d\u00e9l\u00e9gation venue lui rendre visite. \u00ab\u00a0Le Pr\u00e9sident Wade a \u00e9galement donn\u00e9 une ligne directrice au porte parole et \u00e0 ses adjoints mais aussi \u00e0 la communication du parti.\u00a0\u00bb lit-on dans la note Enfin, le cinquantenaire du Pds qui se f\u00eatera dans 2 mois \u00e9tait \u00e9galement au menu des sujets d\u00e9battus, des recommandations ont \u00e9t\u00e9 faites dans le sens du cinquantenaire du parti.<\/p>\n","protected":false},"author":1,"featured_media":32230,"comment_status":"open","ping_status":"open","sticky":false,"template":"","format":"standard","meta":{"_jetpack_memberships_contains_paid_content":false,"footnotes":""},"categories":[375,9,3,1],"tags":[154,297],"class_list":["post-32216","post","type-post","status-publish","format-standard","has-post-thumbnail","hentry","category-actualites","category-communique","category-politique","category-non-classe","tag-abdoulaye-wade","tag-pds","entry","has-media","owp-thumbs-layout-horizontal","owp-btn-normal","owp-tabs-layout-horizontal","has-no-thumbnails","has-product-nav"],"yoast_head":"<!-- This site is optimized with the Yoast SEO plugin v25.5 - https:\/\/yoast.com\/wordpress\/plugins\/seo\/ -->\n<title>Cinquantenaire du PDS : ce cours magistral du pr\u00e9sident Wade aux jeunes du parti - LE PUBLIC<\/title>\n<meta name=\"description\" content=\"Perdu de vu depuis longtemps, le pr\u00e9sident Abdoulaye Wade refait surface. Ce mardi, en pr\u00e9lude \u00e0 la comm\u00e9moration du cinquantenaire du Parti D\u00e9mocratique S\u00e9n\u00e9galais (PDS), &quot;il a re\u00e7u le pool des porte-paroles, quelques membres de la communication digitale et la secr\u00e9taire nationale en charge de la communication.&quot;, note une circulaire de la cellule\u00a0 communication digitale du parti. Toujours selon la note, &quot;Il a longuement discut\u00e9 avec les jeunes autour des valeurs telles que la loyaut\u00e9, la conviction.&quot; non sans &quot; insist\u00e9 sur le travail et \u00e0 la formation des jeunes. &quot;\" \/>\n<meta name=\"robots\" content=\"index, follow, max-snippet:-1, max-image-preview:large, max-video-preview:-1\" \/>\n<link rel=\"canonical\" href=\"https:\/\/www.public.sn\/index.php\/2024\/04\/30\/cinquantenaire-du-pds-ce-cours-magistral-du-president-wade-aux-jeunes-du-parti\/\" \/>\n<meta property=\"og:locale\" content=\"fr_FR\" \/>\n<meta property=\"og:type\" content=\"article\" \/>\n<meta property=\"og:title\" content=\"Cinquantenaire du PDS : ce cours magistral du pr\u00e9sident Wade aux jeunes du parti - LE PUBLIC\" \/>\n<meta property=\"og:description\" content=\"Perdu de vu depuis longtemps, le pr\u00e9sident Abdoulaye Wade refait surface. Ce mardi, en pr\u00e9lude \u00e0 la comm\u00e9moration du cinquantenaire du Parti D\u00e9mocratique S\u00e9n\u00e9galais (PDS), &quot;il a re\u00e7u le pool des porte-paroles, quelques membres de la communication digitale et la secr\u00e9taire nationale en charge de la communication.&quot;, note une circulaire de la cellule\u00a0 communication digitale du parti. Toujours selon la note, &quot;Il a longuement discut\u00e9 avec les jeunes autour des valeurs telles que la loyaut\u00e9, la conviction.&quot; non sans &quot; insist\u00e9 sur le travail et \u00e0 la formation des jeunes. &quot;\" \/>\n<meta property=\"og:url\" content=\"https:\/\/www.public.sn\/index.php\/2024\/04\/30\/cinquantenaire-du-pds-ce-cours-magistral-du-president-wade-aux-jeunes-du-parti\/\" \/>\n<meta property=\"og:site_name\" content=\"LE PUBLIC\" \/>\n<meta property=\"article:published_time\" content=\"2024-04-30T22:40:11+00:00\" \/>\n<meta property=\"og:image\" content=\"https:\/\/www.public.sn\/wp-content\/uploads\/2024\/04\/WhatsApp-Image-2024-04-30-at-21.30.01-1.jpeg\" \/>\n\t<meta property=\"og:image:width\" content=\"1080\" \/>\n\t<meta property=\"og:image:height\" content=\"810\" \/>\n\t<meta property=\"og:image:type\" content=\"image\/jpeg\" \/>\n<meta name=\"author\" content=\"LA REDACTION\" \/>\n<meta name=\"twitter:card\" content=\"summary_large_image\" \/>\n<meta name=\"twitter:label1\" content=\"\u00c9crit par\" \/>\n\t<meta name=\"twitter:data1\" content=\"LA REDACTION\" \/>\n\t<meta name=\"twitter:label2\" content=\"Dur\u00e9e de lecture estim\u00e9e\" \/>\n\t<meta name=\"twitter:data2\" content=\"2 minutes\" \/>\n<script type=\"application\/ld+json\" class=\"yoast-schema-graph\">{\"@context\":\"https:\/\/schema.org\",\"@graph\":[{\"@type\":\"Article\",\"@id\":\"https:\/\/www.public.sn\/index.php\/2024\/04\/30\/cinquantenaire-du-pds-ce-cours-magistral-du-president-wade-aux-jeunes-du-parti\/#article\",\"isPartOf\":{\"@id\":\"https:\/\/www.public.sn\/index.php\/2024\/04\/30\/cinquantenaire-du-pds-ce-cours-magistral-du-president-wade-aux-jeunes-du-parti\/\"},\"author\":{\"name\":\"LA REDACTION\",\"@id\":\"https:\/\/www.public.sn\/#\/schema\/person\/e3f4a11b037d4203902db148f9bc8d5a\"},\"headline\":\"Cinquantenaire du PDS : ce cours magistral du pr\u00e9sident Wade aux jeunes du parti\",\"datePublished\":\"2024-04-30T22:40:11+00:00\",\"mainEntityOfPage\":{\"@id\":\"https:\/\/www.public.sn\/index.php\/2024\/04\/30\/cinquantenaire-du-pds-ce-cours-magistral-du-president-wade-aux-jeunes-du-parti\/\"},\"wordCount\":231,\"commentCount\":0,\"publisher\":{\"@id\":\"https:\/\/www.public.sn\/#organization\"},\"image\":{\"@id\":\"https:\/\/www.public.sn\/index.php\/2024\/04\/30\/cinquantenaire-du-pds-ce-cours-magistral-du-president-wade-aux-jeunes-du-parti\/#primaryimage\"},\"thumbnailUrl\":\"https:\/\/www.public.sn\/wp-content\/uploads\/2024\/04\/WhatsApp-Image-2024-04-30-at-21.30.01-1.jpeg\",\"keywords\":[\"Abdoulaye Wade\",\"Pds\"],\"articleSection\":[\"ACTUALIT\u00c9S\",\"COMMUNIQU\u00c9\",\"POLITIQUE\",\"S\u00c9N\u00c9GAL\"],\"inLanguage\":\"fr-FR\",\"potentialAction\":[{\"@type\":\"CommentAction\",\"name\":\"Comment\",\"target\":[\"https:\/\/www.public.sn\/index.php\/2024\/04\/30\/cinquantenaire-du-pds-ce-cours-magistral-du-president-wade-aux-jeunes-du-parti\/#respond\"]}]},{\"@type\":\"WebPage\",\"@id\":\"https:\/\/www.public.sn\/index.php\/2024\/04\/30\/cinquantenaire-du-pds-ce-cours-magistral-du-president-wade-aux-jeunes-du-parti\/\",\"url\":\"https:\/\/www.public.sn\/index.php\/2024\/04\/30\/cinquantenaire-du-pds-ce-cours-magistral-du-president-wade-aux-jeunes-du-parti\/\",\"name\":\"Cinquantenaire du PDS : ce cours magistral du pr\u00e9sident Wade aux jeunes du parti - LE PUBLIC\",\"isPartOf\":{\"@id\":\"https:\/\/www.public.sn\/#website\"},\"primaryImageOfPage\":{\"@id\":\"https:\/\/www.public.sn\/index.php\/2024\/04\/30\/cinquantenaire-du-pds-ce-cours-magistral-du-president-wade-aux-jeunes-du-parti\/#primaryimage\"},\"image\":{\"@id\":\"https:\/\/www.public.sn\/index.php\/2024\/04\/30\/cinquantenaire-du-pds-ce-cours-magistral-du-president-wade-aux-jeunes-du-parti\/#primaryimage\"},\"thumbnailUrl\":\"https:\/\/www.public.sn\/wp-content\/uploads\/2024\/04\/WhatsApp-Image-2024-04-30-at-21.30.01-1.jpeg\",\"datePublished\":\"2024-04-30T22:40:11+00:00\",\"description\":\"Perdu de vu depuis longtemps, le pr\u00e9sident Abdoulaye Wade refait surface. Ce mardi, en pr\u00e9lude \u00e0 la comm\u00e9moration du cinquantenaire du Parti D\u00e9mocratique S\u00e9n\u00e9galais (PDS), \\\"il a re\u00e7u le pool des porte-paroles, quelques membres de la communication digitale et la secr\u00e9taire nationale en charge de la communication.\\\", note une circulaire de la cellule\u00a0 communication digitale du parti. Toujours selon la note, \\\"Il a longuement discut\u00e9 avec les jeunes autour des valeurs telles que la loyaut\u00e9, la conviction.\\\" non sans \\\" insist\u00e9 sur le travail et \u00e0 la formation des jeunes. \\\"\",\"breadcrumb\":{\"@id\":\"https:\/\/www.public.sn\/index.php\/2024\/04\/30\/cinquantenaire-du-pds-ce-cours-magistral-du-president-wade-aux-jeunes-du-parti\/#breadcrumb\"},\"inLanguage\":\"fr-FR\",\"potentialAction\":[{\"@type\":\"ReadAction\",\"target\":[\"https:\/\/www.public.sn\/index.php\/2024\/04\/30\/cinquantenaire-du-pds-ce-cours-magistral-du-president-wade-aux-jeunes-du-parti\/\"]}]},{\"@type\":\"ImageObject\",\"inLanguage\":\"fr-FR\",\"@id\":\"https:\/\/www.public.sn\/index.php\/2024\/04\/30\/cinquantenaire-du-pds-ce-cours-magistral-du-president-wade-aux-jeunes-du-parti\/#primaryimage\",\"url\":\"https:\/\/www.public.sn\/wp-content\/uploads\/2024\/04\/WhatsApp-Image-2024-04-30-at-21.30.01-1.jpeg\",\"contentUrl\":\"https:\/\/www.public.sn\/wp-content\/uploads\/2024\/04\/WhatsApp-Image-2024-04-30-at-21.30.01-1.jpeg\",\"width\":1080,\"height\":810},{\"@type\":\"BreadcrumbList\",\"@id\":\"https:\/\/www.public.sn\/index.php\/2024\/04\/30\/cinquantenaire-du-pds-ce-cours-magistral-du-president-wade-aux-jeunes-du-parti\/#breadcrumb\",\"itemListElement\":[{\"@type\":\"ListItem\",\"position\":1,\"name\":\"Accueil\",\"item\":\"https:\/\/www.public.sn\/\"},{\"@type\":\"ListItem\",\"position\":2,\"name\":\"Cinquantenaire du PDS : ce cours magistral du pr\u00e9sident Wade aux jeunes du parti\"}]},{\"@type\":\"WebSite\",\"@id\":\"https:\/\/www.public.sn\/#website\",\"url\":\"https:\/\/www.public.sn\/\",\"name\":\"LE PUBLIC\",\"description\":\"\",\"publisher\":{\"@id\":\"https:\/\/www.public.sn\/#organization\"},\"potentialAction\":[{\"@type\":\"SearchAction\",\"target\":{\"@type\":\"EntryPoint\",\"urlTemplate\":\"https:\/\/www.public.sn\/?s={search_term_string}\"},\"query-input\":{\"@type\":\"PropertyValueSpecification\",\"valueRequired\":true,\"valueName\":\"search_term_string\"}}],\"inLanguage\":\"fr-FR\"},{\"@type\":\"Organization\",\"@id\":\"https:\/\/www.public.sn\/#organization\",\"name\":\"LE PUBLIC\",\"url\":\"https:\/\/www.public.sn\/\",\"logo\":{\"@type\":\"ImageObject\",\"inLanguage\":\"fr-FR\",\"@id\":\"https:\/\/www.public.sn\/#\/schema\/logo\/image\/\",\"url\":\"https:\/\/www.public.sn\/wp-content\/uploads\/2024\/05\/cropped-LOGO-PUBLIC.SN_.png\",\"contentUrl\":\"https:\/\/www.public.sn\/wp-content\/uploads\/2024\/05\/cropped-LOGO-PUBLIC.SN_.png\",\"width\":682,\"height\":192,\"caption\":\"LE PUBLIC\"},\"image\":{\"@id\":\"https:\/\/www.public.sn\/#\/schema\/logo\/image\/\"}},{\"@type\":\"Person\",\"@id\":\"https:\/\/www.public.sn\/#\/schema\/person\/e3f4a11b037d4203902db148f9bc8d5a\",\"name\":\"LA REDACTION\",\"image\":{\"@type\":\"ImageObject\",\"inLanguage\":\"fr-FR\",\"@id\":\"https:\/\/www.public.sn\/#\/schema\/person\/image\/\",\"url\":\"https:\/\/secure.gravatar.com\/avatar\/d6c030db45db2883c075085c5d6c6258654a801a93766b49af0b82d4f454e2a5?s=96&d=mm&r=g\",\"contentUrl\":\"https:\/\/secure.gravatar.com\/avatar\/d6c030db45db2883c075085c5d6c6258654a801a93766b49af0b82d4f454e2a5?s=96&d=mm&r=g\",\"caption\":\"LA REDACTION\"},\"sameAs\":[\"http:\/\/www.public.sn\"],\"url\":\"https:\/\/www.public.sn\/index.php\/author\/admin7324\/\"}]}<\/script>\n<!-- \/ Yoast SEO plugin. -->","yoast_head_json":{"title":"Cinquantenaire du PDS : ce cours magistral du pr\u00e9sident Wade aux jeunes du parti - LE PUBLIC","description":"Perdu de vu depuis longtemps, le pr\u00e9sident Abdoulaye Wade refait surface. Ce mardi, en pr\u00e9lude \u00e0 la comm\u00e9moration du cinquantenaire du Parti D\u00e9mocratique S\u00e9n\u00e9galais (PDS), \"il a re\u00e7u le pool des porte-paroles, quelques membres de la communication digitale et la secr\u00e9taire nationale en charge de la communication.\", note une circulaire de la cellule\u00a0 communication digitale du parti. Toujours selon la note, \"Il a longuement discut\u00e9 avec les jeunes autour des valeurs telles que la loyaut\u00e9, la conviction.\" non sans \" insist\u00e9 sur le travail et \u00e0 la formation des jeunes. \"","robots":{"index":"index","follow":"follow","max-snippet":"max-snippet:-1","max-image-preview":"max-image-preview:large","max-video-preview":"max-video-preview:-1"},"canonical":"https:\/\/www.public.sn\/index.php\/2024\/04\/30\/cinquantenaire-du-pds-ce-cours-magistral-du-president-wade-aux-jeunes-du-parti\/","og_locale":"fr_FR","og_type":"article","og_title":"Cinquantenaire du PDS : ce cours magistral du pr\u00e9sident Wade aux jeunes du parti - LE PUBLIC","og_description":"Perdu de vu depuis longtemps, le pr\u00e9sident Abdoulaye Wade refait surface. Ce mardi, en pr\u00e9lude \u00e0 la comm\u00e9moration du cinquantenaire du Parti D\u00e9mocratique S\u00e9n\u00e9galais (PDS), \"il a re\u00e7u le pool des porte-paroles, quelques membres de la communication digitale et la secr\u00e9taire nationale en charge de la communication.\", note une circulaire de la cellule\u00a0 communication digitale du parti. Toujours selon la note, \"Il a longuement discut\u00e9 avec les jeunes autour des valeurs telles que la loyaut\u00e9, la conviction.\" non sans \" insist\u00e9 sur le travail et \u00e0 la formation des jeunes. \"","og_url":"https:\/\/www.public.sn\/index.php\/2024\/04\/30\/cinquantenaire-du-pds-ce-cours-magistral-du-president-wade-aux-jeunes-du-parti\/","og_site_name":"LE PUBLIC","article_published_time":"2024-04-30T22:40:11+00:00","og_image":[{"width":1080,"height":810,"url":"https:\/\/www.public.sn\/wp-content\/uploads\/2024\/04\/WhatsApp-Image-2024-04-30-at-21.30.01-1.jpeg","type":"image\/jpeg"}],"author":"LA REDACTION","twitter_card":"summary_large_image","twitter_misc":{"\u00c9crit par":"LA REDACTION","Dur\u00e9e de lecture estim\u00e9e":"2 minutes"},"schema":{"@context":"https:\/\/schema.org","@graph":[{"@type":"Article","@id":"https:\/\/www.public.sn\/index.php\/2024\/04\/30\/cinquantenaire-du-pds-ce-cours-magistral-du-president-wade-aux-jeunes-du-parti\/#article","isPartOf":{"@id":"https:\/\/www.public.sn\/index.php\/2024\/04\/30\/cinquantenaire-du-pds-ce-cours-magistral-du-president-wade-aux-jeunes-du-parti\/"},"author":{"name":"LA REDACTION","@id":"https:\/\/www.public.sn\/#\/schema\/person\/e3f4a11b037d4203902db148f9bc8d5a"},"headline":"Cinquantenaire du PDS : ce cours magistral du pr\u00e9sident Wade aux jeunes du parti","datePublished":"2024-04-30T22:40:11+00:00","mainEntityOfPage":{"@id":"https:\/\/www.public.sn\/index.php\/2024\/04\/30\/cinquantenaire-du-pds-ce-cours-magistral-du-president-wade-aux-jeunes-du-parti\/"},"wordCount":231,"commentCount":0,"publisher":{"@id":"https:\/\/www.public.sn\/#organization"},"image":{"@id":"https:\/\/www.public.sn\/index.php\/2024\/04\/30\/cinquantenaire-du-pds-ce-cours-magistral-du-president-wade-aux-jeunes-du-parti\/#primaryimage"},"thumbnailUrl":"https:\/\/www.public.sn\/wp-content\/uploads\/2024\/04\/WhatsApp-Image-2024-04-30-at-21.30.01-1.jpeg","keywords":["Abdoulaye Wade","Pds"],"articleSection":["ACTUALIT\u00c9S","COMMUNIQU\u00c9","POLITIQUE","S\u00c9N\u00c9GAL"],"inLanguage":"fr-FR","potentialAction":[{"@type":"CommentAction","name":"Comment","target":["https:\/\/www.public.sn\/index.php\/2024\/04\/30\/cinquantenaire-du-pds-ce-cours-magistral-du-president-wade-aux-jeunes-du-parti\/#respond"]}]},{"@type":"WebPage","@id":"https:\/\/www.public.sn\/index.php\/2024\/04\/30\/cinquantenaire-du-pds-ce-cours-magistral-du-president-wade-aux-jeunes-du-parti\/","url":"https:\/\/www.public.sn\/index.php\/2024\/04\/30\/cinquantenaire-du-pds-ce-cours-magistral-du-president-wade-aux-jeunes-du-parti\/","name":"Cinquantenaire du PDS : ce cours magistral du pr\u00e9sident Wade aux jeunes du parti - LE PUBLIC","isPartOf":{"@id":"https:\/\/www.public.sn\/#website"},"primaryImageOfPage":{"@id":"https:\/\/www.public.sn\/index.php\/2024\/04\/30\/cinquantenaire-du-pds-ce-cours-magistral-du-president-wade-aux-jeunes-du-parti\/#primaryimage"},"image":{"@id":"https:\/\/www.public.sn\/index.php\/2024\/04\/30\/cinquantenaire-du-pds-ce-cours-magistral-du-president-wade-aux-jeunes-du-parti\/#primaryimage"},"thumbnailUrl":"https:\/\/www.public.sn\/wp-content\/uploads\/2024\/04\/WhatsApp-Image-2024-04-30-at-21.30.01-1.jpeg","datePublished":"2024-04-30T22:40:11+00:00","description":"Perdu de vu depuis longtemps, le pr\u00e9sident Abdoulaye Wade refait surface. Ce mardi, en pr\u00e9lude \u00e0 la comm\u00e9moration du cinquantenaire du Parti D\u00e9mocratique S\u00e9n\u00e9galais (PDS), \"il a re\u00e7u le pool des porte-paroles, quelques membres de la communication digitale et la secr\u00e9taire nationale en charge de la communication.\", note une circulaire de la cellule\u00a0 communication digitale du parti. Toujours selon la note, \"Il a longuement discut\u00e9 avec les jeunes autour des valeurs telles que la loyaut\u00e9, la conviction.\" non sans \" insist\u00e9 sur le travail et \u00e0 la formation des jeunes. \"","breadcrumb":{"@id":"https:\/\/www.public.sn\/index.php\/2024\/04\/30\/cinquantenaire-du-pds-ce-cours-magistral-du-president-wade-aux-jeunes-du-parti\/#breadcrumb"},"inLanguage":"fr-FR","potentialAction":[{"@type":"ReadAction","target":["https:\/\/www.public.sn\/index.php\/2024\/04\/30\/cinquantenaire-du-pds-ce-cours-magistral-du-president-wade-aux-jeunes-du-parti\/"]}]},{"@type":"ImageObject","inLanguage":"fr-FR","@id":"https:\/\/www.public.sn\/index.php\/2024\/04\/30\/cinquantenaire-du-pds-ce-cours-magistral-du-president-wade-aux-jeunes-du-parti\/#primaryimage","url":"https:\/\/www.public.sn\/wp-content\/uploads\/2024\/04\/WhatsApp-Image-2024-04-30-at-21.30.01-1.jpeg","contentUrl":"https:\/\/www.public.sn\/wp-content\/uploads\/2024\/04\/WhatsApp-Image-2024-04-30-at-21.30.01-1.jpeg","width":1080,"height":810},{"@type":"BreadcrumbList","@id":"https:\/\/www.public.sn\/index.php\/2024\/04\/30\/cinquantenaire-du-pds-ce-cours-magistral-du-president-wade-aux-jeunes-du-parti\/#breadcrumb","itemListElement":[{"@type":"ListItem","position":1,"name":"Accueil","item":"https:\/\/www.public.sn\/"},{"@type":"ListItem","position":2,"name":"Cinquantenaire du PDS : ce cours magistral du pr\u00e9sident Wade aux jeunes du parti"}]},{"@type":"WebSite","@id":"https:\/\/www.public.sn\/#website","url":"https:\/\/www.public.sn\/","name":"LE PUBLIC","description":"","publisher":{"@id":"https:\/\/www.public.sn\/#organization"},"potentialAction":[{"@type":"SearchAction","target":{"@type":"EntryPoint","urlTemplate":"https:\/\/www.public.sn\/?s={search_term_string}"},"query-input":{"@type":"PropertyValueSpecification","valueRequired":true,"valueName":"search_term_string"}}],"inLanguage":"fr-FR"},{"@type":"Organization","@id":"https:\/\/www.public.sn\/#organization","name":"LE PUBLIC","url":"https:\/\/www.public.sn\/","logo":{"@type":"ImageObject","inLanguage":"fr-FR","@id":"https:\/\/www.public.sn\/#\/schema\/logo\/image\/","url":"https:\/\/www.public.sn\/wp-content\/uploads\/2024\/05\/cropped-LOGO-PUBLIC.SN_.png","contentUrl":"https:\/\/www.public.sn\/wp-content\/uploads\/2024\/05\/cropped-LOGO-PUBLIC.SN_.png","width":682,"height":192,"caption":"LE PUBLIC"},"image":{"@id":"https:\/\/www.public.sn\/#\/schema\/logo\/image\/"}},{"@type":"Person","@id":"https:\/\/www.public.sn\/#\/schema\/person\/e3f4a11b037d4203902db148f9bc8d5a","name":"LA REDACTION","image":{"@type":"ImageObject","inLanguage":"fr-FR","@id":"https:\/\/www.public.sn\/#\/schema\/person\/image\/","url":"https:\/\/secure.gravatar.com\/avatar\/d6c030db45db2883c075085c5d6c6258654a801a93766b49af0b82d4f454e2a5?s=96&d=mm&r=g","contentUrl":"https:\/\/secure.gravatar.com\/avatar\/d6c030db45db2883c075085c5d6c6258654a801a93766b49af0b82d4f454e2a5?s=96&d=mm&r=g","caption":"LA REDACTION"},"sameAs":["http:\/\/www.public.sn"],"url":"https:\/\/www.public.sn\/index.php\/author\/admin7324\/"}]}},"jetpack_featured_media_url":"https:\/\/www.public.sn\/wp-content\/uploads\/2024\/04\/WhatsApp-Image-2024-04-30-at-21.30.01-1.jpeg","jetpack_sharing_enabled":true,"_links":{"self":[{"href":"https:\/\/www.public.sn\/index.php\/wp-json\/wp\/v2\/posts\/32216","targetHints":{"allow":["GET"]}}],"collection":[{"href":"https:\/\/www.public.sn\/index.php\/wp-json\/wp\/v2\/posts"}],"about":[{"href":"https:\/\/www.public.sn\/index.php\/wp-json\/wp\/v2\/types\/post"}],"author":[{"embeddable":true,"href":"https:\/\/www.public.sn\/index.php\/wp-json\/wp\/v2\/users\/1"}],"replies":[{"embeddable":true,"href":"https:\/\/www.public.sn\/index.php\/wp-json\/wp\/v2\/comments?post=32216"}],"version-history":[{"count":3,"href":"https:\/\/www.public.sn\/index.php\/wp-json\/wp\/v2\/posts\/32216\/revisions"}],"predecessor-version":[{"id":32235,"href":"https:\/\/www.public.sn\/index.php\/wp-json\/wp\/v2\/posts\/32216\/revisions\/32235"}],"wp:featuredmedia":[{"embeddable":true,"href":"https:\/\/www.public.sn\/index.php\/wp-json\/wp\/v2\/media\/32230"}],"wp:attachment":[{"href":"https:\/\/www.public.sn\/index.php\/wp-json\/wp\/v2\/media?parent=32216"}],"wp:term":[{"taxonomy":"category","embeddable":true,"href":"https:\/\/www.public.sn\/index.php\/wp-json\/wp\/v2\/categories?post=32216"},{"taxonomy":"post_tag","embeddable":true,"href":"https:\/\/www.public.sn\/index.php\/wp-json\/wp\/v2\/tags?post=32216"}],"curies":[{"name":"wp","href":"https:\/\/api.w.org\/{rel}","templated":true}]}}