{"id":32245,"date":"2024-05-01T18:48:52","date_gmt":"2024-05-01T18:48:52","guid":{"rendered":"https:\/\/www.public.sn\/?p=32245"},"modified":"2024-05-01T18:48:52","modified_gmt":"2024-05-01T18:48:52","slug":"commune-de-saint-louis-execution-des-depenses-publiques-2017-2020-mansour-faye-epingle-rapport-c-des-comptes","status":"publish","type":"post","link":"https:\/\/www.public.sn\/index.php\/2024\/05\/01\/commune-de-saint-louis-execution-des-depenses-publiques-2017-2020-mansour-faye-epingle-rapport-c-des-comptes\/","title":{"rendered":"Commune de Saint-Louis \/ Ex\u00e9cution des d\u00e9penses publiques 2017-2020 : Mansour Faye \u00e9pingl\u00e9 ! (Rapport C. des comptes)"},"content":{"rendered":"<div class=\"texte\">\n<div class=\"access firstletter\"><strong>Dans son rapport concernant\u00a0\u00a0la p\u00e9riode 2017-2020, la Cour des comptes estime que le maire n\u2019a pas fourni les pi\u00e8ces justificatives exig\u00e9es par la r\u00e9glementation relatives \u00e0 \u00ab\u00a0l\u2019ordonnancement de d\u00e9penses d\u2019acquisition d\u2019effets d\u2019habillement\u00a0\u00bb. La Cour constate que le maire Mansour Faye a enfreint les r\u00e8gles d\u2019ex\u00e9cution des d\u00e9penses publiques.\u00a0<\/strong><\/div>\n<div><\/div>\n<div class=\"access firstletter\">Pour ce qui est des d\u00e9penses de fourniture d\u2019effets d\u2019habillement, le maire a ordonnanc\u00e9 le paiement de plusieurs d\u00e9penses relatives \u00e0 l\u2019acquisition d\u2019effets d\u2019habillement sans respecter la r\u00e8glementation en vigueur. Ces d\u00e9penses concernent notamment les mandats n\u00b0 1061 d\u2019un montant de 973 500 FCFA imput\u00e9 au compte 331\/612 pay\u00e9 le 14 juin 2017 \u00e0 Mame Mbaye Couture pour l\u2019habillement du personnel de la Perception municipale portant sur 60 pantalons noirs, 60 Lacoste bleus, 30 casquettes noires et 30 t-shirts bleus.\u00a0Un autre march\u00e9 d\u2019un montant de 5 208 225 FCFA le 11 octobre 2019 au profit de Ndiapandal Service avec une absence de la facture du fournisseur.<\/div>\n<div class=\"access firstletter\">\n<p>La Cour des comptes estime que ces mandats ont \u00e9t\u00e9 pay\u00e9s en violation des r\u00e8gles budg\u00e9taires et comptables des collectivit\u00e9s territoriales, notamment de l\u2019annexe de l\u2019arr\u00eat\u00e9 minist\u00e9riel n\u00b0 6058 MEF- DGCPT du 22 ao\u00fbt 2003 portant \u00e9tablissement de la nomenclature des pi\u00e8ces justificatives des d\u00e9penses de l\u2019\u00c9tat.<\/p><div class=\"publi-paragraphe1\" style=\"margin-top: 10px;margin-bottom: 10px;margin-left: auto;margin-right: auto;text-align: center;\" id=\"publi-1678950805\"><div class=\"publi-adlabel\">Publicit\u00e9<\/div><script async src=\"\/\/pagead2.googlesyndication.com\/pagead\/js\/adsbygoogle.js?client=ca-pub-4089586018074219\" crossorigin=\"anonymous\"><\/script><ins class=\"adsbygoogle\" style=\"display:block;\" data-ad-client=\"ca-pub-4089586018074219\" \ndata-ad-slot=\"2087940154\" \ndata-ad-format=\"auto\"><\/ins>\n<script> \n(adsbygoogle = window.adsbygoogle || []).push({}); \n<\/script>\n<\/div>\n<\/div>\n<div class=\"access firstletter\">\n<div>\n<div role=\"button\" aria-expanded=\"true\" aria-label=\"Masquer le contenu d\u00e9velopp\u00e9\" data-tooltip=\"Masquer le contenu d\u00e9velopp\u00e9\"><\/div>\n<div id=\":15e\" role=\"button\" aria-expanded=\"true\" aria-label=\"Masquer le contenu d\u00e9velopp\u00e9\" data-tooltip=\"Masquer le contenu d\u00e9velopp\u00e9\"><img decoding=\"async\" src=\"https:\/\/ssl.gstatic.com\/ui\/v1\/icons\/mail\/images\/cleardot.gif\" \/><\/div>\n<\/div>\n<div>\n<div><\/div>\n<div>La cour constate toutefois que le maire n\u2019a pas produit l\u2019\u00e9tat nominatif des personnes devant b\u00e9n\u00e9ficier des effets d\u2019habillement comportant les indications sur leur num\u00e9ro de matricule de solde, leur grade et leurs fonctions ainsi que l\u2019indication du texte qui a autoris\u00e9 la mise \u00e0 la charge de la commune de la d\u00e9pense.<\/div>\n<\/div>\n<\/div>\n<\/div>\n<div class=\"hide_module_inside\">\n<div id=\"mod_4047092\" class=\"mod_4047092 wm-module fullbackground module-article_connexe\">\n<div class=\"entete\"><\/div>\n<\/div>\n<\/div>\n<div class=\"publi-apres-le-contenu\" style=\"margin-top: 10px;margin-bottom: 10px;margin-left: auto;margin-right: auto;text-align: center;\" id=\"publi-1198286353\"><div class=\"publi-adlabel\">Publicit\u00e9<\/div><script async src=\"\/\/pagead2.googlesyndication.com\/pagead\/js\/adsbygoogle.js?client=ca-pub-4089586018074219\" crossorigin=\"anonymous\"><\/script><ins class=\"adsbygoogle\" style=\"display:block;\" data-ad-client=\"ca-pub-4089586018074219\" \ndata-ad-slot=\"2087940154\" \ndata-ad-format=\"auto\"><\/ins>\n<script> \n(adsbygoogle = window.adsbygoogle || []).push({}); \n<\/script>\n<\/div>","protected":false},"excerpt":{"rendered":"<p>Dans son rapport concernant\u00a0\u00a0la p\u00e9riode 2017-2020, la Cour des comptes estime que le maire n\u2019a pas fourni les pi\u00e8ces justificatives exig\u00e9es par la r\u00e9glementation relatives \u00e0 \u00ab\u00a0l\u2019ordonnancement de d\u00e9penses d\u2019acquisition d\u2019effets d\u2019habillement\u00a0\u00bb. La Cour constate que le maire Mansour Faye a enfreint les r\u00e8gles d\u2019ex\u00e9cution des d\u00e9penses publiques.\u00a0 Pour ce qui est des d\u00e9penses de fourniture d\u2019effets d\u2019habillement, le maire a ordonnanc\u00e9 le paiement de plusieurs d\u00e9penses relatives \u00e0 l\u2019acquisition d\u2019effets d\u2019habillement sans respecter la r\u00e8glementation en vigueur. Ces d\u00e9penses concernent notamment les mandats n\u00b0 1061 d\u2019un montant de 973 500 FCFA imput\u00e9 au compte 331\/612 pay\u00e9 le 14 juin 2017 \u00e0 Mame Mbaye Couture pour l\u2019habillement du personnel de la Perception municipale portant sur 60 pantalons noirs, 60 Lacoste bleus, 30 casquettes noires et 30 t-shirts bleus.\u00a0Un autre march\u00e9 d\u2019un montant de 5 208 225 FCFA le 11 octobre 2019 au profit de Ndiapandal Service avec une absence de la facture du fournisseur. La Cour des comptes estime que ces mandats ont \u00e9t\u00e9 pay\u00e9s en violation des r\u00e8gles budg\u00e9taires et comptables des collectivit\u00e9s territoriales, notamment de l\u2019annexe de l\u2019arr\u00eat\u00e9 minist\u00e9riel n\u00b0 6058 MEF- DGCPT du 22 ao\u00fbt 2003 portant \u00e9tablissement de la nomenclature des pi\u00e8ces justificatives des d\u00e9penses de l\u2019\u00c9tat. La cour constate toutefois que le maire n\u2019a pas produit l\u2019\u00e9tat nominatif des personnes devant b\u00e9n\u00e9ficier des effets d\u2019habillement comportant les indications sur leur num\u00e9ro de matricule de solde, leur grade et leurs fonctions ainsi que l\u2019indication du texte qui a autoris\u00e9 la mise \u00e0 la charge de la commune de la d\u00e9pense.<\/p>\n","protected":false},"author":13,"featured_media":32247,"comment_status":"open","ping_status":"open","sticky":false,"template":"","format":"standard","meta":{"_jetpack_memberships_contains_paid_content":false,"footnotes":""},"categories":[375,1],"tags":[5567,1174,2262],"class_list":["post-32245","post","type-post","status-publish","format-standard","has-post-thumbnail","hentry","category-actualites","category-non-classe","tag-epingle","tag-mansour-faye","tag-rapport","entry","has-media","owp-thumbs-layout-horizontal","owp-btn-normal","owp-tabs-layout-horizontal","has-no-thumbnails","has-product-nav"],"yoast_head":"<!-- This site is optimized with the Yoast SEO plugin v25.5 - https:\/\/yoast.com\/wordpress\/plugins\/seo\/ -->\n<title>Commune de Saint-Louis \/ Ex\u00e9cution des d\u00e9penses publiques 2017-2020 : Mansour Faye \u00e9pingl\u00e9 ! (Rapport C. des comptes) - LE PUBLIC<\/title>\n<meta name=\"description\" content=\"Dans son rapport concernant\u00a0\u00a0la p\u00e9riode 2017-2020, la Cour des comptes estime que le maire n\u2019a pas fourni les pi\u00e8ces justificatives exig\u00e9es par la r\u00e9glementation relatives \u00e0 \u00ab\u00a0l\u2019ordonnancement de d\u00e9penses d\u2019acquisition d\u2019effets d\u2019habillement\u00a0\u00bb. La Cour constate que le maire Mansour Faye a enfreint les r\u00e8gles d\u2019ex\u00e9cution des d\u00e9penses publiques.\u00a0\" \/>\n<meta name=\"robots\" content=\"index, follow, max-snippet:-1, max-image-preview:large, max-video-preview:-1\" \/>\n<link rel=\"canonical\" href=\"https:\/\/www.public.sn\/index.php\/2024\/05\/01\/commune-de-saint-louis-execution-des-depenses-publiques-2017-2020-mansour-faye-epingle-rapport-c-des-comptes\/\" \/>\n<meta property=\"og:locale\" content=\"fr_FR\" \/>\n<meta property=\"og:type\" content=\"article\" \/>\n<meta property=\"og:title\" content=\"Commune de Saint-Louis \/ Ex\u00e9cution des d\u00e9penses publiques 2017-2020 : Mansour Faye \u00e9pingl\u00e9 ! (Rapport C. des comptes) - LE PUBLIC\" \/>\n<meta property=\"og:description\" content=\"Dans son rapport concernant\u00a0\u00a0la p\u00e9riode 2017-2020, la Cour des comptes estime que le maire n\u2019a pas fourni les pi\u00e8ces justificatives exig\u00e9es par la r\u00e9glementation relatives \u00e0 \u00ab\u00a0l\u2019ordonnancement de d\u00e9penses d\u2019acquisition d\u2019effets d\u2019habillement\u00a0\u00bb. La Cour constate que le maire Mansour Faye a enfreint les r\u00e8gles d\u2019ex\u00e9cution des d\u00e9penses publiques.\u00a0\" \/>\n<meta property=\"og:url\" content=\"https:\/\/www.public.sn\/index.php\/2024\/05\/01\/commune-de-saint-louis-execution-des-depenses-publiques-2017-2020-mansour-faye-epingle-rapport-c-des-comptes\/\" \/>\n<meta property=\"og:site_name\" content=\"LE PUBLIC\" \/>\n<meta property=\"article:published_time\" content=\"2024-05-01T18:48:52+00:00\" \/>\n<meta property=\"og:image\" content=\"https:\/\/www.public.sn\/wp-content\/uploads\/2024\/05\/mansour-faye.jpeg\" \/>\n\t<meta property=\"og:image:width\" content=\"640\" \/>\n\t<meta property=\"og:image:height\" content=\"480\" \/>\n\t<meta property=\"og:image:type\" content=\"image\/jpeg\" \/>\n<meta name=\"author\" content=\"Abdou SARR\" \/>\n<meta name=\"twitter:card\" content=\"summary_large_image\" \/>\n<meta name=\"twitter:label1\" content=\"\u00c9crit par\" \/>\n\t<meta name=\"twitter:data1\" content=\"Abdou SARR\" \/>\n\t<meta name=\"twitter:label2\" content=\"Dur\u00e9e de lecture estim\u00e9e\" \/>\n\t<meta name=\"twitter:data2\" content=\"2 minutes\" \/>\n<script type=\"application\/ld+json\" class=\"yoast-schema-graph\">{\"@context\":\"https:\/\/schema.org\",\"@graph\":[{\"@type\":\"Article\",\"@id\":\"https:\/\/www.public.sn\/index.php\/2024\/05\/01\/commune-de-saint-louis-execution-des-depenses-publiques-2017-2020-mansour-faye-epingle-rapport-c-des-comptes\/#article\",\"isPartOf\":{\"@id\":\"https:\/\/www.public.sn\/index.php\/2024\/05\/01\/commune-de-saint-louis-execution-des-depenses-publiques-2017-2020-mansour-faye-epingle-rapport-c-des-comptes\/\"},\"author\":{\"name\":\"Abdou SARR\",\"@id\":\"https:\/\/www.public.sn\/#\/schema\/person\/8fc5465b19f9ea9cf2212d8ca13397e3\"},\"headline\":\"Commune de Saint-Louis \/ Ex\u00e9cution des d\u00e9penses publiques 2017-2020 : Mansour Faye \u00e9pingl\u00e9 ! (Rapport C. des comptes)\",\"datePublished\":\"2024-05-01T18:48:52+00:00\",\"mainEntityOfPage\":{\"@id\":\"https:\/\/www.public.sn\/index.php\/2024\/05\/01\/commune-de-saint-louis-execution-des-depenses-publiques-2017-2020-mansour-faye-epingle-rapport-c-des-comptes\/\"},\"wordCount\":297,\"commentCount\":0,\"publisher\":{\"@id\":\"https:\/\/www.public.sn\/#organization\"},\"image\":{\"@id\":\"https:\/\/www.public.sn\/index.php\/2024\/05\/01\/commune-de-saint-louis-execution-des-depenses-publiques-2017-2020-mansour-faye-epingle-rapport-c-des-comptes\/#primaryimage\"},\"thumbnailUrl\":\"https:\/\/www.public.sn\/wp-content\/uploads\/2024\/05\/mansour-faye.jpeg\",\"keywords\":[\"\u00e9pingl\u00e9\",\"mansour faye\",\"rapport\"],\"articleSection\":[\"ACTUALIT\u00c9S\",\"S\u00c9N\u00c9GAL\"],\"inLanguage\":\"fr-FR\",\"potentialAction\":[{\"@type\":\"CommentAction\",\"name\":\"Comment\",\"target\":[\"https:\/\/www.public.sn\/index.php\/2024\/05\/01\/commune-de-saint-louis-execution-des-depenses-publiques-2017-2020-mansour-faye-epingle-rapport-c-des-comptes\/#respond\"]}]},{\"@type\":\"WebPage\",\"@id\":\"https:\/\/www.public.sn\/index.php\/2024\/05\/01\/commune-de-saint-louis-execution-des-depenses-publiques-2017-2020-mansour-faye-epingle-rapport-c-des-comptes\/\",\"url\":\"https:\/\/www.public.sn\/index.php\/2024\/05\/01\/commune-de-saint-louis-execution-des-depenses-publiques-2017-2020-mansour-faye-epingle-rapport-c-des-comptes\/\",\"name\":\"Commune de Saint-Louis \/ Ex\u00e9cution des d\u00e9penses publiques 2017-2020 : Mansour Faye \u00e9pingl\u00e9 ! (Rapport C. des comptes) - LE PUBLIC\",\"isPartOf\":{\"@id\":\"https:\/\/www.public.sn\/#website\"},\"primaryImageOfPage\":{\"@id\":\"https:\/\/www.public.sn\/index.php\/2024\/05\/01\/commune-de-saint-louis-execution-des-depenses-publiques-2017-2020-mansour-faye-epingle-rapport-c-des-comptes\/#primaryimage\"},\"image\":{\"@id\":\"https:\/\/www.public.sn\/index.php\/2024\/05\/01\/commune-de-saint-louis-execution-des-depenses-publiques-2017-2020-mansour-faye-epingle-rapport-c-des-comptes\/#primaryimage\"},\"thumbnailUrl\":\"https:\/\/www.public.sn\/wp-content\/uploads\/2024\/05\/mansour-faye.jpeg\",\"datePublished\":\"2024-05-01T18:48:52+00:00\",\"description\":\"Dans son rapport concernant\u00a0\u00a0la p\u00e9riode 2017-2020, la Cour des comptes estime que le maire n\u2019a pas fourni les pi\u00e8ces justificatives exig\u00e9es par la r\u00e9glementation relatives \u00e0 \u00ab\u00a0l\u2019ordonnancement de d\u00e9penses d\u2019acquisition d\u2019effets d\u2019habillement\u00a0\u00bb. La Cour constate que le maire Mansour Faye a enfreint les r\u00e8gles d\u2019ex\u00e9cution des d\u00e9penses publiques.\u00a0\",\"breadcrumb\":{\"@id\":\"https:\/\/www.public.sn\/index.php\/2024\/05\/01\/commune-de-saint-louis-execution-des-depenses-publiques-2017-2020-mansour-faye-epingle-rapport-c-des-comptes\/#breadcrumb\"},\"inLanguage\":\"fr-FR\",\"potentialAction\":[{\"@type\":\"ReadAction\",\"target\":[\"https:\/\/www.public.sn\/index.php\/2024\/05\/01\/commune-de-saint-louis-execution-des-depenses-publiques-2017-2020-mansour-faye-epingle-rapport-c-des-comptes\/\"]}]},{\"@type\":\"ImageObject\",\"inLanguage\":\"fr-FR\",\"@id\":\"https:\/\/www.public.sn\/index.php\/2024\/05\/01\/commune-de-saint-louis-execution-des-depenses-publiques-2017-2020-mansour-faye-epingle-rapport-c-des-comptes\/#primaryimage\",\"url\":\"https:\/\/www.public.sn\/wp-content\/uploads\/2024\/05\/mansour-faye.jpeg\",\"contentUrl\":\"https:\/\/www.public.sn\/wp-content\/uploads\/2024\/05\/mansour-faye.jpeg\",\"width\":640,\"height\":480},{\"@type\":\"BreadcrumbList\",\"@id\":\"https:\/\/www.public.sn\/index.php\/2024\/05\/01\/commune-de-saint-louis-execution-des-depenses-publiques-2017-2020-mansour-faye-epingle-rapport-c-des-comptes\/#breadcrumb\",\"itemListElement\":[{\"@type\":\"ListItem\",\"position\":1,\"name\":\"Accueil\",\"item\":\"https:\/\/www.public.sn\/\"},{\"@type\":\"ListItem\",\"position\":2,\"name\":\"Commune de Saint-Louis \/ Ex\u00e9cution des d\u00e9penses publiques 2017-2020 : Mansour Faye \u00e9pingl\u00e9 ! (Rapport C. des comptes)\"}]},{\"@type\":\"WebSite\",\"@id\":\"https:\/\/www.public.sn\/#website\",\"url\":\"https:\/\/www.public.sn\/\",\"name\":\"LE PUBLIC\",\"description\":\"\",\"publisher\":{\"@id\":\"https:\/\/www.public.sn\/#organization\"},\"potentialAction\":[{\"@type\":\"SearchAction\",\"target\":{\"@type\":\"EntryPoint\",\"urlTemplate\":\"https:\/\/www.public.sn\/?s={search_term_string}\"},\"query-input\":{\"@type\":\"PropertyValueSpecification\",\"valueRequired\":true,\"valueName\":\"search_term_string\"}}],\"inLanguage\":\"fr-FR\"},{\"@type\":\"Organization\",\"@id\":\"https:\/\/www.public.sn\/#organization\",\"name\":\"LE PUBLIC\",\"url\":\"https:\/\/www.public.sn\/\",\"logo\":{\"@type\":\"ImageObject\",\"inLanguage\":\"fr-FR\",\"@id\":\"https:\/\/www.public.sn\/#\/schema\/logo\/image\/\",\"url\":\"https:\/\/www.public.sn\/wp-content\/uploads\/2024\/05\/cropped-LOGO-PUBLIC.SN_.png\",\"contentUrl\":\"https:\/\/www.public.sn\/wp-content\/uploads\/2024\/05\/cropped-LOGO-PUBLIC.SN_.png\",\"width\":682,\"height\":192,\"caption\":\"LE PUBLIC\"},\"image\":{\"@id\":\"https:\/\/www.public.sn\/#\/schema\/logo\/image\/\"}},{\"@type\":\"Person\",\"@id\":\"https:\/\/www.public.sn\/#\/schema\/person\/8fc5465b19f9ea9cf2212d8ca13397e3\",\"name\":\"Abdou SARR\",\"image\":{\"@type\":\"ImageObject\",\"inLanguage\":\"fr-FR\",\"@id\":\"https:\/\/www.public.sn\/#\/schema\/person\/image\/\",\"url\":\"https:\/\/secure.gravatar.com\/avatar\/1d5c1e6773c91217fbf1820ce89547e8b07a0eaffc48d779672f06c28be4b151?s=96&d=mm&r=g\",\"contentUrl\":\"https:\/\/secure.gravatar.com\/avatar\/1d5c1e6773c91217fbf1820ce89547e8b07a0eaffc48d779672f06c28be4b151?s=96&d=mm&r=g\",\"caption\":\"Abdou SARR\"},\"url\":\"https:\/\/www.public.sn\/index.php\/author\/dousarr24\/\"}]}<\/script>\n<!-- \/ Yoast SEO plugin. -->","yoast_head_json":{"title":"Commune de Saint-Louis \/ Ex\u00e9cution des d\u00e9penses publiques 2017-2020 : Mansour Faye \u00e9pingl\u00e9 ! (Rapport C. des comptes) - LE PUBLIC","description":"Dans son rapport concernant\u00a0\u00a0la p\u00e9riode 2017-2020, la Cour des comptes estime que le maire n\u2019a pas fourni les pi\u00e8ces justificatives exig\u00e9es par la r\u00e9glementation relatives \u00e0 \u00ab\u00a0l\u2019ordonnancement de d\u00e9penses d\u2019acquisition d\u2019effets d\u2019habillement\u00a0\u00bb. La Cour constate que le maire Mansour Faye a enfreint les r\u00e8gles d\u2019ex\u00e9cution des d\u00e9penses publiques.\u00a0","robots":{"index":"index","follow":"follow","max-snippet":"max-snippet:-1","max-image-preview":"max-image-preview:large","max-video-preview":"max-video-preview:-1"},"canonical":"https:\/\/www.public.sn\/index.php\/2024\/05\/01\/commune-de-saint-louis-execution-des-depenses-publiques-2017-2020-mansour-faye-epingle-rapport-c-des-comptes\/","og_locale":"fr_FR","og_type":"article","og_title":"Commune de Saint-Louis \/ Ex\u00e9cution des d\u00e9penses publiques 2017-2020 : Mansour Faye \u00e9pingl\u00e9 ! (Rapport C. des comptes) - LE PUBLIC","og_description":"Dans son rapport concernant\u00a0\u00a0la p\u00e9riode 2017-2020, la Cour des comptes estime que le maire n\u2019a pas fourni les pi\u00e8ces justificatives exig\u00e9es par la r\u00e9glementation relatives \u00e0 \u00ab\u00a0l\u2019ordonnancement de d\u00e9penses d\u2019acquisition d\u2019effets d\u2019habillement\u00a0\u00bb. La Cour constate que le maire Mansour Faye a enfreint les r\u00e8gles d\u2019ex\u00e9cution des d\u00e9penses publiques.\u00a0","og_url":"https:\/\/www.public.sn\/index.php\/2024\/05\/01\/commune-de-saint-louis-execution-des-depenses-publiques-2017-2020-mansour-faye-epingle-rapport-c-des-comptes\/","og_site_name":"LE PUBLIC","article_published_time":"2024-05-01T18:48:52+00:00","og_image":[{"width":640,"height":480,"url":"https:\/\/www.public.sn\/wp-content\/uploads\/2024\/05\/mansour-faye.jpeg","type":"image\/jpeg"}],"author":"Abdou SARR","twitter_card":"summary_large_image","twitter_misc":{"\u00c9crit par":"Abdou SARR","Dur\u00e9e de lecture estim\u00e9e":"2 minutes"},"schema":{"@context":"https:\/\/schema.org","@graph":[{"@type":"Article","@id":"https:\/\/www.public.sn\/index.php\/2024\/05\/01\/commune-de-saint-louis-execution-des-depenses-publiques-2017-2020-mansour-faye-epingle-rapport-c-des-comptes\/#article","isPartOf":{"@id":"https:\/\/www.public.sn\/index.php\/2024\/05\/01\/commune-de-saint-louis-execution-des-depenses-publiques-2017-2020-mansour-faye-epingle-rapport-c-des-comptes\/"},"author":{"name":"Abdou SARR","@id":"https:\/\/www.public.sn\/#\/schema\/person\/8fc5465b19f9ea9cf2212d8ca13397e3"},"headline":"Commune de Saint-Louis \/ Ex\u00e9cution des d\u00e9penses publiques 2017-2020 : Mansour Faye \u00e9pingl\u00e9 ! (Rapport C. des comptes)","datePublished":"2024-05-01T18:48:52+00:00","mainEntityOfPage":{"@id":"https:\/\/www.public.sn\/index.php\/2024\/05\/01\/commune-de-saint-louis-execution-des-depenses-publiques-2017-2020-mansour-faye-epingle-rapport-c-des-comptes\/"},"wordCount":297,"commentCount":0,"publisher":{"@id":"https:\/\/www.public.sn\/#organization"},"image":{"@id":"https:\/\/www.public.sn\/index.php\/2024\/05\/01\/commune-de-saint-louis-execution-des-depenses-publiques-2017-2020-mansour-faye-epingle-rapport-c-des-comptes\/#primaryimage"},"thumbnailUrl":"https:\/\/www.public.sn\/wp-content\/uploads\/2024\/05\/mansour-faye.jpeg","keywords":["\u00e9pingl\u00e9","mansour faye","rapport"],"articleSection":["ACTUALIT\u00c9S","S\u00c9N\u00c9GAL"],"inLanguage":"fr-FR","potentialAction":[{"@type":"CommentAction","name":"Comment","target":["https:\/\/www.public.sn\/index.php\/2024\/05\/01\/commune-de-saint-louis-execution-des-depenses-publiques-2017-2020-mansour-faye-epingle-rapport-c-des-comptes\/#respond"]}]},{"@type":"WebPage","@id":"https:\/\/www.public.sn\/index.php\/2024\/05\/01\/commune-de-saint-louis-execution-des-depenses-publiques-2017-2020-mansour-faye-epingle-rapport-c-des-comptes\/","url":"https:\/\/www.public.sn\/index.php\/2024\/05\/01\/commune-de-saint-louis-execution-des-depenses-publiques-2017-2020-mansour-faye-epingle-rapport-c-des-comptes\/","name":"Commune de Saint-Louis \/ Ex\u00e9cution des d\u00e9penses publiques 2017-2020 : Mansour Faye \u00e9pingl\u00e9 ! (Rapport C. des comptes) - LE PUBLIC","isPartOf":{"@id":"https:\/\/www.public.sn\/#website"},"primaryImageOfPage":{"@id":"https:\/\/www.public.sn\/index.php\/2024\/05\/01\/commune-de-saint-louis-execution-des-depenses-publiques-2017-2020-mansour-faye-epingle-rapport-c-des-comptes\/#primaryimage"},"image":{"@id":"https:\/\/www.public.sn\/index.php\/2024\/05\/01\/commune-de-saint-louis-execution-des-depenses-publiques-2017-2020-mansour-faye-epingle-rapport-c-des-comptes\/#primaryimage"},"thumbnailUrl":"https:\/\/www.public.sn\/wp-content\/uploads\/2024\/05\/mansour-faye.jpeg","datePublished":"2024-05-01T18:48:52+00:00","description":"Dans son rapport concernant\u00a0\u00a0la p\u00e9riode 2017-2020, la Cour des comptes estime que le maire n\u2019a pas fourni les pi\u00e8ces justificatives exig\u00e9es par la r\u00e9glementation relatives \u00e0 \u00ab\u00a0l\u2019ordonnancement de d\u00e9penses d\u2019acquisition d\u2019effets d\u2019habillement\u00a0\u00bb. La Cour constate que le maire Mansour Faye a enfreint les r\u00e8gles d\u2019ex\u00e9cution des d\u00e9penses publiques.\u00a0","breadcrumb":{"@id":"https:\/\/www.public.sn\/index.php\/2024\/05\/01\/commune-de-saint-louis-execution-des-depenses-publiques-2017-2020-mansour-faye-epingle-rapport-c-des-comptes\/#breadcrumb"},"inLanguage":"fr-FR","potentialAction":[{"@type":"ReadAction","target":["https:\/\/www.public.sn\/index.php\/2024\/05\/01\/commune-de-saint-louis-execution-des-depenses-publiques-2017-2020-mansour-faye-epingle-rapport-c-des-comptes\/"]}]},{"@type":"ImageObject","inLanguage":"fr-FR","@id":"https:\/\/www.public.sn\/index.php\/2024\/05\/01\/commune-de-saint-louis-execution-des-depenses-publiques-2017-2020-mansour-faye-epingle-rapport-c-des-comptes\/#primaryimage","url":"https:\/\/www.public.sn\/wp-content\/uploads\/2024\/05\/mansour-faye.jpeg","contentUrl":"https:\/\/www.public.sn\/wp-content\/uploads\/2024\/05\/mansour-faye.jpeg","width":640,"height":480},{"@type":"BreadcrumbList","@id":"https:\/\/www.public.sn\/index.php\/2024\/05\/01\/commune-de-saint-louis-execution-des-depenses-publiques-2017-2020-mansour-faye-epingle-rapport-c-des-comptes\/#breadcrumb","itemListElement":[{"@type":"ListItem","position":1,"name":"Accueil","item":"https:\/\/www.public.sn\/"},{"@type":"ListItem","position":2,"name":"Commune de Saint-Louis \/ Ex\u00e9cution des d\u00e9penses publiques 2017-2020 : Mansour Faye \u00e9pingl\u00e9 ! (Rapport C. des comptes)"}]},{"@type":"WebSite","@id":"https:\/\/www.public.sn\/#website","url":"https:\/\/www.public.sn\/","name":"LE PUBLIC","description":"","publisher":{"@id":"https:\/\/www.public.sn\/#organization"},"potentialAction":[{"@type":"SearchAction","target":{"@type":"EntryPoint","urlTemplate":"https:\/\/www.public.sn\/?s={search_term_string}"},"query-input":{"@type":"PropertyValueSpecification","valueRequired":true,"valueName":"search_term_string"}}],"inLanguage":"fr-FR"},{"@type":"Organization","@id":"https:\/\/www.public.sn\/#organization","name":"LE PUBLIC","url":"https:\/\/www.public.sn\/","logo":{"@type":"ImageObject","inLanguage":"fr-FR","@id":"https:\/\/www.public.sn\/#\/schema\/logo\/image\/","url":"https:\/\/www.public.sn\/wp-content\/uploads\/2024\/05\/cropped-LOGO-PUBLIC.SN_.png","contentUrl":"https:\/\/www.public.sn\/wp-content\/uploads\/2024\/05\/cropped-LOGO-PUBLIC.SN_.png","width":682,"height":192,"caption":"LE PUBLIC"},"image":{"@id":"https:\/\/www.public.sn\/#\/schema\/logo\/image\/"}},{"@type":"Person","@id":"https:\/\/www.public.sn\/#\/schema\/person\/8fc5465b19f9ea9cf2212d8ca13397e3","name":"Abdou SARR","image":{"@type":"ImageObject","inLanguage":"fr-FR","@id":"https:\/\/www.public.sn\/#\/schema\/person\/image\/","url":"https:\/\/secure.gravatar.com\/avatar\/1d5c1e6773c91217fbf1820ce89547e8b07a0eaffc48d779672f06c28be4b151?s=96&d=mm&r=g","contentUrl":"https:\/\/secure.gravatar.com\/avatar\/1d5c1e6773c91217fbf1820ce89547e8b07a0eaffc48d779672f06c28be4b151?s=96&d=mm&r=g","caption":"Abdou SARR"},"url":"https:\/\/www.public.sn\/index.php\/author\/dousarr24\/"}]}},"jetpack_featured_media_url":"https:\/\/www.public.sn\/wp-content\/uploads\/2024\/05\/mansour-faye.jpeg","jetpack_sharing_enabled":true,"_links":{"self":[{"href":"https:\/\/www.public.sn\/index.php\/wp-json\/wp\/v2\/posts\/32245","targetHints":{"allow":["GET"]}}],"collection":[{"href":"https:\/\/www.public.sn\/index.php\/wp-json\/wp\/v2\/posts"}],"about":[{"href":"https:\/\/www.public.sn\/index.php\/wp-json\/wp\/v2\/types\/post"}],"author":[{"embeddable":true,"href":"https:\/\/www.public.sn\/index.php\/wp-json\/wp\/v2\/users\/13"}],"replies":[{"embeddable":true,"href":"https:\/\/www.public.sn\/index.php\/wp-json\/wp\/v2\/comments?post=32245"}],"version-history":[{"count":2,"href":"https:\/\/www.public.sn\/index.php\/wp-json\/wp\/v2\/posts\/32245\/revisions"}],"predecessor-version":[{"id":32248,"href":"https:\/\/www.public.sn\/index.php\/wp-json\/wp\/v2\/posts\/32245\/revisions\/32248"}],"wp:featuredmedia":[{"embeddable":true,"href":"https:\/\/www.public.sn\/index.php\/wp-json\/wp\/v2\/media\/32247"}],"wp:attachment":[{"href":"https:\/\/www.public.sn\/index.php\/wp-json\/wp\/v2\/media?parent=32245"}],"wp:term":[{"taxonomy":"category","embeddable":true,"href":"https:\/\/www.public.sn\/index.php\/wp-json\/wp\/v2\/categories?post=32245"},{"taxonomy":"post_tag","embeddable":true,"href":"https:\/\/www.public.sn\/index.php\/wp-json\/wp\/v2\/tags?post=32245"}],"curies":[{"name":"wp","href":"https:\/\/api.w.org\/{rel}","templated":true}]}}