{"id":32254,"date":"2024-05-01T19:19:46","date_gmt":"2024-05-01T19:19:46","guid":{"rendered":"https:\/\/www.public.sn\/?p=32254"},"modified":"2024-05-01T19:23:04","modified_gmt":"2024-05-01T19:23:04","slug":"une-emission-qui-vient-a-son-heure-le-vrai-debat","status":"publish","type":"post","link":"https:\/\/www.public.sn\/index.php\/2024\/05\/01\/une-emission-qui-vient-a-son-heure-le-vrai-debat\/","title":{"rendered":"une \u00e9mission qui vient \u00e0 son heure : \u00ab\u00a0le vrai d\u00e9bat\u00a0\u00bb"},"content":{"rendered":"<p>Abdou SARR, le pr\u00e9sentateur de l&rsquo;\u00e9mission, le \u00ab\u00a0<strong>vrai d\u00e9bat<\/strong>\u00a0\u00bb interpelle les internautes de \u00ab\u00a0<strong>public sn tv<\/strong>\u00a0\u00bb de le suivre tous les\u00a0 dimanche\u00a0 \u00e0 partir de 12h. Une \u00e9mission qui traite l&rsquo;actualit\u00e9 politique avec des sp\u00e9cialistes connu par le grand publique.<\/p><div class=\"publi-paragraphe1\" style=\"margin-top: 10px;margin-bottom: 10px;margin-left: auto;margin-right: auto;text-align: center;\" id=\"publi-505339460\"><div class=\"publi-adlabel\">Publicit\u00e9<\/div><script async src=\"\/\/pagead2.googlesyndication.com\/pagead\/js\/adsbygoogle.js?client=ca-pub-4089586018074219\" crossorigin=\"anonymous\"><\/script><ins class=\"adsbygoogle\" style=\"display:block;\" data-ad-client=\"ca-pub-4089586018074219\" \ndata-ad-slot=\"2087940154\" \ndata-ad-format=\"auto\"><\/ins>\n<script> \n(adsbygoogle = window.adsbygoogle || []).push({}); \n<\/script>\n<\/div>\n<p>NB : Ne ratez surtout pas ce grand rendez vous.<\/p>\n<div class=\"publi-apres-le-contenu\" style=\"margin-top: 10px;margin-bottom: 10px;margin-left: auto;margin-right: auto;text-align: center;\" id=\"publi-444965971\"><div class=\"publi-adlabel\">Publicit\u00e9<\/div><script async src=\"\/\/pagead2.googlesyndication.com\/pagead\/js\/adsbygoogle.js?client=ca-pub-4089586018074219\" crossorigin=\"anonymous\"><\/script><ins class=\"adsbygoogle\" style=\"display:block;\" data-ad-client=\"ca-pub-4089586018074219\" \ndata-ad-slot=\"2087940154\" \ndata-ad-format=\"auto\"><\/ins>\n<script> \n(adsbygoogle = window.adsbygoogle || []).push({}); \n<\/script>\n<\/div>","protected":false},"excerpt":{"rendered":"<p>Abdou SARR, le pr\u00e9sentateur de l&rsquo;\u00e9mission, le \u00ab\u00a0vrai d\u00e9bat\u00a0\u00bb interpelle les internautes de \u00ab\u00a0public sn tv\u00a0\u00bb de le suivre tous les\u00a0 dimanche\u00a0 \u00e0 partir de 12h. Une \u00e9mission qui traite l&rsquo;actualit\u00e9 politique avec des sp\u00e9cialistes connu par le grand publique. NB : Ne ratez surtout pas ce grand rendez vous.<\/p>\n","protected":false},"author":13,"featured_media":32255,"comment_status":"open","ping_status":"open","sticky":false,"template":"","format":"standard","meta":{"_jetpack_memberships_contains_paid_content":false,"footnotes":""},"categories":[375],"tags":[5569,142,5570,2919,1158],"class_list":["post-32254","post","type-post","status-publish","format-standard","has-post-thumbnail","hentry","category-actualites","tag-abdou-sarr","tag-actualite","tag-dimanche","tag-emission","tag-politique","entry","has-media","owp-thumbs-layout-horizontal","owp-btn-normal","owp-tabs-layout-horizontal","has-no-thumbnails","has-product-nav"],"yoast_head":"<!-- This site is optimized with the Yoast SEO plugin v25.5 - https:\/\/yoast.com\/wordpress\/plugins\/seo\/ -->\n<title>une \u00e9mission qui vient \u00e0 son heure : &quot;le vrai d\u00e9bat&#039;&#039; - LE PUBLIC<\/title>\n<meta name=\"description\" content=\"Abdou SARR, le pr\u00e9sentateur de l&#039;\u00e9mission, le &quot;vrai d\u00e9bat&quot; interpelle les internautes de &quot;public sn tv&quot; de le suivre tous dimanche \u00e0 partir de 12h.\u00a0\" \/>\n<meta name=\"robots\" content=\"index, follow, max-snippet:-1, max-image-preview:large, max-video-preview:-1\" \/>\n<link rel=\"canonical\" href=\"https:\/\/www.public.sn\/index.php\/2024\/05\/01\/une-emission-qui-vient-a-son-heure-le-vrai-debat\/\" \/>\n<meta property=\"og:locale\" content=\"fr_FR\" \/>\n<meta property=\"og:type\" content=\"article\" \/>\n<meta property=\"og:title\" content=\"une \u00e9mission qui vient \u00e0 son heure : &quot;le vrai d\u00e9bat&#039;&#039; - LE PUBLIC\" \/>\n<meta property=\"og:description\" content=\"Abdou SARR, le pr\u00e9sentateur de l&#039;\u00e9mission, le &quot;vrai d\u00e9bat&quot; interpelle les internautes de &quot;public sn tv&quot; de le suivre tous dimanche \u00e0 partir de 12h.\u00a0\" \/>\n<meta property=\"og:url\" content=\"https:\/\/www.public.sn\/index.php\/2024\/05\/01\/une-emission-qui-vient-a-son-heure-le-vrai-debat\/\" \/>\n<meta property=\"og:site_name\" content=\"LE PUBLIC\" \/>\n<meta property=\"article:published_time\" content=\"2024-05-01T19:19:46+00:00\" \/>\n<meta property=\"article:modified_time\" content=\"2024-05-01T19:23:04+00:00\" \/>\n<meta property=\"og:image\" content=\"https:\/\/www.public.sn\/wp-content\/uploads\/2024\/05\/ABDOU-SARR.jpeg\" \/>\n\t<meta property=\"og:image:width\" content=\"1080\" \/>\n\t<meta property=\"og:image:height\" content=\"1030\" \/>\n\t<meta property=\"og:image:type\" content=\"image\/jpeg\" \/>\n<meta name=\"author\" content=\"Abdou SARR\" \/>\n<meta name=\"twitter:card\" content=\"summary_large_image\" \/>\n<meta name=\"twitter:label1\" content=\"\u00c9crit par\" \/>\n\t<meta name=\"twitter:data1\" content=\"Abdou SARR\" \/>\n\t<meta name=\"twitter:label2\" content=\"Dur\u00e9e de lecture estim\u00e9e\" \/>\n\t<meta name=\"twitter:data2\" content=\"1 minute\" \/>\n<script type=\"application\/ld+json\" class=\"yoast-schema-graph\">{\"@context\":\"https:\/\/schema.org\",\"@graph\":[{\"@type\":\"Article\",\"@id\":\"https:\/\/www.public.sn\/index.php\/2024\/05\/01\/une-emission-qui-vient-a-son-heure-le-vrai-debat\/#article\",\"isPartOf\":{\"@id\":\"https:\/\/www.public.sn\/index.php\/2024\/05\/01\/une-emission-qui-vient-a-son-heure-le-vrai-debat\/\"},\"author\":{\"name\":\"Abdou SARR\",\"@id\":\"https:\/\/www.public.sn\/#\/schema\/person\/8fc5465b19f9ea9cf2212d8ca13397e3\"},\"headline\":\"une \u00e9mission qui vient \u00e0 son heure : \u00ab\u00a0le vrai d\u00e9bat\u00a0\u00bb\",\"datePublished\":\"2024-05-01T19:19:46+00:00\",\"dateModified\":\"2024-05-01T19:23:04+00:00\",\"mainEntityOfPage\":{\"@id\":\"https:\/\/www.public.sn\/index.php\/2024\/05\/01\/une-emission-qui-vient-a-son-heure-le-vrai-debat\/\"},\"wordCount\":62,\"commentCount\":0,\"publisher\":{\"@id\":\"https:\/\/www.public.sn\/#organization\"},\"image\":{\"@id\":\"https:\/\/www.public.sn\/index.php\/2024\/05\/01\/une-emission-qui-vient-a-son-heure-le-vrai-debat\/#primaryimage\"},\"thumbnailUrl\":\"https:\/\/www.public.sn\/wp-content\/uploads\/2024\/05\/ABDOU-SARR.jpeg\",\"keywords\":[\"abdou sarr\",\"Actualit\u00e9\",\"dimanche\",\"Emission\",\"politique\"],\"articleSection\":[\"ACTUALIT\u00c9S\"],\"inLanguage\":\"fr-FR\",\"potentialAction\":[{\"@type\":\"CommentAction\",\"name\":\"Comment\",\"target\":[\"https:\/\/www.public.sn\/index.php\/2024\/05\/01\/une-emission-qui-vient-a-son-heure-le-vrai-debat\/#respond\"]}]},{\"@type\":\"WebPage\",\"@id\":\"https:\/\/www.public.sn\/index.php\/2024\/05\/01\/une-emission-qui-vient-a-son-heure-le-vrai-debat\/\",\"url\":\"https:\/\/www.public.sn\/index.php\/2024\/05\/01\/une-emission-qui-vient-a-son-heure-le-vrai-debat\/\",\"name\":\"une \u00e9mission qui vient \u00e0 son heure : \\\"le vrai d\u00e9bat'' - LE PUBLIC\",\"isPartOf\":{\"@id\":\"https:\/\/www.public.sn\/#website\"},\"primaryImageOfPage\":{\"@id\":\"https:\/\/www.public.sn\/index.php\/2024\/05\/01\/une-emission-qui-vient-a-son-heure-le-vrai-debat\/#primaryimage\"},\"image\":{\"@id\":\"https:\/\/www.public.sn\/index.php\/2024\/05\/01\/une-emission-qui-vient-a-son-heure-le-vrai-debat\/#primaryimage\"},\"thumbnailUrl\":\"https:\/\/www.public.sn\/wp-content\/uploads\/2024\/05\/ABDOU-SARR.jpeg\",\"datePublished\":\"2024-05-01T19:19:46+00:00\",\"dateModified\":\"2024-05-01T19:23:04+00:00\",\"description\":\"Abdou SARR, le pr\u00e9sentateur de l'\u00e9mission, le \\\"vrai d\u00e9bat\\\" interpelle les internautes de \\\"public sn tv\\\" de le suivre tous dimanche \u00e0 partir de 12h.\u00a0\",\"breadcrumb\":{\"@id\":\"https:\/\/www.public.sn\/index.php\/2024\/05\/01\/une-emission-qui-vient-a-son-heure-le-vrai-debat\/#breadcrumb\"},\"inLanguage\":\"fr-FR\",\"potentialAction\":[{\"@type\":\"ReadAction\",\"target\":[\"https:\/\/www.public.sn\/index.php\/2024\/05\/01\/une-emission-qui-vient-a-son-heure-le-vrai-debat\/\"]}]},{\"@type\":\"ImageObject\",\"inLanguage\":\"fr-FR\",\"@id\":\"https:\/\/www.public.sn\/index.php\/2024\/05\/01\/une-emission-qui-vient-a-son-heure-le-vrai-debat\/#primaryimage\",\"url\":\"https:\/\/www.public.sn\/wp-content\/uploads\/2024\/05\/ABDOU-SARR.jpeg\",\"contentUrl\":\"https:\/\/www.public.sn\/wp-content\/uploads\/2024\/05\/ABDOU-SARR.jpeg\",\"width\":1080,\"height\":1030},{\"@type\":\"BreadcrumbList\",\"@id\":\"https:\/\/www.public.sn\/index.php\/2024\/05\/01\/une-emission-qui-vient-a-son-heure-le-vrai-debat\/#breadcrumb\",\"itemListElement\":[{\"@type\":\"ListItem\",\"position\":1,\"name\":\"Accueil\",\"item\":\"https:\/\/www.public.sn\/\"},{\"@type\":\"ListItem\",\"position\":2,\"name\":\"une \u00e9mission qui vient \u00e0 son heure : \u00ab\u00a0le vrai d\u00e9bat\u00a0\u00bb\"}]},{\"@type\":\"WebSite\",\"@id\":\"https:\/\/www.public.sn\/#website\",\"url\":\"https:\/\/www.public.sn\/\",\"name\":\"LE PUBLIC\",\"description\":\"\",\"publisher\":{\"@id\":\"https:\/\/www.public.sn\/#organization\"},\"potentialAction\":[{\"@type\":\"SearchAction\",\"target\":{\"@type\":\"EntryPoint\",\"urlTemplate\":\"https:\/\/www.public.sn\/?s={search_term_string}\"},\"query-input\":{\"@type\":\"PropertyValueSpecification\",\"valueRequired\":true,\"valueName\":\"search_term_string\"}}],\"inLanguage\":\"fr-FR\"},{\"@type\":\"Organization\",\"@id\":\"https:\/\/www.public.sn\/#organization\",\"name\":\"LE PUBLIC\",\"url\":\"https:\/\/www.public.sn\/\",\"logo\":{\"@type\":\"ImageObject\",\"inLanguage\":\"fr-FR\",\"@id\":\"https:\/\/www.public.sn\/#\/schema\/logo\/image\/\",\"url\":\"https:\/\/www.public.sn\/wp-content\/uploads\/2024\/05\/cropped-LOGO-PUBLIC.SN_.png\",\"contentUrl\":\"https:\/\/www.public.sn\/wp-content\/uploads\/2024\/05\/cropped-LOGO-PUBLIC.SN_.png\",\"width\":682,\"height\":192,\"caption\":\"LE PUBLIC\"},\"image\":{\"@id\":\"https:\/\/www.public.sn\/#\/schema\/logo\/image\/\"}},{\"@type\":\"Person\",\"@id\":\"https:\/\/www.public.sn\/#\/schema\/person\/8fc5465b19f9ea9cf2212d8ca13397e3\",\"name\":\"Abdou SARR\",\"image\":{\"@type\":\"ImageObject\",\"inLanguage\":\"fr-FR\",\"@id\":\"https:\/\/www.public.sn\/#\/schema\/person\/image\/\",\"url\":\"https:\/\/secure.gravatar.com\/avatar\/1d5c1e6773c91217fbf1820ce89547e8b07a0eaffc48d779672f06c28be4b151?s=96&d=mm&r=g\",\"contentUrl\":\"https:\/\/secure.gravatar.com\/avatar\/1d5c1e6773c91217fbf1820ce89547e8b07a0eaffc48d779672f06c28be4b151?s=96&d=mm&r=g\",\"caption\":\"Abdou SARR\"},\"url\":\"https:\/\/www.public.sn\/index.php\/author\/dousarr24\/\"}]}<\/script>\n<!-- \/ Yoast SEO plugin. -->","yoast_head_json":{"title":"une \u00e9mission qui vient \u00e0 son heure : \"le vrai d\u00e9bat'' - LE PUBLIC","description":"Abdou SARR, le pr\u00e9sentateur de l'\u00e9mission, le \"vrai d\u00e9bat\" interpelle les internautes de \"public sn tv\" de le suivre tous dimanche \u00e0 partir de 12h.\u00a0","robots":{"index":"index","follow":"follow","max-snippet":"max-snippet:-1","max-image-preview":"max-image-preview:large","max-video-preview":"max-video-preview:-1"},"canonical":"https:\/\/www.public.sn\/index.php\/2024\/05\/01\/une-emission-qui-vient-a-son-heure-le-vrai-debat\/","og_locale":"fr_FR","og_type":"article","og_title":"une \u00e9mission qui vient \u00e0 son heure : \"le vrai d\u00e9bat'' - LE PUBLIC","og_description":"Abdou SARR, le pr\u00e9sentateur de l'\u00e9mission, le \"vrai d\u00e9bat\" interpelle les internautes de \"public sn tv\" de le suivre tous dimanche \u00e0 partir de 12h.\u00a0","og_url":"https:\/\/www.public.sn\/index.php\/2024\/05\/01\/une-emission-qui-vient-a-son-heure-le-vrai-debat\/","og_site_name":"LE PUBLIC","article_published_time":"2024-05-01T19:19:46+00:00","article_modified_time":"2024-05-01T19:23:04+00:00","og_image":[{"width":1080,"height":1030,"url":"https:\/\/www.public.sn\/wp-content\/uploads\/2024\/05\/ABDOU-SARR.jpeg","type":"image\/jpeg"}],"author":"Abdou SARR","twitter_card":"summary_large_image","twitter_misc":{"\u00c9crit par":"Abdou SARR","Dur\u00e9e de lecture estim\u00e9e":"1 minute"},"schema":{"@context":"https:\/\/schema.org","@graph":[{"@type":"Article","@id":"https:\/\/www.public.sn\/index.php\/2024\/05\/01\/une-emission-qui-vient-a-son-heure-le-vrai-debat\/#article","isPartOf":{"@id":"https:\/\/www.public.sn\/index.php\/2024\/05\/01\/une-emission-qui-vient-a-son-heure-le-vrai-debat\/"},"author":{"name":"Abdou SARR","@id":"https:\/\/www.public.sn\/#\/schema\/person\/8fc5465b19f9ea9cf2212d8ca13397e3"},"headline":"une \u00e9mission qui vient \u00e0 son heure : \u00ab\u00a0le vrai d\u00e9bat\u00a0\u00bb","datePublished":"2024-05-01T19:19:46+00:00","dateModified":"2024-05-01T19:23:04+00:00","mainEntityOfPage":{"@id":"https:\/\/www.public.sn\/index.php\/2024\/05\/01\/une-emission-qui-vient-a-son-heure-le-vrai-debat\/"},"wordCount":62,"commentCount":0,"publisher":{"@id":"https:\/\/www.public.sn\/#organization"},"image":{"@id":"https:\/\/www.public.sn\/index.php\/2024\/05\/01\/une-emission-qui-vient-a-son-heure-le-vrai-debat\/#primaryimage"},"thumbnailUrl":"https:\/\/www.public.sn\/wp-content\/uploads\/2024\/05\/ABDOU-SARR.jpeg","keywords":["abdou sarr","Actualit\u00e9","dimanche","Emission","politique"],"articleSection":["ACTUALIT\u00c9S"],"inLanguage":"fr-FR","potentialAction":[{"@type":"CommentAction","name":"Comment","target":["https:\/\/www.public.sn\/index.php\/2024\/05\/01\/une-emission-qui-vient-a-son-heure-le-vrai-debat\/#respond"]}]},{"@type":"WebPage","@id":"https:\/\/www.public.sn\/index.php\/2024\/05\/01\/une-emission-qui-vient-a-son-heure-le-vrai-debat\/","url":"https:\/\/www.public.sn\/index.php\/2024\/05\/01\/une-emission-qui-vient-a-son-heure-le-vrai-debat\/","name":"une \u00e9mission qui vient \u00e0 son heure : \"le vrai d\u00e9bat'' - LE PUBLIC","isPartOf":{"@id":"https:\/\/www.public.sn\/#website"},"primaryImageOfPage":{"@id":"https:\/\/www.public.sn\/index.php\/2024\/05\/01\/une-emission-qui-vient-a-son-heure-le-vrai-debat\/#primaryimage"},"image":{"@id":"https:\/\/www.public.sn\/index.php\/2024\/05\/01\/une-emission-qui-vient-a-son-heure-le-vrai-debat\/#primaryimage"},"thumbnailUrl":"https:\/\/www.public.sn\/wp-content\/uploads\/2024\/05\/ABDOU-SARR.jpeg","datePublished":"2024-05-01T19:19:46+00:00","dateModified":"2024-05-01T19:23:04+00:00","description":"Abdou SARR, le pr\u00e9sentateur de l'\u00e9mission, le \"vrai d\u00e9bat\" interpelle les internautes de \"public sn tv\" de le suivre tous dimanche \u00e0 partir de 12h.\u00a0","breadcrumb":{"@id":"https:\/\/www.public.sn\/index.php\/2024\/05\/01\/une-emission-qui-vient-a-son-heure-le-vrai-debat\/#breadcrumb"},"inLanguage":"fr-FR","potentialAction":[{"@type":"ReadAction","target":["https:\/\/www.public.sn\/index.php\/2024\/05\/01\/une-emission-qui-vient-a-son-heure-le-vrai-debat\/"]}]},{"@type":"ImageObject","inLanguage":"fr-FR","@id":"https:\/\/www.public.sn\/index.php\/2024\/05\/01\/une-emission-qui-vient-a-son-heure-le-vrai-debat\/#primaryimage","url":"https:\/\/www.public.sn\/wp-content\/uploads\/2024\/05\/ABDOU-SARR.jpeg","contentUrl":"https:\/\/www.public.sn\/wp-content\/uploads\/2024\/05\/ABDOU-SARR.jpeg","width":1080,"height":1030},{"@type":"BreadcrumbList","@id":"https:\/\/www.public.sn\/index.php\/2024\/05\/01\/une-emission-qui-vient-a-son-heure-le-vrai-debat\/#breadcrumb","itemListElement":[{"@type":"ListItem","position":1,"name":"Accueil","item":"https:\/\/www.public.sn\/"},{"@type":"ListItem","position":2,"name":"une \u00e9mission qui vient \u00e0 son heure : \u00ab\u00a0le vrai d\u00e9bat\u00a0\u00bb"}]},{"@type":"WebSite","@id":"https:\/\/www.public.sn\/#website","url":"https:\/\/www.public.sn\/","name":"LE PUBLIC","description":"","publisher":{"@id":"https:\/\/www.public.sn\/#organization"},"potentialAction":[{"@type":"SearchAction","target":{"@type":"EntryPoint","urlTemplate":"https:\/\/www.public.sn\/?s={search_term_string}"},"query-input":{"@type":"PropertyValueSpecification","valueRequired":true,"valueName":"search_term_string"}}],"inLanguage":"fr-FR"},{"@type":"Organization","@id":"https:\/\/www.public.sn\/#organization","name":"LE PUBLIC","url":"https:\/\/www.public.sn\/","logo":{"@type":"ImageObject","inLanguage":"fr-FR","@id":"https:\/\/www.public.sn\/#\/schema\/logo\/image\/","url":"https:\/\/www.public.sn\/wp-content\/uploads\/2024\/05\/cropped-LOGO-PUBLIC.SN_.png","contentUrl":"https:\/\/www.public.sn\/wp-content\/uploads\/2024\/05\/cropped-LOGO-PUBLIC.SN_.png","width":682,"height":192,"caption":"LE PUBLIC"},"image":{"@id":"https:\/\/www.public.sn\/#\/schema\/logo\/image\/"}},{"@type":"Person","@id":"https:\/\/www.public.sn\/#\/schema\/person\/8fc5465b19f9ea9cf2212d8ca13397e3","name":"Abdou SARR","image":{"@type":"ImageObject","inLanguage":"fr-FR","@id":"https:\/\/www.public.sn\/#\/schema\/person\/image\/","url":"https:\/\/secure.gravatar.com\/avatar\/1d5c1e6773c91217fbf1820ce89547e8b07a0eaffc48d779672f06c28be4b151?s=96&d=mm&r=g","contentUrl":"https:\/\/secure.gravatar.com\/avatar\/1d5c1e6773c91217fbf1820ce89547e8b07a0eaffc48d779672f06c28be4b151?s=96&d=mm&r=g","caption":"Abdou SARR"},"url":"https:\/\/www.public.sn\/index.php\/author\/dousarr24\/"}]}},"jetpack_featured_media_url":"https:\/\/www.public.sn\/wp-content\/uploads\/2024\/05\/ABDOU-SARR.jpeg","jetpack_sharing_enabled":true,"_links":{"self":[{"href":"https:\/\/www.public.sn\/index.php\/wp-json\/wp\/v2\/posts\/32254","targetHints":{"allow":["GET"]}}],"collection":[{"href":"https:\/\/www.public.sn\/index.php\/wp-json\/wp\/v2\/posts"}],"about":[{"href":"https:\/\/www.public.sn\/index.php\/wp-json\/wp\/v2\/types\/post"}],"author":[{"embeddable":true,"href":"https:\/\/www.public.sn\/index.php\/wp-json\/wp\/v2\/users\/13"}],"replies":[{"embeddable":true,"href":"https:\/\/www.public.sn\/index.php\/wp-json\/wp\/v2\/comments?post=32254"}],"version-history":[{"count":3,"href":"https:\/\/www.public.sn\/index.php\/wp-json\/wp\/v2\/posts\/32254\/revisions"}],"predecessor-version":[{"id":32258,"href":"https:\/\/www.public.sn\/index.php\/wp-json\/wp\/v2\/posts\/32254\/revisions\/32258"}],"wp:featuredmedia":[{"embeddable":true,"href":"https:\/\/www.public.sn\/index.php\/wp-json\/wp\/v2\/media\/32255"}],"wp:attachment":[{"href":"https:\/\/www.public.sn\/index.php\/wp-json\/wp\/v2\/media?parent=32254"}],"wp:term":[{"taxonomy":"category","embeddable":true,"href":"https:\/\/www.public.sn\/index.php\/wp-json\/wp\/v2\/categories?post=32254"},{"taxonomy":"post_tag","embeddable":true,"href":"https:\/\/www.public.sn\/index.php\/wp-json\/wp\/v2\/tags?post=32254"}],"curies":[{"name":"wp","href":"https:\/\/api.w.org\/{rel}","templated":true}]}}