{"id":32285,"date":"2024-05-02T16:57:21","date_gmt":"2024-05-02T16:57:21","guid":{"rendered":"https:\/\/www.public.sn\/?p=32285"},"modified":"2024-05-02T16:57:21","modified_gmt":"2024-05-02T16:57:21","slug":"madiambal-diagne-sur-les-relations-tendues-entre-macky-et-amadou-ba","status":"publish","type":"post","link":"https:\/\/www.public.sn\/index.php\/2024\/05\/02\/madiambal-diagne-sur-les-relations-tendues-entre-macky-et-amadou-ba\/","title":{"rendered":"Madiambal Diagne sur les \u00ab relations tendues \u00bb entre Macky et Amadou Ba."},"content":{"rendered":"<div class=\"texte\">\n<div class=\"access firstletter\">\n<div><strong>Le pr\u00e9sident du Groupe \u00ab Avenir Communication \u00bb, par ailleurs patron du journal Le Quotidien va certainement faire encore parler de lui les prochaines heures.<\/strong><\/div>\n<div><\/div>\n<div><\/div>\n<div>Madiambal Diagne qui s\u2019exprimait sur la 7Tv ce mercredi, a confirm\u00e9 le malaise au sein de l\u2019Apr avec notamment cette relation tendue entre l\u2019ancien pr\u00e9sident de la r\u00e9publique Macky Sall et \u00ab son candidat \u00bb lors de la pr\u00e9sidentielle de mars 2024. \u00ab Il y a effectivement des probl\u00e8mes que des gens ont tent\u00e9 de r\u00e9soudre.<\/div>\n<div><\/div>\n<div><\/div>\n<div>Il y a eu des m\u00e9diateurs et j\u2019en suis un. Mais tout ce que je peux vous dire c\u2019est qu\u2019ils doivent s\u2019expliquer devant les s\u00e9n\u00e9galais \u00bb a soutenu Madiambal Diagne qui a voulu s\u2019\u00e9pancher outre mesure devant la journaliste Maimouna Ndour Faye. \u00ab Lorsqu\u2019ils d\u00e9cideront de parler et de s\u2019adresser aux S\u00e9n\u00e9galais sur leur diff\u00e9rent, je pourrais en ce moment-l\u00e0, donner mon point de vue \u00bb a martel\u00e9 le journaliste.<\/div>\n<\/div>\n<\/div>\n<div class=\"hide_module_inside\">\n<div id=\"mod_4047092\" class=\"mod_4047092 wm-module fullbackground module-article_connexe\">\n<div class=\"entete\"><\/div>\n<\/div>\n<\/div>\n<div class=\"publi-apres-le-contenu\" style=\"margin-top: 10px;margin-bottom: 10px;margin-left: auto;margin-right: auto;text-align: center;\" id=\"publi-3880708562\"><div class=\"publi-adlabel\">Publicit\u00e9<\/div><script async src=\"\/\/pagead2.googlesyndication.com\/pagead\/js\/adsbygoogle.js?client=ca-pub-4089586018074219\" crossorigin=\"anonymous\"><\/script><ins class=\"adsbygoogle\" style=\"display:block;\" data-ad-client=\"ca-pub-4089586018074219\" \ndata-ad-slot=\"2087940154\" \ndata-ad-format=\"auto\"><\/ins>\n<script> \n(adsbygoogle = window.adsbygoogle || []).push({}); \n<\/script>\n<\/div>","protected":false},"excerpt":{"rendered":"<p>Le pr\u00e9sident du Groupe \u00ab Avenir Communication \u00bb, par ailleurs patron du journal Le Quotidien va certainement faire encore parler de lui les prochaines heures. Madiambal Diagne qui s\u2019exprimait sur la 7Tv ce mercredi, a confirm\u00e9 le malaise au sein de l\u2019Apr avec notamment cette relation tendue entre l\u2019ancien pr\u00e9sident de la r\u00e9publique Macky Sall et \u00ab son candidat \u00bb lors de la pr\u00e9sidentielle de mars 2024. \u00ab Il y a effectivement des probl\u00e8mes que des gens ont tent\u00e9 de r\u00e9soudre. Il y a eu des m\u00e9diateurs et j\u2019en suis un. Mais tout ce que je peux vous dire c\u2019est qu\u2019ils doivent s\u2019expliquer devant les s\u00e9n\u00e9galais \u00bb a soutenu Madiambal Diagne qui a voulu s\u2019\u00e9pancher outre mesure devant la journaliste Maimouna Ndour Faye. \u00ab Lorsqu\u2019ils d\u00e9cideront de parler et de s\u2019adresser aux S\u00e9n\u00e9galais sur leur diff\u00e9rent, je pourrais en ce moment-l\u00e0, donner mon point de vue \u00bb a martel\u00e9 le journaliste.<\/p>\n","protected":false},"author":13,"featured_media":32287,"comment_status":"open","ping_status":"open","sticky":false,"template":"","format":"standard","meta":{"_jetpack_memberships_contains_paid_content":false,"footnotes":""},"categories":[375,1],"tags":[744,11,5575],"class_list":["post-32285","post","type-post","status-publish","format-standard","has-post-thumbnail","hentry","category-actualites","category-non-classe","tag-amadou-ba","tag-macky-sall","tag-madiambale-diagne","entry","has-media","owp-thumbs-layout-horizontal","owp-btn-normal","owp-tabs-layout-horizontal","has-no-thumbnails","has-product-nav"],"yoast_head":"<!-- This site is optimized with the Yoast SEO plugin v25.5 - https:\/\/yoast.com\/wordpress\/plugins\/seo\/ -->\n<title>Madiambal Diagne sur les \u00ab relations tendues \u00bb entre Macky et Amadou Ba. - LE PUBLIC<\/title>\n<meta name=\"description\" content=\"Le pr\u00e9sident du Groupe \u00ab Avenir Communication \u00bb, par ailleurs patron du journal Le Quotidien va certainement faire encore parler de lui les prochaines heures.\" \/>\n<meta name=\"robots\" content=\"index, follow, max-snippet:-1, max-image-preview:large, max-video-preview:-1\" \/>\n<link rel=\"canonical\" href=\"https:\/\/www.public.sn\/index.php\/2024\/05\/02\/madiambal-diagne-sur-les-relations-tendues-entre-macky-et-amadou-ba\/\" \/>\n<meta property=\"og:locale\" content=\"fr_FR\" \/>\n<meta property=\"og:type\" content=\"article\" \/>\n<meta property=\"og:title\" content=\"Madiambal Diagne sur les \u00ab relations tendues \u00bb entre Macky et Amadou Ba. - LE PUBLIC\" \/>\n<meta property=\"og:description\" content=\"Le pr\u00e9sident du Groupe \u00ab Avenir Communication \u00bb, par ailleurs patron du journal Le Quotidien va certainement faire encore parler de lui les prochaines heures.\" \/>\n<meta property=\"og:url\" content=\"https:\/\/www.public.sn\/index.php\/2024\/05\/02\/madiambal-diagne-sur-les-relations-tendues-entre-macky-et-amadou-ba\/\" \/>\n<meta property=\"og:site_name\" content=\"LE PUBLIC\" \/>\n<meta property=\"article:published_time\" content=\"2024-05-02T16:57:21+00:00\" \/>\n<meta property=\"og:image\" content=\"https:\/\/www.public.sn\/wp-content\/uploads\/2024\/05\/dde.jpeg\" \/>\n\t<meta property=\"og:image:width\" content=\"772\" \/>\n\t<meta property=\"og:image:height\" content=\"575\" \/>\n\t<meta property=\"og:image:type\" content=\"image\/jpeg\" \/>\n<meta name=\"author\" content=\"Abdou SARR\" \/>\n<meta name=\"twitter:card\" content=\"summary_large_image\" \/>\n<meta name=\"twitter:label1\" content=\"\u00c9crit par\" \/>\n\t<meta name=\"twitter:data1\" content=\"Abdou SARR\" \/>\n\t<meta name=\"twitter:label2\" content=\"Dur\u00e9e de lecture estim\u00e9e\" \/>\n\t<meta name=\"twitter:data2\" content=\"1 minute\" \/>\n<script type=\"application\/ld+json\" class=\"yoast-schema-graph\">{\"@context\":\"https:\/\/schema.org\",\"@graph\":[{\"@type\":\"Article\",\"@id\":\"https:\/\/www.public.sn\/index.php\/2024\/05\/02\/madiambal-diagne-sur-les-relations-tendues-entre-macky-et-amadou-ba\/#article\",\"isPartOf\":{\"@id\":\"https:\/\/www.public.sn\/index.php\/2024\/05\/02\/madiambal-diagne-sur-les-relations-tendues-entre-macky-et-amadou-ba\/\"},\"author\":{\"name\":\"Abdou SARR\",\"@id\":\"https:\/\/www.public.sn\/#\/schema\/person\/8fc5465b19f9ea9cf2212d8ca13397e3\"},\"headline\":\"Madiambal Diagne sur les \u00ab relations tendues \u00bb entre Macky et Amadou Ba.\",\"datePublished\":\"2024-05-02T16:57:21+00:00\",\"mainEntityOfPage\":{\"@id\":\"https:\/\/www.public.sn\/index.php\/2024\/05\/02\/madiambal-diagne-sur-les-relations-tendues-entre-macky-et-amadou-ba\/\"},\"wordCount\":176,\"commentCount\":0,\"publisher\":{\"@id\":\"https:\/\/www.public.sn\/#organization\"},\"image\":{\"@id\":\"https:\/\/www.public.sn\/index.php\/2024\/05\/02\/madiambal-diagne-sur-les-relations-tendues-entre-macky-et-amadou-ba\/#primaryimage\"},\"thumbnailUrl\":\"https:\/\/www.public.sn\/wp-content\/uploads\/2024\/05\/dde.jpeg\",\"keywords\":[\"Amadou Ba\",\"Macky Sall\",\"madiambale diagne\"],\"articleSection\":[\"ACTUALIT\u00c9S\",\"S\u00c9N\u00c9GAL\"],\"inLanguage\":\"fr-FR\",\"potentialAction\":[{\"@type\":\"CommentAction\",\"name\":\"Comment\",\"target\":[\"https:\/\/www.public.sn\/index.php\/2024\/05\/02\/madiambal-diagne-sur-les-relations-tendues-entre-macky-et-amadou-ba\/#respond\"]}]},{\"@type\":\"WebPage\",\"@id\":\"https:\/\/www.public.sn\/index.php\/2024\/05\/02\/madiambal-diagne-sur-les-relations-tendues-entre-macky-et-amadou-ba\/\",\"url\":\"https:\/\/www.public.sn\/index.php\/2024\/05\/02\/madiambal-diagne-sur-les-relations-tendues-entre-macky-et-amadou-ba\/\",\"name\":\"Madiambal Diagne sur les \u00ab relations tendues \u00bb entre Macky et Amadou Ba. - LE PUBLIC\",\"isPartOf\":{\"@id\":\"https:\/\/www.public.sn\/#website\"},\"primaryImageOfPage\":{\"@id\":\"https:\/\/www.public.sn\/index.php\/2024\/05\/02\/madiambal-diagne-sur-les-relations-tendues-entre-macky-et-amadou-ba\/#primaryimage\"},\"image\":{\"@id\":\"https:\/\/www.public.sn\/index.php\/2024\/05\/02\/madiambal-diagne-sur-les-relations-tendues-entre-macky-et-amadou-ba\/#primaryimage\"},\"thumbnailUrl\":\"https:\/\/www.public.sn\/wp-content\/uploads\/2024\/05\/dde.jpeg\",\"datePublished\":\"2024-05-02T16:57:21+00:00\",\"description\":\"Le pr\u00e9sident du Groupe \u00ab Avenir Communication \u00bb, par ailleurs patron du journal Le Quotidien va certainement faire encore parler de lui les prochaines heures.\",\"breadcrumb\":{\"@id\":\"https:\/\/www.public.sn\/index.php\/2024\/05\/02\/madiambal-diagne-sur-les-relations-tendues-entre-macky-et-amadou-ba\/#breadcrumb\"},\"inLanguage\":\"fr-FR\",\"potentialAction\":[{\"@type\":\"ReadAction\",\"target\":[\"https:\/\/www.public.sn\/index.php\/2024\/05\/02\/madiambal-diagne-sur-les-relations-tendues-entre-macky-et-amadou-ba\/\"]}]},{\"@type\":\"ImageObject\",\"inLanguage\":\"fr-FR\",\"@id\":\"https:\/\/www.public.sn\/index.php\/2024\/05\/02\/madiambal-diagne-sur-les-relations-tendues-entre-macky-et-amadou-ba\/#primaryimage\",\"url\":\"https:\/\/www.public.sn\/wp-content\/uploads\/2024\/05\/dde.jpeg\",\"contentUrl\":\"https:\/\/www.public.sn\/wp-content\/uploads\/2024\/05\/dde.jpeg\",\"width\":772,\"height\":575},{\"@type\":\"BreadcrumbList\",\"@id\":\"https:\/\/www.public.sn\/index.php\/2024\/05\/02\/madiambal-diagne-sur-les-relations-tendues-entre-macky-et-amadou-ba\/#breadcrumb\",\"itemListElement\":[{\"@type\":\"ListItem\",\"position\":1,\"name\":\"Accueil\",\"item\":\"https:\/\/www.public.sn\/\"},{\"@type\":\"ListItem\",\"position\":2,\"name\":\"Madiambal Diagne sur les \u00ab relations tendues \u00bb entre Macky et Amadou Ba.\"}]},{\"@type\":\"WebSite\",\"@id\":\"https:\/\/www.public.sn\/#website\",\"url\":\"https:\/\/www.public.sn\/\",\"name\":\"LE PUBLIC\",\"description\":\"\",\"publisher\":{\"@id\":\"https:\/\/www.public.sn\/#organization\"},\"potentialAction\":[{\"@type\":\"SearchAction\",\"target\":{\"@type\":\"EntryPoint\",\"urlTemplate\":\"https:\/\/www.public.sn\/?s={search_term_string}\"},\"query-input\":{\"@type\":\"PropertyValueSpecification\",\"valueRequired\":true,\"valueName\":\"search_term_string\"}}],\"inLanguage\":\"fr-FR\"},{\"@type\":\"Organization\",\"@id\":\"https:\/\/www.public.sn\/#organization\",\"name\":\"LE PUBLIC\",\"url\":\"https:\/\/www.public.sn\/\",\"logo\":{\"@type\":\"ImageObject\",\"inLanguage\":\"fr-FR\",\"@id\":\"https:\/\/www.public.sn\/#\/schema\/logo\/image\/\",\"url\":\"https:\/\/www.public.sn\/wp-content\/uploads\/2024\/05\/cropped-LOGO-PUBLIC.SN_.png\",\"contentUrl\":\"https:\/\/www.public.sn\/wp-content\/uploads\/2024\/05\/cropped-LOGO-PUBLIC.SN_.png\",\"width\":682,\"height\":192,\"caption\":\"LE PUBLIC\"},\"image\":{\"@id\":\"https:\/\/www.public.sn\/#\/schema\/logo\/image\/\"}},{\"@type\":\"Person\",\"@id\":\"https:\/\/www.public.sn\/#\/schema\/person\/8fc5465b19f9ea9cf2212d8ca13397e3\",\"name\":\"Abdou SARR\",\"image\":{\"@type\":\"ImageObject\",\"inLanguage\":\"fr-FR\",\"@id\":\"https:\/\/www.public.sn\/#\/schema\/person\/image\/\",\"url\":\"https:\/\/secure.gravatar.com\/avatar\/1d5c1e6773c91217fbf1820ce89547e8b07a0eaffc48d779672f06c28be4b151?s=96&d=mm&r=g\",\"contentUrl\":\"https:\/\/secure.gravatar.com\/avatar\/1d5c1e6773c91217fbf1820ce89547e8b07a0eaffc48d779672f06c28be4b151?s=96&d=mm&r=g\",\"caption\":\"Abdou SARR\"},\"url\":\"https:\/\/www.public.sn\/index.php\/author\/dousarr24\/\"}]}<\/script>\n<!-- \/ Yoast SEO plugin. -->","yoast_head_json":{"title":"Madiambal Diagne sur les \u00ab relations tendues \u00bb entre Macky et Amadou Ba. - LE PUBLIC","description":"Le pr\u00e9sident du Groupe \u00ab Avenir Communication \u00bb, par ailleurs patron du journal Le Quotidien va certainement faire encore parler de lui les prochaines heures.","robots":{"index":"index","follow":"follow","max-snippet":"max-snippet:-1","max-image-preview":"max-image-preview:large","max-video-preview":"max-video-preview:-1"},"canonical":"https:\/\/www.public.sn\/index.php\/2024\/05\/02\/madiambal-diagne-sur-les-relations-tendues-entre-macky-et-amadou-ba\/","og_locale":"fr_FR","og_type":"article","og_title":"Madiambal Diagne sur les \u00ab relations tendues \u00bb entre Macky et Amadou Ba. - LE PUBLIC","og_description":"Le pr\u00e9sident du Groupe \u00ab Avenir Communication \u00bb, par ailleurs patron du journal Le Quotidien va certainement faire encore parler de lui les prochaines heures.","og_url":"https:\/\/www.public.sn\/index.php\/2024\/05\/02\/madiambal-diagne-sur-les-relations-tendues-entre-macky-et-amadou-ba\/","og_site_name":"LE PUBLIC","article_published_time":"2024-05-02T16:57:21+00:00","og_image":[{"width":772,"height":575,"url":"https:\/\/www.public.sn\/wp-content\/uploads\/2024\/05\/dde.jpeg","type":"image\/jpeg"}],"author":"Abdou SARR","twitter_card":"summary_large_image","twitter_misc":{"\u00c9crit par":"Abdou SARR","Dur\u00e9e de lecture estim\u00e9e":"1 minute"},"schema":{"@context":"https:\/\/schema.org","@graph":[{"@type":"Article","@id":"https:\/\/www.public.sn\/index.php\/2024\/05\/02\/madiambal-diagne-sur-les-relations-tendues-entre-macky-et-amadou-ba\/#article","isPartOf":{"@id":"https:\/\/www.public.sn\/index.php\/2024\/05\/02\/madiambal-diagne-sur-les-relations-tendues-entre-macky-et-amadou-ba\/"},"author":{"name":"Abdou SARR","@id":"https:\/\/www.public.sn\/#\/schema\/person\/8fc5465b19f9ea9cf2212d8ca13397e3"},"headline":"Madiambal Diagne sur les \u00ab relations tendues \u00bb entre Macky et Amadou Ba.","datePublished":"2024-05-02T16:57:21+00:00","mainEntityOfPage":{"@id":"https:\/\/www.public.sn\/index.php\/2024\/05\/02\/madiambal-diagne-sur-les-relations-tendues-entre-macky-et-amadou-ba\/"},"wordCount":176,"commentCount":0,"publisher":{"@id":"https:\/\/www.public.sn\/#organization"},"image":{"@id":"https:\/\/www.public.sn\/index.php\/2024\/05\/02\/madiambal-diagne-sur-les-relations-tendues-entre-macky-et-amadou-ba\/#primaryimage"},"thumbnailUrl":"https:\/\/www.public.sn\/wp-content\/uploads\/2024\/05\/dde.jpeg","keywords":["Amadou Ba","Macky Sall","madiambale diagne"],"articleSection":["ACTUALIT\u00c9S","S\u00c9N\u00c9GAL"],"inLanguage":"fr-FR","potentialAction":[{"@type":"CommentAction","name":"Comment","target":["https:\/\/www.public.sn\/index.php\/2024\/05\/02\/madiambal-diagne-sur-les-relations-tendues-entre-macky-et-amadou-ba\/#respond"]}]},{"@type":"WebPage","@id":"https:\/\/www.public.sn\/index.php\/2024\/05\/02\/madiambal-diagne-sur-les-relations-tendues-entre-macky-et-amadou-ba\/","url":"https:\/\/www.public.sn\/index.php\/2024\/05\/02\/madiambal-diagne-sur-les-relations-tendues-entre-macky-et-amadou-ba\/","name":"Madiambal Diagne sur les \u00ab relations tendues \u00bb entre Macky et Amadou Ba. - LE PUBLIC","isPartOf":{"@id":"https:\/\/www.public.sn\/#website"},"primaryImageOfPage":{"@id":"https:\/\/www.public.sn\/index.php\/2024\/05\/02\/madiambal-diagne-sur-les-relations-tendues-entre-macky-et-amadou-ba\/#primaryimage"},"image":{"@id":"https:\/\/www.public.sn\/index.php\/2024\/05\/02\/madiambal-diagne-sur-les-relations-tendues-entre-macky-et-amadou-ba\/#primaryimage"},"thumbnailUrl":"https:\/\/www.public.sn\/wp-content\/uploads\/2024\/05\/dde.jpeg","datePublished":"2024-05-02T16:57:21+00:00","description":"Le pr\u00e9sident du Groupe \u00ab Avenir Communication \u00bb, par ailleurs patron du journal Le Quotidien va certainement faire encore parler de lui les prochaines heures.","breadcrumb":{"@id":"https:\/\/www.public.sn\/index.php\/2024\/05\/02\/madiambal-diagne-sur-les-relations-tendues-entre-macky-et-amadou-ba\/#breadcrumb"},"inLanguage":"fr-FR","potentialAction":[{"@type":"ReadAction","target":["https:\/\/www.public.sn\/index.php\/2024\/05\/02\/madiambal-diagne-sur-les-relations-tendues-entre-macky-et-amadou-ba\/"]}]},{"@type":"ImageObject","inLanguage":"fr-FR","@id":"https:\/\/www.public.sn\/index.php\/2024\/05\/02\/madiambal-diagne-sur-les-relations-tendues-entre-macky-et-amadou-ba\/#primaryimage","url":"https:\/\/www.public.sn\/wp-content\/uploads\/2024\/05\/dde.jpeg","contentUrl":"https:\/\/www.public.sn\/wp-content\/uploads\/2024\/05\/dde.jpeg","width":772,"height":575},{"@type":"BreadcrumbList","@id":"https:\/\/www.public.sn\/index.php\/2024\/05\/02\/madiambal-diagne-sur-les-relations-tendues-entre-macky-et-amadou-ba\/#breadcrumb","itemListElement":[{"@type":"ListItem","position":1,"name":"Accueil","item":"https:\/\/www.public.sn\/"},{"@type":"ListItem","position":2,"name":"Madiambal Diagne sur les \u00ab relations tendues \u00bb entre Macky et Amadou Ba."}]},{"@type":"WebSite","@id":"https:\/\/www.public.sn\/#website","url":"https:\/\/www.public.sn\/","name":"LE PUBLIC","description":"","publisher":{"@id":"https:\/\/www.public.sn\/#organization"},"potentialAction":[{"@type":"SearchAction","target":{"@type":"EntryPoint","urlTemplate":"https:\/\/www.public.sn\/?s={search_term_string}"},"query-input":{"@type":"PropertyValueSpecification","valueRequired":true,"valueName":"search_term_string"}}],"inLanguage":"fr-FR"},{"@type":"Organization","@id":"https:\/\/www.public.sn\/#organization","name":"LE PUBLIC","url":"https:\/\/www.public.sn\/","logo":{"@type":"ImageObject","inLanguage":"fr-FR","@id":"https:\/\/www.public.sn\/#\/schema\/logo\/image\/","url":"https:\/\/www.public.sn\/wp-content\/uploads\/2024\/05\/cropped-LOGO-PUBLIC.SN_.png","contentUrl":"https:\/\/www.public.sn\/wp-content\/uploads\/2024\/05\/cropped-LOGO-PUBLIC.SN_.png","width":682,"height":192,"caption":"LE PUBLIC"},"image":{"@id":"https:\/\/www.public.sn\/#\/schema\/logo\/image\/"}},{"@type":"Person","@id":"https:\/\/www.public.sn\/#\/schema\/person\/8fc5465b19f9ea9cf2212d8ca13397e3","name":"Abdou SARR","image":{"@type":"ImageObject","inLanguage":"fr-FR","@id":"https:\/\/www.public.sn\/#\/schema\/person\/image\/","url":"https:\/\/secure.gravatar.com\/avatar\/1d5c1e6773c91217fbf1820ce89547e8b07a0eaffc48d779672f06c28be4b151?s=96&d=mm&r=g","contentUrl":"https:\/\/secure.gravatar.com\/avatar\/1d5c1e6773c91217fbf1820ce89547e8b07a0eaffc48d779672f06c28be4b151?s=96&d=mm&r=g","caption":"Abdou SARR"},"url":"https:\/\/www.public.sn\/index.php\/author\/dousarr24\/"}]}},"jetpack_featured_media_url":"https:\/\/www.public.sn\/wp-content\/uploads\/2024\/05\/dde.jpeg","jetpack_sharing_enabled":true,"_links":{"self":[{"href":"https:\/\/www.public.sn\/index.php\/wp-json\/wp\/v2\/posts\/32285","targetHints":{"allow":["GET"]}}],"collection":[{"href":"https:\/\/www.public.sn\/index.php\/wp-json\/wp\/v2\/posts"}],"about":[{"href":"https:\/\/www.public.sn\/index.php\/wp-json\/wp\/v2\/types\/post"}],"author":[{"embeddable":true,"href":"https:\/\/www.public.sn\/index.php\/wp-json\/wp\/v2\/users\/13"}],"replies":[{"embeddable":true,"href":"https:\/\/www.public.sn\/index.php\/wp-json\/wp\/v2\/comments?post=32285"}],"version-history":[{"count":1,"href":"https:\/\/www.public.sn\/index.php\/wp-json\/wp\/v2\/posts\/32285\/revisions"}],"predecessor-version":[{"id":32286,"href":"https:\/\/www.public.sn\/index.php\/wp-json\/wp\/v2\/posts\/32285\/revisions\/32286"}],"wp:featuredmedia":[{"embeddable":true,"href":"https:\/\/www.public.sn\/index.php\/wp-json\/wp\/v2\/media\/32287"}],"wp:attachment":[{"href":"https:\/\/www.public.sn\/index.php\/wp-json\/wp\/v2\/media?parent=32285"}],"wp:term":[{"taxonomy":"category","embeddable":true,"href":"https:\/\/www.public.sn\/index.php\/wp-json\/wp\/v2\/categories?post=32285"},{"taxonomy":"post_tag","embeddable":true,"href":"https:\/\/www.public.sn\/index.php\/wp-json\/wp\/v2\/tags?post=32285"}],"curies":[{"name":"wp","href":"https:\/\/api.w.org\/{rel}","templated":true}]}}