{"id":32346,"date":"2024-05-02T20:03:54","date_gmt":"2024-05-02T20:03:54","guid":{"rendered":"https:\/\/www.public.sn\/?p=32346"},"modified":"2024-05-02T20:03:54","modified_gmt":"2024-05-02T20:03:54","slug":"campagne-agricole-2024-au-senegal-les-acteurs-de-lagro-ecologie-sy-mettent-deja","status":"publish","type":"post","link":"https:\/\/www.public.sn\/index.php\/2024\/05\/02\/campagne-agricole-2024-au-senegal-les-acteurs-de-lagro-ecologie-sy-mettent-deja\/","title":{"rendered":"Campagne agricole 2024 au S\u00e9n\u00e9gal : Les acteurs de l\u2019agro-\u00e9cologie s&rsquo;y mettent d\u00e9j\u00e0"},"content":{"rendered":"<div class=\"texte\">\n<div class=\"access firstletter\"><strong>Depuis 2019, au S\u00e9n\u00e9gal, les acteurs de l\u2019agro\u00e9cologie se sont f\u00e9d\u00e9r\u00e9s autour d\u2019une coalition nationale : la Dynamique pour une Transition Agro\u00e9cologique au S\u00e9n\u00e9gal (DyTAES). Cette plateforme multi-acteurs regroupe aujourd\u2019hui 78 membres parmi lesquels on retrouve des organisations de producteurs, des ONG nationales et internationales, des associations consum\u00e9ristes, des r\u00e9seaux d\u2019\u00e9lus, des communes, des institutions de recherches et de formation, des services \u00e9tatiques et des priv\u00e9s.<\/strong><\/div>\n<div><\/div>\n<div><\/div>\n<div class=\"access firstletter\">\nCe collectif d\u2019acteurs \u0153uvre depuis bient\u00f4t cinq ans pour une mise \u00e0 l\u2019\u00e9chelle de l\u2019agro\u00e9cologie \u00e0 travers le plaidoyer, le partage d\u2019exp\u00e9rience, la recherche, la formation, l\u2019accompagnement des territoires en transition agro\u00e9cologique et le dialogue politique.<\/p>\n<div>\nParmi les r\u00e9sultats de la DyTAES, nous pouvons citer entre autres l\u2019attribution de 10 % du budget national des engrais \u00e0 une subvention annuelle d\u2019engrais organiques par le gouvernement du S\u00e9n\u00e9gal, la mise en place de Dynamiques pour une Transition Agro\u00e9cologique Locale (DyTAEL) dans les six zones agro-\u00e9cologiques du S\u00e9n\u00e9gal, le positionnement du S\u00e9n\u00e9gal comme mod\u00e8le d\u2019agro-\u00e9cologie en Afrique de l\u2019Ouest et \u00e0 l\u2019international, la contribution aux documents politiques tels que le PSE Vert ou encore la Strat\u00e9gie de Souverainet\u00e9 Alimentaire du S\u00e9n\u00e9gal.<\/div>\n<div>\n<div id=\":qg\" role=\"button\" aria-expanded=\"true\" aria-label=\"Masquer le contenu d\u00e9velopp\u00e9\" data-tooltip=\"Masquer le contenu d\u00e9velopp\u00e9\"><img decoding=\"async\" src=\"https:\/\/ssl.gstatic.com\/ui\/v1\/icons\/mail\/images\/cleardot.gif\" \/><\/div>\n<\/div>\n<div>\n<div><\/div>\n<div>\n<div>\nDans cette logique, ce 30 avril 2024, les acteurs de la DyTAES et ses entit\u00e9s locales, les DyTAELs ont tenu un atelier de pr\u00e9paration de la campagne agricole 2024 avec la Direction de l\u2019Agriculture du Minist\u00e8re de l\u2019Agriculture, de la Souverainet\u00e9 Alimentaire et de l\u2019Elevage (MASAE) \u00e0 la sph\u00e8re minist\u00e9rielle de Diamniadio.<\/div>\n<div>\nCette rencontre, cadre d\u2019\u00e9coute, de partage, de co-construction et de projection entre les divers participants et a \u00e9t\u00e9 fortement enrichie par les contributions des acteurs en provenance des six zones agro-\u00e9cologiques du S\u00e9n\u00e9gal repr\u00e9sent\u00e9es par les DyTAELs.<\/p>\n<div>\nLes \u00e9changes ont port\u00e9 sur la subvention des intrants organiques et des perspectives concr\u00e8tes de collaboration entre les parties prenantes identifi\u00e9es.<\/div>\n<div>\nEntre autres, le syst\u00e8me de distribution des intrants, leurs modalit\u00e9s d\u2019acquisition, le dispositif d\u2019accompagnement et la pleine implication des producteurs et productrices dans le processus \u00e0 toutes les \u00e9chelles, ont \u00e9t\u00e9 discut\u00e9s pour identifier conjointement les meilleures dispositions \u00e0 prendre pour la r\u00e9ussite de la campagne agricole 2024.<\/div>\n<div>\nParmi les r\u00e9sultats majeurs de ces \u00e9changes, nous pouvons citer :<br \/>\nUn accord sur une implication directe des DyTAELs dans les commissions d\u00e9partementales et locales afin d\u2019informer les acteurs de l\u2019agro\u00e9cologie de la disponibilit\u00e9 des intrants organiques et de faciliter les processus d\u2019acquisition.<br \/>\nUn syst\u00e8me de suivi des intrants organiques sera \u00e9labor\u00e9 par chaque DyTAEL afin de faire un retour sur la qualit\u00e9, la quantit\u00e9 et l\u2019efficacit\u00e9 des produits et du dispositif actuel<br \/>\nUne remont\u00e9e de ces informations sera effectu\u00e9e au MASAE par la DyTAES. Elle sera associ\u00e9e aux r\u00e9unions de la direction de l\u2019agriculture sur les intrants<br \/>\nEn outre, sur la base des \u00e9changes de la journ\u00e9e, une liste de recommandations succinctes sp\u00e9cifiques aux intrants organiques sera partag\u00e9e au ministre et ses collaborateurs dans les meilleurs d\u00e9lais ainsi que le rapport global\u00a0de\u00a0la\u00a0session.<\/div>\n<\/div>\n<\/div>\n<\/div>\n<\/div>\n<\/div>\n<div class=\"hide_module_inside\">\n<div id=\"mod_4047092\" class=\"mod_4047092 wm-module fullbackground  module-article_connexe\">\n<div class=\"entete\"><\/div>\n<\/div>\n<\/div>\n<div class=\"publi-apres-le-contenu\" style=\"margin-top: 10px;margin-bottom: 10px;margin-left: auto;margin-right: auto;text-align: center;\" id=\"publi-220521471\"><div class=\"publi-adlabel\">Publicit\u00e9<\/div><script async src=\"\/\/pagead2.googlesyndication.com\/pagead\/js\/adsbygoogle.js?client=ca-pub-4089586018074219\" crossorigin=\"anonymous\"><\/script><ins class=\"adsbygoogle\" style=\"display:block;\" data-ad-client=\"ca-pub-4089586018074219\" \ndata-ad-slot=\"2087940154\" \ndata-ad-format=\"auto\"><\/ins>\n<script> \n(adsbygoogle = window.adsbygoogle || []).push({}); \n<\/script>\n<\/div>","protected":false},"excerpt":{"rendered":"<p>Depuis 2019, au S\u00e9n\u00e9gal, les acteurs de l\u2019agro\u00e9cologie se sont f\u00e9d\u00e9r\u00e9s autour d\u2019une coalition nationale : la Dynamique pour une Transition Agro\u00e9cologique au S\u00e9n\u00e9gal (DyTAES). Cette plateforme multi-acteurs regroupe aujourd\u2019hui 78 membres parmi lesquels on retrouve des organisations de producteurs, des ONG nationales et internationales, des associations consum\u00e9ristes, des r\u00e9seaux d\u2019\u00e9lus, des communes, des institutions de recherches et de formation, des services \u00e9tatiques et des priv\u00e9s. Ce collectif d\u2019acteurs \u0153uvre depuis bient\u00f4t cinq ans pour une mise \u00e0 l\u2019\u00e9chelle de l\u2019agro\u00e9cologie \u00e0 travers le plaidoyer, le partage d\u2019exp\u00e9rience, la recherche, la formation, l\u2019accompagnement des territoires en transition agro\u00e9cologique et le dialogue politique. Parmi les r\u00e9sultats de la DyTAES, nous pouvons citer entre autres l\u2019attribution de 10 % du budget national des engrais \u00e0 une subvention annuelle d\u2019engrais organiques par le gouvernement du S\u00e9n\u00e9gal, la mise en place de Dynamiques pour une Transition Agro\u00e9cologique Locale (DyTAEL) dans les six zones agro-\u00e9cologiques du S\u00e9n\u00e9gal, le positionnement du S\u00e9n\u00e9gal comme mod\u00e8le d\u2019agro-\u00e9cologie en Afrique de l\u2019Ouest et \u00e0 l\u2019international, la contribution aux documents politiques tels que le PSE Vert ou encore la Strat\u00e9gie de Souverainet\u00e9 Alimentaire du S\u00e9n\u00e9gal. Dans cette logique, ce 30 avril 2024, les acteurs de la DyTAES et ses entit\u00e9s locales, les DyTAELs ont tenu un atelier de pr\u00e9paration de la campagne agricole 2024 avec la Direction de l\u2019Agriculture du Minist\u00e8re de l\u2019Agriculture, de la Souverainet\u00e9 Alimentaire et de l\u2019Elevage (MASAE) \u00e0 la sph\u00e8re minist\u00e9rielle de Diamniadio. Cette rencontre, cadre d\u2019\u00e9coute, de partage, de co-construction et de projection entre les divers participants et a \u00e9t\u00e9 fortement enrichie par les contributions des acteurs en provenance des six zones agro-\u00e9cologiques du S\u00e9n\u00e9gal repr\u00e9sent\u00e9es par les DyTAELs. Les \u00e9changes ont port\u00e9 sur la subvention des intrants organiques et des perspectives concr\u00e8tes de collaboration entre les parties prenantes identifi\u00e9es. Entre autres, le syst\u00e8me de distribution des intrants, leurs modalit\u00e9s d\u2019acquisition, le dispositif d\u2019accompagnement et la pleine implication des producteurs et productrices dans le processus \u00e0 toutes les \u00e9chelles, ont \u00e9t\u00e9 discut\u00e9s pour identifier conjointement les meilleures dispositions \u00e0 prendre pour la r\u00e9ussite de la campagne agricole 2024. Parmi les r\u00e9sultats majeurs de ces \u00e9changes, nous pouvons citer : Un accord sur une implication directe des DyTAELs dans les commissions d\u00e9partementales et locales afin d\u2019informer les acteurs de l\u2019agro\u00e9cologie de la disponibilit\u00e9 des intrants organiques et de faciliter les processus d\u2019acquisition. Un syst\u00e8me de suivi des intrants organiques sera \u00e9labor\u00e9 par chaque DyTAEL afin de faire un retour sur la qualit\u00e9, la quantit\u00e9 et l\u2019efficacit\u00e9 des produits et du dispositif actuel Une remont\u00e9e de ces informations sera effectu\u00e9e au MASAE par la DyTAES. Elle sera associ\u00e9e aux r\u00e9unions de la direction de l\u2019agriculture sur les intrants En outre, sur la base des \u00e9changes de la journ\u00e9e, une liste de recommandations succinctes sp\u00e9cifiques aux intrants organiques sera partag\u00e9e au ministre et ses collaborateurs dans les meilleurs d\u00e9lais ainsi que le rapport global\u00a0de\u00a0la\u00a0session.<\/p>\n","protected":false},"author":13,"featured_media":32347,"comment_status":"open","ping_status":"open","sticky":false,"template":"","format":"standard","meta":{"_jetpack_memberships_contains_paid_content":false,"footnotes":""},"categories":[375],"tags":[5589,5590,5591],"class_list":["post-32346","post","type-post","status-publish","format-standard","has-post-thumbnail","hentry","category-actualites","tag-campagne-agricole-2024-au-senegal","tag-les-acteurs-de-lagro-ecologie","tag-sy-mettent-deja","entry","has-media","owp-thumbs-layout-horizontal","owp-btn-normal","owp-tabs-layout-horizontal","has-no-thumbnails","has-product-nav"],"yoast_head":"<!-- This site is optimized with the Yoast SEO plugin v25.5 - https:\/\/yoast.com\/wordpress\/plugins\/seo\/ -->\n<title>Campagne agricole 2024 au S\u00e9n\u00e9gal : Les acteurs de l\u2019agro-\u00e9cologie s&#039;y mettent d\u00e9j\u00e0 - LE PUBLIC<\/title>\n<meta name=\"description\" content=\"Depuis 2019, au S\u00e9n\u00e9gal, les acteurs de l\u2019agro\u00e9cologie se sont f\u00e9d\u00e9r\u00e9s autour d\u2019une coalition nationale : la Dynamique pour une Transition Agro\u00e9cologique au S\u00e9n\u00e9gal (DyTAES). Cette plateforme multi-acteurs regroupe aujourd\u2019hui 78 membres parmi lesquels on retrouve des organisations de producteurs, des ONG nationales et internationales, des associations consum\u00e9ristes, des r\u00e9seaux d\u2019\u00e9lus, des communes, des institutions de recherches et de formation, des services \u00e9tatiques et des priv\u00e9s.\" \/>\n<meta name=\"robots\" content=\"index, follow, max-snippet:-1, max-image-preview:large, max-video-preview:-1\" \/>\n<link rel=\"canonical\" href=\"https:\/\/www.public.sn\/index.php\/2024\/05\/02\/campagne-agricole-2024-au-senegal-les-acteurs-de-lagro-ecologie-sy-mettent-deja\/\" \/>\n<meta property=\"og:locale\" content=\"fr_FR\" \/>\n<meta property=\"og:type\" content=\"article\" \/>\n<meta property=\"og:title\" content=\"Campagne agricole 2024 au S\u00e9n\u00e9gal : Les acteurs de l\u2019agro-\u00e9cologie s&#039;y mettent d\u00e9j\u00e0 - LE PUBLIC\" \/>\n<meta property=\"og:description\" content=\"Depuis 2019, au S\u00e9n\u00e9gal, les acteurs de l\u2019agro\u00e9cologie se sont f\u00e9d\u00e9r\u00e9s autour d\u2019une coalition nationale : la Dynamique pour une Transition Agro\u00e9cologique au S\u00e9n\u00e9gal (DyTAES). Cette plateforme multi-acteurs regroupe aujourd\u2019hui 78 membres parmi lesquels on retrouve des organisations de producteurs, des ONG nationales et internationales, des associations consum\u00e9ristes, des r\u00e9seaux d\u2019\u00e9lus, des communes, des institutions de recherches et de formation, des services \u00e9tatiques et des priv\u00e9s.\" \/>\n<meta property=\"og:url\" content=\"https:\/\/www.public.sn\/index.php\/2024\/05\/02\/campagne-agricole-2024-au-senegal-les-acteurs-de-lagro-ecologie-sy-mettent-deja\/\" \/>\n<meta property=\"og:site_name\" content=\"LE PUBLIC\" \/>\n<meta property=\"article:published_time\" content=\"2024-05-02T20:03:54+00:00\" \/>\n<meta property=\"og:image\" content=\"https:\/\/www.public.sn\/wp-content\/uploads\/2024\/05\/Les-experts-planchent-sur-le-contraste-agro-industrie-versus-agro-ecologie-pour-lavenir-agricole-du-Senegal-.jpeg\" \/>\n\t<meta property=\"og:image:width\" content=\"800\" \/>\n\t<meta property=\"og:image:height\" content=\"500\" \/>\n\t<meta property=\"og:image:type\" content=\"image\/jpeg\" \/>\n<meta name=\"author\" content=\"Abdou SARR\" \/>\n<meta name=\"twitter:card\" content=\"summary_large_image\" \/>\n<meta name=\"twitter:label1\" content=\"\u00c9crit par\" \/>\n\t<meta name=\"twitter:data1\" content=\"Abdou SARR\" \/>\n\t<meta name=\"twitter:label2\" content=\"Dur\u00e9e de lecture estim\u00e9e\" \/>\n\t<meta name=\"twitter:data2\" content=\"3 minutes\" \/>\n<script type=\"application\/ld+json\" class=\"yoast-schema-graph\">{\"@context\":\"https:\/\/schema.org\",\"@graph\":[{\"@type\":\"Article\",\"@id\":\"https:\/\/www.public.sn\/index.php\/2024\/05\/02\/campagne-agricole-2024-au-senegal-les-acteurs-de-lagro-ecologie-sy-mettent-deja\/#article\",\"isPartOf\":{\"@id\":\"https:\/\/www.public.sn\/index.php\/2024\/05\/02\/campagne-agricole-2024-au-senegal-les-acteurs-de-lagro-ecologie-sy-mettent-deja\/\"},\"author\":{\"name\":\"Abdou SARR\",\"@id\":\"https:\/\/www.public.sn\/#\/schema\/person\/8fc5465b19f9ea9cf2212d8ca13397e3\"},\"headline\":\"Campagne agricole 2024 au S\u00e9n\u00e9gal : Les acteurs de l\u2019agro-\u00e9cologie s&rsquo;y mettent d\u00e9j\u00e0\",\"datePublished\":\"2024-05-02T20:03:54+00:00\",\"mainEntityOfPage\":{\"@id\":\"https:\/\/www.public.sn\/index.php\/2024\/05\/02\/campagne-agricole-2024-au-senegal-les-acteurs-de-lagro-ecologie-sy-mettent-deja\/\"},\"wordCount\":561,\"commentCount\":0,\"publisher\":{\"@id\":\"https:\/\/www.public.sn\/#organization\"},\"image\":{\"@id\":\"https:\/\/www.public.sn\/index.php\/2024\/05\/02\/campagne-agricole-2024-au-senegal-les-acteurs-de-lagro-ecologie-sy-mettent-deja\/#primaryimage\"},\"thumbnailUrl\":\"https:\/\/www.public.sn\/wp-content\/uploads\/2024\/05\/Les-experts-planchent-sur-le-contraste-agro-industrie-versus-agro-ecologie-pour-lavenir-agricole-du-Senegal-.jpeg\",\"keywords\":[\"Campagne agricole 2024 au S\u00e9n\u00e9gal\",\"Les acteurs de l\u2019agro-\u00e9cologie\",\"s'y mettent d\u00e9j\u00e0\"],\"articleSection\":[\"ACTUALIT\u00c9S\"],\"inLanguage\":\"fr-FR\",\"potentialAction\":[{\"@type\":\"CommentAction\",\"name\":\"Comment\",\"target\":[\"https:\/\/www.public.sn\/index.php\/2024\/05\/02\/campagne-agricole-2024-au-senegal-les-acteurs-de-lagro-ecologie-sy-mettent-deja\/#respond\"]}]},{\"@type\":\"WebPage\",\"@id\":\"https:\/\/www.public.sn\/index.php\/2024\/05\/02\/campagne-agricole-2024-au-senegal-les-acteurs-de-lagro-ecologie-sy-mettent-deja\/\",\"url\":\"https:\/\/www.public.sn\/index.php\/2024\/05\/02\/campagne-agricole-2024-au-senegal-les-acteurs-de-lagro-ecologie-sy-mettent-deja\/\",\"name\":\"Campagne agricole 2024 au S\u00e9n\u00e9gal : Les acteurs de l\u2019agro-\u00e9cologie s'y mettent d\u00e9j\u00e0 - LE PUBLIC\",\"isPartOf\":{\"@id\":\"https:\/\/www.public.sn\/#website\"},\"primaryImageOfPage\":{\"@id\":\"https:\/\/www.public.sn\/index.php\/2024\/05\/02\/campagne-agricole-2024-au-senegal-les-acteurs-de-lagro-ecologie-sy-mettent-deja\/#primaryimage\"},\"image\":{\"@id\":\"https:\/\/www.public.sn\/index.php\/2024\/05\/02\/campagne-agricole-2024-au-senegal-les-acteurs-de-lagro-ecologie-sy-mettent-deja\/#primaryimage\"},\"thumbnailUrl\":\"https:\/\/www.public.sn\/wp-content\/uploads\/2024\/05\/Les-experts-planchent-sur-le-contraste-agro-industrie-versus-agro-ecologie-pour-lavenir-agricole-du-Senegal-.jpeg\",\"datePublished\":\"2024-05-02T20:03:54+00:00\",\"description\":\"Depuis 2019, au S\u00e9n\u00e9gal, les acteurs de l\u2019agro\u00e9cologie se sont f\u00e9d\u00e9r\u00e9s autour d\u2019une coalition nationale : la Dynamique pour une Transition Agro\u00e9cologique au S\u00e9n\u00e9gal (DyTAES). Cette plateforme multi-acteurs regroupe aujourd\u2019hui 78 membres parmi lesquels on retrouve des organisations de producteurs, des ONG nationales et internationales, des associations consum\u00e9ristes, des r\u00e9seaux d\u2019\u00e9lus, des communes, des institutions de recherches et de formation, des services \u00e9tatiques et des priv\u00e9s.\",\"breadcrumb\":{\"@id\":\"https:\/\/www.public.sn\/index.php\/2024\/05\/02\/campagne-agricole-2024-au-senegal-les-acteurs-de-lagro-ecologie-sy-mettent-deja\/#breadcrumb\"},\"inLanguage\":\"fr-FR\",\"potentialAction\":[{\"@type\":\"ReadAction\",\"target\":[\"https:\/\/www.public.sn\/index.php\/2024\/05\/02\/campagne-agricole-2024-au-senegal-les-acteurs-de-lagro-ecologie-sy-mettent-deja\/\"]}]},{\"@type\":\"ImageObject\",\"inLanguage\":\"fr-FR\",\"@id\":\"https:\/\/www.public.sn\/index.php\/2024\/05\/02\/campagne-agricole-2024-au-senegal-les-acteurs-de-lagro-ecologie-sy-mettent-deja\/#primaryimage\",\"url\":\"https:\/\/www.public.sn\/wp-content\/uploads\/2024\/05\/Les-experts-planchent-sur-le-contraste-agro-industrie-versus-agro-ecologie-pour-lavenir-agricole-du-Senegal-.jpeg\",\"contentUrl\":\"https:\/\/www.public.sn\/wp-content\/uploads\/2024\/05\/Les-experts-planchent-sur-le-contraste-agro-industrie-versus-agro-ecologie-pour-lavenir-agricole-du-Senegal-.jpeg\",\"width\":800,\"height\":500},{\"@type\":\"BreadcrumbList\",\"@id\":\"https:\/\/www.public.sn\/index.php\/2024\/05\/02\/campagne-agricole-2024-au-senegal-les-acteurs-de-lagro-ecologie-sy-mettent-deja\/#breadcrumb\",\"itemListElement\":[{\"@type\":\"ListItem\",\"position\":1,\"name\":\"Accueil\",\"item\":\"https:\/\/www.public.sn\/\"},{\"@type\":\"ListItem\",\"position\":2,\"name\":\"Campagne agricole 2024 au S\u00e9n\u00e9gal : Les acteurs de l\u2019agro-\u00e9cologie s&rsquo;y mettent d\u00e9j\u00e0\"}]},{\"@type\":\"WebSite\",\"@id\":\"https:\/\/www.public.sn\/#website\",\"url\":\"https:\/\/www.public.sn\/\",\"name\":\"LE PUBLIC\",\"description\":\"\",\"publisher\":{\"@id\":\"https:\/\/www.public.sn\/#organization\"},\"potentialAction\":[{\"@type\":\"SearchAction\",\"target\":{\"@type\":\"EntryPoint\",\"urlTemplate\":\"https:\/\/www.public.sn\/?s={search_term_string}\"},\"query-input\":{\"@type\":\"PropertyValueSpecification\",\"valueRequired\":true,\"valueName\":\"search_term_string\"}}],\"inLanguage\":\"fr-FR\"},{\"@type\":\"Organization\",\"@id\":\"https:\/\/www.public.sn\/#organization\",\"name\":\"LE PUBLIC\",\"url\":\"https:\/\/www.public.sn\/\",\"logo\":{\"@type\":\"ImageObject\",\"inLanguage\":\"fr-FR\",\"@id\":\"https:\/\/www.public.sn\/#\/schema\/logo\/image\/\",\"url\":\"https:\/\/www.public.sn\/wp-content\/uploads\/2024\/05\/cropped-LOGO-PUBLIC.SN_.png\",\"contentUrl\":\"https:\/\/www.public.sn\/wp-content\/uploads\/2024\/05\/cropped-LOGO-PUBLIC.SN_.png\",\"width\":682,\"height\":192,\"caption\":\"LE PUBLIC\"},\"image\":{\"@id\":\"https:\/\/www.public.sn\/#\/schema\/logo\/image\/\"}},{\"@type\":\"Person\",\"@id\":\"https:\/\/www.public.sn\/#\/schema\/person\/8fc5465b19f9ea9cf2212d8ca13397e3\",\"name\":\"Abdou SARR\",\"image\":{\"@type\":\"ImageObject\",\"inLanguage\":\"fr-FR\",\"@id\":\"https:\/\/www.public.sn\/#\/schema\/person\/image\/\",\"url\":\"https:\/\/secure.gravatar.com\/avatar\/1d5c1e6773c91217fbf1820ce89547e8b07a0eaffc48d779672f06c28be4b151?s=96&d=mm&r=g\",\"contentUrl\":\"https:\/\/secure.gravatar.com\/avatar\/1d5c1e6773c91217fbf1820ce89547e8b07a0eaffc48d779672f06c28be4b151?s=96&d=mm&r=g\",\"caption\":\"Abdou SARR\"},\"url\":\"https:\/\/www.public.sn\/index.php\/author\/dousarr24\/\"}]}<\/script>\n<!-- \/ Yoast SEO plugin. -->","yoast_head_json":{"title":"Campagne agricole 2024 au S\u00e9n\u00e9gal : Les acteurs de l\u2019agro-\u00e9cologie s'y mettent d\u00e9j\u00e0 - LE PUBLIC","description":"Depuis 2019, au S\u00e9n\u00e9gal, les acteurs de l\u2019agro\u00e9cologie se sont f\u00e9d\u00e9r\u00e9s autour d\u2019une coalition nationale : la Dynamique pour une Transition Agro\u00e9cologique au S\u00e9n\u00e9gal (DyTAES). Cette plateforme multi-acteurs regroupe aujourd\u2019hui 78 membres parmi lesquels on retrouve des organisations de producteurs, des ONG nationales et internationales, des associations consum\u00e9ristes, des r\u00e9seaux d\u2019\u00e9lus, des communes, des institutions de recherches et de formation, des services \u00e9tatiques et des priv\u00e9s.","robots":{"index":"index","follow":"follow","max-snippet":"max-snippet:-1","max-image-preview":"max-image-preview:large","max-video-preview":"max-video-preview:-1"},"canonical":"https:\/\/www.public.sn\/index.php\/2024\/05\/02\/campagne-agricole-2024-au-senegal-les-acteurs-de-lagro-ecologie-sy-mettent-deja\/","og_locale":"fr_FR","og_type":"article","og_title":"Campagne agricole 2024 au S\u00e9n\u00e9gal : Les acteurs de l\u2019agro-\u00e9cologie s'y mettent d\u00e9j\u00e0 - LE PUBLIC","og_description":"Depuis 2019, au S\u00e9n\u00e9gal, les acteurs de l\u2019agro\u00e9cologie se sont f\u00e9d\u00e9r\u00e9s autour d\u2019une coalition nationale : la Dynamique pour une Transition Agro\u00e9cologique au S\u00e9n\u00e9gal (DyTAES). Cette plateforme multi-acteurs regroupe aujourd\u2019hui 78 membres parmi lesquels on retrouve des organisations de producteurs, des ONG nationales et internationales, des associations consum\u00e9ristes, des r\u00e9seaux d\u2019\u00e9lus, des communes, des institutions de recherches et de formation, des services \u00e9tatiques et des priv\u00e9s.","og_url":"https:\/\/www.public.sn\/index.php\/2024\/05\/02\/campagne-agricole-2024-au-senegal-les-acteurs-de-lagro-ecologie-sy-mettent-deja\/","og_site_name":"LE PUBLIC","article_published_time":"2024-05-02T20:03:54+00:00","og_image":[{"width":800,"height":500,"url":"https:\/\/www.public.sn\/wp-content\/uploads\/2024\/05\/Les-experts-planchent-sur-le-contraste-agro-industrie-versus-agro-ecologie-pour-lavenir-agricole-du-Senegal-.jpeg","type":"image\/jpeg"}],"author":"Abdou SARR","twitter_card":"summary_large_image","twitter_misc":{"\u00c9crit par":"Abdou SARR","Dur\u00e9e de lecture estim\u00e9e":"3 minutes"},"schema":{"@context":"https:\/\/schema.org","@graph":[{"@type":"Article","@id":"https:\/\/www.public.sn\/index.php\/2024\/05\/02\/campagne-agricole-2024-au-senegal-les-acteurs-de-lagro-ecologie-sy-mettent-deja\/#article","isPartOf":{"@id":"https:\/\/www.public.sn\/index.php\/2024\/05\/02\/campagne-agricole-2024-au-senegal-les-acteurs-de-lagro-ecologie-sy-mettent-deja\/"},"author":{"name":"Abdou SARR","@id":"https:\/\/www.public.sn\/#\/schema\/person\/8fc5465b19f9ea9cf2212d8ca13397e3"},"headline":"Campagne agricole 2024 au S\u00e9n\u00e9gal : Les acteurs de l\u2019agro-\u00e9cologie s&rsquo;y mettent d\u00e9j\u00e0","datePublished":"2024-05-02T20:03:54+00:00","mainEntityOfPage":{"@id":"https:\/\/www.public.sn\/index.php\/2024\/05\/02\/campagne-agricole-2024-au-senegal-les-acteurs-de-lagro-ecologie-sy-mettent-deja\/"},"wordCount":561,"commentCount":0,"publisher":{"@id":"https:\/\/www.public.sn\/#organization"},"image":{"@id":"https:\/\/www.public.sn\/index.php\/2024\/05\/02\/campagne-agricole-2024-au-senegal-les-acteurs-de-lagro-ecologie-sy-mettent-deja\/#primaryimage"},"thumbnailUrl":"https:\/\/www.public.sn\/wp-content\/uploads\/2024\/05\/Les-experts-planchent-sur-le-contraste-agro-industrie-versus-agro-ecologie-pour-lavenir-agricole-du-Senegal-.jpeg","keywords":["Campagne agricole 2024 au S\u00e9n\u00e9gal","Les acteurs de l\u2019agro-\u00e9cologie","s'y mettent d\u00e9j\u00e0"],"articleSection":["ACTUALIT\u00c9S"],"inLanguage":"fr-FR","potentialAction":[{"@type":"CommentAction","name":"Comment","target":["https:\/\/www.public.sn\/index.php\/2024\/05\/02\/campagne-agricole-2024-au-senegal-les-acteurs-de-lagro-ecologie-sy-mettent-deja\/#respond"]}]},{"@type":"WebPage","@id":"https:\/\/www.public.sn\/index.php\/2024\/05\/02\/campagne-agricole-2024-au-senegal-les-acteurs-de-lagro-ecologie-sy-mettent-deja\/","url":"https:\/\/www.public.sn\/index.php\/2024\/05\/02\/campagne-agricole-2024-au-senegal-les-acteurs-de-lagro-ecologie-sy-mettent-deja\/","name":"Campagne agricole 2024 au S\u00e9n\u00e9gal : Les acteurs de l\u2019agro-\u00e9cologie s'y mettent d\u00e9j\u00e0 - LE PUBLIC","isPartOf":{"@id":"https:\/\/www.public.sn\/#website"},"primaryImageOfPage":{"@id":"https:\/\/www.public.sn\/index.php\/2024\/05\/02\/campagne-agricole-2024-au-senegal-les-acteurs-de-lagro-ecologie-sy-mettent-deja\/#primaryimage"},"image":{"@id":"https:\/\/www.public.sn\/index.php\/2024\/05\/02\/campagne-agricole-2024-au-senegal-les-acteurs-de-lagro-ecologie-sy-mettent-deja\/#primaryimage"},"thumbnailUrl":"https:\/\/www.public.sn\/wp-content\/uploads\/2024\/05\/Les-experts-planchent-sur-le-contraste-agro-industrie-versus-agro-ecologie-pour-lavenir-agricole-du-Senegal-.jpeg","datePublished":"2024-05-02T20:03:54+00:00","description":"Depuis 2019, au S\u00e9n\u00e9gal, les acteurs de l\u2019agro\u00e9cologie se sont f\u00e9d\u00e9r\u00e9s autour d\u2019une coalition nationale : la Dynamique pour une Transition Agro\u00e9cologique au S\u00e9n\u00e9gal (DyTAES). Cette plateforme multi-acteurs regroupe aujourd\u2019hui 78 membres parmi lesquels on retrouve des organisations de producteurs, des ONG nationales et internationales, des associations consum\u00e9ristes, des r\u00e9seaux d\u2019\u00e9lus, des communes, des institutions de recherches et de formation, des services \u00e9tatiques et des priv\u00e9s.","breadcrumb":{"@id":"https:\/\/www.public.sn\/index.php\/2024\/05\/02\/campagne-agricole-2024-au-senegal-les-acteurs-de-lagro-ecologie-sy-mettent-deja\/#breadcrumb"},"inLanguage":"fr-FR","potentialAction":[{"@type":"ReadAction","target":["https:\/\/www.public.sn\/index.php\/2024\/05\/02\/campagne-agricole-2024-au-senegal-les-acteurs-de-lagro-ecologie-sy-mettent-deja\/"]}]},{"@type":"ImageObject","inLanguage":"fr-FR","@id":"https:\/\/www.public.sn\/index.php\/2024\/05\/02\/campagne-agricole-2024-au-senegal-les-acteurs-de-lagro-ecologie-sy-mettent-deja\/#primaryimage","url":"https:\/\/www.public.sn\/wp-content\/uploads\/2024\/05\/Les-experts-planchent-sur-le-contraste-agro-industrie-versus-agro-ecologie-pour-lavenir-agricole-du-Senegal-.jpeg","contentUrl":"https:\/\/www.public.sn\/wp-content\/uploads\/2024\/05\/Les-experts-planchent-sur-le-contraste-agro-industrie-versus-agro-ecologie-pour-lavenir-agricole-du-Senegal-.jpeg","width":800,"height":500},{"@type":"BreadcrumbList","@id":"https:\/\/www.public.sn\/index.php\/2024\/05\/02\/campagne-agricole-2024-au-senegal-les-acteurs-de-lagro-ecologie-sy-mettent-deja\/#breadcrumb","itemListElement":[{"@type":"ListItem","position":1,"name":"Accueil","item":"https:\/\/www.public.sn\/"},{"@type":"ListItem","position":2,"name":"Campagne agricole 2024 au S\u00e9n\u00e9gal : Les acteurs de l\u2019agro-\u00e9cologie s&rsquo;y mettent d\u00e9j\u00e0"}]},{"@type":"WebSite","@id":"https:\/\/www.public.sn\/#website","url":"https:\/\/www.public.sn\/","name":"LE PUBLIC","description":"","publisher":{"@id":"https:\/\/www.public.sn\/#organization"},"potentialAction":[{"@type":"SearchAction","target":{"@type":"EntryPoint","urlTemplate":"https:\/\/www.public.sn\/?s={search_term_string}"},"query-input":{"@type":"PropertyValueSpecification","valueRequired":true,"valueName":"search_term_string"}}],"inLanguage":"fr-FR"},{"@type":"Organization","@id":"https:\/\/www.public.sn\/#organization","name":"LE PUBLIC","url":"https:\/\/www.public.sn\/","logo":{"@type":"ImageObject","inLanguage":"fr-FR","@id":"https:\/\/www.public.sn\/#\/schema\/logo\/image\/","url":"https:\/\/www.public.sn\/wp-content\/uploads\/2024\/05\/cropped-LOGO-PUBLIC.SN_.png","contentUrl":"https:\/\/www.public.sn\/wp-content\/uploads\/2024\/05\/cropped-LOGO-PUBLIC.SN_.png","width":682,"height":192,"caption":"LE PUBLIC"},"image":{"@id":"https:\/\/www.public.sn\/#\/schema\/logo\/image\/"}},{"@type":"Person","@id":"https:\/\/www.public.sn\/#\/schema\/person\/8fc5465b19f9ea9cf2212d8ca13397e3","name":"Abdou SARR","image":{"@type":"ImageObject","inLanguage":"fr-FR","@id":"https:\/\/www.public.sn\/#\/schema\/person\/image\/","url":"https:\/\/secure.gravatar.com\/avatar\/1d5c1e6773c91217fbf1820ce89547e8b07a0eaffc48d779672f06c28be4b151?s=96&d=mm&r=g","contentUrl":"https:\/\/secure.gravatar.com\/avatar\/1d5c1e6773c91217fbf1820ce89547e8b07a0eaffc48d779672f06c28be4b151?s=96&d=mm&r=g","caption":"Abdou SARR"},"url":"https:\/\/www.public.sn\/index.php\/author\/dousarr24\/"}]}},"jetpack_featured_media_url":"https:\/\/www.public.sn\/wp-content\/uploads\/2024\/05\/Les-experts-planchent-sur-le-contraste-agro-industrie-versus-agro-ecologie-pour-lavenir-agricole-du-Senegal-.jpeg","jetpack_sharing_enabled":true,"_links":{"self":[{"href":"https:\/\/www.public.sn\/index.php\/wp-json\/wp\/v2\/posts\/32346","targetHints":{"allow":["GET"]}}],"collection":[{"href":"https:\/\/www.public.sn\/index.php\/wp-json\/wp\/v2\/posts"}],"about":[{"href":"https:\/\/www.public.sn\/index.php\/wp-json\/wp\/v2\/types\/post"}],"author":[{"embeddable":true,"href":"https:\/\/www.public.sn\/index.php\/wp-json\/wp\/v2\/users\/13"}],"replies":[{"embeddable":true,"href":"https:\/\/www.public.sn\/index.php\/wp-json\/wp\/v2\/comments?post=32346"}],"version-history":[{"count":1,"href":"https:\/\/www.public.sn\/index.php\/wp-json\/wp\/v2\/posts\/32346\/revisions"}],"predecessor-version":[{"id":32348,"href":"https:\/\/www.public.sn\/index.php\/wp-json\/wp\/v2\/posts\/32346\/revisions\/32348"}],"wp:featuredmedia":[{"embeddable":true,"href":"https:\/\/www.public.sn\/index.php\/wp-json\/wp\/v2\/media\/32347"}],"wp:attachment":[{"href":"https:\/\/www.public.sn\/index.php\/wp-json\/wp\/v2\/media?parent=32346"}],"wp:term":[{"taxonomy":"category","embeddable":true,"href":"https:\/\/www.public.sn\/index.php\/wp-json\/wp\/v2\/categories?post=32346"},{"taxonomy":"post_tag","embeddable":true,"href":"https:\/\/www.public.sn\/index.php\/wp-json\/wp\/v2\/tags?post=32346"}],"curies":[{"name":"wp","href":"https:\/\/api.w.org\/{rel}","templated":true}]}}