{"id":32361,"date":"2024-05-03T14:33:45","date_gmt":"2024-05-03T14:33:45","guid":{"rendered":"https:\/\/www.public.sn\/?p=32361"},"modified":"2024-05-03T14:33:45","modified_gmt":"2024-05-03T14:33:45","slug":"journee-internationale-de-la-liberte-de-la-presse-le-president-de-la-republique-reaffirme-son-soutien","status":"publish","type":"post","link":"https:\/\/www.public.sn\/index.php\/2024\/05\/03\/journee-internationale-de-la-liberte-de-la-presse-le-president-de-la-republique-reaffirme-son-soutien\/","title":{"rendered":"Journ\u00e9e internationale de la libert\u00e9 de la presse : le Pr\u00e9sident de la R\u00e9publique r\u00e9affirme son soutien"},"content":{"rendered":"<p><strong>\u00c0 l\u2019occasion de la journ\u00e9e internationale de la libert\u00e9 de la presse, le pr\u00e9sident de la R\u00e9publique, Bassirou Diomaye Faye a r\u00e9it\u00e9r\u00e9 sa volont\u00e9 de poursuivre son soutien \u00e0 la presse dans sa diversit\u00e9.<\/strong><\/p><div class=\"publi-paragraphe1\" style=\"margin-top: 10px;margin-bottom: 10px;margin-left: auto;margin-right: auto;text-align: center;\" id=\"publi-2643785243\"><div class=\"publi-adlabel\">Publicit\u00e9<\/div><script async src=\"\/\/pagead2.googlesyndication.com\/pagead\/js\/adsbygoogle.js?client=ca-pub-4089586018074219\" crossorigin=\"anonymous\"><\/script><ins class=\"adsbygoogle\" style=\"display:block;\" data-ad-client=\"ca-pub-4089586018074219\" \ndata-ad-slot=\"2087940154\" \ndata-ad-format=\"auto\"><\/ins>\n<script> \n(adsbygoogle = window.adsbygoogle || []).push({}); \n<\/script>\n<\/div>\n<p>&nbsp;<\/p>\n<p>\u00ab La libert\u00e9 de la presse, v\u00e9ritable pierre angulaire des soci\u00e9t\u00e9s d\u00e9mocratiques, garantit que chaque citoyen reste inform\u00e9, engag\u00e9, et participe activement aux d\u00e9bats essentiels qui fa\u00e7onnent notre avenir commun \u00bb a reconnu le chef de l\u2019Etat qui r\u00e9affirme son engagement \u00e0 \u00ab soutenir une presse libre et diversifi\u00e9e, pilier indispensable de notre d\u00e9mocratie \u00bb.<\/p>\n<div class=\"publi-apres-le-contenu\" style=\"margin-top: 10px;margin-bottom: 10px;margin-left: auto;margin-right: auto;text-align: center;\" id=\"publi-3967149127\"><div class=\"publi-adlabel\">Publicit\u00e9<\/div><script async src=\"\/\/pagead2.googlesyndication.com\/pagead\/js\/adsbygoogle.js?client=ca-pub-4089586018074219\" crossorigin=\"anonymous\"><\/script><ins class=\"adsbygoogle\" style=\"display:block;\" data-ad-client=\"ca-pub-4089586018074219\" \ndata-ad-slot=\"2087940154\" \ndata-ad-format=\"auto\"><\/ins>\n<script> \n(adsbygoogle = window.adsbygoogle || []).push({}); \n<\/script>\n<\/div>","protected":false},"excerpt":{"rendered":"<p>\u00c0 l\u2019occasion de la journ\u00e9e internationale de la libert\u00e9 de la presse, le pr\u00e9sident de la R\u00e9publique, Bassirou Diomaye Faye a r\u00e9it\u00e9r\u00e9 sa volont\u00e9 de poursuivre son soutien \u00e0 la presse dans sa diversit\u00e9. &nbsp; \u00ab La libert\u00e9 de la presse, v\u00e9ritable pierre angulaire des soci\u00e9t\u00e9s d\u00e9mocratiques, garantit que chaque citoyen reste inform\u00e9, engag\u00e9, et participe activement aux d\u00e9bats essentiels qui fa\u00e7onnent notre avenir commun \u00bb a reconnu le chef de l\u2019Etat qui r\u00e9affirme son engagement \u00e0 \u00ab soutenir une presse libre et diversifi\u00e9e, pilier indispensable de notre d\u00e9mocratie \u00bb.<\/p>\n","protected":false},"author":13,"featured_media":32363,"comment_status":"open","ping_status":"open","sticky":false,"template":"","format":"standard","meta":{"_jetpack_memberships_contains_paid_content":false,"footnotes":""},"categories":[375,1],"tags":[5594,422,1828],"class_list":["post-32361","post","type-post","status-publish","format-standard","has-post-thumbnail","hentry","category-actualites","category-non-classe","tag-journee-internationale","tag-liberte","tag-presse","entry","has-media","owp-thumbs-layout-horizontal","owp-btn-normal","owp-tabs-layout-horizontal","has-no-thumbnails","has-product-nav"],"yoast_head":"<!-- This site is optimized with the Yoast SEO plugin v25.5 - https:\/\/yoast.com\/wordpress\/plugins\/seo\/ -->\n<title>Journ\u00e9e internationale de la libert\u00e9 de la presse : le Pr\u00e9sident de la R\u00e9publique r\u00e9affirme son soutien - LE PUBLIC<\/title>\n<meta name=\"description\" content=\"\u00c0 l\u2019occasion de la journ\u00e9e internationale de la libert\u00e9 de la presse, le pr\u00e9sident de la R\u00e9publique, Bassirou Diomaye Faye a r\u00e9it\u00e9r\u00e9 sa volont\u00e9 de poursuivre son soutien \u00e0 la presse dans sa diversit\u00e9.\" \/>\n<meta name=\"robots\" content=\"index, follow, max-snippet:-1, max-image-preview:large, max-video-preview:-1\" \/>\n<link rel=\"canonical\" href=\"https:\/\/www.public.sn\/index.php\/2024\/05\/03\/journee-internationale-de-la-liberte-de-la-presse-le-president-de-la-republique-reaffirme-son-soutien\/\" \/>\n<meta property=\"og:locale\" content=\"fr_FR\" \/>\n<meta property=\"og:type\" content=\"article\" \/>\n<meta property=\"og:title\" content=\"Journ\u00e9e internationale de la libert\u00e9 de la presse : le Pr\u00e9sident de la R\u00e9publique r\u00e9affirme son soutien - LE PUBLIC\" \/>\n<meta property=\"og:description\" content=\"\u00c0 l\u2019occasion de la journ\u00e9e internationale de la libert\u00e9 de la presse, le pr\u00e9sident de la R\u00e9publique, Bassirou Diomaye Faye a r\u00e9it\u00e9r\u00e9 sa volont\u00e9 de poursuivre son soutien \u00e0 la presse dans sa diversit\u00e9.\" \/>\n<meta property=\"og:url\" content=\"https:\/\/www.public.sn\/index.php\/2024\/05\/03\/journee-internationale-de-la-liberte-de-la-presse-le-president-de-la-republique-reaffirme-son-soutien\/\" \/>\n<meta property=\"og:site_name\" content=\"LE PUBLIC\" \/>\n<meta property=\"article:published_time\" content=\"2024-05-03T14:33:45+00:00\" \/>\n<meta property=\"og:image\" content=\"https:\/\/www.public.sn\/wp-content\/uploads\/2024\/05\/661853f4353f4.jpeg\" \/>\n\t<meta property=\"og:image:width\" content=\"1024\" \/>\n\t<meta property=\"og:image:height\" content=\"768\" \/>\n\t<meta property=\"og:image:type\" content=\"image\/jpeg\" \/>\n<meta name=\"author\" content=\"Abdou SARR\" \/>\n<meta name=\"twitter:card\" content=\"summary_large_image\" \/>\n<meta name=\"twitter:label1\" content=\"\u00c9crit par\" \/>\n\t<meta name=\"twitter:data1\" content=\"Abdou SARR\" \/>\n\t<meta name=\"twitter:label2\" content=\"Dur\u00e9e de lecture estim\u00e9e\" \/>\n\t<meta name=\"twitter:data2\" content=\"1 minute\" \/>\n<script type=\"application\/ld+json\" class=\"yoast-schema-graph\">{\"@context\":\"https:\/\/schema.org\",\"@graph\":[{\"@type\":\"Article\",\"@id\":\"https:\/\/www.public.sn\/index.php\/2024\/05\/03\/journee-internationale-de-la-liberte-de-la-presse-le-president-de-la-republique-reaffirme-son-soutien\/#article\",\"isPartOf\":{\"@id\":\"https:\/\/www.public.sn\/index.php\/2024\/05\/03\/journee-internationale-de-la-liberte-de-la-presse-le-president-de-la-republique-reaffirme-son-soutien\/\"},\"author\":{\"name\":\"Abdou SARR\",\"@id\":\"https:\/\/www.public.sn\/#\/schema\/person\/8fc5465b19f9ea9cf2212d8ca13397e3\"},\"headline\":\"Journ\u00e9e internationale de la libert\u00e9 de la presse : le Pr\u00e9sident de la R\u00e9publique r\u00e9affirme son soutien\",\"datePublished\":\"2024-05-03T14:33:45+00:00\",\"mainEntityOfPage\":{\"@id\":\"https:\/\/www.public.sn\/index.php\/2024\/05\/03\/journee-internationale-de-la-liberte-de-la-presse-le-president-de-la-republique-reaffirme-son-soutien\/\"},\"wordCount\":119,\"commentCount\":0,\"publisher\":{\"@id\":\"https:\/\/www.public.sn\/#organization\"},\"image\":{\"@id\":\"https:\/\/www.public.sn\/index.php\/2024\/05\/03\/journee-internationale-de-la-liberte-de-la-presse-le-president-de-la-republique-reaffirme-son-soutien\/#primaryimage\"},\"thumbnailUrl\":\"https:\/\/www.public.sn\/wp-content\/uploads\/2024\/05\/661853f4353f4.jpeg\",\"keywords\":[\"Journ\u00e9e internationale\",\"Libert\u00e9\",\"presse\"],\"articleSection\":[\"ACTUALIT\u00c9S\",\"S\u00c9N\u00c9GAL\"],\"inLanguage\":\"fr-FR\",\"potentialAction\":[{\"@type\":\"CommentAction\",\"name\":\"Comment\",\"target\":[\"https:\/\/www.public.sn\/index.php\/2024\/05\/03\/journee-internationale-de-la-liberte-de-la-presse-le-president-de-la-republique-reaffirme-son-soutien\/#respond\"]}]},{\"@type\":\"WebPage\",\"@id\":\"https:\/\/www.public.sn\/index.php\/2024\/05\/03\/journee-internationale-de-la-liberte-de-la-presse-le-president-de-la-republique-reaffirme-son-soutien\/\",\"url\":\"https:\/\/www.public.sn\/index.php\/2024\/05\/03\/journee-internationale-de-la-liberte-de-la-presse-le-president-de-la-republique-reaffirme-son-soutien\/\",\"name\":\"Journ\u00e9e internationale de la libert\u00e9 de la presse : le Pr\u00e9sident de la R\u00e9publique r\u00e9affirme son soutien - LE PUBLIC\",\"isPartOf\":{\"@id\":\"https:\/\/www.public.sn\/#website\"},\"primaryImageOfPage\":{\"@id\":\"https:\/\/www.public.sn\/index.php\/2024\/05\/03\/journee-internationale-de-la-liberte-de-la-presse-le-president-de-la-republique-reaffirme-son-soutien\/#primaryimage\"},\"image\":{\"@id\":\"https:\/\/www.public.sn\/index.php\/2024\/05\/03\/journee-internationale-de-la-liberte-de-la-presse-le-president-de-la-republique-reaffirme-son-soutien\/#primaryimage\"},\"thumbnailUrl\":\"https:\/\/www.public.sn\/wp-content\/uploads\/2024\/05\/661853f4353f4.jpeg\",\"datePublished\":\"2024-05-03T14:33:45+00:00\",\"description\":\"\u00c0 l\u2019occasion de la journ\u00e9e internationale de la libert\u00e9 de la presse, le pr\u00e9sident de la R\u00e9publique, Bassirou Diomaye Faye a r\u00e9it\u00e9r\u00e9 sa volont\u00e9 de poursuivre son soutien \u00e0 la presse dans sa diversit\u00e9.\",\"breadcrumb\":{\"@id\":\"https:\/\/www.public.sn\/index.php\/2024\/05\/03\/journee-internationale-de-la-liberte-de-la-presse-le-president-de-la-republique-reaffirme-son-soutien\/#breadcrumb\"},\"inLanguage\":\"fr-FR\",\"potentialAction\":[{\"@type\":\"ReadAction\",\"target\":[\"https:\/\/www.public.sn\/index.php\/2024\/05\/03\/journee-internationale-de-la-liberte-de-la-presse-le-president-de-la-republique-reaffirme-son-soutien\/\"]}]},{\"@type\":\"ImageObject\",\"inLanguage\":\"fr-FR\",\"@id\":\"https:\/\/www.public.sn\/index.php\/2024\/05\/03\/journee-internationale-de-la-liberte-de-la-presse-le-president-de-la-republique-reaffirme-son-soutien\/#primaryimage\",\"url\":\"https:\/\/www.public.sn\/wp-content\/uploads\/2024\/05\/661853f4353f4.jpeg\",\"contentUrl\":\"https:\/\/www.public.sn\/wp-content\/uploads\/2024\/05\/661853f4353f4.jpeg\",\"width\":1024,\"height\":768},{\"@type\":\"BreadcrumbList\",\"@id\":\"https:\/\/www.public.sn\/index.php\/2024\/05\/03\/journee-internationale-de-la-liberte-de-la-presse-le-president-de-la-republique-reaffirme-son-soutien\/#breadcrumb\",\"itemListElement\":[{\"@type\":\"ListItem\",\"position\":1,\"name\":\"Accueil\",\"item\":\"https:\/\/www.public.sn\/\"},{\"@type\":\"ListItem\",\"position\":2,\"name\":\"Journ\u00e9e internationale de la libert\u00e9 de la presse : le Pr\u00e9sident de la R\u00e9publique r\u00e9affirme son soutien\"}]},{\"@type\":\"WebSite\",\"@id\":\"https:\/\/www.public.sn\/#website\",\"url\":\"https:\/\/www.public.sn\/\",\"name\":\"LE PUBLIC\",\"description\":\"\",\"publisher\":{\"@id\":\"https:\/\/www.public.sn\/#organization\"},\"potentialAction\":[{\"@type\":\"SearchAction\",\"target\":{\"@type\":\"EntryPoint\",\"urlTemplate\":\"https:\/\/www.public.sn\/?s={search_term_string}\"},\"query-input\":{\"@type\":\"PropertyValueSpecification\",\"valueRequired\":true,\"valueName\":\"search_term_string\"}}],\"inLanguage\":\"fr-FR\"},{\"@type\":\"Organization\",\"@id\":\"https:\/\/www.public.sn\/#organization\",\"name\":\"LE PUBLIC\",\"url\":\"https:\/\/www.public.sn\/\",\"logo\":{\"@type\":\"ImageObject\",\"inLanguage\":\"fr-FR\",\"@id\":\"https:\/\/www.public.sn\/#\/schema\/logo\/image\/\",\"url\":\"https:\/\/www.public.sn\/wp-content\/uploads\/2024\/05\/cropped-LOGO-PUBLIC.SN_.png\",\"contentUrl\":\"https:\/\/www.public.sn\/wp-content\/uploads\/2024\/05\/cropped-LOGO-PUBLIC.SN_.png\",\"width\":682,\"height\":192,\"caption\":\"LE PUBLIC\"},\"image\":{\"@id\":\"https:\/\/www.public.sn\/#\/schema\/logo\/image\/\"}},{\"@type\":\"Person\",\"@id\":\"https:\/\/www.public.sn\/#\/schema\/person\/8fc5465b19f9ea9cf2212d8ca13397e3\",\"name\":\"Abdou SARR\",\"image\":{\"@type\":\"ImageObject\",\"inLanguage\":\"fr-FR\",\"@id\":\"https:\/\/www.public.sn\/#\/schema\/person\/image\/\",\"url\":\"https:\/\/secure.gravatar.com\/avatar\/1d5c1e6773c91217fbf1820ce89547e8b07a0eaffc48d779672f06c28be4b151?s=96&d=mm&r=g\",\"contentUrl\":\"https:\/\/secure.gravatar.com\/avatar\/1d5c1e6773c91217fbf1820ce89547e8b07a0eaffc48d779672f06c28be4b151?s=96&d=mm&r=g\",\"caption\":\"Abdou SARR\"},\"url\":\"https:\/\/www.public.sn\/index.php\/author\/dousarr24\/\"}]}<\/script>\n<!-- \/ Yoast SEO plugin. -->","yoast_head_json":{"title":"Journ\u00e9e internationale de la libert\u00e9 de la presse : le Pr\u00e9sident de la R\u00e9publique r\u00e9affirme son soutien - LE PUBLIC","description":"\u00c0 l\u2019occasion de la journ\u00e9e internationale de la libert\u00e9 de la presse, le pr\u00e9sident de la R\u00e9publique, Bassirou Diomaye Faye a r\u00e9it\u00e9r\u00e9 sa volont\u00e9 de poursuivre son soutien \u00e0 la presse dans sa diversit\u00e9.","robots":{"index":"index","follow":"follow","max-snippet":"max-snippet:-1","max-image-preview":"max-image-preview:large","max-video-preview":"max-video-preview:-1"},"canonical":"https:\/\/www.public.sn\/index.php\/2024\/05\/03\/journee-internationale-de-la-liberte-de-la-presse-le-president-de-la-republique-reaffirme-son-soutien\/","og_locale":"fr_FR","og_type":"article","og_title":"Journ\u00e9e internationale de la libert\u00e9 de la presse : le Pr\u00e9sident de la R\u00e9publique r\u00e9affirme son soutien - LE PUBLIC","og_description":"\u00c0 l\u2019occasion de la journ\u00e9e internationale de la libert\u00e9 de la presse, le pr\u00e9sident de la R\u00e9publique, Bassirou Diomaye Faye a r\u00e9it\u00e9r\u00e9 sa volont\u00e9 de poursuivre son soutien \u00e0 la presse dans sa diversit\u00e9.","og_url":"https:\/\/www.public.sn\/index.php\/2024\/05\/03\/journee-internationale-de-la-liberte-de-la-presse-le-president-de-la-republique-reaffirme-son-soutien\/","og_site_name":"LE PUBLIC","article_published_time":"2024-05-03T14:33:45+00:00","og_image":[{"width":1024,"height":768,"url":"https:\/\/www.public.sn\/wp-content\/uploads\/2024\/05\/661853f4353f4.jpeg","type":"image\/jpeg"}],"author":"Abdou SARR","twitter_card":"summary_large_image","twitter_misc":{"\u00c9crit par":"Abdou SARR","Dur\u00e9e de lecture estim\u00e9e":"1 minute"},"schema":{"@context":"https:\/\/schema.org","@graph":[{"@type":"Article","@id":"https:\/\/www.public.sn\/index.php\/2024\/05\/03\/journee-internationale-de-la-liberte-de-la-presse-le-president-de-la-republique-reaffirme-son-soutien\/#article","isPartOf":{"@id":"https:\/\/www.public.sn\/index.php\/2024\/05\/03\/journee-internationale-de-la-liberte-de-la-presse-le-president-de-la-republique-reaffirme-son-soutien\/"},"author":{"name":"Abdou SARR","@id":"https:\/\/www.public.sn\/#\/schema\/person\/8fc5465b19f9ea9cf2212d8ca13397e3"},"headline":"Journ\u00e9e internationale de la libert\u00e9 de la presse : le Pr\u00e9sident de la R\u00e9publique r\u00e9affirme son soutien","datePublished":"2024-05-03T14:33:45+00:00","mainEntityOfPage":{"@id":"https:\/\/www.public.sn\/index.php\/2024\/05\/03\/journee-internationale-de-la-liberte-de-la-presse-le-president-de-la-republique-reaffirme-son-soutien\/"},"wordCount":119,"commentCount":0,"publisher":{"@id":"https:\/\/www.public.sn\/#organization"},"image":{"@id":"https:\/\/www.public.sn\/index.php\/2024\/05\/03\/journee-internationale-de-la-liberte-de-la-presse-le-president-de-la-republique-reaffirme-son-soutien\/#primaryimage"},"thumbnailUrl":"https:\/\/www.public.sn\/wp-content\/uploads\/2024\/05\/661853f4353f4.jpeg","keywords":["Journ\u00e9e internationale","Libert\u00e9","presse"],"articleSection":["ACTUALIT\u00c9S","S\u00c9N\u00c9GAL"],"inLanguage":"fr-FR","potentialAction":[{"@type":"CommentAction","name":"Comment","target":["https:\/\/www.public.sn\/index.php\/2024\/05\/03\/journee-internationale-de-la-liberte-de-la-presse-le-president-de-la-republique-reaffirme-son-soutien\/#respond"]}]},{"@type":"WebPage","@id":"https:\/\/www.public.sn\/index.php\/2024\/05\/03\/journee-internationale-de-la-liberte-de-la-presse-le-president-de-la-republique-reaffirme-son-soutien\/","url":"https:\/\/www.public.sn\/index.php\/2024\/05\/03\/journee-internationale-de-la-liberte-de-la-presse-le-president-de-la-republique-reaffirme-son-soutien\/","name":"Journ\u00e9e internationale de la libert\u00e9 de la presse : le Pr\u00e9sident de la R\u00e9publique r\u00e9affirme son soutien - LE PUBLIC","isPartOf":{"@id":"https:\/\/www.public.sn\/#website"},"primaryImageOfPage":{"@id":"https:\/\/www.public.sn\/index.php\/2024\/05\/03\/journee-internationale-de-la-liberte-de-la-presse-le-president-de-la-republique-reaffirme-son-soutien\/#primaryimage"},"image":{"@id":"https:\/\/www.public.sn\/index.php\/2024\/05\/03\/journee-internationale-de-la-liberte-de-la-presse-le-president-de-la-republique-reaffirme-son-soutien\/#primaryimage"},"thumbnailUrl":"https:\/\/www.public.sn\/wp-content\/uploads\/2024\/05\/661853f4353f4.jpeg","datePublished":"2024-05-03T14:33:45+00:00","description":"\u00c0 l\u2019occasion de la journ\u00e9e internationale de la libert\u00e9 de la presse, le pr\u00e9sident de la R\u00e9publique, Bassirou Diomaye Faye a r\u00e9it\u00e9r\u00e9 sa volont\u00e9 de poursuivre son soutien \u00e0 la presse dans sa diversit\u00e9.","breadcrumb":{"@id":"https:\/\/www.public.sn\/index.php\/2024\/05\/03\/journee-internationale-de-la-liberte-de-la-presse-le-president-de-la-republique-reaffirme-son-soutien\/#breadcrumb"},"inLanguage":"fr-FR","potentialAction":[{"@type":"ReadAction","target":["https:\/\/www.public.sn\/index.php\/2024\/05\/03\/journee-internationale-de-la-liberte-de-la-presse-le-president-de-la-republique-reaffirme-son-soutien\/"]}]},{"@type":"ImageObject","inLanguage":"fr-FR","@id":"https:\/\/www.public.sn\/index.php\/2024\/05\/03\/journee-internationale-de-la-liberte-de-la-presse-le-president-de-la-republique-reaffirme-son-soutien\/#primaryimage","url":"https:\/\/www.public.sn\/wp-content\/uploads\/2024\/05\/661853f4353f4.jpeg","contentUrl":"https:\/\/www.public.sn\/wp-content\/uploads\/2024\/05\/661853f4353f4.jpeg","width":1024,"height":768},{"@type":"BreadcrumbList","@id":"https:\/\/www.public.sn\/index.php\/2024\/05\/03\/journee-internationale-de-la-liberte-de-la-presse-le-president-de-la-republique-reaffirme-son-soutien\/#breadcrumb","itemListElement":[{"@type":"ListItem","position":1,"name":"Accueil","item":"https:\/\/www.public.sn\/"},{"@type":"ListItem","position":2,"name":"Journ\u00e9e internationale de la libert\u00e9 de la presse : le Pr\u00e9sident de la R\u00e9publique r\u00e9affirme son soutien"}]},{"@type":"WebSite","@id":"https:\/\/www.public.sn\/#website","url":"https:\/\/www.public.sn\/","name":"LE PUBLIC","description":"","publisher":{"@id":"https:\/\/www.public.sn\/#organization"},"potentialAction":[{"@type":"SearchAction","target":{"@type":"EntryPoint","urlTemplate":"https:\/\/www.public.sn\/?s={search_term_string}"},"query-input":{"@type":"PropertyValueSpecification","valueRequired":true,"valueName":"search_term_string"}}],"inLanguage":"fr-FR"},{"@type":"Organization","@id":"https:\/\/www.public.sn\/#organization","name":"LE PUBLIC","url":"https:\/\/www.public.sn\/","logo":{"@type":"ImageObject","inLanguage":"fr-FR","@id":"https:\/\/www.public.sn\/#\/schema\/logo\/image\/","url":"https:\/\/www.public.sn\/wp-content\/uploads\/2024\/05\/cropped-LOGO-PUBLIC.SN_.png","contentUrl":"https:\/\/www.public.sn\/wp-content\/uploads\/2024\/05\/cropped-LOGO-PUBLIC.SN_.png","width":682,"height":192,"caption":"LE PUBLIC"},"image":{"@id":"https:\/\/www.public.sn\/#\/schema\/logo\/image\/"}},{"@type":"Person","@id":"https:\/\/www.public.sn\/#\/schema\/person\/8fc5465b19f9ea9cf2212d8ca13397e3","name":"Abdou SARR","image":{"@type":"ImageObject","inLanguage":"fr-FR","@id":"https:\/\/www.public.sn\/#\/schema\/person\/image\/","url":"https:\/\/secure.gravatar.com\/avatar\/1d5c1e6773c91217fbf1820ce89547e8b07a0eaffc48d779672f06c28be4b151?s=96&d=mm&r=g","contentUrl":"https:\/\/secure.gravatar.com\/avatar\/1d5c1e6773c91217fbf1820ce89547e8b07a0eaffc48d779672f06c28be4b151?s=96&d=mm&r=g","caption":"Abdou SARR"},"url":"https:\/\/www.public.sn\/index.php\/author\/dousarr24\/"}]}},"jetpack_featured_media_url":"https:\/\/www.public.sn\/wp-content\/uploads\/2024\/05\/661853f4353f4.jpeg","jetpack_sharing_enabled":true,"_links":{"self":[{"href":"https:\/\/www.public.sn\/index.php\/wp-json\/wp\/v2\/posts\/32361","targetHints":{"allow":["GET"]}}],"collection":[{"href":"https:\/\/www.public.sn\/index.php\/wp-json\/wp\/v2\/posts"}],"about":[{"href":"https:\/\/www.public.sn\/index.php\/wp-json\/wp\/v2\/types\/post"}],"author":[{"embeddable":true,"href":"https:\/\/www.public.sn\/index.php\/wp-json\/wp\/v2\/users\/13"}],"replies":[{"embeddable":true,"href":"https:\/\/www.public.sn\/index.php\/wp-json\/wp\/v2\/comments?post=32361"}],"version-history":[{"count":1,"href":"https:\/\/www.public.sn\/index.php\/wp-json\/wp\/v2\/posts\/32361\/revisions"}],"predecessor-version":[{"id":32362,"href":"https:\/\/www.public.sn\/index.php\/wp-json\/wp\/v2\/posts\/32361\/revisions\/32362"}],"wp:featuredmedia":[{"embeddable":true,"href":"https:\/\/www.public.sn\/index.php\/wp-json\/wp\/v2\/media\/32363"}],"wp:attachment":[{"href":"https:\/\/www.public.sn\/index.php\/wp-json\/wp\/v2\/media?parent=32361"}],"wp:term":[{"taxonomy":"category","embeddable":true,"href":"https:\/\/www.public.sn\/index.php\/wp-json\/wp\/v2\/categories?post=32361"},{"taxonomy":"post_tag","embeddable":true,"href":"https:\/\/www.public.sn\/index.php\/wp-json\/wp\/v2\/tags?post=32361"}],"curies":[{"name":"wp","href":"https:\/\/api.w.org\/{rel}","templated":true}]}}