{"id":324,"date":"2022-08-21T00:34:05","date_gmt":"2022-08-20T22:34:05","guid":{"rendered":"https:\/\/www.public.sn\/?p=324"},"modified":"2022-08-21T00:38:08","modified_gmt":"2022-08-20T22:38:08","slug":"football-les-confidences-de-habib-beye-sur-les-premieres-selections-en-equipe-nationale","status":"publish","type":"post","link":"https:\/\/www.public.sn\/index.php\/2022\/08\/21\/football-les-confidences-de-habib-beye-sur-les-premieres-selections-en-equipe-nationale\/","title":{"rendered":"Football : Les confidences de Habib B\u00e9ye sur ses premi\u00e8res s\u00e9lections en \u00e9quipe nationale."},"content":{"rendered":"\n<p><strong><em>\u00ab Jouer pour le S\u00e9n\u00e9gal ? J\u2019ai h\u00e9sit\u00e9 mais c\u2019est le plus beau choix de vie que j\u2019ai fait \u00bb, avance Habib.<\/em><\/strong><\/p><div class=\"publi-paragraphe1\" style=\"margin-top: 10px;margin-bottom: 10px;margin-left: auto;margin-right: auto;text-align: center;\" id=\"publi-2522491170\"><div class=\"publi-adlabel\">Publicit\u00e9<\/div><script async src=\"\/\/pagead2.googlesyndication.com\/pagead\/js\/adsbygoogle.js?client=ca-pub-4089586018074219\" crossorigin=\"anonymous\"><\/script><ins class=\"adsbygoogle\" style=\"display:block;\" data-ad-client=\"ca-pub-4089586018074219\" \ndata-ad-slot=\"2087940154\" \ndata-ad-format=\"auto\"><\/ins>\n<script> \n(adsbygoogle = window.adsbygoogle || []).push({}); \n<\/script>\n<\/div>\n\n\n\n<p>Longtemps apr\u00e8s avoir pris sa retraite, Habib Beye est revenu sur son choix de porter les couleurs de l\u2019Equipe Nationale du S\u00e9n\u00e9gal alors qu\u2019il avait re\u00e7u \u00e0 l\u2019\u00e9poque une pr\u00e9s\u00e9lection en Equipe de France.<\/p>\n\n\n\n<p>Consid\u00e9r\u00e9 comme l\u2019un des hommes forts de la g\u00e9n\u00e9ration dor\u00e9e du football s\u00e9n\u00e9galais, celle qu\u2019on aime appeler \u00ab\u00a0G\u00e9n\u00e9ration-2002\u00a0\u00bb, l\u2019ancien lat\u00e9ral droit du Racing Club Strasbourg Alsace, de l\u2019Olympique de Marseille, de Newcastle United, d\u2019Aston Villa et de Doncaster Rovers aura marqu\u00e9 son temps avec l\u2019Equipe Nationale du S\u00e9n\u00e9gal. Pourtant, comme plusieurs footballeurs d\u2019origines s\u00e9n\u00e9galaises n\u00e9s en France, le d\u00e9sormais entra\u00eeneur du Red Star avait le choix de jouer avec les Bleus.<\/p>\n\n\n\n<p><strong>\u00ab&nbsp;C\u2019est le plus beau choix de vie que j\u2019ai fait&nbsp;\u00bb<\/strong><\/p>\n\n\n\n<p>Quinze ans apr\u00e8s avoir mis un terme \u00e0 une aventure de sept ans avec les Lions, Habib Fr\u00e9d\u00e9ric Beye revient encore longuement sur ce choix. Il s\u2019est confi\u00e9 dans \u00ab&nbsp;En Consultation&nbsp;\u00bb de Canal+.&nbsp;<em>\u00ab J\u2019ai h\u00e9sit\u00e9 dans la r\u00e9flexion par rapport \u00e0 l\u2019identification que j\u2019avais sur mon pays. J<\/em><em>e dois \u00eatre tr\u00e8s honn\u00eate. J\u2019ai entendu parler du S\u00e9n\u00e9gal que par ma famille, mon p\u00e8re, mes oncles et mes tantes. Pour moi, c\u2019\u00e9tait une d\u00e9cision un peu \u00e9ph\u00e9m\u00e8re et idyllique. Je n\u2019avais pas de repr\u00e9sentation r\u00e9elle de mon pays. Mais quand j\u2019y suis all\u00e9, cela a \u00e9t\u00e9 un choc \u00e9motionnel parce que j\u2019ai rencontr\u00e9 ma grand-m\u00e8re que je n\u2019avais jamais vue. Forc\u00e9ment, je ne pouvais pas \u00eatre insensible \u00e0 \u00e7a \u00bb<\/em>, avance-t-il.<\/p>\n\n\n\n<p><em>\u00ab Le jour o\u00f9 Bruno Metsu m\u2019a contact\u00e9 pour la premi\u00e8re fois, j\u2019avais une pr\u00e9s\u00e9lection en Equipe de France, et comme je le dis tr\u00e8s souvent, je le r\u00e9p\u00e8te, je suis Franco-s\u00e9n\u00e9galais et je ne fais pas de diff\u00e9rence parce que cette richesse biculturelle et binationale est importante pour moi. Donc, forc\u00e9ment, j\u2019ai eu une r\u00e9flexion avec mon p\u00e8re, je lui ai demand\u00e9 quoi faire, et il m\u2019a r\u00e9pondu : \u00ab&nbsp;personne \u00e0 part toi ne peut choisir ce que tu ressens \u00e0 l\u2019int\u00e9rieur de toi&nbsp;\u00bb. En ce moment-l\u00e0, le seul choix que j\u2019ai fait \u00e9tait de me dire \u00ab&nbsp;j\u2019ai besoin de choisir le S\u00e9n\u00e9gal pour me rapprocher de mes racines et de vivre cette aventure pour enfin savoir quelles \u00e9taient mes racines&nbsp;\u00bb. Au fond, j\u2019ai eu cette identit\u00e9 \u00e0 partir du moment o\u00f9 j\u2019ai pos\u00e9 mes pieds au S\u00e9n\u00e9gal et surtout quand je suis all\u00e9 en s\u00e9lection. Aujourd\u2019hui, je me dis que c\u2019est le plus beau choix de vie que j\u2019ai fait. Ramenez-moi \u00e0 25-30 ans en arri\u00e8re\u2026 Heureusement, j\u2019ai fait ce choix-l\u00e0. \u00bb<\/em><\/p>\n\n\n\n<p><strong>\u00ab&nbsp;Ce que j\u2019ai v\u00e9cu avec le S\u00e9n\u00e9gal pendant sept ans a \u00e9t\u00e9 exceptionnel&nbsp;\u00bb<\/strong><\/p>\n\n\n\n<p>Avec l\u2019Equipe Nationale du S\u00e9n\u00e9gal, Habib B\u00e8ye a particip\u00e9 \u00e0 quatre phases finales de Coupe d\u2019Afrique des Nations et bien \u00e9videmment une Coupe du Monde, celle de 2002. Il revient notamment sur le plus beau moment qu\u2019il a eu \u00e0 vivre avec les Lions.&nbsp;<em>\u00ab Le fait de vivre la Coupe du Monde avec le S\u00e9n\u00e9<\/em><em>gal. Mais la qualification \u00e0 cette Coupe du Monde, lorsqu\u2019on a gagn\u00e9 5-0 en Namibie. En ce moment-l\u00e0, on a compris qu\u2019on allait faire quelque chose, qu\u2019on allait marquer l\u2019histoire de notre pays \u00bb<\/em>. Avant de revenir sur la d\u00e9faite en finale de la CAN 2002.<\/p>\n\n\n\n<p><em>\u00ab Cette fameuse finale qui nous glisse entre nos mains alors qu\u2019on la m\u00e9ritait. Sur la globalit\u00e9 du match, on \u00e9tait meilleurs mais on avait face \u00e0 nous une \u00e9quipe exp\u00e9riment\u00e9e et pleine de talents, comme la n\u00f4tre \u00e0 l\u2019image de Tony (Silva). C\u2019est vrai qu\u2019on n\u2019a pas remport\u00e9 le troph\u00e9e mais l\u2019aventure humaine a \u00e9t\u00e9 hors norme et exceptionnelle. Quand je vois encore ces images, je me dis que j\u2019aimerais vivre encore une fois un moment avec Bruno (Metsu). M\u00eame apr\u00e8s la d\u00e9faite, il a toujours eu cette \u00e9motion dans nos regards. \u00bb<\/em><\/p>\n\n\n\n<p>\u00c0 30 ans et au bout de 45 s\u00e9lections, Habib B\u00e8ye d\u00e9cidait de prendre sa retraite internationale. Pourquoi sit\u00f4t ? Il explique. \u00ab<em>&nbsp;Je pense qu\u2019on avait fait le tour et que ce qu\u2019on avait v\u00e9cu au Ghana (lors de la CAN 2008), que je consid\u00e8re comme une humiliation, m\u2019a fait dire qu\u2019o<\/em><em>n avait fait notre temps et qu\u2019il fallait laisser la place \u00e0 une autre g\u00e9n\u00e9ration. C\u2019\u00e9tait peut-\u00eatre un peu pr\u00e9matur\u00e9 parce que quand je suis arriv\u00e9 \u00e0 Newcastle et que je fais une grosse saison, le S\u00e9n\u00e9gal m\u2019a demand\u00e9 de revenir en s\u00e9lection, mais en ce moment-l\u00e0, notre g\u00e9n\u00e9ration \u00e9tait s\u00fbrement termin\u00e9e. \u00bb<\/em><\/p>\n\n\n\n<p><em>\u00ab Il fallait beaucoup d\u2019\u00e9nergie et surtout de volont\u00e9 de vouloir transmettre \u00e0 cette nouvelle g\u00e9n\u00e9ration. Il faut parfois savoir laisser la place. Je ne sais pas si cela a \u00e9t\u00e9 une bonne d\u00e9cision, mais c\u2019est la mienne, et \u00e0 chaque fois que je prends une d\u00e9cision, je l\u2019assume. Ce que j\u2019ai v\u00e9cu avec le S\u00e9n\u00e9gal pendant sept ans a \u00e9t\u00e9 exceptionnel. Vous savez, beaucoup de gens m\u2019ont dit que c\u2019est trop t\u00f4t quand j\u2019ai arr\u00eat\u00e9 ma carri\u00e8re professionnelle \u00e0 35 ans en 2012. Quand vous prenez une d\u00e9cision dans la vie, il faut l\u2019assumer. Aujourd\u2019hui, \u00e0 chaque fois que je reviens au S\u00e9n\u00e9gal, les gens me montrent la reconnaissance qu\u2019ils ont pour ce que j\u2019ai fait avec mon pays. C\u2019est la plus grande fiert\u00e9. \u00bb<\/em><\/p>\n<div class=\"publi-apres-le-contenu\" style=\"margin-top: 10px;margin-bottom: 10px;margin-left: auto;margin-right: auto;text-align: center;\" id=\"publi-1359319111\"><div class=\"publi-adlabel\">Publicit\u00e9<\/div><script async src=\"\/\/pagead2.googlesyndication.com\/pagead\/js\/adsbygoogle.js?client=ca-pub-4089586018074219\" crossorigin=\"anonymous\"><\/script><ins class=\"adsbygoogle\" style=\"display:block;\" data-ad-client=\"ca-pub-4089586018074219\" \ndata-ad-slot=\"2087940154\" \ndata-ad-format=\"auto\"><\/ins>\n<script> \n(adsbygoogle = window.adsbygoogle || []).push({}); \n<\/script>\n<\/div>","protected":false},"excerpt":{"rendered":"<p>\u00ab Jouer pour le S\u00e9n\u00e9gal ? J\u2019ai h\u00e9sit\u00e9 mais c\u2019est le plus beau choix de vie que j\u2019ai fait \u00bb, avance Habib. Longtemps apr\u00e8s avoir pris sa retraite, Habib Beye est revenu sur son choix de porter les couleurs de l\u2019Equipe Nationale du S\u00e9n\u00e9gal alors qu\u2019il avait re\u00e7u \u00e0 l\u2019\u00e9poque une pr\u00e9s\u00e9lection en Equipe de France. Consid\u00e9r\u00e9 comme l\u2019un des hommes forts de la g\u00e9n\u00e9ration dor\u00e9e du football s\u00e9n\u00e9galais, celle qu\u2019on aime appeler \u00ab\u00a0G\u00e9n\u00e9ration-2002\u00a0\u00bb, l\u2019ancien lat\u00e9ral droit du Racing Club Strasbourg Alsace, de l\u2019Olympique de Marseille, de Newcastle United, d\u2019Aston Villa et de Doncaster Rovers aura marqu\u00e9 son temps avec l\u2019Equipe Nationale du S\u00e9n\u00e9gal. Pourtant, comme plusieurs footballeurs d\u2019origines s\u00e9n\u00e9galaises n\u00e9s en France, le d\u00e9sormais entra\u00eeneur du Red Star avait le choix de jouer avec les Bleus. \u00ab&nbsp;C\u2019est le plus beau choix de vie que j\u2019ai fait&nbsp;\u00bb Quinze ans apr\u00e8s avoir mis un terme \u00e0 une aventure de sept ans avec les Lions, Habib Fr\u00e9d\u00e9ric Beye revient encore longuement sur ce choix. Il s\u2019est confi\u00e9 dans \u00ab&nbsp;En Consultation&nbsp;\u00bb de Canal+.&nbsp;\u00ab J\u2019ai h\u00e9sit\u00e9 dans la r\u00e9flexion par rapport \u00e0 l\u2019identification que j\u2019avais sur mon pays. Je dois \u00eatre tr\u00e8s honn\u00eate. J\u2019ai entendu parler du S\u00e9n\u00e9gal que par ma famille, mon p\u00e8re, mes oncles et mes tantes. Pour moi, c\u2019\u00e9tait une d\u00e9cision un peu \u00e9ph\u00e9m\u00e8re et idyllique. Je n\u2019avais pas de repr\u00e9sentation r\u00e9elle de mon pays. Mais quand j\u2019y suis all\u00e9, cela a \u00e9t\u00e9 un choc \u00e9motionnel parce que j\u2019ai rencontr\u00e9 ma grand-m\u00e8re que je n\u2019avais jamais vue. Forc\u00e9ment, je ne pouvais pas \u00eatre insensible \u00e0 \u00e7a \u00bb, avance-t-il. \u00ab Le jour o\u00f9 Bruno Metsu m\u2019a contact\u00e9 pour la premi\u00e8re fois, j\u2019avais une pr\u00e9s\u00e9lection en Equipe de France, et comme je le dis tr\u00e8s souvent, je le r\u00e9p\u00e8te, je suis Franco-s\u00e9n\u00e9galais et je ne fais pas de diff\u00e9rence parce que cette richesse biculturelle et binationale est importante pour moi. Donc, forc\u00e9ment, j\u2019ai eu une r\u00e9flexion avec mon p\u00e8re, je lui ai demand\u00e9 quoi faire, et il m\u2019a r\u00e9pondu : \u00ab&nbsp;personne \u00e0 part toi ne peut choisir ce que tu ressens \u00e0 l\u2019int\u00e9rieur de toi&nbsp;\u00bb. En ce moment-l\u00e0, le seul choix que j\u2019ai fait \u00e9tait de me dire \u00ab&nbsp;j\u2019ai besoin de choisir le S\u00e9n\u00e9gal pour me rapprocher de mes racines et de vivre cette aventure pour enfin savoir quelles \u00e9taient mes racines&nbsp;\u00bb. Au fond, j\u2019ai eu cette identit\u00e9 \u00e0 partir du moment o\u00f9 j\u2019ai pos\u00e9 mes pieds au S\u00e9n\u00e9gal et surtout quand je suis all\u00e9 en s\u00e9lection. Aujourd\u2019hui, je me dis que c\u2019est le plus beau choix de vie que j\u2019ai fait. Ramenez-moi \u00e0 25-30 ans en arri\u00e8re\u2026 Heureusement, j\u2019ai fait ce choix-l\u00e0. \u00bb \u00ab&nbsp;Ce que j\u2019ai v\u00e9cu avec le S\u00e9n\u00e9gal pendant sept ans a \u00e9t\u00e9 exceptionnel&nbsp;\u00bb Avec l\u2019Equipe Nationale du S\u00e9n\u00e9gal, Habib B\u00e8ye a particip\u00e9 \u00e0 quatre phases finales de Coupe d\u2019Afrique des Nations et bien \u00e9videmment une Coupe du Monde, celle de 2002. Il revient notamment sur le plus beau moment qu\u2019il a eu \u00e0 vivre avec les Lions.&nbsp;\u00ab Le fait de vivre la Coupe du Monde avec le S\u00e9n\u00e9gal. Mais la qualification \u00e0 cette Coupe du Monde, lorsqu\u2019on a gagn\u00e9 5-0 en Namibie. En ce moment-l\u00e0, on a compris qu\u2019on allait faire quelque chose, qu\u2019on allait marquer l\u2019histoire de notre pays \u00bb. Avant de revenir sur la d\u00e9faite en finale de la CAN 2002. \u00ab Cette fameuse finale qui nous glisse entre nos mains alors qu\u2019on la m\u00e9ritait. Sur la globalit\u00e9 du match, on \u00e9tait meilleurs mais on avait face \u00e0 nous une \u00e9quipe exp\u00e9riment\u00e9e et pleine de talents, comme la n\u00f4tre \u00e0 l\u2019image de Tony (Silva). C\u2019est vrai qu\u2019on n\u2019a pas remport\u00e9 le troph\u00e9e mais l\u2019aventure humaine a \u00e9t\u00e9 hors norme et exceptionnelle. Quand je vois encore ces images, je me dis que j\u2019aimerais vivre encore une fois un moment avec Bruno (Metsu). M\u00eame apr\u00e8s la d\u00e9faite, il a toujours eu cette \u00e9motion dans nos regards. \u00bb \u00c0 30 ans et au bout de 45 s\u00e9lections, Habib B\u00e8ye d\u00e9cidait de prendre sa retraite internationale. Pourquoi sit\u00f4t ? Il explique. \u00ab&nbsp;Je pense qu\u2019on avait fait le tour et que ce qu\u2019on avait v\u00e9cu au Ghana (lors de la CAN 2008), que je consid\u00e8re comme une humiliation, m\u2019a fait dire qu\u2019on avait fait notre temps et qu\u2019il fallait laisser la place \u00e0 une autre g\u00e9n\u00e9ration. C\u2019\u00e9tait peut-\u00eatre un peu pr\u00e9matur\u00e9 parce que quand je suis arriv\u00e9 \u00e0 Newcastle et que je fais une grosse saison, le S\u00e9n\u00e9gal m\u2019a demand\u00e9 de revenir en s\u00e9lection, mais en ce moment-l\u00e0, notre g\u00e9n\u00e9ration \u00e9tait s\u00fbrement termin\u00e9e. \u00bb \u00ab Il fallait beaucoup d\u2019\u00e9nergie et surtout de volont\u00e9 de vouloir transmettre \u00e0 cette nouvelle g\u00e9n\u00e9ration. Il faut parfois savoir laisser la place. Je ne sais pas si cela a \u00e9t\u00e9 une bonne d\u00e9cision, mais c\u2019est la mienne, et \u00e0 chaque fois que je prends une d\u00e9cision, je l\u2019assume. Ce que j\u2019ai v\u00e9cu avec le S\u00e9n\u00e9gal pendant sept ans a \u00e9t\u00e9 exceptionnel. Vous savez, beaucoup de gens m\u2019ont dit que c\u2019est trop t\u00f4t quand j\u2019ai arr\u00eat\u00e9 ma carri\u00e8re professionnelle \u00e0 35 ans en 2012. Quand vous prenez une d\u00e9cision dans la vie, il faut l\u2019assumer. Aujourd\u2019hui, \u00e0 chaque fois que je reviens au S\u00e9n\u00e9gal, les gens me montrent la reconnaissance qu\u2019ils ont pour ce que j\u2019ai fait avec mon pays. C\u2019est la plus grande fiert\u00e9. \u00bb<\/p>\n","protected":false},"author":1,"featured_media":325,"comment_status":"open","ping_status":"open","sticky":false,"template":"","format":"standard","meta":{"_jetpack_memberships_contains_paid_content":false,"footnotes":""},"categories":[7],"tags":[146,68,145,49],"class_list":["post-324","post","type-post","status-publish","format-standard","has-post-thumbnail","hentry","category-sport","tag-bruno-metsu","tag-football","tag-habib-beye","tag-lions-du-senegal","entry","has-media","owp-thumbs-layout-horizontal","owp-btn-normal","owp-tabs-layout-horizontal","has-no-thumbnails","has-product-nav"],"yoast_head":"<!-- This site is optimized with the Yoast SEO plugin v25.5 - https:\/\/yoast.com\/wordpress\/plugins\/seo\/ -->\n<title>Football : Les confidences de Habib B\u00e9ye sur ses premi\u00e8res s\u00e9lections en \u00e9quipe nationale. - LE PUBLIC<\/title>\n<meta name=\"robots\" content=\"index, follow, max-snippet:-1, max-image-preview:large, max-video-preview:-1\" \/>\n<link rel=\"canonical\" href=\"https:\/\/www.public.sn\/index.php\/2022\/08\/21\/football-les-confidences-de-habib-beye-sur-les-premieres-selections-en-equipe-nationale\/\" \/>\n<meta property=\"og:locale\" content=\"fr_FR\" \/>\n<meta property=\"og:type\" content=\"article\" \/>\n<meta property=\"og:title\" content=\"Football : Les confidences de Habib B\u00e9ye sur ses premi\u00e8res s\u00e9lections en \u00e9quipe nationale. - LE PUBLIC\" \/>\n<meta property=\"og:description\" content=\"\u00ab Jouer pour le S\u00e9n\u00e9gal ? J\u2019ai h\u00e9sit\u00e9 mais c\u2019est le plus beau choix de vie que j\u2019ai fait \u00bb, avance Habib. Longtemps apr\u00e8s avoir pris sa retraite, Habib Beye est revenu sur son choix de porter les couleurs de l\u2019Equipe Nationale du S\u00e9n\u00e9gal alors qu\u2019il avait re\u00e7u \u00e0 l\u2019\u00e9poque une pr\u00e9s\u00e9lection en Equipe de France. Consid\u00e9r\u00e9 comme l\u2019un des hommes forts de la g\u00e9n\u00e9ration dor\u00e9e du football s\u00e9n\u00e9galais, celle qu\u2019on aime appeler \u00ab\u00a0G\u00e9n\u00e9ration-2002\u00a0\u00bb, l\u2019ancien lat\u00e9ral droit du Racing Club Strasbourg Alsace, de l\u2019Olympique de Marseille, de Newcastle United, d\u2019Aston Villa et de Doncaster Rovers aura marqu\u00e9 son temps avec l\u2019Equipe Nationale du S\u00e9n\u00e9gal. Pourtant, comme plusieurs footballeurs d\u2019origines s\u00e9n\u00e9galaises n\u00e9s en France, le d\u00e9sormais entra\u00eeneur du Red Star avait le choix de jouer avec les Bleus. \u00ab&nbsp;C\u2019est le plus beau choix de vie que j\u2019ai fait&nbsp;\u00bb Quinze ans apr\u00e8s avoir mis un terme \u00e0 une aventure de sept ans avec les Lions, Habib Fr\u00e9d\u00e9ric Beye revient encore longuement sur ce choix. Il s\u2019est confi\u00e9 dans \u00ab&nbsp;En Consultation&nbsp;\u00bb de Canal+.&nbsp;\u00ab J\u2019ai h\u00e9sit\u00e9 dans la r\u00e9flexion par rapport \u00e0 l\u2019identification que j\u2019avais sur mon pays. Je dois \u00eatre tr\u00e8s honn\u00eate. J\u2019ai entendu parler du S\u00e9n\u00e9gal que par ma famille, mon p\u00e8re, mes oncles et mes tantes. Pour moi, c\u2019\u00e9tait une d\u00e9cision un peu \u00e9ph\u00e9m\u00e8re et idyllique. Je n\u2019avais pas de repr\u00e9sentation r\u00e9elle de mon pays. Mais quand j\u2019y suis all\u00e9, cela a \u00e9t\u00e9 un choc \u00e9motionnel parce que j\u2019ai rencontr\u00e9 ma grand-m\u00e8re que je n\u2019avais jamais vue. Forc\u00e9ment, je ne pouvais pas \u00eatre insensible \u00e0 \u00e7a \u00bb, avance-t-il. \u00ab Le jour o\u00f9 Bruno Metsu m\u2019a contact\u00e9 pour la premi\u00e8re fois, j\u2019avais une pr\u00e9s\u00e9lection en Equipe de France, et comme je le dis tr\u00e8s souvent, je le r\u00e9p\u00e8te, je suis Franco-s\u00e9n\u00e9galais et je ne fais pas de diff\u00e9rence parce que cette richesse biculturelle et binationale est importante pour moi. Donc, forc\u00e9ment, j\u2019ai eu une r\u00e9flexion avec mon p\u00e8re, je lui ai demand\u00e9 quoi faire, et il m\u2019a r\u00e9pondu : \u00ab&nbsp;personne \u00e0 part toi ne peut choisir ce que tu ressens \u00e0 l\u2019int\u00e9rieur de toi&nbsp;\u00bb. En ce moment-l\u00e0, le seul choix que j\u2019ai fait \u00e9tait de me dire \u00ab&nbsp;j\u2019ai besoin de choisir le S\u00e9n\u00e9gal pour me rapprocher de mes racines et de vivre cette aventure pour enfin savoir quelles \u00e9taient mes racines&nbsp;\u00bb. Au fond, j\u2019ai eu cette identit\u00e9 \u00e0 partir du moment o\u00f9 j\u2019ai pos\u00e9 mes pieds au S\u00e9n\u00e9gal et surtout quand je suis all\u00e9 en s\u00e9lection. Aujourd\u2019hui, je me dis que c\u2019est le plus beau choix de vie que j\u2019ai fait. Ramenez-moi \u00e0 25-30 ans en arri\u00e8re\u2026 Heureusement, j\u2019ai fait ce choix-l\u00e0. \u00bb \u00ab&nbsp;Ce que j\u2019ai v\u00e9cu avec le S\u00e9n\u00e9gal pendant sept ans a \u00e9t\u00e9 exceptionnel&nbsp;\u00bb Avec l\u2019Equipe Nationale du S\u00e9n\u00e9gal, Habib B\u00e8ye a particip\u00e9 \u00e0 quatre phases finales de Coupe d\u2019Afrique des Nations et bien \u00e9videmment une Coupe du Monde, celle de 2002. Il revient notamment sur le plus beau moment qu\u2019il a eu \u00e0 vivre avec les Lions.&nbsp;\u00ab Le fait de vivre la Coupe du Monde avec le S\u00e9n\u00e9gal. Mais la qualification \u00e0 cette Coupe du Monde, lorsqu\u2019on a gagn\u00e9 5-0 en Namibie. En ce moment-l\u00e0, on a compris qu\u2019on allait faire quelque chose, qu\u2019on allait marquer l\u2019histoire de notre pays \u00bb. Avant de revenir sur la d\u00e9faite en finale de la CAN 2002. \u00ab Cette fameuse finale qui nous glisse entre nos mains alors qu\u2019on la m\u00e9ritait. Sur la globalit\u00e9 du match, on \u00e9tait meilleurs mais on avait face \u00e0 nous une \u00e9quipe exp\u00e9riment\u00e9e et pleine de talents, comme la n\u00f4tre \u00e0 l\u2019image de Tony (Silva). C\u2019est vrai qu\u2019on n\u2019a pas remport\u00e9 le troph\u00e9e mais l\u2019aventure humaine a \u00e9t\u00e9 hors norme et exceptionnelle. Quand je vois encore ces images, je me dis que j\u2019aimerais vivre encore une fois un moment avec Bruno (Metsu). M\u00eame apr\u00e8s la d\u00e9faite, il a toujours eu cette \u00e9motion dans nos regards. \u00bb \u00c0 30 ans et au bout de 45 s\u00e9lections, Habib B\u00e8ye d\u00e9cidait de prendre sa retraite internationale. Pourquoi sit\u00f4t ? Il explique. \u00ab&nbsp;Je pense qu\u2019on avait fait le tour et que ce qu\u2019on avait v\u00e9cu au Ghana (lors de la CAN 2008), que je consid\u00e8re comme une humiliation, m\u2019a fait dire qu\u2019on avait fait notre temps et qu\u2019il fallait laisser la place \u00e0 une autre g\u00e9n\u00e9ration. C\u2019\u00e9tait peut-\u00eatre un peu pr\u00e9matur\u00e9 parce que quand je suis arriv\u00e9 \u00e0 Newcastle et que je fais une grosse saison, le S\u00e9n\u00e9gal m\u2019a demand\u00e9 de revenir en s\u00e9lection, mais en ce moment-l\u00e0, notre g\u00e9n\u00e9ration \u00e9tait s\u00fbrement termin\u00e9e. \u00bb \u00ab Il fallait beaucoup d\u2019\u00e9nergie et surtout de volont\u00e9 de vouloir transmettre \u00e0 cette nouvelle g\u00e9n\u00e9ration. Il faut parfois savoir laisser la place. Je ne sais pas si cela a \u00e9t\u00e9 une bonne d\u00e9cision, mais c\u2019est la mienne, et \u00e0 chaque fois que je prends une d\u00e9cision, je l\u2019assume. Ce que j\u2019ai v\u00e9cu avec le S\u00e9n\u00e9gal pendant sept ans a \u00e9t\u00e9 exceptionnel. Vous savez, beaucoup de gens m\u2019ont dit que c\u2019est trop t\u00f4t quand j\u2019ai arr\u00eat\u00e9 ma carri\u00e8re professionnelle \u00e0 35 ans en 2012. Quand vous prenez une d\u00e9cision dans la vie, il faut l\u2019assumer. Aujourd\u2019hui, \u00e0 chaque fois que je reviens au S\u00e9n\u00e9gal, les gens me montrent la reconnaissance qu\u2019ils ont pour ce que j\u2019ai fait avec mon pays. C\u2019est la plus grande fiert\u00e9. \u00bb\" \/>\n<meta property=\"og:url\" content=\"https:\/\/www.public.sn\/index.php\/2022\/08\/21\/football-les-confidences-de-habib-beye-sur-les-premieres-selections-en-equipe-nationale\/\" \/>\n<meta property=\"og:site_name\" content=\"LE PUBLIC\" \/>\n<meta property=\"article:published_time\" content=\"2022-08-20T22:34:05+00:00\" \/>\n<meta property=\"article:modified_time\" content=\"2022-08-20T22:38:08+00:00\" \/>\n<meta property=\"og:image\" content=\"https:\/\/www.public.sn\/wp-content\/uploads\/2022\/08\/habibbeye.jpg.webp\" \/>\n\t<meta property=\"og:image:width\" content=\"1000\" \/>\n\t<meta property=\"og:image:height\" content=\"600\" \/>\n\t<meta property=\"og:image:type\" content=\"image\/webp\" \/>\n<meta name=\"author\" content=\"LA REDACTION\" \/>\n<meta name=\"twitter:card\" content=\"summary_large_image\" \/>\n<meta name=\"twitter:label1\" content=\"\u00c9crit par\" \/>\n\t<meta name=\"twitter:data1\" content=\"LA REDACTION\" \/>\n\t<meta name=\"twitter:label2\" content=\"Dur\u00e9e de lecture estim\u00e9e\" \/>\n\t<meta name=\"twitter:data2\" content=\"5 minutes\" \/>\n<script type=\"application\/ld+json\" class=\"yoast-schema-graph\">{\"@context\":\"https:\/\/schema.org\",\"@graph\":[{\"@type\":\"Article\",\"@id\":\"https:\/\/www.public.sn\/index.php\/2022\/08\/21\/football-les-confidences-de-habib-beye-sur-les-premieres-selections-en-equipe-nationale\/#article\",\"isPartOf\":{\"@id\":\"https:\/\/www.public.sn\/index.php\/2022\/08\/21\/football-les-confidences-de-habib-beye-sur-les-premieres-selections-en-equipe-nationale\/\"},\"author\":{\"name\":\"LA REDACTION\",\"@id\":\"https:\/\/www.public.sn\/#\/schema\/person\/e3f4a11b037d4203902db148f9bc8d5a\"},\"headline\":\"Football : Les confidences de Habib B\u00e9ye sur ses premi\u00e8res s\u00e9lections en \u00e9quipe nationale.\",\"datePublished\":\"2022-08-20T22:34:05+00:00\",\"dateModified\":\"2022-08-20T22:38:08+00:00\",\"mainEntityOfPage\":{\"@id\":\"https:\/\/www.public.sn\/index.php\/2022\/08\/21\/football-les-confidences-de-habib-beye-sur-les-premieres-selections-en-equipe-nationale\/\"},\"wordCount\":1039,\"commentCount\":0,\"publisher\":{\"@id\":\"https:\/\/www.public.sn\/#organization\"},\"image\":{\"@id\":\"https:\/\/www.public.sn\/index.php\/2022\/08\/21\/football-les-confidences-de-habib-beye-sur-les-premieres-selections-en-equipe-nationale\/#primaryimage\"},\"thumbnailUrl\":\"https:\/\/www.public.sn\/wp-content\/uploads\/2022\/08\/habibbeye.jpg.webp\",\"keywords\":[\"Bruno Metsu\",\"Football\",\"Habib B\u00e9ye\",\"Lions du S\u00e9n\u00e9gal\"],\"articleSection\":[\"SPORTS\"],\"inLanguage\":\"fr-FR\",\"potentialAction\":[{\"@type\":\"CommentAction\",\"name\":\"Comment\",\"target\":[\"https:\/\/www.public.sn\/index.php\/2022\/08\/21\/football-les-confidences-de-habib-beye-sur-les-premieres-selections-en-equipe-nationale\/#respond\"]}]},{\"@type\":\"WebPage\",\"@id\":\"https:\/\/www.public.sn\/index.php\/2022\/08\/21\/football-les-confidences-de-habib-beye-sur-les-premieres-selections-en-equipe-nationale\/\",\"url\":\"https:\/\/www.public.sn\/index.php\/2022\/08\/21\/football-les-confidences-de-habib-beye-sur-les-premieres-selections-en-equipe-nationale\/\",\"name\":\"Football : Les confidences de Habib B\u00e9ye sur ses premi\u00e8res s\u00e9lections en \u00e9quipe nationale. - LE PUBLIC\",\"isPartOf\":{\"@id\":\"https:\/\/www.public.sn\/#website\"},\"primaryImageOfPage\":{\"@id\":\"https:\/\/www.public.sn\/index.php\/2022\/08\/21\/football-les-confidences-de-habib-beye-sur-les-premieres-selections-en-equipe-nationale\/#primaryimage\"},\"image\":{\"@id\":\"https:\/\/www.public.sn\/index.php\/2022\/08\/21\/football-les-confidences-de-habib-beye-sur-les-premieres-selections-en-equipe-nationale\/#primaryimage\"},\"thumbnailUrl\":\"https:\/\/www.public.sn\/wp-content\/uploads\/2022\/08\/habibbeye.jpg.webp\",\"datePublished\":\"2022-08-20T22:34:05+00:00\",\"dateModified\":\"2022-08-20T22:38:08+00:00\",\"breadcrumb\":{\"@id\":\"https:\/\/www.public.sn\/index.php\/2022\/08\/21\/football-les-confidences-de-habib-beye-sur-les-premieres-selections-en-equipe-nationale\/#breadcrumb\"},\"inLanguage\":\"fr-FR\",\"potentialAction\":[{\"@type\":\"ReadAction\",\"target\":[\"https:\/\/www.public.sn\/index.php\/2022\/08\/21\/football-les-confidences-de-habib-beye-sur-les-premieres-selections-en-equipe-nationale\/\"]}]},{\"@type\":\"ImageObject\",\"inLanguage\":\"fr-FR\",\"@id\":\"https:\/\/www.public.sn\/index.php\/2022\/08\/21\/football-les-confidences-de-habib-beye-sur-les-premieres-selections-en-equipe-nationale\/#primaryimage\",\"url\":\"https:\/\/www.public.sn\/wp-content\/uploads\/2022\/08\/habibbeye.jpg.webp\",\"contentUrl\":\"https:\/\/www.public.sn\/wp-content\/uploads\/2022\/08\/habibbeye.jpg.webp\",\"width\":1000,\"height\":600},{\"@type\":\"BreadcrumbList\",\"@id\":\"https:\/\/www.public.sn\/index.php\/2022\/08\/21\/football-les-confidences-de-habib-beye-sur-les-premieres-selections-en-equipe-nationale\/#breadcrumb\",\"itemListElement\":[{\"@type\":\"ListItem\",\"position\":1,\"name\":\"Accueil\",\"item\":\"https:\/\/www.public.sn\/\"},{\"@type\":\"ListItem\",\"position\":2,\"name\":\"Football : Les confidences de Habib B\u00e9ye sur ses premi\u00e8res s\u00e9lections en \u00e9quipe nationale.\"}]},{\"@type\":\"WebSite\",\"@id\":\"https:\/\/www.public.sn\/#website\",\"url\":\"https:\/\/www.public.sn\/\",\"name\":\"LE PUBLIC\",\"description\":\"\",\"publisher\":{\"@id\":\"https:\/\/www.public.sn\/#organization\"},\"potentialAction\":[{\"@type\":\"SearchAction\",\"target\":{\"@type\":\"EntryPoint\",\"urlTemplate\":\"https:\/\/www.public.sn\/?s={search_term_string}\"},\"query-input\":{\"@type\":\"PropertyValueSpecification\",\"valueRequired\":true,\"valueName\":\"search_term_string\"}}],\"inLanguage\":\"fr-FR\"},{\"@type\":\"Organization\",\"@id\":\"https:\/\/www.public.sn\/#organization\",\"name\":\"LE PUBLIC\",\"url\":\"https:\/\/www.public.sn\/\",\"logo\":{\"@type\":\"ImageObject\",\"inLanguage\":\"fr-FR\",\"@id\":\"https:\/\/www.public.sn\/#\/schema\/logo\/image\/\",\"url\":\"https:\/\/www.public.sn\/wp-content\/uploads\/2024\/05\/cropped-LOGO-PUBLIC.SN_.png\",\"contentUrl\":\"https:\/\/www.public.sn\/wp-content\/uploads\/2024\/05\/cropped-LOGO-PUBLIC.SN_.png\",\"width\":682,\"height\":192,\"caption\":\"LE PUBLIC\"},\"image\":{\"@id\":\"https:\/\/www.public.sn\/#\/schema\/logo\/image\/\"}},{\"@type\":\"Person\",\"@id\":\"https:\/\/www.public.sn\/#\/schema\/person\/e3f4a11b037d4203902db148f9bc8d5a\",\"name\":\"LA REDACTION\",\"image\":{\"@type\":\"ImageObject\",\"inLanguage\":\"fr-FR\",\"@id\":\"https:\/\/www.public.sn\/#\/schema\/person\/image\/\",\"url\":\"https:\/\/secure.gravatar.com\/avatar\/d6c030db45db2883c075085c5d6c6258654a801a93766b49af0b82d4f454e2a5?s=96&d=mm&r=g\",\"contentUrl\":\"https:\/\/secure.gravatar.com\/avatar\/d6c030db45db2883c075085c5d6c6258654a801a93766b49af0b82d4f454e2a5?s=96&d=mm&r=g\",\"caption\":\"LA REDACTION\"},\"sameAs\":[\"http:\/\/www.public.sn\"],\"url\":\"https:\/\/www.public.sn\/index.php\/author\/admin7324\/\"}]}<\/script>\n<!-- \/ Yoast SEO plugin. -->","yoast_head_json":{"title":"Football : Les confidences de Habib B\u00e9ye sur ses premi\u00e8res s\u00e9lections en \u00e9quipe nationale. - LE PUBLIC","robots":{"index":"index","follow":"follow","max-snippet":"max-snippet:-1","max-image-preview":"max-image-preview:large","max-video-preview":"max-video-preview:-1"},"canonical":"https:\/\/www.public.sn\/index.php\/2022\/08\/21\/football-les-confidences-de-habib-beye-sur-les-premieres-selections-en-equipe-nationale\/","og_locale":"fr_FR","og_type":"article","og_title":"Football : Les confidences de Habib B\u00e9ye sur ses premi\u00e8res s\u00e9lections en \u00e9quipe nationale. - LE PUBLIC","og_description":"\u00ab Jouer pour le S\u00e9n\u00e9gal ? J\u2019ai h\u00e9sit\u00e9 mais c\u2019est le plus beau choix de vie que j\u2019ai fait \u00bb, avance Habib. Longtemps apr\u00e8s avoir pris sa retraite, Habib Beye est revenu sur son choix de porter les couleurs de l\u2019Equipe Nationale du S\u00e9n\u00e9gal alors qu\u2019il avait re\u00e7u \u00e0 l\u2019\u00e9poque une pr\u00e9s\u00e9lection en Equipe de France. Consid\u00e9r\u00e9 comme l\u2019un des hommes forts de la g\u00e9n\u00e9ration dor\u00e9e du football s\u00e9n\u00e9galais, celle qu\u2019on aime appeler \u00ab\u00a0G\u00e9n\u00e9ration-2002\u00a0\u00bb, l\u2019ancien lat\u00e9ral droit du Racing Club Strasbourg Alsace, de l\u2019Olympique de Marseille, de Newcastle United, d\u2019Aston Villa et de Doncaster Rovers aura marqu\u00e9 son temps avec l\u2019Equipe Nationale du S\u00e9n\u00e9gal. Pourtant, comme plusieurs footballeurs d\u2019origines s\u00e9n\u00e9galaises n\u00e9s en France, le d\u00e9sormais entra\u00eeneur du Red Star avait le choix de jouer avec les Bleus. \u00ab&nbsp;C\u2019est le plus beau choix de vie que j\u2019ai fait&nbsp;\u00bb Quinze ans apr\u00e8s avoir mis un terme \u00e0 une aventure de sept ans avec les Lions, Habib Fr\u00e9d\u00e9ric Beye revient encore longuement sur ce choix. Il s\u2019est confi\u00e9 dans \u00ab&nbsp;En Consultation&nbsp;\u00bb de Canal+.&nbsp;\u00ab J\u2019ai h\u00e9sit\u00e9 dans la r\u00e9flexion par rapport \u00e0 l\u2019identification que j\u2019avais sur mon pays. Je dois \u00eatre tr\u00e8s honn\u00eate. J\u2019ai entendu parler du S\u00e9n\u00e9gal que par ma famille, mon p\u00e8re, mes oncles et mes tantes. Pour moi, c\u2019\u00e9tait une d\u00e9cision un peu \u00e9ph\u00e9m\u00e8re et idyllique. Je n\u2019avais pas de repr\u00e9sentation r\u00e9elle de mon pays. Mais quand j\u2019y suis all\u00e9, cela a \u00e9t\u00e9 un choc \u00e9motionnel parce que j\u2019ai rencontr\u00e9 ma grand-m\u00e8re que je n\u2019avais jamais vue. Forc\u00e9ment, je ne pouvais pas \u00eatre insensible \u00e0 \u00e7a \u00bb, avance-t-il. \u00ab Le jour o\u00f9 Bruno Metsu m\u2019a contact\u00e9 pour la premi\u00e8re fois, j\u2019avais une pr\u00e9s\u00e9lection en Equipe de France, et comme je le dis tr\u00e8s souvent, je le r\u00e9p\u00e8te, je suis Franco-s\u00e9n\u00e9galais et je ne fais pas de diff\u00e9rence parce que cette richesse biculturelle et binationale est importante pour moi. Donc, forc\u00e9ment, j\u2019ai eu une r\u00e9flexion avec mon p\u00e8re, je lui ai demand\u00e9 quoi faire, et il m\u2019a r\u00e9pondu : \u00ab&nbsp;personne \u00e0 part toi ne peut choisir ce que tu ressens \u00e0 l\u2019int\u00e9rieur de toi&nbsp;\u00bb. En ce moment-l\u00e0, le seul choix que j\u2019ai fait \u00e9tait de me dire \u00ab&nbsp;j\u2019ai besoin de choisir le S\u00e9n\u00e9gal pour me rapprocher de mes racines et de vivre cette aventure pour enfin savoir quelles \u00e9taient mes racines&nbsp;\u00bb. Au fond, j\u2019ai eu cette identit\u00e9 \u00e0 partir du moment o\u00f9 j\u2019ai pos\u00e9 mes pieds au S\u00e9n\u00e9gal et surtout quand je suis all\u00e9 en s\u00e9lection. Aujourd\u2019hui, je me dis que c\u2019est le plus beau choix de vie que j\u2019ai fait. Ramenez-moi \u00e0 25-30 ans en arri\u00e8re\u2026 Heureusement, j\u2019ai fait ce choix-l\u00e0. \u00bb \u00ab&nbsp;Ce que j\u2019ai v\u00e9cu avec le S\u00e9n\u00e9gal pendant sept ans a \u00e9t\u00e9 exceptionnel&nbsp;\u00bb Avec l\u2019Equipe Nationale du S\u00e9n\u00e9gal, Habib B\u00e8ye a particip\u00e9 \u00e0 quatre phases finales de Coupe d\u2019Afrique des Nations et bien \u00e9videmment une Coupe du Monde, celle de 2002. Il revient notamment sur le plus beau moment qu\u2019il a eu \u00e0 vivre avec les Lions.&nbsp;\u00ab Le fait de vivre la Coupe du Monde avec le S\u00e9n\u00e9gal. Mais la qualification \u00e0 cette Coupe du Monde, lorsqu\u2019on a gagn\u00e9 5-0 en Namibie. En ce moment-l\u00e0, on a compris qu\u2019on allait faire quelque chose, qu\u2019on allait marquer l\u2019histoire de notre pays \u00bb. Avant de revenir sur la d\u00e9faite en finale de la CAN 2002. \u00ab Cette fameuse finale qui nous glisse entre nos mains alors qu\u2019on la m\u00e9ritait. Sur la globalit\u00e9 du match, on \u00e9tait meilleurs mais on avait face \u00e0 nous une \u00e9quipe exp\u00e9riment\u00e9e et pleine de talents, comme la n\u00f4tre \u00e0 l\u2019image de Tony (Silva). C\u2019est vrai qu\u2019on n\u2019a pas remport\u00e9 le troph\u00e9e mais l\u2019aventure humaine a \u00e9t\u00e9 hors norme et exceptionnelle. Quand je vois encore ces images, je me dis que j\u2019aimerais vivre encore une fois un moment avec Bruno (Metsu). M\u00eame apr\u00e8s la d\u00e9faite, il a toujours eu cette \u00e9motion dans nos regards. \u00bb \u00c0 30 ans et au bout de 45 s\u00e9lections, Habib B\u00e8ye d\u00e9cidait de prendre sa retraite internationale. Pourquoi sit\u00f4t ? Il explique. \u00ab&nbsp;Je pense qu\u2019on avait fait le tour et que ce qu\u2019on avait v\u00e9cu au Ghana (lors de la CAN 2008), que je consid\u00e8re comme une humiliation, m\u2019a fait dire qu\u2019on avait fait notre temps et qu\u2019il fallait laisser la place \u00e0 une autre g\u00e9n\u00e9ration. C\u2019\u00e9tait peut-\u00eatre un peu pr\u00e9matur\u00e9 parce que quand je suis arriv\u00e9 \u00e0 Newcastle et que je fais une grosse saison, le S\u00e9n\u00e9gal m\u2019a demand\u00e9 de revenir en s\u00e9lection, mais en ce moment-l\u00e0, notre g\u00e9n\u00e9ration \u00e9tait s\u00fbrement termin\u00e9e. \u00bb \u00ab Il fallait beaucoup d\u2019\u00e9nergie et surtout de volont\u00e9 de vouloir transmettre \u00e0 cette nouvelle g\u00e9n\u00e9ration. Il faut parfois savoir laisser la place. Je ne sais pas si cela a \u00e9t\u00e9 une bonne d\u00e9cision, mais c\u2019est la mienne, et \u00e0 chaque fois que je prends une d\u00e9cision, je l\u2019assume. Ce que j\u2019ai v\u00e9cu avec le S\u00e9n\u00e9gal pendant sept ans a \u00e9t\u00e9 exceptionnel. Vous savez, beaucoup de gens m\u2019ont dit que c\u2019est trop t\u00f4t quand j\u2019ai arr\u00eat\u00e9 ma carri\u00e8re professionnelle \u00e0 35 ans en 2012. Quand vous prenez une d\u00e9cision dans la vie, il faut l\u2019assumer. Aujourd\u2019hui, \u00e0 chaque fois que je reviens au S\u00e9n\u00e9gal, les gens me montrent la reconnaissance qu\u2019ils ont pour ce que j\u2019ai fait avec mon pays. C\u2019est la plus grande fiert\u00e9. \u00bb","og_url":"https:\/\/www.public.sn\/index.php\/2022\/08\/21\/football-les-confidences-de-habib-beye-sur-les-premieres-selections-en-equipe-nationale\/","og_site_name":"LE PUBLIC","article_published_time":"2022-08-20T22:34:05+00:00","article_modified_time":"2022-08-20T22:38:08+00:00","og_image":[{"width":1000,"height":600,"url":"https:\/\/www.public.sn\/wp-content\/uploads\/2022\/08\/habibbeye.jpg.webp","type":"image\/webp"}],"author":"LA REDACTION","twitter_card":"summary_large_image","twitter_misc":{"\u00c9crit par":"LA REDACTION","Dur\u00e9e de lecture estim\u00e9e":"5 minutes"},"schema":{"@context":"https:\/\/schema.org","@graph":[{"@type":"Article","@id":"https:\/\/www.public.sn\/index.php\/2022\/08\/21\/football-les-confidences-de-habib-beye-sur-les-premieres-selections-en-equipe-nationale\/#article","isPartOf":{"@id":"https:\/\/www.public.sn\/index.php\/2022\/08\/21\/football-les-confidences-de-habib-beye-sur-les-premieres-selections-en-equipe-nationale\/"},"author":{"name":"LA REDACTION","@id":"https:\/\/www.public.sn\/#\/schema\/person\/e3f4a11b037d4203902db148f9bc8d5a"},"headline":"Football : Les confidences de Habib B\u00e9ye sur ses premi\u00e8res s\u00e9lections en \u00e9quipe nationale.","datePublished":"2022-08-20T22:34:05+00:00","dateModified":"2022-08-20T22:38:08+00:00","mainEntityOfPage":{"@id":"https:\/\/www.public.sn\/index.php\/2022\/08\/21\/football-les-confidences-de-habib-beye-sur-les-premieres-selections-en-equipe-nationale\/"},"wordCount":1039,"commentCount":0,"publisher":{"@id":"https:\/\/www.public.sn\/#organization"},"image":{"@id":"https:\/\/www.public.sn\/index.php\/2022\/08\/21\/football-les-confidences-de-habib-beye-sur-les-premieres-selections-en-equipe-nationale\/#primaryimage"},"thumbnailUrl":"https:\/\/www.public.sn\/wp-content\/uploads\/2022\/08\/habibbeye.jpg.webp","keywords":["Bruno Metsu","Football","Habib B\u00e9ye","Lions du S\u00e9n\u00e9gal"],"articleSection":["SPORTS"],"inLanguage":"fr-FR","potentialAction":[{"@type":"CommentAction","name":"Comment","target":["https:\/\/www.public.sn\/index.php\/2022\/08\/21\/football-les-confidences-de-habib-beye-sur-les-premieres-selections-en-equipe-nationale\/#respond"]}]},{"@type":"WebPage","@id":"https:\/\/www.public.sn\/index.php\/2022\/08\/21\/football-les-confidences-de-habib-beye-sur-les-premieres-selections-en-equipe-nationale\/","url":"https:\/\/www.public.sn\/index.php\/2022\/08\/21\/football-les-confidences-de-habib-beye-sur-les-premieres-selections-en-equipe-nationale\/","name":"Football : Les confidences de Habib B\u00e9ye sur ses premi\u00e8res s\u00e9lections en \u00e9quipe nationale. - LE PUBLIC","isPartOf":{"@id":"https:\/\/www.public.sn\/#website"},"primaryImageOfPage":{"@id":"https:\/\/www.public.sn\/index.php\/2022\/08\/21\/football-les-confidences-de-habib-beye-sur-les-premieres-selections-en-equipe-nationale\/#primaryimage"},"image":{"@id":"https:\/\/www.public.sn\/index.php\/2022\/08\/21\/football-les-confidences-de-habib-beye-sur-les-premieres-selections-en-equipe-nationale\/#primaryimage"},"thumbnailUrl":"https:\/\/www.public.sn\/wp-content\/uploads\/2022\/08\/habibbeye.jpg.webp","datePublished":"2022-08-20T22:34:05+00:00","dateModified":"2022-08-20T22:38:08+00:00","breadcrumb":{"@id":"https:\/\/www.public.sn\/index.php\/2022\/08\/21\/football-les-confidences-de-habib-beye-sur-les-premieres-selections-en-equipe-nationale\/#breadcrumb"},"inLanguage":"fr-FR","potentialAction":[{"@type":"ReadAction","target":["https:\/\/www.public.sn\/index.php\/2022\/08\/21\/football-les-confidences-de-habib-beye-sur-les-premieres-selections-en-equipe-nationale\/"]}]},{"@type":"ImageObject","inLanguage":"fr-FR","@id":"https:\/\/www.public.sn\/index.php\/2022\/08\/21\/football-les-confidences-de-habib-beye-sur-les-premieres-selections-en-equipe-nationale\/#primaryimage","url":"https:\/\/www.public.sn\/wp-content\/uploads\/2022\/08\/habibbeye.jpg.webp","contentUrl":"https:\/\/www.public.sn\/wp-content\/uploads\/2022\/08\/habibbeye.jpg.webp","width":1000,"height":600},{"@type":"BreadcrumbList","@id":"https:\/\/www.public.sn\/index.php\/2022\/08\/21\/football-les-confidences-de-habib-beye-sur-les-premieres-selections-en-equipe-nationale\/#breadcrumb","itemListElement":[{"@type":"ListItem","position":1,"name":"Accueil","item":"https:\/\/www.public.sn\/"},{"@type":"ListItem","position":2,"name":"Football : Les confidences de Habib B\u00e9ye sur ses premi\u00e8res s\u00e9lections en \u00e9quipe nationale."}]},{"@type":"WebSite","@id":"https:\/\/www.public.sn\/#website","url":"https:\/\/www.public.sn\/","name":"LE PUBLIC","description":"","publisher":{"@id":"https:\/\/www.public.sn\/#organization"},"potentialAction":[{"@type":"SearchAction","target":{"@type":"EntryPoint","urlTemplate":"https:\/\/www.public.sn\/?s={search_term_string}"},"query-input":{"@type":"PropertyValueSpecification","valueRequired":true,"valueName":"search_term_string"}}],"inLanguage":"fr-FR"},{"@type":"Organization","@id":"https:\/\/www.public.sn\/#organization","name":"LE PUBLIC","url":"https:\/\/www.public.sn\/","logo":{"@type":"ImageObject","inLanguage":"fr-FR","@id":"https:\/\/www.public.sn\/#\/schema\/logo\/image\/","url":"https:\/\/www.public.sn\/wp-content\/uploads\/2024\/05\/cropped-LOGO-PUBLIC.SN_.png","contentUrl":"https:\/\/www.public.sn\/wp-content\/uploads\/2024\/05\/cropped-LOGO-PUBLIC.SN_.png","width":682,"height":192,"caption":"LE PUBLIC"},"image":{"@id":"https:\/\/www.public.sn\/#\/schema\/logo\/image\/"}},{"@type":"Person","@id":"https:\/\/www.public.sn\/#\/schema\/person\/e3f4a11b037d4203902db148f9bc8d5a","name":"LA REDACTION","image":{"@type":"ImageObject","inLanguage":"fr-FR","@id":"https:\/\/www.public.sn\/#\/schema\/person\/image\/","url":"https:\/\/secure.gravatar.com\/avatar\/d6c030db45db2883c075085c5d6c6258654a801a93766b49af0b82d4f454e2a5?s=96&d=mm&r=g","contentUrl":"https:\/\/secure.gravatar.com\/avatar\/d6c030db45db2883c075085c5d6c6258654a801a93766b49af0b82d4f454e2a5?s=96&d=mm&r=g","caption":"LA REDACTION"},"sameAs":["http:\/\/www.public.sn"],"url":"https:\/\/www.public.sn\/index.php\/author\/admin7324\/"}]}},"jetpack_featured_media_url":"https:\/\/www.public.sn\/wp-content\/uploads\/2022\/08\/habibbeye.jpg.webp","jetpack_sharing_enabled":true,"_links":{"self":[{"href":"https:\/\/www.public.sn\/index.php\/wp-json\/wp\/v2\/posts\/324","targetHints":{"allow":["GET"]}}],"collection":[{"href":"https:\/\/www.public.sn\/index.php\/wp-json\/wp\/v2\/posts"}],"about":[{"href":"https:\/\/www.public.sn\/index.php\/wp-json\/wp\/v2\/types\/post"}],"author":[{"embeddable":true,"href":"https:\/\/www.public.sn\/index.php\/wp-json\/wp\/v2\/users\/1"}],"replies":[{"embeddable":true,"href":"https:\/\/www.public.sn\/index.php\/wp-json\/wp\/v2\/comments?post=324"}],"version-history":[{"count":3,"href":"https:\/\/www.public.sn\/index.php\/wp-json\/wp\/v2\/posts\/324\/revisions"}],"predecessor-version":[{"id":329,"href":"https:\/\/www.public.sn\/index.php\/wp-json\/wp\/v2\/posts\/324\/revisions\/329"}],"wp:featuredmedia":[{"embeddable":true,"href":"https:\/\/www.public.sn\/index.php\/wp-json\/wp\/v2\/media\/325"}],"wp:attachment":[{"href":"https:\/\/www.public.sn\/index.php\/wp-json\/wp\/v2\/media?parent=324"}],"wp:term":[{"taxonomy":"category","embeddable":true,"href":"https:\/\/www.public.sn\/index.php\/wp-json\/wp\/v2\/categories?post=324"},{"taxonomy":"post_tag","embeddable":true,"href":"https:\/\/www.public.sn\/index.php\/wp-json\/wp\/v2\/tags?post=324"}],"curies":[{"name":"wp","href":"https:\/\/api.w.org\/{rel}","templated":true}]}}